{"id":3453,"date":"2020-12-11T05:06:25","date_gmt":"2020-12-11T04:06:25","guid":{"rendered":"https:\/\/radioleinewelle.de\/?p=3453"},"modified":"2020-12-11T05:06:25","modified_gmt":"2020-12-11T04:06:25","slug":"damit-der-goslarer-einzelhandel-morgen-noch-genauso-schoen-ist-wie-heute","status":"publish","type":"post","link":"https:\/\/radioleinewelle.de\/index.php\/2020\/12\/11\/damit-der-goslarer-einzelhandel-morgen-noch-genauso-schoen-ist-wie-heute\/","title":{"rendered":"Damit der Goslarer Einzelhandel morgen noch genauso sch\u00f6n ist wie heute!"},"content":{"rendered":"<p>Die Stadt Goslar, die Stadtverwaltung, der Rat der Stadt und insbesondere die Wirtschaftsf\u00f6rderung und die GOSLAR marketing gmbh haben jetzt zum Jahresende noch einmal ihre Bem\u00fchungen zur Unterst\u00fctzung des Einzelhandels verst\u00e4rkt. Neben den ohnehin fortlaufenden Aktivit\u00e4ten seit M\u00e4rz, wie Imagevideos oder die Bereitstellung der Plattform <a href=\"http:\/\/lokal-kaufen.goslar.de\/\">lokal-kaufen.goslar.de<\/a>, wurde mit zus\u00e4tzlichen finanziellen Mitteln die Stadt weihnachtlich geschm\u00fcckt. Nun starten die Beteiligten eine weitere Aktion in der Vorweihnachtszeit mit kostenfreiem Parken, Busfahren und einer Geschenke-Zwischenlagerstation.<\/p>\n<p>Bereits zum n\u00e4chsten Adventssamstag erm\u00f6glicht die Stadt allen Goslarerinnen und Goslarern kostenfreies Parken auf den st\u00e4dtischen Parkfl\u00e4chen der Innenstadt. Dieses Angebot wird f\u00fcr den vierten Adventssamstag (19. Dezember) sowie vom 21. \u2013 24. Dezember ausgeweitet. Zus\u00e4tzlich kann an den genannten Tagen auch der Stadtbus kostenfrei genutzt werden. Wer bei seiner Shoppingtour keine Lust auf das Tragen schwerer Einkaufst\u00fcten hat, kann seine Eink\u00e4ufe in dem platzierten Stadtbus auf dem Jakobikirchhof zur Aufbewahrung abgeben und nach dem Bummel wieder abholen.<\/p>\n<p>Das Goslarer Stadtbild wird normalerweise durch bummelnde Touristen und vielseitige Veranstaltungen gepr\u00e4gt. Der lokale Einzelhandel, mit seinen regionalen Spezialit\u00e4ten, kleinen L\u00e4den an der Stra\u00dfenecke und Menschen, die von ganzem Herzen ihre Produkte und Dienstleistungen verkaufen, machen den Charme unserer Stadt aus. Grandiose Beratung, gesch\u00e4tzte Fachkenntnis und glanzvolles Ambiente machen den Goslarer Einzelhandel so einzigartig!<\/p>\n<p>Verschaffen Sie sich einen \u00dcberblick \u00fcber die Angebote der lokalen H\u00e4ndler auf der neuen Webseite <a href=\"http:\/\/lokal-kaufen.goslar.de\/\">lokal-kaufen.goslar.de<\/a> und nutzen die M\u00f6glichkeit vor Ort, online oder telefonisch einzukaufen.<\/p>\n<p>Eine weitere M\u00f6glichkeit, den lokalen Einzelhandel ganz bequem zu unterst\u00fctzen, ist das Verschenken eines Goslar Einkaufsgutscheins, der bei \u00fcber 80 Partnern in Goslar einl\u00f6sbar ist und sich auch perfekt als Weihnachtsgeschenk an die Liebsten eignet. Erh\u00e4ltlich ist der Gutschein als 10 EUR und 25 EUR Variante sowie als Arbeitgebergutschein im Wert von 44 EUR.<\/p>\n<p>Nach einem erfolgreichen Einkaufsbummel durch Goslar gibt es sogar noch etwas zu gewinnen! Einfach ein Goslar-Shopping-Bild auf Facebook oder Instagram mit dem #goslarkauftlokal posten, sein Lieblingsgesch\u00e4ft und #meingoslar markieren und einen Goslar Einkaufsgutschein im Wert von 10 EUR gewinnen. Das Gewinnspiel endet am 24. Dezember.<\/p>\n<p>Foto:Stadt Goslar Marketing GmbH<\/p>\n<p>&nbsp;<\/p>\n<p>&nbsp;<\/p>\n","protected":false},"excerpt":{"rendered":"<p>Die Stadt Goslar, die Stadtverwaltung, der Rat der Stadt und insbesondere die Wirtschaftsf\u00f6rderung und die GOSLAR marketing gmbh haben jetzt zum Jahresende noch einmal ihre Bem\u00fchungen zur Unterst\u00fctzung des Einzelhandels verst\u00e4rkt. Neben den ohnehin fortlaufenden Aktivit\u00e4ten seit M\u00e4rz, wie Imagevideos oder die Bereitstellung der Plattform lokal-kaufen.goslar.de, wurde mit zus\u00e4tzlichen finanziellen Mitteln die Stadt weihnachtlich geschm\u00fcckt. [&hellip;]<\/p>\n","protected":false},"author":1,"featured_media":0,"comment_status":"closed","ping_status":"closed","sticky":false,"template":"","format":"standard","meta":{"saved_in_kubio":false,"footnotes":""},"categories":[38],"tags":[],"class_list":["post-3453","post","type-post","status-publish","format-standard","hentry","category-wirtschaft"],"yoast_head":"<!-- This site is optimized with the Yoast SEO plugin v27.5 - https:\/\/yoast.com\/product\/yoast-seo-wordpress\/ -->\n<title>Damit der Goslarer Einzelhandel morgen noch genauso sch\u00f6n ist wie heute! - Radio Leinewelle<\/title>\n<meta name=\"robots\" content=\"index, follow, max-snippet:-1, max-image-preview:large, max-video-preview:-1\" \/>\n<link rel=\"canonical\" href=\"https:\/\/radioleinewelle.de\/index.php\/2020\/12\/11\/damit-der-goslarer-einzelhandel-morgen-noch-genauso-schoen-ist-wie-heute\/\" \/>\n<meta property=\"og:locale\" content=\"de_DE\" \/>\n<meta property=\"og:type\" content=\"article\" \/>\n<meta property=\"og:title\" content=\"Damit der Goslarer Einzelhandel morgen noch genauso sch\u00f6n ist wie heute! - Radio Leinewelle\" \/>\n<meta property=\"og:description\" content=\"Die Stadt Goslar, die Stadtverwaltung, der Rat der Stadt und insbesondere die Wirtschaftsf\u00f6rderung und die GOSLAR marketing gmbh haben jetzt zum Jahresende noch einmal ihre Bem\u00fchungen zur Unterst\u00fctzung des Einzelhandels verst\u00e4rkt. Neben den ohnehin fortlaufenden Aktivit\u00e4ten seit M\u00e4rz, wie Imagevideos oder die Bereitstellung der Plattform lokal-kaufen.goslar.de, wurde mit zus\u00e4tzlichen finanziellen Mitteln die Stadt weihnachtlich geschm\u00fcckt. [&hellip;]\" \/>\n<meta property=\"og:url\" content=\"https:\/\/radioleinewelle.de\/index.php\/2020\/12\/11\/damit-der-goslarer-einzelhandel-morgen-noch-genauso-schoen-ist-wie-heute\/\" \/>\n<meta property=\"og:site_name\" content=\"Radio Leinewelle\" \/>\n<meta property=\"article:publisher\" content=\"https:\/\/www.facebook.com\/radioleinewelle\" \/>\n<meta property=\"article:author\" content=\"https:\/\/www.facebook.com\/radioleinewelle\" \/>\n<meta property=\"article:published_time\" content=\"2020-12-11T04:06:25+00:00\" \/>\n<meta name=\"author\" content=\"Leinewelle\" \/>\n<meta name=\"twitter:card\" content=\"summary_large_image\" \/>\n<meta name=\"twitter:creator\" content=\"@https:\/\/twitter.com\/RLeinewelle?ref_src=twsrcgoogletwcampserptwgrauthor\" \/>\n<meta name=\"twitter:site\" content=\"@RLeinewelle\" \/>\n<meta name=\"twitter:label1\" content=\"Verfasst von\" \/>\n\t<meta name=\"twitter:data1\" content=\"Leinewelle\" \/>\n\t<meta name=\"twitter:label2\" content=\"Gesch\u00e4tzte Lesezeit\" \/>\n\t<meta name=\"twitter:data2\" content=\"2\u00a0Minuten\" \/>\n<script type=\"application\/ld+json\" class=\"yoast-schema-graph\">{\"@context\":\"https:\\\/\\\/schema.org\",\"@graph\":[{\"@type\":\"Article\",\"@id\":\"https:\\\/\\\/radioleinewelle.de\\\/index.php\\\/2020\\\/12\\\/11\\\/damit-der-goslarer-einzelhandel-morgen-noch-genauso-schoen-ist-wie-heute\\\/#article\",\"isPartOf\":{\"@id\":\"https:\\\/\\\/radioleinewelle.de\\\/index.php\\\/2020\\\/12\\\/11\\\/damit-der-goslarer-einzelhandel-morgen-noch-genauso-schoen-ist-wie-heute\\\/\"},\"author\":{\"name\":\"Leinewelle\",\"@id\":\"https:\\\/\\\/radioleinewelle.de\\\/#\\\/schema\\\/person\\\/45606f348637df637192dc1b68399a63\"},\"headline\":\"Damit der Goslarer Einzelhandel morgen noch genauso sch\u00f6n ist wie heute!\",\"datePublished\":\"2020-12-11T04:06:25+00:00\",\"mainEntityOfPage\":{\"@id\":\"https:\\\/\\\/radioleinewelle.de\\\/index.php\\\/2020\\\/12\\\/11\\\/damit-der-goslarer-einzelhandel-morgen-noch-genauso-schoen-ist-wie-heute\\\/\"},\"wordCount\":370,\"publisher\":{\"@id\":\"https:\\\/\\\/radioleinewelle.de\\\/#organization\"},\"articleSection\":[\"Wirtschaft\"],\"inLanguage\":\"de\"},{\"@type\":\"WebPage\",\"@id\":\"https:\\\/\\\/radioleinewelle.de\\\/index.php\\\/2020\\\/12\\\/11\\\/damit-der-goslarer-einzelhandel-morgen-noch-genauso-schoen-ist-wie-heute\\\/\",\"url\":\"https:\\\/\\\/radioleinewelle.de\\\/index.php\\\/2020\\\/12\\\/11\\\/damit-der-goslarer-einzelhandel-morgen-noch-genauso-schoen-ist-wie-heute\\\/\",\"name\":\"Damit der Goslarer Einzelhandel morgen noch genauso sch\u00f6n ist wie heute! - Radio Leinewelle\",\"isPartOf\":{\"@id\":\"https:\\\/\\\/radioleinewelle.de\\\/#website\"},\"datePublished\":\"2020-12-11T04:06:25+00:00\",\"breadcrumb\":{\"@id\":\"https:\\\/\\\/radioleinewelle.de\\\/index.php\\\/2020\\\/12\\\/11\\\/damit-der-goslarer-einzelhandel-morgen-noch-genauso-schoen-ist-wie-heute\\\/#breadcrumb\"},\"inLanguage\":\"de\",\"potentialAction\":[{\"@type\":\"ReadAction\",\"target\":[\"https:\\\/\\\/radioleinewelle.de\\\/index.php\\\/2020\\\/12\\\/11\\\/damit-der-goslarer-einzelhandel-morgen-noch-genauso-schoen-ist-wie-heute\\\/\"]}]},{\"@type\":\"BreadcrumbList\",\"@id\":\"https:\\\/\\\/radioleinewelle.de\\\/index.php\\\/2020\\\/12\\\/11\\\/damit-der-goslarer-einzelhandel-morgen-noch-genauso-schoen-ist-wie-heute\\\/#breadcrumb\",\"itemListElement\":[{\"@type\":\"ListItem\",\"position\":1,\"name\":\"Startseite\",\"item\":\"https:\\\/\\\/radioleinewelle.de\\\/\"},{\"@type\":\"ListItem\",\"position\":2,\"name\":\"Damit der Goslarer Einzelhandel morgen noch genauso sch\u00f6n ist wie heute!\"}]},{\"@type\":\"WebSite\",\"@id\":\"https:\\\/\\\/radioleinewelle.de\\\/#website\",\"url\":\"https:\\\/\\\/radioleinewelle.de\\\/\",\"name\":\"Radio Leinewelle\",\"description\":\"\",\"publisher\":{\"@id\":\"https:\\\/\\\/radioleinewelle.de\\\/#organization\"},\"potentialAction\":[{\"@type\":\"SearchAction\",\"target\":{\"@type\":\"EntryPoint\",\"urlTemplate\":\"https:\\\/\\\/radioleinewelle.de\\\/?s={search_term_string}\"},\"query-input\":{\"@type\":\"PropertyValueSpecification\",\"valueRequired\":true,\"valueName\":\"search_term_string\"}}],\"inLanguage\":\"de\"},{\"@type\":\"Organization\",\"@id\":\"https:\\\/\\\/radioleinewelle.de\\\/#organization\",\"name\":\"Radio Leinewelle\",\"alternateName\":\"Mein Radio f\u00fcr S\u00fcdniedersachsen\",\"url\":\"https:\\\/\\\/radioleinewelle.de\\\/\",\"logo\":{\"@type\":\"ImageObject\",\"inLanguage\":\"de\",\"@id\":\"https:\\\/\\\/radioleinewelle.de\\\/#\\\/schema\\\/logo\\\/image\\\/\",\"url\":\"https:\\\/\\\/radioleinewelle.de\\\/wp-content\\\/uploads\\\/2023\\\/11\\\/cropped-Leinewelle_Logo_weiss.png\",\"contentUrl\":\"https:\\\/\\\/radioleinewelle.de\\\/wp-content\\\/uploads\\\/2023\\\/11\\\/cropped-Leinewelle_Logo_weiss.png\",\"width\":854,\"height\":260,\"caption\":\"Radio Leinewelle\"},\"image\":{\"@id\":\"https:\\\/\\\/radioleinewelle.de\\\/#\\\/schema\\\/logo\\\/image\\\/\"},\"sameAs\":[\"https:\\\/\\\/www.facebook.com\\\/radioleinewelle\",\"https:\\\/\\\/x.com\\\/RLeinewelle\",\"https:\\\/\\\/www.instagram.com\\\/radioleinewelle\\\/?hl=de\"]},{\"@type\":\"Person\",\"@id\":\"https:\\\/\\\/radioleinewelle.de\\\/#\\\/schema\\\/person\\\/45606f348637df637192dc1b68399a63\",\"name\":\"Leinewelle\",\"image\":{\"@type\":\"ImageObject\",\"inLanguage\":\"de\",\"@id\":\"https:\\\/\\\/secure.gravatar.com\\\/avatar\\\/05c9a17bc973052ee5d91549bd32fb4dd0dc85b7b85ae94b2e2b4943476bbea5?s=96&d=blank&r=g\",\"url\":\"https:\\\/\\\/secure.gravatar.com\\\/avatar\\\/05c9a17bc973052ee5d91549bd32fb4dd0dc85b7b85ae94b2e2b4943476bbea5?s=96&d=blank&r=g\",\"contentUrl\":\"https:\\\/\\\/secure.gravatar.com\\\/avatar\\\/05c9a17bc973052ee5d91549bd32fb4dd0dc85b7b85ae94b2e2b4943476bbea5?s=96&d=blank&r=g\",\"caption\":\"Leinewelle\"},\"sameAs\":[\"http:\\\/\\\/localhost\\\/radio%20leinewelle\\\/wordpress\",\"https:\\\/\\\/www.facebook.com\\\/radioleinewelle\",\"https:\\\/\\\/www.instagram.com\\\/radioleinewelle\",\"https:\\\/\\\/x.com\\\/https:\\\/\\\/twitter.com\\\/RLeinewelle?ref_src=twsrcgoogletwcampserptwgrauthor\",\"https:\\\/\\\/soundcloud.com\\\/foerderverein-lokalradio?utm_source=clipboard&utm_medium=text&utm_campaign=social_sharing\"],\"url\":\"https:\\\/\\\/radioleinewelle.de\\\/index.php\\\/author\\\/leinewelle\\\/\"}]}<\/script>\n<!-- \/ Yoast SEO plugin. -->","yoast_head_json":{"title":"Damit der Goslarer Einzelhandel morgen noch genauso sch\u00f6n ist wie heute! - Radio Leinewelle","robots":{"index":"index","follow":"follow","max-snippet":"max-snippet:-1","max-image-preview":"max-image-preview:large","max-video-preview":"max-video-preview:-1"},"canonical":"https:\/\/radioleinewelle.de\/index.php\/2020\/12\/11\/damit-der-goslarer-einzelhandel-morgen-noch-genauso-schoen-ist-wie-heute\/","og_locale":"de_DE","og_type":"article","og_title":"Damit der Goslarer Einzelhandel morgen noch genauso sch\u00f6n ist wie heute! - Radio Leinewelle","og_description":"Die Stadt Goslar, die Stadtverwaltung, der Rat der Stadt und insbesondere die Wirtschaftsf\u00f6rderung und die GOSLAR marketing gmbh haben jetzt zum Jahresende noch einmal ihre Bem\u00fchungen zur Unterst\u00fctzung des Einzelhandels verst\u00e4rkt. Neben den ohnehin fortlaufenden Aktivit\u00e4ten seit M\u00e4rz, wie Imagevideos oder die Bereitstellung der Plattform lokal-kaufen.goslar.de, wurde mit zus\u00e4tzlichen finanziellen Mitteln die Stadt weihnachtlich geschm\u00fcckt. [&hellip;]","og_url":"https:\/\/radioleinewelle.de\/index.php\/2020\/12\/11\/damit-der-goslarer-einzelhandel-morgen-noch-genauso-schoen-ist-wie-heute\/","og_site_name":"Radio Leinewelle","article_publisher":"https:\/\/www.facebook.com\/radioleinewelle","article_author":"https:\/\/www.facebook.com\/radioleinewelle","article_published_time":"2020-12-11T04:06:25+00:00","author":"Leinewelle","twitter_card":"summary_large_image","twitter_creator":"@https:\/\/twitter.com\/RLeinewelle?ref_src=twsrcgoogletwcampserptwgrauthor","twitter_site":"@RLeinewelle","twitter_misc":{"Verfasst von":"Leinewelle","Gesch\u00e4tzte Lesezeit":"2\u00a0Minuten"},"schema":{"@context":"https:\/\/schema.org","@graph":[{"@type":"Article","@id":"https:\/\/radioleinewelle.de\/index.php\/2020\/12\/11\/damit-der-goslarer-einzelhandel-morgen-noch-genauso-schoen-ist-wie-heute\/#article","isPartOf":{"@id":"https:\/\/radioleinewelle.de\/index.php\/2020\/12\/11\/damit-der-goslarer-einzelhandel-morgen-noch-genauso-schoen-ist-wie-heute\/"},"author":{"name":"Leinewelle","@id":"https:\/\/radioleinewelle.de\/#\/schema\/person\/45606f348637df637192dc1b68399a63"},"headline":"Damit der Goslarer Einzelhandel morgen noch genauso sch\u00f6n ist wie heute!","datePublished":"2020-12-11T04:06:25+00:00","mainEntityOfPage":{"@id":"https:\/\/radioleinewelle.de\/index.php\/2020\/12\/11\/damit-der-goslarer-einzelhandel-morgen-noch-genauso-schoen-ist-wie-heute\/"},"wordCount":370,"publisher":{"@id":"https:\/\/radioleinewelle.de\/#organization"},"articleSection":["Wirtschaft"],"inLanguage":"de"},{"@type":"WebPage","@id":"https:\/\/radioleinewelle.de\/index.php\/2020\/12\/11\/damit-der-goslarer-einzelhandel-morgen-noch-genauso-schoen-ist-wie-heute\/","url":"https:\/\/radioleinewelle.de\/index.php\/2020\/12\/11\/damit-der-goslarer-einzelhandel-morgen-noch-genauso-schoen-ist-wie-heute\/","name":"Damit der Goslarer Einzelhandel morgen noch genauso sch\u00f6n ist wie heute! - Radio Leinewelle","isPartOf":{"@id":"https:\/\/radioleinewelle.de\/#website"},"datePublished":"2020-12-11T04:06:25+00:00","breadcrumb":{"@id":"https:\/\/radioleinewelle.de\/index.php\/2020\/12\/11\/damit-der-goslarer-einzelhandel-morgen-noch-genauso-schoen-ist-wie-heute\/#breadcrumb"},"inLanguage":"de","potentialAction":[{"@type":"ReadAction","target":["https:\/\/radioleinewelle.de\/index.php\/2020\/12\/11\/damit-der-goslarer-einzelhandel-morgen-noch-genauso-schoen-ist-wie-heute\/"]}]},{"@type":"BreadcrumbList","@id":"https:\/\/radioleinewelle.de\/index.php\/2020\/12\/11\/damit-der-goslarer-einzelhandel-morgen-noch-genauso-schoen-ist-wie-heute\/#breadcrumb","itemListElement":[{"@type":"ListItem","position":1,"name":"Startseite","item":"https:\/\/radioleinewelle.de\/"},{"@type":"ListItem","position":2,"name":"Damit der Goslarer Einzelhandel morgen noch genauso sch\u00f6n ist wie heute!"}]},{"@type":"WebSite","@id":"https:\/\/radioleinewelle.de\/#website","url":"https:\/\/radioleinewelle.de\/","name":"Radio Leinewelle","description":"","publisher":{"@id":"https:\/\/radioleinewelle.de\/#organization"},"potentialAction":[{"@type":"SearchAction","target":{"@type":"EntryPoint","urlTemplate":"https:\/\/radioleinewelle.de\/?s={search_term_string}"},"query-input":{"@type":"PropertyValueSpecification","valueRequired":true,"valueName":"search_term_string"}}],"inLanguage":"de"},{"@type":"Organization","@id":"https:\/\/radioleinewelle.de\/#organization","name":"Radio Leinewelle","alternateName":"Mein Radio f\u00fcr S\u00fcdniedersachsen","url":"https:\/\/radioleinewelle.de\/","logo":{"@type":"ImageObject","inLanguage":"de","@id":"https:\/\/radioleinewelle.de\/#\/schema\/logo\/image\/","url":"https:\/\/radioleinewelle.de\/wp-content\/uploads\/2023\/11\/cropped-Leinewelle_Logo_weiss.png","contentUrl":"https:\/\/radioleinewelle.de\/wp-content\/uploads\/2023\/11\/cropped-Leinewelle_Logo_weiss.png","width":854,"height":260,"caption":"Radio Leinewelle"},"image":{"@id":"https:\/\/radioleinewelle.de\/#\/schema\/logo\/image\/"},"sameAs":["https:\/\/www.facebook.com\/radioleinewelle","https:\/\/x.com\/RLeinewelle","https:\/\/www.instagram.com\/radioleinewelle\/?hl=de"]},{"@type":"Person","@id":"https:\/\/radioleinewelle.de\/#\/schema\/person\/45606f348637df637192dc1b68399a63","name":"Leinewelle","image":{"@type":"ImageObject","inLanguage":"de","@id":"https:\/\/secure.gravatar.com\/avatar\/05c9a17bc973052ee5d91549bd32fb4dd0dc85b7b85ae94b2e2b4943476bbea5?s=96&d=blank&r=g","url":"https:\/\/secure.gravatar.com\/avatar\/05c9a17bc973052ee5d91549bd32fb4dd0dc85b7b85ae94b2e2b4943476bbea5?s=96&d=blank&r=g","contentUrl":"https:\/\/secure.gravatar.com\/avatar\/05c9a17bc973052ee5d91549bd32fb4dd0dc85b7b85ae94b2e2b4943476bbea5?s=96&d=blank&r=g","caption":"Leinewelle"},"sameAs":["http:\/\/localhost\/radio%20leinewelle\/wordpress","https:\/\/www.facebook.com\/radioleinewelle","https:\/\/www.instagram.com\/radioleinewelle","https:\/\/x.com\/https:\/\/twitter.com\/RLeinewelle?ref_src=twsrcgoogletwcampserptwgrauthor","https:\/\/soundcloud.com\/foerderverein-lokalradio?utm_source=clipboard&utm_medium=text&utm_campaign=social_sharing"],"url":"https:\/\/radioleinewelle.de\/index.php\/author\/leinewelle\/"}]}},"_links":{"self":[{"href":"https:\/\/radioleinewelle.de\/index.php\/wp-json\/wp\/v2\/posts\/3453","targetHints":{"allow":["GET"]}}],"collection":[{"href":"https:\/\/radioleinewelle.de\/index.php\/wp-json\/wp\/v2\/posts"}],"about":[{"href":"https:\/\/radioleinewelle.de\/index.php\/wp-json\/wp\/v2\/types\/post"}],"author":[{"embeddable":true,"href":"https:\/\/radioleinewelle.de\/index.php\/wp-json\/wp\/v2\/users\/1"}],"replies":[{"embeddable":true,"href":"https:\/\/radioleinewelle.de\/index.php\/wp-json\/wp\/v2\/comments?post=3453"}],"version-history":[{"count":0,"href":"https:\/\/radioleinewelle.de\/index.php\/wp-json\/wp\/v2\/posts\/3453\/revisions"}],"wp:attachment":[{"href":"https:\/\/radioleinewelle.de\/index.php\/wp-json\/wp\/v2\/media?parent=3453"}],"wp:term":[{"taxonomy":"category","embeddable":true,"href":"https:\/\/radioleinewelle.de\/index.php\/wp-json\/wp\/v2\/categories?post=3453"},{"taxonomy":"post_tag","embeddable":true,"href":"https:\/\/radioleinewelle.de\/index.php\/wp-json\/wp\/v2\/tags?post=3453"}],"curies":[{"name":"wp","href":"https:\/\/api.w.org\/{rel}","templated":true}]}}