{"id":3490,"date":"2020-12-13T05:40:49","date_gmt":"2020-12-13T04:40:49","guid":{"rendered":"https:\/\/radioleinewelle.de\/?p=3490"},"modified":"2020-12-13T05:40:49","modified_gmt":"2020-12-13T04:40:49","slug":"verteilung-von-kostenlosen-ffp2-masken-fruehestens-ab-15-dezember","status":"publish","type":"post","link":"https:\/\/radioleinewelle.de\/index.php\/2020\/12\/13\/verteilung-von-kostenlosen-ffp2-masken-fruehestens-ab-15-dezember\/","title":{"rendered":"Verteilung von kostenlosen FFP2-Masken f\u00fcr Risikogruppen fr\u00fchestens ab 15. Dezember"},"content":{"rendered":"<p>Apotheken verteilen fr\u00fchestens ab dem 15. Dezember an Risikopatienten jeweils 3 kostenlose Schutzmasken. Die Patienten haben bis zum 31. Dezember Zeit, sich die FFP2-Masken abzuholen. Allerdings muss die entsprechende Verordnung des Bundesgesundheitsministeriums erst noch in Kraft gesetzt sein.\u00a0\u201eLogistisch ist es eine Herkulesaufgabe, 27 Millionen Patienten noch bis Jahresende mit jeweils drei FFP2-Masken zu versorgen. Wir Apotheker geben unser Bestes und appellieren an unsere Patienten, etwas Geduld zu haben und nicht alle am ersten Tag die Apotheken zu st\u00fcrmen. Ich rufe au\u00dferdem jeden Patienten dazu auf, seine Stammapotheke aufzusuchen\u201c, sagt Friedemann Schmidt, Pr\u00e4sident der ABDA \u2013 Bundesvereinigung Deutscher Apothekerverb\u00e4nde. \u201eDie Apotheken k\u00f6nnen nur die Masken verteilen, die sie auf dem Markt beschaffen konnten. Das geht nicht alles an einem Tag.\u201c Risikopatienten sind Menschen ab 60 Jahren und Menschen mit bestimmten chronischen Erkrankungen.\u00a0Ab Januar sollen berechtigte Patienten in einer zweiten Phase mit weiteren Masken versorgt werden. Daf\u00fcr werden sie von ihrer Krankenversicherung f\u00e4lschungssichere Berechtigungsscheine f\u00fcr zweimal je sechs FFP2-Masken erhalten. Als Eigenanteil wird f\u00fcr jeweils 6 Masken eine Zuzahlung von jeweils zwei Euro vorgesehen. Insgesamt hat jeder Betroffene Anspruch auf 15 FFP2-Masken, also rechnerisch eine pro Woche bis zum Beginn des Fr\u00fchjahrs.<\/p>\n","protected":false},"excerpt":{"rendered":"<p>Apotheken verteilen fr\u00fchestens ab dem 15. Dezember an Risikopatienten jeweils 3 kostenlose Schutzmasken. Die Patienten haben bis zum 31. Dezember Zeit, sich die FFP2-Masken abzuholen. Allerdings muss die entsprechende Verordnung des Bundesgesundheitsministeriums erst noch in Kraft gesetzt sein.\u00a0\u201eLogistisch ist es eine Herkulesaufgabe, 27 Millionen Patienten noch bis Jahresende mit jeweils drei FFP2-Masken zu versorgen. Wir [&hellip;]<\/p>\n","protected":false},"author":1,"featured_media":3262,"comment_status":"closed","ping_status":"closed","sticky":false,"template":"","format":"standard","meta":{"saved_in_kubio":false,"footnotes":""},"categories":[23],"tags":[],"class_list":["post-3490","post","type-post","status-publish","format-standard","has-post-thumbnail","hentry","category-corona"],"yoast_head":"<!-- This site is optimized with the Yoast SEO plugin v27.5 - https:\/\/yoast.com\/product\/yoast-seo-wordpress\/ -->\n<title>Verteilung von kostenlosen FFP2-Masken f\u00fcr Risikogruppen fr\u00fchestens ab 15. Dezember - Radio Leinewelle<\/title>\n<meta name=\"robots\" content=\"index, follow, max-snippet:-1, max-image-preview:large, max-video-preview:-1\" \/>\n<link rel=\"canonical\" href=\"https:\/\/radioleinewelle.de\/index.php\/2020\/12\/13\/verteilung-von-kostenlosen-ffp2-masken-fruehestens-ab-15-dezember\/\" \/>\n<meta property=\"og:locale\" content=\"de_DE\" \/>\n<meta property=\"og:type\" content=\"article\" \/>\n<meta property=\"og:title\" content=\"Verteilung von kostenlosen FFP2-Masken f\u00fcr Risikogruppen fr\u00fchestens ab 15. Dezember - Radio Leinewelle\" \/>\n<meta property=\"og:description\" content=\"Apotheken verteilen fr\u00fchestens ab dem 15. Dezember an Risikopatienten jeweils 3 kostenlose Schutzmasken. Die Patienten haben bis zum 31. Dezember Zeit, sich die FFP2-Masken abzuholen. Allerdings muss die entsprechende Verordnung des Bundesgesundheitsministeriums erst noch in Kraft gesetzt sein.\u00a0\u201eLogistisch ist es eine Herkulesaufgabe, 27 Millionen Patienten noch bis Jahresende mit jeweils drei FFP2-Masken zu versorgen. Wir [&hellip;]\" \/>\n<meta property=\"og:url\" content=\"https:\/\/radioleinewelle.de\/index.php\/2020\/12\/13\/verteilung-von-kostenlosen-ffp2-masken-fruehestens-ab-15-dezember\/\" \/>\n<meta property=\"og:site_name\" content=\"Radio Leinewelle\" \/>\n<meta property=\"article:publisher\" content=\"https:\/\/www.facebook.com\/radioleinewelle\" \/>\n<meta property=\"article:author\" content=\"https:\/\/www.facebook.com\/radioleinewelle\" \/>\n<meta property=\"article:published_time\" content=\"2020-12-13T04:40:49+00:00\" \/>\n<meta property=\"og:image\" content=\"https:\/\/radioleinewelle.de\/wp-content\/uploads\/2020\/12\/corona-4970836_640.jpg\" \/>\n\t<meta property=\"og:image:width\" content=\"640\" \/>\n\t<meta property=\"og:image:height\" content=\"427\" \/>\n\t<meta property=\"og:image:type\" content=\"image\/jpeg\" \/>\n<meta name=\"author\" content=\"Leinewelle\" \/>\n<meta name=\"twitter:card\" content=\"summary_large_image\" \/>\n<meta name=\"twitter:creator\" content=\"@https:\/\/twitter.com\/RLeinewelle?ref_src=twsrcgoogletwcampserptwgrauthor\" \/>\n<meta name=\"twitter:site\" content=\"@RLeinewelle\" \/>\n<meta name=\"twitter:label1\" content=\"Verfasst von\" \/>\n\t<meta name=\"twitter:data1\" content=\"Leinewelle\" \/>\n\t<meta name=\"twitter:label2\" content=\"Gesch\u00e4tzte Lesezeit\" \/>\n\t<meta name=\"twitter:data2\" content=\"1\u00a0Minute\" \/>\n<script type=\"application\/ld+json\" class=\"yoast-schema-graph\">{\"@context\":\"https:\\\/\\\/schema.org\",\"@graph\":[{\"@type\":\"Article\",\"@id\":\"https:\\\/\\\/radioleinewelle.de\\\/index.php\\\/2020\\\/12\\\/13\\\/verteilung-von-kostenlosen-ffp2-masken-fruehestens-ab-15-dezember\\\/#article\",\"isPartOf\":{\"@id\":\"https:\\\/\\\/radioleinewelle.de\\\/index.php\\\/2020\\\/12\\\/13\\\/verteilung-von-kostenlosen-ffp2-masken-fruehestens-ab-15-dezember\\\/\"},\"author\":{\"name\":\"Leinewelle\",\"@id\":\"https:\\\/\\\/radioleinewelle.de\\\/#\\\/schema\\\/person\\\/45606f348637df637192dc1b68399a63\"},\"headline\":\"Verteilung von kostenlosen FFP2-Masken f\u00fcr Risikogruppen fr\u00fchestens ab 15. Dezember\",\"datePublished\":\"2020-12-13T04:40:49+00:00\",\"mainEntityOfPage\":{\"@id\":\"https:\\\/\\\/radioleinewelle.de\\\/index.php\\\/2020\\\/12\\\/13\\\/verteilung-von-kostenlosen-ffp2-masken-fruehestens-ab-15-dezember\\\/\"},\"wordCount\":211,\"publisher\":{\"@id\":\"https:\\\/\\\/radioleinewelle.de\\\/#organization\"},\"image\":{\"@id\":\"https:\\\/\\\/radioleinewelle.de\\\/index.php\\\/2020\\\/12\\\/13\\\/verteilung-von-kostenlosen-ffp2-masken-fruehestens-ab-15-dezember\\\/#primaryimage\"},\"thumbnailUrl\":\"https:\\\/\\\/radioleinewelle.de\\\/wp-content\\\/uploads\\\/2020\\\/12\\\/corona-4970836_640.jpg\",\"articleSection\":[\"Corona\"],\"inLanguage\":\"de\"},{\"@type\":\"WebPage\",\"@id\":\"https:\\\/\\\/radioleinewelle.de\\\/index.php\\\/2020\\\/12\\\/13\\\/verteilung-von-kostenlosen-ffp2-masken-fruehestens-ab-15-dezember\\\/\",\"url\":\"https:\\\/\\\/radioleinewelle.de\\\/index.php\\\/2020\\\/12\\\/13\\\/verteilung-von-kostenlosen-ffp2-masken-fruehestens-ab-15-dezember\\\/\",\"name\":\"Verteilung von kostenlosen FFP2-Masken f\u00fcr Risikogruppen fr\u00fchestens ab 15. Dezember - Radio Leinewelle\",\"isPartOf\":{\"@id\":\"https:\\\/\\\/radioleinewelle.de\\\/#website\"},\"primaryImageOfPage\":{\"@id\":\"https:\\\/\\\/radioleinewelle.de\\\/index.php\\\/2020\\\/12\\\/13\\\/verteilung-von-kostenlosen-ffp2-masken-fruehestens-ab-15-dezember\\\/#primaryimage\"},\"image\":{\"@id\":\"https:\\\/\\\/radioleinewelle.de\\\/index.php\\\/2020\\\/12\\\/13\\\/verteilung-von-kostenlosen-ffp2-masken-fruehestens-ab-15-dezember\\\/#primaryimage\"},\"thumbnailUrl\":\"https:\\\/\\\/radioleinewelle.de\\\/wp-content\\\/uploads\\\/2020\\\/12\\\/corona-4970836_640.jpg\",\"datePublished\":\"2020-12-13T04:40:49+00:00\",\"breadcrumb\":{\"@id\":\"https:\\\/\\\/radioleinewelle.de\\\/index.php\\\/2020\\\/12\\\/13\\\/verteilung-von-kostenlosen-ffp2-masken-fruehestens-ab-15-dezember\\\/#breadcrumb\"},\"inLanguage\":\"de\",\"potentialAction\":[{\"@type\":\"ReadAction\",\"target\":[\"https:\\\/\\\/radioleinewelle.de\\\/index.php\\\/2020\\\/12\\\/13\\\/verteilung-von-kostenlosen-ffp2-masken-fruehestens-ab-15-dezember\\\/\"]}]},{\"@type\":\"ImageObject\",\"inLanguage\":\"de\",\"@id\":\"https:\\\/\\\/radioleinewelle.de\\\/index.php\\\/2020\\\/12\\\/13\\\/verteilung-von-kostenlosen-ffp2-masken-fruehestens-ab-15-dezember\\\/#primaryimage\",\"url\":\"https:\\\/\\\/radioleinewelle.de\\\/wp-content\\\/uploads\\\/2020\\\/12\\\/corona-4970836_640.jpg\",\"contentUrl\":\"https:\\\/\\\/radioleinewelle.de\\\/wp-content\\\/uploads\\\/2020\\\/12\\\/corona-4970836_640.jpg\",\"width\":640,\"height\":427},{\"@type\":\"BreadcrumbList\",\"@id\":\"https:\\\/\\\/radioleinewelle.de\\\/index.php\\\/2020\\\/12\\\/13\\\/verteilung-von-kostenlosen-ffp2-masken-fruehestens-ab-15-dezember\\\/#breadcrumb\",\"itemListElement\":[{\"@type\":\"ListItem\",\"position\":1,\"name\":\"Startseite\",\"item\":\"https:\\\/\\\/radioleinewelle.de\\\/\"},{\"@type\":\"ListItem\",\"position\":2,\"name\":\"Verteilung von kostenlosen FFP2-Masken f\u00fcr Risikogruppen fr\u00fchestens ab 15. Dezember\"}]},{\"@type\":\"WebSite\",\"@id\":\"https:\\\/\\\/radioleinewelle.de\\\/#website\",\"url\":\"https:\\\/\\\/radioleinewelle.de\\\/\",\"name\":\"Radio Leinewelle\",\"description\":\"\",\"publisher\":{\"@id\":\"https:\\\/\\\/radioleinewelle.de\\\/#organization\"},\"potentialAction\":[{\"@type\":\"SearchAction\",\"target\":{\"@type\":\"EntryPoint\",\"urlTemplate\":\"https:\\\/\\\/radioleinewelle.de\\\/?s={search_term_string}\"},\"query-input\":{\"@type\":\"PropertyValueSpecification\",\"valueRequired\":true,\"valueName\":\"search_term_string\"}}],\"inLanguage\":\"de\"},{\"@type\":\"Organization\",\"@id\":\"https:\\\/\\\/radioleinewelle.de\\\/#organization\",\"name\":\"Radio Leinewelle\",\"alternateName\":\"Mein Radio f\u00fcr S\u00fcdniedersachsen\",\"url\":\"https:\\\/\\\/radioleinewelle.de\\\/\",\"logo\":{\"@type\":\"ImageObject\",\"inLanguage\":\"de\",\"@id\":\"https:\\\/\\\/radioleinewelle.de\\\/#\\\/schema\\\/logo\\\/image\\\/\",\"url\":\"https:\\\/\\\/radioleinewelle.de\\\/wp-content\\\/uploads\\\/2023\\\/11\\\/cropped-Leinewelle_Logo_weiss.png\",\"contentUrl\":\"https:\\\/\\\/radioleinewelle.de\\\/wp-content\\\/uploads\\\/2023\\\/11\\\/cropped-Leinewelle_Logo_weiss.png\",\"width\":854,\"height\":260,\"caption\":\"Radio Leinewelle\"},\"image\":{\"@id\":\"https:\\\/\\\/radioleinewelle.de\\\/#\\\/schema\\\/logo\\\/image\\\/\"},\"sameAs\":[\"https:\\\/\\\/www.facebook.com\\\/radioleinewelle\",\"https:\\\/\\\/x.com\\\/RLeinewelle\",\"https:\\\/\\\/www.instagram.com\\\/radioleinewelle\\\/?hl=de\"]},{\"@type\":\"Person\",\"@id\":\"https:\\\/\\\/radioleinewelle.de\\\/#\\\/schema\\\/person\\\/45606f348637df637192dc1b68399a63\",\"name\":\"Leinewelle\",\"image\":{\"@type\":\"ImageObject\",\"inLanguage\":\"de\",\"@id\":\"https:\\\/\\\/secure.gravatar.com\\\/avatar\\\/05c9a17bc973052ee5d91549bd32fb4dd0dc85b7b85ae94b2e2b4943476bbea5?s=96&d=blank&r=g\",\"url\":\"https:\\\/\\\/secure.gravatar.com\\\/avatar\\\/05c9a17bc973052ee5d91549bd32fb4dd0dc85b7b85ae94b2e2b4943476bbea5?s=96&d=blank&r=g\",\"contentUrl\":\"https:\\\/\\\/secure.gravatar.com\\\/avatar\\\/05c9a17bc973052ee5d91549bd32fb4dd0dc85b7b85ae94b2e2b4943476bbea5?s=96&d=blank&r=g\",\"caption\":\"Leinewelle\"},\"sameAs\":[\"http:\\\/\\\/localhost\\\/radio%20leinewelle\\\/wordpress\",\"https:\\\/\\\/www.facebook.com\\\/radioleinewelle\",\"https:\\\/\\\/www.instagram.com\\\/radioleinewelle\",\"https:\\\/\\\/x.com\\\/https:\\\/\\\/twitter.com\\\/RLeinewelle?ref_src=twsrcgoogletwcampserptwgrauthor\",\"https:\\\/\\\/soundcloud.com\\\/foerderverein-lokalradio?utm_source=clipboard&utm_medium=text&utm_campaign=social_sharing\"],\"url\":\"https:\\\/\\\/radioleinewelle.de\\\/index.php\\\/author\\\/leinewelle\\\/\"}]}<\/script>\n<!-- \/ Yoast SEO plugin. -->","yoast_head_json":{"title":"Verteilung von kostenlosen FFP2-Masken f\u00fcr Risikogruppen fr\u00fchestens ab 15. Dezember - Radio Leinewelle","robots":{"index":"index","follow":"follow","max-snippet":"max-snippet:-1","max-image-preview":"max-image-preview:large","max-video-preview":"max-video-preview:-1"},"canonical":"https:\/\/radioleinewelle.de\/index.php\/2020\/12\/13\/verteilung-von-kostenlosen-ffp2-masken-fruehestens-ab-15-dezember\/","og_locale":"de_DE","og_type":"article","og_title":"Verteilung von kostenlosen FFP2-Masken f\u00fcr Risikogruppen fr\u00fchestens ab 15. Dezember - Radio Leinewelle","og_description":"Apotheken verteilen fr\u00fchestens ab dem 15. Dezember an Risikopatienten jeweils 3 kostenlose Schutzmasken. Die Patienten haben bis zum 31. Dezember Zeit, sich die FFP2-Masken abzuholen. Allerdings muss die entsprechende Verordnung des Bundesgesundheitsministeriums erst noch in Kraft gesetzt sein.\u00a0\u201eLogistisch ist es eine Herkulesaufgabe, 27 Millionen Patienten noch bis Jahresende mit jeweils drei FFP2-Masken zu versorgen. Wir [&hellip;]","og_url":"https:\/\/radioleinewelle.de\/index.php\/2020\/12\/13\/verteilung-von-kostenlosen-ffp2-masken-fruehestens-ab-15-dezember\/","og_site_name":"Radio Leinewelle","article_publisher":"https:\/\/www.facebook.com\/radioleinewelle","article_author":"https:\/\/www.facebook.com\/radioleinewelle","article_published_time":"2020-12-13T04:40:49+00:00","og_image":[{"width":640,"height":427,"url":"https:\/\/radioleinewelle.de\/wp-content\/uploads\/2020\/12\/corona-4970836_640.jpg","type":"image\/jpeg"}],"author":"Leinewelle","twitter_card":"summary_large_image","twitter_creator":"@https:\/\/twitter.com\/RLeinewelle?ref_src=twsrcgoogletwcampserptwgrauthor","twitter_site":"@RLeinewelle","twitter_misc":{"Verfasst von":"Leinewelle","Gesch\u00e4tzte Lesezeit":"1\u00a0Minute"},"schema":{"@context":"https:\/\/schema.org","@graph":[{"@type":"Article","@id":"https:\/\/radioleinewelle.de\/index.php\/2020\/12\/13\/verteilung-von-kostenlosen-ffp2-masken-fruehestens-ab-15-dezember\/#article","isPartOf":{"@id":"https:\/\/radioleinewelle.de\/index.php\/2020\/12\/13\/verteilung-von-kostenlosen-ffp2-masken-fruehestens-ab-15-dezember\/"},"author":{"name":"Leinewelle","@id":"https:\/\/radioleinewelle.de\/#\/schema\/person\/45606f348637df637192dc1b68399a63"},"headline":"Verteilung von kostenlosen FFP2-Masken f\u00fcr Risikogruppen fr\u00fchestens ab 15. Dezember","datePublished":"2020-12-13T04:40:49+00:00","mainEntityOfPage":{"@id":"https:\/\/radioleinewelle.de\/index.php\/2020\/12\/13\/verteilung-von-kostenlosen-ffp2-masken-fruehestens-ab-15-dezember\/"},"wordCount":211,"publisher":{"@id":"https:\/\/radioleinewelle.de\/#organization"},"image":{"@id":"https:\/\/radioleinewelle.de\/index.php\/2020\/12\/13\/verteilung-von-kostenlosen-ffp2-masken-fruehestens-ab-15-dezember\/#primaryimage"},"thumbnailUrl":"https:\/\/radioleinewelle.de\/wp-content\/uploads\/2020\/12\/corona-4970836_640.jpg","articleSection":["Corona"],"inLanguage":"de"},{"@type":"WebPage","@id":"https:\/\/radioleinewelle.de\/index.php\/2020\/12\/13\/verteilung-von-kostenlosen-ffp2-masken-fruehestens-ab-15-dezember\/","url":"https:\/\/radioleinewelle.de\/index.php\/2020\/12\/13\/verteilung-von-kostenlosen-ffp2-masken-fruehestens-ab-15-dezember\/","name":"Verteilung von kostenlosen FFP2-Masken f\u00fcr Risikogruppen fr\u00fchestens ab 15. Dezember - Radio Leinewelle","isPartOf":{"@id":"https:\/\/radioleinewelle.de\/#website"},"primaryImageOfPage":{"@id":"https:\/\/radioleinewelle.de\/index.php\/2020\/12\/13\/verteilung-von-kostenlosen-ffp2-masken-fruehestens-ab-15-dezember\/#primaryimage"},"image":{"@id":"https:\/\/radioleinewelle.de\/index.php\/2020\/12\/13\/verteilung-von-kostenlosen-ffp2-masken-fruehestens-ab-15-dezember\/#primaryimage"},"thumbnailUrl":"https:\/\/radioleinewelle.de\/wp-content\/uploads\/2020\/12\/corona-4970836_640.jpg","datePublished":"2020-12-13T04:40:49+00:00","breadcrumb":{"@id":"https:\/\/radioleinewelle.de\/index.php\/2020\/12\/13\/verteilung-von-kostenlosen-ffp2-masken-fruehestens-ab-15-dezember\/#breadcrumb"},"inLanguage":"de","potentialAction":[{"@type":"ReadAction","target":["https:\/\/radioleinewelle.de\/index.php\/2020\/12\/13\/verteilung-von-kostenlosen-ffp2-masken-fruehestens-ab-15-dezember\/"]}]},{"@type":"ImageObject","inLanguage":"de","@id":"https:\/\/radioleinewelle.de\/index.php\/2020\/12\/13\/verteilung-von-kostenlosen-ffp2-masken-fruehestens-ab-15-dezember\/#primaryimage","url":"https:\/\/radioleinewelle.de\/wp-content\/uploads\/2020\/12\/corona-4970836_640.jpg","contentUrl":"https:\/\/radioleinewelle.de\/wp-content\/uploads\/2020\/12\/corona-4970836_640.jpg","width":640,"height":427},{"@type":"BreadcrumbList","@id":"https:\/\/radioleinewelle.de\/index.php\/2020\/12\/13\/verteilung-von-kostenlosen-ffp2-masken-fruehestens-ab-15-dezember\/#breadcrumb","itemListElement":[{"@type":"ListItem","position":1,"name":"Startseite","item":"https:\/\/radioleinewelle.de\/"},{"@type":"ListItem","position":2,"name":"Verteilung von kostenlosen FFP2-Masken f\u00fcr Risikogruppen fr\u00fchestens ab 15. Dezember"}]},{"@type":"WebSite","@id":"https:\/\/radioleinewelle.de\/#website","url":"https:\/\/radioleinewelle.de\/","name":"Radio Leinewelle","description":"","publisher":{"@id":"https:\/\/radioleinewelle.de\/#organization"},"potentialAction":[{"@type":"SearchAction","target":{"@type":"EntryPoint","urlTemplate":"https:\/\/radioleinewelle.de\/?s={search_term_string}"},"query-input":{"@type":"PropertyValueSpecification","valueRequired":true,"valueName":"search_term_string"}}],"inLanguage":"de"},{"@type":"Organization","@id":"https:\/\/radioleinewelle.de\/#organization","name":"Radio Leinewelle","alternateName":"Mein Radio f\u00fcr S\u00fcdniedersachsen","url":"https:\/\/radioleinewelle.de\/","logo":{"@type":"ImageObject","inLanguage":"de","@id":"https:\/\/radioleinewelle.de\/#\/schema\/logo\/image\/","url":"https:\/\/radioleinewelle.de\/wp-content\/uploads\/2023\/11\/cropped-Leinewelle_Logo_weiss.png","contentUrl":"https:\/\/radioleinewelle.de\/wp-content\/uploads\/2023\/11\/cropped-Leinewelle_Logo_weiss.png","width":854,"height":260,"caption":"Radio Leinewelle"},"image":{"@id":"https:\/\/radioleinewelle.de\/#\/schema\/logo\/image\/"},"sameAs":["https:\/\/www.facebook.com\/radioleinewelle","https:\/\/x.com\/RLeinewelle","https:\/\/www.instagram.com\/radioleinewelle\/?hl=de"]},{"@type":"Person","@id":"https:\/\/radioleinewelle.de\/#\/schema\/person\/45606f348637df637192dc1b68399a63","name":"Leinewelle","image":{"@type":"ImageObject","inLanguage":"de","@id":"https:\/\/secure.gravatar.com\/avatar\/05c9a17bc973052ee5d91549bd32fb4dd0dc85b7b85ae94b2e2b4943476bbea5?s=96&d=blank&r=g","url":"https:\/\/secure.gravatar.com\/avatar\/05c9a17bc973052ee5d91549bd32fb4dd0dc85b7b85ae94b2e2b4943476bbea5?s=96&d=blank&r=g","contentUrl":"https:\/\/secure.gravatar.com\/avatar\/05c9a17bc973052ee5d91549bd32fb4dd0dc85b7b85ae94b2e2b4943476bbea5?s=96&d=blank&r=g","caption":"Leinewelle"},"sameAs":["http:\/\/localhost\/radio%20leinewelle\/wordpress","https:\/\/www.facebook.com\/radioleinewelle","https:\/\/www.instagram.com\/radioleinewelle","https:\/\/x.com\/https:\/\/twitter.com\/RLeinewelle?ref_src=twsrcgoogletwcampserptwgrauthor","https:\/\/soundcloud.com\/foerderverein-lokalradio?utm_source=clipboard&utm_medium=text&utm_campaign=social_sharing"],"url":"https:\/\/radioleinewelle.de\/index.php\/author\/leinewelle\/"}]}},"_links":{"self":[{"href":"https:\/\/radioleinewelle.de\/index.php\/wp-json\/wp\/v2\/posts\/3490","targetHints":{"allow":["GET"]}}],"collection":[{"href":"https:\/\/radioleinewelle.de\/index.php\/wp-json\/wp\/v2\/posts"}],"about":[{"href":"https:\/\/radioleinewelle.de\/index.php\/wp-json\/wp\/v2\/types\/post"}],"author":[{"embeddable":true,"href":"https:\/\/radioleinewelle.de\/index.php\/wp-json\/wp\/v2\/users\/1"}],"replies":[{"embeddable":true,"href":"https:\/\/radioleinewelle.de\/index.php\/wp-json\/wp\/v2\/comments?post=3490"}],"version-history":[{"count":0,"href":"https:\/\/radioleinewelle.de\/index.php\/wp-json\/wp\/v2\/posts\/3490\/revisions"}],"wp:featuredmedia":[{"embeddable":true,"href":"https:\/\/radioleinewelle.de\/index.php\/wp-json\/wp\/v2\/media\/3262"}],"wp:attachment":[{"href":"https:\/\/radioleinewelle.de\/index.php\/wp-json\/wp\/v2\/media?parent=3490"}],"wp:term":[{"taxonomy":"category","embeddable":true,"href":"https:\/\/radioleinewelle.de\/index.php\/wp-json\/wp\/v2\/categories?post=3490"},{"taxonomy":"post_tag","embeddable":true,"href":"https:\/\/radioleinewelle.de\/index.php\/wp-json\/wp\/v2\/tags?post=3490"}],"curies":[{"name":"wp","href":"https:\/\/api.w.org\/{rel}","templated":true}]}}