{"id":3494,"date":"2020-12-13T14:56:57","date_gmt":"2020-12-13T13:56:57","guid":{"rendered":"https:\/\/radioleinewelle.de\/?p=3494"},"modified":"2020-12-13T14:56:57","modified_gmt":"2020-12-13T13:56:57","slug":"bundesregierung-und-laenderchefs-beschliessen-bundesweiten-lockdown-ab-dem-1912","status":"publish","type":"post","link":"https:\/\/radioleinewelle.de\/index.php\/2020\/12\/13\/bundesregierung-und-laenderchefs-beschliessen-bundesweiten-lockdown-ab-dem-1912\/","title":{"rendered":"Bundesregierung und L\u00e4nderchefs beschliessen bundesweiten Lockdown ab dem 16.12."},"content":{"rendered":"<div class=\"bpa-richtext\">\n<p class=\"left\">Harter Lockdown ab Mittwoch den 16.12. Folgendes haben die Bundeskanzlerin und die Regierungschefinnen und Regierungschefs der L\u00e4nder unter anderem beschlossen:<\/p>\n<ul class=\"rte--list\">\n<li class=\"align--left\">Die bestehenden Beschl\u00fcsse bleiben <strong>bis zum 10. Januar 2021<\/strong> g\u00fcltig.<\/li>\n<li class=\"align--left\">Private Zusammenk\u00fcnfte mit Freunden, Verwandten und Bekannten sind weiterhin auf den eigenen und einen weiteren Haushalt, jedoch in jedem Falle auf <strong>maximal 5 Personen<\/strong> zu beschr\u00e4nken. Kinder bis 14 Jahre sind hiervon ausgenommen.<\/li>\n<li class=\"align--left\">F\u00fcr die <strong>Weihnachtstage<\/strong> gilt: In Abh\u00e4ngigkeit von ihrem jeweiligen Infektionsgeschehen k\u00f6nnen die L\u00e4nder vom 24. Dezember bis zum 26. Dezember 2020 als Ausnahme von den sonst geltenden Kontaktbeschr\u00e4nkungen Treffen mit 4 \u00fcber den eigenen Hausstand hinausgehenden Personen aus dem engsten Familienkreis zuz\u00fcglich Kindern im Alter bis 14 Jahre zulassen, auch wenn dies mehr als zwei Hausst\u00e4nde oder 5 Personen \u00fcber 14 Jahre bedeutet.<\/li>\n<li class=\"align--left\">Am <strong>Silvestertag und Neujahrstag<\/strong> wird bundesweit ein An- und Versammlungsverbot umgesetzt. Dar\u00fcber hinaus gilt ein Feuerwerksverbot auf publikumstr\u00e4chtigen Pl\u00e4tzen. Der Verkauf von Pyrotechnik vor Silvester wird in diesem Jahr generell verboten und vom Z\u00fcnden von Silvesterfeuerwerk generell dringend abgeraten, auch vor dem Hintergrund der hohen Verletzungsgefahr und der bereits enormen Belastung des Gesundheitssystems.<\/li>\n<li class=\"align--justify\">Der <strong>Einzelhandel<\/strong> wird ab dem 16. Dezember 2020 bis zum 10. Januar 2021 geschlossen. Ausgenommen sind der Lebensmittelhandel und der Handel mit dringend notwendigen Waren des t\u00e4glichen Bedarfs.<\/li>\n<li class=\"align--left\"><strong>Dienstleistungsbetriebe<\/strong> wie zum Beispiel\u00a0Friseursalons werden geschlossen, weil hier k\u00f6rperliche N\u00e4he nicht zu vermeiden ist. Medizinisch notwendige Behandlungen wie Physiotherapie bleiben m\u00f6glich.<\/li>\n<li class=\"align--left\">Auch an den <strong>Schulen<\/strong> sollen im Zeitraum vom 16. Dezember 2020 bis 10. Januar 2021 die Kontakte deutlich eingeschr\u00e4nkt werden. Kinder sollen in dieser Zeit wann immer m\u00f6glich zu Hause betreut werden. Daher werden in diesem Zeitraum die Schulen grunds\u00e4tzlich geschlossen oder die Pr\u00e4senzpflicht wird ausgesetzt. Es wird eine Notfallbetreuung sichergestellt und Distanzlernen angeboten. Analog wird in <strong>Kindertagesst\u00e4tten<\/strong> verfahren. F\u00fcr Eltern werden zus\u00e4tzliche M\u00f6glichkeiten geschaffen, f\u00fcr die Betreuung bezahlten Urlaub zu nehmen.<\/li>\n<li class=\"align--left\">Arbeitgeberinnen und Arbeitgeber werden dringend gebeten zu pr\u00fcfen, ob die Betriebsst\u00e4tten entweder durch <strong>Betriebsferien<\/strong> oder gro\u00dfz\u00fcgige <span lang=\"en-GB\" xml:lang=\"en-GB\"><strong>Home-Office<\/strong><\/span>&#8211;<strong>L\u00f6sungen<\/strong> vom 16. Dezember 2020 bis 10. Januar 2021 geschlossen werden k\u00f6nnen.<\/li>\n<li class=\"align--left\">Die Lieferung und Abholung mitnahmef\u00e4higer Speisen f\u00fcr den Verzehr zu Hause durch <strong>Gastronomiebetriebe<\/strong> bleiben weiter m\u00f6glich. Der Verzehr vor Ort wird untersagt. Der Verzehr von alkoholischen Getr\u00e4nken im \u00f6ffentlichen Raum wird vom 16. Dezember bis 10. Januar untersagt. Verst\u00f6\u00dfe werden mit einem Bu\u00dfgeld belegt.<\/li>\n<li class=\"align--left\"><strong>Gottesdienste<\/strong> in Kirchen, Synagogen und Moscheen sowie die Zusammenk\u00fcnfte anderer Glaubensgemeinschaften sind nur unter bestimmten Voraussetzungen m\u00f6glich. Das Bundesinnenministerium wird dazu Gespr\u00e4che mit den Glaubensgemeinschaften f\u00fchren.<\/li>\n<li class=\"align--left\">In den <strong>Alten- und Pflegeheimen<\/strong> sowie f\u00fcr mobile Pflegedienste sind besondere Schutzma\u00dfnahmen zu treffen. F\u00fcr das Personal sind regelm\u00e4\u00dfige verpflichtende Tests durchzuf\u00fchren.<\/li>\n<li class=\"align--left\">Bund und L\u00e4nder appellieren eindringlich an alle B\u00fcrgerinnen und B\u00fcrger, in der Zeit bis zum 10. Januar von nicht zwingend notwendigen <strong>Reisen<\/strong> ins In- und Ausland abzusehen.<\/li>\n<li class=\"align--left\">Wirtschaftsbereiche, die besonders von den Einschr\u00e4nkungen betroffen sind, werden weiterhin <strong>finanziell<\/strong> unterst\u00fctzt.<\/li>\n<\/ul>\n<p><a href=\"https:\/\/www.bundesregierung.de\/resource\/blob\/992814\/1827366\/69441fb68435a7199b3d3a89bff2c0e6\/2020-12-13-beschluss-mpk-data.pdf?download=1\">Die Beschl\u00fcsse im kompletten Wortlaut<\/a><\/p>\n<p>Bild von <a href=\"https:\/\/pixabay.com\/de\/users\/jag2020-6056630\/?utm_source=link-attribution&amp;utm_medium=referral&amp;utm_campaign=image&amp;utm_content=5130295\">J Garget<\/a> auf <a href=\"https:\/\/pixabay.com\/de\/?utm_source=link-attribution&amp;utm_medium=referral&amp;utm_campaign=image&amp;utm_content=5130295\">Pixabay<\/a><\/p>\n<\/div>\n","protected":false},"excerpt":{"rendered":"<p>Harter Lockdown ab Mittwoch den 16.12. Folgendes haben die Bundeskanzlerin und die Regierungschefinnen und Regierungschefs der L\u00e4nder unter anderem beschlossen: Die bestehenden Beschl\u00fcsse bleiben bis zum 10. Januar 2021 g\u00fcltig. Private Zusammenk\u00fcnfte mit Freunden, Verwandten und Bekannten sind weiterhin auf den eigenen und einen weiteren Haushalt, jedoch in jedem Falle auf maximal 5 Personen zu [&hellip;]<\/p>\n","protected":false},"author":1,"featured_media":3499,"comment_status":"closed","ping_status":"closed","sticky":false,"template":"","format":"standard","meta":{"saved_in_kubio":false,"footnotes":""},"categories":[23],"tags":[],"class_list":["post-3494","post","type-post","status-publish","format-standard","has-post-thumbnail","hentry","category-corona"],"yoast_head":"<!-- This site is optimized with the Yoast SEO plugin v27.5 - https:\/\/yoast.com\/product\/yoast-seo-wordpress\/ -->\n<title>Bundesregierung und L\u00e4nderchefs beschliessen bundesweiten Lockdown ab dem 16.12. - Radio Leinewelle<\/title>\n<meta name=\"robots\" content=\"index, follow, max-snippet:-1, max-image-preview:large, max-video-preview:-1\" \/>\n<link rel=\"canonical\" href=\"https:\/\/radioleinewelle.de\/index.php\/2020\/12\/13\/bundesregierung-und-laenderchefs-beschliessen-bundesweiten-lockdown-ab-dem-1912\/\" \/>\n<meta property=\"og:locale\" content=\"de_DE\" \/>\n<meta property=\"og:type\" content=\"article\" \/>\n<meta property=\"og:title\" content=\"Bundesregierung und L\u00e4nderchefs beschliessen bundesweiten Lockdown ab dem 16.12. - Radio Leinewelle\" \/>\n<meta property=\"og:description\" content=\"Harter Lockdown ab Mittwoch den 16.12. Folgendes haben die Bundeskanzlerin und die Regierungschefinnen und Regierungschefs der L\u00e4nder unter anderem beschlossen: Die bestehenden Beschl\u00fcsse bleiben bis zum 10. Januar 2021 g\u00fcltig. Private Zusammenk\u00fcnfte mit Freunden, Verwandten und Bekannten sind weiterhin auf den eigenen und einen weiteren Haushalt, jedoch in jedem Falle auf maximal 5 Personen zu [&hellip;]\" \/>\n<meta property=\"og:url\" content=\"https:\/\/radioleinewelle.de\/index.php\/2020\/12\/13\/bundesregierung-und-laenderchefs-beschliessen-bundesweiten-lockdown-ab-dem-1912\/\" \/>\n<meta property=\"og:site_name\" content=\"Radio Leinewelle\" \/>\n<meta property=\"article:publisher\" content=\"https:\/\/www.facebook.com\/radioleinewelle\" \/>\n<meta property=\"article:author\" content=\"https:\/\/www.facebook.com\/radioleinewelle\" \/>\n<meta property=\"article:published_time\" content=\"2020-12-13T13:56:57+00:00\" \/>\n<meta property=\"og:image\" content=\"https:\/\/radioleinewelle.de\/wp-content\/uploads\/2020\/12\/lockdown-5130295_640.jpg\" \/>\n\t<meta property=\"og:image:width\" content=\"640\" \/>\n\t<meta property=\"og:image:height\" content=\"427\" \/>\n\t<meta property=\"og:image:type\" content=\"image\/jpeg\" \/>\n<meta name=\"author\" content=\"Leinewelle\" \/>\n<meta name=\"twitter:card\" content=\"summary_large_image\" \/>\n<meta name=\"twitter:creator\" content=\"@https:\/\/twitter.com\/RLeinewelle?ref_src=twsrcgoogletwcampserptwgrauthor\" \/>\n<meta name=\"twitter:site\" content=\"@RLeinewelle\" \/>\n<meta name=\"twitter:label1\" content=\"Verfasst von\" \/>\n\t<meta name=\"twitter:data1\" content=\"Leinewelle\" \/>\n\t<meta name=\"twitter:label2\" content=\"Gesch\u00e4tzte Lesezeit\" \/>\n\t<meta name=\"twitter:data2\" content=\"3\u00a0Minuten\" \/>\n<script type=\"application\/ld+json\" class=\"yoast-schema-graph\">{\"@context\":\"https:\\\/\\\/schema.org\",\"@graph\":[{\"@type\":\"Article\",\"@id\":\"https:\\\/\\\/radioleinewelle.de\\\/index.php\\\/2020\\\/12\\\/13\\\/bundesregierung-und-laenderchefs-beschliessen-bundesweiten-lockdown-ab-dem-1912\\\/#article\",\"isPartOf\":{\"@id\":\"https:\\\/\\\/radioleinewelle.de\\\/index.php\\\/2020\\\/12\\\/13\\\/bundesregierung-und-laenderchefs-beschliessen-bundesweiten-lockdown-ab-dem-1912\\\/\"},\"author\":{\"name\":\"Leinewelle\",\"@id\":\"https:\\\/\\\/radioleinewelle.de\\\/#\\\/schema\\\/person\\\/45606f348637df637192dc1b68399a63\"},\"headline\":\"Bundesregierung und L\u00e4nderchefs beschliessen bundesweiten Lockdown ab dem 16.12.\",\"datePublished\":\"2020-12-13T13:56:57+00:00\",\"mainEntityOfPage\":{\"@id\":\"https:\\\/\\\/radioleinewelle.de\\\/index.php\\\/2020\\\/12\\\/13\\\/bundesregierung-und-laenderchefs-beschliessen-bundesweiten-lockdown-ab-dem-1912\\\/\"},\"wordCount\":510,\"publisher\":{\"@id\":\"https:\\\/\\\/radioleinewelle.de\\\/#organization\"},\"image\":{\"@id\":\"https:\\\/\\\/radioleinewelle.de\\\/index.php\\\/2020\\\/12\\\/13\\\/bundesregierung-und-laenderchefs-beschliessen-bundesweiten-lockdown-ab-dem-1912\\\/#primaryimage\"},\"thumbnailUrl\":\"https:\\\/\\\/radioleinewelle.de\\\/wp-content\\\/uploads\\\/2020\\\/12\\\/lockdown-5130295_640.jpg\",\"articleSection\":[\"Corona\"],\"inLanguage\":\"de\"},{\"@type\":\"WebPage\",\"@id\":\"https:\\\/\\\/radioleinewelle.de\\\/index.php\\\/2020\\\/12\\\/13\\\/bundesregierung-und-laenderchefs-beschliessen-bundesweiten-lockdown-ab-dem-1912\\\/\",\"url\":\"https:\\\/\\\/radioleinewelle.de\\\/index.php\\\/2020\\\/12\\\/13\\\/bundesregierung-und-laenderchefs-beschliessen-bundesweiten-lockdown-ab-dem-1912\\\/\",\"name\":\"Bundesregierung und L\u00e4nderchefs beschliessen bundesweiten Lockdown ab dem 16.12. - Radio Leinewelle\",\"isPartOf\":{\"@id\":\"https:\\\/\\\/radioleinewelle.de\\\/#website\"},\"primaryImageOfPage\":{\"@id\":\"https:\\\/\\\/radioleinewelle.de\\\/index.php\\\/2020\\\/12\\\/13\\\/bundesregierung-und-laenderchefs-beschliessen-bundesweiten-lockdown-ab-dem-1912\\\/#primaryimage\"},\"image\":{\"@id\":\"https:\\\/\\\/radioleinewelle.de\\\/index.php\\\/2020\\\/12\\\/13\\\/bundesregierung-und-laenderchefs-beschliessen-bundesweiten-lockdown-ab-dem-1912\\\/#primaryimage\"},\"thumbnailUrl\":\"https:\\\/\\\/radioleinewelle.de\\\/wp-content\\\/uploads\\\/2020\\\/12\\\/lockdown-5130295_640.jpg\",\"datePublished\":\"2020-12-13T13:56:57+00:00\",\"breadcrumb\":{\"@id\":\"https:\\\/\\\/radioleinewelle.de\\\/index.php\\\/2020\\\/12\\\/13\\\/bundesregierung-und-laenderchefs-beschliessen-bundesweiten-lockdown-ab-dem-1912\\\/#breadcrumb\"},\"inLanguage\":\"de\",\"potentialAction\":[{\"@type\":\"ReadAction\",\"target\":[\"https:\\\/\\\/radioleinewelle.de\\\/index.php\\\/2020\\\/12\\\/13\\\/bundesregierung-und-laenderchefs-beschliessen-bundesweiten-lockdown-ab-dem-1912\\\/\"]}]},{\"@type\":\"ImageObject\",\"inLanguage\":\"de\",\"@id\":\"https:\\\/\\\/radioleinewelle.de\\\/index.php\\\/2020\\\/12\\\/13\\\/bundesregierung-und-laenderchefs-beschliessen-bundesweiten-lockdown-ab-dem-1912\\\/#primaryimage\",\"url\":\"https:\\\/\\\/radioleinewelle.de\\\/wp-content\\\/uploads\\\/2020\\\/12\\\/lockdown-5130295_640.jpg\",\"contentUrl\":\"https:\\\/\\\/radioleinewelle.de\\\/wp-content\\\/uploads\\\/2020\\\/12\\\/lockdown-5130295_640.jpg\",\"width\":640,\"height\":427},{\"@type\":\"BreadcrumbList\",\"@id\":\"https:\\\/\\\/radioleinewelle.de\\\/index.php\\\/2020\\\/12\\\/13\\\/bundesregierung-und-laenderchefs-beschliessen-bundesweiten-lockdown-ab-dem-1912\\\/#breadcrumb\",\"itemListElement\":[{\"@type\":\"ListItem\",\"position\":1,\"name\":\"Startseite\",\"item\":\"https:\\\/\\\/radioleinewelle.de\\\/\"},{\"@type\":\"ListItem\",\"position\":2,\"name\":\"Bundesregierung und L\u00e4nderchefs beschliessen bundesweiten Lockdown ab dem 16.12.\"}]},{\"@type\":\"WebSite\",\"@id\":\"https:\\\/\\\/radioleinewelle.de\\\/#website\",\"url\":\"https:\\\/\\\/radioleinewelle.de\\\/\",\"name\":\"Radio Leinewelle\",\"description\":\"\",\"publisher\":{\"@id\":\"https:\\\/\\\/radioleinewelle.de\\\/#organization\"},\"potentialAction\":[{\"@type\":\"SearchAction\",\"target\":{\"@type\":\"EntryPoint\",\"urlTemplate\":\"https:\\\/\\\/radioleinewelle.de\\\/?s={search_term_string}\"},\"query-input\":{\"@type\":\"PropertyValueSpecification\",\"valueRequired\":true,\"valueName\":\"search_term_string\"}}],\"inLanguage\":\"de\"},{\"@type\":\"Organization\",\"@id\":\"https:\\\/\\\/radioleinewelle.de\\\/#organization\",\"name\":\"Radio Leinewelle\",\"alternateName\":\"Mein Radio f\u00fcr S\u00fcdniedersachsen\",\"url\":\"https:\\\/\\\/radioleinewelle.de\\\/\",\"logo\":{\"@type\":\"ImageObject\",\"inLanguage\":\"de\",\"@id\":\"https:\\\/\\\/radioleinewelle.de\\\/#\\\/schema\\\/logo\\\/image\\\/\",\"url\":\"https:\\\/\\\/radioleinewelle.de\\\/wp-content\\\/uploads\\\/2023\\\/11\\\/cropped-Leinewelle_Logo_weiss.png\",\"contentUrl\":\"https:\\\/\\\/radioleinewelle.de\\\/wp-content\\\/uploads\\\/2023\\\/11\\\/cropped-Leinewelle_Logo_weiss.png\",\"width\":854,\"height\":260,\"caption\":\"Radio Leinewelle\"},\"image\":{\"@id\":\"https:\\\/\\\/radioleinewelle.de\\\/#\\\/schema\\\/logo\\\/image\\\/\"},\"sameAs\":[\"https:\\\/\\\/www.facebook.com\\\/radioleinewelle\",\"https:\\\/\\\/x.com\\\/RLeinewelle\",\"https:\\\/\\\/www.instagram.com\\\/radioleinewelle\\\/?hl=de\"]},{\"@type\":\"Person\",\"@id\":\"https:\\\/\\\/radioleinewelle.de\\\/#\\\/schema\\\/person\\\/45606f348637df637192dc1b68399a63\",\"name\":\"Leinewelle\",\"image\":{\"@type\":\"ImageObject\",\"inLanguage\":\"de\",\"@id\":\"https:\\\/\\\/secure.gravatar.com\\\/avatar\\\/05c9a17bc973052ee5d91549bd32fb4dd0dc85b7b85ae94b2e2b4943476bbea5?s=96&d=blank&r=g\",\"url\":\"https:\\\/\\\/secure.gravatar.com\\\/avatar\\\/05c9a17bc973052ee5d91549bd32fb4dd0dc85b7b85ae94b2e2b4943476bbea5?s=96&d=blank&r=g\",\"contentUrl\":\"https:\\\/\\\/secure.gravatar.com\\\/avatar\\\/05c9a17bc973052ee5d91549bd32fb4dd0dc85b7b85ae94b2e2b4943476bbea5?s=96&d=blank&r=g\",\"caption\":\"Leinewelle\"},\"sameAs\":[\"http:\\\/\\\/localhost\\\/radio%20leinewelle\\\/wordpress\",\"https:\\\/\\\/www.facebook.com\\\/radioleinewelle\",\"https:\\\/\\\/www.instagram.com\\\/radioleinewelle\",\"https:\\\/\\\/x.com\\\/https:\\\/\\\/twitter.com\\\/RLeinewelle?ref_src=twsrcgoogletwcampserptwgrauthor\",\"https:\\\/\\\/soundcloud.com\\\/foerderverein-lokalradio?utm_source=clipboard&utm_medium=text&utm_campaign=social_sharing\"],\"url\":\"https:\\\/\\\/radioleinewelle.de\\\/index.php\\\/author\\\/leinewelle\\\/\"}]}<\/script>\n<!-- \/ Yoast SEO plugin. -->","yoast_head_json":{"title":"Bundesregierung und L\u00e4nderchefs beschliessen bundesweiten Lockdown ab dem 16.12. - Radio Leinewelle","robots":{"index":"index","follow":"follow","max-snippet":"max-snippet:-1","max-image-preview":"max-image-preview:large","max-video-preview":"max-video-preview:-1"},"canonical":"https:\/\/radioleinewelle.de\/index.php\/2020\/12\/13\/bundesregierung-und-laenderchefs-beschliessen-bundesweiten-lockdown-ab-dem-1912\/","og_locale":"de_DE","og_type":"article","og_title":"Bundesregierung und L\u00e4nderchefs beschliessen bundesweiten Lockdown ab dem 16.12. - Radio Leinewelle","og_description":"Harter Lockdown ab Mittwoch den 16.12. Folgendes haben die Bundeskanzlerin und die Regierungschefinnen und Regierungschefs der L\u00e4nder unter anderem beschlossen: Die bestehenden Beschl\u00fcsse bleiben bis zum 10. Januar 2021 g\u00fcltig. Private Zusammenk\u00fcnfte mit Freunden, Verwandten und Bekannten sind weiterhin auf den eigenen und einen weiteren Haushalt, jedoch in jedem Falle auf maximal 5 Personen zu [&hellip;]","og_url":"https:\/\/radioleinewelle.de\/index.php\/2020\/12\/13\/bundesregierung-und-laenderchefs-beschliessen-bundesweiten-lockdown-ab-dem-1912\/","og_site_name":"Radio Leinewelle","article_publisher":"https:\/\/www.facebook.com\/radioleinewelle","article_author":"https:\/\/www.facebook.com\/radioleinewelle","article_published_time":"2020-12-13T13:56:57+00:00","og_image":[{"width":640,"height":427,"url":"https:\/\/radioleinewelle.de\/wp-content\/uploads\/2020\/12\/lockdown-5130295_640.jpg","type":"image\/jpeg"}],"author":"Leinewelle","twitter_card":"summary_large_image","twitter_creator":"@https:\/\/twitter.com\/RLeinewelle?ref_src=twsrcgoogletwcampserptwgrauthor","twitter_site":"@RLeinewelle","twitter_misc":{"Verfasst von":"Leinewelle","Gesch\u00e4tzte Lesezeit":"3\u00a0Minuten"},"schema":{"@context":"https:\/\/schema.org","@graph":[{"@type":"Article","@id":"https:\/\/radioleinewelle.de\/index.php\/2020\/12\/13\/bundesregierung-und-laenderchefs-beschliessen-bundesweiten-lockdown-ab-dem-1912\/#article","isPartOf":{"@id":"https:\/\/radioleinewelle.de\/index.php\/2020\/12\/13\/bundesregierung-und-laenderchefs-beschliessen-bundesweiten-lockdown-ab-dem-1912\/"},"author":{"name":"Leinewelle","@id":"https:\/\/radioleinewelle.de\/#\/schema\/person\/45606f348637df637192dc1b68399a63"},"headline":"Bundesregierung und L\u00e4nderchefs beschliessen bundesweiten Lockdown ab dem 16.12.","datePublished":"2020-12-13T13:56:57+00:00","mainEntityOfPage":{"@id":"https:\/\/radioleinewelle.de\/index.php\/2020\/12\/13\/bundesregierung-und-laenderchefs-beschliessen-bundesweiten-lockdown-ab-dem-1912\/"},"wordCount":510,"publisher":{"@id":"https:\/\/radioleinewelle.de\/#organization"},"image":{"@id":"https:\/\/radioleinewelle.de\/index.php\/2020\/12\/13\/bundesregierung-und-laenderchefs-beschliessen-bundesweiten-lockdown-ab-dem-1912\/#primaryimage"},"thumbnailUrl":"https:\/\/radioleinewelle.de\/wp-content\/uploads\/2020\/12\/lockdown-5130295_640.jpg","articleSection":["Corona"],"inLanguage":"de"},{"@type":"WebPage","@id":"https:\/\/radioleinewelle.de\/index.php\/2020\/12\/13\/bundesregierung-und-laenderchefs-beschliessen-bundesweiten-lockdown-ab-dem-1912\/","url":"https:\/\/radioleinewelle.de\/index.php\/2020\/12\/13\/bundesregierung-und-laenderchefs-beschliessen-bundesweiten-lockdown-ab-dem-1912\/","name":"Bundesregierung und L\u00e4nderchefs beschliessen bundesweiten Lockdown ab dem 16.12. - Radio Leinewelle","isPartOf":{"@id":"https:\/\/radioleinewelle.de\/#website"},"primaryImageOfPage":{"@id":"https:\/\/radioleinewelle.de\/index.php\/2020\/12\/13\/bundesregierung-und-laenderchefs-beschliessen-bundesweiten-lockdown-ab-dem-1912\/#primaryimage"},"image":{"@id":"https:\/\/radioleinewelle.de\/index.php\/2020\/12\/13\/bundesregierung-und-laenderchefs-beschliessen-bundesweiten-lockdown-ab-dem-1912\/#primaryimage"},"thumbnailUrl":"https:\/\/radioleinewelle.de\/wp-content\/uploads\/2020\/12\/lockdown-5130295_640.jpg","datePublished":"2020-12-13T13:56:57+00:00","breadcrumb":{"@id":"https:\/\/radioleinewelle.de\/index.php\/2020\/12\/13\/bundesregierung-und-laenderchefs-beschliessen-bundesweiten-lockdown-ab-dem-1912\/#breadcrumb"},"inLanguage":"de","potentialAction":[{"@type":"ReadAction","target":["https:\/\/radioleinewelle.de\/index.php\/2020\/12\/13\/bundesregierung-und-laenderchefs-beschliessen-bundesweiten-lockdown-ab-dem-1912\/"]}]},{"@type":"ImageObject","inLanguage":"de","@id":"https:\/\/radioleinewelle.de\/index.php\/2020\/12\/13\/bundesregierung-und-laenderchefs-beschliessen-bundesweiten-lockdown-ab-dem-1912\/#primaryimage","url":"https:\/\/radioleinewelle.de\/wp-content\/uploads\/2020\/12\/lockdown-5130295_640.jpg","contentUrl":"https:\/\/radioleinewelle.de\/wp-content\/uploads\/2020\/12\/lockdown-5130295_640.jpg","width":640,"height":427},{"@type":"BreadcrumbList","@id":"https:\/\/radioleinewelle.de\/index.php\/2020\/12\/13\/bundesregierung-und-laenderchefs-beschliessen-bundesweiten-lockdown-ab-dem-1912\/#breadcrumb","itemListElement":[{"@type":"ListItem","position":1,"name":"Startseite","item":"https:\/\/radioleinewelle.de\/"},{"@type":"ListItem","position":2,"name":"Bundesregierung und L\u00e4nderchefs beschliessen bundesweiten Lockdown ab dem 16.12."}]},{"@type":"WebSite","@id":"https:\/\/radioleinewelle.de\/#website","url":"https:\/\/radioleinewelle.de\/","name":"Radio Leinewelle","description":"","publisher":{"@id":"https:\/\/radioleinewelle.de\/#organization"},"potentialAction":[{"@type":"SearchAction","target":{"@type":"EntryPoint","urlTemplate":"https:\/\/radioleinewelle.de\/?s={search_term_string}"},"query-input":{"@type":"PropertyValueSpecification","valueRequired":true,"valueName":"search_term_string"}}],"inLanguage":"de"},{"@type":"Organization","@id":"https:\/\/radioleinewelle.de\/#organization","name":"Radio Leinewelle","alternateName":"Mein Radio f\u00fcr S\u00fcdniedersachsen","url":"https:\/\/radioleinewelle.de\/","logo":{"@type":"ImageObject","inLanguage":"de","@id":"https:\/\/radioleinewelle.de\/#\/schema\/logo\/image\/","url":"https:\/\/radioleinewelle.de\/wp-content\/uploads\/2023\/11\/cropped-Leinewelle_Logo_weiss.png","contentUrl":"https:\/\/radioleinewelle.de\/wp-content\/uploads\/2023\/11\/cropped-Leinewelle_Logo_weiss.png","width":854,"height":260,"caption":"Radio Leinewelle"},"image":{"@id":"https:\/\/radioleinewelle.de\/#\/schema\/logo\/image\/"},"sameAs":["https:\/\/www.facebook.com\/radioleinewelle","https:\/\/x.com\/RLeinewelle","https:\/\/www.instagram.com\/radioleinewelle\/?hl=de"]},{"@type":"Person","@id":"https:\/\/radioleinewelle.de\/#\/schema\/person\/45606f348637df637192dc1b68399a63","name":"Leinewelle","image":{"@type":"ImageObject","inLanguage":"de","@id":"https:\/\/secure.gravatar.com\/avatar\/05c9a17bc973052ee5d91549bd32fb4dd0dc85b7b85ae94b2e2b4943476bbea5?s=96&d=blank&r=g","url":"https:\/\/secure.gravatar.com\/avatar\/05c9a17bc973052ee5d91549bd32fb4dd0dc85b7b85ae94b2e2b4943476bbea5?s=96&d=blank&r=g","contentUrl":"https:\/\/secure.gravatar.com\/avatar\/05c9a17bc973052ee5d91549bd32fb4dd0dc85b7b85ae94b2e2b4943476bbea5?s=96&d=blank&r=g","caption":"Leinewelle"},"sameAs":["http:\/\/localhost\/radio%20leinewelle\/wordpress","https:\/\/www.facebook.com\/radioleinewelle","https:\/\/www.instagram.com\/radioleinewelle","https:\/\/x.com\/https:\/\/twitter.com\/RLeinewelle?ref_src=twsrcgoogletwcampserptwgrauthor","https:\/\/soundcloud.com\/foerderverein-lokalradio?utm_source=clipboard&utm_medium=text&utm_campaign=social_sharing"],"url":"https:\/\/radioleinewelle.de\/index.php\/author\/leinewelle\/"}]}},"_links":{"self":[{"href":"https:\/\/radioleinewelle.de\/index.php\/wp-json\/wp\/v2\/posts\/3494","targetHints":{"allow":["GET"]}}],"collection":[{"href":"https:\/\/radioleinewelle.de\/index.php\/wp-json\/wp\/v2\/posts"}],"about":[{"href":"https:\/\/radioleinewelle.de\/index.php\/wp-json\/wp\/v2\/types\/post"}],"author":[{"embeddable":true,"href":"https:\/\/radioleinewelle.de\/index.php\/wp-json\/wp\/v2\/users\/1"}],"replies":[{"embeddable":true,"href":"https:\/\/radioleinewelle.de\/index.php\/wp-json\/wp\/v2\/comments?post=3494"}],"version-history":[{"count":0,"href":"https:\/\/radioleinewelle.de\/index.php\/wp-json\/wp\/v2\/posts\/3494\/revisions"}],"wp:featuredmedia":[{"embeddable":true,"href":"https:\/\/radioleinewelle.de\/index.php\/wp-json\/wp\/v2\/media\/3499"}],"wp:attachment":[{"href":"https:\/\/radioleinewelle.de\/index.php\/wp-json\/wp\/v2\/media?parent=3494"}],"wp:term":[{"taxonomy":"category","embeddable":true,"href":"https:\/\/radioleinewelle.de\/index.php\/wp-json\/wp\/v2\/categories?post=3494"},{"taxonomy":"post_tag","embeddable":true,"href":"https:\/\/radioleinewelle.de\/index.php\/wp-json\/wp\/v2\/tags?post=3494"}],"curies":[{"name":"wp","href":"https:\/\/api.w.org\/{rel}","templated":true}]}}