{"id":3503,"date":"2020-12-14T05:20:15","date_gmt":"2020-12-14T04:20:15","guid":{"rendered":"https:\/\/radioleinewelle.de\/?p=3503"},"modified":"2020-12-14T05:20:15","modified_gmt":"2020-12-14T04:20:15","slug":"nebenwirkungen-bei-krebs-online-veranstaltung-des-universitaets-krebszentrums-der-universitaetsmedizin-goettingen-g-ccc","status":"publish","type":"post","link":"https:\/\/radioleinewelle.de\/index.php\/2020\/12\/14\/nebenwirkungen-bei-krebs-online-veranstaltung-des-universitaets-krebszentrums-der-universitaetsmedizin-goettingen-g-ccc\/","title":{"rendered":"\u201eNebenwirkungen bei Krebs\u201c: Online-Veranstaltung des Universit\u00e4ts-Krebszentrums der Universit\u00e4tsmedizin G\u00f6ttingen (G-CCC)"},"content":{"rendered":"<p>(umg) Viele Krebspatient*innen f\u00fcrchten sich nicht nur vor den Nebenwirkungen einer Therapie, sondern auch vor m\u00f6glichen Langzeitfolgen. Diese k\u00f6nnen sowohl durch die Behandlung wie auch durch die Erkrankung entstehen. Mit modernen Therapiem\u00f6glichkeiten lassen sich jedoch Symptome, wie Schmerzen, Ersch\u00f6pfung, Probleme mit Haut oder Haaren, \u00dcbelkeit oder Lymph\u00f6deme, gut behandeln. Au\u00dferdem stehen den Betroffenen heutzutage viele unterst\u00fctzende Therapien zur Verf\u00fcgung. Welche das sind, erkl\u00e4ren Expert*innen des Universit\u00e4tsKrebszentrums (G-CCC) der Universit\u00e4tsmedizin G\u00f6ttingen (UMG) im Patientenforum zum Thema \u201eNebenwirkungen bei Krebs\u201c. In der Online-Veranstaltung \u201ePatientenforum\u201c des Universit\u00e4tsKrebszentrums G\u00f6ttingen referieren am Dienstag, dem 15. Dezember 2020, 18:00 bis 19:00 Uhr Expert*innen der UMG sowie aus deren Partnerkliniken und Praxen zu Themen rund um Krebserkrankungen. Die Reihe richtet sich an Patient*innen, Angeh\u00f6rige und Interessierte und wird einmal pro Quartal angeboten.<\/p>\n<p>Das G-CCC-Patientenforum zum Thema \u201eNebenwirkungen bei Krebs\u201c findet statt als Videokonferenz. \u00dcber den Zugangslink <a href=\"https:\/\/webconf.vc.dfn.de\/cccpatforum\/\" target=\"_blank\" rel=\"noopener\">https:\/\/webconf.vc.dfn.de\/cccpatforum\/<\/a> ist eine Teilnahme m\u00f6glich. Es referieren Prof. Dr. Gerald Wulf, Leitender Oberarzt der Klinik f\u00fcr H\u00e4matologie und Medizinische Onkologie, und Rieke Veldscholten-Mart\u00edn, Psychoonkologin im Universit\u00e4tsKrebszentrum der UMG. Moderiert wird die Veranstaltung von Priv.-Doz. Dr. Friederike Braulke, Leitung des Onkologischen Zentrums des Universit\u00e4tsKrebszentrums G\u00f6ttingen. Eine Anmeldung ist nicht erforderlich. Alle Veranstaltungen des Universit\u00e4tsKrebszentrums G\u00f6ttingen gibt es unter: gccc.umg.eu.<\/p>\n<p><strong>Online-Vortragsreihe des Universit\u00e4tsKrebszentrums G\u00f6ttingen<br \/>\nPatientenforum \u201eNebenwirkungen bei Krebs\u201c<br \/>\nDienstag, 15. Dezember 2020, 18:00 bis 19:00 Uhr<br \/>\nZugangslink: <\/strong><a href=\"https:\/\/webconf.vc.dfn.de\/cccpatforum\/\" target=\"_blank\" rel=\"noopener\"><strong>https:\/\/webconf.vc.dfn.de\/cccpatforum\/<\/strong><\/a><\/p>\n<p>Krebspatient*innen profitieren heutzutage von personalisierten und immer effektiveren Therapieverfahren. Doch sind diese h\u00e4ufig mit Nebenwirkungen verbunden, die w\u00e4hrend oder auch nach der Therapie auftreten k\u00f6nnen. Hier unterscheidet man zwischen Langzeit- und Sp\u00e4tfolgen. Als <strong>Langzeitfolgen<\/strong> werden Symptome bezeichnet, die auch f\u00fcnf Jahre nach der aktiven Behandlung noch bestehen, wie beispielsweise eine verfr\u00fchte Menopause und \u00c4ngste. <strong>Sp\u00e4tfolgen<\/strong> dagegen treten nach der Genesung auf, nach drei bis f\u00fcnf Jahren oder auch nach zehn bis 20 Jahren. Dazu geh\u00f6ren Herzerkrankungen, Zweitmalignome und strahlenbedingte Knochenbr\u00fcche. Viele Langzeit\u00fcberlebende und ihre Angeh\u00f6rige haben noch lange mit den psychosozialen Folgen der Erkrankung zu k\u00e4mpfen.<\/p>\n<p>Eine besonders h\u00e4ufige Form ist das <strong>Fatique-Syndrom<\/strong>, bei dem eine chronische Ersch\u00f6pfung und M\u00fcdigkeit besteht. Doch wie erkennt man die Erkrankung und was unterscheidet sie von normalem Schlafmangel? So \u00fcberraschend es klingt: Vielen Betroffenen hilft Bewegung mehr als sich zu schonen. Au\u00dferdem kann es helfen, sich seelische und psychotherapeutische Unterst\u00fctzung zu holen. Um Nebenwirkungen der Therapie erfolgreich zu lindern, gibt es ein ganzes Netzwerk aus vielf\u00e4ltigen medizinischen und sozialen Unterst\u00fctzungs- und Beratungsangeboten, wo ehemalige Krebspatienten Hilfe finden k\u00f6nnen. Informationen dazu gibt es unter gccc.umg.eu.<\/p>\n<h5><strong>PROGRAMM \u201eNEBENWIRKUNGEN BEI KREBS\u201c<\/strong><strong>G-CCC-PATIENTENFORUM<\/strong><\/h5>\n<p>Dienstag, 15. Dezember 2020, 18:00 Uhr, Online-Veranstaltung: <a href=\"https:\/\/webconf.vc.dfn.de\/cccpatforum\/\" target=\"_blank\" rel=\"noopener\">https:\/\/webconf.vc.dfn.de\/cccpatforum\/<\/a><\/p>\n<p><strong>Moderation:<\/strong> Priv.-Doz. Dr. Friederike Braulke, Leitung Onkologisches Zentrum des Universit\u00e4tsKrebszentrum G\u00f6ttingen, UMG<\/p>\n<p><strong>Ersch\u00f6pft, m\u00fcde und antriebslos \u2013 Fatique erkennen und behandeln<\/strong><br \/>\nRieke Veldscholten-Mart\u00edn, Psychoonkologin, UMG<\/p>\n<p><strong>Geheilt, aber nicht gesund \u2013 Langzeitnebenwirkungen bei Krebs<\/strong><br \/>\nProf. Dr. Gerald Wulf, Leitender Oberarzt der Klinik f\u00fcr H\u00e4matologie und Medizinische Onkologie, UMG<\/p>\n<p>&#8212;&#8212;&#8212;&#8212;&#8212;&#8212;&#8212;&#8212;&#8212;&#8212;&#8212;&#8212;&#8212;&#8212;&#8212;&#8212;&#8212;&#8212;&#8212;&#8212;&#8212;&#8212;&#8212;&#8212;&#8212;&#8212;&#8212;&#8212;&#8212;&#8212;&#8212;&#8212;&#8212;&#8212;&#8212;&#8212;&#8212;&#8212;&#8212;&#8212;&#8212;&#8212;&#8212;&#8212;&#8212;&#8212;&#8212;&#8212;&#8212;&#8212;&#8212;&#8212;&#8212;&#8212;&#8212;&#8212;&#8212;&#8212;&#8212;&#8212;&#8212;&#8212;&#8212;&#8212;&#8212;&#8212;&#8212;&#8212;&#8212;&#8212;&#8212;&#8212;&#8212;&#8212;&#8212;&#8212;&#8212;&#8212;&#8212;&#8212;&#8212;&#8212;&#8212;<\/p>\n<p>Nebenwirkungen w\u00e4hrend der Krebstherapie lassen sich heutzutage gut behandeln. Foto: unsplash<\/p>\n","protected":false},"excerpt":{"rendered":"<p>(umg) Viele Krebspatient*innen f\u00fcrchten sich nicht nur vor den Nebenwirkungen einer Therapie, sondern auch vor m\u00f6glichen Langzeitfolgen. Diese k\u00f6nnen sowohl durch die Behandlung wie auch durch die Erkrankung entstehen. Mit modernen Therapiem\u00f6glichkeiten lassen sich jedoch Symptome, wie Schmerzen, Ersch\u00f6pfung, Probleme mit Haut oder Haaren, \u00dcbelkeit oder Lymph\u00f6deme, gut behandeln. Au\u00dferdem stehen den Betroffenen heutzutage viele [&hellip;]<\/p>\n","protected":false},"author":1,"featured_media":0,"comment_status":"closed","ping_status":"closed","sticky":false,"template":"","format":"standard","meta":{"saved_in_kubio":false,"footnotes":""},"categories":[40],"tags":[],"class_list":["post-3503","post","type-post","status-publish","format-standard","hentry","category-gesundheit"],"yoast_head":"<!-- This site is optimized with the Yoast SEO plugin v27.5 - https:\/\/yoast.com\/product\/yoast-seo-wordpress\/ -->\n<title>\u201eNebenwirkungen bei Krebs\u201c: Online-Veranstaltung des Universit\u00e4ts-Krebszentrums der Universit\u00e4tsmedizin G\u00f6ttingen (G-CCC) - Radio Leinewelle<\/title>\n<meta name=\"robots\" content=\"index, follow, max-snippet:-1, max-image-preview:large, max-video-preview:-1\" \/>\n<link rel=\"canonical\" href=\"https:\/\/radioleinewelle.de\/index.php\/2020\/12\/14\/nebenwirkungen-bei-krebs-online-veranstaltung-des-universitaets-krebszentrums-der-universitaetsmedizin-goettingen-g-ccc\/\" \/>\n<meta property=\"og:locale\" content=\"de_DE\" \/>\n<meta property=\"og:type\" content=\"article\" \/>\n<meta property=\"og:title\" content=\"\u201eNebenwirkungen bei Krebs\u201c: Online-Veranstaltung des Universit\u00e4ts-Krebszentrums der Universit\u00e4tsmedizin G\u00f6ttingen (G-CCC) - Radio Leinewelle\" \/>\n<meta property=\"og:description\" content=\"(umg) Viele Krebspatient*innen f\u00fcrchten sich nicht nur vor den Nebenwirkungen einer Therapie, sondern auch vor m\u00f6glichen Langzeitfolgen. Diese k\u00f6nnen sowohl durch die Behandlung wie auch durch die Erkrankung entstehen. Mit modernen Therapiem\u00f6glichkeiten lassen sich jedoch Symptome, wie Schmerzen, Ersch\u00f6pfung, Probleme mit Haut oder Haaren, \u00dcbelkeit oder Lymph\u00f6deme, gut behandeln. Au\u00dferdem stehen den Betroffenen heutzutage viele [&hellip;]\" \/>\n<meta property=\"og:url\" content=\"https:\/\/radioleinewelle.de\/index.php\/2020\/12\/14\/nebenwirkungen-bei-krebs-online-veranstaltung-des-universitaets-krebszentrums-der-universitaetsmedizin-goettingen-g-ccc\/\" \/>\n<meta property=\"og:site_name\" content=\"Radio Leinewelle\" \/>\n<meta property=\"article:publisher\" content=\"https:\/\/www.facebook.com\/radioleinewelle\" \/>\n<meta property=\"article:author\" content=\"https:\/\/www.facebook.com\/radioleinewelle\" \/>\n<meta property=\"article:published_time\" content=\"2020-12-14T04:20:15+00:00\" \/>\n<meta name=\"author\" content=\"Leinewelle\" \/>\n<meta name=\"twitter:card\" content=\"summary_large_image\" \/>\n<meta name=\"twitter:creator\" content=\"@https:\/\/twitter.com\/RLeinewelle?ref_src=twsrcgoogletwcampserptwgrauthor\" \/>\n<meta name=\"twitter:site\" content=\"@RLeinewelle\" \/>\n<meta name=\"twitter:label1\" content=\"Verfasst von\" \/>\n\t<meta name=\"twitter:data1\" content=\"Leinewelle\" \/>\n\t<meta name=\"twitter:label2\" content=\"Gesch\u00e4tzte Lesezeit\" \/>\n\t<meta name=\"twitter:data2\" content=\"3\u00a0Minuten\" \/>\n<script type=\"application\/ld+json\" class=\"yoast-schema-graph\">{\"@context\":\"https:\\\/\\\/schema.org\",\"@graph\":[{\"@type\":\"Article\",\"@id\":\"https:\\\/\\\/radioleinewelle.de\\\/index.php\\\/2020\\\/12\\\/14\\\/nebenwirkungen-bei-krebs-online-veranstaltung-des-universitaets-krebszentrums-der-universitaetsmedizin-goettingen-g-ccc\\\/#article\",\"isPartOf\":{\"@id\":\"https:\\\/\\\/radioleinewelle.de\\\/index.php\\\/2020\\\/12\\\/14\\\/nebenwirkungen-bei-krebs-online-veranstaltung-des-universitaets-krebszentrums-der-universitaetsmedizin-goettingen-g-ccc\\\/\"},\"author\":{\"name\":\"Leinewelle\",\"@id\":\"https:\\\/\\\/radioleinewelle.de\\\/#\\\/schema\\\/person\\\/45606f348637df637192dc1b68399a63\"},\"headline\":\"\u201eNebenwirkungen bei Krebs\u201c: Online-Veranstaltung des Universit\u00e4ts-Krebszentrums der Universit\u00e4tsmedizin G\u00f6ttingen (G-CCC)\",\"datePublished\":\"2020-12-14T04:20:15+00:00\",\"mainEntityOfPage\":{\"@id\":\"https:\\\/\\\/radioleinewelle.de\\\/index.php\\\/2020\\\/12\\\/14\\\/nebenwirkungen-bei-krebs-online-veranstaltung-des-universitaets-krebszentrums-der-universitaetsmedizin-goettingen-g-ccc\\\/\"},\"wordCount\":548,\"publisher\":{\"@id\":\"https:\\\/\\\/radioleinewelle.de\\\/#organization\"},\"articleSection\":[\"Gesundheit\"],\"inLanguage\":\"de\"},{\"@type\":\"WebPage\",\"@id\":\"https:\\\/\\\/radioleinewelle.de\\\/index.php\\\/2020\\\/12\\\/14\\\/nebenwirkungen-bei-krebs-online-veranstaltung-des-universitaets-krebszentrums-der-universitaetsmedizin-goettingen-g-ccc\\\/\",\"url\":\"https:\\\/\\\/radioleinewelle.de\\\/index.php\\\/2020\\\/12\\\/14\\\/nebenwirkungen-bei-krebs-online-veranstaltung-des-universitaets-krebszentrums-der-universitaetsmedizin-goettingen-g-ccc\\\/\",\"name\":\"\u201eNebenwirkungen bei Krebs\u201c: Online-Veranstaltung des Universit\u00e4ts-Krebszentrums der Universit\u00e4tsmedizin G\u00f6ttingen (G-CCC) - Radio Leinewelle\",\"isPartOf\":{\"@id\":\"https:\\\/\\\/radioleinewelle.de\\\/#website\"},\"datePublished\":\"2020-12-14T04:20:15+00:00\",\"breadcrumb\":{\"@id\":\"https:\\\/\\\/radioleinewelle.de\\\/index.php\\\/2020\\\/12\\\/14\\\/nebenwirkungen-bei-krebs-online-veranstaltung-des-universitaets-krebszentrums-der-universitaetsmedizin-goettingen-g-ccc\\\/#breadcrumb\"},\"inLanguage\":\"de\",\"potentialAction\":[{\"@type\":\"ReadAction\",\"target\":[\"https:\\\/\\\/radioleinewelle.de\\\/index.php\\\/2020\\\/12\\\/14\\\/nebenwirkungen-bei-krebs-online-veranstaltung-des-universitaets-krebszentrums-der-universitaetsmedizin-goettingen-g-ccc\\\/\"]}]},{\"@type\":\"BreadcrumbList\",\"@id\":\"https:\\\/\\\/radioleinewelle.de\\\/index.php\\\/2020\\\/12\\\/14\\\/nebenwirkungen-bei-krebs-online-veranstaltung-des-universitaets-krebszentrums-der-universitaetsmedizin-goettingen-g-ccc\\\/#breadcrumb\",\"itemListElement\":[{\"@type\":\"ListItem\",\"position\":1,\"name\":\"Startseite\",\"item\":\"https:\\\/\\\/radioleinewelle.de\\\/\"},{\"@type\":\"ListItem\",\"position\":2,\"name\":\"\u201eNebenwirkungen bei Krebs\u201c: Online-Veranstaltung des Universit\u00e4ts-Krebszentrums der Universit\u00e4tsmedizin G\u00f6ttingen (G-CCC)\"}]},{\"@type\":\"WebSite\",\"@id\":\"https:\\\/\\\/radioleinewelle.de\\\/#website\",\"url\":\"https:\\\/\\\/radioleinewelle.de\\\/\",\"name\":\"Radio Leinewelle\",\"description\":\"\",\"publisher\":{\"@id\":\"https:\\\/\\\/radioleinewelle.de\\\/#organization\"},\"potentialAction\":[{\"@type\":\"SearchAction\",\"target\":{\"@type\":\"EntryPoint\",\"urlTemplate\":\"https:\\\/\\\/radioleinewelle.de\\\/?s={search_term_string}\"},\"query-input\":{\"@type\":\"PropertyValueSpecification\",\"valueRequired\":true,\"valueName\":\"search_term_string\"}}],\"inLanguage\":\"de\"},{\"@type\":\"Organization\",\"@id\":\"https:\\\/\\\/radioleinewelle.de\\\/#organization\",\"name\":\"Radio Leinewelle\",\"alternateName\":\"Mein Radio f\u00fcr S\u00fcdniedersachsen\",\"url\":\"https:\\\/\\\/radioleinewelle.de\\\/\",\"logo\":{\"@type\":\"ImageObject\",\"inLanguage\":\"de\",\"@id\":\"https:\\\/\\\/radioleinewelle.de\\\/#\\\/schema\\\/logo\\\/image\\\/\",\"url\":\"https:\\\/\\\/radioleinewelle.de\\\/wp-content\\\/uploads\\\/2023\\\/11\\\/cropped-Leinewelle_Logo_weiss.png\",\"contentUrl\":\"https:\\\/\\\/radioleinewelle.de\\\/wp-content\\\/uploads\\\/2023\\\/11\\\/cropped-Leinewelle_Logo_weiss.png\",\"width\":854,\"height\":260,\"caption\":\"Radio Leinewelle\"},\"image\":{\"@id\":\"https:\\\/\\\/radioleinewelle.de\\\/#\\\/schema\\\/logo\\\/image\\\/\"},\"sameAs\":[\"https:\\\/\\\/www.facebook.com\\\/radioleinewelle\",\"https:\\\/\\\/x.com\\\/RLeinewelle\",\"https:\\\/\\\/www.instagram.com\\\/radioleinewelle\\\/?hl=de\"]},{\"@type\":\"Person\",\"@id\":\"https:\\\/\\\/radioleinewelle.de\\\/#\\\/schema\\\/person\\\/45606f348637df637192dc1b68399a63\",\"name\":\"Leinewelle\",\"image\":{\"@type\":\"ImageObject\",\"inLanguage\":\"de\",\"@id\":\"https:\\\/\\\/secure.gravatar.com\\\/avatar\\\/05c9a17bc973052ee5d91549bd32fb4dd0dc85b7b85ae94b2e2b4943476bbea5?s=96&d=blank&r=g\",\"url\":\"https:\\\/\\\/secure.gravatar.com\\\/avatar\\\/05c9a17bc973052ee5d91549bd32fb4dd0dc85b7b85ae94b2e2b4943476bbea5?s=96&d=blank&r=g\",\"contentUrl\":\"https:\\\/\\\/secure.gravatar.com\\\/avatar\\\/05c9a17bc973052ee5d91549bd32fb4dd0dc85b7b85ae94b2e2b4943476bbea5?s=96&d=blank&r=g\",\"caption\":\"Leinewelle\"},\"sameAs\":[\"http:\\\/\\\/localhost\\\/radio%20leinewelle\\\/wordpress\",\"https:\\\/\\\/www.facebook.com\\\/radioleinewelle\",\"https:\\\/\\\/www.instagram.com\\\/radioleinewelle\",\"https:\\\/\\\/x.com\\\/https:\\\/\\\/twitter.com\\\/RLeinewelle?ref_src=twsrcgoogletwcampserptwgrauthor\",\"https:\\\/\\\/soundcloud.com\\\/foerderverein-lokalradio?utm_source=clipboard&utm_medium=text&utm_campaign=social_sharing\"],\"url\":\"https:\\\/\\\/radioleinewelle.de\\\/index.php\\\/author\\\/leinewelle\\\/\"}]}<\/script>\n<!-- \/ Yoast SEO plugin. -->","yoast_head_json":{"title":"\u201eNebenwirkungen bei Krebs\u201c: Online-Veranstaltung des Universit\u00e4ts-Krebszentrums der Universit\u00e4tsmedizin G\u00f6ttingen (G-CCC) - Radio Leinewelle","robots":{"index":"index","follow":"follow","max-snippet":"max-snippet:-1","max-image-preview":"max-image-preview:large","max-video-preview":"max-video-preview:-1"},"canonical":"https:\/\/radioleinewelle.de\/index.php\/2020\/12\/14\/nebenwirkungen-bei-krebs-online-veranstaltung-des-universitaets-krebszentrums-der-universitaetsmedizin-goettingen-g-ccc\/","og_locale":"de_DE","og_type":"article","og_title":"\u201eNebenwirkungen bei Krebs\u201c: Online-Veranstaltung des Universit\u00e4ts-Krebszentrums der Universit\u00e4tsmedizin G\u00f6ttingen (G-CCC) - Radio Leinewelle","og_description":"(umg) Viele Krebspatient*innen f\u00fcrchten sich nicht nur vor den Nebenwirkungen einer Therapie, sondern auch vor m\u00f6glichen Langzeitfolgen. Diese k\u00f6nnen sowohl durch die Behandlung wie auch durch die Erkrankung entstehen. Mit modernen Therapiem\u00f6glichkeiten lassen sich jedoch Symptome, wie Schmerzen, Ersch\u00f6pfung, Probleme mit Haut oder Haaren, \u00dcbelkeit oder Lymph\u00f6deme, gut behandeln. Au\u00dferdem stehen den Betroffenen heutzutage viele [&hellip;]","og_url":"https:\/\/radioleinewelle.de\/index.php\/2020\/12\/14\/nebenwirkungen-bei-krebs-online-veranstaltung-des-universitaets-krebszentrums-der-universitaetsmedizin-goettingen-g-ccc\/","og_site_name":"Radio Leinewelle","article_publisher":"https:\/\/www.facebook.com\/radioleinewelle","article_author":"https:\/\/www.facebook.com\/radioleinewelle","article_published_time":"2020-12-14T04:20:15+00:00","author":"Leinewelle","twitter_card":"summary_large_image","twitter_creator":"@https:\/\/twitter.com\/RLeinewelle?ref_src=twsrcgoogletwcampserptwgrauthor","twitter_site":"@RLeinewelle","twitter_misc":{"Verfasst von":"Leinewelle","Gesch\u00e4tzte Lesezeit":"3\u00a0Minuten"},"schema":{"@context":"https:\/\/schema.org","@graph":[{"@type":"Article","@id":"https:\/\/radioleinewelle.de\/index.php\/2020\/12\/14\/nebenwirkungen-bei-krebs-online-veranstaltung-des-universitaets-krebszentrums-der-universitaetsmedizin-goettingen-g-ccc\/#article","isPartOf":{"@id":"https:\/\/radioleinewelle.de\/index.php\/2020\/12\/14\/nebenwirkungen-bei-krebs-online-veranstaltung-des-universitaets-krebszentrums-der-universitaetsmedizin-goettingen-g-ccc\/"},"author":{"name":"Leinewelle","@id":"https:\/\/radioleinewelle.de\/#\/schema\/person\/45606f348637df637192dc1b68399a63"},"headline":"\u201eNebenwirkungen bei Krebs\u201c: Online-Veranstaltung des Universit\u00e4ts-Krebszentrums der Universit\u00e4tsmedizin G\u00f6ttingen (G-CCC)","datePublished":"2020-12-14T04:20:15+00:00","mainEntityOfPage":{"@id":"https:\/\/radioleinewelle.de\/index.php\/2020\/12\/14\/nebenwirkungen-bei-krebs-online-veranstaltung-des-universitaets-krebszentrums-der-universitaetsmedizin-goettingen-g-ccc\/"},"wordCount":548,"publisher":{"@id":"https:\/\/radioleinewelle.de\/#organization"},"articleSection":["Gesundheit"],"inLanguage":"de"},{"@type":"WebPage","@id":"https:\/\/radioleinewelle.de\/index.php\/2020\/12\/14\/nebenwirkungen-bei-krebs-online-veranstaltung-des-universitaets-krebszentrums-der-universitaetsmedizin-goettingen-g-ccc\/","url":"https:\/\/radioleinewelle.de\/index.php\/2020\/12\/14\/nebenwirkungen-bei-krebs-online-veranstaltung-des-universitaets-krebszentrums-der-universitaetsmedizin-goettingen-g-ccc\/","name":"\u201eNebenwirkungen bei Krebs\u201c: Online-Veranstaltung des Universit\u00e4ts-Krebszentrums der Universit\u00e4tsmedizin G\u00f6ttingen (G-CCC) - Radio Leinewelle","isPartOf":{"@id":"https:\/\/radioleinewelle.de\/#website"},"datePublished":"2020-12-14T04:20:15+00:00","breadcrumb":{"@id":"https:\/\/radioleinewelle.de\/index.php\/2020\/12\/14\/nebenwirkungen-bei-krebs-online-veranstaltung-des-universitaets-krebszentrums-der-universitaetsmedizin-goettingen-g-ccc\/#breadcrumb"},"inLanguage":"de","potentialAction":[{"@type":"ReadAction","target":["https:\/\/radioleinewelle.de\/index.php\/2020\/12\/14\/nebenwirkungen-bei-krebs-online-veranstaltung-des-universitaets-krebszentrums-der-universitaetsmedizin-goettingen-g-ccc\/"]}]},{"@type":"BreadcrumbList","@id":"https:\/\/radioleinewelle.de\/index.php\/2020\/12\/14\/nebenwirkungen-bei-krebs-online-veranstaltung-des-universitaets-krebszentrums-der-universitaetsmedizin-goettingen-g-ccc\/#breadcrumb","itemListElement":[{"@type":"ListItem","position":1,"name":"Startseite","item":"https:\/\/radioleinewelle.de\/"},{"@type":"ListItem","position":2,"name":"\u201eNebenwirkungen bei Krebs\u201c: Online-Veranstaltung des Universit\u00e4ts-Krebszentrums der Universit\u00e4tsmedizin G\u00f6ttingen (G-CCC)"}]},{"@type":"WebSite","@id":"https:\/\/radioleinewelle.de\/#website","url":"https:\/\/radioleinewelle.de\/","name":"Radio Leinewelle","description":"","publisher":{"@id":"https:\/\/radioleinewelle.de\/#organization"},"potentialAction":[{"@type":"SearchAction","target":{"@type":"EntryPoint","urlTemplate":"https:\/\/radioleinewelle.de\/?s={search_term_string}"},"query-input":{"@type":"PropertyValueSpecification","valueRequired":true,"valueName":"search_term_string"}}],"inLanguage":"de"},{"@type":"Organization","@id":"https:\/\/radioleinewelle.de\/#organization","name":"Radio Leinewelle","alternateName":"Mein Radio f\u00fcr S\u00fcdniedersachsen","url":"https:\/\/radioleinewelle.de\/","logo":{"@type":"ImageObject","inLanguage":"de","@id":"https:\/\/radioleinewelle.de\/#\/schema\/logo\/image\/","url":"https:\/\/radioleinewelle.de\/wp-content\/uploads\/2023\/11\/cropped-Leinewelle_Logo_weiss.png","contentUrl":"https:\/\/radioleinewelle.de\/wp-content\/uploads\/2023\/11\/cropped-Leinewelle_Logo_weiss.png","width":854,"height":260,"caption":"Radio Leinewelle"},"image":{"@id":"https:\/\/radioleinewelle.de\/#\/schema\/logo\/image\/"},"sameAs":["https:\/\/www.facebook.com\/radioleinewelle","https:\/\/x.com\/RLeinewelle","https:\/\/www.instagram.com\/radioleinewelle\/?hl=de"]},{"@type":"Person","@id":"https:\/\/radioleinewelle.de\/#\/schema\/person\/45606f348637df637192dc1b68399a63","name":"Leinewelle","image":{"@type":"ImageObject","inLanguage":"de","@id":"https:\/\/secure.gravatar.com\/avatar\/05c9a17bc973052ee5d91549bd32fb4dd0dc85b7b85ae94b2e2b4943476bbea5?s=96&d=blank&r=g","url":"https:\/\/secure.gravatar.com\/avatar\/05c9a17bc973052ee5d91549bd32fb4dd0dc85b7b85ae94b2e2b4943476bbea5?s=96&d=blank&r=g","contentUrl":"https:\/\/secure.gravatar.com\/avatar\/05c9a17bc973052ee5d91549bd32fb4dd0dc85b7b85ae94b2e2b4943476bbea5?s=96&d=blank&r=g","caption":"Leinewelle"},"sameAs":["http:\/\/localhost\/radio%20leinewelle\/wordpress","https:\/\/www.facebook.com\/radioleinewelle","https:\/\/www.instagram.com\/radioleinewelle","https:\/\/x.com\/https:\/\/twitter.com\/RLeinewelle?ref_src=twsrcgoogletwcampserptwgrauthor","https:\/\/soundcloud.com\/foerderverein-lokalradio?utm_source=clipboard&utm_medium=text&utm_campaign=social_sharing"],"url":"https:\/\/radioleinewelle.de\/index.php\/author\/leinewelle\/"}]}},"_links":{"self":[{"href":"https:\/\/radioleinewelle.de\/index.php\/wp-json\/wp\/v2\/posts\/3503","targetHints":{"allow":["GET"]}}],"collection":[{"href":"https:\/\/radioleinewelle.de\/index.php\/wp-json\/wp\/v2\/posts"}],"about":[{"href":"https:\/\/radioleinewelle.de\/index.php\/wp-json\/wp\/v2\/types\/post"}],"author":[{"embeddable":true,"href":"https:\/\/radioleinewelle.de\/index.php\/wp-json\/wp\/v2\/users\/1"}],"replies":[{"embeddable":true,"href":"https:\/\/radioleinewelle.de\/index.php\/wp-json\/wp\/v2\/comments?post=3503"}],"version-history":[{"count":0,"href":"https:\/\/radioleinewelle.de\/index.php\/wp-json\/wp\/v2\/posts\/3503\/revisions"}],"wp:attachment":[{"href":"https:\/\/radioleinewelle.de\/index.php\/wp-json\/wp\/v2\/media?parent=3503"}],"wp:term":[{"taxonomy":"category","embeddable":true,"href":"https:\/\/radioleinewelle.de\/index.php\/wp-json\/wp\/v2\/categories?post=3503"},{"taxonomy":"post_tag","embeddable":true,"href":"https:\/\/radioleinewelle.de\/index.php\/wp-json\/wp\/v2\/tags?post=3503"}],"curies":[{"name":"wp","href":"https:\/\/api.w.org\/{rel}","templated":true}]}}