{"id":3510,"date":"2020-12-14T05:00:47","date_gmt":"2020-12-14T04:00:47","guid":{"rendered":"https:\/\/radioleinewelle.de\/?p=3510"},"modified":"2020-12-14T05:00:47","modified_gmt":"2020-12-14T04:00:47","slug":"corona-sonderprogramm-in-not-geratene-jugend-und-familieneinrichtungen-koennen-weiterhin-mittel-beantragen","status":"publish","type":"post","link":"https:\/\/radioleinewelle.de\/index.php\/2020\/12\/14\/corona-sonderprogramm-in-not-geratene-jugend-und-familieneinrichtungen-koennen-weiterhin-mittel-beantragen\/","title":{"rendered":"Corona-Sonderprogramm: In Not geratene Jugend- und Familieneinrichtungen k\u00f6nnen weiterhin Mittel beantragen"},"content":{"rendered":"<p>Tr\u00e4ger der Jugend- und Familienbildung und -erholung k\u00f6nnen weiterhin finanzielle Unterst\u00fctzung vom Land beantragen, wenn sie aufgrund der pandemiebedingten Einschr\u00e4nkungen in eine wirtschaftliche Notlage geraten sind. Das Land Niedersachsen hat hierf\u00fcr insgesamt 29,8 Millionen Euro zur Verf\u00fcgung gestellt. Das F\u00f6rderprogramm ist nun bis zum 30.04.2021 aufgrund der andauernden Corona-Pandemie und der Auswirkungen des derzeitigen Lockdowns, der zu weitgehenden Schlie\u00dfungen von Tagungs-, Bildungs- und Beherbergungsh\u00e4usern gef\u00fchrt hat, verl\u00e4ngert worden.<\/p>\n<p>Hierzu sagt Sozial- und Gesundheitsministerin Dr. Carola Reimann: \u201eDie soziale Entwicklung von Kindern und Jugendlichen findet in gro\u00dfen Teilen au\u00dferhalb von Schule statt. Die nieders\u00e4chsischen Jugend- und Familieneinrichtungen leisten hierzu wertvolle und unverzichtbare Arbeit. Dieses Sofortprogramm ist wichtig, damit all diejenigen, die aufgrund der Ausbreitung des Corona-Virus in existenzielle Schwierigkeiten geraten sind, ihren Betrieb fortf\u00fchren k\u00f6nnen. So sichern wir den k\u00fcnftigen Erhalt dieser wichtigen Angebote. Anspruchsberechtige Tr\u00e4ger k\u00f6nnen die Unterst\u00fctzung jetzt unb\u00fcrokratisch direkt online beim Landessozialamt beantragen.\u201c<\/p>\n<p>Wer Anspruch auf die F\u00f6rderung hat, ist ebenso wie die Antragsunterlagen im Internet unter <a class=\"download\" href=\"https:\/\/soziales.niedersachsen.de\/startseite\/kinder_jugend_familie\/corona_sonderprogramm_fur_jugend_und_familienbildung\/corona-sonderprogramm-191715.html\" target=\"target=\" rel=\"noopener\">www.soziales.niedersachsen.de<\/a> zu finden.<\/p>\n<p>Bild von <a href=\"https:\/\/pixabay.com\/de\/users\/geralt-9301\/?utm_source=link-attribution&amp;utm_medium=referral&amp;utm_campaign=image&amp;utm_content=5148399\">Gerd Altmann<\/a> auf <a href=\"https:\/\/pixabay.com\/de\/?utm_source=link-attribution&amp;utm_medium=referral&amp;utm_campaign=image&amp;utm_content=5148399\">Pixaba<\/a><\/p>\n","protected":false},"excerpt":{"rendered":"<p>Tr\u00e4ger der Jugend- und Familienbildung und -erholung k\u00f6nnen weiterhin finanzielle Unterst\u00fctzung vom Land beantragen, wenn sie aufgrund der pandemiebedingten Einschr\u00e4nkungen in eine wirtschaftliche Notlage geraten sind. Das Land Niedersachsen hat hierf\u00fcr insgesamt 29,8 Millionen Euro zur Verf\u00fcgung gestellt. Das F\u00f6rderprogramm ist nun bis zum 30.04.2021 aufgrund der andauernden Corona-Pandemie und der Auswirkungen des derzeitigen Lockdowns, [&hellip;]<\/p>\n","protected":false},"author":1,"featured_media":0,"comment_status":"closed","ping_status":"closed","sticky":false,"template":"","format":"standard","meta":{"saved_in_kubio":false,"footnotes":""},"categories":[23],"tags":[],"class_list":["post-3510","post","type-post","status-publish","format-standard","hentry","category-corona"],"yoast_head":"<!-- This site is optimized with the Yoast SEO plugin v27.5 - https:\/\/yoast.com\/product\/yoast-seo-wordpress\/ -->\n<title>Corona-Sonderprogramm: In Not geratene Jugend- und Familieneinrichtungen k\u00f6nnen weiterhin Mittel beantragen - Radio Leinewelle<\/title>\n<meta name=\"robots\" content=\"index, follow, max-snippet:-1, max-image-preview:large, max-video-preview:-1\" \/>\n<link rel=\"canonical\" href=\"https:\/\/radioleinewelle.de\/index.php\/2020\/12\/14\/corona-sonderprogramm-in-not-geratene-jugend-und-familieneinrichtungen-koennen-weiterhin-mittel-beantragen\/\" \/>\n<meta property=\"og:locale\" content=\"de_DE\" \/>\n<meta property=\"og:type\" content=\"article\" \/>\n<meta property=\"og:title\" content=\"Corona-Sonderprogramm: In Not geratene Jugend- und Familieneinrichtungen k\u00f6nnen weiterhin Mittel beantragen - Radio Leinewelle\" \/>\n<meta property=\"og:description\" content=\"Tr\u00e4ger der Jugend- und Familienbildung und -erholung k\u00f6nnen weiterhin finanzielle Unterst\u00fctzung vom Land beantragen, wenn sie aufgrund der pandemiebedingten Einschr\u00e4nkungen in eine wirtschaftliche Notlage geraten sind. Das Land Niedersachsen hat hierf\u00fcr insgesamt 29,8 Millionen Euro zur Verf\u00fcgung gestellt. Das F\u00f6rderprogramm ist nun bis zum 30.04.2021 aufgrund der andauernden Corona-Pandemie und der Auswirkungen des derzeitigen Lockdowns, [&hellip;]\" \/>\n<meta property=\"og:url\" content=\"https:\/\/radioleinewelle.de\/index.php\/2020\/12\/14\/corona-sonderprogramm-in-not-geratene-jugend-und-familieneinrichtungen-koennen-weiterhin-mittel-beantragen\/\" \/>\n<meta property=\"og:site_name\" content=\"Radio Leinewelle\" \/>\n<meta property=\"article:publisher\" content=\"https:\/\/www.facebook.com\/radioleinewelle\" \/>\n<meta property=\"article:author\" content=\"https:\/\/www.facebook.com\/radioleinewelle\" \/>\n<meta property=\"article:published_time\" content=\"2020-12-14T04:00:47+00:00\" \/>\n<meta name=\"author\" content=\"Leinewelle\" \/>\n<meta name=\"twitter:card\" content=\"summary_large_image\" \/>\n<meta name=\"twitter:creator\" content=\"@https:\/\/twitter.com\/RLeinewelle?ref_src=twsrcgoogletwcampserptwgrauthor\" \/>\n<meta name=\"twitter:site\" content=\"@RLeinewelle\" \/>\n<meta name=\"twitter:label1\" content=\"Verfasst von\" \/>\n\t<meta name=\"twitter:data1\" content=\"Leinewelle\" \/>\n\t<meta name=\"twitter:label2\" content=\"Gesch\u00e4tzte Lesezeit\" \/>\n\t<meta name=\"twitter:data2\" content=\"1\u00a0Minute\" \/>\n<script type=\"application\/ld+json\" class=\"yoast-schema-graph\">{\"@context\":\"https:\\\/\\\/schema.org\",\"@graph\":[{\"@type\":\"Article\",\"@id\":\"https:\\\/\\\/radioleinewelle.de\\\/index.php\\\/2020\\\/12\\\/14\\\/corona-sonderprogramm-in-not-geratene-jugend-und-familieneinrichtungen-koennen-weiterhin-mittel-beantragen\\\/#article\",\"isPartOf\":{\"@id\":\"https:\\\/\\\/radioleinewelle.de\\\/index.php\\\/2020\\\/12\\\/14\\\/corona-sonderprogramm-in-not-geratene-jugend-und-familieneinrichtungen-koennen-weiterhin-mittel-beantragen\\\/\"},\"author\":{\"name\":\"Leinewelle\",\"@id\":\"https:\\\/\\\/radioleinewelle.de\\\/#\\\/schema\\\/person\\\/45606f348637df637192dc1b68399a63\"},\"headline\":\"Corona-Sonderprogramm: In Not geratene Jugend- und Familieneinrichtungen k\u00f6nnen weiterhin Mittel beantragen\",\"datePublished\":\"2020-12-14T04:00:47+00:00\",\"mainEntityOfPage\":{\"@id\":\"https:\\\/\\\/radioleinewelle.de\\\/index.php\\\/2020\\\/12\\\/14\\\/corona-sonderprogramm-in-not-geratene-jugend-und-familieneinrichtungen-koennen-weiterhin-mittel-beantragen\\\/\"},\"wordCount\":203,\"publisher\":{\"@id\":\"https:\\\/\\\/radioleinewelle.de\\\/#organization\"},\"articleSection\":[\"Corona\"],\"inLanguage\":\"de\"},{\"@type\":\"WebPage\",\"@id\":\"https:\\\/\\\/radioleinewelle.de\\\/index.php\\\/2020\\\/12\\\/14\\\/corona-sonderprogramm-in-not-geratene-jugend-und-familieneinrichtungen-koennen-weiterhin-mittel-beantragen\\\/\",\"url\":\"https:\\\/\\\/radioleinewelle.de\\\/index.php\\\/2020\\\/12\\\/14\\\/corona-sonderprogramm-in-not-geratene-jugend-und-familieneinrichtungen-koennen-weiterhin-mittel-beantragen\\\/\",\"name\":\"Corona-Sonderprogramm: In Not geratene Jugend- und Familieneinrichtungen k\u00f6nnen weiterhin Mittel beantragen - Radio Leinewelle\",\"isPartOf\":{\"@id\":\"https:\\\/\\\/radioleinewelle.de\\\/#website\"},\"datePublished\":\"2020-12-14T04:00:47+00:00\",\"breadcrumb\":{\"@id\":\"https:\\\/\\\/radioleinewelle.de\\\/index.php\\\/2020\\\/12\\\/14\\\/corona-sonderprogramm-in-not-geratene-jugend-und-familieneinrichtungen-koennen-weiterhin-mittel-beantragen\\\/#breadcrumb\"},\"inLanguage\":\"de\",\"potentialAction\":[{\"@type\":\"ReadAction\",\"target\":[\"https:\\\/\\\/radioleinewelle.de\\\/index.php\\\/2020\\\/12\\\/14\\\/corona-sonderprogramm-in-not-geratene-jugend-und-familieneinrichtungen-koennen-weiterhin-mittel-beantragen\\\/\"]}]},{\"@type\":\"BreadcrumbList\",\"@id\":\"https:\\\/\\\/radioleinewelle.de\\\/index.php\\\/2020\\\/12\\\/14\\\/corona-sonderprogramm-in-not-geratene-jugend-und-familieneinrichtungen-koennen-weiterhin-mittel-beantragen\\\/#breadcrumb\",\"itemListElement\":[{\"@type\":\"ListItem\",\"position\":1,\"name\":\"Startseite\",\"item\":\"https:\\\/\\\/radioleinewelle.de\\\/\"},{\"@type\":\"ListItem\",\"position\":2,\"name\":\"Corona-Sonderprogramm: In Not geratene Jugend- und Familieneinrichtungen k\u00f6nnen weiterhin Mittel beantragen\"}]},{\"@type\":\"WebSite\",\"@id\":\"https:\\\/\\\/radioleinewelle.de\\\/#website\",\"url\":\"https:\\\/\\\/radioleinewelle.de\\\/\",\"name\":\"Radio Leinewelle\",\"description\":\"\",\"publisher\":{\"@id\":\"https:\\\/\\\/radioleinewelle.de\\\/#organization\"},\"potentialAction\":[{\"@type\":\"SearchAction\",\"target\":{\"@type\":\"EntryPoint\",\"urlTemplate\":\"https:\\\/\\\/radioleinewelle.de\\\/?s={search_term_string}\"},\"query-input\":{\"@type\":\"PropertyValueSpecification\",\"valueRequired\":true,\"valueName\":\"search_term_string\"}}],\"inLanguage\":\"de\"},{\"@type\":\"Organization\",\"@id\":\"https:\\\/\\\/radioleinewelle.de\\\/#organization\",\"name\":\"Radio Leinewelle\",\"alternateName\":\"Mein Radio f\u00fcr S\u00fcdniedersachsen\",\"url\":\"https:\\\/\\\/radioleinewelle.de\\\/\",\"logo\":{\"@type\":\"ImageObject\",\"inLanguage\":\"de\",\"@id\":\"https:\\\/\\\/radioleinewelle.de\\\/#\\\/schema\\\/logo\\\/image\\\/\",\"url\":\"https:\\\/\\\/radioleinewelle.de\\\/wp-content\\\/uploads\\\/2023\\\/11\\\/cropped-Leinewelle_Logo_weiss.png\",\"contentUrl\":\"https:\\\/\\\/radioleinewelle.de\\\/wp-content\\\/uploads\\\/2023\\\/11\\\/cropped-Leinewelle_Logo_weiss.png\",\"width\":854,\"height\":260,\"caption\":\"Radio Leinewelle\"},\"image\":{\"@id\":\"https:\\\/\\\/radioleinewelle.de\\\/#\\\/schema\\\/logo\\\/image\\\/\"},\"sameAs\":[\"https:\\\/\\\/www.facebook.com\\\/radioleinewelle\",\"https:\\\/\\\/x.com\\\/RLeinewelle\",\"https:\\\/\\\/www.instagram.com\\\/radioleinewelle\\\/?hl=de\"]},{\"@type\":\"Person\",\"@id\":\"https:\\\/\\\/radioleinewelle.de\\\/#\\\/schema\\\/person\\\/45606f348637df637192dc1b68399a63\",\"name\":\"Leinewelle\",\"image\":{\"@type\":\"ImageObject\",\"inLanguage\":\"de\",\"@id\":\"https:\\\/\\\/secure.gravatar.com\\\/avatar\\\/05c9a17bc973052ee5d91549bd32fb4dd0dc85b7b85ae94b2e2b4943476bbea5?s=96&d=blank&r=g\",\"url\":\"https:\\\/\\\/secure.gravatar.com\\\/avatar\\\/05c9a17bc973052ee5d91549bd32fb4dd0dc85b7b85ae94b2e2b4943476bbea5?s=96&d=blank&r=g\",\"contentUrl\":\"https:\\\/\\\/secure.gravatar.com\\\/avatar\\\/05c9a17bc973052ee5d91549bd32fb4dd0dc85b7b85ae94b2e2b4943476bbea5?s=96&d=blank&r=g\",\"caption\":\"Leinewelle\"},\"sameAs\":[\"http:\\\/\\\/localhost\\\/radio%20leinewelle\\\/wordpress\",\"https:\\\/\\\/www.facebook.com\\\/radioleinewelle\",\"https:\\\/\\\/www.instagram.com\\\/radioleinewelle\",\"https:\\\/\\\/x.com\\\/https:\\\/\\\/twitter.com\\\/RLeinewelle?ref_src=twsrcgoogletwcampserptwgrauthor\",\"https:\\\/\\\/soundcloud.com\\\/foerderverein-lokalradio?utm_source=clipboard&utm_medium=text&utm_campaign=social_sharing\"],\"url\":\"https:\\\/\\\/radioleinewelle.de\\\/index.php\\\/author\\\/leinewelle\\\/\"}]}<\/script>\n<!-- \/ Yoast SEO plugin. -->","yoast_head_json":{"title":"Corona-Sonderprogramm: In Not geratene Jugend- und Familieneinrichtungen k\u00f6nnen weiterhin Mittel beantragen - Radio Leinewelle","robots":{"index":"index","follow":"follow","max-snippet":"max-snippet:-1","max-image-preview":"max-image-preview:large","max-video-preview":"max-video-preview:-1"},"canonical":"https:\/\/radioleinewelle.de\/index.php\/2020\/12\/14\/corona-sonderprogramm-in-not-geratene-jugend-und-familieneinrichtungen-koennen-weiterhin-mittel-beantragen\/","og_locale":"de_DE","og_type":"article","og_title":"Corona-Sonderprogramm: In Not geratene Jugend- und Familieneinrichtungen k\u00f6nnen weiterhin Mittel beantragen - Radio Leinewelle","og_description":"Tr\u00e4ger der Jugend- und Familienbildung und -erholung k\u00f6nnen weiterhin finanzielle Unterst\u00fctzung vom Land beantragen, wenn sie aufgrund der pandemiebedingten Einschr\u00e4nkungen in eine wirtschaftliche Notlage geraten sind. Das Land Niedersachsen hat hierf\u00fcr insgesamt 29,8 Millionen Euro zur Verf\u00fcgung gestellt. Das F\u00f6rderprogramm ist nun bis zum 30.04.2021 aufgrund der andauernden Corona-Pandemie und der Auswirkungen des derzeitigen Lockdowns, [&hellip;]","og_url":"https:\/\/radioleinewelle.de\/index.php\/2020\/12\/14\/corona-sonderprogramm-in-not-geratene-jugend-und-familieneinrichtungen-koennen-weiterhin-mittel-beantragen\/","og_site_name":"Radio Leinewelle","article_publisher":"https:\/\/www.facebook.com\/radioleinewelle","article_author":"https:\/\/www.facebook.com\/radioleinewelle","article_published_time":"2020-12-14T04:00:47+00:00","author":"Leinewelle","twitter_card":"summary_large_image","twitter_creator":"@https:\/\/twitter.com\/RLeinewelle?ref_src=twsrcgoogletwcampserptwgrauthor","twitter_site":"@RLeinewelle","twitter_misc":{"Verfasst von":"Leinewelle","Gesch\u00e4tzte Lesezeit":"1\u00a0Minute"},"schema":{"@context":"https:\/\/schema.org","@graph":[{"@type":"Article","@id":"https:\/\/radioleinewelle.de\/index.php\/2020\/12\/14\/corona-sonderprogramm-in-not-geratene-jugend-und-familieneinrichtungen-koennen-weiterhin-mittel-beantragen\/#article","isPartOf":{"@id":"https:\/\/radioleinewelle.de\/index.php\/2020\/12\/14\/corona-sonderprogramm-in-not-geratene-jugend-und-familieneinrichtungen-koennen-weiterhin-mittel-beantragen\/"},"author":{"name":"Leinewelle","@id":"https:\/\/radioleinewelle.de\/#\/schema\/person\/45606f348637df637192dc1b68399a63"},"headline":"Corona-Sonderprogramm: In Not geratene Jugend- und Familieneinrichtungen k\u00f6nnen weiterhin Mittel beantragen","datePublished":"2020-12-14T04:00:47+00:00","mainEntityOfPage":{"@id":"https:\/\/radioleinewelle.de\/index.php\/2020\/12\/14\/corona-sonderprogramm-in-not-geratene-jugend-und-familieneinrichtungen-koennen-weiterhin-mittel-beantragen\/"},"wordCount":203,"publisher":{"@id":"https:\/\/radioleinewelle.de\/#organization"},"articleSection":["Corona"],"inLanguage":"de"},{"@type":"WebPage","@id":"https:\/\/radioleinewelle.de\/index.php\/2020\/12\/14\/corona-sonderprogramm-in-not-geratene-jugend-und-familieneinrichtungen-koennen-weiterhin-mittel-beantragen\/","url":"https:\/\/radioleinewelle.de\/index.php\/2020\/12\/14\/corona-sonderprogramm-in-not-geratene-jugend-und-familieneinrichtungen-koennen-weiterhin-mittel-beantragen\/","name":"Corona-Sonderprogramm: In Not geratene Jugend- und Familieneinrichtungen k\u00f6nnen weiterhin Mittel beantragen - Radio Leinewelle","isPartOf":{"@id":"https:\/\/radioleinewelle.de\/#website"},"datePublished":"2020-12-14T04:00:47+00:00","breadcrumb":{"@id":"https:\/\/radioleinewelle.de\/index.php\/2020\/12\/14\/corona-sonderprogramm-in-not-geratene-jugend-und-familieneinrichtungen-koennen-weiterhin-mittel-beantragen\/#breadcrumb"},"inLanguage":"de","potentialAction":[{"@type":"ReadAction","target":["https:\/\/radioleinewelle.de\/index.php\/2020\/12\/14\/corona-sonderprogramm-in-not-geratene-jugend-und-familieneinrichtungen-koennen-weiterhin-mittel-beantragen\/"]}]},{"@type":"BreadcrumbList","@id":"https:\/\/radioleinewelle.de\/index.php\/2020\/12\/14\/corona-sonderprogramm-in-not-geratene-jugend-und-familieneinrichtungen-koennen-weiterhin-mittel-beantragen\/#breadcrumb","itemListElement":[{"@type":"ListItem","position":1,"name":"Startseite","item":"https:\/\/radioleinewelle.de\/"},{"@type":"ListItem","position":2,"name":"Corona-Sonderprogramm: In Not geratene Jugend- und Familieneinrichtungen k\u00f6nnen weiterhin Mittel beantragen"}]},{"@type":"WebSite","@id":"https:\/\/radioleinewelle.de\/#website","url":"https:\/\/radioleinewelle.de\/","name":"Radio Leinewelle","description":"","publisher":{"@id":"https:\/\/radioleinewelle.de\/#organization"},"potentialAction":[{"@type":"SearchAction","target":{"@type":"EntryPoint","urlTemplate":"https:\/\/radioleinewelle.de\/?s={search_term_string}"},"query-input":{"@type":"PropertyValueSpecification","valueRequired":true,"valueName":"search_term_string"}}],"inLanguage":"de"},{"@type":"Organization","@id":"https:\/\/radioleinewelle.de\/#organization","name":"Radio Leinewelle","alternateName":"Mein Radio f\u00fcr S\u00fcdniedersachsen","url":"https:\/\/radioleinewelle.de\/","logo":{"@type":"ImageObject","inLanguage":"de","@id":"https:\/\/radioleinewelle.de\/#\/schema\/logo\/image\/","url":"https:\/\/radioleinewelle.de\/wp-content\/uploads\/2023\/11\/cropped-Leinewelle_Logo_weiss.png","contentUrl":"https:\/\/radioleinewelle.de\/wp-content\/uploads\/2023\/11\/cropped-Leinewelle_Logo_weiss.png","width":854,"height":260,"caption":"Radio Leinewelle"},"image":{"@id":"https:\/\/radioleinewelle.de\/#\/schema\/logo\/image\/"},"sameAs":["https:\/\/www.facebook.com\/radioleinewelle","https:\/\/x.com\/RLeinewelle","https:\/\/www.instagram.com\/radioleinewelle\/?hl=de"]},{"@type":"Person","@id":"https:\/\/radioleinewelle.de\/#\/schema\/person\/45606f348637df637192dc1b68399a63","name":"Leinewelle","image":{"@type":"ImageObject","inLanguage":"de","@id":"https:\/\/secure.gravatar.com\/avatar\/05c9a17bc973052ee5d91549bd32fb4dd0dc85b7b85ae94b2e2b4943476bbea5?s=96&d=blank&r=g","url":"https:\/\/secure.gravatar.com\/avatar\/05c9a17bc973052ee5d91549bd32fb4dd0dc85b7b85ae94b2e2b4943476bbea5?s=96&d=blank&r=g","contentUrl":"https:\/\/secure.gravatar.com\/avatar\/05c9a17bc973052ee5d91549bd32fb4dd0dc85b7b85ae94b2e2b4943476bbea5?s=96&d=blank&r=g","caption":"Leinewelle"},"sameAs":["http:\/\/localhost\/radio%20leinewelle\/wordpress","https:\/\/www.facebook.com\/radioleinewelle","https:\/\/www.instagram.com\/radioleinewelle","https:\/\/x.com\/https:\/\/twitter.com\/RLeinewelle?ref_src=twsrcgoogletwcampserptwgrauthor","https:\/\/soundcloud.com\/foerderverein-lokalradio?utm_source=clipboard&utm_medium=text&utm_campaign=social_sharing"],"url":"https:\/\/radioleinewelle.de\/index.php\/author\/leinewelle\/"}]}},"_links":{"self":[{"href":"https:\/\/radioleinewelle.de\/index.php\/wp-json\/wp\/v2\/posts\/3510","targetHints":{"allow":["GET"]}}],"collection":[{"href":"https:\/\/radioleinewelle.de\/index.php\/wp-json\/wp\/v2\/posts"}],"about":[{"href":"https:\/\/radioleinewelle.de\/index.php\/wp-json\/wp\/v2\/types\/post"}],"author":[{"embeddable":true,"href":"https:\/\/radioleinewelle.de\/index.php\/wp-json\/wp\/v2\/users\/1"}],"replies":[{"embeddable":true,"href":"https:\/\/radioleinewelle.de\/index.php\/wp-json\/wp\/v2\/comments?post=3510"}],"version-history":[{"count":0,"href":"https:\/\/radioleinewelle.de\/index.php\/wp-json\/wp\/v2\/posts\/3510\/revisions"}],"wp:attachment":[{"href":"https:\/\/radioleinewelle.de\/index.php\/wp-json\/wp\/v2\/media?parent=3510"}],"wp:term":[{"taxonomy":"category","embeddable":true,"href":"https:\/\/radioleinewelle.de\/index.php\/wp-json\/wp\/v2\/categories?post=3510"},{"taxonomy":"post_tag","embeddable":true,"href":"https:\/\/radioleinewelle.de\/index.php\/wp-json\/wp\/v2\/tags?post=3510"}],"curies":[{"name":"wp","href":"https:\/\/api.w.org\/{rel}","templated":true}]}}