{"id":3514,"date":"2020-12-14T05:22:22","date_gmt":"2020-12-14T04:22:22","guid":{"rendered":"https:\/\/radioleinewelle.de\/?p=3514"},"modified":"2020-12-14T05:22:22","modified_gmt":"2020-12-14T04:22:22","slug":"cdu-nominiert-kreisraetin-marlies-dornieden-als-landratskandidatin","status":"publish","type":"post","link":"https:\/\/radioleinewelle.de\/index.php\/2020\/12\/14\/cdu-nominiert-kreisraetin-marlies-dornieden-als-landratskandidatin\/","title":{"rendered":"CDU nominiert Kreisr\u00e4tin Marlies Dornieden als Landratskandidatin"},"content":{"rendered":"<p>Marlies Dornieden soll f\u00fcr die CDU bei den Kommunalwahlen im September 2021 Landr\u00e4tin werden. Das hat\u00a0der CDU Kreisvorstand in einer Videokonferenz einstimmig vorgeschlagen. Best\u00e4tigt werden soll diese\u00a0Empfehlung in einer Mitgliederversammlung Anfang des n\u00e4chsten Jahres. \u201eMit Marlies Dornieden haben wir\u00a0eine fachlich und menschlich herausragende Pers\u00f6nlichkeit als neue Landr\u00e4tin vorgeschlagen, die zudem auch\u00a0politisch durch ihre langj\u00e4hrigen T\u00e4tigkeiten im CDU-Kreisvorstand sowie im Landesvorstand der\u00a0Kommunalpolitischen Vereinigung und finanzpolitischen Arbeitskreisen auf Landes-und Bundesebene bestens\u00a0vernetzt ist. Sie ist nicht nur aktuelle Managerin der Corona-Krise als Leiterin des Krisenstabes des Landkreises,\u00a0sondern besticht auch durch ihre langj\u00e4hrige Erfahrung in f\u00fchrenden Positionen in der Kommunalverwaltung\u00a0des Landkreises G\u00f6ttingen und der Samtgemeinde Gieboldehausen, wo Dornieden von 2011 bis Anfang 2017\u00a0erfolgreich das Amt der Samtgemeindeb\u00fcrgermeisterin innehatte. Von dort kehrte sie vor knapp vier Jahren\u00a0als Finanz- Personal und Ordnungsdezernentin zur\u00fcck zum fusionierten Landkreis G\u00f6ttingen\u201c, so der CDU\u00a0Kreisvorsitzende Fritz G\u00fcntzler.<\/p>\n<p>Foto: CDU Kreistag G\u00f6ttingen<\/p>\n","protected":false},"excerpt":{"rendered":"<p>Marlies Dornieden soll f\u00fcr die CDU bei den Kommunalwahlen im September 2021 Landr\u00e4tin werden. Das hat\u00a0der CDU Kreisvorstand in einer Videokonferenz einstimmig vorgeschlagen. Best\u00e4tigt werden soll diese\u00a0Empfehlung in einer Mitgliederversammlung Anfang des n\u00e4chsten Jahres. \u201eMit Marlies Dornieden haben wir\u00a0eine fachlich und menschlich herausragende Pers\u00f6nlichkeit als neue Landr\u00e4tin vorgeschlagen, die zudem auch\u00a0politisch durch ihre langj\u00e4hrigen T\u00e4tigkeiten [&hellip;]<\/p>\n","protected":false},"author":1,"featured_media":0,"comment_status":"closed","ping_status":"closed","sticky":false,"template":"","format":"standard","meta":{"saved_in_kubio":false,"footnotes":""},"categories":[39],"tags":[],"class_list":["post-3514","post","type-post","status-publish","format-standard","hentry","category-lokalpolitik"],"yoast_head":"<!-- This site is optimized with the Yoast SEO plugin v27.5 - https:\/\/yoast.com\/product\/yoast-seo-wordpress\/ -->\n<title>CDU nominiert Kreisr\u00e4tin Marlies Dornieden als Landratskandidatin - Radio Leinewelle<\/title>\n<meta name=\"robots\" content=\"index, follow, max-snippet:-1, max-image-preview:large, max-video-preview:-1\" \/>\n<link rel=\"canonical\" href=\"https:\/\/radioleinewelle.de\/index.php\/2020\/12\/14\/cdu-nominiert-kreisraetin-marlies-dornieden-als-landratskandidatin\/\" \/>\n<meta property=\"og:locale\" content=\"de_DE\" \/>\n<meta property=\"og:type\" content=\"article\" \/>\n<meta property=\"og:title\" content=\"CDU nominiert Kreisr\u00e4tin Marlies Dornieden als Landratskandidatin - Radio Leinewelle\" \/>\n<meta property=\"og:description\" content=\"Marlies Dornieden soll f\u00fcr die CDU bei den Kommunalwahlen im September 2021 Landr\u00e4tin werden. Das hat\u00a0der CDU Kreisvorstand in einer Videokonferenz einstimmig vorgeschlagen. Best\u00e4tigt werden soll diese\u00a0Empfehlung in einer Mitgliederversammlung Anfang des n\u00e4chsten Jahres. \u201eMit Marlies Dornieden haben wir\u00a0eine fachlich und menschlich herausragende Pers\u00f6nlichkeit als neue Landr\u00e4tin vorgeschlagen, die zudem auch\u00a0politisch durch ihre langj\u00e4hrigen T\u00e4tigkeiten [&hellip;]\" \/>\n<meta property=\"og:url\" content=\"https:\/\/radioleinewelle.de\/index.php\/2020\/12\/14\/cdu-nominiert-kreisraetin-marlies-dornieden-als-landratskandidatin\/\" \/>\n<meta property=\"og:site_name\" content=\"Radio Leinewelle\" \/>\n<meta property=\"article:publisher\" content=\"https:\/\/www.facebook.com\/radioleinewelle\" \/>\n<meta property=\"article:author\" content=\"https:\/\/www.facebook.com\/radioleinewelle\" \/>\n<meta property=\"article:published_time\" content=\"2020-12-14T04:22:22+00:00\" \/>\n<meta name=\"author\" content=\"Leinewelle\" \/>\n<meta name=\"twitter:card\" content=\"summary_large_image\" \/>\n<meta name=\"twitter:creator\" content=\"@https:\/\/twitter.com\/RLeinewelle?ref_src=twsrcgoogletwcampserptwgrauthor\" \/>\n<meta name=\"twitter:site\" content=\"@RLeinewelle\" \/>\n<meta name=\"twitter:label1\" content=\"Verfasst von\" \/>\n\t<meta name=\"twitter:data1\" content=\"Leinewelle\" \/>\n\t<meta name=\"twitter:label2\" content=\"Gesch\u00e4tzte Lesezeit\" \/>\n\t<meta name=\"twitter:data2\" content=\"1\u00a0Minute\" \/>\n<script type=\"application\/ld+json\" class=\"yoast-schema-graph\">{\"@context\":\"https:\\\/\\\/schema.org\",\"@graph\":[{\"@type\":\"Article\",\"@id\":\"https:\\\/\\\/radioleinewelle.de\\\/index.php\\\/2020\\\/12\\\/14\\\/cdu-nominiert-kreisraetin-marlies-dornieden-als-landratskandidatin\\\/#article\",\"isPartOf\":{\"@id\":\"https:\\\/\\\/radioleinewelle.de\\\/index.php\\\/2020\\\/12\\\/14\\\/cdu-nominiert-kreisraetin-marlies-dornieden-als-landratskandidatin\\\/\"},\"author\":{\"name\":\"Leinewelle\",\"@id\":\"https:\\\/\\\/radioleinewelle.de\\\/#\\\/schema\\\/person\\\/45606f348637df637192dc1b68399a63\"},\"headline\":\"CDU nominiert Kreisr\u00e4tin Marlies Dornieden als Landratskandidatin\",\"datePublished\":\"2020-12-14T04:22:22+00:00\",\"mainEntityOfPage\":{\"@id\":\"https:\\\/\\\/radioleinewelle.de\\\/index.php\\\/2020\\\/12\\\/14\\\/cdu-nominiert-kreisraetin-marlies-dornieden-als-landratskandidatin\\\/\"},\"wordCount\":172,\"publisher\":{\"@id\":\"https:\\\/\\\/radioleinewelle.de\\\/#organization\"},\"articleSection\":[\"Lokalpolitik\"],\"inLanguage\":\"de\"},{\"@type\":\"WebPage\",\"@id\":\"https:\\\/\\\/radioleinewelle.de\\\/index.php\\\/2020\\\/12\\\/14\\\/cdu-nominiert-kreisraetin-marlies-dornieden-als-landratskandidatin\\\/\",\"url\":\"https:\\\/\\\/radioleinewelle.de\\\/index.php\\\/2020\\\/12\\\/14\\\/cdu-nominiert-kreisraetin-marlies-dornieden-als-landratskandidatin\\\/\",\"name\":\"CDU nominiert Kreisr\u00e4tin Marlies Dornieden als Landratskandidatin - Radio Leinewelle\",\"isPartOf\":{\"@id\":\"https:\\\/\\\/radioleinewelle.de\\\/#website\"},\"datePublished\":\"2020-12-14T04:22:22+00:00\",\"breadcrumb\":{\"@id\":\"https:\\\/\\\/radioleinewelle.de\\\/index.php\\\/2020\\\/12\\\/14\\\/cdu-nominiert-kreisraetin-marlies-dornieden-als-landratskandidatin\\\/#breadcrumb\"},\"inLanguage\":\"de\",\"potentialAction\":[{\"@type\":\"ReadAction\",\"target\":[\"https:\\\/\\\/radioleinewelle.de\\\/index.php\\\/2020\\\/12\\\/14\\\/cdu-nominiert-kreisraetin-marlies-dornieden-als-landratskandidatin\\\/\"]}]},{\"@type\":\"BreadcrumbList\",\"@id\":\"https:\\\/\\\/radioleinewelle.de\\\/index.php\\\/2020\\\/12\\\/14\\\/cdu-nominiert-kreisraetin-marlies-dornieden-als-landratskandidatin\\\/#breadcrumb\",\"itemListElement\":[{\"@type\":\"ListItem\",\"position\":1,\"name\":\"Startseite\",\"item\":\"https:\\\/\\\/radioleinewelle.de\\\/\"},{\"@type\":\"ListItem\",\"position\":2,\"name\":\"CDU nominiert Kreisr\u00e4tin Marlies Dornieden als Landratskandidatin\"}]},{\"@type\":\"WebSite\",\"@id\":\"https:\\\/\\\/radioleinewelle.de\\\/#website\",\"url\":\"https:\\\/\\\/radioleinewelle.de\\\/\",\"name\":\"Radio Leinewelle\",\"description\":\"\",\"publisher\":{\"@id\":\"https:\\\/\\\/radioleinewelle.de\\\/#organization\"},\"potentialAction\":[{\"@type\":\"SearchAction\",\"target\":{\"@type\":\"EntryPoint\",\"urlTemplate\":\"https:\\\/\\\/radioleinewelle.de\\\/?s={search_term_string}\"},\"query-input\":{\"@type\":\"PropertyValueSpecification\",\"valueRequired\":true,\"valueName\":\"search_term_string\"}}],\"inLanguage\":\"de\"},{\"@type\":\"Organization\",\"@id\":\"https:\\\/\\\/radioleinewelle.de\\\/#organization\",\"name\":\"Radio Leinewelle\",\"alternateName\":\"Mein Radio f\u00fcr S\u00fcdniedersachsen\",\"url\":\"https:\\\/\\\/radioleinewelle.de\\\/\",\"logo\":{\"@type\":\"ImageObject\",\"inLanguage\":\"de\",\"@id\":\"https:\\\/\\\/radioleinewelle.de\\\/#\\\/schema\\\/logo\\\/image\\\/\",\"url\":\"https:\\\/\\\/radioleinewelle.de\\\/wp-content\\\/uploads\\\/2023\\\/11\\\/cropped-Leinewelle_Logo_weiss.png\",\"contentUrl\":\"https:\\\/\\\/radioleinewelle.de\\\/wp-content\\\/uploads\\\/2023\\\/11\\\/cropped-Leinewelle_Logo_weiss.png\",\"width\":854,\"height\":260,\"caption\":\"Radio Leinewelle\"},\"image\":{\"@id\":\"https:\\\/\\\/radioleinewelle.de\\\/#\\\/schema\\\/logo\\\/image\\\/\"},\"sameAs\":[\"https:\\\/\\\/www.facebook.com\\\/radioleinewelle\",\"https:\\\/\\\/x.com\\\/RLeinewelle\",\"https:\\\/\\\/www.instagram.com\\\/radioleinewelle\\\/?hl=de\"]},{\"@type\":\"Person\",\"@id\":\"https:\\\/\\\/radioleinewelle.de\\\/#\\\/schema\\\/person\\\/45606f348637df637192dc1b68399a63\",\"name\":\"Leinewelle\",\"image\":{\"@type\":\"ImageObject\",\"inLanguage\":\"de\",\"@id\":\"https:\\\/\\\/secure.gravatar.com\\\/avatar\\\/05c9a17bc973052ee5d91549bd32fb4dd0dc85b7b85ae94b2e2b4943476bbea5?s=96&d=blank&r=g\",\"url\":\"https:\\\/\\\/secure.gravatar.com\\\/avatar\\\/05c9a17bc973052ee5d91549bd32fb4dd0dc85b7b85ae94b2e2b4943476bbea5?s=96&d=blank&r=g\",\"contentUrl\":\"https:\\\/\\\/secure.gravatar.com\\\/avatar\\\/05c9a17bc973052ee5d91549bd32fb4dd0dc85b7b85ae94b2e2b4943476bbea5?s=96&d=blank&r=g\",\"caption\":\"Leinewelle\"},\"sameAs\":[\"http:\\\/\\\/localhost\\\/radio%20leinewelle\\\/wordpress\",\"https:\\\/\\\/www.facebook.com\\\/radioleinewelle\",\"https:\\\/\\\/www.instagram.com\\\/radioleinewelle\",\"https:\\\/\\\/x.com\\\/https:\\\/\\\/twitter.com\\\/RLeinewelle?ref_src=twsrcgoogletwcampserptwgrauthor\",\"https:\\\/\\\/soundcloud.com\\\/foerderverein-lokalradio?utm_source=clipboard&utm_medium=text&utm_campaign=social_sharing\"],\"url\":\"https:\\\/\\\/radioleinewelle.de\\\/index.php\\\/author\\\/leinewelle\\\/\"}]}<\/script>\n<!-- \/ Yoast SEO plugin. -->","yoast_head_json":{"title":"CDU nominiert Kreisr\u00e4tin Marlies Dornieden als Landratskandidatin - Radio Leinewelle","robots":{"index":"index","follow":"follow","max-snippet":"max-snippet:-1","max-image-preview":"max-image-preview:large","max-video-preview":"max-video-preview:-1"},"canonical":"https:\/\/radioleinewelle.de\/index.php\/2020\/12\/14\/cdu-nominiert-kreisraetin-marlies-dornieden-als-landratskandidatin\/","og_locale":"de_DE","og_type":"article","og_title":"CDU nominiert Kreisr\u00e4tin Marlies Dornieden als Landratskandidatin - Radio Leinewelle","og_description":"Marlies Dornieden soll f\u00fcr die CDU bei den Kommunalwahlen im September 2021 Landr\u00e4tin werden. Das hat\u00a0der CDU Kreisvorstand in einer Videokonferenz einstimmig vorgeschlagen. Best\u00e4tigt werden soll diese\u00a0Empfehlung in einer Mitgliederversammlung Anfang des n\u00e4chsten Jahres. \u201eMit Marlies Dornieden haben wir\u00a0eine fachlich und menschlich herausragende Pers\u00f6nlichkeit als neue Landr\u00e4tin vorgeschlagen, die zudem auch\u00a0politisch durch ihre langj\u00e4hrigen T\u00e4tigkeiten [&hellip;]","og_url":"https:\/\/radioleinewelle.de\/index.php\/2020\/12\/14\/cdu-nominiert-kreisraetin-marlies-dornieden-als-landratskandidatin\/","og_site_name":"Radio Leinewelle","article_publisher":"https:\/\/www.facebook.com\/radioleinewelle","article_author":"https:\/\/www.facebook.com\/radioleinewelle","article_published_time":"2020-12-14T04:22:22+00:00","author":"Leinewelle","twitter_card":"summary_large_image","twitter_creator":"@https:\/\/twitter.com\/RLeinewelle?ref_src=twsrcgoogletwcampserptwgrauthor","twitter_site":"@RLeinewelle","twitter_misc":{"Verfasst von":"Leinewelle","Gesch\u00e4tzte Lesezeit":"1\u00a0Minute"},"schema":{"@context":"https:\/\/schema.org","@graph":[{"@type":"Article","@id":"https:\/\/radioleinewelle.de\/index.php\/2020\/12\/14\/cdu-nominiert-kreisraetin-marlies-dornieden-als-landratskandidatin\/#article","isPartOf":{"@id":"https:\/\/radioleinewelle.de\/index.php\/2020\/12\/14\/cdu-nominiert-kreisraetin-marlies-dornieden-als-landratskandidatin\/"},"author":{"name":"Leinewelle","@id":"https:\/\/radioleinewelle.de\/#\/schema\/person\/45606f348637df637192dc1b68399a63"},"headline":"CDU nominiert Kreisr\u00e4tin Marlies Dornieden als Landratskandidatin","datePublished":"2020-12-14T04:22:22+00:00","mainEntityOfPage":{"@id":"https:\/\/radioleinewelle.de\/index.php\/2020\/12\/14\/cdu-nominiert-kreisraetin-marlies-dornieden-als-landratskandidatin\/"},"wordCount":172,"publisher":{"@id":"https:\/\/radioleinewelle.de\/#organization"},"articleSection":["Lokalpolitik"],"inLanguage":"de"},{"@type":"WebPage","@id":"https:\/\/radioleinewelle.de\/index.php\/2020\/12\/14\/cdu-nominiert-kreisraetin-marlies-dornieden-als-landratskandidatin\/","url":"https:\/\/radioleinewelle.de\/index.php\/2020\/12\/14\/cdu-nominiert-kreisraetin-marlies-dornieden-als-landratskandidatin\/","name":"CDU nominiert Kreisr\u00e4tin Marlies Dornieden als Landratskandidatin - Radio Leinewelle","isPartOf":{"@id":"https:\/\/radioleinewelle.de\/#website"},"datePublished":"2020-12-14T04:22:22+00:00","breadcrumb":{"@id":"https:\/\/radioleinewelle.de\/index.php\/2020\/12\/14\/cdu-nominiert-kreisraetin-marlies-dornieden-als-landratskandidatin\/#breadcrumb"},"inLanguage":"de","potentialAction":[{"@type":"ReadAction","target":["https:\/\/radioleinewelle.de\/index.php\/2020\/12\/14\/cdu-nominiert-kreisraetin-marlies-dornieden-als-landratskandidatin\/"]}]},{"@type":"BreadcrumbList","@id":"https:\/\/radioleinewelle.de\/index.php\/2020\/12\/14\/cdu-nominiert-kreisraetin-marlies-dornieden-als-landratskandidatin\/#breadcrumb","itemListElement":[{"@type":"ListItem","position":1,"name":"Startseite","item":"https:\/\/radioleinewelle.de\/"},{"@type":"ListItem","position":2,"name":"CDU nominiert Kreisr\u00e4tin Marlies Dornieden als Landratskandidatin"}]},{"@type":"WebSite","@id":"https:\/\/radioleinewelle.de\/#website","url":"https:\/\/radioleinewelle.de\/","name":"Radio Leinewelle","description":"","publisher":{"@id":"https:\/\/radioleinewelle.de\/#organization"},"potentialAction":[{"@type":"SearchAction","target":{"@type":"EntryPoint","urlTemplate":"https:\/\/radioleinewelle.de\/?s={search_term_string}"},"query-input":{"@type":"PropertyValueSpecification","valueRequired":true,"valueName":"search_term_string"}}],"inLanguage":"de"},{"@type":"Organization","@id":"https:\/\/radioleinewelle.de\/#organization","name":"Radio Leinewelle","alternateName":"Mein Radio f\u00fcr S\u00fcdniedersachsen","url":"https:\/\/radioleinewelle.de\/","logo":{"@type":"ImageObject","inLanguage":"de","@id":"https:\/\/radioleinewelle.de\/#\/schema\/logo\/image\/","url":"https:\/\/radioleinewelle.de\/wp-content\/uploads\/2023\/11\/cropped-Leinewelle_Logo_weiss.png","contentUrl":"https:\/\/radioleinewelle.de\/wp-content\/uploads\/2023\/11\/cropped-Leinewelle_Logo_weiss.png","width":854,"height":260,"caption":"Radio Leinewelle"},"image":{"@id":"https:\/\/radioleinewelle.de\/#\/schema\/logo\/image\/"},"sameAs":["https:\/\/www.facebook.com\/radioleinewelle","https:\/\/x.com\/RLeinewelle","https:\/\/www.instagram.com\/radioleinewelle\/?hl=de"]},{"@type":"Person","@id":"https:\/\/radioleinewelle.de\/#\/schema\/person\/45606f348637df637192dc1b68399a63","name":"Leinewelle","image":{"@type":"ImageObject","inLanguage":"de","@id":"https:\/\/secure.gravatar.com\/avatar\/05c9a17bc973052ee5d91549bd32fb4dd0dc85b7b85ae94b2e2b4943476bbea5?s=96&d=blank&r=g","url":"https:\/\/secure.gravatar.com\/avatar\/05c9a17bc973052ee5d91549bd32fb4dd0dc85b7b85ae94b2e2b4943476bbea5?s=96&d=blank&r=g","contentUrl":"https:\/\/secure.gravatar.com\/avatar\/05c9a17bc973052ee5d91549bd32fb4dd0dc85b7b85ae94b2e2b4943476bbea5?s=96&d=blank&r=g","caption":"Leinewelle"},"sameAs":["http:\/\/localhost\/radio%20leinewelle\/wordpress","https:\/\/www.facebook.com\/radioleinewelle","https:\/\/www.instagram.com\/radioleinewelle","https:\/\/x.com\/https:\/\/twitter.com\/RLeinewelle?ref_src=twsrcgoogletwcampserptwgrauthor","https:\/\/soundcloud.com\/foerderverein-lokalradio?utm_source=clipboard&utm_medium=text&utm_campaign=social_sharing"],"url":"https:\/\/radioleinewelle.de\/index.php\/author\/leinewelle\/"}]}},"_links":{"self":[{"href":"https:\/\/radioleinewelle.de\/index.php\/wp-json\/wp\/v2\/posts\/3514","targetHints":{"allow":["GET"]}}],"collection":[{"href":"https:\/\/radioleinewelle.de\/index.php\/wp-json\/wp\/v2\/posts"}],"about":[{"href":"https:\/\/radioleinewelle.de\/index.php\/wp-json\/wp\/v2\/types\/post"}],"author":[{"embeddable":true,"href":"https:\/\/radioleinewelle.de\/index.php\/wp-json\/wp\/v2\/users\/1"}],"replies":[{"embeddable":true,"href":"https:\/\/radioleinewelle.de\/index.php\/wp-json\/wp\/v2\/comments?post=3514"}],"version-history":[{"count":0,"href":"https:\/\/radioleinewelle.de\/index.php\/wp-json\/wp\/v2\/posts\/3514\/revisions"}],"wp:attachment":[{"href":"https:\/\/radioleinewelle.de\/index.php\/wp-json\/wp\/v2\/media?parent=3514"}],"wp:term":[{"taxonomy":"category","embeddable":true,"href":"https:\/\/radioleinewelle.de\/index.php\/wp-json\/wp\/v2\/categories?post=3514"},{"taxonomy":"post_tag","embeddable":true,"href":"https:\/\/radioleinewelle.de\/index.php\/wp-json\/wp\/v2\/tags?post=3514"}],"curies":[{"name":"wp","href":"https:\/\/api.w.org\/{rel}","templated":true}]}}