{"id":3546,"date":"2020-12-15T06:10:56","date_gmt":"2020-12-15T05:10:56","guid":{"rendered":"https:\/\/radioleinewelle.de\/?p=3546"},"modified":"2020-12-15T06:10:56","modified_gmt":"2020-12-15T05:10:56","slug":"verbesserungen-fuer-ehrenamtliche-ab-januar-2021-guentzler-hoehere-pauschalen-sollen-anerkennung-widerspiegeln","status":"publish","type":"post","link":"https:\/\/radioleinewelle.de\/index.php\/2020\/12\/15\/verbesserungen-fuer-ehrenamtliche-ab-januar-2021-guentzler-hoehere-pauschalen-sollen-anerkennung-widerspiegeln\/","title":{"rendered":"Verbesserungen f\u00fcr Ehrenamtliche ab Januar 2021 &#8211; G\u00fcntzler: H\u00f6here Pauschalen sollen Anerkennung widerspiegeln"},"content":{"rendered":"<p>\u201eAb dem kommenden Jahr k\u00f6nnen sich ehrenamtlich Engagierte auf zahlreiche Verbesserungen einstellen. Die Koalitionsfraktionen haben sich auf ein umfangreiches Ma\u00dfnahmenpaket zur Unterst\u00fctzung von Vereinen und Engagierten geeinigt. Die ersten Ma\u00dfnahmen werden schon am 1. Januar 2021 in Kraft treten.\u201c Dies teilt der Bundestagsabgeordnete Fritz G\u00fcntzler (CDU) mit.\u00a0Auf Initiative der CDU\/CSU-Bundestagsfraktion werden nun Verbesserungen f\u00fcr das Ehrenamt im Jahressteuergesetz 2020 beschlossen. Ab Januar steigt die \u00dcbungsleiterpauschale von 2.400 auf 3.000 \u20ac und die Ehrenamtspauschale von 720 auf 840 \u20ac. Auch die Grenze des vereinfachten Spendennachweises wird von bislang 200 auf 300 \u20ac erh\u00f6ht.<\/p>\n<p>Zudem entf\u00e4llt f\u00fcr kleine K\u00f6rperschaften die Pflicht zur zeitnahen Mittelverwendung. \u201eViele Vereine haben immer wieder Probleme ihre finanziellen Mittel innerhalb der gesetzlichen Frist auszugeben, etwa weil geeignete Projekte fehlen. Deshalb haben wir diese Frist f\u00fcr sehr kleine Vereine mit weniger als 45.000 Euro Einnahmen im Jahr abgeschafft\u201c, erl\u00e4utert G\u00fcntzler.\u00a0Dar\u00fcber hinaus wird das Gesetz weitere Vereinfachung f\u00fcr gemeinn\u00fctzige Organisationen und eine Erweiterung des Zweckkatalogs um die Zwecke \u201eKlimaschutz\u201c, \u201eFreifunk\u201c und \u201eOrtsversch\u00f6nerung\u201c enthalten.\u201eDies sind sehr gute Nachrichten f\u00fcr unsere Vereine und gemeinn\u00fctzigen Organisationen. Ich freue mich sehr, dass wir uns mit unseren Vorschl\u00e4gen durchsetzen konnten und sie so schnell Umsetzung finden. Ehrenamtliches Engagement ist ein Grundpfeiler unserer Gesellschaft. Es kann nicht hoch genug bewertet werden. Die h\u00f6heren Pauschalen sollen unsere Anerkennung f\u00fcr dieses Engagement widerspiegeln und sollen ein Zeichen des Danks sein\u201c, so der Abgeordnete abschlie\u00dfend.<\/p>\n<p>Foto: Fritz G\u00fcntzler CDU G\u00f6ttingen<\/p>\n","protected":false},"excerpt":{"rendered":"<p>\u201eAb dem kommenden Jahr k\u00f6nnen sich ehrenamtlich Engagierte auf zahlreiche Verbesserungen einstellen. Die Koalitionsfraktionen haben sich auf ein umfangreiches Ma\u00dfnahmenpaket zur Unterst\u00fctzung von Vereinen und Engagierten geeinigt. Die ersten Ma\u00dfnahmen werden schon am 1. Januar 2021 in Kraft treten.\u201c Dies teilt der Bundestagsabgeordnete Fritz G\u00fcntzler (CDU) mit.\u00a0Auf Initiative der CDU\/CSU-Bundestagsfraktion werden nun Verbesserungen f\u00fcr das [&hellip;]<\/p>\n","protected":false},"author":1,"featured_media":0,"comment_status":"closed","ping_status":"closed","sticky":false,"template":"","format":"standard","meta":{"saved_in_kubio":false,"footnotes":""},"categories":[39],"tags":[],"class_list":["post-3546","post","type-post","status-publish","format-standard","hentry","category-lokalpolitik"],"yoast_head":"<!-- This site is optimized with the Yoast SEO plugin v27.5 - https:\/\/yoast.com\/product\/yoast-seo-wordpress\/ -->\n<title>Verbesserungen f\u00fcr Ehrenamtliche ab Januar 2021 - G\u00fcntzler: H\u00f6here Pauschalen sollen Anerkennung widerspiegeln - Radio Leinewelle<\/title>\n<meta name=\"robots\" content=\"index, follow, max-snippet:-1, max-image-preview:large, max-video-preview:-1\" \/>\n<link rel=\"canonical\" href=\"https:\/\/radioleinewelle.de\/index.php\/2020\/12\/15\/verbesserungen-fuer-ehrenamtliche-ab-januar-2021-guentzler-hoehere-pauschalen-sollen-anerkennung-widerspiegeln\/\" \/>\n<meta property=\"og:locale\" content=\"de_DE\" \/>\n<meta property=\"og:type\" content=\"article\" \/>\n<meta property=\"og:title\" content=\"Verbesserungen f\u00fcr Ehrenamtliche ab Januar 2021 - G\u00fcntzler: H\u00f6here Pauschalen sollen Anerkennung widerspiegeln - Radio Leinewelle\" \/>\n<meta property=\"og:description\" content=\"\u201eAb dem kommenden Jahr k\u00f6nnen sich ehrenamtlich Engagierte auf zahlreiche Verbesserungen einstellen. Die Koalitionsfraktionen haben sich auf ein umfangreiches Ma\u00dfnahmenpaket zur Unterst\u00fctzung von Vereinen und Engagierten geeinigt. Die ersten Ma\u00dfnahmen werden schon am 1. Januar 2021 in Kraft treten.\u201c Dies teilt der Bundestagsabgeordnete Fritz G\u00fcntzler (CDU) mit.\u00a0Auf Initiative der CDU\/CSU-Bundestagsfraktion werden nun Verbesserungen f\u00fcr das [&hellip;]\" \/>\n<meta property=\"og:url\" content=\"https:\/\/radioleinewelle.de\/index.php\/2020\/12\/15\/verbesserungen-fuer-ehrenamtliche-ab-januar-2021-guentzler-hoehere-pauschalen-sollen-anerkennung-widerspiegeln\/\" \/>\n<meta property=\"og:site_name\" content=\"Radio Leinewelle\" \/>\n<meta property=\"article:publisher\" content=\"https:\/\/www.facebook.com\/radioleinewelle\" \/>\n<meta property=\"article:author\" content=\"https:\/\/www.facebook.com\/radioleinewelle\" \/>\n<meta property=\"article:published_time\" content=\"2020-12-15T05:10:56+00:00\" \/>\n<meta name=\"author\" content=\"Leinewelle\" \/>\n<meta name=\"twitter:card\" content=\"summary_large_image\" \/>\n<meta name=\"twitter:creator\" content=\"@https:\/\/twitter.com\/RLeinewelle?ref_src=twsrcgoogletwcampserptwgrauthor\" \/>\n<meta name=\"twitter:site\" content=\"@RLeinewelle\" \/>\n<meta name=\"twitter:label1\" content=\"Verfasst von\" \/>\n\t<meta name=\"twitter:data1\" content=\"Leinewelle\" \/>\n\t<meta name=\"twitter:label2\" content=\"Gesch\u00e4tzte Lesezeit\" \/>\n\t<meta name=\"twitter:data2\" content=\"1\u00a0Minute\" \/>\n<script type=\"application\/ld+json\" class=\"yoast-schema-graph\">{\"@context\":\"https:\\\/\\\/schema.org\",\"@graph\":[{\"@type\":\"Article\",\"@id\":\"https:\\\/\\\/radioleinewelle.de\\\/index.php\\\/2020\\\/12\\\/15\\\/verbesserungen-fuer-ehrenamtliche-ab-januar-2021-guentzler-hoehere-pauschalen-sollen-anerkennung-widerspiegeln\\\/#article\",\"isPartOf\":{\"@id\":\"https:\\\/\\\/radioleinewelle.de\\\/index.php\\\/2020\\\/12\\\/15\\\/verbesserungen-fuer-ehrenamtliche-ab-januar-2021-guentzler-hoehere-pauschalen-sollen-anerkennung-widerspiegeln\\\/\"},\"author\":{\"name\":\"Leinewelle\",\"@id\":\"https:\\\/\\\/radioleinewelle.de\\\/#\\\/schema\\\/person\\\/45606f348637df637192dc1b68399a63\"},\"headline\":\"Verbesserungen f\u00fcr Ehrenamtliche ab Januar 2021 &#8211; G\u00fcntzler: H\u00f6here Pauschalen sollen Anerkennung widerspiegeln\",\"datePublished\":\"2020-12-15T05:10:56+00:00\",\"mainEntityOfPage\":{\"@id\":\"https:\\\/\\\/radioleinewelle.de\\\/index.php\\\/2020\\\/12\\\/15\\\/verbesserungen-fuer-ehrenamtliche-ab-januar-2021-guentzler-hoehere-pauschalen-sollen-anerkennung-widerspiegeln\\\/\"},\"wordCount\":262,\"publisher\":{\"@id\":\"https:\\\/\\\/radioleinewelle.de\\\/#organization\"},\"articleSection\":[\"Lokalpolitik\"],\"inLanguage\":\"de\"},{\"@type\":\"WebPage\",\"@id\":\"https:\\\/\\\/radioleinewelle.de\\\/index.php\\\/2020\\\/12\\\/15\\\/verbesserungen-fuer-ehrenamtliche-ab-januar-2021-guentzler-hoehere-pauschalen-sollen-anerkennung-widerspiegeln\\\/\",\"url\":\"https:\\\/\\\/radioleinewelle.de\\\/index.php\\\/2020\\\/12\\\/15\\\/verbesserungen-fuer-ehrenamtliche-ab-januar-2021-guentzler-hoehere-pauschalen-sollen-anerkennung-widerspiegeln\\\/\",\"name\":\"Verbesserungen f\u00fcr Ehrenamtliche ab Januar 2021 - G\u00fcntzler: H\u00f6here Pauschalen sollen Anerkennung widerspiegeln - Radio Leinewelle\",\"isPartOf\":{\"@id\":\"https:\\\/\\\/radioleinewelle.de\\\/#website\"},\"datePublished\":\"2020-12-15T05:10:56+00:00\",\"breadcrumb\":{\"@id\":\"https:\\\/\\\/radioleinewelle.de\\\/index.php\\\/2020\\\/12\\\/15\\\/verbesserungen-fuer-ehrenamtliche-ab-januar-2021-guentzler-hoehere-pauschalen-sollen-anerkennung-widerspiegeln\\\/#breadcrumb\"},\"inLanguage\":\"de\",\"potentialAction\":[{\"@type\":\"ReadAction\",\"target\":[\"https:\\\/\\\/radioleinewelle.de\\\/index.php\\\/2020\\\/12\\\/15\\\/verbesserungen-fuer-ehrenamtliche-ab-januar-2021-guentzler-hoehere-pauschalen-sollen-anerkennung-widerspiegeln\\\/\"]}]},{\"@type\":\"BreadcrumbList\",\"@id\":\"https:\\\/\\\/radioleinewelle.de\\\/index.php\\\/2020\\\/12\\\/15\\\/verbesserungen-fuer-ehrenamtliche-ab-januar-2021-guentzler-hoehere-pauschalen-sollen-anerkennung-widerspiegeln\\\/#breadcrumb\",\"itemListElement\":[{\"@type\":\"ListItem\",\"position\":1,\"name\":\"Startseite\",\"item\":\"https:\\\/\\\/radioleinewelle.de\\\/\"},{\"@type\":\"ListItem\",\"position\":2,\"name\":\"Verbesserungen f\u00fcr Ehrenamtliche ab Januar 2021 &#8211; G\u00fcntzler: H\u00f6here Pauschalen sollen Anerkennung widerspiegeln\"}]},{\"@type\":\"WebSite\",\"@id\":\"https:\\\/\\\/radioleinewelle.de\\\/#website\",\"url\":\"https:\\\/\\\/radioleinewelle.de\\\/\",\"name\":\"Radio Leinewelle\",\"description\":\"\",\"publisher\":{\"@id\":\"https:\\\/\\\/radioleinewelle.de\\\/#organization\"},\"potentialAction\":[{\"@type\":\"SearchAction\",\"target\":{\"@type\":\"EntryPoint\",\"urlTemplate\":\"https:\\\/\\\/radioleinewelle.de\\\/?s={search_term_string}\"},\"query-input\":{\"@type\":\"PropertyValueSpecification\",\"valueRequired\":true,\"valueName\":\"search_term_string\"}}],\"inLanguage\":\"de\"},{\"@type\":\"Organization\",\"@id\":\"https:\\\/\\\/radioleinewelle.de\\\/#organization\",\"name\":\"Radio Leinewelle\",\"alternateName\":\"Mein Radio f\u00fcr S\u00fcdniedersachsen\",\"url\":\"https:\\\/\\\/radioleinewelle.de\\\/\",\"logo\":{\"@type\":\"ImageObject\",\"inLanguage\":\"de\",\"@id\":\"https:\\\/\\\/radioleinewelle.de\\\/#\\\/schema\\\/logo\\\/image\\\/\",\"url\":\"https:\\\/\\\/radioleinewelle.de\\\/wp-content\\\/uploads\\\/2023\\\/11\\\/cropped-Leinewelle_Logo_weiss.png\",\"contentUrl\":\"https:\\\/\\\/radioleinewelle.de\\\/wp-content\\\/uploads\\\/2023\\\/11\\\/cropped-Leinewelle_Logo_weiss.png\",\"width\":854,\"height\":260,\"caption\":\"Radio Leinewelle\"},\"image\":{\"@id\":\"https:\\\/\\\/radioleinewelle.de\\\/#\\\/schema\\\/logo\\\/image\\\/\"},\"sameAs\":[\"https:\\\/\\\/www.facebook.com\\\/radioleinewelle\",\"https:\\\/\\\/x.com\\\/RLeinewelle\",\"https:\\\/\\\/www.instagram.com\\\/radioleinewelle\\\/?hl=de\"]},{\"@type\":\"Person\",\"@id\":\"https:\\\/\\\/radioleinewelle.de\\\/#\\\/schema\\\/person\\\/45606f348637df637192dc1b68399a63\",\"name\":\"Leinewelle\",\"image\":{\"@type\":\"ImageObject\",\"inLanguage\":\"de\",\"@id\":\"https:\\\/\\\/secure.gravatar.com\\\/avatar\\\/05c9a17bc973052ee5d91549bd32fb4dd0dc85b7b85ae94b2e2b4943476bbea5?s=96&d=blank&r=g\",\"url\":\"https:\\\/\\\/secure.gravatar.com\\\/avatar\\\/05c9a17bc973052ee5d91549bd32fb4dd0dc85b7b85ae94b2e2b4943476bbea5?s=96&d=blank&r=g\",\"contentUrl\":\"https:\\\/\\\/secure.gravatar.com\\\/avatar\\\/05c9a17bc973052ee5d91549bd32fb4dd0dc85b7b85ae94b2e2b4943476bbea5?s=96&d=blank&r=g\",\"caption\":\"Leinewelle\"},\"sameAs\":[\"http:\\\/\\\/localhost\\\/radio%20leinewelle\\\/wordpress\",\"https:\\\/\\\/www.facebook.com\\\/radioleinewelle\",\"https:\\\/\\\/www.instagram.com\\\/radioleinewelle\",\"https:\\\/\\\/x.com\\\/https:\\\/\\\/twitter.com\\\/RLeinewelle?ref_src=twsrcgoogletwcampserptwgrauthor\",\"https:\\\/\\\/soundcloud.com\\\/foerderverein-lokalradio?utm_source=clipboard&utm_medium=text&utm_campaign=social_sharing\"],\"url\":\"https:\\\/\\\/radioleinewelle.de\\\/index.php\\\/author\\\/leinewelle\\\/\"}]}<\/script>\n<!-- \/ Yoast SEO plugin. -->","yoast_head_json":{"title":"Verbesserungen f\u00fcr Ehrenamtliche ab Januar 2021 - G\u00fcntzler: H\u00f6here Pauschalen sollen Anerkennung widerspiegeln - Radio Leinewelle","robots":{"index":"index","follow":"follow","max-snippet":"max-snippet:-1","max-image-preview":"max-image-preview:large","max-video-preview":"max-video-preview:-1"},"canonical":"https:\/\/radioleinewelle.de\/index.php\/2020\/12\/15\/verbesserungen-fuer-ehrenamtliche-ab-januar-2021-guentzler-hoehere-pauschalen-sollen-anerkennung-widerspiegeln\/","og_locale":"de_DE","og_type":"article","og_title":"Verbesserungen f\u00fcr Ehrenamtliche ab Januar 2021 - G\u00fcntzler: H\u00f6here Pauschalen sollen Anerkennung widerspiegeln - Radio Leinewelle","og_description":"\u201eAb dem kommenden Jahr k\u00f6nnen sich ehrenamtlich Engagierte auf zahlreiche Verbesserungen einstellen. Die Koalitionsfraktionen haben sich auf ein umfangreiches Ma\u00dfnahmenpaket zur Unterst\u00fctzung von Vereinen und Engagierten geeinigt. Die ersten Ma\u00dfnahmen werden schon am 1. Januar 2021 in Kraft treten.\u201c Dies teilt der Bundestagsabgeordnete Fritz G\u00fcntzler (CDU) mit.\u00a0Auf Initiative der CDU\/CSU-Bundestagsfraktion werden nun Verbesserungen f\u00fcr das [&hellip;]","og_url":"https:\/\/radioleinewelle.de\/index.php\/2020\/12\/15\/verbesserungen-fuer-ehrenamtliche-ab-januar-2021-guentzler-hoehere-pauschalen-sollen-anerkennung-widerspiegeln\/","og_site_name":"Radio Leinewelle","article_publisher":"https:\/\/www.facebook.com\/radioleinewelle","article_author":"https:\/\/www.facebook.com\/radioleinewelle","article_published_time":"2020-12-15T05:10:56+00:00","author":"Leinewelle","twitter_card":"summary_large_image","twitter_creator":"@https:\/\/twitter.com\/RLeinewelle?ref_src=twsrcgoogletwcampserptwgrauthor","twitter_site":"@RLeinewelle","twitter_misc":{"Verfasst von":"Leinewelle","Gesch\u00e4tzte Lesezeit":"1\u00a0Minute"},"schema":{"@context":"https:\/\/schema.org","@graph":[{"@type":"Article","@id":"https:\/\/radioleinewelle.de\/index.php\/2020\/12\/15\/verbesserungen-fuer-ehrenamtliche-ab-januar-2021-guentzler-hoehere-pauschalen-sollen-anerkennung-widerspiegeln\/#article","isPartOf":{"@id":"https:\/\/radioleinewelle.de\/index.php\/2020\/12\/15\/verbesserungen-fuer-ehrenamtliche-ab-januar-2021-guentzler-hoehere-pauschalen-sollen-anerkennung-widerspiegeln\/"},"author":{"name":"Leinewelle","@id":"https:\/\/radioleinewelle.de\/#\/schema\/person\/45606f348637df637192dc1b68399a63"},"headline":"Verbesserungen f\u00fcr Ehrenamtliche ab Januar 2021 &#8211; G\u00fcntzler: H\u00f6here Pauschalen sollen Anerkennung widerspiegeln","datePublished":"2020-12-15T05:10:56+00:00","mainEntityOfPage":{"@id":"https:\/\/radioleinewelle.de\/index.php\/2020\/12\/15\/verbesserungen-fuer-ehrenamtliche-ab-januar-2021-guentzler-hoehere-pauschalen-sollen-anerkennung-widerspiegeln\/"},"wordCount":262,"publisher":{"@id":"https:\/\/radioleinewelle.de\/#organization"},"articleSection":["Lokalpolitik"],"inLanguage":"de"},{"@type":"WebPage","@id":"https:\/\/radioleinewelle.de\/index.php\/2020\/12\/15\/verbesserungen-fuer-ehrenamtliche-ab-januar-2021-guentzler-hoehere-pauschalen-sollen-anerkennung-widerspiegeln\/","url":"https:\/\/radioleinewelle.de\/index.php\/2020\/12\/15\/verbesserungen-fuer-ehrenamtliche-ab-januar-2021-guentzler-hoehere-pauschalen-sollen-anerkennung-widerspiegeln\/","name":"Verbesserungen f\u00fcr Ehrenamtliche ab Januar 2021 - G\u00fcntzler: H\u00f6here Pauschalen sollen Anerkennung widerspiegeln - Radio Leinewelle","isPartOf":{"@id":"https:\/\/radioleinewelle.de\/#website"},"datePublished":"2020-12-15T05:10:56+00:00","breadcrumb":{"@id":"https:\/\/radioleinewelle.de\/index.php\/2020\/12\/15\/verbesserungen-fuer-ehrenamtliche-ab-januar-2021-guentzler-hoehere-pauschalen-sollen-anerkennung-widerspiegeln\/#breadcrumb"},"inLanguage":"de","potentialAction":[{"@type":"ReadAction","target":["https:\/\/radioleinewelle.de\/index.php\/2020\/12\/15\/verbesserungen-fuer-ehrenamtliche-ab-januar-2021-guentzler-hoehere-pauschalen-sollen-anerkennung-widerspiegeln\/"]}]},{"@type":"BreadcrumbList","@id":"https:\/\/radioleinewelle.de\/index.php\/2020\/12\/15\/verbesserungen-fuer-ehrenamtliche-ab-januar-2021-guentzler-hoehere-pauschalen-sollen-anerkennung-widerspiegeln\/#breadcrumb","itemListElement":[{"@type":"ListItem","position":1,"name":"Startseite","item":"https:\/\/radioleinewelle.de\/"},{"@type":"ListItem","position":2,"name":"Verbesserungen f\u00fcr Ehrenamtliche ab Januar 2021 &#8211; G\u00fcntzler: H\u00f6here Pauschalen sollen Anerkennung widerspiegeln"}]},{"@type":"WebSite","@id":"https:\/\/radioleinewelle.de\/#website","url":"https:\/\/radioleinewelle.de\/","name":"Radio Leinewelle","description":"","publisher":{"@id":"https:\/\/radioleinewelle.de\/#organization"},"potentialAction":[{"@type":"SearchAction","target":{"@type":"EntryPoint","urlTemplate":"https:\/\/radioleinewelle.de\/?s={search_term_string}"},"query-input":{"@type":"PropertyValueSpecification","valueRequired":true,"valueName":"search_term_string"}}],"inLanguage":"de"},{"@type":"Organization","@id":"https:\/\/radioleinewelle.de\/#organization","name":"Radio Leinewelle","alternateName":"Mein Radio f\u00fcr S\u00fcdniedersachsen","url":"https:\/\/radioleinewelle.de\/","logo":{"@type":"ImageObject","inLanguage":"de","@id":"https:\/\/radioleinewelle.de\/#\/schema\/logo\/image\/","url":"https:\/\/radioleinewelle.de\/wp-content\/uploads\/2023\/11\/cropped-Leinewelle_Logo_weiss.png","contentUrl":"https:\/\/radioleinewelle.de\/wp-content\/uploads\/2023\/11\/cropped-Leinewelle_Logo_weiss.png","width":854,"height":260,"caption":"Radio Leinewelle"},"image":{"@id":"https:\/\/radioleinewelle.de\/#\/schema\/logo\/image\/"},"sameAs":["https:\/\/www.facebook.com\/radioleinewelle","https:\/\/x.com\/RLeinewelle","https:\/\/www.instagram.com\/radioleinewelle\/?hl=de"]},{"@type":"Person","@id":"https:\/\/radioleinewelle.de\/#\/schema\/person\/45606f348637df637192dc1b68399a63","name":"Leinewelle","image":{"@type":"ImageObject","inLanguage":"de","@id":"https:\/\/secure.gravatar.com\/avatar\/05c9a17bc973052ee5d91549bd32fb4dd0dc85b7b85ae94b2e2b4943476bbea5?s=96&d=blank&r=g","url":"https:\/\/secure.gravatar.com\/avatar\/05c9a17bc973052ee5d91549bd32fb4dd0dc85b7b85ae94b2e2b4943476bbea5?s=96&d=blank&r=g","contentUrl":"https:\/\/secure.gravatar.com\/avatar\/05c9a17bc973052ee5d91549bd32fb4dd0dc85b7b85ae94b2e2b4943476bbea5?s=96&d=blank&r=g","caption":"Leinewelle"},"sameAs":["http:\/\/localhost\/radio%20leinewelle\/wordpress","https:\/\/www.facebook.com\/radioleinewelle","https:\/\/www.instagram.com\/radioleinewelle","https:\/\/x.com\/https:\/\/twitter.com\/RLeinewelle?ref_src=twsrcgoogletwcampserptwgrauthor","https:\/\/soundcloud.com\/foerderverein-lokalradio?utm_source=clipboard&utm_medium=text&utm_campaign=social_sharing"],"url":"https:\/\/radioleinewelle.de\/index.php\/author\/leinewelle\/"}]}},"_links":{"self":[{"href":"https:\/\/radioleinewelle.de\/index.php\/wp-json\/wp\/v2\/posts\/3546","targetHints":{"allow":["GET"]}}],"collection":[{"href":"https:\/\/radioleinewelle.de\/index.php\/wp-json\/wp\/v2\/posts"}],"about":[{"href":"https:\/\/radioleinewelle.de\/index.php\/wp-json\/wp\/v2\/types\/post"}],"author":[{"embeddable":true,"href":"https:\/\/radioleinewelle.de\/index.php\/wp-json\/wp\/v2\/users\/1"}],"replies":[{"embeddable":true,"href":"https:\/\/radioleinewelle.de\/index.php\/wp-json\/wp\/v2\/comments?post=3546"}],"version-history":[{"count":0,"href":"https:\/\/radioleinewelle.de\/index.php\/wp-json\/wp\/v2\/posts\/3546\/revisions"}],"wp:attachment":[{"href":"https:\/\/radioleinewelle.de\/index.php\/wp-json\/wp\/v2\/media?parent=3546"}],"wp:term":[{"taxonomy":"category","embeddable":true,"href":"https:\/\/radioleinewelle.de\/index.php\/wp-json\/wp\/v2\/categories?post=3546"},{"taxonomy":"post_tag","embeddable":true,"href":"https:\/\/radioleinewelle.de\/index.php\/wp-json\/wp\/v2\/tags?post=3546"}],"curies":[{"name":"wp","href":"https:\/\/api.w.org\/{rel}","templated":true}]}}