{"id":3557,"date":"2020-12-16T05:15:00","date_gmt":"2020-12-16T04:15:00","guid":{"rendered":"https:\/\/radioleinewelle.de\/?p=3557"},"modified":"2020-12-16T05:15:00","modified_gmt":"2020-12-16T04:15:00","slug":"ob-kandidat-dr-ehsan-kangarani-fordert-mehr-hilfsangebote-in-sozialen-brennpunkten","status":"publish","type":"post","link":"https:\/\/radioleinewelle.de\/index.php\/2020\/12\/16\/ob-kandidat-dr-ehsan-kangarani-fordert-mehr-hilfsangebote-in-sozialen-brennpunkten\/","title":{"rendered":"OB-Kandidat Dr. Ehsan Kangarani fordert mehr Hilfsangebote in sozialen Brennpunkten."},"content":{"rendered":"<div class=\"news-text-wrap\">\n<p>Eine bundesweite Berichterstattung in der Sendung SPIEGEL TV am 7.12.2020\u00a0\u00fcber die unmenschlichen Wohnzust\u00e4nde in G\u00f6ttingen hat nicht nur f\u00fcr\u00a0mediale Aufmerksamkeit, sondern auch f\u00fcr einen gro\u00dfen Imageschaden f\u00fcr\u00a0die Bildungsstadt G\u00f6ttingen gesorgt. Zum wiederholten Male wurde von den\u00a0Journalisten das jahrelange Versagen der Verantwortlichen im Rathaus und\u00a0auf Seiten der Eigent\u00fcmer aufgezeigt.<\/p>\n<p>\u201eVorschl\u00e4ge, Hilfsprojekte und Anregungen aus dem politischen Raum\u00a0wurden leider bisher nicht von den Verantwortlichen im Dezernat Soziales\u00a0aufgenommen oder realisiert. Die Schicksale der Menschen, die in diesen\u00a0prek\u00e4ren Verh\u00e4ltnissen leben m\u00fcssen, k\u00f6nnen uns nicht kalt und unber\u00fchrt\u00a0lassen. Ich k\u00e4mpfe f\u00fcr eine bessere soziale Unterst\u00fctzung durch die Stadt und\u00a0unsere heimischen Wohlfahrtsorganisationen f\u00fcr diese hilfebed\u00fcrftigen\u00a0Menschen\u201c, verspricht Kangarani.\u00a0Mit r\u00e4umlichen Anlaufstellen vor Ort k\u00f6nne den Bewohnern der genannten\u00a0Geb\u00e4udekomplexe Unterst\u00fctzung bei der Bew\u00e4ltigung ihrer Alltagsprobleme\u00a0oder vermittelnde Hilfe bei der Durchsetzung etwaiger Rechte gegen\u00fcber den\u00a0Eigent\u00fcmern gegeben werden. \u201eEine solche Anlaufstelle mit ausgebildeten\u00a0Sozialarbeitern kann zudem der zunehmenden Gefahr einer Ghettobildung\u00a0und Verslumung der drei Bereiche in Zukunft Einhalt gebieten\u201c, erkl\u00e4rt\u00a0Kangarani.\u00a0Konkret stellt sich Kangarani vor, in jeder der drei \u00f6ffentlich am st\u00e4rksten\u00a0diskutierten Immobilien &#8211; Groner Landstra\u00dfe 9, Iduna-Zentrum und Hagenweg 20 &#8211;\u00a0eine st\u00e4dtisch unterst\u00fctze Anlaufstelle zu schaffen, um\u00a0direkt im Geb\u00e4ude einen wesentlichen Mehrwert an Beratung und Hilfe\u00a0erzielen zu k\u00f6nnen. Die Beratungsstellen sollten dazu in gekauften oder\u00a0gemieteten Wohnungen in der jeweiligen Immobilie untergebracht\u00a0werden, um die Hemmschwelle, diese Angebote zu nutzen, so gering wie\u00a0m\u00f6glich zu halten.<\/p>\n<p>\u201eDie Groner Landstra\u00dfe 9, die Wohneinheiten im Iduna Zentrum und der\u00a0Hagenweg 20 sind seit Jahrzehnten ein sozialer Brennpunkt mit teilweise\u00a0unzumutbaren Wohnverh\u00e4ltnissen und schlechten Lebensbedingungen f\u00fcr\u00a0Familien und minderj\u00e4hrige Kinder\u201c, so Oberb\u00fcrgermeister-Kandidat Ehsan\u00a0Kangarani. Unabh\u00e4ngig von der Eigent\u00fcmerfrage bei den betroffenen\u00a0Objekten sei hier die Stadt G\u00f6ttingen vor allem mit den Bereichen Soziales,\u00a0Gesundheit, Schule und Jugend in der Pflicht, f\u00fcr menschenw\u00fcrdige Zust\u00e4nde\u00a0und die Einhaltung von Sicherheit, Ordnung und Sauberkeit zu sorgen.\u00a0\u201eAuf die Vers\u00e4umnisse der Verwaltung muss ganz klar hingewiesen werden.Au\u00dferdem hat SPIEGEL TV \u00fcber unverh\u00e4ltnism\u00e4\u00dfig hohe Mietzahlungen im<br \/>\nHagenweg 20 berichtet. Eine etwaige bedenkliche Kostenrelation muss\u00a0verwaltungsseitig kritisch hinterfragt werden\u201c, so Kangarani abschlie\u00dfend.<\/p>\n<\/div>\n","protected":false},"excerpt":{"rendered":"<p>Eine bundesweite Berichterstattung in der Sendung SPIEGEL TV am 7.12.2020\u00a0\u00fcber die unmenschlichen Wohnzust\u00e4nde in G\u00f6ttingen hat nicht nur f\u00fcr\u00a0mediale Aufmerksamkeit, sondern auch f\u00fcr einen gro\u00dfen Imageschaden f\u00fcr\u00a0die Bildungsstadt G\u00f6ttingen gesorgt. Zum wiederholten Male wurde von den\u00a0Journalisten das jahrelange Versagen der Verantwortlichen im Rathaus und\u00a0auf Seiten der Eigent\u00fcmer aufgezeigt. \u201eVorschl\u00e4ge, Hilfsprojekte und Anregungen aus dem politischen [&hellip;]<\/p>\n","protected":false},"author":1,"featured_media":0,"comment_status":"closed","ping_status":"closed","sticky":false,"template":"","format":"standard","meta":{"saved_in_kubio":false,"footnotes":""},"categories":[39],"tags":[],"class_list":["post-3557","post","type-post","status-publish","format-standard","hentry","category-lokalpolitik"],"yoast_head":"<!-- This site is optimized with the Yoast SEO plugin v27.5 - https:\/\/yoast.com\/product\/yoast-seo-wordpress\/ -->\n<title>OB-Kandidat Dr. Ehsan Kangarani fordert mehr Hilfsangebote in sozialen Brennpunkten. - Radio Leinewelle<\/title>\n<meta name=\"robots\" content=\"index, follow, max-snippet:-1, max-image-preview:large, max-video-preview:-1\" \/>\n<link rel=\"canonical\" href=\"https:\/\/radioleinewelle.de\/index.php\/2020\/12\/16\/ob-kandidat-dr-ehsan-kangarani-fordert-mehr-hilfsangebote-in-sozialen-brennpunkten\/\" \/>\n<meta property=\"og:locale\" content=\"de_DE\" \/>\n<meta property=\"og:type\" content=\"article\" \/>\n<meta property=\"og:title\" content=\"OB-Kandidat Dr. Ehsan Kangarani fordert mehr Hilfsangebote in sozialen Brennpunkten. - Radio Leinewelle\" \/>\n<meta property=\"og:description\" content=\"Eine bundesweite Berichterstattung in der Sendung SPIEGEL TV am 7.12.2020\u00a0\u00fcber die unmenschlichen Wohnzust\u00e4nde in G\u00f6ttingen hat nicht nur f\u00fcr\u00a0mediale Aufmerksamkeit, sondern auch f\u00fcr einen gro\u00dfen Imageschaden f\u00fcr\u00a0die Bildungsstadt G\u00f6ttingen gesorgt. Zum wiederholten Male wurde von den\u00a0Journalisten das jahrelange Versagen der Verantwortlichen im Rathaus und\u00a0auf Seiten der Eigent\u00fcmer aufgezeigt. \u201eVorschl\u00e4ge, Hilfsprojekte und Anregungen aus dem politischen [&hellip;]\" \/>\n<meta property=\"og:url\" content=\"https:\/\/radioleinewelle.de\/index.php\/2020\/12\/16\/ob-kandidat-dr-ehsan-kangarani-fordert-mehr-hilfsangebote-in-sozialen-brennpunkten\/\" \/>\n<meta property=\"og:site_name\" content=\"Radio Leinewelle\" \/>\n<meta property=\"article:publisher\" content=\"https:\/\/www.facebook.com\/radioleinewelle\" \/>\n<meta property=\"article:author\" content=\"https:\/\/www.facebook.com\/radioleinewelle\" \/>\n<meta property=\"article:published_time\" content=\"2020-12-16T04:15:00+00:00\" \/>\n<meta name=\"author\" content=\"Leinewelle\" \/>\n<meta name=\"twitter:card\" content=\"summary_large_image\" \/>\n<meta name=\"twitter:creator\" content=\"@https:\/\/twitter.com\/RLeinewelle?ref_src=twsrcgoogletwcampserptwgrauthor\" \/>\n<meta name=\"twitter:site\" content=\"@RLeinewelle\" \/>\n<meta name=\"twitter:label1\" content=\"Verfasst von\" \/>\n\t<meta name=\"twitter:data1\" content=\"Leinewelle\" \/>\n\t<meta name=\"twitter:label2\" content=\"Gesch\u00e4tzte Lesezeit\" \/>\n\t<meta name=\"twitter:data2\" content=\"2\u00a0Minuten\" \/>\n<script type=\"application\/ld+json\" class=\"yoast-schema-graph\">{\"@context\":\"https:\\\/\\\/schema.org\",\"@graph\":[{\"@type\":\"Article\",\"@id\":\"https:\\\/\\\/radioleinewelle.de\\\/index.php\\\/2020\\\/12\\\/16\\\/ob-kandidat-dr-ehsan-kangarani-fordert-mehr-hilfsangebote-in-sozialen-brennpunkten\\\/#article\",\"isPartOf\":{\"@id\":\"https:\\\/\\\/radioleinewelle.de\\\/index.php\\\/2020\\\/12\\\/16\\\/ob-kandidat-dr-ehsan-kangarani-fordert-mehr-hilfsangebote-in-sozialen-brennpunkten\\\/\"},\"author\":{\"name\":\"Leinewelle\",\"@id\":\"https:\\\/\\\/radioleinewelle.de\\\/#\\\/schema\\\/person\\\/45606f348637df637192dc1b68399a63\"},\"headline\":\"OB-Kandidat Dr. Ehsan Kangarani fordert mehr Hilfsangebote in sozialen Brennpunkten.\",\"datePublished\":\"2020-12-16T04:15:00+00:00\",\"mainEntityOfPage\":{\"@id\":\"https:\\\/\\\/radioleinewelle.de\\\/index.php\\\/2020\\\/12\\\/16\\\/ob-kandidat-dr-ehsan-kangarani-fordert-mehr-hilfsangebote-in-sozialen-brennpunkten\\\/\"},\"wordCount\":399,\"publisher\":{\"@id\":\"https:\\\/\\\/radioleinewelle.de\\\/#organization\"},\"articleSection\":[\"Lokalpolitik\"],\"inLanguage\":\"de\"},{\"@type\":\"WebPage\",\"@id\":\"https:\\\/\\\/radioleinewelle.de\\\/index.php\\\/2020\\\/12\\\/16\\\/ob-kandidat-dr-ehsan-kangarani-fordert-mehr-hilfsangebote-in-sozialen-brennpunkten\\\/\",\"url\":\"https:\\\/\\\/radioleinewelle.de\\\/index.php\\\/2020\\\/12\\\/16\\\/ob-kandidat-dr-ehsan-kangarani-fordert-mehr-hilfsangebote-in-sozialen-brennpunkten\\\/\",\"name\":\"OB-Kandidat Dr. Ehsan Kangarani fordert mehr Hilfsangebote in sozialen Brennpunkten. - Radio Leinewelle\",\"isPartOf\":{\"@id\":\"https:\\\/\\\/radioleinewelle.de\\\/#website\"},\"datePublished\":\"2020-12-16T04:15:00+00:00\",\"breadcrumb\":{\"@id\":\"https:\\\/\\\/radioleinewelle.de\\\/index.php\\\/2020\\\/12\\\/16\\\/ob-kandidat-dr-ehsan-kangarani-fordert-mehr-hilfsangebote-in-sozialen-brennpunkten\\\/#breadcrumb\"},\"inLanguage\":\"de\",\"potentialAction\":[{\"@type\":\"ReadAction\",\"target\":[\"https:\\\/\\\/radioleinewelle.de\\\/index.php\\\/2020\\\/12\\\/16\\\/ob-kandidat-dr-ehsan-kangarani-fordert-mehr-hilfsangebote-in-sozialen-brennpunkten\\\/\"]}]},{\"@type\":\"BreadcrumbList\",\"@id\":\"https:\\\/\\\/radioleinewelle.de\\\/index.php\\\/2020\\\/12\\\/16\\\/ob-kandidat-dr-ehsan-kangarani-fordert-mehr-hilfsangebote-in-sozialen-brennpunkten\\\/#breadcrumb\",\"itemListElement\":[{\"@type\":\"ListItem\",\"position\":1,\"name\":\"Startseite\",\"item\":\"https:\\\/\\\/radioleinewelle.de\\\/\"},{\"@type\":\"ListItem\",\"position\":2,\"name\":\"OB-Kandidat Dr. Ehsan Kangarani fordert mehr Hilfsangebote in sozialen Brennpunkten.\"}]},{\"@type\":\"WebSite\",\"@id\":\"https:\\\/\\\/radioleinewelle.de\\\/#website\",\"url\":\"https:\\\/\\\/radioleinewelle.de\\\/\",\"name\":\"Radio Leinewelle\",\"description\":\"\",\"publisher\":{\"@id\":\"https:\\\/\\\/radioleinewelle.de\\\/#organization\"},\"potentialAction\":[{\"@type\":\"SearchAction\",\"target\":{\"@type\":\"EntryPoint\",\"urlTemplate\":\"https:\\\/\\\/radioleinewelle.de\\\/?s={search_term_string}\"},\"query-input\":{\"@type\":\"PropertyValueSpecification\",\"valueRequired\":true,\"valueName\":\"search_term_string\"}}],\"inLanguage\":\"de\"},{\"@type\":\"Organization\",\"@id\":\"https:\\\/\\\/radioleinewelle.de\\\/#organization\",\"name\":\"Radio Leinewelle\",\"alternateName\":\"Mein Radio f\u00fcr S\u00fcdniedersachsen\",\"url\":\"https:\\\/\\\/radioleinewelle.de\\\/\",\"logo\":{\"@type\":\"ImageObject\",\"inLanguage\":\"de\",\"@id\":\"https:\\\/\\\/radioleinewelle.de\\\/#\\\/schema\\\/logo\\\/image\\\/\",\"url\":\"https:\\\/\\\/radioleinewelle.de\\\/wp-content\\\/uploads\\\/2023\\\/11\\\/cropped-Leinewelle_Logo_weiss.png\",\"contentUrl\":\"https:\\\/\\\/radioleinewelle.de\\\/wp-content\\\/uploads\\\/2023\\\/11\\\/cropped-Leinewelle_Logo_weiss.png\",\"width\":854,\"height\":260,\"caption\":\"Radio Leinewelle\"},\"image\":{\"@id\":\"https:\\\/\\\/radioleinewelle.de\\\/#\\\/schema\\\/logo\\\/image\\\/\"},\"sameAs\":[\"https:\\\/\\\/www.facebook.com\\\/radioleinewelle\",\"https:\\\/\\\/x.com\\\/RLeinewelle\",\"https:\\\/\\\/www.instagram.com\\\/radioleinewelle\\\/?hl=de\"]},{\"@type\":\"Person\",\"@id\":\"https:\\\/\\\/radioleinewelle.de\\\/#\\\/schema\\\/person\\\/45606f348637df637192dc1b68399a63\",\"name\":\"Leinewelle\",\"image\":{\"@type\":\"ImageObject\",\"inLanguage\":\"de\",\"@id\":\"https:\\\/\\\/secure.gravatar.com\\\/avatar\\\/05c9a17bc973052ee5d91549bd32fb4dd0dc85b7b85ae94b2e2b4943476bbea5?s=96&d=blank&r=g\",\"url\":\"https:\\\/\\\/secure.gravatar.com\\\/avatar\\\/05c9a17bc973052ee5d91549bd32fb4dd0dc85b7b85ae94b2e2b4943476bbea5?s=96&d=blank&r=g\",\"contentUrl\":\"https:\\\/\\\/secure.gravatar.com\\\/avatar\\\/05c9a17bc973052ee5d91549bd32fb4dd0dc85b7b85ae94b2e2b4943476bbea5?s=96&d=blank&r=g\",\"caption\":\"Leinewelle\"},\"sameAs\":[\"http:\\\/\\\/localhost\\\/radio%20leinewelle\\\/wordpress\",\"https:\\\/\\\/www.facebook.com\\\/radioleinewelle\",\"https:\\\/\\\/www.instagram.com\\\/radioleinewelle\",\"https:\\\/\\\/x.com\\\/https:\\\/\\\/twitter.com\\\/RLeinewelle?ref_src=twsrcgoogletwcampserptwgrauthor\",\"https:\\\/\\\/soundcloud.com\\\/foerderverein-lokalradio?utm_source=clipboard&utm_medium=text&utm_campaign=social_sharing\"],\"url\":\"https:\\\/\\\/radioleinewelle.de\\\/index.php\\\/author\\\/leinewelle\\\/\"}]}<\/script>\n<!-- \/ Yoast SEO plugin. -->","yoast_head_json":{"title":"OB-Kandidat Dr. Ehsan Kangarani fordert mehr Hilfsangebote in sozialen Brennpunkten. - Radio Leinewelle","robots":{"index":"index","follow":"follow","max-snippet":"max-snippet:-1","max-image-preview":"max-image-preview:large","max-video-preview":"max-video-preview:-1"},"canonical":"https:\/\/radioleinewelle.de\/index.php\/2020\/12\/16\/ob-kandidat-dr-ehsan-kangarani-fordert-mehr-hilfsangebote-in-sozialen-brennpunkten\/","og_locale":"de_DE","og_type":"article","og_title":"OB-Kandidat Dr. Ehsan Kangarani fordert mehr Hilfsangebote in sozialen Brennpunkten. - Radio Leinewelle","og_description":"Eine bundesweite Berichterstattung in der Sendung SPIEGEL TV am 7.12.2020\u00a0\u00fcber die unmenschlichen Wohnzust\u00e4nde in G\u00f6ttingen hat nicht nur f\u00fcr\u00a0mediale Aufmerksamkeit, sondern auch f\u00fcr einen gro\u00dfen Imageschaden f\u00fcr\u00a0die Bildungsstadt G\u00f6ttingen gesorgt. Zum wiederholten Male wurde von den\u00a0Journalisten das jahrelange Versagen der Verantwortlichen im Rathaus und\u00a0auf Seiten der Eigent\u00fcmer aufgezeigt. \u201eVorschl\u00e4ge, Hilfsprojekte und Anregungen aus dem politischen [&hellip;]","og_url":"https:\/\/radioleinewelle.de\/index.php\/2020\/12\/16\/ob-kandidat-dr-ehsan-kangarani-fordert-mehr-hilfsangebote-in-sozialen-brennpunkten\/","og_site_name":"Radio Leinewelle","article_publisher":"https:\/\/www.facebook.com\/radioleinewelle","article_author":"https:\/\/www.facebook.com\/radioleinewelle","article_published_time":"2020-12-16T04:15:00+00:00","author":"Leinewelle","twitter_card":"summary_large_image","twitter_creator":"@https:\/\/twitter.com\/RLeinewelle?ref_src=twsrcgoogletwcampserptwgrauthor","twitter_site":"@RLeinewelle","twitter_misc":{"Verfasst von":"Leinewelle","Gesch\u00e4tzte Lesezeit":"2\u00a0Minuten"},"schema":{"@context":"https:\/\/schema.org","@graph":[{"@type":"Article","@id":"https:\/\/radioleinewelle.de\/index.php\/2020\/12\/16\/ob-kandidat-dr-ehsan-kangarani-fordert-mehr-hilfsangebote-in-sozialen-brennpunkten\/#article","isPartOf":{"@id":"https:\/\/radioleinewelle.de\/index.php\/2020\/12\/16\/ob-kandidat-dr-ehsan-kangarani-fordert-mehr-hilfsangebote-in-sozialen-brennpunkten\/"},"author":{"name":"Leinewelle","@id":"https:\/\/radioleinewelle.de\/#\/schema\/person\/45606f348637df637192dc1b68399a63"},"headline":"OB-Kandidat Dr. Ehsan Kangarani fordert mehr Hilfsangebote in sozialen Brennpunkten.","datePublished":"2020-12-16T04:15:00+00:00","mainEntityOfPage":{"@id":"https:\/\/radioleinewelle.de\/index.php\/2020\/12\/16\/ob-kandidat-dr-ehsan-kangarani-fordert-mehr-hilfsangebote-in-sozialen-brennpunkten\/"},"wordCount":399,"publisher":{"@id":"https:\/\/radioleinewelle.de\/#organization"},"articleSection":["Lokalpolitik"],"inLanguage":"de"},{"@type":"WebPage","@id":"https:\/\/radioleinewelle.de\/index.php\/2020\/12\/16\/ob-kandidat-dr-ehsan-kangarani-fordert-mehr-hilfsangebote-in-sozialen-brennpunkten\/","url":"https:\/\/radioleinewelle.de\/index.php\/2020\/12\/16\/ob-kandidat-dr-ehsan-kangarani-fordert-mehr-hilfsangebote-in-sozialen-brennpunkten\/","name":"OB-Kandidat Dr. Ehsan Kangarani fordert mehr Hilfsangebote in sozialen Brennpunkten. - Radio Leinewelle","isPartOf":{"@id":"https:\/\/radioleinewelle.de\/#website"},"datePublished":"2020-12-16T04:15:00+00:00","breadcrumb":{"@id":"https:\/\/radioleinewelle.de\/index.php\/2020\/12\/16\/ob-kandidat-dr-ehsan-kangarani-fordert-mehr-hilfsangebote-in-sozialen-brennpunkten\/#breadcrumb"},"inLanguage":"de","potentialAction":[{"@type":"ReadAction","target":["https:\/\/radioleinewelle.de\/index.php\/2020\/12\/16\/ob-kandidat-dr-ehsan-kangarani-fordert-mehr-hilfsangebote-in-sozialen-brennpunkten\/"]}]},{"@type":"BreadcrumbList","@id":"https:\/\/radioleinewelle.de\/index.php\/2020\/12\/16\/ob-kandidat-dr-ehsan-kangarani-fordert-mehr-hilfsangebote-in-sozialen-brennpunkten\/#breadcrumb","itemListElement":[{"@type":"ListItem","position":1,"name":"Startseite","item":"https:\/\/radioleinewelle.de\/"},{"@type":"ListItem","position":2,"name":"OB-Kandidat Dr. Ehsan Kangarani fordert mehr Hilfsangebote in sozialen Brennpunkten."}]},{"@type":"WebSite","@id":"https:\/\/radioleinewelle.de\/#website","url":"https:\/\/radioleinewelle.de\/","name":"Radio Leinewelle","description":"","publisher":{"@id":"https:\/\/radioleinewelle.de\/#organization"},"potentialAction":[{"@type":"SearchAction","target":{"@type":"EntryPoint","urlTemplate":"https:\/\/radioleinewelle.de\/?s={search_term_string}"},"query-input":{"@type":"PropertyValueSpecification","valueRequired":true,"valueName":"search_term_string"}}],"inLanguage":"de"},{"@type":"Organization","@id":"https:\/\/radioleinewelle.de\/#organization","name":"Radio Leinewelle","alternateName":"Mein Radio f\u00fcr S\u00fcdniedersachsen","url":"https:\/\/radioleinewelle.de\/","logo":{"@type":"ImageObject","inLanguage":"de","@id":"https:\/\/radioleinewelle.de\/#\/schema\/logo\/image\/","url":"https:\/\/radioleinewelle.de\/wp-content\/uploads\/2023\/11\/cropped-Leinewelle_Logo_weiss.png","contentUrl":"https:\/\/radioleinewelle.de\/wp-content\/uploads\/2023\/11\/cropped-Leinewelle_Logo_weiss.png","width":854,"height":260,"caption":"Radio Leinewelle"},"image":{"@id":"https:\/\/radioleinewelle.de\/#\/schema\/logo\/image\/"},"sameAs":["https:\/\/www.facebook.com\/radioleinewelle","https:\/\/x.com\/RLeinewelle","https:\/\/www.instagram.com\/radioleinewelle\/?hl=de"]},{"@type":"Person","@id":"https:\/\/radioleinewelle.de\/#\/schema\/person\/45606f348637df637192dc1b68399a63","name":"Leinewelle","image":{"@type":"ImageObject","inLanguage":"de","@id":"https:\/\/secure.gravatar.com\/avatar\/05c9a17bc973052ee5d91549bd32fb4dd0dc85b7b85ae94b2e2b4943476bbea5?s=96&d=blank&r=g","url":"https:\/\/secure.gravatar.com\/avatar\/05c9a17bc973052ee5d91549bd32fb4dd0dc85b7b85ae94b2e2b4943476bbea5?s=96&d=blank&r=g","contentUrl":"https:\/\/secure.gravatar.com\/avatar\/05c9a17bc973052ee5d91549bd32fb4dd0dc85b7b85ae94b2e2b4943476bbea5?s=96&d=blank&r=g","caption":"Leinewelle"},"sameAs":["http:\/\/localhost\/radio%20leinewelle\/wordpress","https:\/\/www.facebook.com\/radioleinewelle","https:\/\/www.instagram.com\/radioleinewelle","https:\/\/x.com\/https:\/\/twitter.com\/RLeinewelle?ref_src=twsrcgoogletwcampserptwgrauthor","https:\/\/soundcloud.com\/foerderverein-lokalradio?utm_source=clipboard&utm_medium=text&utm_campaign=social_sharing"],"url":"https:\/\/radioleinewelle.de\/index.php\/author\/leinewelle\/"}]}},"_links":{"self":[{"href":"https:\/\/radioleinewelle.de\/index.php\/wp-json\/wp\/v2\/posts\/3557","targetHints":{"allow":["GET"]}}],"collection":[{"href":"https:\/\/radioleinewelle.de\/index.php\/wp-json\/wp\/v2\/posts"}],"about":[{"href":"https:\/\/radioleinewelle.de\/index.php\/wp-json\/wp\/v2\/types\/post"}],"author":[{"embeddable":true,"href":"https:\/\/radioleinewelle.de\/index.php\/wp-json\/wp\/v2\/users\/1"}],"replies":[{"embeddable":true,"href":"https:\/\/radioleinewelle.de\/index.php\/wp-json\/wp\/v2\/comments?post=3557"}],"version-history":[{"count":0,"href":"https:\/\/radioleinewelle.de\/index.php\/wp-json\/wp\/v2\/posts\/3557\/revisions"}],"wp:attachment":[{"href":"https:\/\/radioleinewelle.de\/index.php\/wp-json\/wp\/v2\/media?parent=3557"}],"wp:term":[{"taxonomy":"category","embeddable":true,"href":"https:\/\/radioleinewelle.de\/index.php\/wp-json\/wp\/v2\/categories?post=3557"},{"taxonomy":"post_tag","embeddable":true,"href":"https:\/\/radioleinewelle.de\/index.php\/wp-json\/wp\/v2\/tags?post=3557"}],"curies":[{"name":"wp","href":"https:\/\/api.w.org\/{rel}","templated":true}]}}