{"id":3591,"date":"2020-12-17T05:15:59","date_gmt":"2020-12-17T04:15:59","guid":{"rendered":"https:\/\/radioleinewelle.de\/?p=3591"},"modified":"2020-12-17T05:15:59","modified_gmt":"2020-12-17T04:15:59","slug":"niedersaechsische-landesregierung-startet-hotline-fuer-fragen-zur-covid-19-impfung","status":"publish","type":"post","link":"https:\/\/radioleinewelle.de\/index.php\/2020\/12\/17\/niedersaechsische-landesregierung-startet-hotline-fuer-fragen-zur-covid-19-impfung\/","title":{"rendered":"Nieders\u00e4chsische Landesregierung startet Hotline f\u00fcr Fragen zur Covid-19-Impfung"},"content":{"rendered":"<div class=\"magazinetext\">\n<div class=\"magazineshorttext\">Ab sofort haben die B\u00fcrgerinnen und B\u00fcrger im Land Niedersachsen die M\u00f6glichkeit, ihre Fragen rund um die Covid-19-Impfung mit einem Anruf bei einer neu eingerichteten Hotline unter der Rufnummer 0800\/9988665 zu kl\u00e4ren. Sobald feststeht, ab wann der Impfstoff zur Verf\u00fcgung stehen wird, k\u00f6nnen \u00fcber die Hotline auch Impf-Termine vereinbart werden. Die Hotline ist von montags bis samstags in der Zeit von 8.00 bis 20.00 Uhr erreichbar. An Feiertagen ist die Hotline geschlossen, steht jedoch an Heiligabend von 8.00 bis 12.00 Uhr zur Verf\u00fcgung. Unterst\u00fctzt wird die Landesregierung dabei von ihrem Partner Majorel, der unter anderem die B\u00fcrger-Hotline sowie die dahinterliegende Terminmanagement-Plattform betreibt. Die Gesundheits- und Sozialministerin Dr. Carola Reimann betont: \u201eDie Vorbereitungen auf die Covid-Impfungen stellen eine gewaltige organisatorische Herausforderung auf vielen verschiedenen Ebenen dar. Wir haben mit Majorel einen erfahrenen nieders\u00e4chsischen Dienstleister gefunden, der die Terminmanagement-Plattform, die mit der Impfstofflogistik in den Verteilzentren gekoppelt ist, auf eine sichere Basis stellt. Sobald erste Lieferungen eines Impfstoffs eintreffen, k\u00f6nnen wir in Niedersachsen die ersten impfberechtigten Personen aufrufen, sich Termine zum Impfen zu holen.\u201c<\/div>\n<\/div>\n<div class=\"magazinetext\">\n<p>Aufgrund der begrenzten Impfstoffmenge wird sich das Angebot zun\u00e4chst vor allem an \u00e4ltere Menschen, Personen mit Vorerkrankungen und Mitarbeiterinnen und Mitarbeiter des Gesundheitswesens richten. Die Option, Termine f\u00fcr die Covid-19-Impfung \u00fcber die Hotline sowie \u00fcber die dahinterliegende Online-Terminplattform zu vereinbaren, wird erst angeboten, wenn feststeht, ab wann der Impfstoff zur Verf\u00fcgung stehen wird. \u201eTechnisch ist jedoch bereits jetzt alles vorbereitet \u2013 die Terminplattform ist einsatzbereit\u201c, erl\u00e4utert Klaus-Peter Bergmann, der als Gesch\u00e4ftsf\u00fchrer bei Majorel f\u00fcr das Projekt verantwortlich ist. Termine k\u00f6nnen zuk\u00fcnftig sowohl \u00fcber die Impf-Hotline unter der Rufnummer 0800\/9988665 als auch zu einem sp\u00e4teren Zeitpunkt auf der Plattform direkt online vereinbart werden.\u00a0Sobald mit der Impfung der Bev\u00f6lkerung begonnen werden kann, wird der Kommunikations-Experte Majorel auch das Management des Impfstoffbestands in den Impfzentren sicherstellen. \u201eWir freuen uns sehr, die Nieders\u00e4chsische Landesregierung bei dieser wichtigen und verantwortungsvollen Aufgabe unterst\u00fctzen zu k\u00f6nnen und als Partner f\u00fcr das Terminmanagement f\u00fcr m\u00f6glichst effiziente Prozesse im Rahmen der Covid-19-Impfung zu sorgen\u201c, so Bergmann.<\/p>\n<p>Bild von <a href=\"https:\/\/pixabay.com\/de\/users\/alexandra_koch-621802\/?utm_source=link-attribution&amp;utm_medium=referral&amp;utm_campaign=image&amp;utm_content=5209152\">Alexandra_Koch<\/a> auf <a href=\"https:\/\/pixabay.com\/de\/?utm_source=link-attribution&amp;utm_medium=referral&amp;utm_campaign=image&amp;utm_content=5209152\">Pixabay<\/a><\/p>\n<\/div>\n","protected":false},"excerpt":{"rendered":"<p>Ab sofort haben die B\u00fcrgerinnen und B\u00fcrger im Land Niedersachsen die M\u00f6glichkeit, ihre Fragen rund um die Covid-19-Impfung mit einem Anruf bei einer neu eingerichteten Hotline unter der Rufnummer 0800\/9988665 zu kl\u00e4ren. Sobald feststeht, ab wann der Impfstoff zur Verf\u00fcgung stehen wird, k\u00f6nnen \u00fcber die Hotline auch Impf-Termine vereinbart werden. Die Hotline ist von montags [&hellip;]<\/p>\n","protected":false},"author":1,"featured_media":0,"comment_status":"closed","ping_status":"closed","sticky":false,"template":"","format":"standard","meta":{"saved_in_kubio":false,"footnotes":""},"categories":[23],"tags":[],"class_list":["post-3591","post","type-post","status-publish","format-standard","hentry","category-corona"],"yoast_head":"<!-- This site is optimized with the Yoast SEO plugin v27.5 - https:\/\/yoast.com\/product\/yoast-seo-wordpress\/ -->\n<title>Nieders\u00e4chsische Landesregierung startet Hotline f\u00fcr Fragen zur Covid-19-Impfung - Radio Leinewelle<\/title>\n<meta name=\"robots\" content=\"index, follow, max-snippet:-1, max-image-preview:large, max-video-preview:-1\" \/>\n<link rel=\"canonical\" href=\"https:\/\/radioleinewelle.de\/index.php\/2020\/12\/17\/niedersaechsische-landesregierung-startet-hotline-fuer-fragen-zur-covid-19-impfung\/\" \/>\n<meta property=\"og:locale\" content=\"de_DE\" \/>\n<meta property=\"og:type\" content=\"article\" \/>\n<meta property=\"og:title\" content=\"Nieders\u00e4chsische Landesregierung startet Hotline f\u00fcr Fragen zur Covid-19-Impfung - Radio Leinewelle\" \/>\n<meta property=\"og:description\" content=\"Ab sofort haben die B\u00fcrgerinnen und B\u00fcrger im Land Niedersachsen die M\u00f6glichkeit, ihre Fragen rund um die Covid-19-Impfung mit einem Anruf bei einer neu eingerichteten Hotline unter der Rufnummer 0800\/9988665 zu kl\u00e4ren. Sobald feststeht, ab wann der Impfstoff zur Verf\u00fcgung stehen wird, k\u00f6nnen \u00fcber die Hotline auch Impf-Termine vereinbart werden. Die Hotline ist von montags [&hellip;]\" \/>\n<meta property=\"og:url\" content=\"https:\/\/radioleinewelle.de\/index.php\/2020\/12\/17\/niedersaechsische-landesregierung-startet-hotline-fuer-fragen-zur-covid-19-impfung\/\" \/>\n<meta property=\"og:site_name\" content=\"Radio Leinewelle\" \/>\n<meta property=\"article:publisher\" content=\"https:\/\/www.facebook.com\/radioleinewelle\" \/>\n<meta property=\"article:author\" content=\"https:\/\/www.facebook.com\/radioleinewelle\" \/>\n<meta property=\"article:published_time\" content=\"2020-12-17T04:15:59+00:00\" \/>\n<meta name=\"author\" content=\"Leinewelle\" \/>\n<meta name=\"twitter:card\" content=\"summary_large_image\" \/>\n<meta name=\"twitter:creator\" content=\"@https:\/\/twitter.com\/RLeinewelle?ref_src=twsrcgoogletwcampserptwgrauthor\" \/>\n<meta name=\"twitter:site\" content=\"@RLeinewelle\" \/>\n<meta name=\"twitter:label1\" content=\"Verfasst von\" \/>\n\t<meta name=\"twitter:data1\" content=\"Leinewelle\" \/>\n\t<meta name=\"twitter:label2\" content=\"Gesch\u00e4tzte Lesezeit\" \/>\n\t<meta name=\"twitter:data2\" content=\"2\u00a0Minuten\" \/>\n<script type=\"application\/ld+json\" class=\"yoast-schema-graph\">{\"@context\":\"https:\\\/\\\/schema.org\",\"@graph\":[{\"@type\":\"Article\",\"@id\":\"https:\\\/\\\/radioleinewelle.de\\\/index.php\\\/2020\\\/12\\\/17\\\/niedersaechsische-landesregierung-startet-hotline-fuer-fragen-zur-covid-19-impfung\\\/#article\",\"isPartOf\":{\"@id\":\"https:\\\/\\\/radioleinewelle.de\\\/index.php\\\/2020\\\/12\\\/17\\\/niedersaechsische-landesregierung-startet-hotline-fuer-fragen-zur-covid-19-impfung\\\/\"},\"author\":{\"name\":\"Leinewelle\",\"@id\":\"https:\\\/\\\/radioleinewelle.de\\\/#\\\/schema\\\/person\\\/45606f348637df637192dc1b68399a63\"},\"headline\":\"Nieders\u00e4chsische Landesregierung startet Hotline f\u00fcr Fragen zur Covid-19-Impfung\",\"datePublished\":\"2020-12-17T04:15:59+00:00\",\"mainEntityOfPage\":{\"@id\":\"https:\\\/\\\/radioleinewelle.de\\\/index.php\\\/2020\\\/12\\\/17\\\/niedersaechsische-landesregierung-startet-hotline-fuer-fragen-zur-covid-19-impfung\\\/\"},\"wordCount\":371,\"publisher\":{\"@id\":\"https:\\\/\\\/radioleinewelle.de\\\/#organization\"},\"articleSection\":[\"Corona\"],\"inLanguage\":\"de\"},{\"@type\":\"WebPage\",\"@id\":\"https:\\\/\\\/radioleinewelle.de\\\/index.php\\\/2020\\\/12\\\/17\\\/niedersaechsische-landesregierung-startet-hotline-fuer-fragen-zur-covid-19-impfung\\\/\",\"url\":\"https:\\\/\\\/radioleinewelle.de\\\/index.php\\\/2020\\\/12\\\/17\\\/niedersaechsische-landesregierung-startet-hotline-fuer-fragen-zur-covid-19-impfung\\\/\",\"name\":\"Nieders\u00e4chsische Landesregierung startet Hotline f\u00fcr Fragen zur Covid-19-Impfung - Radio Leinewelle\",\"isPartOf\":{\"@id\":\"https:\\\/\\\/radioleinewelle.de\\\/#website\"},\"datePublished\":\"2020-12-17T04:15:59+00:00\",\"breadcrumb\":{\"@id\":\"https:\\\/\\\/radioleinewelle.de\\\/index.php\\\/2020\\\/12\\\/17\\\/niedersaechsische-landesregierung-startet-hotline-fuer-fragen-zur-covid-19-impfung\\\/#breadcrumb\"},\"inLanguage\":\"de\",\"potentialAction\":[{\"@type\":\"ReadAction\",\"target\":[\"https:\\\/\\\/radioleinewelle.de\\\/index.php\\\/2020\\\/12\\\/17\\\/niedersaechsische-landesregierung-startet-hotline-fuer-fragen-zur-covid-19-impfung\\\/\"]}]},{\"@type\":\"BreadcrumbList\",\"@id\":\"https:\\\/\\\/radioleinewelle.de\\\/index.php\\\/2020\\\/12\\\/17\\\/niedersaechsische-landesregierung-startet-hotline-fuer-fragen-zur-covid-19-impfung\\\/#breadcrumb\",\"itemListElement\":[{\"@type\":\"ListItem\",\"position\":1,\"name\":\"Startseite\",\"item\":\"https:\\\/\\\/radioleinewelle.de\\\/\"},{\"@type\":\"ListItem\",\"position\":2,\"name\":\"Nieders\u00e4chsische Landesregierung startet Hotline f\u00fcr Fragen zur Covid-19-Impfung\"}]},{\"@type\":\"WebSite\",\"@id\":\"https:\\\/\\\/radioleinewelle.de\\\/#website\",\"url\":\"https:\\\/\\\/radioleinewelle.de\\\/\",\"name\":\"Radio Leinewelle\",\"description\":\"\",\"publisher\":{\"@id\":\"https:\\\/\\\/radioleinewelle.de\\\/#organization\"},\"potentialAction\":[{\"@type\":\"SearchAction\",\"target\":{\"@type\":\"EntryPoint\",\"urlTemplate\":\"https:\\\/\\\/radioleinewelle.de\\\/?s={search_term_string}\"},\"query-input\":{\"@type\":\"PropertyValueSpecification\",\"valueRequired\":true,\"valueName\":\"search_term_string\"}}],\"inLanguage\":\"de\"},{\"@type\":\"Organization\",\"@id\":\"https:\\\/\\\/radioleinewelle.de\\\/#organization\",\"name\":\"Radio Leinewelle\",\"alternateName\":\"Mein Radio f\u00fcr S\u00fcdniedersachsen\",\"url\":\"https:\\\/\\\/radioleinewelle.de\\\/\",\"logo\":{\"@type\":\"ImageObject\",\"inLanguage\":\"de\",\"@id\":\"https:\\\/\\\/radioleinewelle.de\\\/#\\\/schema\\\/logo\\\/image\\\/\",\"url\":\"https:\\\/\\\/radioleinewelle.de\\\/wp-content\\\/uploads\\\/2023\\\/11\\\/cropped-Leinewelle_Logo_weiss.png\",\"contentUrl\":\"https:\\\/\\\/radioleinewelle.de\\\/wp-content\\\/uploads\\\/2023\\\/11\\\/cropped-Leinewelle_Logo_weiss.png\",\"width\":854,\"height\":260,\"caption\":\"Radio Leinewelle\"},\"image\":{\"@id\":\"https:\\\/\\\/radioleinewelle.de\\\/#\\\/schema\\\/logo\\\/image\\\/\"},\"sameAs\":[\"https:\\\/\\\/www.facebook.com\\\/radioleinewelle\",\"https:\\\/\\\/x.com\\\/RLeinewelle\",\"https:\\\/\\\/www.instagram.com\\\/radioleinewelle\\\/?hl=de\"]},{\"@type\":\"Person\",\"@id\":\"https:\\\/\\\/radioleinewelle.de\\\/#\\\/schema\\\/person\\\/45606f348637df637192dc1b68399a63\",\"name\":\"Leinewelle\",\"image\":{\"@type\":\"ImageObject\",\"inLanguage\":\"de\",\"@id\":\"https:\\\/\\\/secure.gravatar.com\\\/avatar\\\/05c9a17bc973052ee5d91549bd32fb4dd0dc85b7b85ae94b2e2b4943476bbea5?s=96&d=blank&r=g\",\"url\":\"https:\\\/\\\/secure.gravatar.com\\\/avatar\\\/05c9a17bc973052ee5d91549bd32fb4dd0dc85b7b85ae94b2e2b4943476bbea5?s=96&d=blank&r=g\",\"contentUrl\":\"https:\\\/\\\/secure.gravatar.com\\\/avatar\\\/05c9a17bc973052ee5d91549bd32fb4dd0dc85b7b85ae94b2e2b4943476bbea5?s=96&d=blank&r=g\",\"caption\":\"Leinewelle\"},\"sameAs\":[\"http:\\\/\\\/localhost\\\/radio%20leinewelle\\\/wordpress\",\"https:\\\/\\\/www.facebook.com\\\/radioleinewelle\",\"https:\\\/\\\/www.instagram.com\\\/radioleinewelle\",\"https:\\\/\\\/x.com\\\/https:\\\/\\\/twitter.com\\\/RLeinewelle?ref_src=twsrcgoogletwcampserptwgrauthor\",\"https:\\\/\\\/soundcloud.com\\\/foerderverein-lokalradio?utm_source=clipboard&utm_medium=text&utm_campaign=social_sharing\"],\"url\":\"https:\\\/\\\/radioleinewelle.de\\\/index.php\\\/author\\\/leinewelle\\\/\"}]}<\/script>\n<!-- \/ Yoast SEO plugin. -->","yoast_head_json":{"title":"Nieders\u00e4chsische Landesregierung startet Hotline f\u00fcr Fragen zur Covid-19-Impfung - Radio Leinewelle","robots":{"index":"index","follow":"follow","max-snippet":"max-snippet:-1","max-image-preview":"max-image-preview:large","max-video-preview":"max-video-preview:-1"},"canonical":"https:\/\/radioleinewelle.de\/index.php\/2020\/12\/17\/niedersaechsische-landesregierung-startet-hotline-fuer-fragen-zur-covid-19-impfung\/","og_locale":"de_DE","og_type":"article","og_title":"Nieders\u00e4chsische Landesregierung startet Hotline f\u00fcr Fragen zur Covid-19-Impfung - Radio Leinewelle","og_description":"Ab sofort haben die B\u00fcrgerinnen und B\u00fcrger im Land Niedersachsen die M\u00f6glichkeit, ihre Fragen rund um die Covid-19-Impfung mit einem Anruf bei einer neu eingerichteten Hotline unter der Rufnummer 0800\/9988665 zu kl\u00e4ren. Sobald feststeht, ab wann der Impfstoff zur Verf\u00fcgung stehen wird, k\u00f6nnen \u00fcber die Hotline auch Impf-Termine vereinbart werden. Die Hotline ist von montags [&hellip;]","og_url":"https:\/\/radioleinewelle.de\/index.php\/2020\/12\/17\/niedersaechsische-landesregierung-startet-hotline-fuer-fragen-zur-covid-19-impfung\/","og_site_name":"Radio Leinewelle","article_publisher":"https:\/\/www.facebook.com\/radioleinewelle","article_author":"https:\/\/www.facebook.com\/radioleinewelle","article_published_time":"2020-12-17T04:15:59+00:00","author":"Leinewelle","twitter_card":"summary_large_image","twitter_creator":"@https:\/\/twitter.com\/RLeinewelle?ref_src=twsrcgoogletwcampserptwgrauthor","twitter_site":"@RLeinewelle","twitter_misc":{"Verfasst von":"Leinewelle","Gesch\u00e4tzte Lesezeit":"2\u00a0Minuten"},"schema":{"@context":"https:\/\/schema.org","@graph":[{"@type":"Article","@id":"https:\/\/radioleinewelle.de\/index.php\/2020\/12\/17\/niedersaechsische-landesregierung-startet-hotline-fuer-fragen-zur-covid-19-impfung\/#article","isPartOf":{"@id":"https:\/\/radioleinewelle.de\/index.php\/2020\/12\/17\/niedersaechsische-landesregierung-startet-hotline-fuer-fragen-zur-covid-19-impfung\/"},"author":{"name":"Leinewelle","@id":"https:\/\/radioleinewelle.de\/#\/schema\/person\/45606f348637df637192dc1b68399a63"},"headline":"Nieders\u00e4chsische Landesregierung startet Hotline f\u00fcr Fragen zur Covid-19-Impfung","datePublished":"2020-12-17T04:15:59+00:00","mainEntityOfPage":{"@id":"https:\/\/radioleinewelle.de\/index.php\/2020\/12\/17\/niedersaechsische-landesregierung-startet-hotline-fuer-fragen-zur-covid-19-impfung\/"},"wordCount":371,"publisher":{"@id":"https:\/\/radioleinewelle.de\/#organization"},"articleSection":["Corona"],"inLanguage":"de"},{"@type":"WebPage","@id":"https:\/\/radioleinewelle.de\/index.php\/2020\/12\/17\/niedersaechsische-landesregierung-startet-hotline-fuer-fragen-zur-covid-19-impfung\/","url":"https:\/\/radioleinewelle.de\/index.php\/2020\/12\/17\/niedersaechsische-landesregierung-startet-hotline-fuer-fragen-zur-covid-19-impfung\/","name":"Nieders\u00e4chsische Landesregierung startet Hotline f\u00fcr Fragen zur Covid-19-Impfung - Radio Leinewelle","isPartOf":{"@id":"https:\/\/radioleinewelle.de\/#website"},"datePublished":"2020-12-17T04:15:59+00:00","breadcrumb":{"@id":"https:\/\/radioleinewelle.de\/index.php\/2020\/12\/17\/niedersaechsische-landesregierung-startet-hotline-fuer-fragen-zur-covid-19-impfung\/#breadcrumb"},"inLanguage":"de","potentialAction":[{"@type":"ReadAction","target":["https:\/\/radioleinewelle.de\/index.php\/2020\/12\/17\/niedersaechsische-landesregierung-startet-hotline-fuer-fragen-zur-covid-19-impfung\/"]}]},{"@type":"BreadcrumbList","@id":"https:\/\/radioleinewelle.de\/index.php\/2020\/12\/17\/niedersaechsische-landesregierung-startet-hotline-fuer-fragen-zur-covid-19-impfung\/#breadcrumb","itemListElement":[{"@type":"ListItem","position":1,"name":"Startseite","item":"https:\/\/radioleinewelle.de\/"},{"@type":"ListItem","position":2,"name":"Nieders\u00e4chsische Landesregierung startet Hotline f\u00fcr Fragen zur Covid-19-Impfung"}]},{"@type":"WebSite","@id":"https:\/\/radioleinewelle.de\/#website","url":"https:\/\/radioleinewelle.de\/","name":"Radio Leinewelle","description":"","publisher":{"@id":"https:\/\/radioleinewelle.de\/#organization"},"potentialAction":[{"@type":"SearchAction","target":{"@type":"EntryPoint","urlTemplate":"https:\/\/radioleinewelle.de\/?s={search_term_string}"},"query-input":{"@type":"PropertyValueSpecification","valueRequired":true,"valueName":"search_term_string"}}],"inLanguage":"de"},{"@type":"Organization","@id":"https:\/\/radioleinewelle.de\/#organization","name":"Radio Leinewelle","alternateName":"Mein Radio f\u00fcr S\u00fcdniedersachsen","url":"https:\/\/radioleinewelle.de\/","logo":{"@type":"ImageObject","inLanguage":"de","@id":"https:\/\/radioleinewelle.de\/#\/schema\/logo\/image\/","url":"https:\/\/radioleinewelle.de\/wp-content\/uploads\/2023\/11\/cropped-Leinewelle_Logo_weiss.png","contentUrl":"https:\/\/radioleinewelle.de\/wp-content\/uploads\/2023\/11\/cropped-Leinewelle_Logo_weiss.png","width":854,"height":260,"caption":"Radio Leinewelle"},"image":{"@id":"https:\/\/radioleinewelle.de\/#\/schema\/logo\/image\/"},"sameAs":["https:\/\/www.facebook.com\/radioleinewelle","https:\/\/x.com\/RLeinewelle","https:\/\/www.instagram.com\/radioleinewelle\/?hl=de"]},{"@type":"Person","@id":"https:\/\/radioleinewelle.de\/#\/schema\/person\/45606f348637df637192dc1b68399a63","name":"Leinewelle","image":{"@type":"ImageObject","inLanguage":"de","@id":"https:\/\/secure.gravatar.com\/avatar\/05c9a17bc973052ee5d91549bd32fb4dd0dc85b7b85ae94b2e2b4943476bbea5?s=96&d=blank&r=g","url":"https:\/\/secure.gravatar.com\/avatar\/05c9a17bc973052ee5d91549bd32fb4dd0dc85b7b85ae94b2e2b4943476bbea5?s=96&d=blank&r=g","contentUrl":"https:\/\/secure.gravatar.com\/avatar\/05c9a17bc973052ee5d91549bd32fb4dd0dc85b7b85ae94b2e2b4943476bbea5?s=96&d=blank&r=g","caption":"Leinewelle"},"sameAs":["http:\/\/localhost\/radio%20leinewelle\/wordpress","https:\/\/www.facebook.com\/radioleinewelle","https:\/\/www.instagram.com\/radioleinewelle","https:\/\/x.com\/https:\/\/twitter.com\/RLeinewelle?ref_src=twsrcgoogletwcampserptwgrauthor","https:\/\/soundcloud.com\/foerderverein-lokalradio?utm_source=clipboard&utm_medium=text&utm_campaign=social_sharing"],"url":"https:\/\/radioleinewelle.de\/index.php\/author\/leinewelle\/"}]}},"_links":{"self":[{"href":"https:\/\/radioleinewelle.de\/index.php\/wp-json\/wp\/v2\/posts\/3591","targetHints":{"allow":["GET"]}}],"collection":[{"href":"https:\/\/radioleinewelle.de\/index.php\/wp-json\/wp\/v2\/posts"}],"about":[{"href":"https:\/\/radioleinewelle.de\/index.php\/wp-json\/wp\/v2\/types\/post"}],"author":[{"embeddable":true,"href":"https:\/\/radioleinewelle.de\/index.php\/wp-json\/wp\/v2\/users\/1"}],"replies":[{"embeddable":true,"href":"https:\/\/radioleinewelle.de\/index.php\/wp-json\/wp\/v2\/comments?post=3591"}],"version-history":[{"count":0,"href":"https:\/\/radioleinewelle.de\/index.php\/wp-json\/wp\/v2\/posts\/3591\/revisions"}],"wp:attachment":[{"href":"https:\/\/radioleinewelle.de\/index.php\/wp-json\/wp\/v2\/media?parent=3591"}],"wp:term":[{"taxonomy":"category","embeddable":true,"href":"https:\/\/radioleinewelle.de\/index.php\/wp-json\/wp\/v2\/categories?post=3591"},{"taxonomy":"post_tag","embeddable":true,"href":"https:\/\/radioleinewelle.de\/index.php\/wp-json\/wp\/v2\/tags?post=3591"}],"curies":[{"name":"wp","href":"https:\/\/api.w.org\/{rel}","templated":true}]}}