{"id":3603,"date":"2020-12-18T05:10:44","date_gmt":"2020-12-18T04:10:44","guid":{"rendered":"https:\/\/radioleinewelle.de\/?p=3603"},"modified":"2020-12-18T05:10:44","modified_gmt":"2020-12-18T04:10:44","slug":"amazon-beschaeftigte-fordern-schutz-vor-corona-schliessung-von-stationaeren-geschaeften-fuehrt-zu-groesseren-belastungen-im-onlinehandel","status":"publish","type":"post","link":"https:\/\/radioleinewelle.de\/index.php\/2020\/12\/18\/amazon-beschaeftigte-fordern-schutz-vor-corona-schliessung-von-stationaeren-geschaeften-fuehrt-zu-groesseren-belastungen-im-onlinehandel\/","title":{"rendered":"Amazon-Besch\u00e4ftigte fordern Schutz vor Corona &#8211; Schlie\u00dfung von station\u00e4ren Gesch\u00e4ften f\u00fchrt zu gr\u00f6\u00dferen Belastungen im Onlinehandel"},"content":{"rendered":"<p>In immer mehr Sortier- und Versandzentren des Versandhandelskonzerns Amazon kommt es zu einer gro\u00dfen Zahl von Ansteckungen mit dem Coronavirus. Allein in dieser Woche wurden Dutzende Infektionen in Garbsen bei Hannover, in Bayreuth und in Borgstedt (Schleswig-Holstein) bekannt. Die Vereinte Dienstleistungsgewerkschaft (ver.di) fordert deshalb sofortige Ma\u00dfnahmen der Beh\u00f6rden, um den Schutz der Gesundheit der Besch\u00e4ftigten gerade auch in den n\u00e4chsten Tagen sicherzustellen.\u00a0\u00a0\u201eDie Schlie\u00dfung des station\u00e4ren Einzelhandels trifft nicht nur die von Kurzarbeit betroffenen Kolleginnen und Kollegen in den Filialen. Sie versch\u00e4rft auch den Druck auf die Besch\u00e4ftigten bei Amazon und anderen Onlineh\u00e4ndlern\u201c, warnt ver.di-undesvorstandsmitglied Stefanie Nutzenberger. \u201eDer Lockdown verschlechtert dort die Arbeitsbedingungen, weil das erh\u00f6hte Aufkommen an Bestellungen durch die Besch\u00e4ftigten bew\u00e4ltigt werden muss \u2013 und das inmitten der ohnehin auftragsstarken Weihnachts- und Neujahrszeit.\u201c<\/p>\n<p>Amazon r\u00fchme sich \u00f6ffentlich seiner zur Verhinderung von Infektionen ergriffenen Ma\u00dfnahmen, \u201edoch die hohe Zahl von insgesamt mehreren hundert an Covid-19 erkrankten Kolleginnen und Kollegen spricht eine andere Sprache. Uns liegen Fotos und Berichte von Besch\u00e4ftigten vor, die zeigen, dass Hygiene, Abstandhalten und Sauberkeit vernachl\u00e4ssigt werden. Damit tr\u00e4gt der Konzern eine gro\u00dfe Verantwortung f\u00fcr die Zunahme von Infektionen und Erkrankungen unter den Besch\u00e4ftigten\u201c, so Nutzenberger weiter. \u201eDie Beh\u00f6rden sind dringend aufgefordert, solche Zust\u00e4nde zu beenden.\u201c\u00a0Besch\u00e4ftigte im Amazon-Versandzentrum in Graben haben seit Anfang der Woche aus Protest die Arbeit niedergelegt. Sie fordern vom Konzern den Abschluss eines Tarifvertrags f\u00fcr gute und gesunde Arbeit sowie die Anerkennung der Fl\u00e4chentarifvertr\u00e4ge des Einzel- und Versandhandels mit dem darin enthaltenen Weihnachtsgeld.<\/p>\n<p>Bild von <a href=\"https:\/\/pixabay.com\/de\/users\/geralt-9301\/?utm_source=link-attribution&amp;utm_medium=referral&amp;utm_campaign=image&amp;utm_content=728407\">Gerd Altmann<\/a> auf <a href=\"https:\/\/pixabay.com\/de\/?utm_source=link-attribution&amp;utm_medium=referral&amp;utm_campaign=image&amp;utm_content=728407\">Pixabay<\/a><\/p>\n","protected":false},"excerpt":{"rendered":"<p>In immer mehr Sortier- und Versandzentren des Versandhandelskonzerns Amazon kommt es zu einer gro\u00dfen Zahl von Ansteckungen mit dem Coronavirus. Allein in dieser Woche wurden Dutzende Infektionen in Garbsen bei Hannover, in Bayreuth und in Borgstedt (Schleswig-Holstein) bekannt. Die Vereinte Dienstleistungsgewerkschaft (ver.di) fordert deshalb sofortige Ma\u00dfnahmen der Beh\u00f6rden, um den Schutz der Gesundheit der Besch\u00e4ftigten [&hellip;]<\/p>\n","protected":false},"author":1,"featured_media":0,"comment_status":"closed","ping_status":"closed","sticky":false,"template":"","format":"standard","meta":{"saved_in_kubio":false,"footnotes":""},"categories":[23,38],"tags":[],"class_list":["post-3603","post","type-post","status-publish","format-standard","hentry","category-corona","category-wirtschaft"],"yoast_head":"<!-- This site is optimized with the Yoast SEO plugin v27.5 - https:\/\/yoast.com\/product\/yoast-seo-wordpress\/ -->\n<title>Amazon-Besch\u00e4ftigte fordern Schutz vor Corona - Schlie\u00dfung von station\u00e4ren Gesch\u00e4ften f\u00fchrt zu gr\u00f6\u00dferen Belastungen im Onlinehandel - Radio Leinewelle<\/title>\n<meta name=\"robots\" content=\"index, follow, max-snippet:-1, max-image-preview:large, max-video-preview:-1\" \/>\n<link rel=\"canonical\" href=\"https:\/\/radioleinewelle.de\/index.php\/2020\/12\/18\/amazon-beschaeftigte-fordern-schutz-vor-corona-schliessung-von-stationaeren-geschaeften-fuehrt-zu-groesseren-belastungen-im-onlinehandel\/\" \/>\n<meta property=\"og:locale\" content=\"de_DE\" \/>\n<meta property=\"og:type\" content=\"article\" \/>\n<meta property=\"og:title\" content=\"Amazon-Besch\u00e4ftigte fordern Schutz vor Corona - Schlie\u00dfung von station\u00e4ren Gesch\u00e4ften f\u00fchrt zu gr\u00f6\u00dferen Belastungen im Onlinehandel - Radio Leinewelle\" \/>\n<meta property=\"og:description\" content=\"In immer mehr Sortier- und Versandzentren des Versandhandelskonzerns Amazon kommt es zu einer gro\u00dfen Zahl von Ansteckungen mit dem Coronavirus. Allein in dieser Woche wurden Dutzende Infektionen in Garbsen bei Hannover, in Bayreuth und in Borgstedt (Schleswig-Holstein) bekannt. Die Vereinte Dienstleistungsgewerkschaft (ver.di) fordert deshalb sofortige Ma\u00dfnahmen der Beh\u00f6rden, um den Schutz der Gesundheit der Besch\u00e4ftigten [&hellip;]\" \/>\n<meta property=\"og:url\" content=\"https:\/\/radioleinewelle.de\/index.php\/2020\/12\/18\/amazon-beschaeftigte-fordern-schutz-vor-corona-schliessung-von-stationaeren-geschaeften-fuehrt-zu-groesseren-belastungen-im-onlinehandel\/\" \/>\n<meta property=\"og:site_name\" content=\"Radio Leinewelle\" \/>\n<meta property=\"article:publisher\" content=\"https:\/\/www.facebook.com\/radioleinewelle\" \/>\n<meta property=\"article:author\" content=\"https:\/\/www.facebook.com\/radioleinewelle\" \/>\n<meta property=\"article:published_time\" content=\"2020-12-18T04:10:44+00:00\" \/>\n<meta name=\"author\" content=\"Leinewelle\" \/>\n<meta name=\"twitter:card\" content=\"summary_large_image\" \/>\n<meta name=\"twitter:creator\" content=\"@https:\/\/twitter.com\/RLeinewelle?ref_src=twsrcgoogletwcampserptwgrauthor\" \/>\n<meta name=\"twitter:site\" content=\"@RLeinewelle\" \/>\n<meta name=\"twitter:label1\" content=\"Verfasst von\" \/>\n\t<meta name=\"twitter:data1\" content=\"Leinewelle\" \/>\n\t<meta name=\"twitter:label2\" content=\"Gesch\u00e4tzte Lesezeit\" \/>\n\t<meta name=\"twitter:data2\" content=\"1\u00a0Minute\" \/>\n<script type=\"application\/ld+json\" class=\"yoast-schema-graph\">{\"@context\":\"https:\\\/\\\/schema.org\",\"@graph\":[{\"@type\":\"Article\",\"@id\":\"https:\\\/\\\/radioleinewelle.de\\\/index.php\\\/2020\\\/12\\\/18\\\/amazon-beschaeftigte-fordern-schutz-vor-corona-schliessung-von-stationaeren-geschaeften-fuehrt-zu-groesseren-belastungen-im-onlinehandel\\\/#article\",\"isPartOf\":{\"@id\":\"https:\\\/\\\/radioleinewelle.de\\\/index.php\\\/2020\\\/12\\\/18\\\/amazon-beschaeftigte-fordern-schutz-vor-corona-schliessung-von-stationaeren-geschaeften-fuehrt-zu-groesseren-belastungen-im-onlinehandel\\\/\"},\"author\":{\"name\":\"Leinewelle\",\"@id\":\"https:\\\/\\\/radioleinewelle.de\\\/#\\\/schema\\\/person\\\/45606f348637df637192dc1b68399a63\"},\"headline\":\"Amazon-Besch\u00e4ftigte fordern Schutz vor Corona &#8211; Schlie\u00dfung von station\u00e4ren Gesch\u00e4ften f\u00fchrt zu gr\u00f6\u00dferen Belastungen im Onlinehandel\",\"datePublished\":\"2020-12-18T04:10:44+00:00\",\"mainEntityOfPage\":{\"@id\":\"https:\\\/\\\/radioleinewelle.de\\\/index.php\\\/2020\\\/12\\\/18\\\/amazon-beschaeftigte-fordern-schutz-vor-corona-schliessung-von-stationaeren-geschaeften-fuehrt-zu-groesseren-belastungen-im-onlinehandel\\\/\"},\"wordCount\":298,\"publisher\":{\"@id\":\"https:\\\/\\\/radioleinewelle.de\\\/#organization\"},\"articleSection\":[\"Corona\",\"Wirtschaft\"],\"inLanguage\":\"de\"},{\"@type\":\"WebPage\",\"@id\":\"https:\\\/\\\/radioleinewelle.de\\\/index.php\\\/2020\\\/12\\\/18\\\/amazon-beschaeftigte-fordern-schutz-vor-corona-schliessung-von-stationaeren-geschaeften-fuehrt-zu-groesseren-belastungen-im-onlinehandel\\\/\",\"url\":\"https:\\\/\\\/radioleinewelle.de\\\/index.php\\\/2020\\\/12\\\/18\\\/amazon-beschaeftigte-fordern-schutz-vor-corona-schliessung-von-stationaeren-geschaeften-fuehrt-zu-groesseren-belastungen-im-onlinehandel\\\/\",\"name\":\"Amazon-Besch\u00e4ftigte fordern Schutz vor Corona - Schlie\u00dfung von station\u00e4ren Gesch\u00e4ften f\u00fchrt zu gr\u00f6\u00dferen Belastungen im Onlinehandel - Radio Leinewelle\",\"isPartOf\":{\"@id\":\"https:\\\/\\\/radioleinewelle.de\\\/#website\"},\"datePublished\":\"2020-12-18T04:10:44+00:00\",\"breadcrumb\":{\"@id\":\"https:\\\/\\\/radioleinewelle.de\\\/index.php\\\/2020\\\/12\\\/18\\\/amazon-beschaeftigte-fordern-schutz-vor-corona-schliessung-von-stationaeren-geschaeften-fuehrt-zu-groesseren-belastungen-im-onlinehandel\\\/#breadcrumb\"},\"inLanguage\":\"de\",\"potentialAction\":[{\"@type\":\"ReadAction\",\"target\":[\"https:\\\/\\\/radioleinewelle.de\\\/index.php\\\/2020\\\/12\\\/18\\\/amazon-beschaeftigte-fordern-schutz-vor-corona-schliessung-von-stationaeren-geschaeften-fuehrt-zu-groesseren-belastungen-im-onlinehandel\\\/\"]}]},{\"@type\":\"BreadcrumbList\",\"@id\":\"https:\\\/\\\/radioleinewelle.de\\\/index.php\\\/2020\\\/12\\\/18\\\/amazon-beschaeftigte-fordern-schutz-vor-corona-schliessung-von-stationaeren-geschaeften-fuehrt-zu-groesseren-belastungen-im-onlinehandel\\\/#breadcrumb\",\"itemListElement\":[{\"@type\":\"ListItem\",\"position\":1,\"name\":\"Startseite\",\"item\":\"https:\\\/\\\/radioleinewelle.de\\\/\"},{\"@type\":\"ListItem\",\"position\":2,\"name\":\"Amazon-Besch\u00e4ftigte fordern Schutz vor Corona &#8211; Schlie\u00dfung von station\u00e4ren Gesch\u00e4ften f\u00fchrt zu gr\u00f6\u00dferen Belastungen im Onlinehandel\"}]},{\"@type\":\"WebSite\",\"@id\":\"https:\\\/\\\/radioleinewelle.de\\\/#website\",\"url\":\"https:\\\/\\\/radioleinewelle.de\\\/\",\"name\":\"Radio Leinewelle\",\"description\":\"\",\"publisher\":{\"@id\":\"https:\\\/\\\/radioleinewelle.de\\\/#organization\"},\"potentialAction\":[{\"@type\":\"SearchAction\",\"target\":{\"@type\":\"EntryPoint\",\"urlTemplate\":\"https:\\\/\\\/radioleinewelle.de\\\/?s={search_term_string}\"},\"query-input\":{\"@type\":\"PropertyValueSpecification\",\"valueRequired\":true,\"valueName\":\"search_term_string\"}}],\"inLanguage\":\"de\"},{\"@type\":\"Organization\",\"@id\":\"https:\\\/\\\/radioleinewelle.de\\\/#organization\",\"name\":\"Radio Leinewelle\",\"alternateName\":\"Mein Radio f\u00fcr S\u00fcdniedersachsen\",\"url\":\"https:\\\/\\\/radioleinewelle.de\\\/\",\"logo\":{\"@type\":\"ImageObject\",\"inLanguage\":\"de\",\"@id\":\"https:\\\/\\\/radioleinewelle.de\\\/#\\\/schema\\\/logo\\\/image\\\/\",\"url\":\"https:\\\/\\\/radioleinewelle.de\\\/wp-content\\\/uploads\\\/2023\\\/11\\\/cropped-Leinewelle_Logo_weiss.png\",\"contentUrl\":\"https:\\\/\\\/radioleinewelle.de\\\/wp-content\\\/uploads\\\/2023\\\/11\\\/cropped-Leinewelle_Logo_weiss.png\",\"width\":854,\"height\":260,\"caption\":\"Radio Leinewelle\"},\"image\":{\"@id\":\"https:\\\/\\\/radioleinewelle.de\\\/#\\\/schema\\\/logo\\\/image\\\/\"},\"sameAs\":[\"https:\\\/\\\/www.facebook.com\\\/radioleinewelle\",\"https:\\\/\\\/x.com\\\/RLeinewelle\",\"https:\\\/\\\/www.instagram.com\\\/radioleinewelle\\\/?hl=de\"]},{\"@type\":\"Person\",\"@id\":\"https:\\\/\\\/radioleinewelle.de\\\/#\\\/schema\\\/person\\\/45606f348637df637192dc1b68399a63\",\"name\":\"Leinewelle\",\"image\":{\"@type\":\"ImageObject\",\"inLanguage\":\"de\",\"@id\":\"https:\\\/\\\/secure.gravatar.com\\\/avatar\\\/05c9a17bc973052ee5d91549bd32fb4dd0dc85b7b85ae94b2e2b4943476bbea5?s=96&d=blank&r=g\",\"url\":\"https:\\\/\\\/secure.gravatar.com\\\/avatar\\\/05c9a17bc973052ee5d91549bd32fb4dd0dc85b7b85ae94b2e2b4943476bbea5?s=96&d=blank&r=g\",\"contentUrl\":\"https:\\\/\\\/secure.gravatar.com\\\/avatar\\\/05c9a17bc973052ee5d91549bd32fb4dd0dc85b7b85ae94b2e2b4943476bbea5?s=96&d=blank&r=g\",\"caption\":\"Leinewelle\"},\"sameAs\":[\"http:\\\/\\\/localhost\\\/radio%20leinewelle\\\/wordpress\",\"https:\\\/\\\/www.facebook.com\\\/radioleinewelle\",\"https:\\\/\\\/www.instagram.com\\\/radioleinewelle\",\"https:\\\/\\\/x.com\\\/https:\\\/\\\/twitter.com\\\/RLeinewelle?ref_src=twsrcgoogletwcampserptwgrauthor\",\"https:\\\/\\\/soundcloud.com\\\/foerderverein-lokalradio?utm_source=clipboard&utm_medium=text&utm_campaign=social_sharing\"],\"url\":\"https:\\\/\\\/radioleinewelle.de\\\/index.php\\\/author\\\/leinewelle\\\/\"}]}<\/script>\n<!-- \/ Yoast SEO plugin. -->","yoast_head_json":{"title":"Amazon-Besch\u00e4ftigte fordern Schutz vor Corona - Schlie\u00dfung von station\u00e4ren Gesch\u00e4ften f\u00fchrt zu gr\u00f6\u00dferen Belastungen im Onlinehandel - Radio Leinewelle","robots":{"index":"index","follow":"follow","max-snippet":"max-snippet:-1","max-image-preview":"max-image-preview:large","max-video-preview":"max-video-preview:-1"},"canonical":"https:\/\/radioleinewelle.de\/index.php\/2020\/12\/18\/amazon-beschaeftigte-fordern-schutz-vor-corona-schliessung-von-stationaeren-geschaeften-fuehrt-zu-groesseren-belastungen-im-onlinehandel\/","og_locale":"de_DE","og_type":"article","og_title":"Amazon-Besch\u00e4ftigte fordern Schutz vor Corona - Schlie\u00dfung von station\u00e4ren Gesch\u00e4ften f\u00fchrt zu gr\u00f6\u00dferen Belastungen im Onlinehandel - Radio Leinewelle","og_description":"In immer mehr Sortier- und Versandzentren des Versandhandelskonzerns Amazon kommt es zu einer gro\u00dfen Zahl von Ansteckungen mit dem Coronavirus. Allein in dieser Woche wurden Dutzende Infektionen in Garbsen bei Hannover, in Bayreuth und in Borgstedt (Schleswig-Holstein) bekannt. Die Vereinte Dienstleistungsgewerkschaft (ver.di) fordert deshalb sofortige Ma\u00dfnahmen der Beh\u00f6rden, um den Schutz der Gesundheit der Besch\u00e4ftigten [&hellip;]","og_url":"https:\/\/radioleinewelle.de\/index.php\/2020\/12\/18\/amazon-beschaeftigte-fordern-schutz-vor-corona-schliessung-von-stationaeren-geschaeften-fuehrt-zu-groesseren-belastungen-im-onlinehandel\/","og_site_name":"Radio Leinewelle","article_publisher":"https:\/\/www.facebook.com\/radioleinewelle","article_author":"https:\/\/www.facebook.com\/radioleinewelle","article_published_time":"2020-12-18T04:10:44+00:00","author":"Leinewelle","twitter_card":"summary_large_image","twitter_creator":"@https:\/\/twitter.com\/RLeinewelle?ref_src=twsrcgoogletwcampserptwgrauthor","twitter_site":"@RLeinewelle","twitter_misc":{"Verfasst von":"Leinewelle","Gesch\u00e4tzte Lesezeit":"1\u00a0Minute"},"schema":{"@context":"https:\/\/schema.org","@graph":[{"@type":"Article","@id":"https:\/\/radioleinewelle.de\/index.php\/2020\/12\/18\/amazon-beschaeftigte-fordern-schutz-vor-corona-schliessung-von-stationaeren-geschaeften-fuehrt-zu-groesseren-belastungen-im-onlinehandel\/#article","isPartOf":{"@id":"https:\/\/radioleinewelle.de\/index.php\/2020\/12\/18\/amazon-beschaeftigte-fordern-schutz-vor-corona-schliessung-von-stationaeren-geschaeften-fuehrt-zu-groesseren-belastungen-im-onlinehandel\/"},"author":{"name":"Leinewelle","@id":"https:\/\/radioleinewelle.de\/#\/schema\/person\/45606f348637df637192dc1b68399a63"},"headline":"Amazon-Besch\u00e4ftigte fordern Schutz vor Corona &#8211; Schlie\u00dfung von station\u00e4ren Gesch\u00e4ften f\u00fchrt zu gr\u00f6\u00dferen Belastungen im Onlinehandel","datePublished":"2020-12-18T04:10:44+00:00","mainEntityOfPage":{"@id":"https:\/\/radioleinewelle.de\/index.php\/2020\/12\/18\/amazon-beschaeftigte-fordern-schutz-vor-corona-schliessung-von-stationaeren-geschaeften-fuehrt-zu-groesseren-belastungen-im-onlinehandel\/"},"wordCount":298,"publisher":{"@id":"https:\/\/radioleinewelle.de\/#organization"},"articleSection":["Corona","Wirtschaft"],"inLanguage":"de"},{"@type":"WebPage","@id":"https:\/\/radioleinewelle.de\/index.php\/2020\/12\/18\/amazon-beschaeftigte-fordern-schutz-vor-corona-schliessung-von-stationaeren-geschaeften-fuehrt-zu-groesseren-belastungen-im-onlinehandel\/","url":"https:\/\/radioleinewelle.de\/index.php\/2020\/12\/18\/amazon-beschaeftigte-fordern-schutz-vor-corona-schliessung-von-stationaeren-geschaeften-fuehrt-zu-groesseren-belastungen-im-onlinehandel\/","name":"Amazon-Besch\u00e4ftigte fordern Schutz vor Corona - Schlie\u00dfung von station\u00e4ren Gesch\u00e4ften f\u00fchrt zu gr\u00f6\u00dferen Belastungen im Onlinehandel - Radio Leinewelle","isPartOf":{"@id":"https:\/\/radioleinewelle.de\/#website"},"datePublished":"2020-12-18T04:10:44+00:00","breadcrumb":{"@id":"https:\/\/radioleinewelle.de\/index.php\/2020\/12\/18\/amazon-beschaeftigte-fordern-schutz-vor-corona-schliessung-von-stationaeren-geschaeften-fuehrt-zu-groesseren-belastungen-im-onlinehandel\/#breadcrumb"},"inLanguage":"de","potentialAction":[{"@type":"ReadAction","target":["https:\/\/radioleinewelle.de\/index.php\/2020\/12\/18\/amazon-beschaeftigte-fordern-schutz-vor-corona-schliessung-von-stationaeren-geschaeften-fuehrt-zu-groesseren-belastungen-im-onlinehandel\/"]}]},{"@type":"BreadcrumbList","@id":"https:\/\/radioleinewelle.de\/index.php\/2020\/12\/18\/amazon-beschaeftigte-fordern-schutz-vor-corona-schliessung-von-stationaeren-geschaeften-fuehrt-zu-groesseren-belastungen-im-onlinehandel\/#breadcrumb","itemListElement":[{"@type":"ListItem","position":1,"name":"Startseite","item":"https:\/\/radioleinewelle.de\/"},{"@type":"ListItem","position":2,"name":"Amazon-Besch\u00e4ftigte fordern Schutz vor Corona &#8211; Schlie\u00dfung von station\u00e4ren Gesch\u00e4ften f\u00fchrt zu gr\u00f6\u00dferen Belastungen im Onlinehandel"}]},{"@type":"WebSite","@id":"https:\/\/radioleinewelle.de\/#website","url":"https:\/\/radioleinewelle.de\/","name":"Radio Leinewelle","description":"","publisher":{"@id":"https:\/\/radioleinewelle.de\/#organization"},"potentialAction":[{"@type":"SearchAction","target":{"@type":"EntryPoint","urlTemplate":"https:\/\/radioleinewelle.de\/?s={search_term_string}"},"query-input":{"@type":"PropertyValueSpecification","valueRequired":true,"valueName":"search_term_string"}}],"inLanguage":"de"},{"@type":"Organization","@id":"https:\/\/radioleinewelle.de\/#organization","name":"Radio Leinewelle","alternateName":"Mein Radio f\u00fcr S\u00fcdniedersachsen","url":"https:\/\/radioleinewelle.de\/","logo":{"@type":"ImageObject","inLanguage":"de","@id":"https:\/\/radioleinewelle.de\/#\/schema\/logo\/image\/","url":"https:\/\/radioleinewelle.de\/wp-content\/uploads\/2023\/11\/cropped-Leinewelle_Logo_weiss.png","contentUrl":"https:\/\/radioleinewelle.de\/wp-content\/uploads\/2023\/11\/cropped-Leinewelle_Logo_weiss.png","width":854,"height":260,"caption":"Radio Leinewelle"},"image":{"@id":"https:\/\/radioleinewelle.de\/#\/schema\/logo\/image\/"},"sameAs":["https:\/\/www.facebook.com\/radioleinewelle","https:\/\/x.com\/RLeinewelle","https:\/\/www.instagram.com\/radioleinewelle\/?hl=de"]},{"@type":"Person","@id":"https:\/\/radioleinewelle.de\/#\/schema\/person\/45606f348637df637192dc1b68399a63","name":"Leinewelle","image":{"@type":"ImageObject","inLanguage":"de","@id":"https:\/\/secure.gravatar.com\/avatar\/05c9a17bc973052ee5d91549bd32fb4dd0dc85b7b85ae94b2e2b4943476bbea5?s=96&d=blank&r=g","url":"https:\/\/secure.gravatar.com\/avatar\/05c9a17bc973052ee5d91549bd32fb4dd0dc85b7b85ae94b2e2b4943476bbea5?s=96&d=blank&r=g","contentUrl":"https:\/\/secure.gravatar.com\/avatar\/05c9a17bc973052ee5d91549bd32fb4dd0dc85b7b85ae94b2e2b4943476bbea5?s=96&d=blank&r=g","caption":"Leinewelle"},"sameAs":["http:\/\/localhost\/radio%20leinewelle\/wordpress","https:\/\/www.facebook.com\/radioleinewelle","https:\/\/www.instagram.com\/radioleinewelle","https:\/\/x.com\/https:\/\/twitter.com\/RLeinewelle?ref_src=twsrcgoogletwcampserptwgrauthor","https:\/\/soundcloud.com\/foerderverein-lokalradio?utm_source=clipboard&utm_medium=text&utm_campaign=social_sharing"],"url":"https:\/\/radioleinewelle.de\/index.php\/author\/leinewelle\/"}]}},"_links":{"self":[{"href":"https:\/\/radioleinewelle.de\/index.php\/wp-json\/wp\/v2\/posts\/3603","targetHints":{"allow":["GET"]}}],"collection":[{"href":"https:\/\/radioleinewelle.de\/index.php\/wp-json\/wp\/v2\/posts"}],"about":[{"href":"https:\/\/radioleinewelle.de\/index.php\/wp-json\/wp\/v2\/types\/post"}],"author":[{"embeddable":true,"href":"https:\/\/radioleinewelle.de\/index.php\/wp-json\/wp\/v2\/users\/1"}],"replies":[{"embeddable":true,"href":"https:\/\/radioleinewelle.de\/index.php\/wp-json\/wp\/v2\/comments?post=3603"}],"version-history":[{"count":0,"href":"https:\/\/radioleinewelle.de\/index.php\/wp-json\/wp\/v2\/posts\/3603\/revisions"}],"wp:attachment":[{"href":"https:\/\/radioleinewelle.de\/index.php\/wp-json\/wp\/v2\/media?parent=3603"}],"wp:term":[{"taxonomy":"category","embeddable":true,"href":"https:\/\/radioleinewelle.de\/index.php\/wp-json\/wp\/v2\/categories?post=3603"},{"taxonomy":"post_tag","embeddable":true,"href":"https:\/\/radioleinewelle.de\/index.php\/wp-json\/wp\/v2\/tags?post=3603"}],"curies":[{"name":"wp","href":"https:\/\/api.w.org\/{rel}","templated":true}]}}