{"id":3615,"date":"2020-12-19T05:00:21","date_gmt":"2020-12-19T04:00:21","guid":{"rendered":"https:\/\/radioleinewelle.de\/?p=3615"},"modified":"2020-12-19T05:00:21","modified_gmt":"2020-12-19T04:00:21","slug":"pflegezusatzversicherung-tariferhoehung-angekuendigt","status":"publish","type":"post","link":"https:\/\/radioleinewelle.de\/index.php\/2020\/12\/19\/pflegezusatzversicherung-tariferhoehung-angekuendigt\/","title":{"rendered":"Pflegezusatzversicherung: Tariferh\u00f6hung angek\u00fcndigt"},"content":{"rendered":"<div class=\"field field--name-body field--type-text-with-summary field--label-hidden field--item\">\n<p>Aktuell melden sich viele Versicherte bei der Verbraucherzentrale Niedersachsen, weil ihre Pflegezusatzversicherung die Beitr\u00e4ge erh\u00f6ht. In der ohnehin schon schwierigen Corona-Situation kommt damit eine weitere Kostenbelastung auf die Betroffenen zu. Die Verbraucherzentrale Niedersachsen r\u00e4t, den eigenen Versicherungsbedarf zu \u00fcberpr\u00fcfen. Denn durch das seit Januar geltende Angeh\u00f6rigen-Entlastungsgesetz ist f\u00fcr viele Verbraucher der Grund f\u00fcr eine Pflegezusatzversicherung entfallen. Auch ein Tarifwechsel kann eine finanzielle Entlastung bringen.<\/p>\n<p>Damit die eigenen Kinder sp\u00e4ter nicht f\u00fcr die Pflege aufkommen m\u00fcssen, schlie\u00dfen viele Eltern eine Pflegezusatzversicherung ab. Aktuell teilen Betroffene der Verbraucherzentrale Niedersachsen mit, dass ihre Pflegezusatzversicherung Tariferh\u00f6hungen ank\u00fcndigt. Das stellt f\u00fcr viele eine weitere finanzielle Belastung dar, die nicht unbedingt sein muss. \u201eAngesichts des seit Januar 2020 geltenden Angeh\u00f6rigen-Entlastungsgesetzes sollten Verbraucher pr\u00fcfen, ob der Versicherungsschutz \u00fcberhaupt noch sinnvoll ist\u201c, r\u00e4t Kai Kirchner, Gesundheitsexperte der Verbraucherzentrale Niedersachsen. Das Angeh\u00f6rigen-Entlastungsgesetz erlaubt dem Sozialamt, Kinder erst ab einem Jahresbruttoeinkommen von 100.000 Euro an den Pflegekosten der Eltern zu beteiligen. Somit verringert sich k\u00fcnftig die Gefahr, dass Kinder f\u00fcr die Pflegekosten der Eltern herangezogen werden. \u201eF\u00fcr viele Eltern entf\u00e4llt daher ein ganz wesentlicher Anreiz, eine Pflegezusatzversicherung abzuschlie\u00dfen\u201c, sagt Kirchner. Die Beitragserh\u00f6hung sei nun ein weiterer Grund f\u00fcr Verbraucher, den Versicherungsschutz f\u00fcr sich zu hinterfragen.<\/p>\n<p><strong>Versicherungen regelm\u00e4\u00dfig \u00fcberpr\u00fcfen<\/strong><\/p>\n<p>Nicht nur bei der Pflegezusatzversicherung lohnt sich eine genauere Pr\u00fcfung. Auch bei anderen Versicherungen \u2013 etwa der privaten Haftpflicht-, der Unfall- oder Hausratversicherung \u2013 lassen sich mit Tarif- oder Anbieterwechsel mitunter Geld sparen<br \/>\noder die Leistungen verbessern. Die Verbraucherzentrale bietet hierf\u00fcr einen <a href=\"https:\/\/www.verbraucherzentrale-niedersachsen.de\/beratungsangebot\/check-ihrer-versicherungen-versicherungscheck-vor-ort-versicherungen\" target=\"_blank\" rel=\"noopener\">Versicherungscheck<\/a> an.<\/p>\n<p>Bei Fragen hilft die unabh\u00e4ngige Beratung der Verbraucherzentrale Niedersachsen. Weitere Informationen unter <a href=\"https:\/\/www.verbraucherzentrale-niedersachsen.de\/fuer-sie-da\" target=\"_blank\" rel=\"noopener\">www.verbraucherzentrale-niedersachsen.de\/fuer-sie-da<\/a><\/p>\n<p>Bild von <a href=\"https:\/\/pixabay.com\/de\/users\/moritz320-1260270\/?utm_source=link-attribution&amp;utm_medium=referral&amp;utm_campaign=image&amp;utm_content=2298056\">moritz320<\/a> auf <a href=\"https:\/\/pixabay.com\/de\/?utm_source=link-attribution&amp;utm_medium=referral&amp;utm_campaign=image&amp;utm_content=2298056\">Pixabay<\/a><\/p>\n<\/div>\n<div class=\"field field--name-field-p field--type-entity-reference-revisions field--label-hidden field--items\"><\/div>\n","protected":false},"excerpt":{"rendered":"<p>Aktuell melden sich viele Versicherte bei der Verbraucherzentrale Niedersachsen, weil ihre Pflegezusatzversicherung die Beitr\u00e4ge erh\u00f6ht. In der ohnehin schon schwierigen Corona-Situation kommt damit eine weitere Kostenbelastung auf die Betroffenen zu. Die Verbraucherzentrale Niedersachsen r\u00e4t, den eigenen Versicherungsbedarf zu \u00fcberpr\u00fcfen. Denn durch das seit Januar geltende Angeh\u00f6rigen-Entlastungsgesetz ist f\u00fcr viele Verbraucher der Grund f\u00fcr eine Pflegezusatzversicherung [&hellip;]<\/p>\n","protected":false},"author":1,"featured_media":3616,"comment_status":"closed","ping_status":"closed","sticky":false,"template":"","format":"standard","meta":{"saved_in_kubio":false,"footnotes":""},"categories":[38],"tags":[],"class_list":["post-3615","post","type-post","status-publish","format-standard","has-post-thumbnail","hentry","category-wirtschaft"],"yoast_head":"<!-- This site is optimized with the Yoast SEO plugin v27.5 - https:\/\/yoast.com\/product\/yoast-seo-wordpress\/ -->\n<title>Pflegezusatzversicherung: Tariferh\u00f6hung angek\u00fcndigt - Radio Leinewelle<\/title>\n<meta name=\"robots\" content=\"index, follow, max-snippet:-1, max-image-preview:large, max-video-preview:-1\" \/>\n<link rel=\"canonical\" href=\"https:\/\/radioleinewelle.de\/index.php\/2020\/12\/19\/pflegezusatzversicherung-tariferhoehung-angekuendigt\/\" \/>\n<meta property=\"og:locale\" content=\"de_DE\" \/>\n<meta property=\"og:type\" content=\"article\" \/>\n<meta property=\"og:title\" content=\"Pflegezusatzversicherung: Tariferh\u00f6hung angek\u00fcndigt - Radio Leinewelle\" \/>\n<meta property=\"og:description\" content=\"Aktuell melden sich viele Versicherte bei der Verbraucherzentrale Niedersachsen, weil ihre Pflegezusatzversicherung die Beitr\u00e4ge erh\u00f6ht. In der ohnehin schon schwierigen Corona-Situation kommt damit eine weitere Kostenbelastung auf die Betroffenen zu. Die Verbraucherzentrale Niedersachsen r\u00e4t, den eigenen Versicherungsbedarf zu \u00fcberpr\u00fcfen. Denn durch das seit Januar geltende Angeh\u00f6rigen-Entlastungsgesetz ist f\u00fcr viele Verbraucher der Grund f\u00fcr eine Pflegezusatzversicherung [&hellip;]\" \/>\n<meta property=\"og:url\" content=\"https:\/\/radioleinewelle.de\/index.php\/2020\/12\/19\/pflegezusatzversicherung-tariferhoehung-angekuendigt\/\" \/>\n<meta property=\"og:site_name\" content=\"Radio Leinewelle\" \/>\n<meta property=\"article:publisher\" content=\"https:\/\/www.facebook.com\/radioleinewelle\" \/>\n<meta property=\"article:author\" content=\"https:\/\/www.facebook.com\/radioleinewelle\" \/>\n<meta property=\"article:published_time\" content=\"2020-12-19T04:00:21+00:00\" \/>\n<meta property=\"og:image\" content=\"https:\/\/radioleinewelle.de\/wp-content\/uploads\/2020\/12\/rollator-2298056_640.jpg\" \/>\n\t<meta property=\"og:image:width\" content=\"640\" \/>\n\t<meta property=\"og:image:height\" content=\"480\" \/>\n\t<meta property=\"og:image:type\" content=\"image\/jpeg\" \/>\n<meta name=\"author\" content=\"Leinewelle\" \/>\n<meta name=\"twitter:card\" content=\"summary_large_image\" \/>\n<meta name=\"twitter:creator\" content=\"@https:\/\/twitter.com\/RLeinewelle?ref_src=twsrcgoogletwcampserptwgrauthor\" \/>\n<meta name=\"twitter:site\" content=\"@RLeinewelle\" \/>\n<meta name=\"twitter:label1\" content=\"Verfasst von\" \/>\n\t<meta name=\"twitter:data1\" content=\"Leinewelle\" \/>\n\t<meta name=\"twitter:label2\" content=\"Gesch\u00e4tzte Lesezeit\" \/>\n\t<meta name=\"twitter:data2\" content=\"1\u00a0Minute\" \/>\n<script type=\"application\/ld+json\" class=\"yoast-schema-graph\">{\"@context\":\"https:\\\/\\\/schema.org\",\"@graph\":[{\"@type\":\"Article\",\"@id\":\"https:\\\/\\\/radioleinewelle.de\\\/index.php\\\/2020\\\/12\\\/19\\\/pflegezusatzversicherung-tariferhoehung-angekuendigt\\\/#article\",\"isPartOf\":{\"@id\":\"https:\\\/\\\/radioleinewelle.de\\\/index.php\\\/2020\\\/12\\\/19\\\/pflegezusatzversicherung-tariferhoehung-angekuendigt\\\/\"},\"author\":{\"name\":\"Leinewelle\",\"@id\":\"https:\\\/\\\/radioleinewelle.de\\\/#\\\/schema\\\/person\\\/45606f348637df637192dc1b68399a63\"},\"headline\":\"Pflegezusatzversicherung: Tariferh\u00f6hung angek\u00fcndigt\",\"datePublished\":\"2020-12-19T04:00:21+00:00\",\"mainEntityOfPage\":{\"@id\":\"https:\\\/\\\/radioleinewelle.de\\\/index.php\\\/2020\\\/12\\\/19\\\/pflegezusatzversicherung-tariferhoehung-angekuendigt\\\/\"},\"wordCount\":295,\"publisher\":{\"@id\":\"https:\\\/\\\/radioleinewelle.de\\\/#organization\"},\"image\":{\"@id\":\"https:\\\/\\\/radioleinewelle.de\\\/index.php\\\/2020\\\/12\\\/19\\\/pflegezusatzversicherung-tariferhoehung-angekuendigt\\\/#primaryimage\"},\"thumbnailUrl\":\"https:\\\/\\\/radioleinewelle.de\\\/wp-content\\\/uploads\\\/2020\\\/12\\\/rollator-2298056_640.jpg\",\"articleSection\":[\"Wirtschaft\"],\"inLanguage\":\"de\"},{\"@type\":\"WebPage\",\"@id\":\"https:\\\/\\\/radioleinewelle.de\\\/index.php\\\/2020\\\/12\\\/19\\\/pflegezusatzversicherung-tariferhoehung-angekuendigt\\\/\",\"url\":\"https:\\\/\\\/radioleinewelle.de\\\/index.php\\\/2020\\\/12\\\/19\\\/pflegezusatzversicherung-tariferhoehung-angekuendigt\\\/\",\"name\":\"Pflegezusatzversicherung: Tariferh\u00f6hung angek\u00fcndigt - Radio Leinewelle\",\"isPartOf\":{\"@id\":\"https:\\\/\\\/radioleinewelle.de\\\/#website\"},\"primaryImageOfPage\":{\"@id\":\"https:\\\/\\\/radioleinewelle.de\\\/index.php\\\/2020\\\/12\\\/19\\\/pflegezusatzversicherung-tariferhoehung-angekuendigt\\\/#primaryimage\"},\"image\":{\"@id\":\"https:\\\/\\\/radioleinewelle.de\\\/index.php\\\/2020\\\/12\\\/19\\\/pflegezusatzversicherung-tariferhoehung-angekuendigt\\\/#primaryimage\"},\"thumbnailUrl\":\"https:\\\/\\\/radioleinewelle.de\\\/wp-content\\\/uploads\\\/2020\\\/12\\\/rollator-2298056_640.jpg\",\"datePublished\":\"2020-12-19T04:00:21+00:00\",\"breadcrumb\":{\"@id\":\"https:\\\/\\\/radioleinewelle.de\\\/index.php\\\/2020\\\/12\\\/19\\\/pflegezusatzversicherung-tariferhoehung-angekuendigt\\\/#breadcrumb\"},\"inLanguage\":\"de\",\"potentialAction\":[{\"@type\":\"ReadAction\",\"target\":[\"https:\\\/\\\/radioleinewelle.de\\\/index.php\\\/2020\\\/12\\\/19\\\/pflegezusatzversicherung-tariferhoehung-angekuendigt\\\/\"]}]},{\"@type\":\"ImageObject\",\"inLanguage\":\"de\",\"@id\":\"https:\\\/\\\/radioleinewelle.de\\\/index.php\\\/2020\\\/12\\\/19\\\/pflegezusatzversicherung-tariferhoehung-angekuendigt\\\/#primaryimage\",\"url\":\"https:\\\/\\\/radioleinewelle.de\\\/wp-content\\\/uploads\\\/2020\\\/12\\\/rollator-2298056_640.jpg\",\"contentUrl\":\"https:\\\/\\\/radioleinewelle.de\\\/wp-content\\\/uploads\\\/2020\\\/12\\\/rollator-2298056_640.jpg\",\"width\":640,\"height\":480},{\"@type\":\"BreadcrumbList\",\"@id\":\"https:\\\/\\\/radioleinewelle.de\\\/index.php\\\/2020\\\/12\\\/19\\\/pflegezusatzversicherung-tariferhoehung-angekuendigt\\\/#breadcrumb\",\"itemListElement\":[{\"@type\":\"ListItem\",\"position\":1,\"name\":\"Startseite\",\"item\":\"https:\\\/\\\/radioleinewelle.de\\\/\"},{\"@type\":\"ListItem\",\"position\":2,\"name\":\"Pflegezusatzversicherung: Tariferh\u00f6hung angek\u00fcndigt\"}]},{\"@type\":\"WebSite\",\"@id\":\"https:\\\/\\\/radioleinewelle.de\\\/#website\",\"url\":\"https:\\\/\\\/radioleinewelle.de\\\/\",\"name\":\"Radio Leinewelle\",\"description\":\"\",\"publisher\":{\"@id\":\"https:\\\/\\\/radioleinewelle.de\\\/#organization\"},\"potentialAction\":[{\"@type\":\"SearchAction\",\"target\":{\"@type\":\"EntryPoint\",\"urlTemplate\":\"https:\\\/\\\/radioleinewelle.de\\\/?s={search_term_string}\"},\"query-input\":{\"@type\":\"PropertyValueSpecification\",\"valueRequired\":true,\"valueName\":\"search_term_string\"}}],\"inLanguage\":\"de\"},{\"@type\":\"Organization\",\"@id\":\"https:\\\/\\\/radioleinewelle.de\\\/#organization\",\"name\":\"Radio Leinewelle\",\"alternateName\":\"Mein Radio f\u00fcr S\u00fcdniedersachsen\",\"url\":\"https:\\\/\\\/radioleinewelle.de\\\/\",\"logo\":{\"@type\":\"ImageObject\",\"inLanguage\":\"de\",\"@id\":\"https:\\\/\\\/radioleinewelle.de\\\/#\\\/schema\\\/logo\\\/image\\\/\",\"url\":\"https:\\\/\\\/radioleinewelle.de\\\/wp-content\\\/uploads\\\/2023\\\/11\\\/cropped-Leinewelle_Logo_weiss.png\",\"contentUrl\":\"https:\\\/\\\/radioleinewelle.de\\\/wp-content\\\/uploads\\\/2023\\\/11\\\/cropped-Leinewelle_Logo_weiss.png\",\"width\":854,\"height\":260,\"caption\":\"Radio Leinewelle\"},\"image\":{\"@id\":\"https:\\\/\\\/radioleinewelle.de\\\/#\\\/schema\\\/logo\\\/image\\\/\"},\"sameAs\":[\"https:\\\/\\\/www.facebook.com\\\/radioleinewelle\",\"https:\\\/\\\/x.com\\\/RLeinewelle\",\"https:\\\/\\\/www.instagram.com\\\/radioleinewelle\\\/?hl=de\"]},{\"@type\":\"Person\",\"@id\":\"https:\\\/\\\/radioleinewelle.de\\\/#\\\/schema\\\/person\\\/45606f348637df637192dc1b68399a63\",\"name\":\"Leinewelle\",\"image\":{\"@type\":\"ImageObject\",\"inLanguage\":\"de\",\"@id\":\"https:\\\/\\\/secure.gravatar.com\\\/avatar\\\/05c9a17bc973052ee5d91549bd32fb4dd0dc85b7b85ae94b2e2b4943476bbea5?s=96&d=blank&r=g\",\"url\":\"https:\\\/\\\/secure.gravatar.com\\\/avatar\\\/05c9a17bc973052ee5d91549bd32fb4dd0dc85b7b85ae94b2e2b4943476bbea5?s=96&d=blank&r=g\",\"contentUrl\":\"https:\\\/\\\/secure.gravatar.com\\\/avatar\\\/05c9a17bc973052ee5d91549bd32fb4dd0dc85b7b85ae94b2e2b4943476bbea5?s=96&d=blank&r=g\",\"caption\":\"Leinewelle\"},\"sameAs\":[\"http:\\\/\\\/localhost\\\/radio%20leinewelle\\\/wordpress\",\"https:\\\/\\\/www.facebook.com\\\/radioleinewelle\",\"https:\\\/\\\/www.instagram.com\\\/radioleinewelle\",\"https:\\\/\\\/x.com\\\/https:\\\/\\\/twitter.com\\\/RLeinewelle?ref_src=twsrcgoogletwcampserptwgrauthor\",\"https:\\\/\\\/soundcloud.com\\\/foerderverein-lokalradio?utm_source=clipboard&utm_medium=text&utm_campaign=social_sharing\"],\"url\":\"https:\\\/\\\/radioleinewelle.de\\\/index.php\\\/author\\\/leinewelle\\\/\"}]}<\/script>\n<!-- \/ Yoast SEO plugin. -->","yoast_head_json":{"title":"Pflegezusatzversicherung: Tariferh\u00f6hung angek\u00fcndigt - Radio Leinewelle","robots":{"index":"index","follow":"follow","max-snippet":"max-snippet:-1","max-image-preview":"max-image-preview:large","max-video-preview":"max-video-preview:-1"},"canonical":"https:\/\/radioleinewelle.de\/index.php\/2020\/12\/19\/pflegezusatzversicherung-tariferhoehung-angekuendigt\/","og_locale":"de_DE","og_type":"article","og_title":"Pflegezusatzversicherung: Tariferh\u00f6hung angek\u00fcndigt - Radio Leinewelle","og_description":"Aktuell melden sich viele Versicherte bei der Verbraucherzentrale Niedersachsen, weil ihre Pflegezusatzversicherung die Beitr\u00e4ge erh\u00f6ht. In der ohnehin schon schwierigen Corona-Situation kommt damit eine weitere Kostenbelastung auf die Betroffenen zu. Die Verbraucherzentrale Niedersachsen r\u00e4t, den eigenen Versicherungsbedarf zu \u00fcberpr\u00fcfen. Denn durch das seit Januar geltende Angeh\u00f6rigen-Entlastungsgesetz ist f\u00fcr viele Verbraucher der Grund f\u00fcr eine Pflegezusatzversicherung [&hellip;]","og_url":"https:\/\/radioleinewelle.de\/index.php\/2020\/12\/19\/pflegezusatzversicherung-tariferhoehung-angekuendigt\/","og_site_name":"Radio Leinewelle","article_publisher":"https:\/\/www.facebook.com\/radioleinewelle","article_author":"https:\/\/www.facebook.com\/radioleinewelle","article_published_time":"2020-12-19T04:00:21+00:00","og_image":[{"width":640,"height":480,"url":"https:\/\/radioleinewelle.de\/wp-content\/uploads\/2020\/12\/rollator-2298056_640.jpg","type":"image\/jpeg"}],"author":"Leinewelle","twitter_card":"summary_large_image","twitter_creator":"@https:\/\/twitter.com\/RLeinewelle?ref_src=twsrcgoogletwcampserptwgrauthor","twitter_site":"@RLeinewelle","twitter_misc":{"Verfasst von":"Leinewelle","Gesch\u00e4tzte Lesezeit":"1\u00a0Minute"},"schema":{"@context":"https:\/\/schema.org","@graph":[{"@type":"Article","@id":"https:\/\/radioleinewelle.de\/index.php\/2020\/12\/19\/pflegezusatzversicherung-tariferhoehung-angekuendigt\/#article","isPartOf":{"@id":"https:\/\/radioleinewelle.de\/index.php\/2020\/12\/19\/pflegezusatzversicherung-tariferhoehung-angekuendigt\/"},"author":{"name":"Leinewelle","@id":"https:\/\/radioleinewelle.de\/#\/schema\/person\/45606f348637df637192dc1b68399a63"},"headline":"Pflegezusatzversicherung: Tariferh\u00f6hung angek\u00fcndigt","datePublished":"2020-12-19T04:00:21+00:00","mainEntityOfPage":{"@id":"https:\/\/radioleinewelle.de\/index.php\/2020\/12\/19\/pflegezusatzversicherung-tariferhoehung-angekuendigt\/"},"wordCount":295,"publisher":{"@id":"https:\/\/radioleinewelle.de\/#organization"},"image":{"@id":"https:\/\/radioleinewelle.de\/index.php\/2020\/12\/19\/pflegezusatzversicherung-tariferhoehung-angekuendigt\/#primaryimage"},"thumbnailUrl":"https:\/\/radioleinewelle.de\/wp-content\/uploads\/2020\/12\/rollator-2298056_640.jpg","articleSection":["Wirtschaft"],"inLanguage":"de"},{"@type":"WebPage","@id":"https:\/\/radioleinewelle.de\/index.php\/2020\/12\/19\/pflegezusatzversicherung-tariferhoehung-angekuendigt\/","url":"https:\/\/radioleinewelle.de\/index.php\/2020\/12\/19\/pflegezusatzversicherung-tariferhoehung-angekuendigt\/","name":"Pflegezusatzversicherung: Tariferh\u00f6hung angek\u00fcndigt - Radio Leinewelle","isPartOf":{"@id":"https:\/\/radioleinewelle.de\/#website"},"primaryImageOfPage":{"@id":"https:\/\/radioleinewelle.de\/index.php\/2020\/12\/19\/pflegezusatzversicherung-tariferhoehung-angekuendigt\/#primaryimage"},"image":{"@id":"https:\/\/radioleinewelle.de\/index.php\/2020\/12\/19\/pflegezusatzversicherung-tariferhoehung-angekuendigt\/#primaryimage"},"thumbnailUrl":"https:\/\/radioleinewelle.de\/wp-content\/uploads\/2020\/12\/rollator-2298056_640.jpg","datePublished":"2020-12-19T04:00:21+00:00","breadcrumb":{"@id":"https:\/\/radioleinewelle.de\/index.php\/2020\/12\/19\/pflegezusatzversicherung-tariferhoehung-angekuendigt\/#breadcrumb"},"inLanguage":"de","potentialAction":[{"@type":"ReadAction","target":["https:\/\/radioleinewelle.de\/index.php\/2020\/12\/19\/pflegezusatzversicherung-tariferhoehung-angekuendigt\/"]}]},{"@type":"ImageObject","inLanguage":"de","@id":"https:\/\/radioleinewelle.de\/index.php\/2020\/12\/19\/pflegezusatzversicherung-tariferhoehung-angekuendigt\/#primaryimage","url":"https:\/\/radioleinewelle.de\/wp-content\/uploads\/2020\/12\/rollator-2298056_640.jpg","contentUrl":"https:\/\/radioleinewelle.de\/wp-content\/uploads\/2020\/12\/rollator-2298056_640.jpg","width":640,"height":480},{"@type":"BreadcrumbList","@id":"https:\/\/radioleinewelle.de\/index.php\/2020\/12\/19\/pflegezusatzversicherung-tariferhoehung-angekuendigt\/#breadcrumb","itemListElement":[{"@type":"ListItem","position":1,"name":"Startseite","item":"https:\/\/radioleinewelle.de\/"},{"@type":"ListItem","position":2,"name":"Pflegezusatzversicherung: Tariferh\u00f6hung angek\u00fcndigt"}]},{"@type":"WebSite","@id":"https:\/\/radioleinewelle.de\/#website","url":"https:\/\/radioleinewelle.de\/","name":"Radio Leinewelle","description":"","publisher":{"@id":"https:\/\/radioleinewelle.de\/#organization"},"potentialAction":[{"@type":"SearchAction","target":{"@type":"EntryPoint","urlTemplate":"https:\/\/radioleinewelle.de\/?s={search_term_string}"},"query-input":{"@type":"PropertyValueSpecification","valueRequired":true,"valueName":"search_term_string"}}],"inLanguage":"de"},{"@type":"Organization","@id":"https:\/\/radioleinewelle.de\/#organization","name":"Radio Leinewelle","alternateName":"Mein Radio f\u00fcr S\u00fcdniedersachsen","url":"https:\/\/radioleinewelle.de\/","logo":{"@type":"ImageObject","inLanguage":"de","@id":"https:\/\/radioleinewelle.de\/#\/schema\/logo\/image\/","url":"https:\/\/radioleinewelle.de\/wp-content\/uploads\/2023\/11\/cropped-Leinewelle_Logo_weiss.png","contentUrl":"https:\/\/radioleinewelle.de\/wp-content\/uploads\/2023\/11\/cropped-Leinewelle_Logo_weiss.png","width":854,"height":260,"caption":"Radio Leinewelle"},"image":{"@id":"https:\/\/radioleinewelle.de\/#\/schema\/logo\/image\/"},"sameAs":["https:\/\/www.facebook.com\/radioleinewelle","https:\/\/x.com\/RLeinewelle","https:\/\/www.instagram.com\/radioleinewelle\/?hl=de"]},{"@type":"Person","@id":"https:\/\/radioleinewelle.de\/#\/schema\/person\/45606f348637df637192dc1b68399a63","name":"Leinewelle","image":{"@type":"ImageObject","inLanguage":"de","@id":"https:\/\/secure.gravatar.com\/avatar\/05c9a17bc973052ee5d91549bd32fb4dd0dc85b7b85ae94b2e2b4943476bbea5?s=96&d=blank&r=g","url":"https:\/\/secure.gravatar.com\/avatar\/05c9a17bc973052ee5d91549bd32fb4dd0dc85b7b85ae94b2e2b4943476bbea5?s=96&d=blank&r=g","contentUrl":"https:\/\/secure.gravatar.com\/avatar\/05c9a17bc973052ee5d91549bd32fb4dd0dc85b7b85ae94b2e2b4943476bbea5?s=96&d=blank&r=g","caption":"Leinewelle"},"sameAs":["http:\/\/localhost\/radio%20leinewelle\/wordpress","https:\/\/www.facebook.com\/radioleinewelle","https:\/\/www.instagram.com\/radioleinewelle","https:\/\/x.com\/https:\/\/twitter.com\/RLeinewelle?ref_src=twsrcgoogletwcampserptwgrauthor","https:\/\/soundcloud.com\/foerderverein-lokalradio?utm_source=clipboard&utm_medium=text&utm_campaign=social_sharing"],"url":"https:\/\/radioleinewelle.de\/index.php\/author\/leinewelle\/"}]}},"_links":{"self":[{"href":"https:\/\/radioleinewelle.de\/index.php\/wp-json\/wp\/v2\/posts\/3615","targetHints":{"allow":["GET"]}}],"collection":[{"href":"https:\/\/radioleinewelle.de\/index.php\/wp-json\/wp\/v2\/posts"}],"about":[{"href":"https:\/\/radioleinewelle.de\/index.php\/wp-json\/wp\/v2\/types\/post"}],"author":[{"embeddable":true,"href":"https:\/\/radioleinewelle.de\/index.php\/wp-json\/wp\/v2\/users\/1"}],"replies":[{"embeddable":true,"href":"https:\/\/radioleinewelle.de\/index.php\/wp-json\/wp\/v2\/comments?post=3615"}],"version-history":[{"count":0,"href":"https:\/\/radioleinewelle.de\/index.php\/wp-json\/wp\/v2\/posts\/3615\/revisions"}],"wp:featuredmedia":[{"embeddable":true,"href":"https:\/\/radioleinewelle.de\/index.php\/wp-json\/wp\/v2\/media\/3616"}],"wp:attachment":[{"href":"https:\/\/radioleinewelle.de\/index.php\/wp-json\/wp\/v2\/media?parent=3615"}],"wp:term":[{"taxonomy":"category","embeddable":true,"href":"https:\/\/radioleinewelle.de\/index.php\/wp-json\/wp\/v2\/categories?post=3615"},{"taxonomy":"post_tag","embeddable":true,"href":"https:\/\/radioleinewelle.de\/index.php\/wp-json\/wp\/v2\/tags?post=3615"}],"curies":[{"name":"wp","href":"https:\/\/api.w.org\/{rel}","templated":true}]}}