{"id":3618,"date":"2020-12-19T05:15:23","date_gmt":"2020-12-19T04:15:23","guid":{"rendered":"https:\/\/radioleinewelle.de\/?p=3618"},"modified":"2020-12-19T05:15:23","modified_gmt":"2020-12-19T04:15:23","slug":"saubere-luft-fuer-schulen-und-kitas-duderstaedter-wirtschaft-bekaempft-corona","status":"publish","type":"post","link":"https:\/\/radioleinewelle.de\/index.php\/2020\/12\/19\/saubere-luft-fuer-schulen-und-kitas-duderstaedter-wirtschaft-bekaempft-corona\/","title":{"rendered":"Saubere Luft f\u00fcr Schulen und Kitas &#8211; Duderst\u00e4dter Wirtschaft bek\u00e4mpft Corona"},"content":{"rendered":"<p>Aus Worten werden Taten. Eine Initiative Duderst\u00e4dter Unternehmen und Institutionen versorgen 36 Schulen und Kitas mit 162 professionellen Luftreinigungssystemen. Die Spende umfasst 300.000 Euro.\u00a0Zum Schutz der Kleinsten in unserer Gesellschaft hatte Ottobock Eigent\u00fcmer Hans Georg N\u00e4der Ende Oktober die Unternehmen der Region dazu aufgerufen, mit ihm gemeinsam daf\u00fcr zu sorgen, dass Duderst\u00e4dter Schulen und Kinderbetreuungseinrichtungen mit Raumluftreinigungsger\u00e4ten ausgestattet werden.<\/p>\n<p>Schnell musste gehandelt werden. Der Winter macht es dem Corona-Virus leicht, sich in R\u00e4umen zu verbreiten. &#8222;St\u00e4ndiges L\u00fcften und K\u00e4lte in Klassenr\u00e4umen und Kindertagesst\u00e4tten d\u00fcrfen kein Dauerzustand bleiben. Wir sind es unseren Kindern und den Lehrern und Erziehern schuldig, alles zu tun, damit Bildung nicht unter erschwerten Bedingungen stattfindet. Vor allem in Krisenzeiten m\u00fcssen wir Unternehmer unsere Verantwortung f\u00fcr die Gesellschaft wahrnehmen und einspringen, wenn die staatliche F\u00f6rderung wohl noch auf sich warten l\u00e4sst&#8220;, erkl\u00e4rt N\u00e4der sein Engagement.<\/p>\n<p><strong><span class=\"b\">Schnelles und gemeinsames Handeln f\u00fcr die Sicherheit in Bildungseinrichtungen<\/span><\/strong><\/p>\n<p>Die Stadtentwicklungsinitiative Duderstadt2030 erfragte die tats\u00e4chlichen Bedarfe in allen Institutionen im Stadtgebiet Duderstadts. Auch die Geldgeber waren rasch gefunden. 300.000 Euro kamen von Unternehmerinnen und Unternehmern aus dem Eichsfeld zusammen. 162 Luftreinigungsger\u00e4te des Typs Calistair C 300 wurden angeschafft und umgehend dorthin verteilt, wo sie dringend gebraucht werden. Sobald die 36 Schulen und Kitas in Duderstadt im neuen Jahr \u00f6ffnen, k\u00f6nnen Kinder, LehrerInnen und ErzieherInnen mit virenfreier Luft zusammen lernen und arbeiten.<\/p>\n<p>&#8222;\u00dcber das Engagement der unterst\u00fctzenden Unternehmen f\u00fcr unsere Kinder und Jugendlichen in Duderstadt und den Ortsteilen freue ich mich sehr. Mein besonderer Dank gilt allen voran Prof. Hans Georg N\u00e4der sowie dem Architekturb\u00fcro Schmutzer, Autohaus Goldmann, EUROBAU, E+R Bekleidungshaus, Evergreen Garten &amp; Landschaftsdesign, Herwig Heizung und Sanit\u00e4r, Sparkasse Duderstadt und Studio1\u00ae Kommunikation, die sich gro\u00dfz\u00fcgig daran beteiligt haben, dass diese Aktion umgesetzt werden konnte&#8220;, freut sich B\u00fcrgermeister Thorsten Feike.<\/p>\n<p><strong><span class=\"b\">In zehn Minuten fast hundert Prozent frei von Corona-Viren<\/span><\/strong><\/p>\n<p>Ein Ger\u00e4t des Typs &#8222;Calistair C 300&#8220; befreit einen Raum bis ca. 60qm innerhalb von zehn Minuten nahezu hundertprozentig von Corona-Viren ohne gef\u00e4hrliche Nebenprodukte zu erzeugen. &#8222;Allerdings ist der Calistair trotz seiner Leistungsf\u00e4higkeit immer nur ein zus\u00e4tzlicher Schutz. Regelm\u00e4\u00dfiges L\u00fcften ist dennoch entsprechend des vom Land Niedersachsen vorgegebenen Hygienekonzeptes f\u00fcr die Schulen erg\u00e4nzend notwendig und vor allem das Tragen eines Mundschutzes ist erforderlich,&#8220; so Alain Hachet, Gesch\u00e4ftsf\u00fchrer der Firma Calistair. Auch sind alle bisher bestehenden Schutzma\u00dfnahmen wie das Abstandhalten und regelm\u00e4\u00dfiges H\u00e4ndewaschen weiterhin notwendig, denn das SARS-CoV-2 verbreitet sich nicht nur durch Aerosole, sondern auch \u00fcber die Kontakt\u00fcbertragung.<\/p>\n<p><strong><span class=\"b\">F\u00f6rderung von Kindern und Bildung bereits seit Beginn der Pandemie<\/span><\/strong><\/p>\n<p>Der Einsatz f\u00fcr Kinder und Bildung ist f\u00fcr Hans Georg N\u00e4der nicht neu. Bereits zu Beginn der Corona-Pandemie spendete er 300 Ipads an Schulen, damit nicht nur wenige, sondern alle Sch\u00fclerinnen und Sch\u00fcler die M\u00f6glichkeit bekamen, w\u00e4hrend der Schulschlie\u00dfungen im M\u00e4rz und April digitale Bildungsangebote zu nutzen.<\/p>\n<p>F\u00fcr das Engagement f\u00fcr benachteiligte Kinder ist die Unternehmerfamilie N\u00e4der seit langem auch \u00fcberregional bekannt. Nicht nur in Krisenzeiten. Hier ist vor allem das Tabalugahaus, ein Projekt, das Professor Hans Georg N\u00e4der gemeinsam mit dem Musiker Peter Maffay ins Leben rief, seit langen Jahren in aller Munde. Benachteiligte Kinder bekommen im Duderst\u00e4dter Tabalugahaus vielf\u00e4ltige und dringend ben\u00f6tigte individuelle Unterst\u00fctzung.<\/p>\n<p>&#8212;&#8212;&#8212;&#8212;&#8212;&#8212;&#8212;&#8212;&#8212;&#8212;&#8212;&#8212;&#8212;&#8212;&#8212;&#8212;&#8212;&#8212;&#8212;&#8212;&#8212;&#8212;&#8212;&#8212;&#8212;&#8212;&#8212;&#8212;&#8212;&#8212;&#8212;&#8212;&#8212;&#8212;&#8212;&#8212;&#8212;&#8212;&#8212;&#8212;&#8212;&#8212;&#8212;-<\/p>\n<p>Foto: Das Luftreinigungsger\u00e4t Calistair befreit die Raumluft im Klassenzimmer von Coronaviren. \u00a9Otto Bock<\/p>\n","protected":false},"excerpt":{"rendered":"<p>Aus Worten werden Taten. Eine Initiative Duderst\u00e4dter Unternehmen und Institutionen versorgen 36 Schulen und Kitas mit 162 professionellen Luftreinigungssystemen. Die Spende umfasst 300.000 Euro.\u00a0Zum Schutz der Kleinsten in unserer Gesellschaft hatte Ottobock Eigent\u00fcmer Hans Georg N\u00e4der Ende Oktober die Unternehmen der Region dazu aufgerufen, mit ihm gemeinsam daf\u00fcr zu sorgen, dass Duderst\u00e4dter Schulen und Kinderbetreuungseinrichtungen [&hellip;]<\/p>\n","protected":false},"author":1,"featured_media":3619,"comment_status":"closed","ping_status":"closed","sticky":false,"template":"","format":"standard","meta":{"saved_in_kubio":false,"footnotes":""},"categories":[23,38],"tags":[],"class_list":["post-3618","post","type-post","status-publish","format-standard","has-post-thumbnail","hentry","category-corona","category-wirtschaft"],"yoast_head":"<!-- This site is optimized with the Yoast SEO plugin v27.5 - https:\/\/yoast.com\/product\/yoast-seo-wordpress\/ -->\n<title>Saubere Luft f\u00fcr Schulen und Kitas - Duderst\u00e4dter Wirtschaft bek\u00e4mpft Corona - Radio Leinewelle<\/title>\n<meta name=\"robots\" content=\"index, follow, max-snippet:-1, max-image-preview:large, max-video-preview:-1\" \/>\n<link rel=\"canonical\" href=\"https:\/\/radioleinewelle.de\/index.php\/2020\/12\/19\/saubere-luft-fuer-schulen-und-kitas-duderstaedter-wirtschaft-bekaempft-corona\/\" \/>\n<meta property=\"og:locale\" content=\"de_DE\" \/>\n<meta property=\"og:type\" content=\"article\" \/>\n<meta property=\"og:title\" content=\"Saubere Luft f\u00fcr Schulen und Kitas - Duderst\u00e4dter Wirtschaft bek\u00e4mpft Corona - Radio Leinewelle\" \/>\n<meta property=\"og:description\" content=\"Aus Worten werden Taten. Eine Initiative Duderst\u00e4dter Unternehmen und Institutionen versorgen 36 Schulen und Kitas mit 162 professionellen Luftreinigungssystemen. Die Spende umfasst 300.000 Euro.\u00a0Zum Schutz der Kleinsten in unserer Gesellschaft hatte Ottobock Eigent\u00fcmer Hans Georg N\u00e4der Ende Oktober die Unternehmen der Region dazu aufgerufen, mit ihm gemeinsam daf\u00fcr zu sorgen, dass Duderst\u00e4dter Schulen und Kinderbetreuungseinrichtungen [&hellip;]\" \/>\n<meta property=\"og:url\" content=\"https:\/\/radioleinewelle.de\/index.php\/2020\/12\/19\/saubere-luft-fuer-schulen-und-kitas-duderstaedter-wirtschaft-bekaempft-corona\/\" \/>\n<meta property=\"og:site_name\" content=\"Radio Leinewelle\" \/>\n<meta property=\"article:publisher\" content=\"https:\/\/www.facebook.com\/radioleinewelle\" \/>\n<meta property=\"article:author\" content=\"https:\/\/www.facebook.com\/radioleinewelle\" \/>\n<meta property=\"article:published_time\" content=\"2020-12-19T04:15:23+00:00\" \/>\n<meta property=\"og:image\" content=\"https:\/\/radioleinewelle.de\/wp-content\/uploads\/2020\/12\/solidarit-t-im-eichsfeld-und-im-landkreis-g-ttingen-saubere-luft-f-r-schulen-und-kitas-duderst-dter-.jpg\" \/>\n\t<meta property=\"og:image:width\" content=\"710\" \/>\n\t<meta property=\"og:image:height\" content=\"474\" \/>\n\t<meta property=\"og:image:type\" content=\"image\/jpeg\" \/>\n<meta name=\"author\" content=\"Leinewelle\" \/>\n<meta name=\"twitter:card\" content=\"summary_large_image\" \/>\n<meta name=\"twitter:creator\" content=\"@https:\/\/twitter.com\/RLeinewelle?ref_src=twsrcgoogletwcampserptwgrauthor\" \/>\n<meta name=\"twitter:site\" content=\"@RLeinewelle\" \/>\n<meta name=\"twitter:label1\" content=\"Verfasst von\" \/>\n\t<meta name=\"twitter:data1\" content=\"Leinewelle\" \/>\n\t<meta name=\"twitter:label2\" content=\"Gesch\u00e4tzte Lesezeit\" \/>\n\t<meta name=\"twitter:data2\" content=\"3\u00a0Minuten\" \/>\n<script type=\"application\/ld+json\" class=\"yoast-schema-graph\">{\"@context\":\"https:\\\/\\\/schema.org\",\"@graph\":[{\"@type\":\"Article\",\"@id\":\"https:\\\/\\\/radioleinewelle.de\\\/index.php\\\/2020\\\/12\\\/19\\\/saubere-luft-fuer-schulen-und-kitas-duderstaedter-wirtschaft-bekaempft-corona\\\/#article\",\"isPartOf\":{\"@id\":\"https:\\\/\\\/radioleinewelle.de\\\/index.php\\\/2020\\\/12\\\/19\\\/saubere-luft-fuer-schulen-und-kitas-duderstaedter-wirtschaft-bekaempft-corona\\\/\"},\"author\":{\"name\":\"Leinewelle\",\"@id\":\"https:\\\/\\\/radioleinewelle.de\\\/#\\\/schema\\\/person\\\/45606f348637df637192dc1b68399a63\"},\"headline\":\"Saubere Luft f\u00fcr Schulen und Kitas &#8211; Duderst\u00e4dter Wirtschaft bek\u00e4mpft Corona\",\"datePublished\":\"2020-12-19T04:15:23+00:00\",\"mainEntityOfPage\":{\"@id\":\"https:\\\/\\\/radioleinewelle.de\\\/index.php\\\/2020\\\/12\\\/19\\\/saubere-luft-fuer-schulen-und-kitas-duderstaedter-wirtschaft-bekaempft-corona\\\/\"},\"wordCount\":595,\"publisher\":{\"@id\":\"https:\\\/\\\/radioleinewelle.de\\\/#organization\"},\"image\":{\"@id\":\"https:\\\/\\\/radioleinewelle.de\\\/index.php\\\/2020\\\/12\\\/19\\\/saubere-luft-fuer-schulen-und-kitas-duderstaedter-wirtschaft-bekaempft-corona\\\/#primaryimage\"},\"thumbnailUrl\":\"https:\\\/\\\/radioleinewelle.de\\\/wp-content\\\/uploads\\\/2020\\\/12\\\/solidarit-t-im-eichsfeld-und-im-landkreis-g-ttingen-saubere-luft-f-r-schulen-und-kitas-duderst-dter-.jpg\",\"articleSection\":[\"Corona\",\"Wirtschaft\"],\"inLanguage\":\"de\"},{\"@type\":\"WebPage\",\"@id\":\"https:\\\/\\\/radioleinewelle.de\\\/index.php\\\/2020\\\/12\\\/19\\\/saubere-luft-fuer-schulen-und-kitas-duderstaedter-wirtschaft-bekaempft-corona\\\/\",\"url\":\"https:\\\/\\\/radioleinewelle.de\\\/index.php\\\/2020\\\/12\\\/19\\\/saubere-luft-fuer-schulen-und-kitas-duderstaedter-wirtschaft-bekaempft-corona\\\/\",\"name\":\"Saubere Luft f\u00fcr Schulen und Kitas - Duderst\u00e4dter Wirtschaft bek\u00e4mpft Corona - Radio Leinewelle\",\"isPartOf\":{\"@id\":\"https:\\\/\\\/radioleinewelle.de\\\/#website\"},\"primaryImageOfPage\":{\"@id\":\"https:\\\/\\\/radioleinewelle.de\\\/index.php\\\/2020\\\/12\\\/19\\\/saubere-luft-fuer-schulen-und-kitas-duderstaedter-wirtschaft-bekaempft-corona\\\/#primaryimage\"},\"image\":{\"@id\":\"https:\\\/\\\/radioleinewelle.de\\\/index.php\\\/2020\\\/12\\\/19\\\/saubere-luft-fuer-schulen-und-kitas-duderstaedter-wirtschaft-bekaempft-corona\\\/#primaryimage\"},\"thumbnailUrl\":\"https:\\\/\\\/radioleinewelle.de\\\/wp-content\\\/uploads\\\/2020\\\/12\\\/solidarit-t-im-eichsfeld-und-im-landkreis-g-ttingen-saubere-luft-f-r-schulen-und-kitas-duderst-dter-.jpg\",\"datePublished\":\"2020-12-19T04:15:23+00:00\",\"breadcrumb\":{\"@id\":\"https:\\\/\\\/radioleinewelle.de\\\/index.php\\\/2020\\\/12\\\/19\\\/saubere-luft-fuer-schulen-und-kitas-duderstaedter-wirtschaft-bekaempft-corona\\\/#breadcrumb\"},\"inLanguage\":\"de\",\"potentialAction\":[{\"@type\":\"ReadAction\",\"target\":[\"https:\\\/\\\/radioleinewelle.de\\\/index.php\\\/2020\\\/12\\\/19\\\/saubere-luft-fuer-schulen-und-kitas-duderstaedter-wirtschaft-bekaempft-corona\\\/\"]}]},{\"@type\":\"ImageObject\",\"inLanguage\":\"de\",\"@id\":\"https:\\\/\\\/radioleinewelle.de\\\/index.php\\\/2020\\\/12\\\/19\\\/saubere-luft-fuer-schulen-und-kitas-duderstaedter-wirtschaft-bekaempft-corona\\\/#primaryimage\",\"url\":\"https:\\\/\\\/radioleinewelle.de\\\/wp-content\\\/uploads\\\/2020\\\/12\\\/solidarit-t-im-eichsfeld-und-im-landkreis-g-ttingen-saubere-luft-f-r-schulen-und-kitas-duderst-dter-.jpg\",\"contentUrl\":\"https:\\\/\\\/radioleinewelle.de\\\/wp-content\\\/uploads\\\/2020\\\/12\\\/solidarit-t-im-eichsfeld-und-im-landkreis-g-ttingen-saubere-luft-f-r-schulen-und-kitas-duderst-dter-.jpg\",\"width\":710,\"height\":474,\"caption\":\"Das Luftreinigungsger\u00e4t Calistair befreit die Raumluft im Klassenzimmer von Coronaviren. \\\/ Solidarit\u00e4t im Eichsfeld und im Landkreis G\u00f6ttingen \\\/ Saubere Luft f\u00fcr Schulen und Kitas - Duderst\u00e4dter Wirtschaft bek\u00e4mpft Corona \\\/ Weiterer Text \u00fcber ots und www.presseportal.de\\\/nr\\\/32079 \\\/ Die Verwendung dieses Bildes ist f\u00fcr redaktionelle Zwecke honorarfrei. Ver\u00f6ffentlichung bitte unter Quellenangabe: \\\"obs\\\/Ottobock\\\/Duderstadt2030\\\"\"},{\"@type\":\"BreadcrumbList\",\"@id\":\"https:\\\/\\\/radioleinewelle.de\\\/index.php\\\/2020\\\/12\\\/19\\\/saubere-luft-fuer-schulen-und-kitas-duderstaedter-wirtschaft-bekaempft-corona\\\/#breadcrumb\",\"itemListElement\":[{\"@type\":\"ListItem\",\"position\":1,\"name\":\"Startseite\",\"item\":\"https:\\\/\\\/radioleinewelle.de\\\/\"},{\"@type\":\"ListItem\",\"position\":2,\"name\":\"Saubere Luft f\u00fcr Schulen und Kitas &#8211; Duderst\u00e4dter Wirtschaft bek\u00e4mpft Corona\"}]},{\"@type\":\"WebSite\",\"@id\":\"https:\\\/\\\/radioleinewelle.de\\\/#website\",\"url\":\"https:\\\/\\\/radioleinewelle.de\\\/\",\"name\":\"Radio Leinewelle\",\"description\":\"\",\"publisher\":{\"@id\":\"https:\\\/\\\/radioleinewelle.de\\\/#organization\"},\"potentialAction\":[{\"@type\":\"SearchAction\",\"target\":{\"@type\":\"EntryPoint\",\"urlTemplate\":\"https:\\\/\\\/radioleinewelle.de\\\/?s={search_term_string}\"},\"query-input\":{\"@type\":\"PropertyValueSpecification\",\"valueRequired\":true,\"valueName\":\"search_term_string\"}}],\"inLanguage\":\"de\"},{\"@type\":\"Organization\",\"@id\":\"https:\\\/\\\/radioleinewelle.de\\\/#organization\",\"name\":\"Radio Leinewelle\",\"alternateName\":\"Mein Radio f\u00fcr S\u00fcdniedersachsen\",\"url\":\"https:\\\/\\\/radioleinewelle.de\\\/\",\"logo\":{\"@type\":\"ImageObject\",\"inLanguage\":\"de\",\"@id\":\"https:\\\/\\\/radioleinewelle.de\\\/#\\\/schema\\\/logo\\\/image\\\/\",\"url\":\"https:\\\/\\\/radioleinewelle.de\\\/wp-content\\\/uploads\\\/2023\\\/11\\\/cropped-Leinewelle_Logo_weiss.png\",\"contentUrl\":\"https:\\\/\\\/radioleinewelle.de\\\/wp-content\\\/uploads\\\/2023\\\/11\\\/cropped-Leinewelle_Logo_weiss.png\",\"width\":854,\"height\":260,\"caption\":\"Radio Leinewelle\"},\"image\":{\"@id\":\"https:\\\/\\\/radioleinewelle.de\\\/#\\\/schema\\\/logo\\\/image\\\/\"},\"sameAs\":[\"https:\\\/\\\/www.facebook.com\\\/radioleinewelle\",\"https:\\\/\\\/x.com\\\/RLeinewelle\",\"https:\\\/\\\/www.instagram.com\\\/radioleinewelle\\\/?hl=de\"]},{\"@type\":\"Person\",\"@id\":\"https:\\\/\\\/radioleinewelle.de\\\/#\\\/schema\\\/person\\\/45606f348637df637192dc1b68399a63\",\"name\":\"Leinewelle\",\"image\":{\"@type\":\"ImageObject\",\"inLanguage\":\"de\",\"@id\":\"https:\\\/\\\/secure.gravatar.com\\\/avatar\\\/05c9a17bc973052ee5d91549bd32fb4dd0dc85b7b85ae94b2e2b4943476bbea5?s=96&d=blank&r=g\",\"url\":\"https:\\\/\\\/secure.gravatar.com\\\/avatar\\\/05c9a17bc973052ee5d91549bd32fb4dd0dc85b7b85ae94b2e2b4943476bbea5?s=96&d=blank&r=g\",\"contentUrl\":\"https:\\\/\\\/secure.gravatar.com\\\/avatar\\\/05c9a17bc973052ee5d91549bd32fb4dd0dc85b7b85ae94b2e2b4943476bbea5?s=96&d=blank&r=g\",\"caption\":\"Leinewelle\"},\"sameAs\":[\"http:\\\/\\\/localhost\\\/radio%20leinewelle\\\/wordpress\",\"https:\\\/\\\/www.facebook.com\\\/radioleinewelle\",\"https:\\\/\\\/www.instagram.com\\\/radioleinewelle\",\"https:\\\/\\\/x.com\\\/https:\\\/\\\/twitter.com\\\/RLeinewelle?ref_src=twsrcgoogletwcampserptwgrauthor\",\"https:\\\/\\\/soundcloud.com\\\/foerderverein-lokalradio?utm_source=clipboard&utm_medium=text&utm_campaign=social_sharing\"],\"url\":\"https:\\\/\\\/radioleinewelle.de\\\/index.php\\\/author\\\/leinewelle\\\/\"}]}<\/script>\n<!-- \/ Yoast SEO plugin. -->","yoast_head_json":{"title":"Saubere Luft f\u00fcr Schulen und Kitas - Duderst\u00e4dter Wirtschaft bek\u00e4mpft Corona - Radio Leinewelle","robots":{"index":"index","follow":"follow","max-snippet":"max-snippet:-1","max-image-preview":"max-image-preview:large","max-video-preview":"max-video-preview:-1"},"canonical":"https:\/\/radioleinewelle.de\/index.php\/2020\/12\/19\/saubere-luft-fuer-schulen-und-kitas-duderstaedter-wirtschaft-bekaempft-corona\/","og_locale":"de_DE","og_type":"article","og_title":"Saubere Luft f\u00fcr Schulen und Kitas - Duderst\u00e4dter Wirtschaft bek\u00e4mpft Corona - Radio Leinewelle","og_description":"Aus Worten werden Taten. Eine Initiative Duderst\u00e4dter Unternehmen und Institutionen versorgen 36 Schulen und Kitas mit 162 professionellen Luftreinigungssystemen. Die Spende umfasst 300.000 Euro.\u00a0Zum Schutz der Kleinsten in unserer Gesellschaft hatte Ottobock Eigent\u00fcmer Hans Georg N\u00e4der Ende Oktober die Unternehmen der Region dazu aufgerufen, mit ihm gemeinsam daf\u00fcr zu sorgen, dass Duderst\u00e4dter Schulen und Kinderbetreuungseinrichtungen [&hellip;]","og_url":"https:\/\/radioleinewelle.de\/index.php\/2020\/12\/19\/saubere-luft-fuer-schulen-und-kitas-duderstaedter-wirtschaft-bekaempft-corona\/","og_site_name":"Radio Leinewelle","article_publisher":"https:\/\/www.facebook.com\/radioleinewelle","article_author":"https:\/\/www.facebook.com\/radioleinewelle","article_published_time":"2020-12-19T04:15:23+00:00","og_image":[{"width":710,"height":474,"url":"https:\/\/radioleinewelle.de\/wp-content\/uploads\/2020\/12\/solidarit-t-im-eichsfeld-und-im-landkreis-g-ttingen-saubere-luft-f-r-schulen-und-kitas-duderst-dter-.jpg","type":"image\/jpeg"}],"author":"Leinewelle","twitter_card":"summary_large_image","twitter_creator":"@https:\/\/twitter.com\/RLeinewelle?ref_src=twsrcgoogletwcampserptwgrauthor","twitter_site":"@RLeinewelle","twitter_misc":{"Verfasst von":"Leinewelle","Gesch\u00e4tzte Lesezeit":"3\u00a0Minuten"},"schema":{"@context":"https:\/\/schema.org","@graph":[{"@type":"Article","@id":"https:\/\/radioleinewelle.de\/index.php\/2020\/12\/19\/saubere-luft-fuer-schulen-und-kitas-duderstaedter-wirtschaft-bekaempft-corona\/#article","isPartOf":{"@id":"https:\/\/radioleinewelle.de\/index.php\/2020\/12\/19\/saubere-luft-fuer-schulen-und-kitas-duderstaedter-wirtschaft-bekaempft-corona\/"},"author":{"name":"Leinewelle","@id":"https:\/\/radioleinewelle.de\/#\/schema\/person\/45606f348637df637192dc1b68399a63"},"headline":"Saubere Luft f\u00fcr Schulen und Kitas &#8211; Duderst\u00e4dter Wirtschaft bek\u00e4mpft Corona","datePublished":"2020-12-19T04:15:23+00:00","mainEntityOfPage":{"@id":"https:\/\/radioleinewelle.de\/index.php\/2020\/12\/19\/saubere-luft-fuer-schulen-und-kitas-duderstaedter-wirtschaft-bekaempft-corona\/"},"wordCount":595,"publisher":{"@id":"https:\/\/radioleinewelle.de\/#organization"},"image":{"@id":"https:\/\/radioleinewelle.de\/index.php\/2020\/12\/19\/saubere-luft-fuer-schulen-und-kitas-duderstaedter-wirtschaft-bekaempft-corona\/#primaryimage"},"thumbnailUrl":"https:\/\/radioleinewelle.de\/wp-content\/uploads\/2020\/12\/solidarit-t-im-eichsfeld-und-im-landkreis-g-ttingen-saubere-luft-f-r-schulen-und-kitas-duderst-dter-.jpg","articleSection":["Corona","Wirtschaft"],"inLanguage":"de"},{"@type":"WebPage","@id":"https:\/\/radioleinewelle.de\/index.php\/2020\/12\/19\/saubere-luft-fuer-schulen-und-kitas-duderstaedter-wirtschaft-bekaempft-corona\/","url":"https:\/\/radioleinewelle.de\/index.php\/2020\/12\/19\/saubere-luft-fuer-schulen-und-kitas-duderstaedter-wirtschaft-bekaempft-corona\/","name":"Saubere Luft f\u00fcr Schulen und Kitas - Duderst\u00e4dter Wirtschaft bek\u00e4mpft Corona - Radio Leinewelle","isPartOf":{"@id":"https:\/\/radioleinewelle.de\/#website"},"primaryImageOfPage":{"@id":"https:\/\/radioleinewelle.de\/index.php\/2020\/12\/19\/saubere-luft-fuer-schulen-und-kitas-duderstaedter-wirtschaft-bekaempft-corona\/#primaryimage"},"image":{"@id":"https:\/\/radioleinewelle.de\/index.php\/2020\/12\/19\/saubere-luft-fuer-schulen-und-kitas-duderstaedter-wirtschaft-bekaempft-corona\/#primaryimage"},"thumbnailUrl":"https:\/\/radioleinewelle.de\/wp-content\/uploads\/2020\/12\/solidarit-t-im-eichsfeld-und-im-landkreis-g-ttingen-saubere-luft-f-r-schulen-und-kitas-duderst-dter-.jpg","datePublished":"2020-12-19T04:15:23+00:00","breadcrumb":{"@id":"https:\/\/radioleinewelle.de\/index.php\/2020\/12\/19\/saubere-luft-fuer-schulen-und-kitas-duderstaedter-wirtschaft-bekaempft-corona\/#breadcrumb"},"inLanguage":"de","potentialAction":[{"@type":"ReadAction","target":["https:\/\/radioleinewelle.de\/index.php\/2020\/12\/19\/saubere-luft-fuer-schulen-und-kitas-duderstaedter-wirtschaft-bekaempft-corona\/"]}]},{"@type":"ImageObject","inLanguage":"de","@id":"https:\/\/radioleinewelle.de\/index.php\/2020\/12\/19\/saubere-luft-fuer-schulen-und-kitas-duderstaedter-wirtschaft-bekaempft-corona\/#primaryimage","url":"https:\/\/radioleinewelle.de\/wp-content\/uploads\/2020\/12\/solidarit-t-im-eichsfeld-und-im-landkreis-g-ttingen-saubere-luft-f-r-schulen-und-kitas-duderst-dter-.jpg","contentUrl":"https:\/\/radioleinewelle.de\/wp-content\/uploads\/2020\/12\/solidarit-t-im-eichsfeld-und-im-landkreis-g-ttingen-saubere-luft-f-r-schulen-und-kitas-duderst-dter-.jpg","width":710,"height":474,"caption":"Das Luftreinigungsger\u00e4t Calistair befreit die Raumluft im Klassenzimmer von Coronaviren. \/ Solidarit\u00e4t im Eichsfeld und im Landkreis G\u00f6ttingen \/ Saubere Luft f\u00fcr Schulen und Kitas - Duderst\u00e4dter Wirtschaft bek\u00e4mpft Corona \/ Weiterer Text \u00fcber ots und www.presseportal.de\/nr\/32079 \/ Die Verwendung dieses Bildes ist f\u00fcr redaktionelle Zwecke honorarfrei. Ver\u00f6ffentlichung bitte unter Quellenangabe: \"obs\/Ottobock\/Duderstadt2030\""},{"@type":"BreadcrumbList","@id":"https:\/\/radioleinewelle.de\/index.php\/2020\/12\/19\/saubere-luft-fuer-schulen-und-kitas-duderstaedter-wirtschaft-bekaempft-corona\/#breadcrumb","itemListElement":[{"@type":"ListItem","position":1,"name":"Startseite","item":"https:\/\/radioleinewelle.de\/"},{"@type":"ListItem","position":2,"name":"Saubere Luft f\u00fcr Schulen und Kitas &#8211; Duderst\u00e4dter Wirtschaft bek\u00e4mpft Corona"}]},{"@type":"WebSite","@id":"https:\/\/radioleinewelle.de\/#website","url":"https:\/\/radioleinewelle.de\/","name":"Radio Leinewelle","description":"","publisher":{"@id":"https:\/\/radioleinewelle.de\/#organization"},"potentialAction":[{"@type":"SearchAction","target":{"@type":"EntryPoint","urlTemplate":"https:\/\/radioleinewelle.de\/?s={search_term_string}"},"query-input":{"@type":"PropertyValueSpecification","valueRequired":true,"valueName":"search_term_string"}}],"inLanguage":"de"},{"@type":"Organization","@id":"https:\/\/radioleinewelle.de\/#organization","name":"Radio Leinewelle","alternateName":"Mein Radio f\u00fcr S\u00fcdniedersachsen","url":"https:\/\/radioleinewelle.de\/","logo":{"@type":"ImageObject","inLanguage":"de","@id":"https:\/\/radioleinewelle.de\/#\/schema\/logo\/image\/","url":"https:\/\/radioleinewelle.de\/wp-content\/uploads\/2023\/11\/cropped-Leinewelle_Logo_weiss.png","contentUrl":"https:\/\/radioleinewelle.de\/wp-content\/uploads\/2023\/11\/cropped-Leinewelle_Logo_weiss.png","width":854,"height":260,"caption":"Radio Leinewelle"},"image":{"@id":"https:\/\/radioleinewelle.de\/#\/schema\/logo\/image\/"},"sameAs":["https:\/\/www.facebook.com\/radioleinewelle","https:\/\/x.com\/RLeinewelle","https:\/\/www.instagram.com\/radioleinewelle\/?hl=de"]},{"@type":"Person","@id":"https:\/\/radioleinewelle.de\/#\/schema\/person\/45606f348637df637192dc1b68399a63","name":"Leinewelle","image":{"@type":"ImageObject","inLanguage":"de","@id":"https:\/\/secure.gravatar.com\/avatar\/05c9a17bc973052ee5d91549bd32fb4dd0dc85b7b85ae94b2e2b4943476bbea5?s=96&d=blank&r=g","url":"https:\/\/secure.gravatar.com\/avatar\/05c9a17bc973052ee5d91549bd32fb4dd0dc85b7b85ae94b2e2b4943476bbea5?s=96&d=blank&r=g","contentUrl":"https:\/\/secure.gravatar.com\/avatar\/05c9a17bc973052ee5d91549bd32fb4dd0dc85b7b85ae94b2e2b4943476bbea5?s=96&d=blank&r=g","caption":"Leinewelle"},"sameAs":["http:\/\/localhost\/radio%20leinewelle\/wordpress","https:\/\/www.facebook.com\/radioleinewelle","https:\/\/www.instagram.com\/radioleinewelle","https:\/\/x.com\/https:\/\/twitter.com\/RLeinewelle?ref_src=twsrcgoogletwcampserptwgrauthor","https:\/\/soundcloud.com\/foerderverein-lokalradio?utm_source=clipboard&utm_medium=text&utm_campaign=social_sharing"],"url":"https:\/\/radioleinewelle.de\/index.php\/author\/leinewelle\/"}]}},"_links":{"self":[{"href":"https:\/\/radioleinewelle.de\/index.php\/wp-json\/wp\/v2\/posts\/3618","targetHints":{"allow":["GET"]}}],"collection":[{"href":"https:\/\/radioleinewelle.de\/index.php\/wp-json\/wp\/v2\/posts"}],"about":[{"href":"https:\/\/radioleinewelle.de\/index.php\/wp-json\/wp\/v2\/types\/post"}],"author":[{"embeddable":true,"href":"https:\/\/radioleinewelle.de\/index.php\/wp-json\/wp\/v2\/users\/1"}],"replies":[{"embeddable":true,"href":"https:\/\/radioleinewelle.de\/index.php\/wp-json\/wp\/v2\/comments?post=3618"}],"version-history":[{"count":0,"href":"https:\/\/radioleinewelle.de\/index.php\/wp-json\/wp\/v2\/posts\/3618\/revisions"}],"wp:featuredmedia":[{"embeddable":true,"href":"https:\/\/radioleinewelle.de\/index.php\/wp-json\/wp\/v2\/media\/3619"}],"wp:attachment":[{"href":"https:\/\/radioleinewelle.de\/index.php\/wp-json\/wp\/v2\/media?parent=3618"}],"wp:term":[{"taxonomy":"category","embeddable":true,"href":"https:\/\/radioleinewelle.de\/index.php\/wp-json\/wp\/v2\/categories?post=3618"},{"taxonomy":"post_tag","embeddable":true,"href":"https:\/\/radioleinewelle.de\/index.php\/wp-json\/wp\/v2\/tags?post=3618"}],"curies":[{"name":"wp","href":"https:\/\/api.w.org\/{rel}","templated":true}]}}