{"id":3621,"date":"2020-12-19T05:30:22","date_gmt":"2020-12-19T04:30:22","guid":{"rendered":"https:\/\/radioleinewelle.de\/?p=3621"},"modified":"2020-12-19T05:30:22","modified_gmt":"2020-12-19T04:30:22","slug":"goettingen-interreligioeser-jahreskalender-2021-erhaeltlich","status":"publish","type":"post","link":"https:\/\/radioleinewelle.de\/index.php\/2020\/12\/19\/goettingen-interreligioeser-jahreskalender-2021-erhaeltlich\/","title":{"rendered":"G\u00f6ttingen: Interreligi\u00f6ser Jahreskalender 2021 erh\u00e4ltlich"},"content":{"rendered":"<div class=\"magazinetext\">\n<div class=\"magazineshorttext\">Der Interreligi\u00f6se Jahreskalender 2021 liegt vor. Der in diesem Jahr neu gestaltete Kalender beinhaltet die h\u00f6chsten Feier- und Festtage der in G\u00f6ttingen am h\u00e4ufigsten vertretenen Religionen, sodass diese beispielsweise bei Planungen ber\u00fccksichtigt werden k\u00f6nnen. Der Kalender wird bereits seit 2010 vom B\u00fcro f\u00fcr Integration der Stadt G\u00f6ttingen in Zusammenarbeit mit verschiedenen ortsans\u00e4ssigen Religionsgemeinschaften erstellt, um auf die interkulturelle und interreligi\u00f6se Vielfalt in G\u00f6ttingen aufmerksam zu machen.<\/div>\n<\/div>\n<div class=\"magazinetext\">\n<p>Die j\u00e4hrlich wechselnde Kurzinformation im Kalender besch\u00e4ftigt sich in diesem Jahr mit der von der Stadt G\u00f6ttingen im Jahr 2016 unterzeichneten Charta der Vielfalt. Mit dieser geht die Selbstverpflichtung einher, Diversit\u00e4ts- und Inklusionsarbeit innerhalb der Stadtverwaltung f\u00fcr die Mitarbeiter*innen sowie im externen Verh\u00e4ltnis f\u00fcr B\u00fcrger*innen in vielen unterschiedlichen Bereichen zu st\u00e4rken.\u00a0Gedruckte Exemplare werden an verschiedene Einrichtungen und Tr\u00e4ger verteilt. Der Interreligi\u00f6se Jahreskalender 2021 kann zudem kostenfrei im Foyer des Neuen Rathauses oder im B\u00fcro f\u00fcr Integration abgeholt werden. Eine PDF-Datei ist als <a class=\"intern\" title=\"Download auf der st\u00e4dtischen Webseite\" href=\"https:\/\/www.goettingen.de\/leben\/migration-integration\/integration\/freizeit-kultur-und-religion.html\" target=\"_blank\" rel=\"noopener\">Download auf der st\u00e4dtischen Webseite<\/a>\u00a0eingestellt.<\/p>\n<p>Bild von <a href=\"https:\/\/pixabay.com\/de\/users\/geralt-9301\/?utm_source=link-attribution&amp;utm_medium=referral&amp;utm_campaign=image&amp;utm_content=2679755\">Gerd Altmann<\/a> auf <a href=\"https:\/\/pixabay.com\/de\/?utm_source=link-attribution&amp;utm_medium=referral&amp;utm_campaign=image&amp;utm_content=2679755\">Pixabay<\/a><\/p>\n<\/div>\n","protected":false},"excerpt":{"rendered":"<p>Der Interreligi\u00f6se Jahreskalender 2021 liegt vor. Der in diesem Jahr neu gestaltete Kalender beinhaltet die h\u00f6chsten Feier- und Festtage der in G\u00f6ttingen am h\u00e4ufigsten vertretenen Religionen, sodass diese beispielsweise bei Planungen ber\u00fccksichtigt werden k\u00f6nnen. Der Kalender wird bereits seit 2010 vom B\u00fcro f\u00fcr Integration der Stadt G\u00f6ttingen in Zusammenarbeit mit verschiedenen ortsans\u00e4ssigen Religionsgemeinschaften erstellt, um [&hellip;]<\/p>\n","protected":false},"author":1,"featured_media":3623,"comment_status":"closed","ping_status":"closed","sticky":false,"template":"","format":"standard","meta":{"saved_in_kubio":false,"footnotes":""},"categories":[43],"tags":[],"class_list":["post-3621","post","type-post","status-publish","format-standard","has-post-thumbnail","hentry","category-migration"],"yoast_head":"<!-- This site is optimized with the Yoast SEO plugin v27.5 - https:\/\/yoast.com\/product\/yoast-seo-wordpress\/ -->\n<title>G\u00f6ttingen: Interreligi\u00f6ser Jahreskalender 2021 erh\u00e4ltlich - Radio Leinewelle<\/title>\n<meta name=\"robots\" content=\"index, follow, max-snippet:-1, max-image-preview:large, max-video-preview:-1\" \/>\n<link rel=\"canonical\" href=\"https:\/\/radioleinewelle.de\/index.php\/2020\/12\/19\/goettingen-interreligioeser-jahreskalender-2021-erhaeltlich\/\" \/>\n<meta property=\"og:locale\" content=\"de_DE\" \/>\n<meta property=\"og:type\" content=\"article\" \/>\n<meta property=\"og:title\" content=\"G\u00f6ttingen: Interreligi\u00f6ser Jahreskalender 2021 erh\u00e4ltlich - Radio Leinewelle\" \/>\n<meta property=\"og:description\" content=\"Der Interreligi\u00f6se Jahreskalender 2021 liegt vor. Der in diesem Jahr neu gestaltete Kalender beinhaltet die h\u00f6chsten Feier- und Festtage der in G\u00f6ttingen am h\u00e4ufigsten vertretenen Religionen, sodass diese beispielsweise bei Planungen ber\u00fccksichtigt werden k\u00f6nnen. Der Kalender wird bereits seit 2010 vom B\u00fcro f\u00fcr Integration der Stadt G\u00f6ttingen in Zusammenarbeit mit verschiedenen ortsans\u00e4ssigen Religionsgemeinschaften erstellt, um [&hellip;]\" \/>\n<meta property=\"og:url\" content=\"https:\/\/radioleinewelle.de\/index.php\/2020\/12\/19\/goettingen-interreligioeser-jahreskalender-2021-erhaeltlich\/\" \/>\n<meta property=\"og:site_name\" content=\"Radio Leinewelle\" \/>\n<meta property=\"article:publisher\" content=\"https:\/\/www.facebook.com\/radioleinewelle\" \/>\n<meta property=\"article:author\" content=\"https:\/\/www.facebook.com\/radioleinewelle\" \/>\n<meta property=\"article:published_time\" content=\"2020-12-19T04:30:22+00:00\" \/>\n<meta property=\"og:image\" content=\"https:\/\/radioleinewelle.de\/wp-content\/uploads\/2020\/12\/faces-2679755_640.jpg\" \/>\n\t<meta property=\"og:image:width\" content=\"640\" \/>\n\t<meta property=\"og:image:height\" content=\"426\" \/>\n\t<meta property=\"og:image:type\" content=\"image\/jpeg\" \/>\n<meta name=\"author\" content=\"Leinewelle\" \/>\n<meta name=\"twitter:card\" content=\"summary_large_image\" \/>\n<meta name=\"twitter:creator\" content=\"@https:\/\/twitter.com\/RLeinewelle?ref_src=twsrcgoogletwcampserptwgrauthor\" \/>\n<meta name=\"twitter:site\" content=\"@RLeinewelle\" \/>\n<meta name=\"twitter:label1\" content=\"Verfasst von\" \/>\n\t<meta name=\"twitter:data1\" content=\"Leinewelle\" \/>\n\t<meta name=\"twitter:label2\" content=\"Gesch\u00e4tzte Lesezeit\" \/>\n\t<meta name=\"twitter:data2\" content=\"1\u00a0Minute\" \/>\n<script type=\"application\/ld+json\" class=\"yoast-schema-graph\">{\"@context\":\"https:\\\/\\\/schema.org\",\"@graph\":[{\"@type\":\"Article\",\"@id\":\"https:\\\/\\\/radioleinewelle.de\\\/index.php\\\/2020\\\/12\\\/19\\\/goettingen-interreligioeser-jahreskalender-2021-erhaeltlich\\\/#article\",\"isPartOf\":{\"@id\":\"https:\\\/\\\/radioleinewelle.de\\\/index.php\\\/2020\\\/12\\\/19\\\/goettingen-interreligioeser-jahreskalender-2021-erhaeltlich\\\/\"},\"author\":{\"name\":\"Leinewelle\",\"@id\":\"https:\\\/\\\/radioleinewelle.de\\\/#\\\/schema\\\/person\\\/45606f348637df637192dc1b68399a63\"},\"headline\":\"G\u00f6ttingen: Interreligi\u00f6ser Jahreskalender 2021 erh\u00e4ltlich\",\"datePublished\":\"2020-12-19T04:30:22+00:00\",\"mainEntityOfPage\":{\"@id\":\"https:\\\/\\\/radioleinewelle.de\\\/index.php\\\/2020\\\/12\\\/19\\\/goettingen-interreligioeser-jahreskalender-2021-erhaeltlich\\\/\"},\"wordCount\":192,\"publisher\":{\"@id\":\"https:\\\/\\\/radioleinewelle.de\\\/#organization\"},\"image\":{\"@id\":\"https:\\\/\\\/radioleinewelle.de\\\/index.php\\\/2020\\\/12\\\/19\\\/goettingen-interreligioeser-jahreskalender-2021-erhaeltlich\\\/#primaryimage\"},\"thumbnailUrl\":\"https:\\\/\\\/radioleinewelle.de\\\/wp-content\\\/uploads\\\/2020\\\/12\\\/faces-2679755_640.jpg\",\"articleSection\":[\"Migration\"],\"inLanguage\":\"de\"},{\"@type\":\"WebPage\",\"@id\":\"https:\\\/\\\/radioleinewelle.de\\\/index.php\\\/2020\\\/12\\\/19\\\/goettingen-interreligioeser-jahreskalender-2021-erhaeltlich\\\/\",\"url\":\"https:\\\/\\\/radioleinewelle.de\\\/index.php\\\/2020\\\/12\\\/19\\\/goettingen-interreligioeser-jahreskalender-2021-erhaeltlich\\\/\",\"name\":\"G\u00f6ttingen: Interreligi\u00f6ser Jahreskalender 2021 erh\u00e4ltlich - Radio Leinewelle\",\"isPartOf\":{\"@id\":\"https:\\\/\\\/radioleinewelle.de\\\/#website\"},\"primaryImageOfPage\":{\"@id\":\"https:\\\/\\\/radioleinewelle.de\\\/index.php\\\/2020\\\/12\\\/19\\\/goettingen-interreligioeser-jahreskalender-2021-erhaeltlich\\\/#primaryimage\"},\"image\":{\"@id\":\"https:\\\/\\\/radioleinewelle.de\\\/index.php\\\/2020\\\/12\\\/19\\\/goettingen-interreligioeser-jahreskalender-2021-erhaeltlich\\\/#primaryimage\"},\"thumbnailUrl\":\"https:\\\/\\\/radioleinewelle.de\\\/wp-content\\\/uploads\\\/2020\\\/12\\\/faces-2679755_640.jpg\",\"datePublished\":\"2020-12-19T04:30:22+00:00\",\"breadcrumb\":{\"@id\":\"https:\\\/\\\/radioleinewelle.de\\\/index.php\\\/2020\\\/12\\\/19\\\/goettingen-interreligioeser-jahreskalender-2021-erhaeltlich\\\/#breadcrumb\"},\"inLanguage\":\"de\",\"potentialAction\":[{\"@type\":\"ReadAction\",\"target\":[\"https:\\\/\\\/radioleinewelle.de\\\/index.php\\\/2020\\\/12\\\/19\\\/goettingen-interreligioeser-jahreskalender-2021-erhaeltlich\\\/\"]}]},{\"@type\":\"ImageObject\",\"inLanguage\":\"de\",\"@id\":\"https:\\\/\\\/radioleinewelle.de\\\/index.php\\\/2020\\\/12\\\/19\\\/goettingen-interreligioeser-jahreskalender-2021-erhaeltlich\\\/#primaryimage\",\"url\":\"https:\\\/\\\/radioleinewelle.de\\\/wp-content\\\/uploads\\\/2020\\\/12\\\/faces-2679755_640.jpg\",\"contentUrl\":\"https:\\\/\\\/radioleinewelle.de\\\/wp-content\\\/uploads\\\/2020\\\/12\\\/faces-2679755_640.jpg\",\"width\":640,\"height\":426},{\"@type\":\"BreadcrumbList\",\"@id\":\"https:\\\/\\\/radioleinewelle.de\\\/index.php\\\/2020\\\/12\\\/19\\\/goettingen-interreligioeser-jahreskalender-2021-erhaeltlich\\\/#breadcrumb\",\"itemListElement\":[{\"@type\":\"ListItem\",\"position\":1,\"name\":\"Startseite\",\"item\":\"https:\\\/\\\/radioleinewelle.de\\\/\"},{\"@type\":\"ListItem\",\"position\":2,\"name\":\"G\u00f6ttingen: Interreligi\u00f6ser Jahreskalender 2021 erh\u00e4ltlich\"}]},{\"@type\":\"WebSite\",\"@id\":\"https:\\\/\\\/radioleinewelle.de\\\/#website\",\"url\":\"https:\\\/\\\/radioleinewelle.de\\\/\",\"name\":\"Radio Leinewelle\",\"description\":\"\",\"publisher\":{\"@id\":\"https:\\\/\\\/radioleinewelle.de\\\/#organization\"},\"potentialAction\":[{\"@type\":\"SearchAction\",\"target\":{\"@type\":\"EntryPoint\",\"urlTemplate\":\"https:\\\/\\\/radioleinewelle.de\\\/?s={search_term_string}\"},\"query-input\":{\"@type\":\"PropertyValueSpecification\",\"valueRequired\":true,\"valueName\":\"search_term_string\"}}],\"inLanguage\":\"de\"},{\"@type\":\"Organization\",\"@id\":\"https:\\\/\\\/radioleinewelle.de\\\/#organization\",\"name\":\"Radio Leinewelle\",\"alternateName\":\"Mein Radio f\u00fcr S\u00fcdniedersachsen\",\"url\":\"https:\\\/\\\/radioleinewelle.de\\\/\",\"logo\":{\"@type\":\"ImageObject\",\"inLanguage\":\"de\",\"@id\":\"https:\\\/\\\/radioleinewelle.de\\\/#\\\/schema\\\/logo\\\/image\\\/\",\"url\":\"https:\\\/\\\/radioleinewelle.de\\\/wp-content\\\/uploads\\\/2023\\\/11\\\/cropped-Leinewelle_Logo_weiss.png\",\"contentUrl\":\"https:\\\/\\\/radioleinewelle.de\\\/wp-content\\\/uploads\\\/2023\\\/11\\\/cropped-Leinewelle_Logo_weiss.png\",\"width\":854,\"height\":260,\"caption\":\"Radio Leinewelle\"},\"image\":{\"@id\":\"https:\\\/\\\/radioleinewelle.de\\\/#\\\/schema\\\/logo\\\/image\\\/\"},\"sameAs\":[\"https:\\\/\\\/www.facebook.com\\\/radioleinewelle\",\"https:\\\/\\\/x.com\\\/RLeinewelle\",\"https:\\\/\\\/www.instagram.com\\\/radioleinewelle\\\/?hl=de\"]},{\"@type\":\"Person\",\"@id\":\"https:\\\/\\\/radioleinewelle.de\\\/#\\\/schema\\\/person\\\/45606f348637df637192dc1b68399a63\",\"name\":\"Leinewelle\",\"image\":{\"@type\":\"ImageObject\",\"inLanguage\":\"de\",\"@id\":\"https:\\\/\\\/secure.gravatar.com\\\/avatar\\\/05c9a17bc973052ee5d91549bd32fb4dd0dc85b7b85ae94b2e2b4943476bbea5?s=96&d=blank&r=g\",\"url\":\"https:\\\/\\\/secure.gravatar.com\\\/avatar\\\/05c9a17bc973052ee5d91549bd32fb4dd0dc85b7b85ae94b2e2b4943476bbea5?s=96&d=blank&r=g\",\"contentUrl\":\"https:\\\/\\\/secure.gravatar.com\\\/avatar\\\/05c9a17bc973052ee5d91549bd32fb4dd0dc85b7b85ae94b2e2b4943476bbea5?s=96&d=blank&r=g\",\"caption\":\"Leinewelle\"},\"sameAs\":[\"http:\\\/\\\/localhost\\\/radio%20leinewelle\\\/wordpress\",\"https:\\\/\\\/www.facebook.com\\\/radioleinewelle\",\"https:\\\/\\\/www.instagram.com\\\/radioleinewelle\",\"https:\\\/\\\/x.com\\\/https:\\\/\\\/twitter.com\\\/RLeinewelle?ref_src=twsrcgoogletwcampserptwgrauthor\",\"https:\\\/\\\/soundcloud.com\\\/foerderverein-lokalradio?utm_source=clipboard&utm_medium=text&utm_campaign=social_sharing\"],\"url\":\"https:\\\/\\\/radioleinewelle.de\\\/index.php\\\/author\\\/leinewelle\\\/\"}]}<\/script>\n<!-- \/ Yoast SEO plugin. -->","yoast_head_json":{"title":"G\u00f6ttingen: Interreligi\u00f6ser Jahreskalender 2021 erh\u00e4ltlich - Radio Leinewelle","robots":{"index":"index","follow":"follow","max-snippet":"max-snippet:-1","max-image-preview":"max-image-preview:large","max-video-preview":"max-video-preview:-1"},"canonical":"https:\/\/radioleinewelle.de\/index.php\/2020\/12\/19\/goettingen-interreligioeser-jahreskalender-2021-erhaeltlich\/","og_locale":"de_DE","og_type":"article","og_title":"G\u00f6ttingen: Interreligi\u00f6ser Jahreskalender 2021 erh\u00e4ltlich - Radio Leinewelle","og_description":"Der Interreligi\u00f6se Jahreskalender 2021 liegt vor. Der in diesem Jahr neu gestaltete Kalender beinhaltet die h\u00f6chsten Feier- und Festtage der in G\u00f6ttingen am h\u00e4ufigsten vertretenen Religionen, sodass diese beispielsweise bei Planungen ber\u00fccksichtigt werden k\u00f6nnen. Der Kalender wird bereits seit 2010 vom B\u00fcro f\u00fcr Integration der Stadt G\u00f6ttingen in Zusammenarbeit mit verschiedenen ortsans\u00e4ssigen Religionsgemeinschaften erstellt, um [&hellip;]","og_url":"https:\/\/radioleinewelle.de\/index.php\/2020\/12\/19\/goettingen-interreligioeser-jahreskalender-2021-erhaeltlich\/","og_site_name":"Radio Leinewelle","article_publisher":"https:\/\/www.facebook.com\/radioleinewelle","article_author":"https:\/\/www.facebook.com\/radioleinewelle","article_published_time":"2020-12-19T04:30:22+00:00","og_image":[{"width":640,"height":426,"url":"https:\/\/radioleinewelle.de\/wp-content\/uploads\/2020\/12\/faces-2679755_640.jpg","type":"image\/jpeg"}],"author":"Leinewelle","twitter_card":"summary_large_image","twitter_creator":"@https:\/\/twitter.com\/RLeinewelle?ref_src=twsrcgoogletwcampserptwgrauthor","twitter_site":"@RLeinewelle","twitter_misc":{"Verfasst von":"Leinewelle","Gesch\u00e4tzte Lesezeit":"1\u00a0Minute"},"schema":{"@context":"https:\/\/schema.org","@graph":[{"@type":"Article","@id":"https:\/\/radioleinewelle.de\/index.php\/2020\/12\/19\/goettingen-interreligioeser-jahreskalender-2021-erhaeltlich\/#article","isPartOf":{"@id":"https:\/\/radioleinewelle.de\/index.php\/2020\/12\/19\/goettingen-interreligioeser-jahreskalender-2021-erhaeltlich\/"},"author":{"name":"Leinewelle","@id":"https:\/\/radioleinewelle.de\/#\/schema\/person\/45606f348637df637192dc1b68399a63"},"headline":"G\u00f6ttingen: Interreligi\u00f6ser Jahreskalender 2021 erh\u00e4ltlich","datePublished":"2020-12-19T04:30:22+00:00","mainEntityOfPage":{"@id":"https:\/\/radioleinewelle.de\/index.php\/2020\/12\/19\/goettingen-interreligioeser-jahreskalender-2021-erhaeltlich\/"},"wordCount":192,"publisher":{"@id":"https:\/\/radioleinewelle.de\/#organization"},"image":{"@id":"https:\/\/radioleinewelle.de\/index.php\/2020\/12\/19\/goettingen-interreligioeser-jahreskalender-2021-erhaeltlich\/#primaryimage"},"thumbnailUrl":"https:\/\/radioleinewelle.de\/wp-content\/uploads\/2020\/12\/faces-2679755_640.jpg","articleSection":["Migration"],"inLanguage":"de"},{"@type":"WebPage","@id":"https:\/\/radioleinewelle.de\/index.php\/2020\/12\/19\/goettingen-interreligioeser-jahreskalender-2021-erhaeltlich\/","url":"https:\/\/radioleinewelle.de\/index.php\/2020\/12\/19\/goettingen-interreligioeser-jahreskalender-2021-erhaeltlich\/","name":"G\u00f6ttingen: Interreligi\u00f6ser Jahreskalender 2021 erh\u00e4ltlich - Radio Leinewelle","isPartOf":{"@id":"https:\/\/radioleinewelle.de\/#website"},"primaryImageOfPage":{"@id":"https:\/\/radioleinewelle.de\/index.php\/2020\/12\/19\/goettingen-interreligioeser-jahreskalender-2021-erhaeltlich\/#primaryimage"},"image":{"@id":"https:\/\/radioleinewelle.de\/index.php\/2020\/12\/19\/goettingen-interreligioeser-jahreskalender-2021-erhaeltlich\/#primaryimage"},"thumbnailUrl":"https:\/\/radioleinewelle.de\/wp-content\/uploads\/2020\/12\/faces-2679755_640.jpg","datePublished":"2020-12-19T04:30:22+00:00","breadcrumb":{"@id":"https:\/\/radioleinewelle.de\/index.php\/2020\/12\/19\/goettingen-interreligioeser-jahreskalender-2021-erhaeltlich\/#breadcrumb"},"inLanguage":"de","potentialAction":[{"@type":"ReadAction","target":["https:\/\/radioleinewelle.de\/index.php\/2020\/12\/19\/goettingen-interreligioeser-jahreskalender-2021-erhaeltlich\/"]}]},{"@type":"ImageObject","inLanguage":"de","@id":"https:\/\/radioleinewelle.de\/index.php\/2020\/12\/19\/goettingen-interreligioeser-jahreskalender-2021-erhaeltlich\/#primaryimage","url":"https:\/\/radioleinewelle.de\/wp-content\/uploads\/2020\/12\/faces-2679755_640.jpg","contentUrl":"https:\/\/radioleinewelle.de\/wp-content\/uploads\/2020\/12\/faces-2679755_640.jpg","width":640,"height":426},{"@type":"BreadcrumbList","@id":"https:\/\/radioleinewelle.de\/index.php\/2020\/12\/19\/goettingen-interreligioeser-jahreskalender-2021-erhaeltlich\/#breadcrumb","itemListElement":[{"@type":"ListItem","position":1,"name":"Startseite","item":"https:\/\/radioleinewelle.de\/"},{"@type":"ListItem","position":2,"name":"G\u00f6ttingen: Interreligi\u00f6ser Jahreskalender 2021 erh\u00e4ltlich"}]},{"@type":"WebSite","@id":"https:\/\/radioleinewelle.de\/#website","url":"https:\/\/radioleinewelle.de\/","name":"Radio Leinewelle","description":"","publisher":{"@id":"https:\/\/radioleinewelle.de\/#organization"},"potentialAction":[{"@type":"SearchAction","target":{"@type":"EntryPoint","urlTemplate":"https:\/\/radioleinewelle.de\/?s={search_term_string}"},"query-input":{"@type":"PropertyValueSpecification","valueRequired":true,"valueName":"search_term_string"}}],"inLanguage":"de"},{"@type":"Organization","@id":"https:\/\/radioleinewelle.de\/#organization","name":"Radio Leinewelle","alternateName":"Mein Radio f\u00fcr S\u00fcdniedersachsen","url":"https:\/\/radioleinewelle.de\/","logo":{"@type":"ImageObject","inLanguage":"de","@id":"https:\/\/radioleinewelle.de\/#\/schema\/logo\/image\/","url":"https:\/\/radioleinewelle.de\/wp-content\/uploads\/2023\/11\/cropped-Leinewelle_Logo_weiss.png","contentUrl":"https:\/\/radioleinewelle.de\/wp-content\/uploads\/2023\/11\/cropped-Leinewelle_Logo_weiss.png","width":854,"height":260,"caption":"Radio Leinewelle"},"image":{"@id":"https:\/\/radioleinewelle.de\/#\/schema\/logo\/image\/"},"sameAs":["https:\/\/www.facebook.com\/radioleinewelle","https:\/\/x.com\/RLeinewelle","https:\/\/www.instagram.com\/radioleinewelle\/?hl=de"]},{"@type":"Person","@id":"https:\/\/radioleinewelle.de\/#\/schema\/person\/45606f348637df637192dc1b68399a63","name":"Leinewelle","image":{"@type":"ImageObject","inLanguage":"de","@id":"https:\/\/secure.gravatar.com\/avatar\/05c9a17bc973052ee5d91549bd32fb4dd0dc85b7b85ae94b2e2b4943476bbea5?s=96&d=blank&r=g","url":"https:\/\/secure.gravatar.com\/avatar\/05c9a17bc973052ee5d91549bd32fb4dd0dc85b7b85ae94b2e2b4943476bbea5?s=96&d=blank&r=g","contentUrl":"https:\/\/secure.gravatar.com\/avatar\/05c9a17bc973052ee5d91549bd32fb4dd0dc85b7b85ae94b2e2b4943476bbea5?s=96&d=blank&r=g","caption":"Leinewelle"},"sameAs":["http:\/\/localhost\/radio%20leinewelle\/wordpress","https:\/\/www.facebook.com\/radioleinewelle","https:\/\/www.instagram.com\/radioleinewelle","https:\/\/x.com\/https:\/\/twitter.com\/RLeinewelle?ref_src=twsrcgoogletwcampserptwgrauthor","https:\/\/soundcloud.com\/foerderverein-lokalradio?utm_source=clipboard&utm_medium=text&utm_campaign=social_sharing"],"url":"https:\/\/radioleinewelle.de\/index.php\/author\/leinewelle\/"}]}},"_links":{"self":[{"href":"https:\/\/radioleinewelle.de\/index.php\/wp-json\/wp\/v2\/posts\/3621","targetHints":{"allow":["GET"]}}],"collection":[{"href":"https:\/\/radioleinewelle.de\/index.php\/wp-json\/wp\/v2\/posts"}],"about":[{"href":"https:\/\/radioleinewelle.de\/index.php\/wp-json\/wp\/v2\/types\/post"}],"author":[{"embeddable":true,"href":"https:\/\/radioleinewelle.de\/index.php\/wp-json\/wp\/v2\/users\/1"}],"replies":[{"embeddable":true,"href":"https:\/\/radioleinewelle.de\/index.php\/wp-json\/wp\/v2\/comments?post=3621"}],"version-history":[{"count":0,"href":"https:\/\/radioleinewelle.de\/index.php\/wp-json\/wp\/v2\/posts\/3621\/revisions"}],"wp:featuredmedia":[{"embeddable":true,"href":"https:\/\/radioleinewelle.de\/index.php\/wp-json\/wp\/v2\/media\/3623"}],"wp:attachment":[{"href":"https:\/\/radioleinewelle.de\/index.php\/wp-json\/wp\/v2\/media?parent=3621"}],"wp:term":[{"taxonomy":"category","embeddable":true,"href":"https:\/\/radioleinewelle.de\/index.php\/wp-json\/wp\/v2\/categories?post=3621"},{"taxonomy":"post_tag","embeddable":true,"href":"https:\/\/radioleinewelle.de\/index.php\/wp-json\/wp\/v2\/tags?post=3621"}],"curies":[{"name":"wp","href":"https:\/\/api.w.org\/{rel}","templated":true}]}}