{"id":3627,"date":"2020-12-19T06:22:12","date_gmt":"2020-12-19T05:22:12","guid":{"rendered":"https:\/\/radioleinewelle.de\/?p=3627"},"modified":"2020-12-19T06:22:12","modified_gmt":"2020-12-19T05:22:12","slug":"goettingen-32-ratssitzung-in-der-lokhalle-haushalt-2021war-schwerpunkt","status":"publish","type":"post","link":"https:\/\/radioleinewelle.de\/index.php\/2020\/12\/19\/goettingen-32-ratssitzung-in-der-lokhalle-haushalt-2021war-schwerpunkt\/","title":{"rendered":"G\u00f6ttingen: 32. Ratssitzung in der Lokhalle &#8211; Haushalt 2021 war Schwerpunkt"},"content":{"rendered":"<p>In der 32. Ratssitzung haben Oberb\u00fcrgermeister Rolf-Georg K\u00f6hler und K\u00e4mmerer Christian Schmetz den Haushaltsentwurf f\u00fcr das Jahr 2021 eingebracht. Weitere Themen waren unter anderem der Wohnungsmarkt, das Klima und die Stra\u00dfenausbaubeitr\u00e4ge.<\/p>\n<h3>Haushalt 2021<\/h3>\n<p>Oberb\u00fcrgermeister K\u00f6hler hat in seiner Rede zur Haushaltseinbringung betont: \u201eDie derzeitige finanzielle Lage G\u00f6ttingens bleibt zun\u00e4chst schwierig. Schwierig f\u00fcr uns, schwierig f\u00fcr den Rat, schwierig f\u00fcr die Menschen in unserer Stadt. Die Corona-Pandemie stellt G\u00f6ttingen vor ungeahnte Herausforderungen. Sie hat Auswirkungen auf alle Bereiche des Lebens, also auch auf finanzielle Belange. Es gibt aber Lichtblicke am Horizont: Geld ist vorhanden. Aber: Weniger als geplant. Etwas mehr als bef\u00fcrchtet. Und mit zus\u00e4tzlichen Krediten und vielleicht sogar weiteren Rettungsschirmen hoffentlich ausreichend, um f\u00fcr die Menschen in dieser Stadt einen genehmigungsf\u00e4higen Haushalt 2021 aufzustellen.\u201c<\/p>\n<p>Die Beschl\u00fcsse (Ausz\u00fcge) im Einzelnen. Die kompletten Beratungen, sowie die Rede des Oberb\u00fcrgermeisters k\u00f6nnen auf den <a href=\"https:\/\/www.goettingen.de\/aktuelles\/haushalt-war-themenschwerpunkt-der-ratssitzung-2020-12-18.html\">Internetseiten der Stadt G\u00f6ttingen<\/a>\u00a0abgerufen werden.<\/p>\n<h3>&#8222;Fl\u00e4chen schonen, interkommunale Zusammenarbeit intensivieren&#8220;<\/h3>\n<p>G\u00f6ttingen soll mit seinen Nachbargemeinden, insbesondere Bovenden und Rosdorf zusammenarbeiten, um gemeinsam den Fl\u00e4chenverbrauch zu reduzieren. Das haben die B\u00fcndnis90\/Die Gr\u00fcnen im Rat beantragt. Absicht dahinter ist die Forderung nach einem Umdenken, wie mit der knappen Ressource Boden im fruchtbaren Leinetal umgegangen wird. Eine unn\u00f6tige Fl\u00e4chenversiegelung soll damit ein Ende haben, Umwelt- und Klimaschutz sollen wichtiger werden als die Eigeninteressen benachbarter Gemeinden und die Konkurrenz um die Ansiedlung gewerbesteuerzahlender Unternehmen. Nachhaltiges Fl\u00e4chenmanagement und Klimaschutz sollen bei der Stadt- und Regionalentwicklung viel st\u00e4rker handlungsleitend werden.<\/p>\n<p>Der Antrag wurde einstimmig in den Finanzausschuss \u00fcberwiesen.<\/p>\n<p>&nbsp;<\/p>\n<h3>&#8222;Quoten f\u00fcr Chancenlose auf dem Wohnungsmarkt \/ Gegen Diskriminierung auf dem Wohnungsmarkt&#8220;<\/h3>\n<p>Die G\u00f6Linke\/ALG-Ratsgruppe hat einen Antrag eingebracht, nachdem die Vertreter*innen der Wohnungswirtschaft im G\u00f6ttinger B\u00fcndnis f\u00fcr bezahlbaren Wohnraum aufgefordert werden sollen , einen festgelegten Prozentsatz der gef\u00f6rderten Sozialwohnungen an Menschen zu vermieten, die aufgrund ihrer sozialen Situation ansonsten keine Chance auf eine annehmbare eigene Wohnung haben. Hierzu soll die Verwaltung eine Vorlage erarbeiten, die im Sozialausschuss diskutiert werden soll. Im B\u00fcndnis f\u00fcr bezahlbaren Wohnraum soll dann eine entsprechende Quote ausgehandelt werden, die verbindlicher Teil der st\u00e4dtebaulichen Vertr\u00e4ge wird.<\/p>\n<p>Der Antrag wurde einstimmig an den Sozialausschuss \u00fcberwiesen.<\/p>\n<p>&nbsp;<\/p>\n<h3>&#8222;Tiny Houses in G\u00f6ttingen erm\u00f6glichen&#8220;<\/h3>\n<p>G\u00f6ttingen bekommt mindestens eine Tiny House Siedlung, wenn es nach der FDP-Fraktion geht und soweit es baurechtlich m\u00f6glich ist. In ihrem Antrag fordert die Fraktion die Verwaltung auf, im Rahmen des Baufl\u00e4chenmanagements Potentialfl\u00e4chen f\u00fcr Tiny Houses zu ermitteln und die M\u00f6glichkeiten besonders \u00f6kologischer Bauweise per Hinweiskatalog oder Beratung der Energieagentur zu beleuchten. Auch soll die Nachverdichtung auf bebauten Fl\u00e4chen durch Tiny Houses unterst\u00fctzt werden.<\/p>\n<p>Der Antrag wurde einstimmig an den Bauausschuss \u00fcberwiesen<\/p>\n<p>&nbsp;<\/p>\n<h3>&#8222;Bessere Arbeitsbedingungen f\u00fcr Einzelfallhelfer*innen\u201c<\/h3>\n<p>Die Verwaltung soll Richtlinien f\u00fcr die Hilfen zur Eingliederung erarbeiten. Die PARTEI-Ratsgruppe will erreichen, dass n den Richtlinien neben zu definierenden Ausbildungsstandards f\u00fcr Einzelfallhelfer*innen auch Regelungen verankert werden sollen, die Poolbildungen von Einzelfallhelfer*innen erm\u00f6glichen. Eine Entgeltfortzahlung bei Ausfall durch Erkrankung des Kindes soll darin festgeschrieben werden.<\/p>\n<p>Der Antrag wurde einm\u00fctig an den Jugendhilfeausschuss \u00fcberwiesen.<\/p>\n<p>&nbsp;<\/p>\n<h3>&#8222;Klima-Checkliste als eigene Datei im Ratsinformationssystem hinterlegen.&#8220;<\/h3>\n<p>Die Klima-Checkliste wird als eigene Anlage den entsprechenden Vorlagen im Ratsinformationssystem beigef\u00fcgt. Ratsherr Dr. Francisco Welter-Schultes begr\u00fcndet seinen Antrag wie folgt: Bei Bebauungspl\u00e4nen sei das zun\u00e4chst so gemacht worden. Sp\u00e4ter sei dazu \u00fcbergegangen worden, die Klima-Checkliste in einem der beiliegenden Textdokumente zu integrieren, wobei der Begriff &#8222;Klima-Checkliste&#8220; teilweise auch nicht im Inhaltsverzeichnis auftauchte. Die Klima-Checkliste interessiere die \u00d6ffentlichkeit immer mehr, so der Ratsherr. Es mache den Ratsmitgliedern Arbeit, wenn sie den B\u00fcrger*innen helfen m\u00fcssen, die Klima-Checkliste in einer der hinterlegten Dateien zu finden. Man m\u00fcsse Tricks kennen, um diese zu finden. Wenn sie schnell auffindbar seien, hilft das allen.<\/p>\n<p>Der Antrag wurde einstimmig in den Umweltausschuss \u00fcberwiesen.<\/p>\n<p>&nbsp;<\/p>\n<h3>&#8222;Abschaffung der Stra\u00dfenausbaubeitr\u00e4ge&#8220;<\/h3>\n<p>Die Erhebung von Stra\u00dfenausbaubeitr\u00e4gen soll nach dem gemeinsamen Antrag der CDU-, der B\u00fcndnis90\/Die Gr\u00fcnen-, der SPD- und FDP-Ratsfraktionen, der G\u00f6Linke\/ALG und PARTEI-Ratsgruppe sowie des Ratsherrn Dr. Francisco Welter-Schultes f\u00fcr Ma\u00dfnahmen entfallen, f\u00fcr die die sachliche Beitragspflicht nicht bis zum Ablauf des I. Quartales 2021 sp\u00e4testens entstanden ist. Eine Abschaffung der Stra\u00dfenausbaubeitr\u00e4ge erfolgt insoweit nicht r\u00fcckwirkend.<\/p>\n<p>Der Antrag wurde einm\u00fctig beschlossen.<\/p>\n<p>Foto: Stadt G\u00f6ttingen<\/p>\n","protected":false},"excerpt":{"rendered":"<p>In der 32. Ratssitzung haben Oberb\u00fcrgermeister Rolf-Georg K\u00f6hler und K\u00e4mmerer Christian Schmetz den Haushaltsentwurf f\u00fcr das Jahr 2021 eingebracht. Weitere Themen waren unter anderem der Wohnungsmarkt, das Klima und die Stra\u00dfenausbaubeitr\u00e4ge. Haushalt 2021 Oberb\u00fcrgermeister K\u00f6hler hat in seiner Rede zur Haushaltseinbringung betont: \u201eDie derzeitige finanzielle Lage G\u00f6ttingens bleibt zun\u00e4chst schwierig. Schwierig f\u00fcr uns, schwierig f\u00fcr [&hellip;]<\/p>\n","protected":false},"author":1,"featured_media":0,"comment_status":"closed","ping_status":"closed","sticky":false,"template":"","format":"standard","meta":{"saved_in_kubio":false,"footnotes":""},"categories":[39],"tags":[],"class_list":["post-3627","post","type-post","status-publish","format-standard","hentry","category-lokalpolitik"],"yoast_head":"<!-- This site is optimized with the Yoast SEO plugin v27.5 - https:\/\/yoast.com\/product\/yoast-seo-wordpress\/ -->\n<title>G\u00f6ttingen: 32. Ratssitzung in der Lokhalle - Haushalt 2021 war Schwerpunkt - Radio Leinewelle<\/title>\n<meta name=\"robots\" content=\"index, follow, max-snippet:-1, max-image-preview:large, max-video-preview:-1\" \/>\n<link rel=\"canonical\" href=\"https:\/\/radioleinewelle.de\/index.php\/2020\/12\/19\/goettingen-32-ratssitzung-in-der-lokhalle-haushalt-2021war-schwerpunkt\/\" \/>\n<meta property=\"og:locale\" content=\"de_DE\" \/>\n<meta property=\"og:type\" content=\"article\" \/>\n<meta property=\"og:title\" content=\"G\u00f6ttingen: 32. Ratssitzung in der Lokhalle - Haushalt 2021 war Schwerpunkt - Radio Leinewelle\" \/>\n<meta property=\"og:description\" content=\"In der 32. Ratssitzung haben Oberb\u00fcrgermeister Rolf-Georg K\u00f6hler und K\u00e4mmerer Christian Schmetz den Haushaltsentwurf f\u00fcr das Jahr 2021 eingebracht. Weitere Themen waren unter anderem der Wohnungsmarkt, das Klima und die Stra\u00dfenausbaubeitr\u00e4ge. Haushalt 2021 Oberb\u00fcrgermeister K\u00f6hler hat in seiner Rede zur Haushaltseinbringung betont: \u201eDie derzeitige finanzielle Lage G\u00f6ttingens bleibt zun\u00e4chst schwierig. Schwierig f\u00fcr uns, schwierig f\u00fcr [&hellip;]\" \/>\n<meta property=\"og:url\" content=\"https:\/\/radioleinewelle.de\/index.php\/2020\/12\/19\/goettingen-32-ratssitzung-in-der-lokhalle-haushalt-2021war-schwerpunkt\/\" \/>\n<meta property=\"og:site_name\" content=\"Radio Leinewelle\" \/>\n<meta property=\"article:publisher\" content=\"https:\/\/www.facebook.com\/radioleinewelle\" \/>\n<meta property=\"article:author\" content=\"https:\/\/www.facebook.com\/radioleinewelle\" \/>\n<meta property=\"article:published_time\" content=\"2020-12-19T05:22:12+00:00\" \/>\n<meta name=\"author\" content=\"Leinewelle\" \/>\n<meta name=\"twitter:card\" content=\"summary_large_image\" \/>\n<meta name=\"twitter:creator\" content=\"@https:\/\/twitter.com\/RLeinewelle?ref_src=twsrcgoogletwcampserptwgrauthor\" \/>\n<meta name=\"twitter:site\" content=\"@RLeinewelle\" \/>\n<meta name=\"twitter:label1\" content=\"Verfasst von\" \/>\n\t<meta name=\"twitter:data1\" content=\"Leinewelle\" \/>\n\t<meta name=\"twitter:label2\" content=\"Gesch\u00e4tzte Lesezeit\" \/>\n\t<meta name=\"twitter:data2\" content=\"4\u00a0Minuten\" \/>\n<script type=\"application\/ld+json\" class=\"yoast-schema-graph\">{\"@context\":\"https:\\\/\\\/schema.org\",\"@graph\":[{\"@type\":\"Article\",\"@id\":\"https:\\\/\\\/radioleinewelle.de\\\/index.php\\\/2020\\\/12\\\/19\\\/goettingen-32-ratssitzung-in-der-lokhalle-haushalt-2021war-schwerpunkt\\\/#article\",\"isPartOf\":{\"@id\":\"https:\\\/\\\/radioleinewelle.de\\\/index.php\\\/2020\\\/12\\\/19\\\/goettingen-32-ratssitzung-in-der-lokhalle-haushalt-2021war-schwerpunkt\\\/\"},\"author\":{\"name\":\"Leinewelle\",\"@id\":\"https:\\\/\\\/radioleinewelle.de\\\/#\\\/schema\\\/person\\\/45606f348637df637192dc1b68399a63\"},\"headline\":\"G\u00f6ttingen: 32. Ratssitzung in der Lokhalle &#8211; Haushalt 2021 war Schwerpunkt\",\"datePublished\":\"2020-12-19T05:22:12+00:00\",\"mainEntityOfPage\":{\"@id\":\"https:\\\/\\\/radioleinewelle.de\\\/index.php\\\/2020\\\/12\\\/19\\\/goettingen-32-ratssitzung-in-der-lokhalle-haushalt-2021war-schwerpunkt\\\/\"},\"wordCount\":753,\"publisher\":{\"@id\":\"https:\\\/\\\/radioleinewelle.de\\\/#organization\"},\"articleSection\":[\"Lokalpolitik\"],\"inLanguage\":\"de\"},{\"@type\":\"WebPage\",\"@id\":\"https:\\\/\\\/radioleinewelle.de\\\/index.php\\\/2020\\\/12\\\/19\\\/goettingen-32-ratssitzung-in-der-lokhalle-haushalt-2021war-schwerpunkt\\\/\",\"url\":\"https:\\\/\\\/radioleinewelle.de\\\/index.php\\\/2020\\\/12\\\/19\\\/goettingen-32-ratssitzung-in-der-lokhalle-haushalt-2021war-schwerpunkt\\\/\",\"name\":\"G\u00f6ttingen: 32. Ratssitzung in der Lokhalle - Haushalt 2021 war Schwerpunkt - Radio Leinewelle\",\"isPartOf\":{\"@id\":\"https:\\\/\\\/radioleinewelle.de\\\/#website\"},\"datePublished\":\"2020-12-19T05:22:12+00:00\",\"breadcrumb\":{\"@id\":\"https:\\\/\\\/radioleinewelle.de\\\/index.php\\\/2020\\\/12\\\/19\\\/goettingen-32-ratssitzung-in-der-lokhalle-haushalt-2021war-schwerpunkt\\\/#breadcrumb\"},\"inLanguage\":\"de\",\"potentialAction\":[{\"@type\":\"ReadAction\",\"target\":[\"https:\\\/\\\/radioleinewelle.de\\\/index.php\\\/2020\\\/12\\\/19\\\/goettingen-32-ratssitzung-in-der-lokhalle-haushalt-2021war-schwerpunkt\\\/\"]}]},{\"@type\":\"BreadcrumbList\",\"@id\":\"https:\\\/\\\/radioleinewelle.de\\\/index.php\\\/2020\\\/12\\\/19\\\/goettingen-32-ratssitzung-in-der-lokhalle-haushalt-2021war-schwerpunkt\\\/#breadcrumb\",\"itemListElement\":[{\"@type\":\"ListItem\",\"position\":1,\"name\":\"Startseite\",\"item\":\"https:\\\/\\\/radioleinewelle.de\\\/\"},{\"@type\":\"ListItem\",\"position\":2,\"name\":\"G\u00f6ttingen: 32. Ratssitzung in der Lokhalle &#8211; Haushalt 2021 war Schwerpunkt\"}]},{\"@type\":\"WebSite\",\"@id\":\"https:\\\/\\\/radioleinewelle.de\\\/#website\",\"url\":\"https:\\\/\\\/radioleinewelle.de\\\/\",\"name\":\"Radio Leinewelle\",\"description\":\"\",\"publisher\":{\"@id\":\"https:\\\/\\\/radioleinewelle.de\\\/#organization\"},\"potentialAction\":[{\"@type\":\"SearchAction\",\"target\":{\"@type\":\"EntryPoint\",\"urlTemplate\":\"https:\\\/\\\/radioleinewelle.de\\\/?s={search_term_string}\"},\"query-input\":{\"@type\":\"PropertyValueSpecification\",\"valueRequired\":true,\"valueName\":\"search_term_string\"}}],\"inLanguage\":\"de\"},{\"@type\":\"Organization\",\"@id\":\"https:\\\/\\\/radioleinewelle.de\\\/#organization\",\"name\":\"Radio Leinewelle\",\"alternateName\":\"Mein Radio f\u00fcr S\u00fcdniedersachsen\",\"url\":\"https:\\\/\\\/radioleinewelle.de\\\/\",\"logo\":{\"@type\":\"ImageObject\",\"inLanguage\":\"de\",\"@id\":\"https:\\\/\\\/radioleinewelle.de\\\/#\\\/schema\\\/logo\\\/image\\\/\",\"url\":\"https:\\\/\\\/radioleinewelle.de\\\/wp-content\\\/uploads\\\/2023\\\/11\\\/cropped-Leinewelle_Logo_weiss.png\",\"contentUrl\":\"https:\\\/\\\/radioleinewelle.de\\\/wp-content\\\/uploads\\\/2023\\\/11\\\/cropped-Leinewelle_Logo_weiss.png\",\"width\":854,\"height\":260,\"caption\":\"Radio Leinewelle\"},\"image\":{\"@id\":\"https:\\\/\\\/radioleinewelle.de\\\/#\\\/schema\\\/logo\\\/image\\\/\"},\"sameAs\":[\"https:\\\/\\\/www.facebook.com\\\/radioleinewelle\",\"https:\\\/\\\/x.com\\\/RLeinewelle\",\"https:\\\/\\\/www.instagram.com\\\/radioleinewelle\\\/?hl=de\"]},{\"@type\":\"Person\",\"@id\":\"https:\\\/\\\/radioleinewelle.de\\\/#\\\/schema\\\/person\\\/45606f348637df637192dc1b68399a63\",\"name\":\"Leinewelle\",\"image\":{\"@type\":\"ImageObject\",\"inLanguage\":\"de\",\"@id\":\"https:\\\/\\\/secure.gravatar.com\\\/avatar\\\/05c9a17bc973052ee5d91549bd32fb4dd0dc85b7b85ae94b2e2b4943476bbea5?s=96&d=blank&r=g\",\"url\":\"https:\\\/\\\/secure.gravatar.com\\\/avatar\\\/05c9a17bc973052ee5d91549bd32fb4dd0dc85b7b85ae94b2e2b4943476bbea5?s=96&d=blank&r=g\",\"contentUrl\":\"https:\\\/\\\/secure.gravatar.com\\\/avatar\\\/05c9a17bc973052ee5d91549bd32fb4dd0dc85b7b85ae94b2e2b4943476bbea5?s=96&d=blank&r=g\",\"caption\":\"Leinewelle\"},\"sameAs\":[\"http:\\\/\\\/localhost\\\/radio%20leinewelle\\\/wordpress\",\"https:\\\/\\\/www.facebook.com\\\/radioleinewelle\",\"https:\\\/\\\/www.instagram.com\\\/radioleinewelle\",\"https:\\\/\\\/x.com\\\/https:\\\/\\\/twitter.com\\\/RLeinewelle?ref_src=twsrcgoogletwcampserptwgrauthor\",\"https:\\\/\\\/soundcloud.com\\\/foerderverein-lokalradio?utm_source=clipboard&utm_medium=text&utm_campaign=social_sharing\"],\"url\":\"https:\\\/\\\/radioleinewelle.de\\\/index.php\\\/author\\\/leinewelle\\\/\"}]}<\/script>\n<!-- \/ Yoast SEO plugin. -->","yoast_head_json":{"title":"G\u00f6ttingen: 32. Ratssitzung in der Lokhalle - Haushalt 2021 war Schwerpunkt - Radio Leinewelle","robots":{"index":"index","follow":"follow","max-snippet":"max-snippet:-1","max-image-preview":"max-image-preview:large","max-video-preview":"max-video-preview:-1"},"canonical":"https:\/\/radioleinewelle.de\/index.php\/2020\/12\/19\/goettingen-32-ratssitzung-in-der-lokhalle-haushalt-2021war-schwerpunkt\/","og_locale":"de_DE","og_type":"article","og_title":"G\u00f6ttingen: 32. Ratssitzung in der Lokhalle - Haushalt 2021 war Schwerpunkt - Radio Leinewelle","og_description":"In der 32. Ratssitzung haben Oberb\u00fcrgermeister Rolf-Georg K\u00f6hler und K\u00e4mmerer Christian Schmetz den Haushaltsentwurf f\u00fcr das Jahr 2021 eingebracht. Weitere Themen waren unter anderem der Wohnungsmarkt, das Klima und die Stra\u00dfenausbaubeitr\u00e4ge. Haushalt 2021 Oberb\u00fcrgermeister K\u00f6hler hat in seiner Rede zur Haushaltseinbringung betont: \u201eDie derzeitige finanzielle Lage G\u00f6ttingens bleibt zun\u00e4chst schwierig. Schwierig f\u00fcr uns, schwierig f\u00fcr [&hellip;]","og_url":"https:\/\/radioleinewelle.de\/index.php\/2020\/12\/19\/goettingen-32-ratssitzung-in-der-lokhalle-haushalt-2021war-schwerpunkt\/","og_site_name":"Radio Leinewelle","article_publisher":"https:\/\/www.facebook.com\/radioleinewelle","article_author":"https:\/\/www.facebook.com\/radioleinewelle","article_published_time":"2020-12-19T05:22:12+00:00","author":"Leinewelle","twitter_card":"summary_large_image","twitter_creator":"@https:\/\/twitter.com\/RLeinewelle?ref_src=twsrcgoogletwcampserptwgrauthor","twitter_site":"@RLeinewelle","twitter_misc":{"Verfasst von":"Leinewelle","Gesch\u00e4tzte Lesezeit":"4\u00a0Minuten"},"schema":{"@context":"https:\/\/schema.org","@graph":[{"@type":"Article","@id":"https:\/\/radioleinewelle.de\/index.php\/2020\/12\/19\/goettingen-32-ratssitzung-in-der-lokhalle-haushalt-2021war-schwerpunkt\/#article","isPartOf":{"@id":"https:\/\/radioleinewelle.de\/index.php\/2020\/12\/19\/goettingen-32-ratssitzung-in-der-lokhalle-haushalt-2021war-schwerpunkt\/"},"author":{"name":"Leinewelle","@id":"https:\/\/radioleinewelle.de\/#\/schema\/person\/45606f348637df637192dc1b68399a63"},"headline":"G\u00f6ttingen: 32. Ratssitzung in der Lokhalle &#8211; Haushalt 2021 war Schwerpunkt","datePublished":"2020-12-19T05:22:12+00:00","mainEntityOfPage":{"@id":"https:\/\/radioleinewelle.de\/index.php\/2020\/12\/19\/goettingen-32-ratssitzung-in-der-lokhalle-haushalt-2021war-schwerpunkt\/"},"wordCount":753,"publisher":{"@id":"https:\/\/radioleinewelle.de\/#organization"},"articleSection":["Lokalpolitik"],"inLanguage":"de"},{"@type":"WebPage","@id":"https:\/\/radioleinewelle.de\/index.php\/2020\/12\/19\/goettingen-32-ratssitzung-in-der-lokhalle-haushalt-2021war-schwerpunkt\/","url":"https:\/\/radioleinewelle.de\/index.php\/2020\/12\/19\/goettingen-32-ratssitzung-in-der-lokhalle-haushalt-2021war-schwerpunkt\/","name":"G\u00f6ttingen: 32. Ratssitzung in der Lokhalle - Haushalt 2021 war Schwerpunkt - Radio Leinewelle","isPartOf":{"@id":"https:\/\/radioleinewelle.de\/#website"},"datePublished":"2020-12-19T05:22:12+00:00","breadcrumb":{"@id":"https:\/\/radioleinewelle.de\/index.php\/2020\/12\/19\/goettingen-32-ratssitzung-in-der-lokhalle-haushalt-2021war-schwerpunkt\/#breadcrumb"},"inLanguage":"de","potentialAction":[{"@type":"ReadAction","target":["https:\/\/radioleinewelle.de\/index.php\/2020\/12\/19\/goettingen-32-ratssitzung-in-der-lokhalle-haushalt-2021war-schwerpunkt\/"]}]},{"@type":"BreadcrumbList","@id":"https:\/\/radioleinewelle.de\/index.php\/2020\/12\/19\/goettingen-32-ratssitzung-in-der-lokhalle-haushalt-2021war-schwerpunkt\/#breadcrumb","itemListElement":[{"@type":"ListItem","position":1,"name":"Startseite","item":"https:\/\/radioleinewelle.de\/"},{"@type":"ListItem","position":2,"name":"G\u00f6ttingen: 32. Ratssitzung in der Lokhalle &#8211; Haushalt 2021 war Schwerpunkt"}]},{"@type":"WebSite","@id":"https:\/\/radioleinewelle.de\/#website","url":"https:\/\/radioleinewelle.de\/","name":"Radio Leinewelle","description":"","publisher":{"@id":"https:\/\/radioleinewelle.de\/#organization"},"potentialAction":[{"@type":"SearchAction","target":{"@type":"EntryPoint","urlTemplate":"https:\/\/radioleinewelle.de\/?s={search_term_string}"},"query-input":{"@type":"PropertyValueSpecification","valueRequired":true,"valueName":"search_term_string"}}],"inLanguage":"de"},{"@type":"Organization","@id":"https:\/\/radioleinewelle.de\/#organization","name":"Radio Leinewelle","alternateName":"Mein Radio f\u00fcr S\u00fcdniedersachsen","url":"https:\/\/radioleinewelle.de\/","logo":{"@type":"ImageObject","inLanguage":"de","@id":"https:\/\/radioleinewelle.de\/#\/schema\/logo\/image\/","url":"https:\/\/radioleinewelle.de\/wp-content\/uploads\/2023\/11\/cropped-Leinewelle_Logo_weiss.png","contentUrl":"https:\/\/radioleinewelle.de\/wp-content\/uploads\/2023\/11\/cropped-Leinewelle_Logo_weiss.png","width":854,"height":260,"caption":"Radio Leinewelle"},"image":{"@id":"https:\/\/radioleinewelle.de\/#\/schema\/logo\/image\/"},"sameAs":["https:\/\/www.facebook.com\/radioleinewelle","https:\/\/x.com\/RLeinewelle","https:\/\/www.instagram.com\/radioleinewelle\/?hl=de"]},{"@type":"Person","@id":"https:\/\/radioleinewelle.de\/#\/schema\/person\/45606f348637df637192dc1b68399a63","name":"Leinewelle","image":{"@type":"ImageObject","inLanguage":"de","@id":"https:\/\/secure.gravatar.com\/avatar\/05c9a17bc973052ee5d91549bd32fb4dd0dc85b7b85ae94b2e2b4943476bbea5?s=96&d=blank&r=g","url":"https:\/\/secure.gravatar.com\/avatar\/05c9a17bc973052ee5d91549bd32fb4dd0dc85b7b85ae94b2e2b4943476bbea5?s=96&d=blank&r=g","contentUrl":"https:\/\/secure.gravatar.com\/avatar\/05c9a17bc973052ee5d91549bd32fb4dd0dc85b7b85ae94b2e2b4943476bbea5?s=96&d=blank&r=g","caption":"Leinewelle"},"sameAs":["http:\/\/localhost\/radio%20leinewelle\/wordpress","https:\/\/www.facebook.com\/radioleinewelle","https:\/\/www.instagram.com\/radioleinewelle","https:\/\/x.com\/https:\/\/twitter.com\/RLeinewelle?ref_src=twsrcgoogletwcampserptwgrauthor","https:\/\/soundcloud.com\/foerderverein-lokalradio?utm_source=clipboard&utm_medium=text&utm_campaign=social_sharing"],"url":"https:\/\/radioleinewelle.de\/index.php\/author\/leinewelle\/"}]}},"_links":{"self":[{"href":"https:\/\/radioleinewelle.de\/index.php\/wp-json\/wp\/v2\/posts\/3627","targetHints":{"allow":["GET"]}}],"collection":[{"href":"https:\/\/radioleinewelle.de\/index.php\/wp-json\/wp\/v2\/posts"}],"about":[{"href":"https:\/\/radioleinewelle.de\/index.php\/wp-json\/wp\/v2\/types\/post"}],"author":[{"embeddable":true,"href":"https:\/\/radioleinewelle.de\/index.php\/wp-json\/wp\/v2\/users\/1"}],"replies":[{"embeddable":true,"href":"https:\/\/radioleinewelle.de\/index.php\/wp-json\/wp\/v2\/comments?post=3627"}],"version-history":[{"count":0,"href":"https:\/\/radioleinewelle.de\/index.php\/wp-json\/wp\/v2\/posts\/3627\/revisions"}],"wp:attachment":[{"href":"https:\/\/radioleinewelle.de\/index.php\/wp-json\/wp\/v2\/media?parent=3627"}],"wp:term":[{"taxonomy":"category","embeddable":true,"href":"https:\/\/radioleinewelle.de\/index.php\/wp-json\/wp\/v2\/categories?post=3627"},{"taxonomy":"post_tag","embeddable":true,"href":"https:\/\/radioleinewelle.de\/index.php\/wp-json\/wp\/v2\/tags?post=3627"}],"curies":[{"name":"wp","href":"https:\/\/api.w.org\/{rel}","templated":true}]}}