{"id":3633,"date":"2020-12-20T05:04:46","date_gmt":"2020-12-20T04:04:46","guid":{"rendered":"https:\/\/radioleinewelle.de\/?p=3633"},"modified":"2020-12-20T05:04:46","modified_gmt":"2020-12-20T04:04:46","slug":"niedersachsen-schnellkredit-fuer-gemeinnuetzige-organisationen-in-niedersachsen-bis-zum-30-06-2021-verlaengert","status":"publish","type":"post","link":"https:\/\/radioleinewelle.de\/index.php\/2020\/12\/20\/niedersachsen-schnellkredit-fuer-gemeinnuetzige-organisationen-in-niedersachsen-bis-zum-30-06-2021-verlaengert\/","title":{"rendered":"Niedersachsen-Schnellkredit f\u00fcr Gemeinn\u00fctzige Organisationen in Niedersachsen bis zum 30.06.2021 verl\u00e4ngert"},"content":{"rendered":"<p>Niedersachsen ist eines der sechs Bundesl\u00e4nder, in denen das KfW-Sonderprogramm f\u00fcr gemeinn\u00fctzige Organisationen umgesetzt wird. Bislang wurden in der kurzen Zeit, seitdem die Beantragung m\u00f6glich ist, 13 Antr\u00e4ge mit einem F\u00f6rdervolumen in H\u00f6he von 4,45 Millionen Euro bewilligt. Um dem Bedarf gerecht zu werden und die aktuelle Situation einer weiter anhaltenden Corona-Pandemie zu ber\u00fccksichtigen, wird die F\u00f6rderung \u00fcber das Jahresende bis zum 30.06.2021 ausgedehnt.<\/p>\n<p>Dr. Carola Reimann, Nieders\u00e4chsische Sozialministerin, betont die Wichtigkeit der F\u00f6rderung: \u201eEs werden immer mehr Stimmen laut, die auf m\u00f6gliche Folgen der Corona-Pandemie f\u00fcr den gesellschaftlichen Zusammenhalt hinweisen. Die Bedeutung des gemeinn\u00fctzigen Sektors d\u00fcrfte noch an Bedeutung gewinnen. Es ist wichtig, diese Arbeit dauerhaft abzusichern und deshalb ist die Verl\u00e4ngerung des Nieders\u00e4chsischen Schnellkredits f\u00fcr gemeinn\u00fctzige Organisationen nur folgerichtig.\u201c<\/p>\n<p>Dr. Ulf Meier, Vorstandsmitglied der NBank, erkl\u00e4rt, \u201eGemeinn\u00fctzige Organisationen sind ein St\u00fctzpfeiler der Gesellschaft. Daher ist ihre finanzielle Unterst\u00fctzung in Zeiten, in denen notwendige Einnahmen nicht mehr vorhanden sind oder wegbrechen, unbedingt erforderlich. Im Vergleich der Bundesl\u00e4nder nehmen die nieders\u00e4chsischen Organisationen die Unterst\u00fctzung besonders stark in Anspruch. Dies unterstreicht, wie wichtig die F\u00f6rderung in unserem Bundesland ist.\u201c<\/p>\n<p><span class=\"c1\">Hintergrundinformation:<\/span><br \/>\n<strong>Das F\u00f6rderangebot richtet sich an gemeinn\u00fctzige Organisationen, die bedingt durch die Corona-Krise vor\u00fcbergehende Finanzierungsschwierigkeiten haben.<\/strong> Strukturelle Schwierigkeiten bleiben bei der Bewertung, ob eine F\u00f6rderung m\u00f6glich ist, au\u00dfen vor.\u00a0Gef\u00f6rdert werden laufende Kosten (Betriebsmittel) sowie kurzfristig anstehende Anschaffungen (Investitionen) in die soziale Infrastruktur. Unter bestimmten Kriterien sind Geh\u00e4lter, L\u00f6hne sowie Honorare f\u00fcr freie Mitarbeiterinnen und Mitarbeiter f\u00f6rderf\u00e4hig. Insgesamt k\u00f6nnen Darlehen zwischen 10.000 Euro und 800.000 Euro mit Laufzeiten von f\u00fcnf, sieben oder zehn Jahren beantragt werden.\u00a0Der Antrag kann \u00fcber das Kundenportal der NBank schnell und komplikationslos gestellt werden. Ein <a href=\"https:\/\/youtu.be\/fYX8noZbwYA\" target=\"_blank\" rel=\"noopener\">Erkl\u00e4rvideo<\/a>gibt zielgenaue Instruktionen.<\/p>\n<p>Bild von <a href=\"https:\/\/pixabay.com\/de\/users\/publicdomainpictures-14\/?utm_source=link-attribution&amp;utm_medium=referral&amp;utm_campaign=image&amp;utm_content=2321\">PublicDomainPictures<\/a> auf <a href=\"https:\/\/pixabay.com\/de\/?utm_source=link-attribution&amp;utm_medium=referral&amp;utm_campaign=image&amp;utm_content=2321\">Pixabay<\/a><\/p>\n","protected":false},"excerpt":{"rendered":"<p>Niedersachsen ist eines der sechs Bundesl\u00e4nder, in denen das KfW-Sonderprogramm f\u00fcr gemeinn\u00fctzige Organisationen umgesetzt wird. Bislang wurden in der kurzen Zeit, seitdem die Beantragung m\u00f6glich ist, 13 Antr\u00e4ge mit einem F\u00f6rdervolumen in H\u00f6he von 4,45 Millionen Euro bewilligt. Um dem Bedarf gerecht zu werden und die aktuelle Situation einer weiter anhaltenden Corona-Pandemie zu ber\u00fccksichtigen, wird [&hellip;]<\/p>\n","protected":false},"author":1,"featured_media":3635,"comment_status":"closed","ping_status":"closed","sticky":false,"template":"","format":"standard","meta":{"saved_in_kubio":false,"footnotes":""},"categories":[23],"tags":[],"class_list":["post-3633","post","type-post","status-publish","format-standard","has-post-thumbnail","hentry","category-corona"],"yoast_head":"<!-- This site is optimized with the Yoast SEO plugin v27.5 - https:\/\/yoast.com\/product\/yoast-seo-wordpress\/ -->\n<title>Niedersachsen-Schnellkredit f\u00fcr Gemeinn\u00fctzige Organisationen in Niedersachsen bis zum 30.06.2021 verl\u00e4ngert - Radio Leinewelle<\/title>\n<meta name=\"robots\" content=\"index, follow, max-snippet:-1, max-image-preview:large, max-video-preview:-1\" \/>\n<link rel=\"canonical\" href=\"https:\/\/radioleinewelle.de\/index.php\/2020\/12\/20\/niedersachsen-schnellkredit-fuer-gemeinnuetzige-organisationen-in-niedersachsen-bis-zum-30-06-2021-verlaengert\/\" \/>\n<meta property=\"og:locale\" content=\"de_DE\" \/>\n<meta property=\"og:type\" content=\"article\" \/>\n<meta property=\"og:title\" content=\"Niedersachsen-Schnellkredit f\u00fcr Gemeinn\u00fctzige Organisationen in Niedersachsen bis zum 30.06.2021 verl\u00e4ngert - Radio Leinewelle\" \/>\n<meta property=\"og:description\" content=\"Niedersachsen ist eines der sechs Bundesl\u00e4nder, in denen das KfW-Sonderprogramm f\u00fcr gemeinn\u00fctzige Organisationen umgesetzt wird. Bislang wurden in der kurzen Zeit, seitdem die Beantragung m\u00f6glich ist, 13 Antr\u00e4ge mit einem F\u00f6rdervolumen in H\u00f6he von 4,45 Millionen Euro bewilligt. Um dem Bedarf gerecht zu werden und die aktuelle Situation einer weiter anhaltenden Corona-Pandemie zu ber\u00fccksichtigen, wird [&hellip;]\" \/>\n<meta property=\"og:url\" content=\"https:\/\/radioleinewelle.de\/index.php\/2020\/12\/20\/niedersachsen-schnellkredit-fuer-gemeinnuetzige-organisationen-in-niedersachsen-bis-zum-30-06-2021-verlaengert\/\" \/>\n<meta property=\"og:site_name\" content=\"Radio Leinewelle\" \/>\n<meta property=\"article:publisher\" content=\"https:\/\/www.facebook.com\/radioleinewelle\" \/>\n<meta property=\"article:author\" content=\"https:\/\/www.facebook.com\/radioleinewelle\" \/>\n<meta property=\"article:published_time\" content=\"2020-12-20T04:04:46+00:00\" \/>\n<meta property=\"og:image\" content=\"https:\/\/radioleinewelle.de\/wp-content\/uploads\/2020\/12\/background-2321_640.jpg\" \/>\n\t<meta property=\"og:image:width\" content=\"640\" \/>\n\t<meta property=\"og:image:height\" content=\"426\" \/>\n\t<meta property=\"og:image:type\" content=\"image\/jpeg\" \/>\n<meta name=\"author\" content=\"Leinewelle\" \/>\n<meta name=\"twitter:card\" content=\"summary_large_image\" \/>\n<meta name=\"twitter:creator\" content=\"@https:\/\/twitter.com\/RLeinewelle?ref_src=twsrcgoogletwcampserptwgrauthor\" \/>\n<meta name=\"twitter:site\" content=\"@RLeinewelle\" \/>\n<meta name=\"twitter:label1\" content=\"Verfasst von\" \/>\n\t<meta name=\"twitter:data1\" content=\"Leinewelle\" \/>\n\t<meta name=\"twitter:label2\" content=\"Gesch\u00e4tzte Lesezeit\" \/>\n\t<meta name=\"twitter:data2\" content=\"2\u00a0Minuten\" \/>\n<script type=\"application\/ld+json\" class=\"yoast-schema-graph\">{\"@context\":\"https:\\\/\\\/schema.org\",\"@graph\":[{\"@type\":\"Article\",\"@id\":\"https:\\\/\\\/radioleinewelle.de\\\/index.php\\\/2020\\\/12\\\/20\\\/niedersachsen-schnellkredit-fuer-gemeinnuetzige-organisationen-in-niedersachsen-bis-zum-30-06-2021-verlaengert\\\/#article\",\"isPartOf\":{\"@id\":\"https:\\\/\\\/radioleinewelle.de\\\/index.php\\\/2020\\\/12\\\/20\\\/niedersachsen-schnellkredit-fuer-gemeinnuetzige-organisationen-in-niedersachsen-bis-zum-30-06-2021-verlaengert\\\/\"},\"author\":{\"name\":\"Leinewelle\",\"@id\":\"https:\\\/\\\/radioleinewelle.de\\\/#\\\/schema\\\/person\\\/45606f348637df637192dc1b68399a63\"},\"headline\":\"Niedersachsen-Schnellkredit f\u00fcr Gemeinn\u00fctzige Organisationen in Niedersachsen bis zum 30.06.2021 verl\u00e4ngert\",\"datePublished\":\"2020-12-20T04:04:46+00:00\",\"mainEntityOfPage\":{\"@id\":\"https:\\\/\\\/radioleinewelle.de\\\/index.php\\\/2020\\\/12\\\/20\\\/niedersachsen-schnellkredit-fuer-gemeinnuetzige-organisationen-in-niedersachsen-bis-zum-30-06-2021-verlaengert\\\/\"},\"wordCount\":325,\"publisher\":{\"@id\":\"https:\\\/\\\/radioleinewelle.de\\\/#organization\"},\"image\":{\"@id\":\"https:\\\/\\\/radioleinewelle.de\\\/index.php\\\/2020\\\/12\\\/20\\\/niedersachsen-schnellkredit-fuer-gemeinnuetzige-organisationen-in-niedersachsen-bis-zum-30-06-2021-verlaengert\\\/#primaryimage\"},\"thumbnailUrl\":\"https:\\\/\\\/radioleinewelle.de\\\/wp-content\\\/uploads\\\/2020\\\/12\\\/background-2321_640.jpg\",\"articleSection\":[\"Corona\"],\"inLanguage\":\"de\"},{\"@type\":\"WebPage\",\"@id\":\"https:\\\/\\\/radioleinewelle.de\\\/index.php\\\/2020\\\/12\\\/20\\\/niedersachsen-schnellkredit-fuer-gemeinnuetzige-organisationen-in-niedersachsen-bis-zum-30-06-2021-verlaengert\\\/\",\"url\":\"https:\\\/\\\/radioleinewelle.de\\\/index.php\\\/2020\\\/12\\\/20\\\/niedersachsen-schnellkredit-fuer-gemeinnuetzige-organisationen-in-niedersachsen-bis-zum-30-06-2021-verlaengert\\\/\",\"name\":\"Niedersachsen-Schnellkredit f\u00fcr Gemeinn\u00fctzige Organisationen in Niedersachsen bis zum 30.06.2021 verl\u00e4ngert - Radio Leinewelle\",\"isPartOf\":{\"@id\":\"https:\\\/\\\/radioleinewelle.de\\\/#website\"},\"primaryImageOfPage\":{\"@id\":\"https:\\\/\\\/radioleinewelle.de\\\/index.php\\\/2020\\\/12\\\/20\\\/niedersachsen-schnellkredit-fuer-gemeinnuetzige-organisationen-in-niedersachsen-bis-zum-30-06-2021-verlaengert\\\/#primaryimage\"},\"image\":{\"@id\":\"https:\\\/\\\/radioleinewelle.de\\\/index.php\\\/2020\\\/12\\\/20\\\/niedersachsen-schnellkredit-fuer-gemeinnuetzige-organisationen-in-niedersachsen-bis-zum-30-06-2021-verlaengert\\\/#primaryimage\"},\"thumbnailUrl\":\"https:\\\/\\\/radioleinewelle.de\\\/wp-content\\\/uploads\\\/2020\\\/12\\\/background-2321_640.jpg\",\"datePublished\":\"2020-12-20T04:04:46+00:00\",\"breadcrumb\":{\"@id\":\"https:\\\/\\\/radioleinewelle.de\\\/index.php\\\/2020\\\/12\\\/20\\\/niedersachsen-schnellkredit-fuer-gemeinnuetzige-organisationen-in-niedersachsen-bis-zum-30-06-2021-verlaengert\\\/#breadcrumb\"},\"inLanguage\":\"de\",\"potentialAction\":[{\"@type\":\"ReadAction\",\"target\":[\"https:\\\/\\\/radioleinewelle.de\\\/index.php\\\/2020\\\/12\\\/20\\\/niedersachsen-schnellkredit-fuer-gemeinnuetzige-organisationen-in-niedersachsen-bis-zum-30-06-2021-verlaengert\\\/\"]}]},{\"@type\":\"ImageObject\",\"inLanguage\":\"de\",\"@id\":\"https:\\\/\\\/radioleinewelle.de\\\/index.php\\\/2020\\\/12\\\/20\\\/niedersachsen-schnellkredit-fuer-gemeinnuetzige-organisationen-in-niedersachsen-bis-zum-30-06-2021-verlaengert\\\/#primaryimage\",\"url\":\"https:\\\/\\\/radioleinewelle.de\\\/wp-content\\\/uploads\\\/2020\\\/12\\\/background-2321_640.jpg\",\"contentUrl\":\"https:\\\/\\\/radioleinewelle.de\\\/wp-content\\\/uploads\\\/2020\\\/12\\\/background-2321_640.jpg\",\"width\":640,\"height\":426},{\"@type\":\"BreadcrumbList\",\"@id\":\"https:\\\/\\\/radioleinewelle.de\\\/index.php\\\/2020\\\/12\\\/20\\\/niedersachsen-schnellkredit-fuer-gemeinnuetzige-organisationen-in-niedersachsen-bis-zum-30-06-2021-verlaengert\\\/#breadcrumb\",\"itemListElement\":[{\"@type\":\"ListItem\",\"position\":1,\"name\":\"Startseite\",\"item\":\"https:\\\/\\\/radioleinewelle.de\\\/\"},{\"@type\":\"ListItem\",\"position\":2,\"name\":\"Niedersachsen-Schnellkredit f\u00fcr Gemeinn\u00fctzige Organisationen in Niedersachsen bis zum 30.06.2021 verl\u00e4ngert\"}]},{\"@type\":\"WebSite\",\"@id\":\"https:\\\/\\\/radioleinewelle.de\\\/#website\",\"url\":\"https:\\\/\\\/radioleinewelle.de\\\/\",\"name\":\"Radio Leinewelle\",\"description\":\"\",\"publisher\":{\"@id\":\"https:\\\/\\\/radioleinewelle.de\\\/#organization\"},\"potentialAction\":[{\"@type\":\"SearchAction\",\"target\":{\"@type\":\"EntryPoint\",\"urlTemplate\":\"https:\\\/\\\/radioleinewelle.de\\\/?s={search_term_string}\"},\"query-input\":{\"@type\":\"PropertyValueSpecification\",\"valueRequired\":true,\"valueName\":\"search_term_string\"}}],\"inLanguage\":\"de\"},{\"@type\":\"Organization\",\"@id\":\"https:\\\/\\\/radioleinewelle.de\\\/#organization\",\"name\":\"Radio Leinewelle\",\"alternateName\":\"Mein Radio f\u00fcr S\u00fcdniedersachsen\",\"url\":\"https:\\\/\\\/radioleinewelle.de\\\/\",\"logo\":{\"@type\":\"ImageObject\",\"inLanguage\":\"de\",\"@id\":\"https:\\\/\\\/radioleinewelle.de\\\/#\\\/schema\\\/logo\\\/image\\\/\",\"url\":\"https:\\\/\\\/radioleinewelle.de\\\/wp-content\\\/uploads\\\/2023\\\/11\\\/cropped-Leinewelle_Logo_weiss.png\",\"contentUrl\":\"https:\\\/\\\/radioleinewelle.de\\\/wp-content\\\/uploads\\\/2023\\\/11\\\/cropped-Leinewelle_Logo_weiss.png\",\"width\":854,\"height\":260,\"caption\":\"Radio Leinewelle\"},\"image\":{\"@id\":\"https:\\\/\\\/radioleinewelle.de\\\/#\\\/schema\\\/logo\\\/image\\\/\"},\"sameAs\":[\"https:\\\/\\\/www.facebook.com\\\/radioleinewelle\",\"https:\\\/\\\/x.com\\\/RLeinewelle\",\"https:\\\/\\\/www.instagram.com\\\/radioleinewelle\\\/?hl=de\"]},{\"@type\":\"Person\",\"@id\":\"https:\\\/\\\/radioleinewelle.de\\\/#\\\/schema\\\/person\\\/45606f348637df637192dc1b68399a63\",\"name\":\"Leinewelle\",\"image\":{\"@type\":\"ImageObject\",\"inLanguage\":\"de\",\"@id\":\"https:\\\/\\\/secure.gravatar.com\\\/avatar\\\/05c9a17bc973052ee5d91549bd32fb4dd0dc85b7b85ae94b2e2b4943476bbea5?s=96&d=blank&r=g\",\"url\":\"https:\\\/\\\/secure.gravatar.com\\\/avatar\\\/05c9a17bc973052ee5d91549bd32fb4dd0dc85b7b85ae94b2e2b4943476bbea5?s=96&d=blank&r=g\",\"contentUrl\":\"https:\\\/\\\/secure.gravatar.com\\\/avatar\\\/05c9a17bc973052ee5d91549bd32fb4dd0dc85b7b85ae94b2e2b4943476bbea5?s=96&d=blank&r=g\",\"caption\":\"Leinewelle\"},\"sameAs\":[\"http:\\\/\\\/localhost\\\/radio%20leinewelle\\\/wordpress\",\"https:\\\/\\\/www.facebook.com\\\/radioleinewelle\",\"https:\\\/\\\/www.instagram.com\\\/radioleinewelle\",\"https:\\\/\\\/x.com\\\/https:\\\/\\\/twitter.com\\\/RLeinewelle?ref_src=twsrcgoogletwcampserptwgrauthor\",\"https:\\\/\\\/soundcloud.com\\\/foerderverein-lokalradio?utm_source=clipboard&utm_medium=text&utm_campaign=social_sharing\"],\"url\":\"https:\\\/\\\/radioleinewelle.de\\\/index.php\\\/author\\\/leinewelle\\\/\"}]}<\/script>\n<!-- \/ Yoast SEO plugin. -->","yoast_head_json":{"title":"Niedersachsen-Schnellkredit f\u00fcr Gemeinn\u00fctzige Organisationen in Niedersachsen bis zum 30.06.2021 verl\u00e4ngert - Radio Leinewelle","robots":{"index":"index","follow":"follow","max-snippet":"max-snippet:-1","max-image-preview":"max-image-preview:large","max-video-preview":"max-video-preview:-1"},"canonical":"https:\/\/radioleinewelle.de\/index.php\/2020\/12\/20\/niedersachsen-schnellkredit-fuer-gemeinnuetzige-organisationen-in-niedersachsen-bis-zum-30-06-2021-verlaengert\/","og_locale":"de_DE","og_type":"article","og_title":"Niedersachsen-Schnellkredit f\u00fcr Gemeinn\u00fctzige Organisationen in Niedersachsen bis zum 30.06.2021 verl\u00e4ngert - Radio Leinewelle","og_description":"Niedersachsen ist eines der sechs Bundesl\u00e4nder, in denen das KfW-Sonderprogramm f\u00fcr gemeinn\u00fctzige Organisationen umgesetzt wird. Bislang wurden in der kurzen Zeit, seitdem die Beantragung m\u00f6glich ist, 13 Antr\u00e4ge mit einem F\u00f6rdervolumen in H\u00f6he von 4,45 Millionen Euro bewilligt. Um dem Bedarf gerecht zu werden und die aktuelle Situation einer weiter anhaltenden Corona-Pandemie zu ber\u00fccksichtigen, wird [&hellip;]","og_url":"https:\/\/radioleinewelle.de\/index.php\/2020\/12\/20\/niedersachsen-schnellkredit-fuer-gemeinnuetzige-organisationen-in-niedersachsen-bis-zum-30-06-2021-verlaengert\/","og_site_name":"Radio Leinewelle","article_publisher":"https:\/\/www.facebook.com\/radioleinewelle","article_author":"https:\/\/www.facebook.com\/radioleinewelle","article_published_time":"2020-12-20T04:04:46+00:00","og_image":[{"width":640,"height":426,"url":"https:\/\/radioleinewelle.de\/wp-content\/uploads\/2020\/12\/background-2321_640.jpg","type":"image\/jpeg"}],"author":"Leinewelle","twitter_card":"summary_large_image","twitter_creator":"@https:\/\/twitter.com\/RLeinewelle?ref_src=twsrcgoogletwcampserptwgrauthor","twitter_site":"@RLeinewelle","twitter_misc":{"Verfasst von":"Leinewelle","Gesch\u00e4tzte Lesezeit":"2\u00a0Minuten"},"schema":{"@context":"https:\/\/schema.org","@graph":[{"@type":"Article","@id":"https:\/\/radioleinewelle.de\/index.php\/2020\/12\/20\/niedersachsen-schnellkredit-fuer-gemeinnuetzige-organisationen-in-niedersachsen-bis-zum-30-06-2021-verlaengert\/#article","isPartOf":{"@id":"https:\/\/radioleinewelle.de\/index.php\/2020\/12\/20\/niedersachsen-schnellkredit-fuer-gemeinnuetzige-organisationen-in-niedersachsen-bis-zum-30-06-2021-verlaengert\/"},"author":{"name":"Leinewelle","@id":"https:\/\/radioleinewelle.de\/#\/schema\/person\/45606f348637df637192dc1b68399a63"},"headline":"Niedersachsen-Schnellkredit f\u00fcr Gemeinn\u00fctzige Organisationen in Niedersachsen bis zum 30.06.2021 verl\u00e4ngert","datePublished":"2020-12-20T04:04:46+00:00","mainEntityOfPage":{"@id":"https:\/\/radioleinewelle.de\/index.php\/2020\/12\/20\/niedersachsen-schnellkredit-fuer-gemeinnuetzige-organisationen-in-niedersachsen-bis-zum-30-06-2021-verlaengert\/"},"wordCount":325,"publisher":{"@id":"https:\/\/radioleinewelle.de\/#organization"},"image":{"@id":"https:\/\/radioleinewelle.de\/index.php\/2020\/12\/20\/niedersachsen-schnellkredit-fuer-gemeinnuetzige-organisationen-in-niedersachsen-bis-zum-30-06-2021-verlaengert\/#primaryimage"},"thumbnailUrl":"https:\/\/radioleinewelle.de\/wp-content\/uploads\/2020\/12\/background-2321_640.jpg","articleSection":["Corona"],"inLanguage":"de"},{"@type":"WebPage","@id":"https:\/\/radioleinewelle.de\/index.php\/2020\/12\/20\/niedersachsen-schnellkredit-fuer-gemeinnuetzige-organisationen-in-niedersachsen-bis-zum-30-06-2021-verlaengert\/","url":"https:\/\/radioleinewelle.de\/index.php\/2020\/12\/20\/niedersachsen-schnellkredit-fuer-gemeinnuetzige-organisationen-in-niedersachsen-bis-zum-30-06-2021-verlaengert\/","name":"Niedersachsen-Schnellkredit f\u00fcr Gemeinn\u00fctzige Organisationen in Niedersachsen bis zum 30.06.2021 verl\u00e4ngert - Radio Leinewelle","isPartOf":{"@id":"https:\/\/radioleinewelle.de\/#website"},"primaryImageOfPage":{"@id":"https:\/\/radioleinewelle.de\/index.php\/2020\/12\/20\/niedersachsen-schnellkredit-fuer-gemeinnuetzige-organisationen-in-niedersachsen-bis-zum-30-06-2021-verlaengert\/#primaryimage"},"image":{"@id":"https:\/\/radioleinewelle.de\/index.php\/2020\/12\/20\/niedersachsen-schnellkredit-fuer-gemeinnuetzige-organisationen-in-niedersachsen-bis-zum-30-06-2021-verlaengert\/#primaryimage"},"thumbnailUrl":"https:\/\/radioleinewelle.de\/wp-content\/uploads\/2020\/12\/background-2321_640.jpg","datePublished":"2020-12-20T04:04:46+00:00","breadcrumb":{"@id":"https:\/\/radioleinewelle.de\/index.php\/2020\/12\/20\/niedersachsen-schnellkredit-fuer-gemeinnuetzige-organisationen-in-niedersachsen-bis-zum-30-06-2021-verlaengert\/#breadcrumb"},"inLanguage":"de","potentialAction":[{"@type":"ReadAction","target":["https:\/\/radioleinewelle.de\/index.php\/2020\/12\/20\/niedersachsen-schnellkredit-fuer-gemeinnuetzige-organisationen-in-niedersachsen-bis-zum-30-06-2021-verlaengert\/"]}]},{"@type":"ImageObject","inLanguage":"de","@id":"https:\/\/radioleinewelle.de\/index.php\/2020\/12\/20\/niedersachsen-schnellkredit-fuer-gemeinnuetzige-organisationen-in-niedersachsen-bis-zum-30-06-2021-verlaengert\/#primaryimage","url":"https:\/\/radioleinewelle.de\/wp-content\/uploads\/2020\/12\/background-2321_640.jpg","contentUrl":"https:\/\/radioleinewelle.de\/wp-content\/uploads\/2020\/12\/background-2321_640.jpg","width":640,"height":426},{"@type":"BreadcrumbList","@id":"https:\/\/radioleinewelle.de\/index.php\/2020\/12\/20\/niedersachsen-schnellkredit-fuer-gemeinnuetzige-organisationen-in-niedersachsen-bis-zum-30-06-2021-verlaengert\/#breadcrumb","itemListElement":[{"@type":"ListItem","position":1,"name":"Startseite","item":"https:\/\/radioleinewelle.de\/"},{"@type":"ListItem","position":2,"name":"Niedersachsen-Schnellkredit f\u00fcr Gemeinn\u00fctzige Organisationen in Niedersachsen bis zum 30.06.2021 verl\u00e4ngert"}]},{"@type":"WebSite","@id":"https:\/\/radioleinewelle.de\/#website","url":"https:\/\/radioleinewelle.de\/","name":"Radio Leinewelle","description":"","publisher":{"@id":"https:\/\/radioleinewelle.de\/#organization"},"potentialAction":[{"@type":"SearchAction","target":{"@type":"EntryPoint","urlTemplate":"https:\/\/radioleinewelle.de\/?s={search_term_string}"},"query-input":{"@type":"PropertyValueSpecification","valueRequired":true,"valueName":"search_term_string"}}],"inLanguage":"de"},{"@type":"Organization","@id":"https:\/\/radioleinewelle.de\/#organization","name":"Radio Leinewelle","alternateName":"Mein Radio f\u00fcr S\u00fcdniedersachsen","url":"https:\/\/radioleinewelle.de\/","logo":{"@type":"ImageObject","inLanguage":"de","@id":"https:\/\/radioleinewelle.de\/#\/schema\/logo\/image\/","url":"https:\/\/radioleinewelle.de\/wp-content\/uploads\/2023\/11\/cropped-Leinewelle_Logo_weiss.png","contentUrl":"https:\/\/radioleinewelle.de\/wp-content\/uploads\/2023\/11\/cropped-Leinewelle_Logo_weiss.png","width":854,"height":260,"caption":"Radio Leinewelle"},"image":{"@id":"https:\/\/radioleinewelle.de\/#\/schema\/logo\/image\/"},"sameAs":["https:\/\/www.facebook.com\/radioleinewelle","https:\/\/x.com\/RLeinewelle","https:\/\/www.instagram.com\/radioleinewelle\/?hl=de"]},{"@type":"Person","@id":"https:\/\/radioleinewelle.de\/#\/schema\/person\/45606f348637df637192dc1b68399a63","name":"Leinewelle","image":{"@type":"ImageObject","inLanguage":"de","@id":"https:\/\/secure.gravatar.com\/avatar\/05c9a17bc973052ee5d91549bd32fb4dd0dc85b7b85ae94b2e2b4943476bbea5?s=96&d=blank&r=g","url":"https:\/\/secure.gravatar.com\/avatar\/05c9a17bc973052ee5d91549bd32fb4dd0dc85b7b85ae94b2e2b4943476bbea5?s=96&d=blank&r=g","contentUrl":"https:\/\/secure.gravatar.com\/avatar\/05c9a17bc973052ee5d91549bd32fb4dd0dc85b7b85ae94b2e2b4943476bbea5?s=96&d=blank&r=g","caption":"Leinewelle"},"sameAs":["http:\/\/localhost\/radio%20leinewelle\/wordpress","https:\/\/www.facebook.com\/radioleinewelle","https:\/\/www.instagram.com\/radioleinewelle","https:\/\/x.com\/https:\/\/twitter.com\/RLeinewelle?ref_src=twsrcgoogletwcampserptwgrauthor","https:\/\/soundcloud.com\/foerderverein-lokalradio?utm_source=clipboard&utm_medium=text&utm_campaign=social_sharing"],"url":"https:\/\/radioleinewelle.de\/index.php\/author\/leinewelle\/"}]}},"_links":{"self":[{"href":"https:\/\/radioleinewelle.de\/index.php\/wp-json\/wp\/v2\/posts\/3633","targetHints":{"allow":["GET"]}}],"collection":[{"href":"https:\/\/radioleinewelle.de\/index.php\/wp-json\/wp\/v2\/posts"}],"about":[{"href":"https:\/\/radioleinewelle.de\/index.php\/wp-json\/wp\/v2\/types\/post"}],"author":[{"embeddable":true,"href":"https:\/\/radioleinewelle.de\/index.php\/wp-json\/wp\/v2\/users\/1"}],"replies":[{"embeddable":true,"href":"https:\/\/radioleinewelle.de\/index.php\/wp-json\/wp\/v2\/comments?post=3633"}],"version-history":[{"count":0,"href":"https:\/\/radioleinewelle.de\/index.php\/wp-json\/wp\/v2\/posts\/3633\/revisions"}],"wp:featuredmedia":[{"embeddable":true,"href":"https:\/\/radioleinewelle.de\/index.php\/wp-json\/wp\/v2\/media\/3635"}],"wp:attachment":[{"href":"https:\/\/radioleinewelle.de\/index.php\/wp-json\/wp\/v2\/media?parent=3633"}],"wp:term":[{"taxonomy":"category","embeddable":true,"href":"https:\/\/radioleinewelle.de\/index.php\/wp-json\/wp\/v2\/categories?post=3633"},{"taxonomy":"post_tag","embeddable":true,"href":"https:\/\/radioleinewelle.de\/index.php\/wp-json\/wp\/v2\/tags?post=3633"}],"curies":[{"name":"wp","href":"https:\/\/api.w.org\/{rel}","templated":true}]}}