{"id":3648,"date":"2020-12-21T05:20:45","date_gmt":"2020-12-21T04:20:45","guid":{"rendered":"https:\/\/radioleinewelle.de\/?p=3648"},"modified":"2020-12-21T05:20:45","modified_gmt":"2020-12-21T04:20:45","slug":"goettingerinnen-machen-sich-fuer-eine-impfung-stark","status":"publish","type":"post","link":"https:\/\/radioleinewelle.de\/index.php\/2020\/12\/21\/goettingerinnen-machen-sich-fuer-eine-impfung-stark\/","title":{"rendered":"G\u00f6ttinger*innen machen sich f\u00fcr eine Impfung stark"},"content":{"rendered":"<div class=\"magazinetext\">\n<div class=\"magazineshorttext\">Im Impfzentrum Siekh\u00f6he der Stadt G\u00f6ttingen ist alles vorbereitet: Sobald der Impfstoff gegen das Corona-Virus vorliegt, k\u00f6nnen die ersten Menschen geimpft werden. Ab wann das sein wird, ist derzeit noch offen. Die Verteilung des Impfstoffs an die Bundesl\u00e4nder soll voraussichtlich noch Ende des Jahres beginnen.<\/div>\n<\/div>\n<p>Die St\u00e4ndige Impfkommission (STIKO) empfiehlt, dann zuerst jene zu impfen, die in Alten- und Pflegeheimen leben, \u00fcber 80 Jahre alt sind oder zum Beispiel in medizinischen Einrichtungen mit hohem Infektionsrisiko arbeiten. Fr\u00fchestens ab dem zweiten Quartal 2021 kann dann damit begonnen werden, die Allgemeinheit zu impfen. Die Anmeldung zur Impfung regelt das Land Niedersachsen, f\u00fcr erste Fragen steht eine Telefonhotline unter 0800 9988665 bereit. Termine k\u00f6nnen aktuell noch nicht vereinbart werden. Weitere Informationen werden im Corona-Ticker der Stadt G\u00f6ttingen unter <a class=\"intern\" title=\"goe.de\/corona\" href=\"https:\/\/www.goettingen.de\/aktuelles\/coronavirus-das-gesundheitsamt-informiert-2020-02-17.html?pk_campaign=gesundheit&amp;pk_kwd=corona&amp;pk_source=Webseite&amp;pk_medium=online\" target=\"_blank\" rel=\"noopener\">goe.de\/corona<\/a>\u00a0ver\u00f6ffentlicht, sobald sie verf\u00fcgbar sind.<\/p>\n<div class=\"magazinetext\">\n<p>\u201eDer Impfstoff er\u00f6ffnet uns einen Weg aus dieser Pandemie\u201c, betont G\u00f6ttingens Oberb\u00fcrgermeister Rolf-Georg K\u00f6hler. Fake-News \u00fcber eine drohende Impfpflicht und andere erfundene Fakten erteilt K\u00f6hler eine klare Absage: \u201eEs wird in Deutschland keine Impfpflicht geben! Wer anderes behauptet, will die Menschen verunsichern und ihnen Angst machen. Sich zu impfen wird eine freiwillige Entscheidung bleiben. Ich lasse mich impfen!\u201c<\/p>\n<p>\u201eDie Aussicht auf den Impfstoff ist ein echter Lichtblick in diesen Tagen\u201c, unterstreicht Christian Schmetz, Erster Stadtrat der Stadt G\u00f6ttingen. \u201eDie Wissenschaft hat hier Gro\u00dfartiges geleistet. Die Gesellschaft hat es damit in der Hand, die Lage zu drehen.\u201c<\/p>\n<p>Petra Broistedt, Sozialdezernentin der Stadt G\u00f6ttingen und Leiterin des Corona-Einsatzstabs erg\u00e4nzt: \u201eDer Impfstoff erf\u00fcllt s\u00e4mtliche notwendigen und sehr hohen Pr\u00fcfstandards, die in Deutschland f\u00fcr alle Impfstoffe gelten.\u201c Sie appelliert an die Menschen, das Impfangebot zu nutzen. \u201eWir alle sehnen uns nach einem St\u00fcck Normalit\u00e4t. Das k\u00f6nnen wir erreichen, wenn m\u00f6glichst viele sich impfen lassen und wir damit gemeinsam eine weitere Ausbreitung des Virus verhindern.\u201c Dennoch werde der Impfstoff gerade zu Beginn nicht f\u00fcr alle reichen. \u201eHaben Sie Geduld, bleiben Sie bis zur Impfung achtsam, halten Sie Abstand und tragen Sie wo immer n\u00f6tig und m\u00f6glich eine Mund-Nasen-Bedeckung\u201c, so Broistedt.<\/p>\n<p>Neben dem Oberb\u00fcrgermeister, dem Ersten Stadtrat und der Sozialdezernentin machen sich zahlreiche weitere G\u00f6ttingerinnen und G\u00f6ttinger stark f\u00fcr eine Impfung gegen Corona<\/p>\n<p><strong>Mehr auf den Seiten der Stadt G\u00f6ttingen:\u00a0<a class=\"intern\" title=\"Diese G\u00f6ttingerinnen und G\u00f6ttinger machen sich stark f\u00fcr eine Impfung.\" href=\"https:\/\/www.goettingen.de\/aktuelles\/goettinger-stern-innen-machen-sich-fuer-eine-impfung-stark-2020-12-18.html#Statements\">Diese G\u00f6ttingerinnen und G\u00f6ttinger machen sich stark f\u00fcr eine Impfung.<\/a><\/strong><\/p>\n<p>Bild von <a href=\"https:\/\/pixabay.com\/de\/users\/thedigitalartist-202249\/?utm_source=link-attribution&amp;utm_medium=referral&amp;utm_campaign=image&amp;utm_content=4833616\">Pete Linforth<\/a> auf <a href=\"https:\/\/pixabay.com\/de\/?utm_source=link-attribution&amp;utm_medium=referral&amp;utm_campaign=image&amp;utm_content=4833616\">Pixabay<\/a><\/p>\n<\/div>\n","protected":false},"excerpt":{"rendered":"<p>Im Impfzentrum Siekh\u00f6he der Stadt G\u00f6ttingen ist alles vorbereitet: Sobald der Impfstoff gegen das Corona-Virus vorliegt, k\u00f6nnen die ersten Menschen geimpft werden. Ab wann das sein wird, ist derzeit noch offen. Die Verteilung des Impfstoffs an die Bundesl\u00e4nder soll voraussichtlich noch Ende des Jahres beginnen. Die St\u00e4ndige Impfkommission (STIKO) empfiehlt, dann zuerst jene zu impfen, [&hellip;]<\/p>\n","protected":false},"author":1,"featured_media":0,"comment_status":"closed","ping_status":"closed","sticky":false,"template":"","format":"standard","meta":{"saved_in_kubio":false,"footnotes":""},"categories":[1],"tags":[],"class_list":["post-3648","post","type-post","status-publish","format-standard","hentry","category-allgemein"],"yoast_head":"<!-- This site is optimized with the Yoast SEO plugin v27.5 - https:\/\/yoast.com\/product\/yoast-seo-wordpress\/ -->\n<title>G\u00f6ttinger*innen machen sich f\u00fcr eine Impfung stark - Radio Leinewelle<\/title>\n<meta name=\"robots\" content=\"index, follow, max-snippet:-1, max-image-preview:large, max-video-preview:-1\" \/>\n<link rel=\"canonical\" href=\"https:\/\/radioleinewelle.de\/index.php\/2020\/12\/21\/goettingerinnen-machen-sich-fuer-eine-impfung-stark\/\" \/>\n<meta property=\"og:locale\" content=\"de_DE\" \/>\n<meta property=\"og:type\" content=\"article\" \/>\n<meta property=\"og:title\" content=\"G\u00f6ttinger*innen machen sich f\u00fcr eine Impfung stark - Radio Leinewelle\" \/>\n<meta property=\"og:description\" content=\"Im Impfzentrum Siekh\u00f6he der Stadt G\u00f6ttingen ist alles vorbereitet: Sobald der Impfstoff gegen das Corona-Virus vorliegt, k\u00f6nnen die ersten Menschen geimpft werden. Ab wann das sein wird, ist derzeit noch offen. Die Verteilung des Impfstoffs an die Bundesl\u00e4nder soll voraussichtlich noch Ende des Jahres beginnen. Die St\u00e4ndige Impfkommission (STIKO) empfiehlt, dann zuerst jene zu impfen, [&hellip;]\" \/>\n<meta property=\"og:url\" content=\"https:\/\/radioleinewelle.de\/index.php\/2020\/12\/21\/goettingerinnen-machen-sich-fuer-eine-impfung-stark\/\" \/>\n<meta property=\"og:site_name\" content=\"Radio Leinewelle\" \/>\n<meta property=\"article:publisher\" content=\"https:\/\/www.facebook.com\/radioleinewelle\" \/>\n<meta property=\"article:author\" content=\"https:\/\/www.facebook.com\/radioleinewelle\" \/>\n<meta property=\"article:published_time\" content=\"2020-12-21T04:20:45+00:00\" \/>\n<meta name=\"author\" content=\"Leinewelle\" \/>\n<meta name=\"twitter:card\" content=\"summary_large_image\" \/>\n<meta name=\"twitter:creator\" content=\"@https:\/\/twitter.com\/RLeinewelle?ref_src=twsrcgoogletwcampserptwgrauthor\" \/>\n<meta name=\"twitter:site\" content=\"@RLeinewelle\" \/>\n<meta name=\"twitter:label1\" content=\"Verfasst von\" \/>\n\t<meta name=\"twitter:data1\" content=\"Leinewelle\" \/>\n\t<meta name=\"twitter:label2\" content=\"Gesch\u00e4tzte Lesezeit\" \/>\n\t<meta name=\"twitter:data2\" content=\"2\u00a0Minuten\" \/>\n<script type=\"application\/ld+json\" class=\"yoast-schema-graph\">{\"@context\":\"https:\\\/\\\/schema.org\",\"@graph\":[{\"@type\":\"Article\",\"@id\":\"https:\\\/\\\/radioleinewelle.de\\\/index.php\\\/2020\\\/12\\\/21\\\/goettingerinnen-machen-sich-fuer-eine-impfung-stark\\\/#article\",\"isPartOf\":{\"@id\":\"https:\\\/\\\/radioleinewelle.de\\\/index.php\\\/2020\\\/12\\\/21\\\/goettingerinnen-machen-sich-fuer-eine-impfung-stark\\\/\"},\"author\":{\"name\":\"Leinewelle\",\"@id\":\"https:\\\/\\\/radioleinewelle.de\\\/#\\\/schema\\\/person\\\/45606f348637df637192dc1b68399a63\"},\"headline\":\"G\u00f6ttinger*innen machen sich f\u00fcr eine Impfung stark\",\"datePublished\":\"2020-12-21T04:20:45+00:00\",\"mainEntityOfPage\":{\"@id\":\"https:\\\/\\\/radioleinewelle.de\\\/index.php\\\/2020\\\/12\\\/21\\\/goettingerinnen-machen-sich-fuer-eine-impfung-stark\\\/\"},\"wordCount\":418,\"publisher\":{\"@id\":\"https:\\\/\\\/radioleinewelle.de\\\/#organization\"},\"inLanguage\":\"de\"},{\"@type\":\"WebPage\",\"@id\":\"https:\\\/\\\/radioleinewelle.de\\\/index.php\\\/2020\\\/12\\\/21\\\/goettingerinnen-machen-sich-fuer-eine-impfung-stark\\\/\",\"url\":\"https:\\\/\\\/radioleinewelle.de\\\/index.php\\\/2020\\\/12\\\/21\\\/goettingerinnen-machen-sich-fuer-eine-impfung-stark\\\/\",\"name\":\"G\u00f6ttinger*innen machen sich f\u00fcr eine Impfung stark - Radio Leinewelle\",\"isPartOf\":{\"@id\":\"https:\\\/\\\/radioleinewelle.de\\\/#website\"},\"datePublished\":\"2020-12-21T04:20:45+00:00\",\"breadcrumb\":{\"@id\":\"https:\\\/\\\/radioleinewelle.de\\\/index.php\\\/2020\\\/12\\\/21\\\/goettingerinnen-machen-sich-fuer-eine-impfung-stark\\\/#breadcrumb\"},\"inLanguage\":\"de\",\"potentialAction\":[{\"@type\":\"ReadAction\",\"target\":[\"https:\\\/\\\/radioleinewelle.de\\\/index.php\\\/2020\\\/12\\\/21\\\/goettingerinnen-machen-sich-fuer-eine-impfung-stark\\\/\"]}]},{\"@type\":\"BreadcrumbList\",\"@id\":\"https:\\\/\\\/radioleinewelle.de\\\/index.php\\\/2020\\\/12\\\/21\\\/goettingerinnen-machen-sich-fuer-eine-impfung-stark\\\/#breadcrumb\",\"itemListElement\":[{\"@type\":\"ListItem\",\"position\":1,\"name\":\"Startseite\",\"item\":\"https:\\\/\\\/radioleinewelle.de\\\/\"},{\"@type\":\"ListItem\",\"position\":2,\"name\":\"G\u00f6ttinger*innen machen sich f\u00fcr eine Impfung stark\"}]},{\"@type\":\"WebSite\",\"@id\":\"https:\\\/\\\/radioleinewelle.de\\\/#website\",\"url\":\"https:\\\/\\\/radioleinewelle.de\\\/\",\"name\":\"Radio Leinewelle\",\"description\":\"\",\"publisher\":{\"@id\":\"https:\\\/\\\/radioleinewelle.de\\\/#organization\"},\"potentialAction\":[{\"@type\":\"SearchAction\",\"target\":{\"@type\":\"EntryPoint\",\"urlTemplate\":\"https:\\\/\\\/radioleinewelle.de\\\/?s={search_term_string}\"},\"query-input\":{\"@type\":\"PropertyValueSpecification\",\"valueRequired\":true,\"valueName\":\"search_term_string\"}}],\"inLanguage\":\"de\"},{\"@type\":\"Organization\",\"@id\":\"https:\\\/\\\/radioleinewelle.de\\\/#organization\",\"name\":\"Radio Leinewelle\",\"alternateName\":\"Mein Radio f\u00fcr S\u00fcdniedersachsen\",\"url\":\"https:\\\/\\\/radioleinewelle.de\\\/\",\"logo\":{\"@type\":\"ImageObject\",\"inLanguage\":\"de\",\"@id\":\"https:\\\/\\\/radioleinewelle.de\\\/#\\\/schema\\\/logo\\\/image\\\/\",\"url\":\"https:\\\/\\\/radioleinewelle.de\\\/wp-content\\\/uploads\\\/2023\\\/11\\\/cropped-Leinewelle_Logo_weiss.png\",\"contentUrl\":\"https:\\\/\\\/radioleinewelle.de\\\/wp-content\\\/uploads\\\/2023\\\/11\\\/cropped-Leinewelle_Logo_weiss.png\",\"width\":854,\"height\":260,\"caption\":\"Radio Leinewelle\"},\"image\":{\"@id\":\"https:\\\/\\\/radioleinewelle.de\\\/#\\\/schema\\\/logo\\\/image\\\/\"},\"sameAs\":[\"https:\\\/\\\/www.facebook.com\\\/radioleinewelle\",\"https:\\\/\\\/x.com\\\/RLeinewelle\",\"https:\\\/\\\/www.instagram.com\\\/radioleinewelle\\\/?hl=de\"]},{\"@type\":\"Person\",\"@id\":\"https:\\\/\\\/radioleinewelle.de\\\/#\\\/schema\\\/person\\\/45606f348637df637192dc1b68399a63\",\"name\":\"Leinewelle\",\"image\":{\"@type\":\"ImageObject\",\"inLanguage\":\"de\",\"@id\":\"https:\\\/\\\/secure.gravatar.com\\\/avatar\\\/05c9a17bc973052ee5d91549bd32fb4dd0dc85b7b85ae94b2e2b4943476bbea5?s=96&d=blank&r=g\",\"url\":\"https:\\\/\\\/secure.gravatar.com\\\/avatar\\\/05c9a17bc973052ee5d91549bd32fb4dd0dc85b7b85ae94b2e2b4943476bbea5?s=96&d=blank&r=g\",\"contentUrl\":\"https:\\\/\\\/secure.gravatar.com\\\/avatar\\\/05c9a17bc973052ee5d91549bd32fb4dd0dc85b7b85ae94b2e2b4943476bbea5?s=96&d=blank&r=g\",\"caption\":\"Leinewelle\"},\"sameAs\":[\"http:\\\/\\\/localhost\\\/radio%20leinewelle\\\/wordpress\",\"https:\\\/\\\/www.facebook.com\\\/radioleinewelle\",\"https:\\\/\\\/www.instagram.com\\\/radioleinewelle\",\"https:\\\/\\\/x.com\\\/https:\\\/\\\/twitter.com\\\/RLeinewelle?ref_src=twsrcgoogletwcampserptwgrauthor\",\"https:\\\/\\\/soundcloud.com\\\/foerderverein-lokalradio?utm_source=clipboard&utm_medium=text&utm_campaign=social_sharing\"],\"url\":\"https:\\\/\\\/radioleinewelle.de\\\/index.php\\\/author\\\/leinewelle\\\/\"}]}<\/script>\n<!-- \/ Yoast SEO plugin. -->","yoast_head_json":{"title":"G\u00f6ttinger*innen machen sich f\u00fcr eine Impfung stark - Radio Leinewelle","robots":{"index":"index","follow":"follow","max-snippet":"max-snippet:-1","max-image-preview":"max-image-preview:large","max-video-preview":"max-video-preview:-1"},"canonical":"https:\/\/radioleinewelle.de\/index.php\/2020\/12\/21\/goettingerinnen-machen-sich-fuer-eine-impfung-stark\/","og_locale":"de_DE","og_type":"article","og_title":"G\u00f6ttinger*innen machen sich f\u00fcr eine Impfung stark - Radio Leinewelle","og_description":"Im Impfzentrum Siekh\u00f6he der Stadt G\u00f6ttingen ist alles vorbereitet: Sobald der Impfstoff gegen das Corona-Virus vorliegt, k\u00f6nnen die ersten Menschen geimpft werden. Ab wann das sein wird, ist derzeit noch offen. Die Verteilung des Impfstoffs an die Bundesl\u00e4nder soll voraussichtlich noch Ende des Jahres beginnen. Die St\u00e4ndige Impfkommission (STIKO) empfiehlt, dann zuerst jene zu impfen, [&hellip;]","og_url":"https:\/\/radioleinewelle.de\/index.php\/2020\/12\/21\/goettingerinnen-machen-sich-fuer-eine-impfung-stark\/","og_site_name":"Radio Leinewelle","article_publisher":"https:\/\/www.facebook.com\/radioleinewelle","article_author":"https:\/\/www.facebook.com\/radioleinewelle","article_published_time":"2020-12-21T04:20:45+00:00","author":"Leinewelle","twitter_card":"summary_large_image","twitter_creator":"@https:\/\/twitter.com\/RLeinewelle?ref_src=twsrcgoogletwcampserptwgrauthor","twitter_site":"@RLeinewelle","twitter_misc":{"Verfasst von":"Leinewelle","Gesch\u00e4tzte Lesezeit":"2\u00a0Minuten"},"schema":{"@context":"https:\/\/schema.org","@graph":[{"@type":"Article","@id":"https:\/\/radioleinewelle.de\/index.php\/2020\/12\/21\/goettingerinnen-machen-sich-fuer-eine-impfung-stark\/#article","isPartOf":{"@id":"https:\/\/radioleinewelle.de\/index.php\/2020\/12\/21\/goettingerinnen-machen-sich-fuer-eine-impfung-stark\/"},"author":{"name":"Leinewelle","@id":"https:\/\/radioleinewelle.de\/#\/schema\/person\/45606f348637df637192dc1b68399a63"},"headline":"G\u00f6ttinger*innen machen sich f\u00fcr eine Impfung stark","datePublished":"2020-12-21T04:20:45+00:00","mainEntityOfPage":{"@id":"https:\/\/radioleinewelle.de\/index.php\/2020\/12\/21\/goettingerinnen-machen-sich-fuer-eine-impfung-stark\/"},"wordCount":418,"publisher":{"@id":"https:\/\/radioleinewelle.de\/#organization"},"inLanguage":"de"},{"@type":"WebPage","@id":"https:\/\/radioleinewelle.de\/index.php\/2020\/12\/21\/goettingerinnen-machen-sich-fuer-eine-impfung-stark\/","url":"https:\/\/radioleinewelle.de\/index.php\/2020\/12\/21\/goettingerinnen-machen-sich-fuer-eine-impfung-stark\/","name":"G\u00f6ttinger*innen machen sich f\u00fcr eine Impfung stark - Radio Leinewelle","isPartOf":{"@id":"https:\/\/radioleinewelle.de\/#website"},"datePublished":"2020-12-21T04:20:45+00:00","breadcrumb":{"@id":"https:\/\/radioleinewelle.de\/index.php\/2020\/12\/21\/goettingerinnen-machen-sich-fuer-eine-impfung-stark\/#breadcrumb"},"inLanguage":"de","potentialAction":[{"@type":"ReadAction","target":["https:\/\/radioleinewelle.de\/index.php\/2020\/12\/21\/goettingerinnen-machen-sich-fuer-eine-impfung-stark\/"]}]},{"@type":"BreadcrumbList","@id":"https:\/\/radioleinewelle.de\/index.php\/2020\/12\/21\/goettingerinnen-machen-sich-fuer-eine-impfung-stark\/#breadcrumb","itemListElement":[{"@type":"ListItem","position":1,"name":"Startseite","item":"https:\/\/radioleinewelle.de\/"},{"@type":"ListItem","position":2,"name":"G\u00f6ttinger*innen machen sich f\u00fcr eine Impfung stark"}]},{"@type":"WebSite","@id":"https:\/\/radioleinewelle.de\/#website","url":"https:\/\/radioleinewelle.de\/","name":"Radio Leinewelle","description":"","publisher":{"@id":"https:\/\/radioleinewelle.de\/#organization"},"potentialAction":[{"@type":"SearchAction","target":{"@type":"EntryPoint","urlTemplate":"https:\/\/radioleinewelle.de\/?s={search_term_string}"},"query-input":{"@type":"PropertyValueSpecification","valueRequired":true,"valueName":"search_term_string"}}],"inLanguage":"de"},{"@type":"Organization","@id":"https:\/\/radioleinewelle.de\/#organization","name":"Radio Leinewelle","alternateName":"Mein Radio f\u00fcr S\u00fcdniedersachsen","url":"https:\/\/radioleinewelle.de\/","logo":{"@type":"ImageObject","inLanguage":"de","@id":"https:\/\/radioleinewelle.de\/#\/schema\/logo\/image\/","url":"https:\/\/radioleinewelle.de\/wp-content\/uploads\/2023\/11\/cropped-Leinewelle_Logo_weiss.png","contentUrl":"https:\/\/radioleinewelle.de\/wp-content\/uploads\/2023\/11\/cropped-Leinewelle_Logo_weiss.png","width":854,"height":260,"caption":"Radio Leinewelle"},"image":{"@id":"https:\/\/radioleinewelle.de\/#\/schema\/logo\/image\/"},"sameAs":["https:\/\/www.facebook.com\/radioleinewelle","https:\/\/x.com\/RLeinewelle","https:\/\/www.instagram.com\/radioleinewelle\/?hl=de"]},{"@type":"Person","@id":"https:\/\/radioleinewelle.de\/#\/schema\/person\/45606f348637df637192dc1b68399a63","name":"Leinewelle","image":{"@type":"ImageObject","inLanguage":"de","@id":"https:\/\/secure.gravatar.com\/avatar\/05c9a17bc973052ee5d91549bd32fb4dd0dc85b7b85ae94b2e2b4943476bbea5?s=96&d=blank&r=g","url":"https:\/\/secure.gravatar.com\/avatar\/05c9a17bc973052ee5d91549bd32fb4dd0dc85b7b85ae94b2e2b4943476bbea5?s=96&d=blank&r=g","contentUrl":"https:\/\/secure.gravatar.com\/avatar\/05c9a17bc973052ee5d91549bd32fb4dd0dc85b7b85ae94b2e2b4943476bbea5?s=96&d=blank&r=g","caption":"Leinewelle"},"sameAs":["http:\/\/localhost\/radio%20leinewelle\/wordpress","https:\/\/www.facebook.com\/radioleinewelle","https:\/\/www.instagram.com\/radioleinewelle","https:\/\/x.com\/https:\/\/twitter.com\/RLeinewelle?ref_src=twsrcgoogletwcampserptwgrauthor","https:\/\/soundcloud.com\/foerderverein-lokalradio?utm_source=clipboard&utm_medium=text&utm_campaign=social_sharing"],"url":"https:\/\/radioleinewelle.de\/index.php\/author\/leinewelle\/"}]}},"_links":{"self":[{"href":"https:\/\/radioleinewelle.de\/index.php\/wp-json\/wp\/v2\/posts\/3648","targetHints":{"allow":["GET"]}}],"collection":[{"href":"https:\/\/radioleinewelle.de\/index.php\/wp-json\/wp\/v2\/posts"}],"about":[{"href":"https:\/\/radioleinewelle.de\/index.php\/wp-json\/wp\/v2\/types\/post"}],"author":[{"embeddable":true,"href":"https:\/\/radioleinewelle.de\/index.php\/wp-json\/wp\/v2\/users\/1"}],"replies":[{"embeddable":true,"href":"https:\/\/radioleinewelle.de\/index.php\/wp-json\/wp\/v2\/comments?post=3648"}],"version-history":[{"count":0,"href":"https:\/\/radioleinewelle.de\/index.php\/wp-json\/wp\/v2\/posts\/3648\/revisions"}],"wp:attachment":[{"href":"https:\/\/radioleinewelle.de\/index.php\/wp-json\/wp\/v2\/media?parent=3648"}],"wp:term":[{"taxonomy":"category","embeddable":true,"href":"https:\/\/radioleinewelle.de\/index.php\/wp-json\/wp\/v2\/categories?post=3648"},{"taxonomy":"post_tag","embeddable":true,"href":"https:\/\/radioleinewelle.de\/index.php\/wp-json\/wp\/v2\/tags?post=3648"}],"curies":[{"name":"wp","href":"https:\/\/api.w.org\/{rel}","templated":true}]}}