{"id":3656,"date":"2020-12-21T05:25:00","date_gmt":"2020-12-21T04:25:00","guid":{"rendered":"https:\/\/radioleinewelle.de\/?p=3656"},"modified":"2020-12-21T05:25:00","modified_gmt":"2020-12-21T04:25:00","slug":"stefan-wenzel-drittes-rettungspaket-von-bund-und-land-fuer-tui-rettet-lediglich-die-grossen-investoren","status":"publish","type":"post","link":"https:\/\/radioleinewelle.de\/index.php\/2020\/12\/21\/stefan-wenzel-drittes-rettungspaket-von-bund-und-land-fuer-tui-rettet-lediglich-die-grossen-investoren\/","title":{"rendered":"Stefan Wenzel: Drittes \u201eRettungspaket\u201c von Bund und Land f\u00fcr TUI rettet lediglich die gro\u00dfen Investoren"},"content":{"rendered":"<p>An dem dritten milliardenschweren Rettungspaket des Staates f\u00fcr den Reisekonzern TUI soll sich laut Medienberichten das Land mit einer B\u00fcrgschaft \u00fcber 400 Millionen Euro beteiligen. Aus Sicht der Gr\u00fcnen im Landtag sichert dies lediglich die gro\u00dfen internationalen Investoren ab. Notwendig w\u00e4ren anderen Ma\u00dfnahmen.\u00a0Dazu<strong> Stefan Wenzel<\/strong>, finanzpolitischer Sprecher der gr\u00fcnen Landtagsfraktion:<\/p>\n<blockquote><p>\u201eDas Land Niedersachsen will offenbar mit mehreren hundert Millionen Euro f\u00fcr den angeschlagenen Reisekonzern TUI b\u00fcrgen. Zweimal hat der Haushaltsausschuss des Landtags dazu beraten, allerdings in vertraulicher Sitzung, so dass \u00fcber die Begr\u00fcndung der Regierung und die Kenntnis des Landes \u00fcber die Lage bei TUI nicht \u00f6ffentlich berichtet werden kann. Das Bedauerliche ist: Es g\u00e4be auch nicht viel zu berichten.<\/p>\n<p>Wir m\u00fcssen leider feststellen, dass der TUI-Konzern sich in diesem Jahr bereits zwei Rettungspakete des Staates mit Fortf\u00fchrungsprognosen verschafft hat, die v\u00f6llig falsch waren. Ich kann nicht erkennen, warum nun die dritte Prognose des TUI-Vorstands n\u00e4her an der Realit\u00e4t sein sollte. Auch die hoffnungsvollen Aussagen in der j\u00fcngsten Ad-hoc-Mitteilung des TUI-Konzerns zu besseren Aussichten f\u00fcr den Tourismus im kommenden Jahr sind von der Corona-Wirklichkeit l\u00e4ngst \u00fcberholt.<\/p>\n<p>Wir m\u00fcssen vielmehr feststellen, dass die so genannte \u201eHeavy Asset\u201c-Strategie von TUI-Konzernchef Joussen, m\u00f6glichst viele Hotels, Kreuzfahrtschiffe und Flugzeuge unmittelbar zu besitzen, sich in Krisenzeiten als fatal erweist und damit gescheitert ist. F\u00fcr diese gescheiterte Strategie, sollen jetzt an Stelle des Vorstandes und der Investoren Bund und Land gerade stehen.<\/p>\n<p>Es ist jedoch nicht Aufgabe des Staates, die TUI-Investoren zu retten, die bislang herzlich wenig zur L\u00f6sung beigetragen haben. Um m\u00f6glichst viele der TUI-Arbeitspl\u00e4tze zu erhalten, ist anstelle der immer neuen Rettungspakete eine bessere L\u00f6sung n\u00f6tig und m\u00f6glich. Das kann ein Schutzschirmverfahren sein, oder auch eine Ma\u00dfnahme nach dem neuen Sanierungs- und Insolvenzrechtsfortentwicklungsgesetz, das Anfang des Jahres in Kraft tritt. Die B\u00fcrgschaft des Landes f\u00fcr TUI lehne ich ab. Es ist nicht zu erwarten, dass nach den fragw\u00fcrdigen Darlegungen des TUI-Konzerns in seiner Ad-hoc-Mitteilung an den Kapitalmarkt die Anforderungen der B\u00fcrgschaftsrichtlinie des Landes \u00fcberhaupt erf\u00fcllt werden.\u201c<\/p>\n<p>Foto: Die Gr\u00fcnen G\u00f6ttingen<\/p><\/blockquote>\n","protected":false},"excerpt":{"rendered":"<p>An dem dritten milliardenschweren Rettungspaket des Staates f\u00fcr den Reisekonzern TUI soll sich laut Medienberichten das Land mit einer B\u00fcrgschaft \u00fcber 400 Millionen Euro beteiligen. Aus Sicht der Gr\u00fcnen im Landtag sichert dies lediglich die gro\u00dfen internationalen Investoren ab. Notwendig w\u00e4ren anderen Ma\u00dfnahmen.\u00a0Dazu Stefan Wenzel, finanzpolitischer Sprecher der gr\u00fcnen Landtagsfraktion: \u201eDas Land Niedersachsen will offenbar [&hellip;]<\/p>\n","protected":false},"author":1,"featured_media":3658,"comment_status":"closed","ping_status":"closed","sticky":false,"template":"","format":"standard","meta":{"saved_in_kubio":false,"footnotes":""},"categories":[24],"tags":[],"class_list":["post-3656","post","type-post","status-publish","format-standard","has-post-thumbnail","hentry","category-news"],"yoast_head":"<!-- This site is optimized with the Yoast SEO plugin v27.5 - https:\/\/yoast.com\/product\/yoast-seo-wordpress\/ -->\n<title>Stefan Wenzel: Drittes \u201eRettungspaket\u201c von Bund und Land f\u00fcr TUI rettet lediglich die gro\u00dfen Investoren - Radio Leinewelle<\/title>\n<meta name=\"robots\" content=\"index, follow, max-snippet:-1, max-image-preview:large, max-video-preview:-1\" \/>\n<link rel=\"canonical\" href=\"https:\/\/radioleinewelle.de\/index.php\/2020\/12\/21\/stefan-wenzel-drittes-rettungspaket-von-bund-und-land-fuer-tui-rettet-lediglich-die-grossen-investoren\/\" \/>\n<meta property=\"og:locale\" content=\"de_DE\" \/>\n<meta property=\"og:type\" content=\"article\" \/>\n<meta property=\"og:title\" content=\"Stefan Wenzel: Drittes \u201eRettungspaket\u201c von Bund und Land f\u00fcr TUI rettet lediglich die gro\u00dfen Investoren - Radio Leinewelle\" \/>\n<meta property=\"og:description\" content=\"An dem dritten milliardenschweren Rettungspaket des Staates f\u00fcr den Reisekonzern TUI soll sich laut Medienberichten das Land mit einer B\u00fcrgschaft \u00fcber 400 Millionen Euro beteiligen. Aus Sicht der Gr\u00fcnen im Landtag sichert dies lediglich die gro\u00dfen internationalen Investoren ab. Notwendig w\u00e4ren anderen Ma\u00dfnahmen.\u00a0Dazu Stefan Wenzel, finanzpolitischer Sprecher der gr\u00fcnen Landtagsfraktion: \u201eDas Land Niedersachsen will offenbar [&hellip;]\" \/>\n<meta property=\"og:url\" content=\"https:\/\/radioleinewelle.de\/index.php\/2020\/12\/21\/stefan-wenzel-drittes-rettungspaket-von-bund-und-land-fuer-tui-rettet-lediglich-die-grossen-investoren\/\" \/>\n<meta property=\"og:site_name\" content=\"Radio Leinewelle\" \/>\n<meta property=\"article:publisher\" content=\"https:\/\/www.facebook.com\/radioleinewelle\" \/>\n<meta property=\"article:author\" content=\"https:\/\/www.facebook.com\/radioleinewelle\" \/>\n<meta property=\"article:published_time\" content=\"2020-12-21T04:25:00+00:00\" \/>\n<meta property=\"og:image\" content=\"https:\/\/radioleinewelle.de\/wp-content\/uploads\/2020\/12\/STEFAN_WENZEL_GRUENE_LANDTAG_2682_GRUEN-e1608496238101.jpg\" \/>\n\t<meta property=\"og:image:width\" content=\"600\" \/>\n\t<meta property=\"og:image:height\" content=\"400\" \/>\n\t<meta property=\"og:image:type\" content=\"image\/jpeg\" \/>\n<meta name=\"author\" content=\"Leinewelle\" \/>\n<meta name=\"twitter:card\" content=\"summary_large_image\" \/>\n<meta name=\"twitter:creator\" content=\"@https:\/\/twitter.com\/RLeinewelle?ref_src=twsrcgoogletwcampserptwgrauthor\" \/>\n<meta name=\"twitter:site\" content=\"@RLeinewelle\" \/>\n<meta name=\"twitter:label1\" content=\"Verfasst von\" \/>\n\t<meta name=\"twitter:data1\" content=\"Leinewelle\" \/>\n\t<meta name=\"twitter:label2\" content=\"Gesch\u00e4tzte Lesezeit\" \/>\n\t<meta name=\"twitter:data2\" content=\"2\u00a0Minuten\" \/>\n<script type=\"application\/ld+json\" class=\"yoast-schema-graph\">{\"@context\":\"https:\\\/\\\/schema.org\",\"@graph\":[{\"@type\":\"Article\",\"@id\":\"https:\\\/\\\/radioleinewelle.de\\\/index.php\\\/2020\\\/12\\\/21\\\/stefan-wenzel-drittes-rettungspaket-von-bund-und-land-fuer-tui-rettet-lediglich-die-grossen-investoren\\\/#article\",\"isPartOf\":{\"@id\":\"https:\\\/\\\/radioleinewelle.de\\\/index.php\\\/2020\\\/12\\\/21\\\/stefan-wenzel-drittes-rettungspaket-von-bund-und-land-fuer-tui-rettet-lediglich-die-grossen-investoren\\\/\"},\"author\":{\"name\":\"Leinewelle\",\"@id\":\"https:\\\/\\\/radioleinewelle.de\\\/#\\\/schema\\\/person\\\/45606f348637df637192dc1b68399a63\"},\"headline\":\"Stefan Wenzel: Drittes \u201eRettungspaket\u201c von Bund und Land f\u00fcr TUI rettet lediglich die gro\u00dfen Investoren\",\"datePublished\":\"2020-12-21T04:25:00+00:00\",\"mainEntityOfPage\":{\"@id\":\"https:\\\/\\\/radioleinewelle.de\\\/index.php\\\/2020\\\/12\\\/21\\\/stefan-wenzel-drittes-rettungspaket-von-bund-und-land-fuer-tui-rettet-lediglich-die-grossen-investoren\\\/\"},\"wordCount\":380,\"publisher\":{\"@id\":\"https:\\\/\\\/radioleinewelle.de\\\/#organization\"},\"image\":{\"@id\":\"https:\\\/\\\/radioleinewelle.de\\\/index.php\\\/2020\\\/12\\\/21\\\/stefan-wenzel-drittes-rettungspaket-von-bund-und-land-fuer-tui-rettet-lediglich-die-grossen-investoren\\\/#primaryimage\"},\"thumbnailUrl\":\"https:\\\/\\\/radioleinewelle.de\\\/wp-content\\\/uploads\\\/2020\\\/12\\\/STEFAN_WENZEL_GRUENE_LANDTAG_2682_GRUEN-e1608496238101.jpg\",\"articleSection\":[\"Aktuelle Nachrichten\"],\"inLanguage\":\"de\"},{\"@type\":\"WebPage\",\"@id\":\"https:\\\/\\\/radioleinewelle.de\\\/index.php\\\/2020\\\/12\\\/21\\\/stefan-wenzel-drittes-rettungspaket-von-bund-und-land-fuer-tui-rettet-lediglich-die-grossen-investoren\\\/\",\"url\":\"https:\\\/\\\/radioleinewelle.de\\\/index.php\\\/2020\\\/12\\\/21\\\/stefan-wenzel-drittes-rettungspaket-von-bund-und-land-fuer-tui-rettet-lediglich-die-grossen-investoren\\\/\",\"name\":\"Stefan Wenzel: Drittes \u201eRettungspaket\u201c von Bund und Land f\u00fcr TUI rettet lediglich die gro\u00dfen Investoren - Radio Leinewelle\",\"isPartOf\":{\"@id\":\"https:\\\/\\\/radioleinewelle.de\\\/#website\"},\"primaryImageOfPage\":{\"@id\":\"https:\\\/\\\/radioleinewelle.de\\\/index.php\\\/2020\\\/12\\\/21\\\/stefan-wenzel-drittes-rettungspaket-von-bund-und-land-fuer-tui-rettet-lediglich-die-grossen-investoren\\\/#primaryimage\"},\"image\":{\"@id\":\"https:\\\/\\\/radioleinewelle.de\\\/index.php\\\/2020\\\/12\\\/21\\\/stefan-wenzel-drittes-rettungspaket-von-bund-und-land-fuer-tui-rettet-lediglich-die-grossen-investoren\\\/#primaryimage\"},\"thumbnailUrl\":\"https:\\\/\\\/radioleinewelle.de\\\/wp-content\\\/uploads\\\/2020\\\/12\\\/STEFAN_WENZEL_GRUENE_LANDTAG_2682_GRUEN-e1608496238101.jpg\",\"datePublished\":\"2020-12-21T04:25:00+00:00\",\"breadcrumb\":{\"@id\":\"https:\\\/\\\/radioleinewelle.de\\\/index.php\\\/2020\\\/12\\\/21\\\/stefan-wenzel-drittes-rettungspaket-von-bund-und-land-fuer-tui-rettet-lediglich-die-grossen-investoren\\\/#breadcrumb\"},\"inLanguage\":\"de\",\"potentialAction\":[{\"@type\":\"ReadAction\",\"target\":[\"https:\\\/\\\/radioleinewelle.de\\\/index.php\\\/2020\\\/12\\\/21\\\/stefan-wenzel-drittes-rettungspaket-von-bund-und-land-fuer-tui-rettet-lediglich-die-grossen-investoren\\\/\"]}]},{\"@type\":\"ImageObject\",\"inLanguage\":\"de\",\"@id\":\"https:\\\/\\\/radioleinewelle.de\\\/index.php\\\/2020\\\/12\\\/21\\\/stefan-wenzel-drittes-rettungspaket-von-bund-und-land-fuer-tui-rettet-lediglich-die-grossen-investoren\\\/#primaryimage\",\"url\":\"https:\\\/\\\/radioleinewelle.de\\\/wp-content\\\/uploads\\\/2020\\\/12\\\/STEFAN_WENZEL_GRUENE_LANDTAG_2682_GRUEN-e1608496238101.jpg\",\"contentUrl\":\"https:\\\/\\\/radioleinewelle.de\\\/wp-content\\\/uploads\\\/2020\\\/12\\\/STEFAN_WENZEL_GRUENE_LANDTAG_2682_GRUEN-e1608496238101.jpg\",\"width\":600,\"height\":400},{\"@type\":\"BreadcrumbList\",\"@id\":\"https:\\\/\\\/radioleinewelle.de\\\/index.php\\\/2020\\\/12\\\/21\\\/stefan-wenzel-drittes-rettungspaket-von-bund-und-land-fuer-tui-rettet-lediglich-die-grossen-investoren\\\/#breadcrumb\",\"itemListElement\":[{\"@type\":\"ListItem\",\"position\":1,\"name\":\"Startseite\",\"item\":\"https:\\\/\\\/radioleinewelle.de\\\/\"},{\"@type\":\"ListItem\",\"position\":2,\"name\":\"Stefan Wenzel: Drittes \u201eRettungspaket\u201c von Bund und Land f\u00fcr TUI rettet lediglich die gro\u00dfen Investoren\"}]},{\"@type\":\"WebSite\",\"@id\":\"https:\\\/\\\/radioleinewelle.de\\\/#website\",\"url\":\"https:\\\/\\\/radioleinewelle.de\\\/\",\"name\":\"Radio Leinewelle\",\"description\":\"\",\"publisher\":{\"@id\":\"https:\\\/\\\/radioleinewelle.de\\\/#organization\"},\"potentialAction\":[{\"@type\":\"SearchAction\",\"target\":{\"@type\":\"EntryPoint\",\"urlTemplate\":\"https:\\\/\\\/radioleinewelle.de\\\/?s={search_term_string}\"},\"query-input\":{\"@type\":\"PropertyValueSpecification\",\"valueRequired\":true,\"valueName\":\"search_term_string\"}}],\"inLanguage\":\"de\"},{\"@type\":\"Organization\",\"@id\":\"https:\\\/\\\/radioleinewelle.de\\\/#organization\",\"name\":\"Radio Leinewelle\",\"alternateName\":\"Mein Radio f\u00fcr S\u00fcdniedersachsen\",\"url\":\"https:\\\/\\\/radioleinewelle.de\\\/\",\"logo\":{\"@type\":\"ImageObject\",\"inLanguage\":\"de\",\"@id\":\"https:\\\/\\\/radioleinewelle.de\\\/#\\\/schema\\\/logo\\\/image\\\/\",\"url\":\"https:\\\/\\\/radioleinewelle.de\\\/wp-content\\\/uploads\\\/2023\\\/11\\\/cropped-Leinewelle_Logo_weiss.png\",\"contentUrl\":\"https:\\\/\\\/radioleinewelle.de\\\/wp-content\\\/uploads\\\/2023\\\/11\\\/cropped-Leinewelle_Logo_weiss.png\",\"width\":854,\"height\":260,\"caption\":\"Radio Leinewelle\"},\"image\":{\"@id\":\"https:\\\/\\\/radioleinewelle.de\\\/#\\\/schema\\\/logo\\\/image\\\/\"},\"sameAs\":[\"https:\\\/\\\/www.facebook.com\\\/radioleinewelle\",\"https:\\\/\\\/x.com\\\/RLeinewelle\",\"https:\\\/\\\/www.instagram.com\\\/radioleinewelle\\\/?hl=de\"]},{\"@type\":\"Person\",\"@id\":\"https:\\\/\\\/radioleinewelle.de\\\/#\\\/schema\\\/person\\\/45606f348637df637192dc1b68399a63\",\"name\":\"Leinewelle\",\"image\":{\"@type\":\"ImageObject\",\"inLanguage\":\"de\",\"@id\":\"https:\\\/\\\/secure.gravatar.com\\\/avatar\\\/05c9a17bc973052ee5d91549bd32fb4dd0dc85b7b85ae94b2e2b4943476bbea5?s=96&d=blank&r=g\",\"url\":\"https:\\\/\\\/secure.gravatar.com\\\/avatar\\\/05c9a17bc973052ee5d91549bd32fb4dd0dc85b7b85ae94b2e2b4943476bbea5?s=96&d=blank&r=g\",\"contentUrl\":\"https:\\\/\\\/secure.gravatar.com\\\/avatar\\\/05c9a17bc973052ee5d91549bd32fb4dd0dc85b7b85ae94b2e2b4943476bbea5?s=96&d=blank&r=g\",\"caption\":\"Leinewelle\"},\"sameAs\":[\"http:\\\/\\\/localhost\\\/radio%20leinewelle\\\/wordpress\",\"https:\\\/\\\/www.facebook.com\\\/radioleinewelle\",\"https:\\\/\\\/www.instagram.com\\\/radioleinewelle\",\"https:\\\/\\\/x.com\\\/https:\\\/\\\/twitter.com\\\/RLeinewelle?ref_src=twsrcgoogletwcampserptwgrauthor\",\"https:\\\/\\\/soundcloud.com\\\/foerderverein-lokalradio?utm_source=clipboard&utm_medium=text&utm_campaign=social_sharing\"],\"url\":\"https:\\\/\\\/radioleinewelle.de\\\/index.php\\\/author\\\/leinewelle\\\/\"}]}<\/script>\n<!-- \/ Yoast SEO plugin. -->","yoast_head_json":{"title":"Stefan Wenzel: Drittes \u201eRettungspaket\u201c von Bund und Land f\u00fcr TUI rettet lediglich die gro\u00dfen Investoren - Radio Leinewelle","robots":{"index":"index","follow":"follow","max-snippet":"max-snippet:-1","max-image-preview":"max-image-preview:large","max-video-preview":"max-video-preview:-1"},"canonical":"https:\/\/radioleinewelle.de\/index.php\/2020\/12\/21\/stefan-wenzel-drittes-rettungspaket-von-bund-und-land-fuer-tui-rettet-lediglich-die-grossen-investoren\/","og_locale":"de_DE","og_type":"article","og_title":"Stefan Wenzel: Drittes \u201eRettungspaket\u201c von Bund und Land f\u00fcr TUI rettet lediglich die gro\u00dfen Investoren - Radio Leinewelle","og_description":"An dem dritten milliardenschweren Rettungspaket des Staates f\u00fcr den Reisekonzern TUI soll sich laut Medienberichten das Land mit einer B\u00fcrgschaft \u00fcber 400 Millionen Euro beteiligen. Aus Sicht der Gr\u00fcnen im Landtag sichert dies lediglich die gro\u00dfen internationalen Investoren ab. Notwendig w\u00e4ren anderen Ma\u00dfnahmen.\u00a0Dazu Stefan Wenzel, finanzpolitischer Sprecher der gr\u00fcnen Landtagsfraktion: \u201eDas Land Niedersachsen will offenbar [&hellip;]","og_url":"https:\/\/radioleinewelle.de\/index.php\/2020\/12\/21\/stefan-wenzel-drittes-rettungspaket-von-bund-und-land-fuer-tui-rettet-lediglich-die-grossen-investoren\/","og_site_name":"Radio Leinewelle","article_publisher":"https:\/\/www.facebook.com\/radioleinewelle","article_author":"https:\/\/www.facebook.com\/radioleinewelle","article_published_time":"2020-12-21T04:25:00+00:00","og_image":[{"width":600,"height":400,"url":"https:\/\/radioleinewelle.de\/wp-content\/uploads\/2020\/12\/STEFAN_WENZEL_GRUENE_LANDTAG_2682_GRUEN-e1608496238101.jpg","type":"image\/jpeg"}],"author":"Leinewelle","twitter_card":"summary_large_image","twitter_creator":"@https:\/\/twitter.com\/RLeinewelle?ref_src=twsrcgoogletwcampserptwgrauthor","twitter_site":"@RLeinewelle","twitter_misc":{"Verfasst von":"Leinewelle","Gesch\u00e4tzte Lesezeit":"2\u00a0Minuten"},"schema":{"@context":"https:\/\/schema.org","@graph":[{"@type":"Article","@id":"https:\/\/radioleinewelle.de\/index.php\/2020\/12\/21\/stefan-wenzel-drittes-rettungspaket-von-bund-und-land-fuer-tui-rettet-lediglich-die-grossen-investoren\/#article","isPartOf":{"@id":"https:\/\/radioleinewelle.de\/index.php\/2020\/12\/21\/stefan-wenzel-drittes-rettungspaket-von-bund-und-land-fuer-tui-rettet-lediglich-die-grossen-investoren\/"},"author":{"name":"Leinewelle","@id":"https:\/\/radioleinewelle.de\/#\/schema\/person\/45606f348637df637192dc1b68399a63"},"headline":"Stefan Wenzel: Drittes \u201eRettungspaket\u201c von Bund und Land f\u00fcr TUI rettet lediglich die gro\u00dfen Investoren","datePublished":"2020-12-21T04:25:00+00:00","mainEntityOfPage":{"@id":"https:\/\/radioleinewelle.de\/index.php\/2020\/12\/21\/stefan-wenzel-drittes-rettungspaket-von-bund-und-land-fuer-tui-rettet-lediglich-die-grossen-investoren\/"},"wordCount":380,"publisher":{"@id":"https:\/\/radioleinewelle.de\/#organization"},"image":{"@id":"https:\/\/radioleinewelle.de\/index.php\/2020\/12\/21\/stefan-wenzel-drittes-rettungspaket-von-bund-und-land-fuer-tui-rettet-lediglich-die-grossen-investoren\/#primaryimage"},"thumbnailUrl":"https:\/\/radioleinewelle.de\/wp-content\/uploads\/2020\/12\/STEFAN_WENZEL_GRUENE_LANDTAG_2682_GRUEN-e1608496238101.jpg","articleSection":["Aktuelle Nachrichten"],"inLanguage":"de"},{"@type":"WebPage","@id":"https:\/\/radioleinewelle.de\/index.php\/2020\/12\/21\/stefan-wenzel-drittes-rettungspaket-von-bund-und-land-fuer-tui-rettet-lediglich-die-grossen-investoren\/","url":"https:\/\/radioleinewelle.de\/index.php\/2020\/12\/21\/stefan-wenzel-drittes-rettungspaket-von-bund-und-land-fuer-tui-rettet-lediglich-die-grossen-investoren\/","name":"Stefan Wenzel: Drittes \u201eRettungspaket\u201c von Bund und Land f\u00fcr TUI rettet lediglich die gro\u00dfen Investoren - Radio Leinewelle","isPartOf":{"@id":"https:\/\/radioleinewelle.de\/#website"},"primaryImageOfPage":{"@id":"https:\/\/radioleinewelle.de\/index.php\/2020\/12\/21\/stefan-wenzel-drittes-rettungspaket-von-bund-und-land-fuer-tui-rettet-lediglich-die-grossen-investoren\/#primaryimage"},"image":{"@id":"https:\/\/radioleinewelle.de\/index.php\/2020\/12\/21\/stefan-wenzel-drittes-rettungspaket-von-bund-und-land-fuer-tui-rettet-lediglich-die-grossen-investoren\/#primaryimage"},"thumbnailUrl":"https:\/\/radioleinewelle.de\/wp-content\/uploads\/2020\/12\/STEFAN_WENZEL_GRUENE_LANDTAG_2682_GRUEN-e1608496238101.jpg","datePublished":"2020-12-21T04:25:00+00:00","breadcrumb":{"@id":"https:\/\/radioleinewelle.de\/index.php\/2020\/12\/21\/stefan-wenzel-drittes-rettungspaket-von-bund-und-land-fuer-tui-rettet-lediglich-die-grossen-investoren\/#breadcrumb"},"inLanguage":"de","potentialAction":[{"@type":"ReadAction","target":["https:\/\/radioleinewelle.de\/index.php\/2020\/12\/21\/stefan-wenzel-drittes-rettungspaket-von-bund-und-land-fuer-tui-rettet-lediglich-die-grossen-investoren\/"]}]},{"@type":"ImageObject","inLanguage":"de","@id":"https:\/\/radioleinewelle.de\/index.php\/2020\/12\/21\/stefan-wenzel-drittes-rettungspaket-von-bund-und-land-fuer-tui-rettet-lediglich-die-grossen-investoren\/#primaryimage","url":"https:\/\/radioleinewelle.de\/wp-content\/uploads\/2020\/12\/STEFAN_WENZEL_GRUENE_LANDTAG_2682_GRUEN-e1608496238101.jpg","contentUrl":"https:\/\/radioleinewelle.de\/wp-content\/uploads\/2020\/12\/STEFAN_WENZEL_GRUENE_LANDTAG_2682_GRUEN-e1608496238101.jpg","width":600,"height":400},{"@type":"BreadcrumbList","@id":"https:\/\/radioleinewelle.de\/index.php\/2020\/12\/21\/stefan-wenzel-drittes-rettungspaket-von-bund-und-land-fuer-tui-rettet-lediglich-die-grossen-investoren\/#breadcrumb","itemListElement":[{"@type":"ListItem","position":1,"name":"Startseite","item":"https:\/\/radioleinewelle.de\/"},{"@type":"ListItem","position":2,"name":"Stefan Wenzel: Drittes \u201eRettungspaket\u201c von Bund und Land f\u00fcr TUI rettet lediglich die gro\u00dfen Investoren"}]},{"@type":"WebSite","@id":"https:\/\/radioleinewelle.de\/#website","url":"https:\/\/radioleinewelle.de\/","name":"Radio Leinewelle","description":"","publisher":{"@id":"https:\/\/radioleinewelle.de\/#organization"},"potentialAction":[{"@type":"SearchAction","target":{"@type":"EntryPoint","urlTemplate":"https:\/\/radioleinewelle.de\/?s={search_term_string}"},"query-input":{"@type":"PropertyValueSpecification","valueRequired":true,"valueName":"search_term_string"}}],"inLanguage":"de"},{"@type":"Organization","@id":"https:\/\/radioleinewelle.de\/#organization","name":"Radio Leinewelle","alternateName":"Mein Radio f\u00fcr S\u00fcdniedersachsen","url":"https:\/\/radioleinewelle.de\/","logo":{"@type":"ImageObject","inLanguage":"de","@id":"https:\/\/radioleinewelle.de\/#\/schema\/logo\/image\/","url":"https:\/\/radioleinewelle.de\/wp-content\/uploads\/2023\/11\/cropped-Leinewelle_Logo_weiss.png","contentUrl":"https:\/\/radioleinewelle.de\/wp-content\/uploads\/2023\/11\/cropped-Leinewelle_Logo_weiss.png","width":854,"height":260,"caption":"Radio Leinewelle"},"image":{"@id":"https:\/\/radioleinewelle.de\/#\/schema\/logo\/image\/"},"sameAs":["https:\/\/www.facebook.com\/radioleinewelle","https:\/\/x.com\/RLeinewelle","https:\/\/www.instagram.com\/radioleinewelle\/?hl=de"]},{"@type":"Person","@id":"https:\/\/radioleinewelle.de\/#\/schema\/person\/45606f348637df637192dc1b68399a63","name":"Leinewelle","image":{"@type":"ImageObject","inLanguage":"de","@id":"https:\/\/secure.gravatar.com\/avatar\/05c9a17bc973052ee5d91549bd32fb4dd0dc85b7b85ae94b2e2b4943476bbea5?s=96&d=blank&r=g","url":"https:\/\/secure.gravatar.com\/avatar\/05c9a17bc973052ee5d91549bd32fb4dd0dc85b7b85ae94b2e2b4943476bbea5?s=96&d=blank&r=g","contentUrl":"https:\/\/secure.gravatar.com\/avatar\/05c9a17bc973052ee5d91549bd32fb4dd0dc85b7b85ae94b2e2b4943476bbea5?s=96&d=blank&r=g","caption":"Leinewelle"},"sameAs":["http:\/\/localhost\/radio%20leinewelle\/wordpress","https:\/\/www.facebook.com\/radioleinewelle","https:\/\/www.instagram.com\/radioleinewelle","https:\/\/x.com\/https:\/\/twitter.com\/RLeinewelle?ref_src=twsrcgoogletwcampserptwgrauthor","https:\/\/soundcloud.com\/foerderverein-lokalradio?utm_source=clipboard&utm_medium=text&utm_campaign=social_sharing"],"url":"https:\/\/radioleinewelle.de\/index.php\/author\/leinewelle\/"}]}},"_links":{"self":[{"href":"https:\/\/radioleinewelle.de\/index.php\/wp-json\/wp\/v2\/posts\/3656","targetHints":{"allow":["GET"]}}],"collection":[{"href":"https:\/\/radioleinewelle.de\/index.php\/wp-json\/wp\/v2\/posts"}],"about":[{"href":"https:\/\/radioleinewelle.de\/index.php\/wp-json\/wp\/v2\/types\/post"}],"author":[{"embeddable":true,"href":"https:\/\/radioleinewelle.de\/index.php\/wp-json\/wp\/v2\/users\/1"}],"replies":[{"embeddable":true,"href":"https:\/\/radioleinewelle.de\/index.php\/wp-json\/wp\/v2\/comments?post=3656"}],"version-history":[{"count":0,"href":"https:\/\/radioleinewelle.de\/index.php\/wp-json\/wp\/v2\/posts\/3656\/revisions"}],"wp:featuredmedia":[{"embeddable":true,"href":"https:\/\/radioleinewelle.de\/index.php\/wp-json\/wp\/v2\/media\/3658"}],"wp:attachment":[{"href":"https:\/\/radioleinewelle.de\/index.php\/wp-json\/wp\/v2\/media?parent=3656"}],"wp:term":[{"taxonomy":"category","embeddable":true,"href":"https:\/\/radioleinewelle.de\/index.php\/wp-json\/wp\/v2\/categories?post=3656"},{"taxonomy":"post_tag","embeddable":true,"href":"https:\/\/radioleinewelle.de\/index.php\/wp-json\/wp\/v2\/tags?post=3656"}],"curies":[{"name":"wp","href":"https:\/\/api.w.org\/{rel}","templated":true}]}}