{"id":3660,"date":"2020-12-21T05:56:46","date_gmt":"2020-12-21T04:56:46","guid":{"rendered":"https:\/\/radioleinewelle.de\/?p=3660"},"modified":"2020-12-21T05:56:46","modified_gmt":"2020-12-21T04:56:46","slug":"coronalage-in-suedniedersachsen-am-21-12-duderstadt-beschliesst-weitere-massnahmen","status":"publish","type":"post","link":"https:\/\/radioleinewelle.de\/index.php\/2020\/12\/21\/coronalage-in-suedniedersachsen-am-21-12-duderstadt-beschliesst-weitere-massnahmen\/","title":{"rendered":"Coronalage in S\u00fcdniedersachsen am 21.12. &#8211; Duderstadt beschlie\u00dft weitere Ma\u00dfnahmen"},"content":{"rendered":"<p>Die Inzidenzzahlen in S\u00fcdniedersachsen bleiben im Vergleich zur Vorwoche in den einzelnen Landkreisen weiter hoch, d.h. am oder \u00fcber dem Grenzwert von 50. Dennoch liegen sie deutlich unter den landes- und bundesweiten Durchschnitten. Die aktuellen Zahlen im Detail:<br \/>\n<strong>Die Landkreise:<\/strong><br \/>\nG\u00f6ttingen 90,5, Northeim 49,9, Goslar 81,4 Holzminden 69,5. H\u00f6xter 88,4<\/p>\n<p>Der Durchschnitt in Niedersachsen liegt bei 109,6, der Bundesdurchschnitt 197,1, die bundesweite Zahl der Corona Neuinfektionen steigt um 16643, die Sterbef\u00e4lle steigen bundesweit um 226 Tote zum Vortag. \u00a0Der Anteil der COVID-19 Patienten an der Gesamtzahl der Intensivbetten in Niedersachsen steigt minimal auf 10,0 %<\/p>\n<p>Beunruhigend sind die Zahlen im Eichsfeld, der Inzidenzwert liegt hier bei 406,0.<\/p>\n<div class=\"page\" title=\"Page 1\">\n<div class=\"layoutArea\">\n<div class=\"column\">\n<p><strong>Die Stadt Duderstadt teilt mit:<\/strong><br \/>\nErh\u00f6hter Anstieg der Infiziertenzahlen &#8211; ab Montag gelten weitere Beschr\u00e4nkungen f\u00fcr Duderstadt.\u00a0Aufgrund des aktuellen Infektionsgeschehens im Bereich der Stadt Duderstadt wurden weitere Ma\u00dfnahmen zur Bek\u00e4mpfung des Coronavirus durch die Stadtverwaltung Duderstadt, den Landkreis G\u00f6ttingen und das Gesundheitsamt angeordnet.\u00a0Die derzeitige Situation in Duderstadt stellt sich sehr diffus dar, da unterschiedliche Personengruppen und Einrichtungen aktuell von den Infektionen betroffen sind. Am Sonntag den 20. Dezember 2020 waren in Duderstadt 99 Personen mit dem Coronavirus infiziert. Dar\u00fcber hinaus werden in den kommenden Tagen weitere Testungen durchgef\u00fchrt. Ergebnisse bereits erfolgter Testungen stehen noch aus.<\/p>\n<\/div>\n<\/div>\n<\/div>\n<p>&nbsp;<\/p>\n<p>&nbsp;<\/p>\n<p>Bild von <a href=\"https:\/\/pixabay.com\/de\/users\/tumisu-148124\/?utm_source=link-attribution&amp;utm_medium=referral&amp;utm_campaign=image&amp;utm_content=4914028\">Tumisu<\/a> auf <a href=\"https:\/\/pixabay.com\/de\/?utm_source=link-attribution&amp;utm_medium=referral&amp;utm_campaign=image&amp;utm_content=4914028\">Pixabay<\/a><\/p>\n","protected":false},"excerpt":{"rendered":"<p>Die Inzidenzzahlen in S\u00fcdniedersachsen bleiben im Vergleich zur Vorwoche in den einzelnen Landkreisen weiter hoch, d.h. am oder \u00fcber dem Grenzwert von 50. Dennoch liegen sie deutlich unter den landes- und bundesweiten Durchschnitten. Die aktuellen Zahlen im Detail: Die Landkreise: G\u00f6ttingen 90,5, Northeim 49,9, Goslar 81,4 Holzminden 69,5. H\u00f6xter 88,4 Der Durchschnitt in Niedersachsen liegt [&hellip;]<\/p>\n","protected":false},"author":1,"featured_media":2613,"comment_status":"closed","ping_status":"closed","sticky":false,"template":"","format":"standard","meta":{"saved_in_kubio":false,"footnotes":""},"categories":[24,23],"tags":[],"class_list":["post-3660","post","type-post","status-publish","format-standard","has-post-thumbnail","hentry","category-news","category-corona"],"yoast_head":"<!-- This site is optimized with the Yoast SEO plugin v27.5 - https:\/\/yoast.com\/product\/yoast-seo-wordpress\/ -->\n<title>Coronalage in S\u00fcdniedersachsen am 21.12. - Duderstadt beschlie\u00dft weitere Ma\u00dfnahmen - Radio Leinewelle<\/title>\n<meta name=\"robots\" content=\"index, follow, max-snippet:-1, max-image-preview:large, max-video-preview:-1\" \/>\n<link rel=\"canonical\" href=\"https:\/\/radioleinewelle.de\/index.php\/2020\/12\/21\/coronalage-in-suedniedersachsen-am-21-12-duderstadt-beschliesst-weitere-massnahmen\/\" \/>\n<meta property=\"og:locale\" content=\"de_DE\" \/>\n<meta property=\"og:type\" content=\"article\" \/>\n<meta property=\"og:title\" content=\"Coronalage in S\u00fcdniedersachsen am 21.12. - Duderstadt beschlie\u00dft weitere Ma\u00dfnahmen - Radio Leinewelle\" \/>\n<meta property=\"og:description\" content=\"Die Inzidenzzahlen in S\u00fcdniedersachsen bleiben im Vergleich zur Vorwoche in den einzelnen Landkreisen weiter hoch, d.h. am oder \u00fcber dem Grenzwert von 50. Dennoch liegen sie deutlich unter den landes- und bundesweiten Durchschnitten. Die aktuellen Zahlen im Detail: Die Landkreise: G\u00f6ttingen 90,5, Northeim 49,9, Goslar 81,4 Holzminden 69,5. H\u00f6xter 88,4 Der Durchschnitt in Niedersachsen liegt [&hellip;]\" \/>\n<meta property=\"og:url\" content=\"https:\/\/radioleinewelle.de\/index.php\/2020\/12\/21\/coronalage-in-suedniedersachsen-am-21-12-duderstadt-beschliesst-weitere-massnahmen\/\" \/>\n<meta property=\"og:site_name\" content=\"Radio Leinewelle\" \/>\n<meta property=\"article:publisher\" content=\"https:\/\/www.facebook.com\/radioleinewelle\" \/>\n<meta property=\"article:author\" content=\"https:\/\/www.facebook.com\/radioleinewelle\" \/>\n<meta property=\"article:published_time\" content=\"2020-12-21T04:56:46+00:00\" \/>\n<meta property=\"og:image\" content=\"https:\/\/radioleinewelle.de\/wp-content\/uploads\/2020\/10\/coronavirus-4914028_640-1.jpg\" \/>\n\t<meta property=\"og:image:width\" content=\"640\" \/>\n\t<meta property=\"og:image:height\" content=\"363\" \/>\n\t<meta property=\"og:image:type\" content=\"image\/jpeg\" \/>\n<meta name=\"author\" content=\"Leinewelle\" \/>\n<meta name=\"twitter:card\" content=\"summary_large_image\" \/>\n<meta name=\"twitter:creator\" content=\"@https:\/\/twitter.com\/RLeinewelle?ref_src=twsrcgoogletwcampserptwgrauthor\" \/>\n<meta name=\"twitter:site\" content=\"@RLeinewelle\" \/>\n<meta name=\"twitter:label1\" content=\"Verfasst von\" \/>\n\t<meta name=\"twitter:data1\" content=\"Leinewelle\" \/>\n\t<meta name=\"twitter:label2\" content=\"Gesch\u00e4tzte Lesezeit\" \/>\n\t<meta name=\"twitter:data2\" content=\"1\u00a0Minute\" \/>\n<script type=\"application\/ld+json\" class=\"yoast-schema-graph\">{\"@context\":\"https:\\\/\\\/schema.org\",\"@graph\":[{\"@type\":\"Article\",\"@id\":\"https:\\\/\\\/radioleinewelle.de\\\/index.php\\\/2020\\\/12\\\/21\\\/coronalage-in-suedniedersachsen-am-21-12-duderstadt-beschliesst-weitere-massnahmen\\\/#article\",\"isPartOf\":{\"@id\":\"https:\\\/\\\/radioleinewelle.de\\\/index.php\\\/2020\\\/12\\\/21\\\/coronalage-in-suedniedersachsen-am-21-12-duderstadt-beschliesst-weitere-massnahmen\\\/\"},\"author\":{\"name\":\"Leinewelle\",\"@id\":\"https:\\\/\\\/radioleinewelle.de\\\/#\\\/schema\\\/person\\\/45606f348637df637192dc1b68399a63\"},\"headline\":\"Coronalage in S\u00fcdniedersachsen am 21.12. &#8211; Duderstadt beschlie\u00dft weitere Ma\u00dfnahmen\",\"datePublished\":\"2020-12-21T04:56:46+00:00\",\"mainEntityOfPage\":{\"@id\":\"https:\\\/\\\/radioleinewelle.de\\\/index.php\\\/2020\\\/12\\\/21\\\/coronalage-in-suedniedersachsen-am-21-12-duderstadt-beschliesst-weitere-massnahmen\\\/\"},\"wordCount\":220,\"publisher\":{\"@id\":\"https:\\\/\\\/radioleinewelle.de\\\/#organization\"},\"image\":{\"@id\":\"https:\\\/\\\/radioleinewelle.de\\\/index.php\\\/2020\\\/12\\\/21\\\/coronalage-in-suedniedersachsen-am-21-12-duderstadt-beschliesst-weitere-massnahmen\\\/#primaryimage\"},\"thumbnailUrl\":\"https:\\\/\\\/radioleinewelle.de\\\/wp-content\\\/uploads\\\/2020\\\/10\\\/coronavirus-4914028_640-1.jpg\",\"articleSection\":[\"Aktuelle Nachrichten\",\"Corona\"],\"inLanguage\":\"de\"},{\"@type\":\"WebPage\",\"@id\":\"https:\\\/\\\/radioleinewelle.de\\\/index.php\\\/2020\\\/12\\\/21\\\/coronalage-in-suedniedersachsen-am-21-12-duderstadt-beschliesst-weitere-massnahmen\\\/\",\"url\":\"https:\\\/\\\/radioleinewelle.de\\\/index.php\\\/2020\\\/12\\\/21\\\/coronalage-in-suedniedersachsen-am-21-12-duderstadt-beschliesst-weitere-massnahmen\\\/\",\"name\":\"Coronalage in S\u00fcdniedersachsen am 21.12. - Duderstadt beschlie\u00dft weitere Ma\u00dfnahmen - Radio Leinewelle\",\"isPartOf\":{\"@id\":\"https:\\\/\\\/radioleinewelle.de\\\/#website\"},\"primaryImageOfPage\":{\"@id\":\"https:\\\/\\\/radioleinewelle.de\\\/index.php\\\/2020\\\/12\\\/21\\\/coronalage-in-suedniedersachsen-am-21-12-duderstadt-beschliesst-weitere-massnahmen\\\/#primaryimage\"},\"image\":{\"@id\":\"https:\\\/\\\/radioleinewelle.de\\\/index.php\\\/2020\\\/12\\\/21\\\/coronalage-in-suedniedersachsen-am-21-12-duderstadt-beschliesst-weitere-massnahmen\\\/#primaryimage\"},\"thumbnailUrl\":\"https:\\\/\\\/radioleinewelle.de\\\/wp-content\\\/uploads\\\/2020\\\/10\\\/coronavirus-4914028_640-1.jpg\",\"datePublished\":\"2020-12-21T04:56:46+00:00\",\"breadcrumb\":{\"@id\":\"https:\\\/\\\/radioleinewelle.de\\\/index.php\\\/2020\\\/12\\\/21\\\/coronalage-in-suedniedersachsen-am-21-12-duderstadt-beschliesst-weitere-massnahmen\\\/#breadcrumb\"},\"inLanguage\":\"de\",\"potentialAction\":[{\"@type\":\"ReadAction\",\"target\":[\"https:\\\/\\\/radioleinewelle.de\\\/index.php\\\/2020\\\/12\\\/21\\\/coronalage-in-suedniedersachsen-am-21-12-duderstadt-beschliesst-weitere-massnahmen\\\/\"]}]},{\"@type\":\"ImageObject\",\"inLanguage\":\"de\",\"@id\":\"https:\\\/\\\/radioleinewelle.de\\\/index.php\\\/2020\\\/12\\\/21\\\/coronalage-in-suedniedersachsen-am-21-12-duderstadt-beschliesst-weitere-massnahmen\\\/#primaryimage\",\"url\":\"https:\\\/\\\/radioleinewelle.de\\\/wp-content\\\/uploads\\\/2020\\\/10\\\/coronavirus-4914028_640-1.jpg\",\"contentUrl\":\"https:\\\/\\\/radioleinewelle.de\\\/wp-content\\\/uploads\\\/2020\\\/10\\\/coronavirus-4914028_640-1.jpg\",\"width\":640,\"height\":363},{\"@type\":\"BreadcrumbList\",\"@id\":\"https:\\\/\\\/radioleinewelle.de\\\/index.php\\\/2020\\\/12\\\/21\\\/coronalage-in-suedniedersachsen-am-21-12-duderstadt-beschliesst-weitere-massnahmen\\\/#breadcrumb\",\"itemListElement\":[{\"@type\":\"ListItem\",\"position\":1,\"name\":\"Startseite\",\"item\":\"https:\\\/\\\/radioleinewelle.de\\\/\"},{\"@type\":\"ListItem\",\"position\":2,\"name\":\"Coronalage in S\u00fcdniedersachsen am 21.12. &#8211; Duderstadt beschlie\u00dft weitere Ma\u00dfnahmen\"}]},{\"@type\":\"WebSite\",\"@id\":\"https:\\\/\\\/radioleinewelle.de\\\/#website\",\"url\":\"https:\\\/\\\/radioleinewelle.de\\\/\",\"name\":\"Radio Leinewelle\",\"description\":\"\",\"publisher\":{\"@id\":\"https:\\\/\\\/radioleinewelle.de\\\/#organization\"},\"potentialAction\":[{\"@type\":\"SearchAction\",\"target\":{\"@type\":\"EntryPoint\",\"urlTemplate\":\"https:\\\/\\\/radioleinewelle.de\\\/?s={search_term_string}\"},\"query-input\":{\"@type\":\"PropertyValueSpecification\",\"valueRequired\":true,\"valueName\":\"search_term_string\"}}],\"inLanguage\":\"de\"},{\"@type\":\"Organization\",\"@id\":\"https:\\\/\\\/radioleinewelle.de\\\/#organization\",\"name\":\"Radio Leinewelle\",\"alternateName\":\"Mein Radio f\u00fcr S\u00fcdniedersachsen\",\"url\":\"https:\\\/\\\/radioleinewelle.de\\\/\",\"logo\":{\"@type\":\"ImageObject\",\"inLanguage\":\"de\",\"@id\":\"https:\\\/\\\/radioleinewelle.de\\\/#\\\/schema\\\/logo\\\/image\\\/\",\"url\":\"https:\\\/\\\/radioleinewelle.de\\\/wp-content\\\/uploads\\\/2023\\\/11\\\/cropped-Leinewelle_Logo_weiss.png\",\"contentUrl\":\"https:\\\/\\\/radioleinewelle.de\\\/wp-content\\\/uploads\\\/2023\\\/11\\\/cropped-Leinewelle_Logo_weiss.png\",\"width\":854,\"height\":260,\"caption\":\"Radio Leinewelle\"},\"image\":{\"@id\":\"https:\\\/\\\/radioleinewelle.de\\\/#\\\/schema\\\/logo\\\/image\\\/\"},\"sameAs\":[\"https:\\\/\\\/www.facebook.com\\\/radioleinewelle\",\"https:\\\/\\\/x.com\\\/RLeinewelle\",\"https:\\\/\\\/www.instagram.com\\\/radioleinewelle\\\/?hl=de\"]},{\"@type\":\"Person\",\"@id\":\"https:\\\/\\\/radioleinewelle.de\\\/#\\\/schema\\\/person\\\/45606f348637df637192dc1b68399a63\",\"name\":\"Leinewelle\",\"image\":{\"@type\":\"ImageObject\",\"inLanguage\":\"de\",\"@id\":\"https:\\\/\\\/secure.gravatar.com\\\/avatar\\\/05c9a17bc973052ee5d91549bd32fb4dd0dc85b7b85ae94b2e2b4943476bbea5?s=96&d=blank&r=g\",\"url\":\"https:\\\/\\\/secure.gravatar.com\\\/avatar\\\/05c9a17bc973052ee5d91549bd32fb4dd0dc85b7b85ae94b2e2b4943476bbea5?s=96&d=blank&r=g\",\"contentUrl\":\"https:\\\/\\\/secure.gravatar.com\\\/avatar\\\/05c9a17bc973052ee5d91549bd32fb4dd0dc85b7b85ae94b2e2b4943476bbea5?s=96&d=blank&r=g\",\"caption\":\"Leinewelle\"},\"sameAs\":[\"http:\\\/\\\/localhost\\\/radio%20leinewelle\\\/wordpress\",\"https:\\\/\\\/www.facebook.com\\\/radioleinewelle\",\"https:\\\/\\\/www.instagram.com\\\/radioleinewelle\",\"https:\\\/\\\/x.com\\\/https:\\\/\\\/twitter.com\\\/RLeinewelle?ref_src=twsrcgoogletwcampserptwgrauthor\",\"https:\\\/\\\/soundcloud.com\\\/foerderverein-lokalradio?utm_source=clipboard&utm_medium=text&utm_campaign=social_sharing\"],\"url\":\"https:\\\/\\\/radioleinewelle.de\\\/index.php\\\/author\\\/leinewelle\\\/\"}]}<\/script>\n<!-- \/ Yoast SEO plugin. -->","yoast_head_json":{"title":"Coronalage in S\u00fcdniedersachsen am 21.12. - Duderstadt beschlie\u00dft weitere Ma\u00dfnahmen - Radio Leinewelle","robots":{"index":"index","follow":"follow","max-snippet":"max-snippet:-1","max-image-preview":"max-image-preview:large","max-video-preview":"max-video-preview:-1"},"canonical":"https:\/\/radioleinewelle.de\/index.php\/2020\/12\/21\/coronalage-in-suedniedersachsen-am-21-12-duderstadt-beschliesst-weitere-massnahmen\/","og_locale":"de_DE","og_type":"article","og_title":"Coronalage in S\u00fcdniedersachsen am 21.12. - Duderstadt beschlie\u00dft weitere Ma\u00dfnahmen - Radio Leinewelle","og_description":"Die Inzidenzzahlen in S\u00fcdniedersachsen bleiben im Vergleich zur Vorwoche in den einzelnen Landkreisen weiter hoch, d.h. am oder \u00fcber dem Grenzwert von 50. Dennoch liegen sie deutlich unter den landes- und bundesweiten Durchschnitten. Die aktuellen Zahlen im Detail: Die Landkreise: G\u00f6ttingen 90,5, Northeim 49,9, Goslar 81,4 Holzminden 69,5. H\u00f6xter 88,4 Der Durchschnitt in Niedersachsen liegt [&hellip;]","og_url":"https:\/\/radioleinewelle.de\/index.php\/2020\/12\/21\/coronalage-in-suedniedersachsen-am-21-12-duderstadt-beschliesst-weitere-massnahmen\/","og_site_name":"Radio Leinewelle","article_publisher":"https:\/\/www.facebook.com\/radioleinewelle","article_author":"https:\/\/www.facebook.com\/radioleinewelle","article_published_time":"2020-12-21T04:56:46+00:00","og_image":[{"width":640,"height":363,"url":"https:\/\/radioleinewelle.de\/wp-content\/uploads\/2020\/10\/coronavirus-4914028_640-1.jpg","type":"image\/jpeg"}],"author":"Leinewelle","twitter_card":"summary_large_image","twitter_creator":"@https:\/\/twitter.com\/RLeinewelle?ref_src=twsrcgoogletwcampserptwgrauthor","twitter_site":"@RLeinewelle","twitter_misc":{"Verfasst von":"Leinewelle","Gesch\u00e4tzte Lesezeit":"1\u00a0Minute"},"schema":{"@context":"https:\/\/schema.org","@graph":[{"@type":"Article","@id":"https:\/\/radioleinewelle.de\/index.php\/2020\/12\/21\/coronalage-in-suedniedersachsen-am-21-12-duderstadt-beschliesst-weitere-massnahmen\/#article","isPartOf":{"@id":"https:\/\/radioleinewelle.de\/index.php\/2020\/12\/21\/coronalage-in-suedniedersachsen-am-21-12-duderstadt-beschliesst-weitere-massnahmen\/"},"author":{"name":"Leinewelle","@id":"https:\/\/radioleinewelle.de\/#\/schema\/person\/45606f348637df637192dc1b68399a63"},"headline":"Coronalage in S\u00fcdniedersachsen am 21.12. &#8211; Duderstadt beschlie\u00dft weitere Ma\u00dfnahmen","datePublished":"2020-12-21T04:56:46+00:00","mainEntityOfPage":{"@id":"https:\/\/radioleinewelle.de\/index.php\/2020\/12\/21\/coronalage-in-suedniedersachsen-am-21-12-duderstadt-beschliesst-weitere-massnahmen\/"},"wordCount":220,"publisher":{"@id":"https:\/\/radioleinewelle.de\/#organization"},"image":{"@id":"https:\/\/radioleinewelle.de\/index.php\/2020\/12\/21\/coronalage-in-suedniedersachsen-am-21-12-duderstadt-beschliesst-weitere-massnahmen\/#primaryimage"},"thumbnailUrl":"https:\/\/radioleinewelle.de\/wp-content\/uploads\/2020\/10\/coronavirus-4914028_640-1.jpg","articleSection":["Aktuelle Nachrichten","Corona"],"inLanguage":"de"},{"@type":"WebPage","@id":"https:\/\/radioleinewelle.de\/index.php\/2020\/12\/21\/coronalage-in-suedniedersachsen-am-21-12-duderstadt-beschliesst-weitere-massnahmen\/","url":"https:\/\/radioleinewelle.de\/index.php\/2020\/12\/21\/coronalage-in-suedniedersachsen-am-21-12-duderstadt-beschliesst-weitere-massnahmen\/","name":"Coronalage in S\u00fcdniedersachsen am 21.12. - Duderstadt beschlie\u00dft weitere Ma\u00dfnahmen - Radio Leinewelle","isPartOf":{"@id":"https:\/\/radioleinewelle.de\/#website"},"primaryImageOfPage":{"@id":"https:\/\/radioleinewelle.de\/index.php\/2020\/12\/21\/coronalage-in-suedniedersachsen-am-21-12-duderstadt-beschliesst-weitere-massnahmen\/#primaryimage"},"image":{"@id":"https:\/\/radioleinewelle.de\/index.php\/2020\/12\/21\/coronalage-in-suedniedersachsen-am-21-12-duderstadt-beschliesst-weitere-massnahmen\/#primaryimage"},"thumbnailUrl":"https:\/\/radioleinewelle.de\/wp-content\/uploads\/2020\/10\/coronavirus-4914028_640-1.jpg","datePublished":"2020-12-21T04:56:46+00:00","breadcrumb":{"@id":"https:\/\/radioleinewelle.de\/index.php\/2020\/12\/21\/coronalage-in-suedniedersachsen-am-21-12-duderstadt-beschliesst-weitere-massnahmen\/#breadcrumb"},"inLanguage":"de","potentialAction":[{"@type":"ReadAction","target":["https:\/\/radioleinewelle.de\/index.php\/2020\/12\/21\/coronalage-in-suedniedersachsen-am-21-12-duderstadt-beschliesst-weitere-massnahmen\/"]}]},{"@type":"ImageObject","inLanguage":"de","@id":"https:\/\/radioleinewelle.de\/index.php\/2020\/12\/21\/coronalage-in-suedniedersachsen-am-21-12-duderstadt-beschliesst-weitere-massnahmen\/#primaryimage","url":"https:\/\/radioleinewelle.de\/wp-content\/uploads\/2020\/10\/coronavirus-4914028_640-1.jpg","contentUrl":"https:\/\/radioleinewelle.de\/wp-content\/uploads\/2020\/10\/coronavirus-4914028_640-1.jpg","width":640,"height":363},{"@type":"BreadcrumbList","@id":"https:\/\/radioleinewelle.de\/index.php\/2020\/12\/21\/coronalage-in-suedniedersachsen-am-21-12-duderstadt-beschliesst-weitere-massnahmen\/#breadcrumb","itemListElement":[{"@type":"ListItem","position":1,"name":"Startseite","item":"https:\/\/radioleinewelle.de\/"},{"@type":"ListItem","position":2,"name":"Coronalage in S\u00fcdniedersachsen am 21.12. &#8211; Duderstadt beschlie\u00dft weitere Ma\u00dfnahmen"}]},{"@type":"WebSite","@id":"https:\/\/radioleinewelle.de\/#website","url":"https:\/\/radioleinewelle.de\/","name":"Radio Leinewelle","description":"","publisher":{"@id":"https:\/\/radioleinewelle.de\/#organization"},"potentialAction":[{"@type":"SearchAction","target":{"@type":"EntryPoint","urlTemplate":"https:\/\/radioleinewelle.de\/?s={search_term_string}"},"query-input":{"@type":"PropertyValueSpecification","valueRequired":true,"valueName":"search_term_string"}}],"inLanguage":"de"},{"@type":"Organization","@id":"https:\/\/radioleinewelle.de\/#organization","name":"Radio Leinewelle","alternateName":"Mein Radio f\u00fcr S\u00fcdniedersachsen","url":"https:\/\/radioleinewelle.de\/","logo":{"@type":"ImageObject","inLanguage":"de","@id":"https:\/\/radioleinewelle.de\/#\/schema\/logo\/image\/","url":"https:\/\/radioleinewelle.de\/wp-content\/uploads\/2023\/11\/cropped-Leinewelle_Logo_weiss.png","contentUrl":"https:\/\/radioleinewelle.de\/wp-content\/uploads\/2023\/11\/cropped-Leinewelle_Logo_weiss.png","width":854,"height":260,"caption":"Radio Leinewelle"},"image":{"@id":"https:\/\/radioleinewelle.de\/#\/schema\/logo\/image\/"},"sameAs":["https:\/\/www.facebook.com\/radioleinewelle","https:\/\/x.com\/RLeinewelle","https:\/\/www.instagram.com\/radioleinewelle\/?hl=de"]},{"@type":"Person","@id":"https:\/\/radioleinewelle.de\/#\/schema\/person\/45606f348637df637192dc1b68399a63","name":"Leinewelle","image":{"@type":"ImageObject","inLanguage":"de","@id":"https:\/\/secure.gravatar.com\/avatar\/05c9a17bc973052ee5d91549bd32fb4dd0dc85b7b85ae94b2e2b4943476bbea5?s=96&d=blank&r=g","url":"https:\/\/secure.gravatar.com\/avatar\/05c9a17bc973052ee5d91549bd32fb4dd0dc85b7b85ae94b2e2b4943476bbea5?s=96&d=blank&r=g","contentUrl":"https:\/\/secure.gravatar.com\/avatar\/05c9a17bc973052ee5d91549bd32fb4dd0dc85b7b85ae94b2e2b4943476bbea5?s=96&d=blank&r=g","caption":"Leinewelle"},"sameAs":["http:\/\/localhost\/radio%20leinewelle\/wordpress","https:\/\/www.facebook.com\/radioleinewelle","https:\/\/www.instagram.com\/radioleinewelle","https:\/\/x.com\/https:\/\/twitter.com\/RLeinewelle?ref_src=twsrcgoogletwcampserptwgrauthor","https:\/\/soundcloud.com\/foerderverein-lokalradio?utm_source=clipboard&utm_medium=text&utm_campaign=social_sharing"],"url":"https:\/\/radioleinewelle.de\/index.php\/author\/leinewelle\/"}]}},"_links":{"self":[{"href":"https:\/\/radioleinewelle.de\/index.php\/wp-json\/wp\/v2\/posts\/3660","targetHints":{"allow":["GET"]}}],"collection":[{"href":"https:\/\/radioleinewelle.de\/index.php\/wp-json\/wp\/v2\/posts"}],"about":[{"href":"https:\/\/radioleinewelle.de\/index.php\/wp-json\/wp\/v2\/types\/post"}],"author":[{"embeddable":true,"href":"https:\/\/radioleinewelle.de\/index.php\/wp-json\/wp\/v2\/users\/1"}],"replies":[{"embeddable":true,"href":"https:\/\/radioleinewelle.de\/index.php\/wp-json\/wp\/v2\/comments?post=3660"}],"version-history":[{"count":0,"href":"https:\/\/radioleinewelle.de\/index.php\/wp-json\/wp\/v2\/posts\/3660\/revisions"}],"wp:featuredmedia":[{"embeddable":true,"href":"https:\/\/radioleinewelle.de\/index.php\/wp-json\/wp\/v2\/media\/2613"}],"wp:attachment":[{"href":"https:\/\/radioleinewelle.de\/index.php\/wp-json\/wp\/v2\/media?parent=3660"}],"wp:term":[{"taxonomy":"category","embeddable":true,"href":"https:\/\/radioleinewelle.de\/index.php\/wp-json\/wp\/v2\/categories?post=3660"},{"taxonomy":"post_tag","embeddable":true,"href":"https:\/\/radioleinewelle.de\/index.php\/wp-json\/wp\/v2\/tags?post=3660"}],"curies":[{"name":"wp","href":"https:\/\/api.w.org\/{rel}","templated":true}]}}