{"id":3681,"date":"2020-12-22T05:00:57","date_gmt":"2020-12-22T04:00:57","guid":{"rendered":"https:\/\/radioleinewelle.de\/?p=3681"},"modified":"2020-12-22T05:00:57","modified_gmt":"2020-12-22T04:00:57","slug":"sovd-veroeffentlicht-gutachten-zum-thema-einsamkeit-und-soziale-isolation","status":"publish","type":"post","link":"https:\/\/radioleinewelle.de\/index.php\/2020\/12\/22\/sovd-veroeffentlicht-gutachten-zum-thema-einsamkeit-und-soziale-isolation\/","title":{"rendered":"SoVD ver\u00f6ffentlicht Gutachten zum Thema \u201eEinsamkeit und soziale Isolation\u201c"},"content":{"rendered":"<p><span class=\"b\">Jede*r f\u00fcnfte Deutsche f\u00fchlt sich nicht mehr zugeh\u00f6rig\u201c &#8211;\u00a0<\/span><span class=\"b i\">Der Sozialverband Deutschland (SoVD) \u00a0ver\u00f6ffentlicht ein Gutachten zum Thema \u201eEinsamkeit und soziale Isolation\u201c und sieht dringenden Handlungsbedarf. Dazu erkl\u00e4rt\u00a0<\/span>Professor Dr. Ursula Engelen-Kefer:<\/p>\n<p>\u201eWie ein Brennglas hat die Corona-Pandemie grundlegende Systemfehler und langj\u00e4hrige Fehlentwicklungen in den deutschen Sozialsystemen aufgezeigt und zugleich bestehende Probleme versch\u00e4rft. So haben etwa Besuchsverbote und Ausgangsbeschr\u00e4nkungen in station\u00e4ren Einrichtungen die Ausgrenzung von Pflegebed\u00fcrftigen, chronisch Kranken und Menschen mit Behinderungen verst\u00e4rkt.\u201c Sozial isoliert oder gar exkludiert f\u00fchlen sich auch Hochbetagte, Langzeitarbeitslose, Armutsbetroffene, darunter viele Alleinerziehende, so die SoVD-Vizepr\u00e4sidentin: \u201eWo das Geld fehlt, um die Kinder f\u00fcr das Homeschooling digital fit zu machen, wird gesellschaftliche Teilhabe zum Fremdwort.\u201c<\/p>\n<p>\u201eBereits vor der Corona-Pandemie waren in Deutschland mehr als vier Millionen Menschen meist oder (sehr) oft einsam. Studien, die nach sozialer Isolation und sozialer Exklusion fragen, legen die tiefe Spaltung unserer Gesellschaft offen. Jede*r f\u00fcnfte Deutsche f\u00fchlt sich nicht mehr zugeh\u00f6rig\u201c, betont Professor Engelen-Kefer. \u201eEs besteht dringender Handlungsbedarf.\u201c<\/p>\n<p>Gutachterin Prof. Dr. Claudia Neu, Leiterin des Fachgebietes Soziologie l\u00e4ndlicher R\u00e4ume der Universit\u00e4ten G\u00f6ttingen und Kassel, untermauert diese Feststellung: \u201eDie Corona-Pandemie versch\u00e4rft das Einsamkeitserleben gerade auch bei Kindern, Jugendlichen und jungen Erwachsenen. Sie leiden besonders unter den Kontaktbeschr\u00e4nkungen.\u201c Die Schlie\u00dfung von Schulen und Kitas oder der Wegfall von Begegnungsorten wie Schwimmb\u00e4dern, Bibliotheken, Vereinsheimen oder Sportstadien erh\u00f6hten das Einsamkeitsrisiko, so Professor Neu. \u201eGerade im l\u00e4ndlichen Raum gibt es oftmals keinen barrierefreien und bezahlbaren \u00d6PNV, keine \u00c4rzte- und Krankenh\u00e4user, keine Kultureinrichtungen, Quartiersl\u00e4den oder soziale Begegnungsorte; hier ist die Frage der Gleichwertigkeit der Lebensverh\u00e4ltnisse sehr konkret. Akut von Isolation, Exklusion und Einsamkeit sind daher diejenigen besonders bedroht, die von \u00f6ffentlichen G\u00fctern und Dienstleistungen ausgeschlossen sind. Einsamkeit und Isolation sind zudem auch ein Spiegel fehlender sozialer Orte und Gelegenheitsstrukturen, mit anderen Menschen in Kontakt zu treten.\u201c<\/p>\n<p>F\u00fcr den SoVD ergeben sich dr\u00e4ngende Handlungserfordernisse, wie der Weg zu einer inklusiven Gesellschaft gelingen kann. \u201eVor allem der Zugang zu sozialer Teilhabe ohne Barrieren und Diskriminierung ist entscheidend. Daf\u00fcr muss Geld in die Hand genommen und m\u00fcssen Kommunen dabei unterst\u00fctzt werden, die notwendige Infrastruktur zu schaffen\u201c, macht Professor Engelen-Kefer deutlich.<\/p>\n<p><span class=\"i\">Das Gutachten \u201eEinsamkeit\u201c und die SoVD-Forderungen sowie die Pressestatements sind unter <\/span><a class=\"uri-ext outbound event-trigger\" href=\"http:\/\/www.sovd.de\/einsamkeit\" target=\"_blank\" data-category=\"story-outlink\" data-label=\"4787310\" data-action=\"click\" data-callback=\"link\" rel=\"noopener\">www.sovd.de\/einsamkeit<\/a> <span class=\"i\">abrufbar.<\/span><\/p>\n<p>Bild von <a href=\"https:\/\/pixabay.com\/de\/users\/leroy_skalstad-1202818\/?utm_source=link-attribution&amp;utm_medium=referral&amp;utm_campaign=image&amp;utm_content=861899\">Leroy Skalstad<\/a> auf <a href=\"https:\/\/pixabay.com\/de\/?utm_source=link-attribution&amp;utm_medium=referral&amp;utm_campaign=image&amp;utm_content=861899\">Pixabay<\/a><\/p>\n","protected":false},"excerpt":{"rendered":"<p>Jede*r f\u00fcnfte Deutsche f\u00fchlt sich nicht mehr zugeh\u00f6rig\u201c &#8211;\u00a0Der Sozialverband Deutschland (SoVD) \u00a0ver\u00f6ffentlicht ein Gutachten zum Thema \u201eEinsamkeit und soziale Isolation\u201c und sieht dringenden Handlungsbedarf. Dazu erkl\u00e4rt\u00a0Professor Dr. Ursula Engelen-Kefer: \u201eWie ein Brennglas hat die Corona-Pandemie grundlegende Systemfehler und langj\u00e4hrige Fehlentwicklungen in den deutschen Sozialsystemen aufgezeigt und zugleich bestehende Probleme versch\u00e4rft. So haben etwa Besuchsverbote [&hellip;]<\/p>\n","protected":false},"author":1,"featured_media":0,"comment_status":"closed","ping_status":"closed","sticky":false,"template":"","format":"standard","meta":{"saved_in_kubio":false,"footnotes":""},"categories":[53],"tags":[],"class_list":["post-3681","post","type-post","status-publish","format-standard","hentry","category-gesellschaft"],"yoast_head":"<!-- This site is optimized with the Yoast SEO plugin v27.5 - https:\/\/yoast.com\/product\/yoast-seo-wordpress\/ -->\n<title>SoVD ver\u00f6ffentlicht Gutachten zum Thema \u201eEinsamkeit und soziale Isolation\u201c - Radio Leinewelle<\/title>\n<meta name=\"robots\" content=\"index, follow, max-snippet:-1, max-image-preview:large, max-video-preview:-1\" \/>\n<link rel=\"canonical\" href=\"https:\/\/radioleinewelle.de\/index.php\/2020\/12\/22\/sovd-veroeffentlicht-gutachten-zum-thema-einsamkeit-und-soziale-isolation\/\" \/>\n<meta property=\"og:locale\" content=\"de_DE\" \/>\n<meta property=\"og:type\" content=\"article\" \/>\n<meta property=\"og:title\" content=\"SoVD ver\u00f6ffentlicht Gutachten zum Thema \u201eEinsamkeit und soziale Isolation\u201c - Radio Leinewelle\" \/>\n<meta property=\"og:description\" content=\"Jede*r f\u00fcnfte Deutsche f\u00fchlt sich nicht mehr zugeh\u00f6rig\u201c &#8211;\u00a0Der Sozialverband Deutschland (SoVD) \u00a0ver\u00f6ffentlicht ein Gutachten zum Thema \u201eEinsamkeit und soziale Isolation\u201c und sieht dringenden Handlungsbedarf. Dazu erkl\u00e4rt\u00a0Professor Dr. Ursula Engelen-Kefer: \u201eWie ein Brennglas hat die Corona-Pandemie grundlegende Systemfehler und langj\u00e4hrige Fehlentwicklungen in den deutschen Sozialsystemen aufgezeigt und zugleich bestehende Probleme versch\u00e4rft. So haben etwa Besuchsverbote [&hellip;]\" \/>\n<meta property=\"og:url\" content=\"https:\/\/radioleinewelle.de\/index.php\/2020\/12\/22\/sovd-veroeffentlicht-gutachten-zum-thema-einsamkeit-und-soziale-isolation\/\" \/>\n<meta property=\"og:site_name\" content=\"Radio Leinewelle\" \/>\n<meta property=\"article:publisher\" content=\"https:\/\/www.facebook.com\/radioleinewelle\" \/>\n<meta property=\"article:author\" content=\"https:\/\/www.facebook.com\/radioleinewelle\" \/>\n<meta property=\"article:published_time\" content=\"2020-12-22T04:00:57+00:00\" \/>\n<meta name=\"author\" content=\"Leinewelle\" \/>\n<meta name=\"twitter:card\" content=\"summary_large_image\" \/>\n<meta name=\"twitter:creator\" content=\"@https:\/\/twitter.com\/RLeinewelle?ref_src=twsrcgoogletwcampserptwgrauthor\" \/>\n<meta name=\"twitter:site\" content=\"@RLeinewelle\" \/>\n<meta name=\"twitter:label1\" content=\"Verfasst von\" \/>\n\t<meta name=\"twitter:data1\" content=\"Leinewelle\" \/>\n\t<meta name=\"twitter:label2\" content=\"Gesch\u00e4tzte Lesezeit\" \/>\n\t<meta name=\"twitter:data2\" content=\"2\u00a0Minuten\" \/>\n<script type=\"application\/ld+json\" class=\"yoast-schema-graph\">{\"@context\":\"https:\\\/\\\/schema.org\",\"@graph\":[{\"@type\":\"Article\",\"@id\":\"https:\\\/\\\/radioleinewelle.de\\\/index.php\\\/2020\\\/12\\\/22\\\/sovd-veroeffentlicht-gutachten-zum-thema-einsamkeit-und-soziale-isolation\\\/#article\",\"isPartOf\":{\"@id\":\"https:\\\/\\\/radioleinewelle.de\\\/index.php\\\/2020\\\/12\\\/22\\\/sovd-veroeffentlicht-gutachten-zum-thema-einsamkeit-und-soziale-isolation\\\/\"},\"author\":{\"name\":\"Leinewelle\",\"@id\":\"https:\\\/\\\/radioleinewelle.de\\\/#\\\/schema\\\/person\\\/45606f348637df637192dc1b68399a63\"},\"headline\":\"SoVD ver\u00f6ffentlicht Gutachten zum Thema \u201eEinsamkeit und soziale Isolation\u201c\",\"datePublished\":\"2020-12-22T04:00:57+00:00\",\"mainEntityOfPage\":{\"@id\":\"https:\\\/\\\/radioleinewelle.de\\\/index.php\\\/2020\\\/12\\\/22\\\/sovd-veroeffentlicht-gutachten-zum-thema-einsamkeit-und-soziale-isolation\\\/\"},\"wordCount\":410,\"publisher\":{\"@id\":\"https:\\\/\\\/radioleinewelle.de\\\/#organization\"},\"articleSection\":[\"Gesellschaft\"],\"inLanguage\":\"de\"},{\"@type\":\"WebPage\",\"@id\":\"https:\\\/\\\/radioleinewelle.de\\\/index.php\\\/2020\\\/12\\\/22\\\/sovd-veroeffentlicht-gutachten-zum-thema-einsamkeit-und-soziale-isolation\\\/\",\"url\":\"https:\\\/\\\/radioleinewelle.de\\\/index.php\\\/2020\\\/12\\\/22\\\/sovd-veroeffentlicht-gutachten-zum-thema-einsamkeit-und-soziale-isolation\\\/\",\"name\":\"SoVD ver\u00f6ffentlicht Gutachten zum Thema \u201eEinsamkeit und soziale Isolation\u201c - Radio Leinewelle\",\"isPartOf\":{\"@id\":\"https:\\\/\\\/radioleinewelle.de\\\/#website\"},\"datePublished\":\"2020-12-22T04:00:57+00:00\",\"breadcrumb\":{\"@id\":\"https:\\\/\\\/radioleinewelle.de\\\/index.php\\\/2020\\\/12\\\/22\\\/sovd-veroeffentlicht-gutachten-zum-thema-einsamkeit-und-soziale-isolation\\\/#breadcrumb\"},\"inLanguage\":\"de\",\"potentialAction\":[{\"@type\":\"ReadAction\",\"target\":[\"https:\\\/\\\/radioleinewelle.de\\\/index.php\\\/2020\\\/12\\\/22\\\/sovd-veroeffentlicht-gutachten-zum-thema-einsamkeit-und-soziale-isolation\\\/\"]}]},{\"@type\":\"BreadcrumbList\",\"@id\":\"https:\\\/\\\/radioleinewelle.de\\\/index.php\\\/2020\\\/12\\\/22\\\/sovd-veroeffentlicht-gutachten-zum-thema-einsamkeit-und-soziale-isolation\\\/#breadcrumb\",\"itemListElement\":[{\"@type\":\"ListItem\",\"position\":1,\"name\":\"Startseite\",\"item\":\"https:\\\/\\\/radioleinewelle.de\\\/\"},{\"@type\":\"ListItem\",\"position\":2,\"name\":\"SoVD ver\u00f6ffentlicht Gutachten zum Thema \u201eEinsamkeit und soziale Isolation\u201c\"}]},{\"@type\":\"WebSite\",\"@id\":\"https:\\\/\\\/radioleinewelle.de\\\/#website\",\"url\":\"https:\\\/\\\/radioleinewelle.de\\\/\",\"name\":\"Radio Leinewelle\",\"description\":\"\",\"publisher\":{\"@id\":\"https:\\\/\\\/radioleinewelle.de\\\/#organization\"},\"potentialAction\":[{\"@type\":\"SearchAction\",\"target\":{\"@type\":\"EntryPoint\",\"urlTemplate\":\"https:\\\/\\\/radioleinewelle.de\\\/?s={search_term_string}\"},\"query-input\":{\"@type\":\"PropertyValueSpecification\",\"valueRequired\":true,\"valueName\":\"search_term_string\"}}],\"inLanguage\":\"de\"},{\"@type\":\"Organization\",\"@id\":\"https:\\\/\\\/radioleinewelle.de\\\/#organization\",\"name\":\"Radio Leinewelle\",\"alternateName\":\"Mein Radio f\u00fcr S\u00fcdniedersachsen\",\"url\":\"https:\\\/\\\/radioleinewelle.de\\\/\",\"logo\":{\"@type\":\"ImageObject\",\"inLanguage\":\"de\",\"@id\":\"https:\\\/\\\/radioleinewelle.de\\\/#\\\/schema\\\/logo\\\/image\\\/\",\"url\":\"https:\\\/\\\/radioleinewelle.de\\\/wp-content\\\/uploads\\\/2023\\\/11\\\/cropped-Leinewelle_Logo_weiss.png\",\"contentUrl\":\"https:\\\/\\\/radioleinewelle.de\\\/wp-content\\\/uploads\\\/2023\\\/11\\\/cropped-Leinewelle_Logo_weiss.png\",\"width\":854,\"height\":260,\"caption\":\"Radio Leinewelle\"},\"image\":{\"@id\":\"https:\\\/\\\/radioleinewelle.de\\\/#\\\/schema\\\/logo\\\/image\\\/\"},\"sameAs\":[\"https:\\\/\\\/www.facebook.com\\\/radioleinewelle\",\"https:\\\/\\\/x.com\\\/RLeinewelle\",\"https:\\\/\\\/www.instagram.com\\\/radioleinewelle\\\/?hl=de\"]},{\"@type\":\"Person\",\"@id\":\"https:\\\/\\\/radioleinewelle.de\\\/#\\\/schema\\\/person\\\/45606f348637df637192dc1b68399a63\",\"name\":\"Leinewelle\",\"image\":{\"@type\":\"ImageObject\",\"inLanguage\":\"de\",\"@id\":\"https:\\\/\\\/secure.gravatar.com\\\/avatar\\\/05c9a17bc973052ee5d91549bd32fb4dd0dc85b7b85ae94b2e2b4943476bbea5?s=96&d=blank&r=g\",\"url\":\"https:\\\/\\\/secure.gravatar.com\\\/avatar\\\/05c9a17bc973052ee5d91549bd32fb4dd0dc85b7b85ae94b2e2b4943476bbea5?s=96&d=blank&r=g\",\"contentUrl\":\"https:\\\/\\\/secure.gravatar.com\\\/avatar\\\/05c9a17bc973052ee5d91549bd32fb4dd0dc85b7b85ae94b2e2b4943476bbea5?s=96&d=blank&r=g\",\"caption\":\"Leinewelle\"},\"sameAs\":[\"http:\\\/\\\/localhost\\\/radio%20leinewelle\\\/wordpress\",\"https:\\\/\\\/www.facebook.com\\\/radioleinewelle\",\"https:\\\/\\\/www.instagram.com\\\/radioleinewelle\",\"https:\\\/\\\/x.com\\\/https:\\\/\\\/twitter.com\\\/RLeinewelle?ref_src=twsrcgoogletwcampserptwgrauthor\",\"https:\\\/\\\/soundcloud.com\\\/foerderverein-lokalradio?utm_source=clipboard&utm_medium=text&utm_campaign=social_sharing\"],\"url\":\"https:\\\/\\\/radioleinewelle.de\\\/index.php\\\/author\\\/leinewelle\\\/\"}]}<\/script>\n<!-- \/ Yoast SEO plugin. -->","yoast_head_json":{"title":"SoVD ver\u00f6ffentlicht Gutachten zum Thema \u201eEinsamkeit und soziale Isolation\u201c - Radio Leinewelle","robots":{"index":"index","follow":"follow","max-snippet":"max-snippet:-1","max-image-preview":"max-image-preview:large","max-video-preview":"max-video-preview:-1"},"canonical":"https:\/\/radioleinewelle.de\/index.php\/2020\/12\/22\/sovd-veroeffentlicht-gutachten-zum-thema-einsamkeit-und-soziale-isolation\/","og_locale":"de_DE","og_type":"article","og_title":"SoVD ver\u00f6ffentlicht Gutachten zum Thema \u201eEinsamkeit und soziale Isolation\u201c - Radio Leinewelle","og_description":"Jede*r f\u00fcnfte Deutsche f\u00fchlt sich nicht mehr zugeh\u00f6rig\u201c &#8211;\u00a0Der Sozialverband Deutschland (SoVD) \u00a0ver\u00f6ffentlicht ein Gutachten zum Thema \u201eEinsamkeit und soziale Isolation\u201c und sieht dringenden Handlungsbedarf. Dazu erkl\u00e4rt\u00a0Professor Dr. Ursula Engelen-Kefer: \u201eWie ein Brennglas hat die Corona-Pandemie grundlegende Systemfehler und langj\u00e4hrige Fehlentwicklungen in den deutschen Sozialsystemen aufgezeigt und zugleich bestehende Probleme versch\u00e4rft. So haben etwa Besuchsverbote [&hellip;]","og_url":"https:\/\/radioleinewelle.de\/index.php\/2020\/12\/22\/sovd-veroeffentlicht-gutachten-zum-thema-einsamkeit-und-soziale-isolation\/","og_site_name":"Radio Leinewelle","article_publisher":"https:\/\/www.facebook.com\/radioleinewelle","article_author":"https:\/\/www.facebook.com\/radioleinewelle","article_published_time":"2020-12-22T04:00:57+00:00","author":"Leinewelle","twitter_card":"summary_large_image","twitter_creator":"@https:\/\/twitter.com\/RLeinewelle?ref_src=twsrcgoogletwcampserptwgrauthor","twitter_site":"@RLeinewelle","twitter_misc":{"Verfasst von":"Leinewelle","Gesch\u00e4tzte Lesezeit":"2\u00a0Minuten"},"schema":{"@context":"https:\/\/schema.org","@graph":[{"@type":"Article","@id":"https:\/\/radioleinewelle.de\/index.php\/2020\/12\/22\/sovd-veroeffentlicht-gutachten-zum-thema-einsamkeit-und-soziale-isolation\/#article","isPartOf":{"@id":"https:\/\/radioleinewelle.de\/index.php\/2020\/12\/22\/sovd-veroeffentlicht-gutachten-zum-thema-einsamkeit-und-soziale-isolation\/"},"author":{"name":"Leinewelle","@id":"https:\/\/radioleinewelle.de\/#\/schema\/person\/45606f348637df637192dc1b68399a63"},"headline":"SoVD ver\u00f6ffentlicht Gutachten zum Thema \u201eEinsamkeit und soziale Isolation\u201c","datePublished":"2020-12-22T04:00:57+00:00","mainEntityOfPage":{"@id":"https:\/\/radioleinewelle.de\/index.php\/2020\/12\/22\/sovd-veroeffentlicht-gutachten-zum-thema-einsamkeit-und-soziale-isolation\/"},"wordCount":410,"publisher":{"@id":"https:\/\/radioleinewelle.de\/#organization"},"articleSection":["Gesellschaft"],"inLanguage":"de"},{"@type":"WebPage","@id":"https:\/\/radioleinewelle.de\/index.php\/2020\/12\/22\/sovd-veroeffentlicht-gutachten-zum-thema-einsamkeit-und-soziale-isolation\/","url":"https:\/\/radioleinewelle.de\/index.php\/2020\/12\/22\/sovd-veroeffentlicht-gutachten-zum-thema-einsamkeit-und-soziale-isolation\/","name":"SoVD ver\u00f6ffentlicht Gutachten zum Thema \u201eEinsamkeit und soziale Isolation\u201c - Radio Leinewelle","isPartOf":{"@id":"https:\/\/radioleinewelle.de\/#website"},"datePublished":"2020-12-22T04:00:57+00:00","breadcrumb":{"@id":"https:\/\/radioleinewelle.de\/index.php\/2020\/12\/22\/sovd-veroeffentlicht-gutachten-zum-thema-einsamkeit-und-soziale-isolation\/#breadcrumb"},"inLanguage":"de","potentialAction":[{"@type":"ReadAction","target":["https:\/\/radioleinewelle.de\/index.php\/2020\/12\/22\/sovd-veroeffentlicht-gutachten-zum-thema-einsamkeit-und-soziale-isolation\/"]}]},{"@type":"BreadcrumbList","@id":"https:\/\/radioleinewelle.de\/index.php\/2020\/12\/22\/sovd-veroeffentlicht-gutachten-zum-thema-einsamkeit-und-soziale-isolation\/#breadcrumb","itemListElement":[{"@type":"ListItem","position":1,"name":"Startseite","item":"https:\/\/radioleinewelle.de\/"},{"@type":"ListItem","position":2,"name":"SoVD ver\u00f6ffentlicht Gutachten zum Thema \u201eEinsamkeit und soziale Isolation\u201c"}]},{"@type":"WebSite","@id":"https:\/\/radioleinewelle.de\/#website","url":"https:\/\/radioleinewelle.de\/","name":"Radio Leinewelle","description":"","publisher":{"@id":"https:\/\/radioleinewelle.de\/#organization"},"potentialAction":[{"@type":"SearchAction","target":{"@type":"EntryPoint","urlTemplate":"https:\/\/radioleinewelle.de\/?s={search_term_string}"},"query-input":{"@type":"PropertyValueSpecification","valueRequired":true,"valueName":"search_term_string"}}],"inLanguage":"de"},{"@type":"Organization","@id":"https:\/\/radioleinewelle.de\/#organization","name":"Radio Leinewelle","alternateName":"Mein Radio f\u00fcr S\u00fcdniedersachsen","url":"https:\/\/radioleinewelle.de\/","logo":{"@type":"ImageObject","inLanguage":"de","@id":"https:\/\/radioleinewelle.de\/#\/schema\/logo\/image\/","url":"https:\/\/radioleinewelle.de\/wp-content\/uploads\/2023\/11\/cropped-Leinewelle_Logo_weiss.png","contentUrl":"https:\/\/radioleinewelle.de\/wp-content\/uploads\/2023\/11\/cropped-Leinewelle_Logo_weiss.png","width":854,"height":260,"caption":"Radio Leinewelle"},"image":{"@id":"https:\/\/radioleinewelle.de\/#\/schema\/logo\/image\/"},"sameAs":["https:\/\/www.facebook.com\/radioleinewelle","https:\/\/x.com\/RLeinewelle","https:\/\/www.instagram.com\/radioleinewelle\/?hl=de"]},{"@type":"Person","@id":"https:\/\/radioleinewelle.de\/#\/schema\/person\/45606f348637df637192dc1b68399a63","name":"Leinewelle","image":{"@type":"ImageObject","inLanguage":"de","@id":"https:\/\/secure.gravatar.com\/avatar\/05c9a17bc973052ee5d91549bd32fb4dd0dc85b7b85ae94b2e2b4943476bbea5?s=96&d=blank&r=g","url":"https:\/\/secure.gravatar.com\/avatar\/05c9a17bc973052ee5d91549bd32fb4dd0dc85b7b85ae94b2e2b4943476bbea5?s=96&d=blank&r=g","contentUrl":"https:\/\/secure.gravatar.com\/avatar\/05c9a17bc973052ee5d91549bd32fb4dd0dc85b7b85ae94b2e2b4943476bbea5?s=96&d=blank&r=g","caption":"Leinewelle"},"sameAs":["http:\/\/localhost\/radio%20leinewelle\/wordpress","https:\/\/www.facebook.com\/radioleinewelle","https:\/\/www.instagram.com\/radioleinewelle","https:\/\/x.com\/https:\/\/twitter.com\/RLeinewelle?ref_src=twsrcgoogletwcampserptwgrauthor","https:\/\/soundcloud.com\/foerderverein-lokalradio?utm_source=clipboard&utm_medium=text&utm_campaign=social_sharing"],"url":"https:\/\/radioleinewelle.de\/index.php\/author\/leinewelle\/"}]}},"_links":{"self":[{"href":"https:\/\/radioleinewelle.de\/index.php\/wp-json\/wp\/v2\/posts\/3681","targetHints":{"allow":["GET"]}}],"collection":[{"href":"https:\/\/radioleinewelle.de\/index.php\/wp-json\/wp\/v2\/posts"}],"about":[{"href":"https:\/\/radioleinewelle.de\/index.php\/wp-json\/wp\/v2\/types\/post"}],"author":[{"embeddable":true,"href":"https:\/\/radioleinewelle.de\/index.php\/wp-json\/wp\/v2\/users\/1"}],"replies":[{"embeddable":true,"href":"https:\/\/radioleinewelle.de\/index.php\/wp-json\/wp\/v2\/comments?post=3681"}],"version-history":[{"count":0,"href":"https:\/\/radioleinewelle.de\/index.php\/wp-json\/wp\/v2\/posts\/3681\/revisions"}],"wp:attachment":[{"href":"https:\/\/radioleinewelle.de\/index.php\/wp-json\/wp\/v2\/media?parent=3681"}],"wp:term":[{"taxonomy":"category","embeddable":true,"href":"https:\/\/radioleinewelle.de\/index.php\/wp-json\/wp\/v2\/categories?post=3681"},{"taxonomy":"post_tag","embeddable":true,"href":"https:\/\/radioleinewelle.de\/index.php\/wp-json\/wp\/v2\/tags?post=3681"}],"curies":[{"name":"wp","href":"https:\/\/api.w.org\/{rel}","templated":true}]}}