{"id":3693,"date":"2020-12-23T05:00:21","date_gmt":"2020-12-23T04:00:21","guid":{"rendered":"https:\/\/radioleinewelle.de\/?p=3693"},"modified":"2020-12-23T05:00:21","modified_gmt":"2020-12-23T04:00:21","slug":"niedersachsen-startet-impfungen-gegen-covid-19","status":"publish","type":"post","link":"https:\/\/radioleinewelle.de\/index.php\/2020\/12\/23\/niedersachsen-startet-impfungen-gegen-covid-19\/","title":{"rendered":"Niedersachsen startet Impfungen gegen COVID-19"},"content":{"rendered":"<p>Niedersachsen wird am 27. Dezember mit dem Impfen gegen COVID-19 in Alten- und Pflegeheimen beginnen. Sowohl die Europ\u00e4ische Arzneimittelbeh\u00f6rde (EMA) als auch die EU-Kommission haben gr\u00fcnes Licht f\u00fcr die Zulassung des COVID-19-Impfstoffs von Biontech und Pfizer in der Europ\u00e4ischen Union gegeben. <strong>Mit einer ersten Marge sollen zu Weihnachten zun\u00e4chst etwa 9.750 Impfdosen in Impfzentren in Osnabr\u00fcck und Cloppenburg geliefert werden<\/strong>, von dort aus werden die ersten Impfungen mobil in Alten- und Pflegeheimen vorgenommen. Da der vollst\u00e4ndige Impfschutz eine Zweifachimpfung erfordert, k\u00f6nnen mit den zu Beginn gelieferten 9.750 Impfdosen knapp 5.000 Nieders\u00e4chsinnen und Niedersachsen geimpft werden.<\/p>\n<p>Gesundheitsministerin Dr. Carola Reimann: \u201eDas sind gute Nachrichten f\u00fcr die Menschen in Niedersachsen. Die anf\u00e4nglich in geringer Menge verf\u00fcgbaren Impfdosen werden wir entsprechend mit dem gr\u00f6\u00dften Nutzen f\u00fcr die Menschen im Land einsetzen \u2013 und zwar zun\u00e4chst in den Landkreisen, in denen ein langandauerndes Infektionsgeschehen vorliegt und die Einrichtungen entsprechend die h\u00f6chste relative Betroffenheit haben.\u201c Hier sei das Infektionsrisiko am gr\u00f6\u00dften, so Reimann. \u201eDeshalb werden wir am 27. Dezember in den Landkreisen Osnabr\u00fcck und Cloppenburg mit dem Impfen starten.\u201c<\/p>\n<p>Niedersachsen wird bis Ende des Jahres in weiteren Lieferungen voraussichtlich noch etwa weitere 117.000 Impfdosen erhalten. Nach bisher bekannten Zahlen des Bundesgesundheitsministeriums soll Niedersachsen dann ab Januar 2021 regelm\u00e4\u00dfig jede Woche 63.375 Impfdosen erhalten. Bis Ende M\u00e4rz sollen bundesweit 10,1 Millionen Impfdosen geliefert werden, von denen Niedersachsen etwa 10 Prozent erhalten wird. \u201eIn Niedersachsen z\u00e4hlen zu der ersten Priorisierungsgruppe etwa 800.000 Menschen. Es ist daher entscheidend, dass die Impfzentren regelm\u00e4\u00dfig weitere Lieferungen des Impfstoffes erhalten. Dann k\u00f6nnen wir hoffentlich sehr schnell die besonders gef\u00e4hrdeten Personen impfen\u201c, so Carola Reimann. Laut Coronavirus-Impfverordnung des Bundesgesundheitsministeriums sollen Bund und L\u00e4nder den zun\u00e4chst nur begrenzt vorhandenen Impfstoff in einer festgelegten Reihenfolge \u2013 priorisiert in drei Gruppen \u2013 einsetzen. Die Priorisierungen richten sich nach dem Grad des individuellen Risikos, insbesondere durch Alter, Wohnsituation, Vorerkrankung und beruflicher Exposition.<\/p>\n<p>Im ersten Quartal 2021 rechnet die Nieders\u00e4chsische Gesundheitsministerin mit der Zulassung weiterer Impfstoffe, die auch bei K\u00fchlschrank-Temperaturen zu handhaben sind. Diese k\u00f6nnen dann neben den Impfzentren und mobilen Teams auch von den niedergelassenen \u00c4rztinnen und \u00c4rzten verimpft werden. Reimann: \u201eWenn solch ein Impfstoff erst mal verf\u00fcgbar ist, erreichen wir relativ schnell eine sehr viel h\u00f6here Impfleistung. Zum Vergleich: Im Oktober und November wurden mehr als 20 Millionen Deutsche in den Praxen gegen Grippe geimpft. \u201eF\u00fcr die Impfung gegen Corona sind zwei Impfungen im Abstand von drei, vier Wochen notwendig. Wenn erst einmal gen\u00fcgend Impfstoff da ist, k\u00f6nnen wir bis Herbst 2021 vielen Nieders\u00e4chsinnen und Niedersachsen einen wirksamen Schutz gegen das Coronavirus geben. Wir werden dann ganz anders in den n\u00e4chsten Winter gehen k\u00f6nnen. Ich rechne Ende des kommenden Sommers mit einer deutlich besseren Situation.\u201c<\/p>\n<p>Bild von <a href=\"https:\/\/pixabay.com\/de\/users\/thedigitalartist-202249\/?utm_source=link-attribution&amp;utm_medium=referral&amp;utm_campaign=image&amp;utm_content=4833616\">Pete Linforth<\/a> auf <a href=\"https:\/\/pixabay.com\/de\/?utm_source=link-attribution&amp;utm_medium=referral&amp;utm_campaign=image&amp;utm_content=4833616\">Pixabay<\/a><\/p>\n","protected":false},"excerpt":{"rendered":"<p>Niedersachsen wird am 27. Dezember mit dem Impfen gegen COVID-19 in Alten- und Pflegeheimen beginnen. Sowohl die Europ\u00e4ische Arzneimittelbeh\u00f6rde (EMA) als auch die EU-Kommission haben gr\u00fcnes Licht f\u00fcr die Zulassung des COVID-19-Impfstoffs von Biontech und Pfizer in der Europ\u00e4ischen Union gegeben. Mit einer ersten Marge sollen zu Weihnachten zun\u00e4chst etwa 9.750 Impfdosen in Impfzentren in [&hellip;]<\/p>\n","protected":false},"author":1,"featured_media":0,"comment_status":"closed","ping_status":"closed","sticky":false,"template":"","format":"standard","meta":{"saved_in_kubio":false,"footnotes":""},"categories":[23],"tags":[],"class_list":["post-3693","post","type-post","status-publish","format-standard","hentry","category-corona"],"yoast_head":"<!-- This site is optimized with the Yoast SEO plugin v27.5 - https:\/\/yoast.com\/product\/yoast-seo-wordpress\/ -->\n<title>Niedersachsen startet Impfungen gegen COVID-19 - Radio Leinewelle<\/title>\n<meta name=\"robots\" content=\"index, follow, max-snippet:-1, max-image-preview:large, max-video-preview:-1\" \/>\n<link rel=\"canonical\" href=\"https:\/\/radioleinewelle.de\/index.php\/2020\/12\/23\/niedersachsen-startet-impfungen-gegen-covid-19\/\" \/>\n<meta property=\"og:locale\" content=\"de_DE\" \/>\n<meta property=\"og:type\" content=\"article\" \/>\n<meta property=\"og:title\" content=\"Niedersachsen startet Impfungen gegen COVID-19 - Radio Leinewelle\" \/>\n<meta property=\"og:description\" content=\"Niedersachsen wird am 27. Dezember mit dem Impfen gegen COVID-19 in Alten- und Pflegeheimen beginnen. Sowohl die Europ\u00e4ische Arzneimittelbeh\u00f6rde (EMA) als auch die EU-Kommission haben gr\u00fcnes Licht f\u00fcr die Zulassung des COVID-19-Impfstoffs von Biontech und Pfizer in der Europ\u00e4ischen Union gegeben. Mit einer ersten Marge sollen zu Weihnachten zun\u00e4chst etwa 9.750 Impfdosen in Impfzentren in [&hellip;]\" \/>\n<meta property=\"og:url\" content=\"https:\/\/radioleinewelle.de\/index.php\/2020\/12\/23\/niedersachsen-startet-impfungen-gegen-covid-19\/\" \/>\n<meta property=\"og:site_name\" content=\"Radio Leinewelle\" \/>\n<meta property=\"article:publisher\" content=\"https:\/\/www.facebook.com\/radioleinewelle\" \/>\n<meta property=\"article:author\" content=\"https:\/\/www.facebook.com\/radioleinewelle\" \/>\n<meta property=\"article:published_time\" content=\"2020-12-23T04:00:21+00:00\" \/>\n<meta name=\"author\" content=\"Leinewelle\" \/>\n<meta name=\"twitter:card\" content=\"summary_large_image\" \/>\n<meta name=\"twitter:creator\" content=\"@https:\/\/twitter.com\/RLeinewelle?ref_src=twsrcgoogletwcampserptwgrauthor\" \/>\n<meta name=\"twitter:site\" content=\"@RLeinewelle\" \/>\n<meta name=\"twitter:label1\" content=\"Verfasst von\" \/>\n\t<meta name=\"twitter:data1\" content=\"Leinewelle\" \/>\n\t<meta name=\"twitter:label2\" content=\"Gesch\u00e4tzte Lesezeit\" \/>\n\t<meta name=\"twitter:data2\" content=\"2\u00a0Minuten\" \/>\n<script type=\"application\/ld+json\" class=\"yoast-schema-graph\">{\"@context\":\"https:\\\/\\\/schema.org\",\"@graph\":[{\"@type\":\"Article\",\"@id\":\"https:\\\/\\\/radioleinewelle.de\\\/index.php\\\/2020\\\/12\\\/23\\\/niedersachsen-startet-impfungen-gegen-covid-19\\\/#article\",\"isPartOf\":{\"@id\":\"https:\\\/\\\/radioleinewelle.de\\\/index.php\\\/2020\\\/12\\\/23\\\/niedersachsen-startet-impfungen-gegen-covid-19\\\/\"},\"author\":{\"name\":\"Leinewelle\",\"@id\":\"https:\\\/\\\/radioleinewelle.de\\\/#\\\/schema\\\/person\\\/45606f348637df637192dc1b68399a63\"},\"headline\":\"Niedersachsen startet Impfungen gegen COVID-19\",\"datePublished\":\"2020-12-23T04:00:21+00:00\",\"mainEntityOfPage\":{\"@id\":\"https:\\\/\\\/radioleinewelle.de\\\/index.php\\\/2020\\\/12\\\/23\\\/niedersachsen-startet-impfungen-gegen-covid-19\\\/\"},\"wordCount\":473,\"publisher\":{\"@id\":\"https:\\\/\\\/radioleinewelle.de\\\/#organization\"},\"articleSection\":[\"Corona\"],\"inLanguage\":\"de\"},{\"@type\":\"WebPage\",\"@id\":\"https:\\\/\\\/radioleinewelle.de\\\/index.php\\\/2020\\\/12\\\/23\\\/niedersachsen-startet-impfungen-gegen-covid-19\\\/\",\"url\":\"https:\\\/\\\/radioleinewelle.de\\\/index.php\\\/2020\\\/12\\\/23\\\/niedersachsen-startet-impfungen-gegen-covid-19\\\/\",\"name\":\"Niedersachsen startet Impfungen gegen COVID-19 - Radio Leinewelle\",\"isPartOf\":{\"@id\":\"https:\\\/\\\/radioleinewelle.de\\\/#website\"},\"datePublished\":\"2020-12-23T04:00:21+00:00\",\"breadcrumb\":{\"@id\":\"https:\\\/\\\/radioleinewelle.de\\\/index.php\\\/2020\\\/12\\\/23\\\/niedersachsen-startet-impfungen-gegen-covid-19\\\/#breadcrumb\"},\"inLanguage\":\"de\",\"potentialAction\":[{\"@type\":\"ReadAction\",\"target\":[\"https:\\\/\\\/radioleinewelle.de\\\/index.php\\\/2020\\\/12\\\/23\\\/niedersachsen-startet-impfungen-gegen-covid-19\\\/\"]}]},{\"@type\":\"BreadcrumbList\",\"@id\":\"https:\\\/\\\/radioleinewelle.de\\\/index.php\\\/2020\\\/12\\\/23\\\/niedersachsen-startet-impfungen-gegen-covid-19\\\/#breadcrumb\",\"itemListElement\":[{\"@type\":\"ListItem\",\"position\":1,\"name\":\"Startseite\",\"item\":\"https:\\\/\\\/radioleinewelle.de\\\/\"},{\"@type\":\"ListItem\",\"position\":2,\"name\":\"Niedersachsen startet Impfungen gegen COVID-19\"}]},{\"@type\":\"WebSite\",\"@id\":\"https:\\\/\\\/radioleinewelle.de\\\/#website\",\"url\":\"https:\\\/\\\/radioleinewelle.de\\\/\",\"name\":\"Radio Leinewelle\",\"description\":\"\",\"publisher\":{\"@id\":\"https:\\\/\\\/radioleinewelle.de\\\/#organization\"},\"potentialAction\":[{\"@type\":\"SearchAction\",\"target\":{\"@type\":\"EntryPoint\",\"urlTemplate\":\"https:\\\/\\\/radioleinewelle.de\\\/?s={search_term_string}\"},\"query-input\":{\"@type\":\"PropertyValueSpecification\",\"valueRequired\":true,\"valueName\":\"search_term_string\"}}],\"inLanguage\":\"de\"},{\"@type\":\"Organization\",\"@id\":\"https:\\\/\\\/radioleinewelle.de\\\/#organization\",\"name\":\"Radio Leinewelle\",\"alternateName\":\"Mein Radio f\u00fcr S\u00fcdniedersachsen\",\"url\":\"https:\\\/\\\/radioleinewelle.de\\\/\",\"logo\":{\"@type\":\"ImageObject\",\"inLanguage\":\"de\",\"@id\":\"https:\\\/\\\/radioleinewelle.de\\\/#\\\/schema\\\/logo\\\/image\\\/\",\"url\":\"https:\\\/\\\/radioleinewelle.de\\\/wp-content\\\/uploads\\\/2023\\\/11\\\/cropped-Leinewelle_Logo_weiss.png\",\"contentUrl\":\"https:\\\/\\\/radioleinewelle.de\\\/wp-content\\\/uploads\\\/2023\\\/11\\\/cropped-Leinewelle_Logo_weiss.png\",\"width\":854,\"height\":260,\"caption\":\"Radio Leinewelle\"},\"image\":{\"@id\":\"https:\\\/\\\/radioleinewelle.de\\\/#\\\/schema\\\/logo\\\/image\\\/\"},\"sameAs\":[\"https:\\\/\\\/www.facebook.com\\\/radioleinewelle\",\"https:\\\/\\\/x.com\\\/RLeinewelle\",\"https:\\\/\\\/www.instagram.com\\\/radioleinewelle\\\/?hl=de\"]},{\"@type\":\"Person\",\"@id\":\"https:\\\/\\\/radioleinewelle.de\\\/#\\\/schema\\\/person\\\/45606f348637df637192dc1b68399a63\",\"name\":\"Leinewelle\",\"image\":{\"@type\":\"ImageObject\",\"inLanguage\":\"de\",\"@id\":\"https:\\\/\\\/secure.gravatar.com\\\/avatar\\\/05c9a17bc973052ee5d91549bd32fb4dd0dc85b7b85ae94b2e2b4943476bbea5?s=96&d=blank&r=g\",\"url\":\"https:\\\/\\\/secure.gravatar.com\\\/avatar\\\/05c9a17bc973052ee5d91549bd32fb4dd0dc85b7b85ae94b2e2b4943476bbea5?s=96&d=blank&r=g\",\"contentUrl\":\"https:\\\/\\\/secure.gravatar.com\\\/avatar\\\/05c9a17bc973052ee5d91549bd32fb4dd0dc85b7b85ae94b2e2b4943476bbea5?s=96&d=blank&r=g\",\"caption\":\"Leinewelle\"},\"sameAs\":[\"http:\\\/\\\/localhost\\\/radio%20leinewelle\\\/wordpress\",\"https:\\\/\\\/www.facebook.com\\\/radioleinewelle\",\"https:\\\/\\\/www.instagram.com\\\/radioleinewelle\",\"https:\\\/\\\/x.com\\\/https:\\\/\\\/twitter.com\\\/RLeinewelle?ref_src=twsrcgoogletwcampserptwgrauthor\",\"https:\\\/\\\/soundcloud.com\\\/foerderverein-lokalradio?utm_source=clipboard&utm_medium=text&utm_campaign=social_sharing\"],\"url\":\"https:\\\/\\\/radioleinewelle.de\\\/index.php\\\/author\\\/leinewelle\\\/\"}]}<\/script>\n<!-- \/ Yoast SEO plugin. -->","yoast_head_json":{"title":"Niedersachsen startet Impfungen gegen COVID-19 - Radio Leinewelle","robots":{"index":"index","follow":"follow","max-snippet":"max-snippet:-1","max-image-preview":"max-image-preview:large","max-video-preview":"max-video-preview:-1"},"canonical":"https:\/\/radioleinewelle.de\/index.php\/2020\/12\/23\/niedersachsen-startet-impfungen-gegen-covid-19\/","og_locale":"de_DE","og_type":"article","og_title":"Niedersachsen startet Impfungen gegen COVID-19 - Radio Leinewelle","og_description":"Niedersachsen wird am 27. Dezember mit dem Impfen gegen COVID-19 in Alten- und Pflegeheimen beginnen. Sowohl die Europ\u00e4ische Arzneimittelbeh\u00f6rde (EMA) als auch die EU-Kommission haben gr\u00fcnes Licht f\u00fcr die Zulassung des COVID-19-Impfstoffs von Biontech und Pfizer in der Europ\u00e4ischen Union gegeben. Mit einer ersten Marge sollen zu Weihnachten zun\u00e4chst etwa 9.750 Impfdosen in Impfzentren in [&hellip;]","og_url":"https:\/\/radioleinewelle.de\/index.php\/2020\/12\/23\/niedersachsen-startet-impfungen-gegen-covid-19\/","og_site_name":"Radio Leinewelle","article_publisher":"https:\/\/www.facebook.com\/radioleinewelle","article_author":"https:\/\/www.facebook.com\/radioleinewelle","article_published_time":"2020-12-23T04:00:21+00:00","author":"Leinewelle","twitter_card":"summary_large_image","twitter_creator":"@https:\/\/twitter.com\/RLeinewelle?ref_src=twsrcgoogletwcampserptwgrauthor","twitter_site":"@RLeinewelle","twitter_misc":{"Verfasst von":"Leinewelle","Gesch\u00e4tzte Lesezeit":"2\u00a0Minuten"},"schema":{"@context":"https:\/\/schema.org","@graph":[{"@type":"Article","@id":"https:\/\/radioleinewelle.de\/index.php\/2020\/12\/23\/niedersachsen-startet-impfungen-gegen-covid-19\/#article","isPartOf":{"@id":"https:\/\/radioleinewelle.de\/index.php\/2020\/12\/23\/niedersachsen-startet-impfungen-gegen-covid-19\/"},"author":{"name":"Leinewelle","@id":"https:\/\/radioleinewelle.de\/#\/schema\/person\/45606f348637df637192dc1b68399a63"},"headline":"Niedersachsen startet Impfungen gegen COVID-19","datePublished":"2020-12-23T04:00:21+00:00","mainEntityOfPage":{"@id":"https:\/\/radioleinewelle.de\/index.php\/2020\/12\/23\/niedersachsen-startet-impfungen-gegen-covid-19\/"},"wordCount":473,"publisher":{"@id":"https:\/\/radioleinewelle.de\/#organization"},"articleSection":["Corona"],"inLanguage":"de"},{"@type":"WebPage","@id":"https:\/\/radioleinewelle.de\/index.php\/2020\/12\/23\/niedersachsen-startet-impfungen-gegen-covid-19\/","url":"https:\/\/radioleinewelle.de\/index.php\/2020\/12\/23\/niedersachsen-startet-impfungen-gegen-covid-19\/","name":"Niedersachsen startet Impfungen gegen COVID-19 - Radio Leinewelle","isPartOf":{"@id":"https:\/\/radioleinewelle.de\/#website"},"datePublished":"2020-12-23T04:00:21+00:00","breadcrumb":{"@id":"https:\/\/radioleinewelle.de\/index.php\/2020\/12\/23\/niedersachsen-startet-impfungen-gegen-covid-19\/#breadcrumb"},"inLanguage":"de","potentialAction":[{"@type":"ReadAction","target":["https:\/\/radioleinewelle.de\/index.php\/2020\/12\/23\/niedersachsen-startet-impfungen-gegen-covid-19\/"]}]},{"@type":"BreadcrumbList","@id":"https:\/\/radioleinewelle.de\/index.php\/2020\/12\/23\/niedersachsen-startet-impfungen-gegen-covid-19\/#breadcrumb","itemListElement":[{"@type":"ListItem","position":1,"name":"Startseite","item":"https:\/\/radioleinewelle.de\/"},{"@type":"ListItem","position":2,"name":"Niedersachsen startet Impfungen gegen COVID-19"}]},{"@type":"WebSite","@id":"https:\/\/radioleinewelle.de\/#website","url":"https:\/\/radioleinewelle.de\/","name":"Radio Leinewelle","description":"","publisher":{"@id":"https:\/\/radioleinewelle.de\/#organization"},"potentialAction":[{"@type":"SearchAction","target":{"@type":"EntryPoint","urlTemplate":"https:\/\/radioleinewelle.de\/?s={search_term_string}"},"query-input":{"@type":"PropertyValueSpecification","valueRequired":true,"valueName":"search_term_string"}}],"inLanguage":"de"},{"@type":"Organization","@id":"https:\/\/radioleinewelle.de\/#organization","name":"Radio Leinewelle","alternateName":"Mein Radio f\u00fcr S\u00fcdniedersachsen","url":"https:\/\/radioleinewelle.de\/","logo":{"@type":"ImageObject","inLanguage":"de","@id":"https:\/\/radioleinewelle.de\/#\/schema\/logo\/image\/","url":"https:\/\/radioleinewelle.de\/wp-content\/uploads\/2023\/11\/cropped-Leinewelle_Logo_weiss.png","contentUrl":"https:\/\/radioleinewelle.de\/wp-content\/uploads\/2023\/11\/cropped-Leinewelle_Logo_weiss.png","width":854,"height":260,"caption":"Radio Leinewelle"},"image":{"@id":"https:\/\/radioleinewelle.de\/#\/schema\/logo\/image\/"},"sameAs":["https:\/\/www.facebook.com\/radioleinewelle","https:\/\/x.com\/RLeinewelle","https:\/\/www.instagram.com\/radioleinewelle\/?hl=de"]},{"@type":"Person","@id":"https:\/\/radioleinewelle.de\/#\/schema\/person\/45606f348637df637192dc1b68399a63","name":"Leinewelle","image":{"@type":"ImageObject","inLanguage":"de","@id":"https:\/\/secure.gravatar.com\/avatar\/05c9a17bc973052ee5d91549bd32fb4dd0dc85b7b85ae94b2e2b4943476bbea5?s=96&d=blank&r=g","url":"https:\/\/secure.gravatar.com\/avatar\/05c9a17bc973052ee5d91549bd32fb4dd0dc85b7b85ae94b2e2b4943476bbea5?s=96&d=blank&r=g","contentUrl":"https:\/\/secure.gravatar.com\/avatar\/05c9a17bc973052ee5d91549bd32fb4dd0dc85b7b85ae94b2e2b4943476bbea5?s=96&d=blank&r=g","caption":"Leinewelle"},"sameAs":["http:\/\/localhost\/radio%20leinewelle\/wordpress","https:\/\/www.facebook.com\/radioleinewelle","https:\/\/www.instagram.com\/radioleinewelle","https:\/\/x.com\/https:\/\/twitter.com\/RLeinewelle?ref_src=twsrcgoogletwcampserptwgrauthor","https:\/\/soundcloud.com\/foerderverein-lokalradio?utm_source=clipboard&utm_medium=text&utm_campaign=social_sharing"],"url":"https:\/\/radioleinewelle.de\/index.php\/author\/leinewelle\/"}]}},"_links":{"self":[{"href":"https:\/\/radioleinewelle.de\/index.php\/wp-json\/wp\/v2\/posts\/3693","targetHints":{"allow":["GET"]}}],"collection":[{"href":"https:\/\/radioleinewelle.de\/index.php\/wp-json\/wp\/v2\/posts"}],"about":[{"href":"https:\/\/radioleinewelle.de\/index.php\/wp-json\/wp\/v2\/types\/post"}],"author":[{"embeddable":true,"href":"https:\/\/radioleinewelle.de\/index.php\/wp-json\/wp\/v2\/users\/1"}],"replies":[{"embeddable":true,"href":"https:\/\/radioleinewelle.de\/index.php\/wp-json\/wp\/v2\/comments?post=3693"}],"version-history":[{"count":0,"href":"https:\/\/radioleinewelle.de\/index.php\/wp-json\/wp\/v2\/posts\/3693\/revisions"}],"wp:attachment":[{"href":"https:\/\/radioleinewelle.de\/index.php\/wp-json\/wp\/v2\/media?parent=3693"}],"wp:term":[{"taxonomy":"category","embeddable":true,"href":"https:\/\/radioleinewelle.de\/index.php\/wp-json\/wp\/v2\/categories?post=3693"},{"taxonomy":"post_tag","embeddable":true,"href":"https:\/\/radioleinewelle.de\/index.php\/wp-json\/wp\/v2\/tags?post=3693"}],"curies":[{"name":"wp","href":"https:\/\/api.w.org\/{rel}","templated":true}]}}