{"id":3696,"date":"2020-12-23T05:30:48","date_gmt":"2020-12-23T04:30:48","guid":{"rendered":"https:\/\/radioleinewelle.de\/?p=3696"},"modified":"2020-12-23T05:30:48","modified_gmt":"2020-12-23T04:30:48","slug":"oberbuergermeisterkandidatin-doreen-fragel-fordert-wohnen-mit-wuerde-in-goettingen","status":"publish","type":"post","link":"https:\/\/radioleinewelle.de\/index.php\/2020\/12\/23\/oberbuergermeisterkandidatin-doreen-fragel-fordert-wohnen-mit-wuerde-in-goettingen\/","title":{"rendered":"Oberb\u00fcrgermeisterkandidatin Doreen Fragel fordert Wohnen mit W\u00fcrde in G\u00f6ttingen"},"content":{"rendered":"<p>\u00dcber 1 Million Aufrufe hat das <a href=\"https:\/\/www.youtube.com\/watch?v=oiZzUXQHB6E\">Video von Spiegel TV \u00fcber die Wohnsituation im Hagenweg 2o<\/a> mittlerweile auf Youtube verzeichnet. Nach dem OB Kandidaten der CDU\u00a0Dr. Ehsan Kangarani meldet sich die Kandidatin der Gr\u00fcnen f\u00fcr das Oberb\u00fcrgermeisteramt\u00a0<span class=\"\">Doreen Fragel zur Wohnsituation benachteiligter Menschen in G\u00f6ttingen zu Wort:<br \/>\n<\/span><\/p>\n<p>In G\u00f6ttingen sind 1.000 Menschen von Wohnungslosigkeit bedroht. Davon geht die Stra\u00dfensozialarbeit der Diakonie aus und weist schon seit Jahren zu Recht darauf hin. Der Mangel an bezahlbarem Wohnraum mache sich immer st\u00e4rker bemerkbar.\u00a0Um der dramatischen Lage zu vieler Menschen entgegenzuwirken schl\u00e4gt die Oberb\u00fcrgermeisterkandidatin der GR\u00dcNEN Doreen Fragel vor, das Konzept des \u201eHousing First\u201c in G\u00f6ttingen umzusetzen. Das hei\u00dft: erst eine w\u00fcrdige Bleibe, dann kommt alles andere. \u201eWohnungslose Menschen brauchen vor allem Eines: eine Wohnung. Wer einen Platz hat, wo er die T\u00fcr zu machen kann und sich sicher f\u00fchlt, schafft es auch zur Ruhe zu kommen und sich f\u00fcr weitere Hilfen und neue Perspektiven zu \u00f6ffnen.\u201c<\/p>\n<p>Das Prinzip \u201eHousing First\u201c in der Wohnungslosenhilfe scheitert aber oft am Mangel an bezahlbarem Wohnraum, mit dem viele Kommunen k\u00e4mpfen. Darum kann ein Blick in die Nachbarschaft helfen. Hannover ist diesen Weg am Beginn der Corona-Pandemie gegangen und hat zun\u00e4chst befristet obdachlose Menschen in Wohnungen untergebracht \u2013 unter anderem in der Jugendherberge. Das hat in vielen F\u00e4llen ausgereicht, um Perspektiven abseits der Stra\u00dfe zu entwickeln und umzusetzen. Langj\u00e4hrige \u201eStra\u00dfenkarrieren\u201c seien so schrittweise durchbrochen worden. \u201eDieses Modell hat aus meiner Sicht Vorbildcharakter auch f\u00fcr G\u00f6ttingen.\u201c<\/p>\n<p>Vor dem Hintergrund begr\u00fc\u00dft Fragel den Antrag der GR\u00dcNEN Landtagsfraktion, \u201eHousing First\u201c landesweit umzusetzen und fordert die Landesregierung auf, das Wohnraumschutzgesetz endlich zum Beschluss vorzulegen.<\/p>\n<p>Dar\u00fcber hinaus m\u00fcssen verst\u00e4rkte Anstrengungen unternommen werden, um ausreichend bezahlbaren Wohnraum f\u00fcr alle zur Verf\u00fcgung stellen zu k\u00f6nnen. Hierbei hat Fragel nicht nur die obdachlosen Menschen im Blick. \u201eDie Immobilien Hagenweg 20 und Groner Landstra\u00dfe 9-9b sind inzwischen bundesweit als \u201eSchrottimmobilen\u201c in Verruf geraten. Seit Jahren besteht das Problem und seit Jahren ist keine Besserung in Sicht. Ich m\u00f6chte eine echte Verbesserung f\u00fcr die Menschen in den H\u00e4usern erreichen, ob sie dort nun wohnen bleiben m\u00f6chten oder gerne umziehen. Niemand soll sich mehr wegen einer Adresse sch\u00e4men m\u00fcssen, niemand entscheiden, ob er unter unw\u00fcrdigen Bedingungen wohnen m\u00f6chte oder die Obdachlosigkeit vorzieht. Ich will gutes Wohnen f\u00fcr alle.\u201c<\/p>\n<p>Fragel werde sich als Oberb\u00fcrgermeisterin f\u00fcr modernen klimaschonenden Neubau von Sozialwohnungen in \u201eguter direkter Nachbarschaft\u201c von nicht gef\u00f6rderten Wohnungen einsetzen. Daf\u00fcr werde sie auch die St\u00e4dtische Wohnungsbau st\u00e4rken. \u201eDar\u00fcber hinaus ist es wichtig, Potenziale von Wohnfl\u00e4chen in bestehenden Geb\u00e4uden zu nutzen,\u201c berichtet Fragel aus ihren bisherigen Erfahrungen. Die Potenziale sind da, wie die Stadtverwaltung gerade zusammengetragen hat. Im Dezember ist die \u201eQuartiersanalyse zur Identifizierung von Fl\u00e4chenoptimierungspotenzialen\u201c ver\u00f6ffentlicht worden.<a href=\"x-webdoc:\/\/976BD0E3-5F4C-4E4C-A496-E95A098792FB#_ftn1\" name=\"_ftnref1\">[1]<\/a> Daraus geht hervor, dass es in der Oststadt, Geismar, den n\u00f6rdlichen Teilen Weendes sowie einzelnen Teilen der S\u00fcdstadt, der Weststadt und Grones Potenziale gibt, bestehende Hauser effektiver zu nutzen. Fragel gibt ein Beispiel: \u201eEs gibt Menschen, die einmal gro\u00dfe H\u00e4user f\u00fcr eine gro\u00dfe Familie gebraucht haben.\u201c Wenn die Kinder aus dem Haus sind, sei aber oftmals der Wunsch da, sich zu verkleinern. Statt umzuziehen, k\u00f6nnte die Stadt die Hausbesitzer*innen dabei unterst\u00fctzen, ihre H\u00e4user umzubauen und zu teilen, so dass gute neue Wohnungen entstehen. \u201eDavon w\u00fcrden Wohnungssuchende profitieren und gleicherma\u00dfen auch die Hausbesitzer*innen, weil sie in ihren Immobilien bleiben k\u00f6nnen. Und das Klima wird auch geschont.\u201c<\/p>\n<p>Foto: Gr\u00fcne G\u00f6ttingen<\/p>\n<p><span class=\"\">\u00a0<\/span><\/p>\n<p>&nbsp;<\/p>\n","protected":false},"excerpt":{"rendered":"<p>\u00dcber 1 Million Aufrufe hat das Video von Spiegel TV \u00fcber die Wohnsituation im Hagenweg 2o mittlerweile auf Youtube verzeichnet. Nach dem OB Kandidaten der CDU\u00a0Dr. Ehsan Kangarani meldet sich die Kandidatin der Gr\u00fcnen f\u00fcr das Oberb\u00fcrgermeisteramt\u00a0Doreen Fragel zur Wohnsituation benachteiligter Menschen in G\u00f6ttingen zu Wort: In G\u00f6ttingen sind 1.000 Menschen von Wohnungslosigkeit bedroht. Davon [&hellip;]<\/p>\n","protected":false},"author":1,"featured_media":0,"comment_status":"closed","ping_status":"closed","sticky":false,"template":"","format":"standard","meta":{"saved_in_kubio":false,"footnotes":""},"categories":[39],"tags":[],"class_list":["post-3696","post","type-post","status-publish","format-standard","hentry","category-lokalpolitik"],"yoast_head":"<!-- This site is optimized with the Yoast SEO plugin v27.5 - https:\/\/yoast.com\/product\/yoast-seo-wordpress\/ -->\n<title>Oberb\u00fcrgermeisterkandidatin Doreen Fragel fordert Wohnen mit W\u00fcrde in G\u00f6ttingen - Radio Leinewelle<\/title>\n<meta name=\"robots\" content=\"index, follow, max-snippet:-1, max-image-preview:large, max-video-preview:-1\" \/>\n<link rel=\"canonical\" href=\"https:\/\/radioleinewelle.de\/index.php\/2020\/12\/23\/oberbuergermeisterkandidatin-doreen-fragel-fordert-wohnen-mit-wuerde-in-goettingen\/\" \/>\n<meta property=\"og:locale\" content=\"de_DE\" \/>\n<meta property=\"og:type\" content=\"article\" \/>\n<meta property=\"og:title\" content=\"Oberb\u00fcrgermeisterkandidatin Doreen Fragel fordert Wohnen mit W\u00fcrde in G\u00f6ttingen - Radio Leinewelle\" \/>\n<meta property=\"og:description\" content=\"\u00dcber 1 Million Aufrufe hat das Video von Spiegel TV \u00fcber die Wohnsituation im Hagenweg 2o mittlerweile auf Youtube verzeichnet. Nach dem OB Kandidaten der CDU\u00a0Dr. Ehsan Kangarani meldet sich die Kandidatin der Gr\u00fcnen f\u00fcr das Oberb\u00fcrgermeisteramt\u00a0Doreen Fragel zur Wohnsituation benachteiligter Menschen in G\u00f6ttingen zu Wort: In G\u00f6ttingen sind 1.000 Menschen von Wohnungslosigkeit bedroht. Davon [&hellip;]\" \/>\n<meta property=\"og:url\" content=\"https:\/\/radioleinewelle.de\/index.php\/2020\/12\/23\/oberbuergermeisterkandidatin-doreen-fragel-fordert-wohnen-mit-wuerde-in-goettingen\/\" \/>\n<meta property=\"og:site_name\" content=\"Radio Leinewelle\" \/>\n<meta property=\"article:publisher\" content=\"https:\/\/www.facebook.com\/radioleinewelle\" \/>\n<meta property=\"article:author\" content=\"https:\/\/www.facebook.com\/radioleinewelle\" \/>\n<meta property=\"article:published_time\" content=\"2020-12-23T04:30:48+00:00\" \/>\n<meta name=\"author\" content=\"Leinewelle\" \/>\n<meta name=\"twitter:card\" content=\"summary_large_image\" \/>\n<meta name=\"twitter:creator\" content=\"@https:\/\/twitter.com\/RLeinewelle?ref_src=twsrcgoogletwcampserptwgrauthor\" \/>\n<meta name=\"twitter:site\" content=\"@RLeinewelle\" \/>\n<meta name=\"twitter:label1\" content=\"Verfasst von\" \/>\n\t<meta name=\"twitter:data1\" content=\"Leinewelle\" \/>\n\t<meta name=\"twitter:label2\" content=\"Gesch\u00e4tzte Lesezeit\" \/>\n\t<meta name=\"twitter:data2\" content=\"3\u00a0Minuten\" \/>\n<script type=\"application\/ld+json\" class=\"yoast-schema-graph\">{\"@context\":\"https:\\\/\\\/schema.org\",\"@graph\":[{\"@type\":\"Article\",\"@id\":\"https:\\\/\\\/radioleinewelle.de\\\/index.php\\\/2020\\\/12\\\/23\\\/oberbuergermeisterkandidatin-doreen-fragel-fordert-wohnen-mit-wuerde-in-goettingen\\\/#article\",\"isPartOf\":{\"@id\":\"https:\\\/\\\/radioleinewelle.de\\\/index.php\\\/2020\\\/12\\\/23\\\/oberbuergermeisterkandidatin-doreen-fragel-fordert-wohnen-mit-wuerde-in-goettingen\\\/\"},\"author\":{\"name\":\"Leinewelle\",\"@id\":\"https:\\\/\\\/radioleinewelle.de\\\/#\\\/schema\\\/person\\\/45606f348637df637192dc1b68399a63\"},\"headline\":\"Oberb\u00fcrgermeisterkandidatin Doreen Fragel fordert Wohnen mit W\u00fcrde in G\u00f6ttingen\",\"datePublished\":\"2020-12-23T04:30:48+00:00\",\"mainEntityOfPage\":{\"@id\":\"https:\\\/\\\/radioleinewelle.de\\\/index.php\\\/2020\\\/12\\\/23\\\/oberbuergermeisterkandidatin-doreen-fragel-fordert-wohnen-mit-wuerde-in-goettingen\\\/\"},\"wordCount\":627,\"publisher\":{\"@id\":\"https:\\\/\\\/radioleinewelle.de\\\/#organization\"},\"articleSection\":[\"Lokalpolitik\"],\"inLanguage\":\"de\"},{\"@type\":\"WebPage\",\"@id\":\"https:\\\/\\\/radioleinewelle.de\\\/index.php\\\/2020\\\/12\\\/23\\\/oberbuergermeisterkandidatin-doreen-fragel-fordert-wohnen-mit-wuerde-in-goettingen\\\/\",\"url\":\"https:\\\/\\\/radioleinewelle.de\\\/index.php\\\/2020\\\/12\\\/23\\\/oberbuergermeisterkandidatin-doreen-fragel-fordert-wohnen-mit-wuerde-in-goettingen\\\/\",\"name\":\"Oberb\u00fcrgermeisterkandidatin Doreen Fragel fordert Wohnen mit W\u00fcrde in G\u00f6ttingen - Radio Leinewelle\",\"isPartOf\":{\"@id\":\"https:\\\/\\\/radioleinewelle.de\\\/#website\"},\"datePublished\":\"2020-12-23T04:30:48+00:00\",\"breadcrumb\":{\"@id\":\"https:\\\/\\\/radioleinewelle.de\\\/index.php\\\/2020\\\/12\\\/23\\\/oberbuergermeisterkandidatin-doreen-fragel-fordert-wohnen-mit-wuerde-in-goettingen\\\/#breadcrumb\"},\"inLanguage\":\"de\",\"potentialAction\":[{\"@type\":\"ReadAction\",\"target\":[\"https:\\\/\\\/radioleinewelle.de\\\/index.php\\\/2020\\\/12\\\/23\\\/oberbuergermeisterkandidatin-doreen-fragel-fordert-wohnen-mit-wuerde-in-goettingen\\\/\"]}]},{\"@type\":\"BreadcrumbList\",\"@id\":\"https:\\\/\\\/radioleinewelle.de\\\/index.php\\\/2020\\\/12\\\/23\\\/oberbuergermeisterkandidatin-doreen-fragel-fordert-wohnen-mit-wuerde-in-goettingen\\\/#breadcrumb\",\"itemListElement\":[{\"@type\":\"ListItem\",\"position\":1,\"name\":\"Startseite\",\"item\":\"https:\\\/\\\/radioleinewelle.de\\\/\"},{\"@type\":\"ListItem\",\"position\":2,\"name\":\"Oberb\u00fcrgermeisterkandidatin Doreen Fragel fordert Wohnen mit W\u00fcrde in G\u00f6ttingen\"}]},{\"@type\":\"WebSite\",\"@id\":\"https:\\\/\\\/radioleinewelle.de\\\/#website\",\"url\":\"https:\\\/\\\/radioleinewelle.de\\\/\",\"name\":\"Radio Leinewelle\",\"description\":\"\",\"publisher\":{\"@id\":\"https:\\\/\\\/radioleinewelle.de\\\/#organization\"},\"potentialAction\":[{\"@type\":\"SearchAction\",\"target\":{\"@type\":\"EntryPoint\",\"urlTemplate\":\"https:\\\/\\\/radioleinewelle.de\\\/?s={search_term_string}\"},\"query-input\":{\"@type\":\"PropertyValueSpecification\",\"valueRequired\":true,\"valueName\":\"search_term_string\"}}],\"inLanguage\":\"de\"},{\"@type\":\"Organization\",\"@id\":\"https:\\\/\\\/radioleinewelle.de\\\/#organization\",\"name\":\"Radio Leinewelle\",\"alternateName\":\"Mein Radio f\u00fcr S\u00fcdniedersachsen\",\"url\":\"https:\\\/\\\/radioleinewelle.de\\\/\",\"logo\":{\"@type\":\"ImageObject\",\"inLanguage\":\"de\",\"@id\":\"https:\\\/\\\/radioleinewelle.de\\\/#\\\/schema\\\/logo\\\/image\\\/\",\"url\":\"https:\\\/\\\/radioleinewelle.de\\\/wp-content\\\/uploads\\\/2023\\\/11\\\/cropped-Leinewelle_Logo_weiss.png\",\"contentUrl\":\"https:\\\/\\\/radioleinewelle.de\\\/wp-content\\\/uploads\\\/2023\\\/11\\\/cropped-Leinewelle_Logo_weiss.png\",\"width\":854,\"height\":260,\"caption\":\"Radio Leinewelle\"},\"image\":{\"@id\":\"https:\\\/\\\/radioleinewelle.de\\\/#\\\/schema\\\/logo\\\/image\\\/\"},\"sameAs\":[\"https:\\\/\\\/www.facebook.com\\\/radioleinewelle\",\"https:\\\/\\\/x.com\\\/RLeinewelle\",\"https:\\\/\\\/www.instagram.com\\\/radioleinewelle\\\/?hl=de\"]},{\"@type\":\"Person\",\"@id\":\"https:\\\/\\\/radioleinewelle.de\\\/#\\\/schema\\\/person\\\/45606f348637df637192dc1b68399a63\",\"name\":\"Leinewelle\",\"image\":{\"@type\":\"ImageObject\",\"inLanguage\":\"de\",\"@id\":\"https:\\\/\\\/secure.gravatar.com\\\/avatar\\\/05c9a17bc973052ee5d91549bd32fb4dd0dc85b7b85ae94b2e2b4943476bbea5?s=96&d=blank&r=g\",\"url\":\"https:\\\/\\\/secure.gravatar.com\\\/avatar\\\/05c9a17bc973052ee5d91549bd32fb4dd0dc85b7b85ae94b2e2b4943476bbea5?s=96&d=blank&r=g\",\"contentUrl\":\"https:\\\/\\\/secure.gravatar.com\\\/avatar\\\/05c9a17bc973052ee5d91549bd32fb4dd0dc85b7b85ae94b2e2b4943476bbea5?s=96&d=blank&r=g\",\"caption\":\"Leinewelle\"},\"sameAs\":[\"http:\\\/\\\/localhost\\\/radio%20leinewelle\\\/wordpress\",\"https:\\\/\\\/www.facebook.com\\\/radioleinewelle\",\"https:\\\/\\\/www.instagram.com\\\/radioleinewelle\",\"https:\\\/\\\/x.com\\\/https:\\\/\\\/twitter.com\\\/RLeinewelle?ref_src=twsrcgoogletwcampserptwgrauthor\",\"https:\\\/\\\/soundcloud.com\\\/foerderverein-lokalradio?utm_source=clipboard&utm_medium=text&utm_campaign=social_sharing\"],\"url\":\"https:\\\/\\\/radioleinewelle.de\\\/index.php\\\/author\\\/leinewelle\\\/\"}]}<\/script>\n<!-- \/ Yoast SEO plugin. -->","yoast_head_json":{"title":"Oberb\u00fcrgermeisterkandidatin Doreen Fragel fordert Wohnen mit W\u00fcrde in G\u00f6ttingen - Radio Leinewelle","robots":{"index":"index","follow":"follow","max-snippet":"max-snippet:-1","max-image-preview":"max-image-preview:large","max-video-preview":"max-video-preview:-1"},"canonical":"https:\/\/radioleinewelle.de\/index.php\/2020\/12\/23\/oberbuergermeisterkandidatin-doreen-fragel-fordert-wohnen-mit-wuerde-in-goettingen\/","og_locale":"de_DE","og_type":"article","og_title":"Oberb\u00fcrgermeisterkandidatin Doreen Fragel fordert Wohnen mit W\u00fcrde in G\u00f6ttingen - Radio Leinewelle","og_description":"\u00dcber 1 Million Aufrufe hat das Video von Spiegel TV \u00fcber die Wohnsituation im Hagenweg 2o mittlerweile auf Youtube verzeichnet. Nach dem OB Kandidaten der CDU\u00a0Dr. Ehsan Kangarani meldet sich die Kandidatin der Gr\u00fcnen f\u00fcr das Oberb\u00fcrgermeisteramt\u00a0Doreen Fragel zur Wohnsituation benachteiligter Menschen in G\u00f6ttingen zu Wort: In G\u00f6ttingen sind 1.000 Menschen von Wohnungslosigkeit bedroht. Davon [&hellip;]","og_url":"https:\/\/radioleinewelle.de\/index.php\/2020\/12\/23\/oberbuergermeisterkandidatin-doreen-fragel-fordert-wohnen-mit-wuerde-in-goettingen\/","og_site_name":"Radio Leinewelle","article_publisher":"https:\/\/www.facebook.com\/radioleinewelle","article_author":"https:\/\/www.facebook.com\/radioleinewelle","article_published_time":"2020-12-23T04:30:48+00:00","author":"Leinewelle","twitter_card":"summary_large_image","twitter_creator":"@https:\/\/twitter.com\/RLeinewelle?ref_src=twsrcgoogletwcampserptwgrauthor","twitter_site":"@RLeinewelle","twitter_misc":{"Verfasst von":"Leinewelle","Gesch\u00e4tzte Lesezeit":"3\u00a0Minuten"},"schema":{"@context":"https:\/\/schema.org","@graph":[{"@type":"Article","@id":"https:\/\/radioleinewelle.de\/index.php\/2020\/12\/23\/oberbuergermeisterkandidatin-doreen-fragel-fordert-wohnen-mit-wuerde-in-goettingen\/#article","isPartOf":{"@id":"https:\/\/radioleinewelle.de\/index.php\/2020\/12\/23\/oberbuergermeisterkandidatin-doreen-fragel-fordert-wohnen-mit-wuerde-in-goettingen\/"},"author":{"name":"Leinewelle","@id":"https:\/\/radioleinewelle.de\/#\/schema\/person\/45606f348637df637192dc1b68399a63"},"headline":"Oberb\u00fcrgermeisterkandidatin Doreen Fragel fordert Wohnen mit W\u00fcrde in G\u00f6ttingen","datePublished":"2020-12-23T04:30:48+00:00","mainEntityOfPage":{"@id":"https:\/\/radioleinewelle.de\/index.php\/2020\/12\/23\/oberbuergermeisterkandidatin-doreen-fragel-fordert-wohnen-mit-wuerde-in-goettingen\/"},"wordCount":627,"publisher":{"@id":"https:\/\/radioleinewelle.de\/#organization"},"articleSection":["Lokalpolitik"],"inLanguage":"de"},{"@type":"WebPage","@id":"https:\/\/radioleinewelle.de\/index.php\/2020\/12\/23\/oberbuergermeisterkandidatin-doreen-fragel-fordert-wohnen-mit-wuerde-in-goettingen\/","url":"https:\/\/radioleinewelle.de\/index.php\/2020\/12\/23\/oberbuergermeisterkandidatin-doreen-fragel-fordert-wohnen-mit-wuerde-in-goettingen\/","name":"Oberb\u00fcrgermeisterkandidatin Doreen Fragel fordert Wohnen mit W\u00fcrde in G\u00f6ttingen - Radio Leinewelle","isPartOf":{"@id":"https:\/\/radioleinewelle.de\/#website"},"datePublished":"2020-12-23T04:30:48+00:00","breadcrumb":{"@id":"https:\/\/radioleinewelle.de\/index.php\/2020\/12\/23\/oberbuergermeisterkandidatin-doreen-fragel-fordert-wohnen-mit-wuerde-in-goettingen\/#breadcrumb"},"inLanguage":"de","potentialAction":[{"@type":"ReadAction","target":["https:\/\/radioleinewelle.de\/index.php\/2020\/12\/23\/oberbuergermeisterkandidatin-doreen-fragel-fordert-wohnen-mit-wuerde-in-goettingen\/"]}]},{"@type":"BreadcrumbList","@id":"https:\/\/radioleinewelle.de\/index.php\/2020\/12\/23\/oberbuergermeisterkandidatin-doreen-fragel-fordert-wohnen-mit-wuerde-in-goettingen\/#breadcrumb","itemListElement":[{"@type":"ListItem","position":1,"name":"Startseite","item":"https:\/\/radioleinewelle.de\/"},{"@type":"ListItem","position":2,"name":"Oberb\u00fcrgermeisterkandidatin Doreen Fragel fordert Wohnen mit W\u00fcrde in G\u00f6ttingen"}]},{"@type":"WebSite","@id":"https:\/\/radioleinewelle.de\/#website","url":"https:\/\/radioleinewelle.de\/","name":"Radio Leinewelle","description":"","publisher":{"@id":"https:\/\/radioleinewelle.de\/#organization"},"potentialAction":[{"@type":"SearchAction","target":{"@type":"EntryPoint","urlTemplate":"https:\/\/radioleinewelle.de\/?s={search_term_string}"},"query-input":{"@type":"PropertyValueSpecification","valueRequired":true,"valueName":"search_term_string"}}],"inLanguage":"de"},{"@type":"Organization","@id":"https:\/\/radioleinewelle.de\/#organization","name":"Radio Leinewelle","alternateName":"Mein Radio f\u00fcr S\u00fcdniedersachsen","url":"https:\/\/radioleinewelle.de\/","logo":{"@type":"ImageObject","inLanguage":"de","@id":"https:\/\/radioleinewelle.de\/#\/schema\/logo\/image\/","url":"https:\/\/radioleinewelle.de\/wp-content\/uploads\/2023\/11\/cropped-Leinewelle_Logo_weiss.png","contentUrl":"https:\/\/radioleinewelle.de\/wp-content\/uploads\/2023\/11\/cropped-Leinewelle_Logo_weiss.png","width":854,"height":260,"caption":"Radio Leinewelle"},"image":{"@id":"https:\/\/radioleinewelle.de\/#\/schema\/logo\/image\/"},"sameAs":["https:\/\/www.facebook.com\/radioleinewelle","https:\/\/x.com\/RLeinewelle","https:\/\/www.instagram.com\/radioleinewelle\/?hl=de"]},{"@type":"Person","@id":"https:\/\/radioleinewelle.de\/#\/schema\/person\/45606f348637df637192dc1b68399a63","name":"Leinewelle","image":{"@type":"ImageObject","inLanguage":"de","@id":"https:\/\/secure.gravatar.com\/avatar\/05c9a17bc973052ee5d91549bd32fb4dd0dc85b7b85ae94b2e2b4943476bbea5?s=96&d=blank&r=g","url":"https:\/\/secure.gravatar.com\/avatar\/05c9a17bc973052ee5d91549bd32fb4dd0dc85b7b85ae94b2e2b4943476bbea5?s=96&d=blank&r=g","contentUrl":"https:\/\/secure.gravatar.com\/avatar\/05c9a17bc973052ee5d91549bd32fb4dd0dc85b7b85ae94b2e2b4943476bbea5?s=96&d=blank&r=g","caption":"Leinewelle"},"sameAs":["http:\/\/localhost\/radio%20leinewelle\/wordpress","https:\/\/www.facebook.com\/radioleinewelle","https:\/\/www.instagram.com\/radioleinewelle","https:\/\/x.com\/https:\/\/twitter.com\/RLeinewelle?ref_src=twsrcgoogletwcampserptwgrauthor","https:\/\/soundcloud.com\/foerderverein-lokalradio?utm_source=clipboard&utm_medium=text&utm_campaign=social_sharing"],"url":"https:\/\/radioleinewelle.de\/index.php\/author\/leinewelle\/"}]}},"_links":{"self":[{"href":"https:\/\/radioleinewelle.de\/index.php\/wp-json\/wp\/v2\/posts\/3696","targetHints":{"allow":["GET"]}}],"collection":[{"href":"https:\/\/radioleinewelle.de\/index.php\/wp-json\/wp\/v2\/posts"}],"about":[{"href":"https:\/\/radioleinewelle.de\/index.php\/wp-json\/wp\/v2\/types\/post"}],"author":[{"embeddable":true,"href":"https:\/\/radioleinewelle.de\/index.php\/wp-json\/wp\/v2\/users\/1"}],"replies":[{"embeddable":true,"href":"https:\/\/radioleinewelle.de\/index.php\/wp-json\/wp\/v2\/comments?post=3696"}],"version-history":[{"count":0,"href":"https:\/\/radioleinewelle.de\/index.php\/wp-json\/wp\/v2\/posts\/3696\/revisions"}],"wp:attachment":[{"href":"https:\/\/radioleinewelle.de\/index.php\/wp-json\/wp\/v2\/media?parent=3696"}],"wp:term":[{"taxonomy":"category","embeddable":true,"href":"https:\/\/radioleinewelle.de\/index.php\/wp-json\/wp\/v2\/categories?post=3696"},{"taxonomy":"post_tag","embeddable":true,"href":"https:\/\/radioleinewelle.de\/index.php\/wp-json\/wp\/v2\/tags?post=3696"}],"curies":[{"name":"wp","href":"https:\/\/api.w.org\/{rel}","templated":true}]}}