{"id":3721,"date":"2020-12-24T06:20:36","date_gmt":"2020-12-24T05:20:36","guid":{"rendered":"https:\/\/radioleinewelle.de\/?p=3721"},"modified":"2020-12-24T06:20:36","modified_gmt":"2020-12-24T05:20:36","slug":"die-coronalage-in-suedniedersachsen-am-24-12-20-keine-entspannung-ueber-weihnachten-ein-schwerpunkt-ist-duderstadt","status":"publish","type":"post","link":"https:\/\/radioleinewelle.de\/index.php\/2020\/12\/24\/die-coronalage-in-suedniedersachsen-am-24-12-20-keine-entspannung-ueber-weihnachten-ein-schwerpunkt-ist-duderstadt\/","title":{"rendered":"Die Coronalage in S\u00fcdniedersachsen am 24.12.20 Keine Entspannung \u00fcber Weihnachten &#8211; ein Schwerpunkt ist Duderstadt"},"content":{"rendered":"<p>Die Inzidenzzahlen in S\u00fcdniedersachsen bleiben im Vergleich zur Vorwoche in den einzelnen Landkreisen weiter hoch, d.h. am oder \u00fcber dem Grenzwert von 50. Dennoch liegen sie deutlich unter den landes- und bundesweiten Durchschnitten. Die aktuellen Zahlen im Detail:<br \/>\n<strong>Die Landkreise:<\/strong><br \/>\nG\u00f6ttingen 114,1, Northeim 48,4, Goslar 67,6, Holzminden 85,2. H\u00f6xter 210,3.<\/p>\n<p>Der Durchschnitt in Niedersachsen liegt bei 110,5, der Bundesdurchschnitt 196,2, die bundesweite Zahl der Corona Neuinfektionen steigt um 32195, die Sterbef\u00e4lle steigen bundesweit um 802 Tote zum Vortag. \u00a0Der Anteil der COVID-19 Patienten an der Gesamtzahl der Intensivbetten in Niedersachsen steigtl auf 10,8 %<\/p>\n<p><strong>Beunruhigend sind die Zahlen im Eichsfeld, der Inzidenzwert liegt hier bei aktuell 466,0.<\/strong> Der Landkreis Eichsfeld teilt mit:\u00a0Gesamtzahl der aktuell noch Infizierten: 590.\u00a0Die tagaktuelle Zuordnung der Neuinfektionen auf Orte ist derzeit nicht m\u00f6glich, weshalb bis auf weiteres von dieser Darstellung abgesehen wird.\u00a0Aufgrund der hohen Fallzahlen der Neuinfektionen kann es aktuell bis zu drei Tage dauern bis das Gesundheitsamt Kontaktpersonen positiv getesteter Personen telefonisch kontaktiert. Deshalb werden alle B\u00fcrgerinnen und B\u00fcrger dringend aufgefordert, sich in Quarant\u00e4ne zu begeben, wenn sie Kontakt (mindestens 15 Minuten, weniger als 1,5 m Abstand ohne Mund-Nasen-Bedeckung) zu einer positiv getesteten Person hatten.<\/p>\n<p><strong>Die Stadt Heiligenstadt<\/strong> warnt vor Falschinformationen rund um Corona und ruft dazu auf, nur offizielle Quellen zu nutzen.<\/p>\n<p><strong>Die Lage in Duderstadt<\/strong> bleibt mit aktuell 102 Infizierten weiter angespannt. Aufgrund der Situation gibt es nur noch eine\u00a0Notbetreuung in den Kindertagesst\u00e4tten, eine\u00a0Ausweitung der Maskenpflicht im Bereich Duderstadt ist angeordnet. Welche Regelungen f\u00fcr die Seniorenheime gelten , ist bei den jeweiligen Einrichtungen nachzufragen.\u00a0504 Menschen im Landkreis G\u00f6ttingen sind akut mit dem SARS-CoV-2-Virus infiziert; die Zahl der Neuinfektionen liegt bei 88 innerhalb von 24 Stunden. Ein Schwerpunkt dabei ist die Stadt Duderstadt, mit aktuell 141 akut infizierten Personen und 41 Neuinfektionen innerhalb eines Tages.\u00a0\u201eWir sehen diese Entwicklung mit Sorge\u201c, sagt Landrat Bernhard Reuter. \u201eMein dringender Appell an die Menschen ist: Halten sie die Regeln ein \u2013 Abstand halten, Hygiene beachten und Alltagsmaske tragen, das ist das Mindeste. Und meine dringende Bitte ist: \u00dcbernehmen sie Verantwortung \u2013 sch\u00fctzen sie sich und andere, das sind wir einander schuldig.\u201c<\/p>\n<p>\u201eGerade in Duderstadt m\u00fcssen wir der herausfordernden Situation nun verantwortungsvoll begegnen\u201c, f\u00fchrt B\u00fcrgermeister Thorsten Feike aus. \u201eWir erleben, wie schnell Fallzahlen steigen k\u00f6nnen. Notwendige Ma\u00dfnahmen werden im engen Kontakt mit dem Gesundheitsamt und dem Krisenstab des Landkreises abgestimmt. Bei der Eind\u00e4mmung sind aber auch die Duderst\u00e4dterinnen und Duderst\u00e4dter gefordert \u2013 jede und jeder muss vorsichtig sein und R\u00fccksicht nehmen\u201c, erkl\u00e4rt Feike.<\/p>\n<p>Der Gro\u00dfteil der Neuinfektionen im Landkreis und auch in Duderstadt ist auf lokal begrenzte Corona-Ausbr\u00fcche in Einrichtungen zur\u00fcckzuf\u00fchren. Damit bestehen gute Chancen, mit Reihentests schnell ein klares Bild des Geschehens zu bekommen, Betroffenen zu helfen und Nicht-Infizierte zu sch\u00fctzen. Zugleich zeigen die seit Herbst steigende Zahl der Neuinfektionen ein zuneh-mendes Infektionsrisiko f\u00fcr die Bev\u00f6lkerung.\u00a0\u201eWir haben die Ma\u00dfnahmen, das Risiko zu minimieren. Aber das funktioniert nur, wenn sich die Menschen an die Vorgaben halten\u201c, erkl\u00e4rt Landrat Reuter. \u201eUnd ich gehe noch einen Schritt weiter: Nicht alles, was erlaubt ist, muss auch ausgereizt werden. Jetzt ist nicht die Zeit, Grenzen auszutesten und Schlupfl\u00f6cher zu suchen. Jetzt ist die Zeit, besonnen zu sein und gewissenhaft zu handeln\u201c, mahnt der Landrat. So m\u00fcsse sich jeder pr\u00fcfen, ob das Maximum der zul\u00e4ssigen Kontakte \u00fcber die Feiertage ausgenutzt werden m\u00fcsse; oder ob nicht Verzicht und die Aussicht auf ein gesundes, gemeinsames Weihnachtsfest 2021 das gr\u00f6\u00dfere Geschenk seien.\u00a0\u201eMir ist bewusst, dass gerade in diesen Tagen Kontaktbeschr\u00e4nkungen belasten\u201c, f\u00fcgt B\u00fcrgermeister Feike hinzu. \u201eGemeinsamkeit und N\u00e4he, gerade auch im Gottesdienst, geh\u00f6ren zu uns und unserer Tradition. Aber gerade da, wo Menschen zusammenkommen, m\u00fcssen nun Abst\u00e4nde eingehalten und die Alltagsmaske getragen werden \u2013 in der Kirche, vor der Kirche und bitte auch schon auf dem Weg dorthin\u201c, macht er deutlich. Er habe mit den Verantwortlichen der Kirchengemeinden gesprochen; sie tr\u00fcgen seinen Appell ausdr\u00fccklich mit, betont B\u00fcrgermeister Feike.\u00a0Die Situation in Duderstadt sei ein Weckruf, sind sich Landrat Reuter und B\u00fcrgermeister Feike einig. Sie zeige, wie wichtig die Schutzma\u00dfnahmen seien. Ihr Appell sei ein Aufruf und die Chance, gemeinsam die weitere Ausbreitung des Corona-Virus einzud\u00e4mmen.<\/p>\n","protected":false},"excerpt":{"rendered":"<p>Die Inzidenzzahlen in S\u00fcdniedersachsen bleiben im Vergleich zur Vorwoche in den einzelnen Landkreisen weiter hoch, d.h. am oder \u00fcber dem Grenzwert von 50. Dennoch liegen sie deutlich unter den landes- und bundesweiten Durchschnitten. Die aktuellen Zahlen im Detail: Die Landkreise: G\u00f6ttingen 114,1, Northeim 48,4, Goslar 67,6, Holzminden 85,2. H\u00f6xter 210,3. Der Durchschnitt in Niedersachsen liegt [&hellip;]<\/p>\n","protected":false},"author":1,"featured_media":3262,"comment_status":"closed","ping_status":"closed","sticky":false,"template":"","format":"standard","meta":{"saved_in_kubio":false,"footnotes":""},"categories":[1],"tags":[],"class_list":["post-3721","post","type-post","status-publish","format-standard","has-post-thumbnail","hentry","category-allgemein"],"yoast_head":"<!-- This site is optimized with the Yoast SEO plugin v27.5 - https:\/\/yoast.com\/product\/yoast-seo-wordpress\/ -->\n<title>Die Coronalage in S\u00fcdniedersachsen am 24.12.20 Keine Entspannung \u00fcber Weihnachten - ein Schwerpunkt ist Duderstadt - Radio Leinewelle<\/title>\n<meta name=\"robots\" content=\"index, follow, max-snippet:-1, max-image-preview:large, max-video-preview:-1\" \/>\n<link rel=\"canonical\" href=\"https:\/\/radioleinewelle.de\/index.php\/2020\/12\/24\/die-coronalage-in-suedniedersachsen-am-24-12-20-keine-entspannung-ueber-weihnachten-ein-schwerpunkt-ist-duderstadt\/\" \/>\n<meta property=\"og:locale\" content=\"de_DE\" \/>\n<meta property=\"og:type\" content=\"article\" \/>\n<meta property=\"og:title\" content=\"Die Coronalage in S\u00fcdniedersachsen am 24.12.20 Keine Entspannung \u00fcber Weihnachten - ein Schwerpunkt ist Duderstadt - Radio Leinewelle\" \/>\n<meta property=\"og:description\" content=\"Die Inzidenzzahlen in S\u00fcdniedersachsen bleiben im Vergleich zur Vorwoche in den einzelnen Landkreisen weiter hoch, d.h. am oder \u00fcber dem Grenzwert von 50. Dennoch liegen sie deutlich unter den landes- und bundesweiten Durchschnitten. Die aktuellen Zahlen im Detail: Die Landkreise: G\u00f6ttingen 114,1, Northeim 48,4, Goslar 67,6, Holzminden 85,2. H\u00f6xter 210,3. Der Durchschnitt in Niedersachsen liegt [&hellip;]\" \/>\n<meta property=\"og:url\" content=\"https:\/\/radioleinewelle.de\/index.php\/2020\/12\/24\/die-coronalage-in-suedniedersachsen-am-24-12-20-keine-entspannung-ueber-weihnachten-ein-schwerpunkt-ist-duderstadt\/\" \/>\n<meta property=\"og:site_name\" content=\"Radio Leinewelle\" \/>\n<meta property=\"article:publisher\" content=\"https:\/\/www.facebook.com\/radioleinewelle\" \/>\n<meta property=\"article:author\" content=\"https:\/\/www.facebook.com\/radioleinewelle\" \/>\n<meta property=\"article:published_time\" content=\"2020-12-24T05:20:36+00:00\" \/>\n<meta property=\"og:image\" content=\"https:\/\/radioleinewelle.de\/wp-content\/uploads\/2020\/12\/corona-4970836_640.jpg\" \/>\n\t<meta property=\"og:image:width\" content=\"640\" \/>\n\t<meta property=\"og:image:height\" content=\"427\" \/>\n\t<meta property=\"og:image:type\" content=\"image\/jpeg\" \/>\n<meta name=\"author\" content=\"Leinewelle\" \/>\n<meta name=\"twitter:card\" content=\"summary_large_image\" \/>\n<meta name=\"twitter:creator\" content=\"@https:\/\/twitter.com\/RLeinewelle?ref_src=twsrcgoogletwcampserptwgrauthor\" \/>\n<meta name=\"twitter:site\" content=\"@RLeinewelle\" \/>\n<meta name=\"twitter:label1\" content=\"Verfasst von\" \/>\n\t<meta name=\"twitter:data1\" content=\"Leinewelle\" \/>\n\t<meta name=\"twitter:label2\" content=\"Gesch\u00e4tzte Lesezeit\" \/>\n\t<meta name=\"twitter:data2\" content=\"4\u00a0Minuten\" \/>\n<script type=\"application\/ld+json\" class=\"yoast-schema-graph\">{\"@context\":\"https:\\\/\\\/schema.org\",\"@graph\":[{\"@type\":\"Article\",\"@id\":\"https:\\\/\\\/radioleinewelle.de\\\/index.php\\\/2020\\\/12\\\/24\\\/die-coronalage-in-suedniedersachsen-am-24-12-20-keine-entspannung-ueber-weihnachten-ein-schwerpunkt-ist-duderstadt\\\/#article\",\"isPartOf\":{\"@id\":\"https:\\\/\\\/radioleinewelle.de\\\/index.php\\\/2020\\\/12\\\/24\\\/die-coronalage-in-suedniedersachsen-am-24-12-20-keine-entspannung-ueber-weihnachten-ein-schwerpunkt-ist-duderstadt\\\/\"},\"author\":{\"name\":\"Leinewelle\",\"@id\":\"https:\\\/\\\/radioleinewelle.de\\\/#\\\/schema\\\/person\\\/45606f348637df637192dc1b68399a63\"},\"headline\":\"Die Coronalage in S\u00fcdniedersachsen am 24.12.20 Keine Entspannung \u00fcber Weihnachten &#8211; ein Schwerpunkt ist Duderstadt\",\"datePublished\":\"2020-12-24T05:20:36+00:00\",\"mainEntityOfPage\":{\"@id\":\"https:\\\/\\\/radioleinewelle.de\\\/index.php\\\/2020\\\/12\\\/24\\\/die-coronalage-in-suedniedersachsen-am-24-12-20-keine-entspannung-ueber-weihnachten-ein-schwerpunkt-ist-duderstadt\\\/\"},\"wordCount\":716,\"publisher\":{\"@id\":\"https:\\\/\\\/radioleinewelle.de\\\/#organization\"},\"image\":{\"@id\":\"https:\\\/\\\/radioleinewelle.de\\\/index.php\\\/2020\\\/12\\\/24\\\/die-coronalage-in-suedniedersachsen-am-24-12-20-keine-entspannung-ueber-weihnachten-ein-schwerpunkt-ist-duderstadt\\\/#primaryimage\"},\"thumbnailUrl\":\"https:\\\/\\\/radioleinewelle.de\\\/wp-content\\\/uploads\\\/2020\\\/12\\\/corona-4970836_640.jpg\",\"inLanguage\":\"de\"},{\"@type\":\"WebPage\",\"@id\":\"https:\\\/\\\/radioleinewelle.de\\\/index.php\\\/2020\\\/12\\\/24\\\/die-coronalage-in-suedniedersachsen-am-24-12-20-keine-entspannung-ueber-weihnachten-ein-schwerpunkt-ist-duderstadt\\\/\",\"url\":\"https:\\\/\\\/radioleinewelle.de\\\/index.php\\\/2020\\\/12\\\/24\\\/die-coronalage-in-suedniedersachsen-am-24-12-20-keine-entspannung-ueber-weihnachten-ein-schwerpunkt-ist-duderstadt\\\/\",\"name\":\"Die Coronalage in S\u00fcdniedersachsen am 24.12.20 Keine Entspannung \u00fcber Weihnachten - ein Schwerpunkt ist Duderstadt - Radio Leinewelle\",\"isPartOf\":{\"@id\":\"https:\\\/\\\/radioleinewelle.de\\\/#website\"},\"primaryImageOfPage\":{\"@id\":\"https:\\\/\\\/radioleinewelle.de\\\/index.php\\\/2020\\\/12\\\/24\\\/die-coronalage-in-suedniedersachsen-am-24-12-20-keine-entspannung-ueber-weihnachten-ein-schwerpunkt-ist-duderstadt\\\/#primaryimage\"},\"image\":{\"@id\":\"https:\\\/\\\/radioleinewelle.de\\\/index.php\\\/2020\\\/12\\\/24\\\/die-coronalage-in-suedniedersachsen-am-24-12-20-keine-entspannung-ueber-weihnachten-ein-schwerpunkt-ist-duderstadt\\\/#primaryimage\"},\"thumbnailUrl\":\"https:\\\/\\\/radioleinewelle.de\\\/wp-content\\\/uploads\\\/2020\\\/12\\\/corona-4970836_640.jpg\",\"datePublished\":\"2020-12-24T05:20:36+00:00\",\"breadcrumb\":{\"@id\":\"https:\\\/\\\/radioleinewelle.de\\\/index.php\\\/2020\\\/12\\\/24\\\/die-coronalage-in-suedniedersachsen-am-24-12-20-keine-entspannung-ueber-weihnachten-ein-schwerpunkt-ist-duderstadt\\\/#breadcrumb\"},\"inLanguage\":\"de\",\"potentialAction\":[{\"@type\":\"ReadAction\",\"target\":[\"https:\\\/\\\/radioleinewelle.de\\\/index.php\\\/2020\\\/12\\\/24\\\/die-coronalage-in-suedniedersachsen-am-24-12-20-keine-entspannung-ueber-weihnachten-ein-schwerpunkt-ist-duderstadt\\\/\"]}]},{\"@type\":\"ImageObject\",\"inLanguage\":\"de\",\"@id\":\"https:\\\/\\\/radioleinewelle.de\\\/index.php\\\/2020\\\/12\\\/24\\\/die-coronalage-in-suedniedersachsen-am-24-12-20-keine-entspannung-ueber-weihnachten-ein-schwerpunkt-ist-duderstadt\\\/#primaryimage\",\"url\":\"https:\\\/\\\/radioleinewelle.de\\\/wp-content\\\/uploads\\\/2020\\\/12\\\/corona-4970836_640.jpg\",\"contentUrl\":\"https:\\\/\\\/radioleinewelle.de\\\/wp-content\\\/uploads\\\/2020\\\/12\\\/corona-4970836_640.jpg\",\"width\":640,\"height\":427},{\"@type\":\"BreadcrumbList\",\"@id\":\"https:\\\/\\\/radioleinewelle.de\\\/index.php\\\/2020\\\/12\\\/24\\\/die-coronalage-in-suedniedersachsen-am-24-12-20-keine-entspannung-ueber-weihnachten-ein-schwerpunkt-ist-duderstadt\\\/#breadcrumb\",\"itemListElement\":[{\"@type\":\"ListItem\",\"position\":1,\"name\":\"Startseite\",\"item\":\"https:\\\/\\\/radioleinewelle.de\\\/\"},{\"@type\":\"ListItem\",\"position\":2,\"name\":\"Die Coronalage in S\u00fcdniedersachsen am 24.12.20 Keine Entspannung \u00fcber Weihnachten &#8211; ein Schwerpunkt ist Duderstadt\"}]},{\"@type\":\"WebSite\",\"@id\":\"https:\\\/\\\/radioleinewelle.de\\\/#website\",\"url\":\"https:\\\/\\\/radioleinewelle.de\\\/\",\"name\":\"Radio Leinewelle\",\"description\":\"\",\"publisher\":{\"@id\":\"https:\\\/\\\/radioleinewelle.de\\\/#organization\"},\"potentialAction\":[{\"@type\":\"SearchAction\",\"target\":{\"@type\":\"EntryPoint\",\"urlTemplate\":\"https:\\\/\\\/radioleinewelle.de\\\/?s={search_term_string}\"},\"query-input\":{\"@type\":\"PropertyValueSpecification\",\"valueRequired\":true,\"valueName\":\"search_term_string\"}}],\"inLanguage\":\"de\"},{\"@type\":\"Organization\",\"@id\":\"https:\\\/\\\/radioleinewelle.de\\\/#organization\",\"name\":\"Radio Leinewelle\",\"alternateName\":\"Mein Radio f\u00fcr S\u00fcdniedersachsen\",\"url\":\"https:\\\/\\\/radioleinewelle.de\\\/\",\"logo\":{\"@type\":\"ImageObject\",\"inLanguage\":\"de\",\"@id\":\"https:\\\/\\\/radioleinewelle.de\\\/#\\\/schema\\\/logo\\\/image\\\/\",\"url\":\"https:\\\/\\\/radioleinewelle.de\\\/wp-content\\\/uploads\\\/2023\\\/11\\\/cropped-Leinewelle_Logo_weiss.png\",\"contentUrl\":\"https:\\\/\\\/radioleinewelle.de\\\/wp-content\\\/uploads\\\/2023\\\/11\\\/cropped-Leinewelle_Logo_weiss.png\",\"width\":854,\"height\":260,\"caption\":\"Radio Leinewelle\"},\"image\":{\"@id\":\"https:\\\/\\\/radioleinewelle.de\\\/#\\\/schema\\\/logo\\\/image\\\/\"},\"sameAs\":[\"https:\\\/\\\/www.facebook.com\\\/radioleinewelle\",\"https:\\\/\\\/x.com\\\/RLeinewelle\",\"https:\\\/\\\/www.instagram.com\\\/radioleinewelle\\\/?hl=de\"]},{\"@type\":\"Person\",\"@id\":\"https:\\\/\\\/radioleinewelle.de\\\/#\\\/schema\\\/person\\\/45606f348637df637192dc1b68399a63\",\"name\":\"Leinewelle\",\"image\":{\"@type\":\"ImageObject\",\"inLanguage\":\"de\",\"@id\":\"https:\\\/\\\/secure.gravatar.com\\\/avatar\\\/05c9a17bc973052ee5d91549bd32fb4dd0dc85b7b85ae94b2e2b4943476bbea5?s=96&d=blank&r=g\",\"url\":\"https:\\\/\\\/secure.gravatar.com\\\/avatar\\\/05c9a17bc973052ee5d91549bd32fb4dd0dc85b7b85ae94b2e2b4943476bbea5?s=96&d=blank&r=g\",\"contentUrl\":\"https:\\\/\\\/secure.gravatar.com\\\/avatar\\\/05c9a17bc973052ee5d91549bd32fb4dd0dc85b7b85ae94b2e2b4943476bbea5?s=96&d=blank&r=g\",\"caption\":\"Leinewelle\"},\"sameAs\":[\"http:\\\/\\\/localhost\\\/radio%20leinewelle\\\/wordpress\",\"https:\\\/\\\/www.facebook.com\\\/radioleinewelle\",\"https:\\\/\\\/www.instagram.com\\\/radioleinewelle\",\"https:\\\/\\\/x.com\\\/https:\\\/\\\/twitter.com\\\/RLeinewelle?ref_src=twsrcgoogletwcampserptwgrauthor\",\"https:\\\/\\\/soundcloud.com\\\/foerderverein-lokalradio?utm_source=clipboard&utm_medium=text&utm_campaign=social_sharing\"],\"url\":\"https:\\\/\\\/radioleinewelle.de\\\/index.php\\\/author\\\/leinewelle\\\/\"}]}<\/script>\n<!-- \/ Yoast SEO plugin. -->","yoast_head_json":{"title":"Die Coronalage in S\u00fcdniedersachsen am 24.12.20 Keine Entspannung \u00fcber Weihnachten - ein Schwerpunkt ist Duderstadt - Radio Leinewelle","robots":{"index":"index","follow":"follow","max-snippet":"max-snippet:-1","max-image-preview":"max-image-preview:large","max-video-preview":"max-video-preview:-1"},"canonical":"https:\/\/radioleinewelle.de\/index.php\/2020\/12\/24\/die-coronalage-in-suedniedersachsen-am-24-12-20-keine-entspannung-ueber-weihnachten-ein-schwerpunkt-ist-duderstadt\/","og_locale":"de_DE","og_type":"article","og_title":"Die Coronalage in S\u00fcdniedersachsen am 24.12.20 Keine Entspannung \u00fcber Weihnachten - ein Schwerpunkt ist Duderstadt - Radio Leinewelle","og_description":"Die Inzidenzzahlen in S\u00fcdniedersachsen bleiben im Vergleich zur Vorwoche in den einzelnen Landkreisen weiter hoch, d.h. am oder \u00fcber dem Grenzwert von 50. Dennoch liegen sie deutlich unter den landes- und bundesweiten Durchschnitten. Die aktuellen Zahlen im Detail: Die Landkreise: G\u00f6ttingen 114,1, Northeim 48,4, Goslar 67,6, Holzminden 85,2. H\u00f6xter 210,3. Der Durchschnitt in Niedersachsen liegt [&hellip;]","og_url":"https:\/\/radioleinewelle.de\/index.php\/2020\/12\/24\/die-coronalage-in-suedniedersachsen-am-24-12-20-keine-entspannung-ueber-weihnachten-ein-schwerpunkt-ist-duderstadt\/","og_site_name":"Radio Leinewelle","article_publisher":"https:\/\/www.facebook.com\/radioleinewelle","article_author":"https:\/\/www.facebook.com\/radioleinewelle","article_published_time":"2020-12-24T05:20:36+00:00","og_image":[{"width":640,"height":427,"url":"https:\/\/radioleinewelle.de\/wp-content\/uploads\/2020\/12\/corona-4970836_640.jpg","type":"image\/jpeg"}],"author":"Leinewelle","twitter_card":"summary_large_image","twitter_creator":"@https:\/\/twitter.com\/RLeinewelle?ref_src=twsrcgoogletwcampserptwgrauthor","twitter_site":"@RLeinewelle","twitter_misc":{"Verfasst von":"Leinewelle","Gesch\u00e4tzte Lesezeit":"4\u00a0Minuten"},"schema":{"@context":"https:\/\/schema.org","@graph":[{"@type":"Article","@id":"https:\/\/radioleinewelle.de\/index.php\/2020\/12\/24\/die-coronalage-in-suedniedersachsen-am-24-12-20-keine-entspannung-ueber-weihnachten-ein-schwerpunkt-ist-duderstadt\/#article","isPartOf":{"@id":"https:\/\/radioleinewelle.de\/index.php\/2020\/12\/24\/die-coronalage-in-suedniedersachsen-am-24-12-20-keine-entspannung-ueber-weihnachten-ein-schwerpunkt-ist-duderstadt\/"},"author":{"name":"Leinewelle","@id":"https:\/\/radioleinewelle.de\/#\/schema\/person\/45606f348637df637192dc1b68399a63"},"headline":"Die Coronalage in S\u00fcdniedersachsen am 24.12.20 Keine Entspannung \u00fcber Weihnachten &#8211; ein Schwerpunkt ist Duderstadt","datePublished":"2020-12-24T05:20:36+00:00","mainEntityOfPage":{"@id":"https:\/\/radioleinewelle.de\/index.php\/2020\/12\/24\/die-coronalage-in-suedniedersachsen-am-24-12-20-keine-entspannung-ueber-weihnachten-ein-schwerpunkt-ist-duderstadt\/"},"wordCount":716,"publisher":{"@id":"https:\/\/radioleinewelle.de\/#organization"},"image":{"@id":"https:\/\/radioleinewelle.de\/index.php\/2020\/12\/24\/die-coronalage-in-suedniedersachsen-am-24-12-20-keine-entspannung-ueber-weihnachten-ein-schwerpunkt-ist-duderstadt\/#primaryimage"},"thumbnailUrl":"https:\/\/radioleinewelle.de\/wp-content\/uploads\/2020\/12\/corona-4970836_640.jpg","inLanguage":"de"},{"@type":"WebPage","@id":"https:\/\/radioleinewelle.de\/index.php\/2020\/12\/24\/die-coronalage-in-suedniedersachsen-am-24-12-20-keine-entspannung-ueber-weihnachten-ein-schwerpunkt-ist-duderstadt\/","url":"https:\/\/radioleinewelle.de\/index.php\/2020\/12\/24\/die-coronalage-in-suedniedersachsen-am-24-12-20-keine-entspannung-ueber-weihnachten-ein-schwerpunkt-ist-duderstadt\/","name":"Die Coronalage in S\u00fcdniedersachsen am 24.12.20 Keine Entspannung \u00fcber Weihnachten - ein Schwerpunkt ist Duderstadt - Radio Leinewelle","isPartOf":{"@id":"https:\/\/radioleinewelle.de\/#website"},"primaryImageOfPage":{"@id":"https:\/\/radioleinewelle.de\/index.php\/2020\/12\/24\/die-coronalage-in-suedniedersachsen-am-24-12-20-keine-entspannung-ueber-weihnachten-ein-schwerpunkt-ist-duderstadt\/#primaryimage"},"image":{"@id":"https:\/\/radioleinewelle.de\/index.php\/2020\/12\/24\/die-coronalage-in-suedniedersachsen-am-24-12-20-keine-entspannung-ueber-weihnachten-ein-schwerpunkt-ist-duderstadt\/#primaryimage"},"thumbnailUrl":"https:\/\/radioleinewelle.de\/wp-content\/uploads\/2020\/12\/corona-4970836_640.jpg","datePublished":"2020-12-24T05:20:36+00:00","breadcrumb":{"@id":"https:\/\/radioleinewelle.de\/index.php\/2020\/12\/24\/die-coronalage-in-suedniedersachsen-am-24-12-20-keine-entspannung-ueber-weihnachten-ein-schwerpunkt-ist-duderstadt\/#breadcrumb"},"inLanguage":"de","potentialAction":[{"@type":"ReadAction","target":["https:\/\/radioleinewelle.de\/index.php\/2020\/12\/24\/die-coronalage-in-suedniedersachsen-am-24-12-20-keine-entspannung-ueber-weihnachten-ein-schwerpunkt-ist-duderstadt\/"]}]},{"@type":"ImageObject","inLanguage":"de","@id":"https:\/\/radioleinewelle.de\/index.php\/2020\/12\/24\/die-coronalage-in-suedniedersachsen-am-24-12-20-keine-entspannung-ueber-weihnachten-ein-schwerpunkt-ist-duderstadt\/#primaryimage","url":"https:\/\/radioleinewelle.de\/wp-content\/uploads\/2020\/12\/corona-4970836_640.jpg","contentUrl":"https:\/\/radioleinewelle.de\/wp-content\/uploads\/2020\/12\/corona-4970836_640.jpg","width":640,"height":427},{"@type":"BreadcrumbList","@id":"https:\/\/radioleinewelle.de\/index.php\/2020\/12\/24\/die-coronalage-in-suedniedersachsen-am-24-12-20-keine-entspannung-ueber-weihnachten-ein-schwerpunkt-ist-duderstadt\/#breadcrumb","itemListElement":[{"@type":"ListItem","position":1,"name":"Startseite","item":"https:\/\/radioleinewelle.de\/"},{"@type":"ListItem","position":2,"name":"Die Coronalage in S\u00fcdniedersachsen am 24.12.20 Keine Entspannung \u00fcber Weihnachten &#8211; ein Schwerpunkt ist Duderstadt"}]},{"@type":"WebSite","@id":"https:\/\/radioleinewelle.de\/#website","url":"https:\/\/radioleinewelle.de\/","name":"Radio Leinewelle","description":"","publisher":{"@id":"https:\/\/radioleinewelle.de\/#organization"},"potentialAction":[{"@type":"SearchAction","target":{"@type":"EntryPoint","urlTemplate":"https:\/\/radioleinewelle.de\/?s={search_term_string}"},"query-input":{"@type":"PropertyValueSpecification","valueRequired":true,"valueName":"search_term_string"}}],"inLanguage":"de"},{"@type":"Organization","@id":"https:\/\/radioleinewelle.de\/#organization","name":"Radio Leinewelle","alternateName":"Mein Radio f\u00fcr S\u00fcdniedersachsen","url":"https:\/\/radioleinewelle.de\/","logo":{"@type":"ImageObject","inLanguage":"de","@id":"https:\/\/radioleinewelle.de\/#\/schema\/logo\/image\/","url":"https:\/\/radioleinewelle.de\/wp-content\/uploads\/2023\/11\/cropped-Leinewelle_Logo_weiss.png","contentUrl":"https:\/\/radioleinewelle.de\/wp-content\/uploads\/2023\/11\/cropped-Leinewelle_Logo_weiss.png","width":854,"height":260,"caption":"Radio Leinewelle"},"image":{"@id":"https:\/\/radioleinewelle.de\/#\/schema\/logo\/image\/"},"sameAs":["https:\/\/www.facebook.com\/radioleinewelle","https:\/\/x.com\/RLeinewelle","https:\/\/www.instagram.com\/radioleinewelle\/?hl=de"]},{"@type":"Person","@id":"https:\/\/radioleinewelle.de\/#\/schema\/person\/45606f348637df637192dc1b68399a63","name":"Leinewelle","image":{"@type":"ImageObject","inLanguage":"de","@id":"https:\/\/secure.gravatar.com\/avatar\/05c9a17bc973052ee5d91549bd32fb4dd0dc85b7b85ae94b2e2b4943476bbea5?s=96&d=blank&r=g","url":"https:\/\/secure.gravatar.com\/avatar\/05c9a17bc973052ee5d91549bd32fb4dd0dc85b7b85ae94b2e2b4943476bbea5?s=96&d=blank&r=g","contentUrl":"https:\/\/secure.gravatar.com\/avatar\/05c9a17bc973052ee5d91549bd32fb4dd0dc85b7b85ae94b2e2b4943476bbea5?s=96&d=blank&r=g","caption":"Leinewelle"},"sameAs":["http:\/\/localhost\/radio%20leinewelle\/wordpress","https:\/\/www.facebook.com\/radioleinewelle","https:\/\/www.instagram.com\/radioleinewelle","https:\/\/x.com\/https:\/\/twitter.com\/RLeinewelle?ref_src=twsrcgoogletwcampserptwgrauthor","https:\/\/soundcloud.com\/foerderverein-lokalradio?utm_source=clipboard&utm_medium=text&utm_campaign=social_sharing"],"url":"https:\/\/radioleinewelle.de\/index.php\/author\/leinewelle\/"}]}},"_links":{"self":[{"href":"https:\/\/radioleinewelle.de\/index.php\/wp-json\/wp\/v2\/posts\/3721","targetHints":{"allow":["GET"]}}],"collection":[{"href":"https:\/\/radioleinewelle.de\/index.php\/wp-json\/wp\/v2\/posts"}],"about":[{"href":"https:\/\/radioleinewelle.de\/index.php\/wp-json\/wp\/v2\/types\/post"}],"author":[{"embeddable":true,"href":"https:\/\/radioleinewelle.de\/index.php\/wp-json\/wp\/v2\/users\/1"}],"replies":[{"embeddable":true,"href":"https:\/\/radioleinewelle.de\/index.php\/wp-json\/wp\/v2\/comments?post=3721"}],"version-history":[{"count":0,"href":"https:\/\/radioleinewelle.de\/index.php\/wp-json\/wp\/v2\/posts\/3721\/revisions"}],"wp:featuredmedia":[{"embeddable":true,"href":"https:\/\/radioleinewelle.de\/index.php\/wp-json\/wp\/v2\/media\/3262"}],"wp:attachment":[{"href":"https:\/\/radioleinewelle.de\/index.php\/wp-json\/wp\/v2\/media?parent=3721"}],"wp:term":[{"taxonomy":"category","embeddable":true,"href":"https:\/\/radioleinewelle.de\/index.php\/wp-json\/wp\/v2\/categories?post=3721"},{"taxonomy":"post_tag","embeddable":true,"href":"https:\/\/radioleinewelle.de\/index.php\/wp-json\/wp\/v2\/tags?post=3721"}],"curies":[{"name":"wp","href":"https:\/\/api.w.org\/{rel}","templated":true}]}}