{"id":3731,"date":"2020-12-24T05:20:55","date_gmt":"2020-12-24T04:20:55","guid":{"rendered":"https:\/\/radioleinewelle.de\/?p=3731"},"modified":"2020-12-24T05:20:55","modified_gmt":"2020-12-24T04:20:55","slug":"goettingen-runder-tisch-alleinerziehende-zum-armutsrisiko-durch-corona","status":"publish","type":"post","link":"https:\/\/radioleinewelle.de\/index.php\/2020\/12\/24\/goettingen-runder-tisch-alleinerziehende-zum-armutsrisiko-durch-corona\/","title":{"rendered":"G\u00f6ttingen: Runder Tisch Alleinerziehende zum Armutsrisiko durch Corona"},"content":{"rendered":"<div class=\"magazinetext\">\n<div class=\"magazineshorttext\">\n<p>Bildungs- und Beratungseinrichtungen haben sich in ihrem Runden Tisch dar\u00fcber ausgetauscht, welche Folgen der aktuellen Einschr\u00e4nkungen im \u00f6ffentlichen Leben durch die Corona-Pandemie insbesondere f\u00fcr Alleinerziehende haben. Die Einrichtungen registrierten in der Adventszeit besorgniserregende Krisentelefonate mit alleinerziehenden M\u00fcttern und V\u00e4tern. \u201eF\u00fcr Ein-Eltern-Familien sind die mit der Coronazeit verbundenen Schlie\u00dfungen von Kitas und Schulen mehr als eine Herausforderung: Sie sind existenzbedrohend\u201c, sagt Christine M\u00fcller, Gleichstellungsbeauftragte der Stadt G\u00f6ttingen, und erkl\u00e4rt nach einem kurzfristig anberaumten Austausch der am Runden Tisch beteiligten Einrichtungen \u201eWir wollen nicht zulassen, dass Alleinerziehende und ihre Kinder durch Corona einem erh\u00f6hten Armutsrisiko ausgesetzt sind. Darum m\u00fcssen wir in 2021 als Runder Tisch daf\u00fcr sorgen, dass wir den Blick auf ihre besonderen Herausforderungen lenken\u201c, so die Leiterin des <a class=\"extern\" title=\"Gleichstellungsb\u00fcros\" href=\"http:\/\/www.gleichstellung.goettingen.de\/\" target=\"_blank\" rel=\"noopener\">Gleichstellungsb\u00fcros\u00a0<\/a> der Stadt.<\/p>\n<\/div>\n<\/div>\n<div class=\"magazinetext\">\n<p>Krisentelefonate<br \/>\nKinderbetreuung, Home-Schooling, Einkaufen, Arztbesuche, finanzielle Schr\u00e4glagen, unzureichende technische Ausstattungen wie ein langsamer Internetanschluss, ein alter Computer oder gar kein Computer &#8211; die Liste der Herausforderungen, f\u00fcr die es pragmatische L\u00f6sungen braucht, ist lang. \u201eZudem fehlt es an M\u00f6glichkeiten, \u00fcber die Sorgen des Alltags zu sprechen, was zu einem Gef\u00fchl von Einsamkeit und Isolation f\u00fchrt, das viele kaum noch aushalten k\u00f6nnen\u201c, erl\u00e4utert die Gleichstellungsbeauftragte. Die Teams an den Krisentelefonen nehmen nach den Beobachtungen des Runden Tisches zunehmend depressive Stimmungen der anrufenden Alleinerziehenden wahr. \u201eDas hat in einem besorgniserregenden Ausma\u00df zugenommen\u201c, erkl\u00e4rt Christine M\u00fcller.<\/p>\n<p>Information und Austausch<br \/>\nBereits mit dem ersten Lockdown gaben viele Alleinerziehende ihre berufliche T\u00e4tigkeit auf oder brachen ihre Bildungsma\u00dfnahmen ab, beispielsweise zur Vorbereitung auf Ausbildung oder Erwerbsarbeit. Die Beratungs- und Bildungseinrichtungen stellen einen gro\u00dfen <a class=\"intern\" title=\"Bedarf an Informationen und Austausch\" href=\"https:\/\/www.goettingen.de\/rathaus\/service\/dienstleistungen\/gleichstellung-beratung.html\" target=\"_blank\" rel=\"noopener\">Bedarf an Informationen und Austausch<\/a>\u00a0dar\u00fcber fest, welche Unterst\u00fctzungsangebote es in diesen F\u00e4llen f\u00fcr Betroffene gibt. Dabei geht es einerseits um finanzielle Leistungen wie Kindergeld, Kinderzuschlag, Unterhaltsvorschuss f\u00fcr Kinder, Wohngeld und Arbeitslosengeld. Andererseits sind aber auch die Hilfsangebote f\u00fcr Beratung und Bildung gefragt, die vor Corona bestanden. Sie konnten und k\u00f6nnen aktuell nicht in der bisherigen Form aufrechterhalten werden.\u00a0Der Runde Tisch Alleinerziehende ist sich einig: Es braucht dringend eine umfassende Transparenz dar\u00fcber, welche Einrichtungen aktuell welche Hilfsangebote in welcher Form aufrechterhalten k\u00f6nnen. Unterst\u00fctzungsangebote m\u00fcssten au\u00dferdem koordiniert und geb\u00fcndelt werden. Eine gro\u00dfe Herausforderung sei dabei der Zugang zur Zielgruppe, f\u00fcr die es dringend <a class=\"extern\" title=\"pragmatische Kommunikationswege\" href=\"http:\/\/www.facebook.com\/frauenbuero\" target=\"_blank\" rel=\"noopener\">pragmatische Kommunikationswege\u00a0<\/a> brauche, so M\u00fcller.<\/p>\n<p>Bild von <a href=\"https:\/\/pixabay.com\/photos\/?utm_source=link-attribution&amp;utm_medium=referral&amp;utm_campaign=image&amp;utm_content=863050\">Free-Photos<\/a> auf <a href=\"https:\/\/pixabay.com\/de\/?utm_source=link-attribution&amp;utm_medium=referral&amp;utm_campaign=image&amp;utm_content=863050\">Pixabay<\/a><\/p>\n<p>&nbsp;<\/p>\n<\/div>\n","protected":false},"excerpt":{"rendered":"<p>Bildungs- und Beratungseinrichtungen haben sich in ihrem Runden Tisch dar\u00fcber ausgetauscht, welche Folgen der aktuellen Einschr\u00e4nkungen im \u00f6ffentlichen Leben durch die Corona-Pandemie insbesondere f\u00fcr Alleinerziehende haben. Die Einrichtungen registrierten in der Adventszeit besorgniserregende Krisentelefonate mit alleinerziehenden M\u00fcttern und V\u00e4tern. \u201eF\u00fcr Ein-Eltern-Familien sind die mit der Coronazeit verbundenen Schlie\u00dfungen von Kitas und Schulen mehr als eine [&hellip;]<\/p>\n","protected":false},"author":1,"featured_media":0,"comment_status":"closed","ping_status":"closed","sticky":false,"template":"","format":"standard","meta":{"saved_in_kubio":false,"footnotes":""},"categories":[23],"tags":[],"class_list":["post-3731","post","type-post","status-publish","format-standard","hentry","category-corona"],"yoast_head":"<!-- This site is optimized with the Yoast SEO plugin v27.5 - https:\/\/yoast.com\/product\/yoast-seo-wordpress\/ -->\n<title>G\u00f6ttingen: Runder Tisch Alleinerziehende zum Armutsrisiko durch Corona - Radio Leinewelle<\/title>\n<meta name=\"robots\" content=\"index, follow, max-snippet:-1, max-image-preview:large, max-video-preview:-1\" \/>\n<link rel=\"canonical\" href=\"https:\/\/radioleinewelle.de\/index.php\/2020\/12\/24\/goettingen-runder-tisch-alleinerziehende-zum-armutsrisiko-durch-corona\/\" \/>\n<meta property=\"og:locale\" content=\"de_DE\" \/>\n<meta property=\"og:type\" content=\"article\" \/>\n<meta property=\"og:title\" content=\"G\u00f6ttingen: Runder Tisch Alleinerziehende zum Armutsrisiko durch Corona - Radio Leinewelle\" \/>\n<meta property=\"og:description\" content=\"Bildungs- und Beratungseinrichtungen haben sich in ihrem Runden Tisch dar\u00fcber ausgetauscht, welche Folgen der aktuellen Einschr\u00e4nkungen im \u00f6ffentlichen Leben durch die Corona-Pandemie insbesondere f\u00fcr Alleinerziehende haben. Die Einrichtungen registrierten in der Adventszeit besorgniserregende Krisentelefonate mit alleinerziehenden M\u00fcttern und V\u00e4tern. \u201eF\u00fcr Ein-Eltern-Familien sind die mit der Coronazeit verbundenen Schlie\u00dfungen von Kitas und Schulen mehr als eine [&hellip;]\" \/>\n<meta property=\"og:url\" content=\"https:\/\/radioleinewelle.de\/index.php\/2020\/12\/24\/goettingen-runder-tisch-alleinerziehende-zum-armutsrisiko-durch-corona\/\" \/>\n<meta property=\"og:site_name\" content=\"Radio Leinewelle\" \/>\n<meta property=\"article:publisher\" content=\"https:\/\/www.facebook.com\/radioleinewelle\" \/>\n<meta property=\"article:author\" content=\"https:\/\/www.facebook.com\/radioleinewelle\" \/>\n<meta property=\"article:published_time\" content=\"2020-12-24T04:20:55+00:00\" \/>\n<meta name=\"author\" content=\"Leinewelle\" \/>\n<meta name=\"twitter:card\" content=\"summary_large_image\" \/>\n<meta name=\"twitter:creator\" content=\"@https:\/\/twitter.com\/RLeinewelle?ref_src=twsrcgoogletwcampserptwgrauthor\" \/>\n<meta name=\"twitter:site\" content=\"@RLeinewelle\" \/>\n<meta name=\"twitter:label1\" content=\"Verfasst von\" \/>\n\t<meta name=\"twitter:data1\" content=\"Leinewelle\" \/>\n\t<meta name=\"twitter:label2\" content=\"Gesch\u00e4tzte Lesezeit\" \/>\n\t<meta name=\"twitter:data2\" content=\"2\u00a0Minuten\" \/>\n<script type=\"application\/ld+json\" class=\"yoast-schema-graph\">{\"@context\":\"https:\\\/\\\/schema.org\",\"@graph\":[{\"@type\":\"Article\",\"@id\":\"https:\\\/\\\/radioleinewelle.de\\\/index.php\\\/2020\\\/12\\\/24\\\/goettingen-runder-tisch-alleinerziehende-zum-armutsrisiko-durch-corona\\\/#article\",\"isPartOf\":{\"@id\":\"https:\\\/\\\/radioleinewelle.de\\\/index.php\\\/2020\\\/12\\\/24\\\/goettingen-runder-tisch-alleinerziehende-zum-armutsrisiko-durch-corona\\\/\"},\"author\":{\"name\":\"Leinewelle\",\"@id\":\"https:\\\/\\\/radioleinewelle.de\\\/#\\\/schema\\\/person\\\/45606f348637df637192dc1b68399a63\"},\"headline\":\"G\u00f6ttingen: Runder Tisch Alleinerziehende zum Armutsrisiko durch Corona\",\"datePublished\":\"2020-12-24T04:20:55+00:00\",\"mainEntityOfPage\":{\"@id\":\"https:\\\/\\\/radioleinewelle.de\\\/index.php\\\/2020\\\/12\\\/24\\\/goettingen-runder-tisch-alleinerziehende-zum-armutsrisiko-durch-corona\\\/\"},\"wordCount\":413,\"publisher\":{\"@id\":\"https:\\\/\\\/radioleinewelle.de\\\/#organization\"},\"articleSection\":[\"Corona\"],\"inLanguage\":\"de\"},{\"@type\":\"WebPage\",\"@id\":\"https:\\\/\\\/radioleinewelle.de\\\/index.php\\\/2020\\\/12\\\/24\\\/goettingen-runder-tisch-alleinerziehende-zum-armutsrisiko-durch-corona\\\/\",\"url\":\"https:\\\/\\\/radioleinewelle.de\\\/index.php\\\/2020\\\/12\\\/24\\\/goettingen-runder-tisch-alleinerziehende-zum-armutsrisiko-durch-corona\\\/\",\"name\":\"G\u00f6ttingen: Runder Tisch Alleinerziehende zum Armutsrisiko durch Corona - Radio Leinewelle\",\"isPartOf\":{\"@id\":\"https:\\\/\\\/radioleinewelle.de\\\/#website\"},\"datePublished\":\"2020-12-24T04:20:55+00:00\",\"breadcrumb\":{\"@id\":\"https:\\\/\\\/radioleinewelle.de\\\/index.php\\\/2020\\\/12\\\/24\\\/goettingen-runder-tisch-alleinerziehende-zum-armutsrisiko-durch-corona\\\/#breadcrumb\"},\"inLanguage\":\"de\",\"potentialAction\":[{\"@type\":\"ReadAction\",\"target\":[\"https:\\\/\\\/radioleinewelle.de\\\/index.php\\\/2020\\\/12\\\/24\\\/goettingen-runder-tisch-alleinerziehende-zum-armutsrisiko-durch-corona\\\/\"]}]},{\"@type\":\"BreadcrumbList\",\"@id\":\"https:\\\/\\\/radioleinewelle.de\\\/index.php\\\/2020\\\/12\\\/24\\\/goettingen-runder-tisch-alleinerziehende-zum-armutsrisiko-durch-corona\\\/#breadcrumb\",\"itemListElement\":[{\"@type\":\"ListItem\",\"position\":1,\"name\":\"Startseite\",\"item\":\"https:\\\/\\\/radioleinewelle.de\\\/\"},{\"@type\":\"ListItem\",\"position\":2,\"name\":\"G\u00f6ttingen: Runder Tisch Alleinerziehende zum Armutsrisiko durch Corona\"}]},{\"@type\":\"WebSite\",\"@id\":\"https:\\\/\\\/radioleinewelle.de\\\/#website\",\"url\":\"https:\\\/\\\/radioleinewelle.de\\\/\",\"name\":\"Radio Leinewelle\",\"description\":\"\",\"publisher\":{\"@id\":\"https:\\\/\\\/radioleinewelle.de\\\/#organization\"},\"potentialAction\":[{\"@type\":\"SearchAction\",\"target\":{\"@type\":\"EntryPoint\",\"urlTemplate\":\"https:\\\/\\\/radioleinewelle.de\\\/?s={search_term_string}\"},\"query-input\":{\"@type\":\"PropertyValueSpecification\",\"valueRequired\":true,\"valueName\":\"search_term_string\"}}],\"inLanguage\":\"de\"},{\"@type\":\"Organization\",\"@id\":\"https:\\\/\\\/radioleinewelle.de\\\/#organization\",\"name\":\"Radio Leinewelle\",\"alternateName\":\"Mein Radio f\u00fcr S\u00fcdniedersachsen\",\"url\":\"https:\\\/\\\/radioleinewelle.de\\\/\",\"logo\":{\"@type\":\"ImageObject\",\"inLanguage\":\"de\",\"@id\":\"https:\\\/\\\/radioleinewelle.de\\\/#\\\/schema\\\/logo\\\/image\\\/\",\"url\":\"https:\\\/\\\/radioleinewelle.de\\\/wp-content\\\/uploads\\\/2023\\\/11\\\/cropped-Leinewelle_Logo_weiss.png\",\"contentUrl\":\"https:\\\/\\\/radioleinewelle.de\\\/wp-content\\\/uploads\\\/2023\\\/11\\\/cropped-Leinewelle_Logo_weiss.png\",\"width\":854,\"height\":260,\"caption\":\"Radio Leinewelle\"},\"image\":{\"@id\":\"https:\\\/\\\/radioleinewelle.de\\\/#\\\/schema\\\/logo\\\/image\\\/\"},\"sameAs\":[\"https:\\\/\\\/www.facebook.com\\\/radioleinewelle\",\"https:\\\/\\\/x.com\\\/RLeinewelle\",\"https:\\\/\\\/www.instagram.com\\\/radioleinewelle\\\/?hl=de\"]},{\"@type\":\"Person\",\"@id\":\"https:\\\/\\\/radioleinewelle.de\\\/#\\\/schema\\\/person\\\/45606f348637df637192dc1b68399a63\",\"name\":\"Leinewelle\",\"image\":{\"@type\":\"ImageObject\",\"inLanguage\":\"de\",\"@id\":\"https:\\\/\\\/secure.gravatar.com\\\/avatar\\\/05c9a17bc973052ee5d91549bd32fb4dd0dc85b7b85ae94b2e2b4943476bbea5?s=96&d=blank&r=g\",\"url\":\"https:\\\/\\\/secure.gravatar.com\\\/avatar\\\/05c9a17bc973052ee5d91549bd32fb4dd0dc85b7b85ae94b2e2b4943476bbea5?s=96&d=blank&r=g\",\"contentUrl\":\"https:\\\/\\\/secure.gravatar.com\\\/avatar\\\/05c9a17bc973052ee5d91549bd32fb4dd0dc85b7b85ae94b2e2b4943476bbea5?s=96&d=blank&r=g\",\"caption\":\"Leinewelle\"},\"sameAs\":[\"http:\\\/\\\/localhost\\\/radio%20leinewelle\\\/wordpress\",\"https:\\\/\\\/www.facebook.com\\\/radioleinewelle\",\"https:\\\/\\\/www.instagram.com\\\/radioleinewelle\",\"https:\\\/\\\/x.com\\\/https:\\\/\\\/twitter.com\\\/RLeinewelle?ref_src=twsrcgoogletwcampserptwgrauthor\",\"https:\\\/\\\/soundcloud.com\\\/foerderverein-lokalradio?utm_source=clipboard&utm_medium=text&utm_campaign=social_sharing\"],\"url\":\"https:\\\/\\\/radioleinewelle.de\\\/index.php\\\/author\\\/leinewelle\\\/\"}]}<\/script>\n<!-- \/ Yoast SEO plugin. -->","yoast_head_json":{"title":"G\u00f6ttingen: Runder Tisch Alleinerziehende zum Armutsrisiko durch Corona - Radio Leinewelle","robots":{"index":"index","follow":"follow","max-snippet":"max-snippet:-1","max-image-preview":"max-image-preview:large","max-video-preview":"max-video-preview:-1"},"canonical":"https:\/\/radioleinewelle.de\/index.php\/2020\/12\/24\/goettingen-runder-tisch-alleinerziehende-zum-armutsrisiko-durch-corona\/","og_locale":"de_DE","og_type":"article","og_title":"G\u00f6ttingen: Runder Tisch Alleinerziehende zum Armutsrisiko durch Corona - Radio Leinewelle","og_description":"Bildungs- und Beratungseinrichtungen haben sich in ihrem Runden Tisch dar\u00fcber ausgetauscht, welche Folgen der aktuellen Einschr\u00e4nkungen im \u00f6ffentlichen Leben durch die Corona-Pandemie insbesondere f\u00fcr Alleinerziehende haben. Die Einrichtungen registrierten in der Adventszeit besorgniserregende Krisentelefonate mit alleinerziehenden M\u00fcttern und V\u00e4tern. \u201eF\u00fcr Ein-Eltern-Familien sind die mit der Coronazeit verbundenen Schlie\u00dfungen von Kitas und Schulen mehr als eine [&hellip;]","og_url":"https:\/\/radioleinewelle.de\/index.php\/2020\/12\/24\/goettingen-runder-tisch-alleinerziehende-zum-armutsrisiko-durch-corona\/","og_site_name":"Radio Leinewelle","article_publisher":"https:\/\/www.facebook.com\/radioleinewelle","article_author":"https:\/\/www.facebook.com\/radioleinewelle","article_published_time":"2020-12-24T04:20:55+00:00","author":"Leinewelle","twitter_card":"summary_large_image","twitter_creator":"@https:\/\/twitter.com\/RLeinewelle?ref_src=twsrcgoogletwcampserptwgrauthor","twitter_site":"@RLeinewelle","twitter_misc":{"Verfasst von":"Leinewelle","Gesch\u00e4tzte Lesezeit":"2\u00a0Minuten"},"schema":{"@context":"https:\/\/schema.org","@graph":[{"@type":"Article","@id":"https:\/\/radioleinewelle.de\/index.php\/2020\/12\/24\/goettingen-runder-tisch-alleinerziehende-zum-armutsrisiko-durch-corona\/#article","isPartOf":{"@id":"https:\/\/radioleinewelle.de\/index.php\/2020\/12\/24\/goettingen-runder-tisch-alleinerziehende-zum-armutsrisiko-durch-corona\/"},"author":{"name":"Leinewelle","@id":"https:\/\/radioleinewelle.de\/#\/schema\/person\/45606f348637df637192dc1b68399a63"},"headline":"G\u00f6ttingen: Runder Tisch Alleinerziehende zum Armutsrisiko durch Corona","datePublished":"2020-12-24T04:20:55+00:00","mainEntityOfPage":{"@id":"https:\/\/radioleinewelle.de\/index.php\/2020\/12\/24\/goettingen-runder-tisch-alleinerziehende-zum-armutsrisiko-durch-corona\/"},"wordCount":413,"publisher":{"@id":"https:\/\/radioleinewelle.de\/#organization"},"articleSection":["Corona"],"inLanguage":"de"},{"@type":"WebPage","@id":"https:\/\/radioleinewelle.de\/index.php\/2020\/12\/24\/goettingen-runder-tisch-alleinerziehende-zum-armutsrisiko-durch-corona\/","url":"https:\/\/radioleinewelle.de\/index.php\/2020\/12\/24\/goettingen-runder-tisch-alleinerziehende-zum-armutsrisiko-durch-corona\/","name":"G\u00f6ttingen: Runder Tisch Alleinerziehende zum Armutsrisiko durch Corona - Radio Leinewelle","isPartOf":{"@id":"https:\/\/radioleinewelle.de\/#website"},"datePublished":"2020-12-24T04:20:55+00:00","breadcrumb":{"@id":"https:\/\/radioleinewelle.de\/index.php\/2020\/12\/24\/goettingen-runder-tisch-alleinerziehende-zum-armutsrisiko-durch-corona\/#breadcrumb"},"inLanguage":"de","potentialAction":[{"@type":"ReadAction","target":["https:\/\/radioleinewelle.de\/index.php\/2020\/12\/24\/goettingen-runder-tisch-alleinerziehende-zum-armutsrisiko-durch-corona\/"]}]},{"@type":"BreadcrumbList","@id":"https:\/\/radioleinewelle.de\/index.php\/2020\/12\/24\/goettingen-runder-tisch-alleinerziehende-zum-armutsrisiko-durch-corona\/#breadcrumb","itemListElement":[{"@type":"ListItem","position":1,"name":"Startseite","item":"https:\/\/radioleinewelle.de\/"},{"@type":"ListItem","position":2,"name":"G\u00f6ttingen: Runder Tisch Alleinerziehende zum Armutsrisiko durch Corona"}]},{"@type":"WebSite","@id":"https:\/\/radioleinewelle.de\/#website","url":"https:\/\/radioleinewelle.de\/","name":"Radio Leinewelle","description":"","publisher":{"@id":"https:\/\/radioleinewelle.de\/#organization"},"potentialAction":[{"@type":"SearchAction","target":{"@type":"EntryPoint","urlTemplate":"https:\/\/radioleinewelle.de\/?s={search_term_string}"},"query-input":{"@type":"PropertyValueSpecification","valueRequired":true,"valueName":"search_term_string"}}],"inLanguage":"de"},{"@type":"Organization","@id":"https:\/\/radioleinewelle.de\/#organization","name":"Radio Leinewelle","alternateName":"Mein Radio f\u00fcr S\u00fcdniedersachsen","url":"https:\/\/radioleinewelle.de\/","logo":{"@type":"ImageObject","inLanguage":"de","@id":"https:\/\/radioleinewelle.de\/#\/schema\/logo\/image\/","url":"https:\/\/radioleinewelle.de\/wp-content\/uploads\/2023\/11\/cropped-Leinewelle_Logo_weiss.png","contentUrl":"https:\/\/radioleinewelle.de\/wp-content\/uploads\/2023\/11\/cropped-Leinewelle_Logo_weiss.png","width":854,"height":260,"caption":"Radio Leinewelle"},"image":{"@id":"https:\/\/radioleinewelle.de\/#\/schema\/logo\/image\/"},"sameAs":["https:\/\/www.facebook.com\/radioleinewelle","https:\/\/x.com\/RLeinewelle","https:\/\/www.instagram.com\/radioleinewelle\/?hl=de"]},{"@type":"Person","@id":"https:\/\/radioleinewelle.de\/#\/schema\/person\/45606f348637df637192dc1b68399a63","name":"Leinewelle","image":{"@type":"ImageObject","inLanguage":"de","@id":"https:\/\/secure.gravatar.com\/avatar\/05c9a17bc973052ee5d91549bd32fb4dd0dc85b7b85ae94b2e2b4943476bbea5?s=96&d=blank&r=g","url":"https:\/\/secure.gravatar.com\/avatar\/05c9a17bc973052ee5d91549bd32fb4dd0dc85b7b85ae94b2e2b4943476bbea5?s=96&d=blank&r=g","contentUrl":"https:\/\/secure.gravatar.com\/avatar\/05c9a17bc973052ee5d91549bd32fb4dd0dc85b7b85ae94b2e2b4943476bbea5?s=96&d=blank&r=g","caption":"Leinewelle"},"sameAs":["http:\/\/localhost\/radio%20leinewelle\/wordpress","https:\/\/www.facebook.com\/radioleinewelle","https:\/\/www.instagram.com\/radioleinewelle","https:\/\/x.com\/https:\/\/twitter.com\/RLeinewelle?ref_src=twsrcgoogletwcampserptwgrauthor","https:\/\/soundcloud.com\/foerderverein-lokalradio?utm_source=clipboard&utm_medium=text&utm_campaign=social_sharing"],"url":"https:\/\/radioleinewelle.de\/index.php\/author\/leinewelle\/"}]}},"_links":{"self":[{"href":"https:\/\/radioleinewelle.de\/index.php\/wp-json\/wp\/v2\/posts\/3731","targetHints":{"allow":["GET"]}}],"collection":[{"href":"https:\/\/radioleinewelle.de\/index.php\/wp-json\/wp\/v2\/posts"}],"about":[{"href":"https:\/\/radioleinewelle.de\/index.php\/wp-json\/wp\/v2\/types\/post"}],"author":[{"embeddable":true,"href":"https:\/\/radioleinewelle.de\/index.php\/wp-json\/wp\/v2\/users\/1"}],"replies":[{"embeddable":true,"href":"https:\/\/radioleinewelle.de\/index.php\/wp-json\/wp\/v2\/comments?post=3731"}],"version-history":[{"count":0,"href":"https:\/\/radioleinewelle.de\/index.php\/wp-json\/wp\/v2\/posts\/3731\/revisions"}],"wp:attachment":[{"href":"https:\/\/radioleinewelle.de\/index.php\/wp-json\/wp\/v2\/media?parent=3731"}],"wp:term":[{"taxonomy":"category","embeddable":true,"href":"https:\/\/radioleinewelle.de\/index.php\/wp-json\/wp\/v2\/categories?post=3731"},{"taxonomy":"post_tag","embeddable":true,"href":"https:\/\/radioleinewelle.de\/index.php\/wp-json\/wp\/v2\/tags?post=3731"}],"curies":[{"name":"wp","href":"https:\/\/api.w.org\/{rel}","templated":true}]}}