{"id":3770,"date":"2020-12-25T09:29:31","date_gmt":"2020-12-25T08:29:31","guid":{"rendered":"https:\/\/radioleinewelle.de\/?p=3770"},"modified":"2020-12-25T09:29:31","modified_gmt":"2020-12-25T08:29:31","slug":"duderstadt-bundeswehrsoldatinnen-und-soldaten-unterstuetzen-das-haus-am-park","status":"publish","type":"post","link":"https:\/\/radioleinewelle.de\/index.php\/2020\/12\/25\/duderstadt-bundeswehrsoldatinnen-und-soldaten-unterstuetzen-das-haus-am-park\/","title":{"rendered":"Duderstadt: Bundeswehrsoldatinnen und Soldaten unterst\u00fctzen das &#8220; Haus am Park&#8220;"},"content":{"rendered":"<p>Die Bundeswehr unterst\u00fctzt den Betrieb eines Altenpflege- und Seniorenwohnheims in Duderstadt. \u00a0Zehn Soldatinnen und Soldaten des Panzergrenadierbataillons 33 helfen ab dem ersten Weihnachtsfeiertag im von Corona-Infektionen betroffenen \u201eHaus am Park\u201c, die Versorgung der Bewohnerinnen und Bewohner zu sichern.\u00a0Der Einsatz im Rahmen der Amtshilfe \u201eHelfende H\u00e4nde\u201c der Bundeswehr wurde \u00fcber das Kreisverbindungskommando G\u00f6ttingen vermittelt. Der Krisenstab des Landkreises hatte die Unterst\u00fctzung der Bundeswehr erbeten, nachdem im \u201eHaus am Park\u201c auch ein Teil des Personals von Corona-Infektionen betroffen war. Die Soldatinnen und Soldaten werden voraussichtlich bis 04.01.2021 in Duderstadt als Helfende H\u00e4nde im Einsatz sein.<\/p>\n<p>Bild von <a href=\"https:\/\/pixabay.com\/de\/users\/elchinator-10722855\/?utm_source=link-attribution&amp;utm_medium=referral&amp;utm_campaign=image&amp;utm_content=5693761\">Elchinator<\/a> auf <a href=\"https:\/\/pixabay.com\/de\/?utm_source=link-attribution&amp;utm_medium=referral&amp;utm_campaign=image&amp;utm_content=5693761\">Pixabay<\/a><\/p>\n","protected":false},"excerpt":{"rendered":"<p>Die Bundeswehr unterst\u00fctzt den Betrieb eines Altenpflege- und Seniorenwohnheims in Duderstadt. \u00a0Zehn Soldatinnen und Soldaten des Panzergrenadierbataillons 33 helfen ab dem ersten Weihnachtsfeiertag im von Corona-Infektionen betroffenen \u201eHaus am Park\u201c, die Versorgung der Bewohnerinnen und Bewohner zu sichern.\u00a0Der Einsatz im Rahmen der Amtshilfe \u201eHelfende H\u00e4nde\u201c der Bundeswehr wurde \u00fcber das Kreisverbindungskommando G\u00f6ttingen vermittelt. Der Krisenstab [&hellip;]<\/p>\n","protected":false},"author":1,"featured_media":3537,"comment_status":"closed","ping_status":"closed","sticky":false,"template":"","format":"standard","meta":{"saved_in_kubio":false,"footnotes":""},"categories":[23],"tags":[],"class_list":["post-3770","post","type-post","status-publish","format-standard","has-post-thumbnail","hentry","category-corona"],"yoast_head":"<!-- This site is optimized with the Yoast SEO plugin v27.5 - https:\/\/yoast.com\/product\/yoast-seo-wordpress\/ -->\n<title>Duderstadt: Bundeswehrsoldatinnen und Soldaten unterst\u00fctzen das &quot; Haus am Park&quot; - Radio Leinewelle<\/title>\n<meta name=\"robots\" content=\"index, follow, max-snippet:-1, max-image-preview:large, max-video-preview:-1\" \/>\n<link rel=\"canonical\" href=\"https:\/\/radioleinewelle.de\/index.php\/2020\/12\/25\/duderstadt-bundeswehrsoldatinnen-und-soldaten-unterstuetzen-das-haus-am-park\/\" \/>\n<meta property=\"og:locale\" content=\"de_DE\" \/>\n<meta property=\"og:type\" content=\"article\" \/>\n<meta property=\"og:title\" content=\"Duderstadt: Bundeswehrsoldatinnen und Soldaten unterst\u00fctzen das &quot; Haus am Park&quot; - Radio Leinewelle\" \/>\n<meta property=\"og:description\" content=\"Die Bundeswehr unterst\u00fctzt den Betrieb eines Altenpflege- und Seniorenwohnheims in Duderstadt. \u00a0Zehn Soldatinnen und Soldaten des Panzergrenadierbataillons 33 helfen ab dem ersten Weihnachtsfeiertag im von Corona-Infektionen betroffenen \u201eHaus am Park\u201c, die Versorgung der Bewohnerinnen und Bewohner zu sichern.\u00a0Der Einsatz im Rahmen der Amtshilfe \u201eHelfende H\u00e4nde\u201c der Bundeswehr wurde \u00fcber das Kreisverbindungskommando G\u00f6ttingen vermittelt. Der Krisenstab [&hellip;]\" \/>\n<meta property=\"og:url\" content=\"https:\/\/radioleinewelle.de\/index.php\/2020\/12\/25\/duderstadt-bundeswehrsoldatinnen-und-soldaten-unterstuetzen-das-haus-am-park\/\" \/>\n<meta property=\"og:site_name\" content=\"Radio Leinewelle\" \/>\n<meta property=\"article:publisher\" content=\"https:\/\/www.facebook.com\/radioleinewelle\" \/>\n<meta property=\"article:author\" content=\"https:\/\/www.facebook.com\/radioleinewelle\" \/>\n<meta property=\"article:published_time\" content=\"2020-12-25T08:29:31+00:00\" \/>\n<meta property=\"og:image\" content=\"https:\/\/radioleinewelle.de\/wp-content\/uploads\/2020\/12\/test-5693761_640.jpg\" \/>\n\t<meta property=\"og:image:width\" content=\"640\" \/>\n\t<meta property=\"og:image:height\" content=\"427\" \/>\n\t<meta property=\"og:image:type\" content=\"image\/jpeg\" \/>\n<meta name=\"author\" content=\"Leinewelle\" \/>\n<meta name=\"twitter:card\" content=\"summary_large_image\" \/>\n<meta name=\"twitter:creator\" content=\"@https:\/\/twitter.com\/RLeinewelle?ref_src=twsrcgoogletwcampserptwgrauthor\" \/>\n<meta name=\"twitter:site\" content=\"@RLeinewelle\" \/>\n<meta name=\"twitter:label1\" content=\"Verfasst von\" \/>\n\t<meta name=\"twitter:data1\" content=\"Leinewelle\" \/>\n\t<meta name=\"twitter:label2\" content=\"Gesch\u00e4tzte Lesezeit\" \/>\n\t<meta name=\"twitter:data2\" content=\"1\u00a0Minute\" \/>\n<script type=\"application\/ld+json\" class=\"yoast-schema-graph\">{\"@context\":\"https:\\\/\\\/schema.org\",\"@graph\":[{\"@type\":\"Article\",\"@id\":\"https:\\\/\\\/radioleinewelle.de\\\/index.php\\\/2020\\\/12\\\/25\\\/duderstadt-bundeswehrsoldatinnen-und-soldaten-unterstuetzen-das-haus-am-park\\\/#article\",\"isPartOf\":{\"@id\":\"https:\\\/\\\/radioleinewelle.de\\\/index.php\\\/2020\\\/12\\\/25\\\/duderstadt-bundeswehrsoldatinnen-und-soldaten-unterstuetzen-das-haus-am-park\\\/\"},\"author\":{\"name\":\"Leinewelle\",\"@id\":\"https:\\\/\\\/radioleinewelle.de\\\/#\\\/schema\\\/person\\\/45606f348637df637192dc1b68399a63\"},\"headline\":\"Duderstadt: Bundeswehrsoldatinnen und Soldaten unterst\u00fctzen das &#8220; Haus am Park&#8220;\",\"datePublished\":\"2020-12-25T08:29:31+00:00\",\"mainEntityOfPage\":{\"@id\":\"https:\\\/\\\/radioleinewelle.de\\\/index.php\\\/2020\\\/12\\\/25\\\/duderstadt-bundeswehrsoldatinnen-und-soldaten-unterstuetzen-das-haus-am-park\\\/\"},\"wordCount\":112,\"publisher\":{\"@id\":\"https:\\\/\\\/radioleinewelle.de\\\/#organization\"},\"image\":{\"@id\":\"https:\\\/\\\/radioleinewelle.de\\\/index.php\\\/2020\\\/12\\\/25\\\/duderstadt-bundeswehrsoldatinnen-und-soldaten-unterstuetzen-das-haus-am-park\\\/#primaryimage\"},\"thumbnailUrl\":\"https:\\\/\\\/radioleinewelle.de\\\/wp-content\\\/uploads\\\/2020\\\/12\\\/test-5693761_640.jpg\",\"articleSection\":[\"Corona\"],\"inLanguage\":\"de\"},{\"@type\":\"WebPage\",\"@id\":\"https:\\\/\\\/radioleinewelle.de\\\/index.php\\\/2020\\\/12\\\/25\\\/duderstadt-bundeswehrsoldatinnen-und-soldaten-unterstuetzen-das-haus-am-park\\\/\",\"url\":\"https:\\\/\\\/radioleinewelle.de\\\/index.php\\\/2020\\\/12\\\/25\\\/duderstadt-bundeswehrsoldatinnen-und-soldaten-unterstuetzen-das-haus-am-park\\\/\",\"name\":\"Duderstadt: Bundeswehrsoldatinnen und Soldaten unterst\u00fctzen das \\\" Haus am Park\\\" - Radio Leinewelle\",\"isPartOf\":{\"@id\":\"https:\\\/\\\/radioleinewelle.de\\\/#website\"},\"primaryImageOfPage\":{\"@id\":\"https:\\\/\\\/radioleinewelle.de\\\/index.php\\\/2020\\\/12\\\/25\\\/duderstadt-bundeswehrsoldatinnen-und-soldaten-unterstuetzen-das-haus-am-park\\\/#primaryimage\"},\"image\":{\"@id\":\"https:\\\/\\\/radioleinewelle.de\\\/index.php\\\/2020\\\/12\\\/25\\\/duderstadt-bundeswehrsoldatinnen-und-soldaten-unterstuetzen-das-haus-am-park\\\/#primaryimage\"},\"thumbnailUrl\":\"https:\\\/\\\/radioleinewelle.de\\\/wp-content\\\/uploads\\\/2020\\\/12\\\/test-5693761_640.jpg\",\"datePublished\":\"2020-12-25T08:29:31+00:00\",\"breadcrumb\":{\"@id\":\"https:\\\/\\\/radioleinewelle.de\\\/index.php\\\/2020\\\/12\\\/25\\\/duderstadt-bundeswehrsoldatinnen-und-soldaten-unterstuetzen-das-haus-am-park\\\/#breadcrumb\"},\"inLanguage\":\"de\",\"potentialAction\":[{\"@type\":\"ReadAction\",\"target\":[\"https:\\\/\\\/radioleinewelle.de\\\/index.php\\\/2020\\\/12\\\/25\\\/duderstadt-bundeswehrsoldatinnen-und-soldaten-unterstuetzen-das-haus-am-park\\\/\"]}]},{\"@type\":\"ImageObject\",\"inLanguage\":\"de\",\"@id\":\"https:\\\/\\\/radioleinewelle.de\\\/index.php\\\/2020\\\/12\\\/25\\\/duderstadt-bundeswehrsoldatinnen-und-soldaten-unterstuetzen-das-haus-am-park\\\/#primaryimage\",\"url\":\"https:\\\/\\\/radioleinewelle.de\\\/wp-content\\\/uploads\\\/2020\\\/12\\\/test-5693761_640.jpg\",\"contentUrl\":\"https:\\\/\\\/radioleinewelle.de\\\/wp-content\\\/uploads\\\/2020\\\/12\\\/test-5693761_640.jpg\",\"width\":640,\"height\":427},{\"@type\":\"BreadcrumbList\",\"@id\":\"https:\\\/\\\/radioleinewelle.de\\\/index.php\\\/2020\\\/12\\\/25\\\/duderstadt-bundeswehrsoldatinnen-und-soldaten-unterstuetzen-das-haus-am-park\\\/#breadcrumb\",\"itemListElement\":[{\"@type\":\"ListItem\",\"position\":1,\"name\":\"Startseite\",\"item\":\"https:\\\/\\\/radioleinewelle.de\\\/\"},{\"@type\":\"ListItem\",\"position\":2,\"name\":\"Duderstadt: Bundeswehrsoldatinnen und Soldaten unterst\u00fctzen das &#8220; Haus am Park&#8220;\"}]},{\"@type\":\"WebSite\",\"@id\":\"https:\\\/\\\/radioleinewelle.de\\\/#website\",\"url\":\"https:\\\/\\\/radioleinewelle.de\\\/\",\"name\":\"Radio Leinewelle\",\"description\":\"\",\"publisher\":{\"@id\":\"https:\\\/\\\/radioleinewelle.de\\\/#organization\"},\"potentialAction\":[{\"@type\":\"SearchAction\",\"target\":{\"@type\":\"EntryPoint\",\"urlTemplate\":\"https:\\\/\\\/radioleinewelle.de\\\/?s={search_term_string}\"},\"query-input\":{\"@type\":\"PropertyValueSpecification\",\"valueRequired\":true,\"valueName\":\"search_term_string\"}}],\"inLanguage\":\"de\"},{\"@type\":\"Organization\",\"@id\":\"https:\\\/\\\/radioleinewelle.de\\\/#organization\",\"name\":\"Radio Leinewelle\",\"alternateName\":\"Mein Radio f\u00fcr S\u00fcdniedersachsen\",\"url\":\"https:\\\/\\\/radioleinewelle.de\\\/\",\"logo\":{\"@type\":\"ImageObject\",\"inLanguage\":\"de\",\"@id\":\"https:\\\/\\\/radioleinewelle.de\\\/#\\\/schema\\\/logo\\\/image\\\/\",\"url\":\"https:\\\/\\\/radioleinewelle.de\\\/wp-content\\\/uploads\\\/2023\\\/11\\\/cropped-Leinewelle_Logo_weiss.png\",\"contentUrl\":\"https:\\\/\\\/radioleinewelle.de\\\/wp-content\\\/uploads\\\/2023\\\/11\\\/cropped-Leinewelle_Logo_weiss.png\",\"width\":854,\"height\":260,\"caption\":\"Radio Leinewelle\"},\"image\":{\"@id\":\"https:\\\/\\\/radioleinewelle.de\\\/#\\\/schema\\\/logo\\\/image\\\/\"},\"sameAs\":[\"https:\\\/\\\/www.facebook.com\\\/radioleinewelle\",\"https:\\\/\\\/x.com\\\/RLeinewelle\",\"https:\\\/\\\/www.instagram.com\\\/radioleinewelle\\\/?hl=de\"]},{\"@type\":\"Person\",\"@id\":\"https:\\\/\\\/radioleinewelle.de\\\/#\\\/schema\\\/person\\\/45606f348637df637192dc1b68399a63\",\"name\":\"Leinewelle\",\"image\":{\"@type\":\"ImageObject\",\"inLanguage\":\"de\",\"@id\":\"https:\\\/\\\/secure.gravatar.com\\\/avatar\\\/05c9a17bc973052ee5d91549bd32fb4dd0dc85b7b85ae94b2e2b4943476bbea5?s=96&d=blank&r=g\",\"url\":\"https:\\\/\\\/secure.gravatar.com\\\/avatar\\\/05c9a17bc973052ee5d91549bd32fb4dd0dc85b7b85ae94b2e2b4943476bbea5?s=96&d=blank&r=g\",\"contentUrl\":\"https:\\\/\\\/secure.gravatar.com\\\/avatar\\\/05c9a17bc973052ee5d91549bd32fb4dd0dc85b7b85ae94b2e2b4943476bbea5?s=96&d=blank&r=g\",\"caption\":\"Leinewelle\"},\"sameAs\":[\"http:\\\/\\\/localhost\\\/radio%20leinewelle\\\/wordpress\",\"https:\\\/\\\/www.facebook.com\\\/radioleinewelle\",\"https:\\\/\\\/www.instagram.com\\\/radioleinewelle\",\"https:\\\/\\\/x.com\\\/https:\\\/\\\/twitter.com\\\/RLeinewelle?ref_src=twsrcgoogletwcampserptwgrauthor\",\"https:\\\/\\\/soundcloud.com\\\/foerderverein-lokalradio?utm_source=clipboard&utm_medium=text&utm_campaign=social_sharing\"],\"url\":\"https:\\\/\\\/radioleinewelle.de\\\/index.php\\\/author\\\/leinewelle\\\/\"}]}<\/script>\n<!-- \/ Yoast SEO plugin. -->","yoast_head_json":{"title":"Duderstadt: Bundeswehrsoldatinnen und Soldaten unterst\u00fctzen das \" Haus am Park\" - Radio Leinewelle","robots":{"index":"index","follow":"follow","max-snippet":"max-snippet:-1","max-image-preview":"max-image-preview:large","max-video-preview":"max-video-preview:-1"},"canonical":"https:\/\/radioleinewelle.de\/index.php\/2020\/12\/25\/duderstadt-bundeswehrsoldatinnen-und-soldaten-unterstuetzen-das-haus-am-park\/","og_locale":"de_DE","og_type":"article","og_title":"Duderstadt: Bundeswehrsoldatinnen und Soldaten unterst\u00fctzen das \" Haus am Park\" - Radio Leinewelle","og_description":"Die Bundeswehr unterst\u00fctzt den Betrieb eines Altenpflege- und Seniorenwohnheims in Duderstadt. \u00a0Zehn Soldatinnen und Soldaten des Panzergrenadierbataillons 33 helfen ab dem ersten Weihnachtsfeiertag im von Corona-Infektionen betroffenen \u201eHaus am Park\u201c, die Versorgung der Bewohnerinnen und Bewohner zu sichern.\u00a0Der Einsatz im Rahmen der Amtshilfe \u201eHelfende H\u00e4nde\u201c der Bundeswehr wurde \u00fcber das Kreisverbindungskommando G\u00f6ttingen vermittelt. Der Krisenstab [&hellip;]","og_url":"https:\/\/radioleinewelle.de\/index.php\/2020\/12\/25\/duderstadt-bundeswehrsoldatinnen-und-soldaten-unterstuetzen-das-haus-am-park\/","og_site_name":"Radio Leinewelle","article_publisher":"https:\/\/www.facebook.com\/radioleinewelle","article_author":"https:\/\/www.facebook.com\/radioleinewelle","article_published_time":"2020-12-25T08:29:31+00:00","og_image":[{"width":640,"height":427,"url":"https:\/\/radioleinewelle.de\/wp-content\/uploads\/2020\/12\/test-5693761_640.jpg","type":"image\/jpeg"}],"author":"Leinewelle","twitter_card":"summary_large_image","twitter_creator":"@https:\/\/twitter.com\/RLeinewelle?ref_src=twsrcgoogletwcampserptwgrauthor","twitter_site":"@RLeinewelle","twitter_misc":{"Verfasst von":"Leinewelle","Gesch\u00e4tzte Lesezeit":"1\u00a0Minute"},"schema":{"@context":"https:\/\/schema.org","@graph":[{"@type":"Article","@id":"https:\/\/radioleinewelle.de\/index.php\/2020\/12\/25\/duderstadt-bundeswehrsoldatinnen-und-soldaten-unterstuetzen-das-haus-am-park\/#article","isPartOf":{"@id":"https:\/\/radioleinewelle.de\/index.php\/2020\/12\/25\/duderstadt-bundeswehrsoldatinnen-und-soldaten-unterstuetzen-das-haus-am-park\/"},"author":{"name":"Leinewelle","@id":"https:\/\/radioleinewelle.de\/#\/schema\/person\/45606f348637df637192dc1b68399a63"},"headline":"Duderstadt: Bundeswehrsoldatinnen und Soldaten unterst\u00fctzen das &#8220; Haus am Park&#8220;","datePublished":"2020-12-25T08:29:31+00:00","mainEntityOfPage":{"@id":"https:\/\/radioleinewelle.de\/index.php\/2020\/12\/25\/duderstadt-bundeswehrsoldatinnen-und-soldaten-unterstuetzen-das-haus-am-park\/"},"wordCount":112,"publisher":{"@id":"https:\/\/radioleinewelle.de\/#organization"},"image":{"@id":"https:\/\/radioleinewelle.de\/index.php\/2020\/12\/25\/duderstadt-bundeswehrsoldatinnen-und-soldaten-unterstuetzen-das-haus-am-park\/#primaryimage"},"thumbnailUrl":"https:\/\/radioleinewelle.de\/wp-content\/uploads\/2020\/12\/test-5693761_640.jpg","articleSection":["Corona"],"inLanguage":"de"},{"@type":"WebPage","@id":"https:\/\/radioleinewelle.de\/index.php\/2020\/12\/25\/duderstadt-bundeswehrsoldatinnen-und-soldaten-unterstuetzen-das-haus-am-park\/","url":"https:\/\/radioleinewelle.de\/index.php\/2020\/12\/25\/duderstadt-bundeswehrsoldatinnen-und-soldaten-unterstuetzen-das-haus-am-park\/","name":"Duderstadt: Bundeswehrsoldatinnen und Soldaten unterst\u00fctzen das \" Haus am Park\" - Radio Leinewelle","isPartOf":{"@id":"https:\/\/radioleinewelle.de\/#website"},"primaryImageOfPage":{"@id":"https:\/\/radioleinewelle.de\/index.php\/2020\/12\/25\/duderstadt-bundeswehrsoldatinnen-und-soldaten-unterstuetzen-das-haus-am-park\/#primaryimage"},"image":{"@id":"https:\/\/radioleinewelle.de\/index.php\/2020\/12\/25\/duderstadt-bundeswehrsoldatinnen-und-soldaten-unterstuetzen-das-haus-am-park\/#primaryimage"},"thumbnailUrl":"https:\/\/radioleinewelle.de\/wp-content\/uploads\/2020\/12\/test-5693761_640.jpg","datePublished":"2020-12-25T08:29:31+00:00","breadcrumb":{"@id":"https:\/\/radioleinewelle.de\/index.php\/2020\/12\/25\/duderstadt-bundeswehrsoldatinnen-und-soldaten-unterstuetzen-das-haus-am-park\/#breadcrumb"},"inLanguage":"de","potentialAction":[{"@type":"ReadAction","target":["https:\/\/radioleinewelle.de\/index.php\/2020\/12\/25\/duderstadt-bundeswehrsoldatinnen-und-soldaten-unterstuetzen-das-haus-am-park\/"]}]},{"@type":"ImageObject","inLanguage":"de","@id":"https:\/\/radioleinewelle.de\/index.php\/2020\/12\/25\/duderstadt-bundeswehrsoldatinnen-und-soldaten-unterstuetzen-das-haus-am-park\/#primaryimage","url":"https:\/\/radioleinewelle.de\/wp-content\/uploads\/2020\/12\/test-5693761_640.jpg","contentUrl":"https:\/\/radioleinewelle.de\/wp-content\/uploads\/2020\/12\/test-5693761_640.jpg","width":640,"height":427},{"@type":"BreadcrumbList","@id":"https:\/\/radioleinewelle.de\/index.php\/2020\/12\/25\/duderstadt-bundeswehrsoldatinnen-und-soldaten-unterstuetzen-das-haus-am-park\/#breadcrumb","itemListElement":[{"@type":"ListItem","position":1,"name":"Startseite","item":"https:\/\/radioleinewelle.de\/"},{"@type":"ListItem","position":2,"name":"Duderstadt: Bundeswehrsoldatinnen und Soldaten unterst\u00fctzen das &#8220; Haus am Park&#8220;"}]},{"@type":"WebSite","@id":"https:\/\/radioleinewelle.de\/#website","url":"https:\/\/radioleinewelle.de\/","name":"Radio Leinewelle","description":"","publisher":{"@id":"https:\/\/radioleinewelle.de\/#organization"},"potentialAction":[{"@type":"SearchAction","target":{"@type":"EntryPoint","urlTemplate":"https:\/\/radioleinewelle.de\/?s={search_term_string}"},"query-input":{"@type":"PropertyValueSpecification","valueRequired":true,"valueName":"search_term_string"}}],"inLanguage":"de"},{"@type":"Organization","@id":"https:\/\/radioleinewelle.de\/#organization","name":"Radio Leinewelle","alternateName":"Mein Radio f\u00fcr S\u00fcdniedersachsen","url":"https:\/\/radioleinewelle.de\/","logo":{"@type":"ImageObject","inLanguage":"de","@id":"https:\/\/radioleinewelle.de\/#\/schema\/logo\/image\/","url":"https:\/\/radioleinewelle.de\/wp-content\/uploads\/2023\/11\/cropped-Leinewelle_Logo_weiss.png","contentUrl":"https:\/\/radioleinewelle.de\/wp-content\/uploads\/2023\/11\/cropped-Leinewelle_Logo_weiss.png","width":854,"height":260,"caption":"Radio Leinewelle"},"image":{"@id":"https:\/\/radioleinewelle.de\/#\/schema\/logo\/image\/"},"sameAs":["https:\/\/www.facebook.com\/radioleinewelle","https:\/\/x.com\/RLeinewelle","https:\/\/www.instagram.com\/radioleinewelle\/?hl=de"]},{"@type":"Person","@id":"https:\/\/radioleinewelle.de\/#\/schema\/person\/45606f348637df637192dc1b68399a63","name":"Leinewelle","image":{"@type":"ImageObject","inLanguage":"de","@id":"https:\/\/secure.gravatar.com\/avatar\/05c9a17bc973052ee5d91549bd32fb4dd0dc85b7b85ae94b2e2b4943476bbea5?s=96&d=blank&r=g","url":"https:\/\/secure.gravatar.com\/avatar\/05c9a17bc973052ee5d91549bd32fb4dd0dc85b7b85ae94b2e2b4943476bbea5?s=96&d=blank&r=g","contentUrl":"https:\/\/secure.gravatar.com\/avatar\/05c9a17bc973052ee5d91549bd32fb4dd0dc85b7b85ae94b2e2b4943476bbea5?s=96&d=blank&r=g","caption":"Leinewelle"},"sameAs":["http:\/\/localhost\/radio%20leinewelle\/wordpress","https:\/\/www.facebook.com\/radioleinewelle","https:\/\/www.instagram.com\/radioleinewelle","https:\/\/x.com\/https:\/\/twitter.com\/RLeinewelle?ref_src=twsrcgoogletwcampserptwgrauthor","https:\/\/soundcloud.com\/foerderverein-lokalradio?utm_source=clipboard&utm_medium=text&utm_campaign=social_sharing"],"url":"https:\/\/radioleinewelle.de\/index.php\/author\/leinewelle\/"}]}},"_links":{"self":[{"href":"https:\/\/radioleinewelle.de\/index.php\/wp-json\/wp\/v2\/posts\/3770","targetHints":{"allow":["GET"]}}],"collection":[{"href":"https:\/\/radioleinewelle.de\/index.php\/wp-json\/wp\/v2\/posts"}],"about":[{"href":"https:\/\/radioleinewelle.de\/index.php\/wp-json\/wp\/v2\/types\/post"}],"author":[{"embeddable":true,"href":"https:\/\/radioleinewelle.de\/index.php\/wp-json\/wp\/v2\/users\/1"}],"replies":[{"embeddable":true,"href":"https:\/\/radioleinewelle.de\/index.php\/wp-json\/wp\/v2\/comments?post=3770"}],"version-history":[{"count":0,"href":"https:\/\/radioleinewelle.de\/index.php\/wp-json\/wp\/v2\/posts\/3770\/revisions"}],"wp:featuredmedia":[{"embeddable":true,"href":"https:\/\/radioleinewelle.de\/index.php\/wp-json\/wp\/v2\/media\/3537"}],"wp:attachment":[{"href":"https:\/\/radioleinewelle.de\/index.php\/wp-json\/wp\/v2\/media?parent=3770"}],"wp:term":[{"taxonomy":"category","embeddable":true,"href":"https:\/\/radioleinewelle.de\/index.php\/wp-json\/wp\/v2\/categories?post=3770"},{"taxonomy":"post_tag","embeddable":true,"href":"https:\/\/radioleinewelle.de\/index.php\/wp-json\/wp\/v2\/tags?post=3770"}],"curies":[{"name":"wp","href":"https:\/\/api.w.org\/{rel}","templated":true}]}}