{"id":3774,"date":"2020-12-25T09:53:20","date_gmt":"2020-12-25T08:53:20","guid":{"rendered":"https:\/\/radioleinewelle.de\/?p=3774"},"modified":"2020-12-25T09:53:20","modified_gmt":"2020-12-25T08:53:20","slug":"die-coronalage-in-suedniedersachsen-am-25-12-20-keine-entspannung-an-weihnachten-ein-schwerpunkt-ist-duderstadt","status":"publish","type":"post","link":"https:\/\/radioleinewelle.de\/index.php\/2020\/12\/25\/die-coronalage-in-suedniedersachsen-am-25-12-20-keine-entspannung-an-weihnachten-ein-schwerpunkt-ist-duderstadt\/","title":{"rendered":"Die Coronalage in S\u00fcdniedersachsen am 25.12.20 Keine Entspannung an Weihnachten &#8211; ein Schwerpunkt ist Duderstadt"},"content":{"rendered":"<p>Die Inzidenzzahlen in S\u00fcdniedersachsen bleiben im Vergleich zur Vorwoche in den einzelnen Landkreisen weiter hoch, d.h. am oder \u00fcber dem Grenzwert von 50. Die aktuellen Zahlen im Detail:<br \/>\n<strong>Die Landkreise:<\/strong><br \/>\nG\u00f6ttingen 102,1, Northeim 42,3, Goslar 61,6, Holzminden 83,7. H\u00f6xter 222,5.<\/p>\n<p>Der Durchschnitt in Niedersachsen liegt bei 102,4, der Bundesdurchschnitt 188,8, die bundesweite Zahl der Corona Neuinfektionen steigt um 25583, die Sterbef\u00e4lle steigen bundesweit um 802 Tote zum Vortag. \u00a0Der Anteil der COVID-19 Patienten an der Gesamtzahl der Intensivbetten in Niedersachsen steigtl auf 11,8 %<\/p>\n<p><strong>Beunruhigend sind die Zahlen im Eichsfeld, der Inzidenzwert liegt hier bei aktuell 493,0.<\/strong> Der Landkreis Eichsfeld teilt mit: die Gesamtzahl der aktuell noch Infizierten: 590\u00a0(Stand vor Weihnachten).\u00a0Die tagesaktuelle Zuordnung der Neuinfektionen auf Orte ist derzeit nicht m\u00f6glich, weshalb bis auf weiteres von dieser Darstellung abgesehen wird.\u00a0Aufgrund der hohen Fallzahlen der Neuinfektionen kann es aktuell bis zu drei Tage dauern bis das Gesundheitsamt Kontaktpersonen positiv getesteter Personen telefonisch kontaktiert. Deshalb werden alle B\u00fcrgerinnen und B\u00fcrger dringend aufgefordert, sich in Quarant\u00e4ne zu begeben, wenn sie Kontakt (mindestens 15 Minuten, weniger als 1,5 m Abstand ohne Mund-Nasen-Bedeckung) zu einer positiv getesteten Person hatten.<\/p>\n<p><strong>Die Stadt Heiligenstadt<\/strong> warnt vor Falschinformationen rund um Corona und ruft dazu auf, nur offizielle Quellen zu nutzen.<\/p>\n<p><strong>Die Lage in Duderstadt<\/strong> bleibt mit aktuell 102 Infizierten weiter angespannt. Aufgrund der Situation gibt es nur noch eine\u00a0Notbetreuung in den Kindertagesst\u00e4tten, eine\u00a0Ausweitung der Maskenpflicht im Bereich Duderstadt ist angeordnet. Welche Regelungen f\u00fcr die Seniorenheime gelten , ist bei den jeweiligen Einrichtungen nachzufragen.\u00a0504 Menschen im Landkreis G\u00f6ttingen sind akut mit dem SARS-CoV-2-Virus infiziert; die Zahl der Neuinfektionen liegt bei 88 innerhalb von 24 Stunden. Ein Schwerpunkt dabei ist die Stadt Duderstadt, mit aktuell 141 akut infizierten Personen und 41 Neuinfektionen innerhalb eines Tages.\u00a0\u201eWir sehen diese Entwicklung mit Sorge\u201c, sagt Landrat Bernhard Reuter. \u201eMein dringender Appell an die Menschen ist: Halten sie die Regeln ein \u2013 Abstand halten, Hygiene beachten und Alltagsmaske tragen, das ist das Mindeste. Und meine dringende Bitte ist: \u00dcbernehmen sie Verantwortung \u2013 sch\u00fctzen sie sich und andere, das sind wir einander schuldig.\u201c<\/p>\n<p>&nbsp;<\/p>\n","protected":false},"excerpt":{"rendered":"<p>Die Inzidenzzahlen in S\u00fcdniedersachsen bleiben im Vergleich zur Vorwoche in den einzelnen Landkreisen weiter hoch, d.h. am oder \u00fcber dem Grenzwert von 50. Die aktuellen Zahlen im Detail: Die Landkreise: G\u00f6ttingen 102,1, Northeim 42,3, Goslar 61,6, Holzminden 83,7. H\u00f6xter 222,5. Der Durchschnitt in Niedersachsen liegt bei 102,4, der Bundesdurchschnitt 188,8, die bundesweite Zahl der Corona [&hellip;]<\/p>\n","protected":false},"author":1,"featured_media":3778,"comment_status":"closed","ping_status":"closed","sticky":false,"template":"","format":"standard","meta":{"saved_in_kubio":false,"footnotes":""},"categories":[23],"tags":[],"class_list":["post-3774","post","type-post","status-publish","format-standard","has-post-thumbnail","hentry","category-corona"],"yoast_head":"<!-- This site is optimized with the Yoast SEO plugin v27.5 - https:\/\/yoast.com\/product\/yoast-seo-wordpress\/ -->\n<title>Die Coronalage in S\u00fcdniedersachsen am 25.12.20 Keine Entspannung an Weihnachten - ein Schwerpunkt ist Duderstadt - Radio Leinewelle<\/title>\n<meta name=\"robots\" content=\"index, follow, max-snippet:-1, max-image-preview:large, max-video-preview:-1\" \/>\n<link rel=\"canonical\" href=\"https:\/\/radioleinewelle.de\/index.php\/2020\/12\/25\/die-coronalage-in-suedniedersachsen-am-25-12-20-keine-entspannung-an-weihnachten-ein-schwerpunkt-ist-duderstadt\/\" \/>\n<meta property=\"og:locale\" content=\"de_DE\" \/>\n<meta property=\"og:type\" content=\"article\" \/>\n<meta property=\"og:title\" content=\"Die Coronalage in S\u00fcdniedersachsen am 25.12.20 Keine Entspannung an Weihnachten - ein Schwerpunkt ist Duderstadt - Radio Leinewelle\" \/>\n<meta property=\"og:description\" content=\"Die Inzidenzzahlen in S\u00fcdniedersachsen bleiben im Vergleich zur Vorwoche in den einzelnen Landkreisen weiter hoch, d.h. am oder \u00fcber dem Grenzwert von 50. Die aktuellen Zahlen im Detail: Die Landkreise: G\u00f6ttingen 102,1, Northeim 42,3, Goslar 61,6, Holzminden 83,7. H\u00f6xter 222,5. Der Durchschnitt in Niedersachsen liegt bei 102,4, der Bundesdurchschnitt 188,8, die bundesweite Zahl der Corona [&hellip;]\" \/>\n<meta property=\"og:url\" content=\"https:\/\/radioleinewelle.de\/index.php\/2020\/12\/25\/die-coronalage-in-suedniedersachsen-am-25-12-20-keine-entspannung-an-weihnachten-ein-schwerpunkt-ist-duderstadt\/\" \/>\n<meta property=\"og:site_name\" content=\"Radio Leinewelle\" \/>\n<meta property=\"article:publisher\" content=\"https:\/\/www.facebook.com\/radioleinewelle\" \/>\n<meta property=\"article:author\" content=\"https:\/\/www.facebook.com\/radioleinewelle\" \/>\n<meta property=\"article:published_time\" content=\"2020-12-25T08:53:20+00:00\" \/>\n<meta property=\"og:image\" content=\"https:\/\/radioleinewelle.de\/wp-content\/uploads\/2020\/12\/coronavirus-4833754_640.jpg\" \/>\n\t<meta property=\"og:image:width\" content=\"640\" \/>\n\t<meta property=\"og:image:height\" content=\"320\" \/>\n\t<meta property=\"og:image:type\" content=\"image\/jpeg\" \/>\n<meta name=\"author\" content=\"Leinewelle\" \/>\n<meta name=\"twitter:card\" content=\"summary_large_image\" \/>\n<meta name=\"twitter:creator\" content=\"@https:\/\/twitter.com\/RLeinewelle?ref_src=twsrcgoogletwcampserptwgrauthor\" \/>\n<meta name=\"twitter:site\" content=\"@RLeinewelle\" \/>\n<meta name=\"twitter:label1\" content=\"Verfasst von\" \/>\n\t<meta name=\"twitter:data1\" content=\"Leinewelle\" \/>\n\t<meta name=\"twitter:label2\" content=\"Gesch\u00e4tzte Lesezeit\" \/>\n\t<meta name=\"twitter:data2\" content=\"2\u00a0Minuten\" \/>\n<script type=\"application\/ld+json\" class=\"yoast-schema-graph\">{\"@context\":\"https:\\\/\\\/schema.org\",\"@graph\":[{\"@type\":\"Article\",\"@id\":\"https:\\\/\\\/radioleinewelle.de\\\/index.php\\\/2020\\\/12\\\/25\\\/die-coronalage-in-suedniedersachsen-am-25-12-20-keine-entspannung-an-weihnachten-ein-schwerpunkt-ist-duderstadt\\\/#article\",\"isPartOf\":{\"@id\":\"https:\\\/\\\/radioleinewelle.de\\\/index.php\\\/2020\\\/12\\\/25\\\/die-coronalage-in-suedniedersachsen-am-25-12-20-keine-entspannung-an-weihnachten-ein-schwerpunkt-ist-duderstadt\\\/\"},\"author\":{\"name\":\"Leinewelle\",\"@id\":\"https:\\\/\\\/radioleinewelle.de\\\/#\\\/schema\\\/person\\\/45606f348637df637192dc1b68399a63\"},\"headline\":\"Die Coronalage in S\u00fcdniedersachsen am 25.12.20 Keine Entspannung an Weihnachten &#8211; ein Schwerpunkt ist Duderstadt\",\"datePublished\":\"2020-12-25T08:53:20+00:00\",\"mainEntityOfPage\":{\"@id\":\"https:\\\/\\\/radioleinewelle.de\\\/index.php\\\/2020\\\/12\\\/25\\\/die-coronalage-in-suedniedersachsen-am-25-12-20-keine-entspannung-an-weihnachten-ein-schwerpunkt-ist-duderstadt\\\/\"},\"wordCount\":349,\"publisher\":{\"@id\":\"https:\\\/\\\/radioleinewelle.de\\\/#organization\"},\"image\":{\"@id\":\"https:\\\/\\\/radioleinewelle.de\\\/index.php\\\/2020\\\/12\\\/25\\\/die-coronalage-in-suedniedersachsen-am-25-12-20-keine-entspannung-an-weihnachten-ein-schwerpunkt-ist-duderstadt\\\/#primaryimage\"},\"thumbnailUrl\":\"https:\\\/\\\/radioleinewelle.de\\\/wp-content\\\/uploads\\\/2020\\\/12\\\/coronavirus-4833754_640.jpg\",\"articleSection\":[\"Corona\"],\"inLanguage\":\"de\"},{\"@type\":\"WebPage\",\"@id\":\"https:\\\/\\\/radioleinewelle.de\\\/index.php\\\/2020\\\/12\\\/25\\\/die-coronalage-in-suedniedersachsen-am-25-12-20-keine-entspannung-an-weihnachten-ein-schwerpunkt-ist-duderstadt\\\/\",\"url\":\"https:\\\/\\\/radioleinewelle.de\\\/index.php\\\/2020\\\/12\\\/25\\\/die-coronalage-in-suedniedersachsen-am-25-12-20-keine-entspannung-an-weihnachten-ein-schwerpunkt-ist-duderstadt\\\/\",\"name\":\"Die Coronalage in S\u00fcdniedersachsen am 25.12.20 Keine Entspannung an Weihnachten - ein Schwerpunkt ist Duderstadt - Radio Leinewelle\",\"isPartOf\":{\"@id\":\"https:\\\/\\\/radioleinewelle.de\\\/#website\"},\"primaryImageOfPage\":{\"@id\":\"https:\\\/\\\/radioleinewelle.de\\\/index.php\\\/2020\\\/12\\\/25\\\/die-coronalage-in-suedniedersachsen-am-25-12-20-keine-entspannung-an-weihnachten-ein-schwerpunkt-ist-duderstadt\\\/#primaryimage\"},\"image\":{\"@id\":\"https:\\\/\\\/radioleinewelle.de\\\/index.php\\\/2020\\\/12\\\/25\\\/die-coronalage-in-suedniedersachsen-am-25-12-20-keine-entspannung-an-weihnachten-ein-schwerpunkt-ist-duderstadt\\\/#primaryimage\"},\"thumbnailUrl\":\"https:\\\/\\\/radioleinewelle.de\\\/wp-content\\\/uploads\\\/2020\\\/12\\\/coronavirus-4833754_640.jpg\",\"datePublished\":\"2020-12-25T08:53:20+00:00\",\"breadcrumb\":{\"@id\":\"https:\\\/\\\/radioleinewelle.de\\\/index.php\\\/2020\\\/12\\\/25\\\/die-coronalage-in-suedniedersachsen-am-25-12-20-keine-entspannung-an-weihnachten-ein-schwerpunkt-ist-duderstadt\\\/#breadcrumb\"},\"inLanguage\":\"de\",\"potentialAction\":[{\"@type\":\"ReadAction\",\"target\":[\"https:\\\/\\\/radioleinewelle.de\\\/index.php\\\/2020\\\/12\\\/25\\\/die-coronalage-in-suedniedersachsen-am-25-12-20-keine-entspannung-an-weihnachten-ein-schwerpunkt-ist-duderstadt\\\/\"]}]},{\"@type\":\"ImageObject\",\"inLanguage\":\"de\",\"@id\":\"https:\\\/\\\/radioleinewelle.de\\\/index.php\\\/2020\\\/12\\\/25\\\/die-coronalage-in-suedniedersachsen-am-25-12-20-keine-entspannung-an-weihnachten-ein-schwerpunkt-ist-duderstadt\\\/#primaryimage\",\"url\":\"https:\\\/\\\/radioleinewelle.de\\\/wp-content\\\/uploads\\\/2020\\\/12\\\/coronavirus-4833754_640.jpg\",\"contentUrl\":\"https:\\\/\\\/radioleinewelle.de\\\/wp-content\\\/uploads\\\/2020\\\/12\\\/coronavirus-4833754_640.jpg\",\"width\":640,\"height\":320},{\"@type\":\"BreadcrumbList\",\"@id\":\"https:\\\/\\\/radioleinewelle.de\\\/index.php\\\/2020\\\/12\\\/25\\\/die-coronalage-in-suedniedersachsen-am-25-12-20-keine-entspannung-an-weihnachten-ein-schwerpunkt-ist-duderstadt\\\/#breadcrumb\",\"itemListElement\":[{\"@type\":\"ListItem\",\"position\":1,\"name\":\"Startseite\",\"item\":\"https:\\\/\\\/radioleinewelle.de\\\/\"},{\"@type\":\"ListItem\",\"position\":2,\"name\":\"Die Coronalage in S\u00fcdniedersachsen am 25.12.20 Keine Entspannung an Weihnachten &#8211; ein Schwerpunkt ist Duderstadt\"}]},{\"@type\":\"WebSite\",\"@id\":\"https:\\\/\\\/radioleinewelle.de\\\/#website\",\"url\":\"https:\\\/\\\/radioleinewelle.de\\\/\",\"name\":\"Radio Leinewelle\",\"description\":\"\",\"publisher\":{\"@id\":\"https:\\\/\\\/radioleinewelle.de\\\/#organization\"},\"potentialAction\":[{\"@type\":\"SearchAction\",\"target\":{\"@type\":\"EntryPoint\",\"urlTemplate\":\"https:\\\/\\\/radioleinewelle.de\\\/?s={search_term_string}\"},\"query-input\":{\"@type\":\"PropertyValueSpecification\",\"valueRequired\":true,\"valueName\":\"search_term_string\"}}],\"inLanguage\":\"de\"},{\"@type\":\"Organization\",\"@id\":\"https:\\\/\\\/radioleinewelle.de\\\/#organization\",\"name\":\"Radio Leinewelle\",\"alternateName\":\"Mein Radio f\u00fcr S\u00fcdniedersachsen\",\"url\":\"https:\\\/\\\/radioleinewelle.de\\\/\",\"logo\":{\"@type\":\"ImageObject\",\"inLanguage\":\"de\",\"@id\":\"https:\\\/\\\/radioleinewelle.de\\\/#\\\/schema\\\/logo\\\/image\\\/\",\"url\":\"https:\\\/\\\/radioleinewelle.de\\\/wp-content\\\/uploads\\\/2023\\\/11\\\/cropped-Leinewelle_Logo_weiss.png\",\"contentUrl\":\"https:\\\/\\\/radioleinewelle.de\\\/wp-content\\\/uploads\\\/2023\\\/11\\\/cropped-Leinewelle_Logo_weiss.png\",\"width\":854,\"height\":260,\"caption\":\"Radio Leinewelle\"},\"image\":{\"@id\":\"https:\\\/\\\/radioleinewelle.de\\\/#\\\/schema\\\/logo\\\/image\\\/\"},\"sameAs\":[\"https:\\\/\\\/www.facebook.com\\\/radioleinewelle\",\"https:\\\/\\\/x.com\\\/RLeinewelle\",\"https:\\\/\\\/www.instagram.com\\\/radioleinewelle\\\/?hl=de\"]},{\"@type\":\"Person\",\"@id\":\"https:\\\/\\\/radioleinewelle.de\\\/#\\\/schema\\\/person\\\/45606f348637df637192dc1b68399a63\",\"name\":\"Leinewelle\",\"image\":{\"@type\":\"ImageObject\",\"inLanguage\":\"de\",\"@id\":\"https:\\\/\\\/secure.gravatar.com\\\/avatar\\\/05c9a17bc973052ee5d91549bd32fb4dd0dc85b7b85ae94b2e2b4943476bbea5?s=96&d=blank&r=g\",\"url\":\"https:\\\/\\\/secure.gravatar.com\\\/avatar\\\/05c9a17bc973052ee5d91549bd32fb4dd0dc85b7b85ae94b2e2b4943476bbea5?s=96&d=blank&r=g\",\"contentUrl\":\"https:\\\/\\\/secure.gravatar.com\\\/avatar\\\/05c9a17bc973052ee5d91549bd32fb4dd0dc85b7b85ae94b2e2b4943476bbea5?s=96&d=blank&r=g\",\"caption\":\"Leinewelle\"},\"sameAs\":[\"http:\\\/\\\/localhost\\\/radio%20leinewelle\\\/wordpress\",\"https:\\\/\\\/www.facebook.com\\\/radioleinewelle\",\"https:\\\/\\\/www.instagram.com\\\/radioleinewelle\",\"https:\\\/\\\/x.com\\\/https:\\\/\\\/twitter.com\\\/RLeinewelle?ref_src=twsrcgoogletwcampserptwgrauthor\",\"https:\\\/\\\/soundcloud.com\\\/foerderverein-lokalradio?utm_source=clipboard&utm_medium=text&utm_campaign=social_sharing\"],\"url\":\"https:\\\/\\\/radioleinewelle.de\\\/index.php\\\/author\\\/leinewelle\\\/\"}]}<\/script>\n<!-- \/ Yoast SEO plugin. -->","yoast_head_json":{"title":"Die Coronalage in S\u00fcdniedersachsen am 25.12.20 Keine Entspannung an Weihnachten - ein Schwerpunkt ist Duderstadt - Radio Leinewelle","robots":{"index":"index","follow":"follow","max-snippet":"max-snippet:-1","max-image-preview":"max-image-preview:large","max-video-preview":"max-video-preview:-1"},"canonical":"https:\/\/radioleinewelle.de\/index.php\/2020\/12\/25\/die-coronalage-in-suedniedersachsen-am-25-12-20-keine-entspannung-an-weihnachten-ein-schwerpunkt-ist-duderstadt\/","og_locale":"de_DE","og_type":"article","og_title":"Die Coronalage in S\u00fcdniedersachsen am 25.12.20 Keine Entspannung an Weihnachten - ein Schwerpunkt ist Duderstadt - Radio Leinewelle","og_description":"Die Inzidenzzahlen in S\u00fcdniedersachsen bleiben im Vergleich zur Vorwoche in den einzelnen Landkreisen weiter hoch, d.h. am oder \u00fcber dem Grenzwert von 50. Die aktuellen Zahlen im Detail: Die Landkreise: G\u00f6ttingen 102,1, Northeim 42,3, Goslar 61,6, Holzminden 83,7. H\u00f6xter 222,5. Der Durchschnitt in Niedersachsen liegt bei 102,4, der Bundesdurchschnitt 188,8, die bundesweite Zahl der Corona [&hellip;]","og_url":"https:\/\/radioleinewelle.de\/index.php\/2020\/12\/25\/die-coronalage-in-suedniedersachsen-am-25-12-20-keine-entspannung-an-weihnachten-ein-schwerpunkt-ist-duderstadt\/","og_site_name":"Radio Leinewelle","article_publisher":"https:\/\/www.facebook.com\/radioleinewelle","article_author":"https:\/\/www.facebook.com\/radioleinewelle","article_published_time":"2020-12-25T08:53:20+00:00","og_image":[{"width":640,"height":320,"url":"https:\/\/radioleinewelle.de\/wp-content\/uploads\/2020\/12\/coronavirus-4833754_640.jpg","type":"image\/jpeg"}],"author":"Leinewelle","twitter_card":"summary_large_image","twitter_creator":"@https:\/\/twitter.com\/RLeinewelle?ref_src=twsrcgoogletwcampserptwgrauthor","twitter_site":"@RLeinewelle","twitter_misc":{"Verfasst von":"Leinewelle","Gesch\u00e4tzte Lesezeit":"2\u00a0Minuten"},"schema":{"@context":"https:\/\/schema.org","@graph":[{"@type":"Article","@id":"https:\/\/radioleinewelle.de\/index.php\/2020\/12\/25\/die-coronalage-in-suedniedersachsen-am-25-12-20-keine-entspannung-an-weihnachten-ein-schwerpunkt-ist-duderstadt\/#article","isPartOf":{"@id":"https:\/\/radioleinewelle.de\/index.php\/2020\/12\/25\/die-coronalage-in-suedniedersachsen-am-25-12-20-keine-entspannung-an-weihnachten-ein-schwerpunkt-ist-duderstadt\/"},"author":{"name":"Leinewelle","@id":"https:\/\/radioleinewelle.de\/#\/schema\/person\/45606f348637df637192dc1b68399a63"},"headline":"Die Coronalage in S\u00fcdniedersachsen am 25.12.20 Keine Entspannung an Weihnachten &#8211; ein Schwerpunkt ist Duderstadt","datePublished":"2020-12-25T08:53:20+00:00","mainEntityOfPage":{"@id":"https:\/\/radioleinewelle.de\/index.php\/2020\/12\/25\/die-coronalage-in-suedniedersachsen-am-25-12-20-keine-entspannung-an-weihnachten-ein-schwerpunkt-ist-duderstadt\/"},"wordCount":349,"publisher":{"@id":"https:\/\/radioleinewelle.de\/#organization"},"image":{"@id":"https:\/\/radioleinewelle.de\/index.php\/2020\/12\/25\/die-coronalage-in-suedniedersachsen-am-25-12-20-keine-entspannung-an-weihnachten-ein-schwerpunkt-ist-duderstadt\/#primaryimage"},"thumbnailUrl":"https:\/\/radioleinewelle.de\/wp-content\/uploads\/2020\/12\/coronavirus-4833754_640.jpg","articleSection":["Corona"],"inLanguage":"de"},{"@type":"WebPage","@id":"https:\/\/radioleinewelle.de\/index.php\/2020\/12\/25\/die-coronalage-in-suedniedersachsen-am-25-12-20-keine-entspannung-an-weihnachten-ein-schwerpunkt-ist-duderstadt\/","url":"https:\/\/radioleinewelle.de\/index.php\/2020\/12\/25\/die-coronalage-in-suedniedersachsen-am-25-12-20-keine-entspannung-an-weihnachten-ein-schwerpunkt-ist-duderstadt\/","name":"Die Coronalage in S\u00fcdniedersachsen am 25.12.20 Keine Entspannung an Weihnachten - ein Schwerpunkt ist Duderstadt - Radio Leinewelle","isPartOf":{"@id":"https:\/\/radioleinewelle.de\/#website"},"primaryImageOfPage":{"@id":"https:\/\/radioleinewelle.de\/index.php\/2020\/12\/25\/die-coronalage-in-suedniedersachsen-am-25-12-20-keine-entspannung-an-weihnachten-ein-schwerpunkt-ist-duderstadt\/#primaryimage"},"image":{"@id":"https:\/\/radioleinewelle.de\/index.php\/2020\/12\/25\/die-coronalage-in-suedniedersachsen-am-25-12-20-keine-entspannung-an-weihnachten-ein-schwerpunkt-ist-duderstadt\/#primaryimage"},"thumbnailUrl":"https:\/\/radioleinewelle.de\/wp-content\/uploads\/2020\/12\/coronavirus-4833754_640.jpg","datePublished":"2020-12-25T08:53:20+00:00","breadcrumb":{"@id":"https:\/\/radioleinewelle.de\/index.php\/2020\/12\/25\/die-coronalage-in-suedniedersachsen-am-25-12-20-keine-entspannung-an-weihnachten-ein-schwerpunkt-ist-duderstadt\/#breadcrumb"},"inLanguage":"de","potentialAction":[{"@type":"ReadAction","target":["https:\/\/radioleinewelle.de\/index.php\/2020\/12\/25\/die-coronalage-in-suedniedersachsen-am-25-12-20-keine-entspannung-an-weihnachten-ein-schwerpunkt-ist-duderstadt\/"]}]},{"@type":"ImageObject","inLanguage":"de","@id":"https:\/\/radioleinewelle.de\/index.php\/2020\/12\/25\/die-coronalage-in-suedniedersachsen-am-25-12-20-keine-entspannung-an-weihnachten-ein-schwerpunkt-ist-duderstadt\/#primaryimage","url":"https:\/\/radioleinewelle.de\/wp-content\/uploads\/2020\/12\/coronavirus-4833754_640.jpg","contentUrl":"https:\/\/radioleinewelle.de\/wp-content\/uploads\/2020\/12\/coronavirus-4833754_640.jpg","width":640,"height":320},{"@type":"BreadcrumbList","@id":"https:\/\/radioleinewelle.de\/index.php\/2020\/12\/25\/die-coronalage-in-suedniedersachsen-am-25-12-20-keine-entspannung-an-weihnachten-ein-schwerpunkt-ist-duderstadt\/#breadcrumb","itemListElement":[{"@type":"ListItem","position":1,"name":"Startseite","item":"https:\/\/radioleinewelle.de\/"},{"@type":"ListItem","position":2,"name":"Die Coronalage in S\u00fcdniedersachsen am 25.12.20 Keine Entspannung an Weihnachten &#8211; ein Schwerpunkt ist Duderstadt"}]},{"@type":"WebSite","@id":"https:\/\/radioleinewelle.de\/#website","url":"https:\/\/radioleinewelle.de\/","name":"Radio Leinewelle","description":"","publisher":{"@id":"https:\/\/radioleinewelle.de\/#organization"},"potentialAction":[{"@type":"SearchAction","target":{"@type":"EntryPoint","urlTemplate":"https:\/\/radioleinewelle.de\/?s={search_term_string}"},"query-input":{"@type":"PropertyValueSpecification","valueRequired":true,"valueName":"search_term_string"}}],"inLanguage":"de"},{"@type":"Organization","@id":"https:\/\/radioleinewelle.de\/#organization","name":"Radio Leinewelle","alternateName":"Mein Radio f\u00fcr S\u00fcdniedersachsen","url":"https:\/\/radioleinewelle.de\/","logo":{"@type":"ImageObject","inLanguage":"de","@id":"https:\/\/radioleinewelle.de\/#\/schema\/logo\/image\/","url":"https:\/\/radioleinewelle.de\/wp-content\/uploads\/2023\/11\/cropped-Leinewelle_Logo_weiss.png","contentUrl":"https:\/\/radioleinewelle.de\/wp-content\/uploads\/2023\/11\/cropped-Leinewelle_Logo_weiss.png","width":854,"height":260,"caption":"Radio Leinewelle"},"image":{"@id":"https:\/\/radioleinewelle.de\/#\/schema\/logo\/image\/"},"sameAs":["https:\/\/www.facebook.com\/radioleinewelle","https:\/\/x.com\/RLeinewelle","https:\/\/www.instagram.com\/radioleinewelle\/?hl=de"]},{"@type":"Person","@id":"https:\/\/radioleinewelle.de\/#\/schema\/person\/45606f348637df637192dc1b68399a63","name":"Leinewelle","image":{"@type":"ImageObject","inLanguage":"de","@id":"https:\/\/secure.gravatar.com\/avatar\/05c9a17bc973052ee5d91549bd32fb4dd0dc85b7b85ae94b2e2b4943476bbea5?s=96&d=blank&r=g","url":"https:\/\/secure.gravatar.com\/avatar\/05c9a17bc973052ee5d91549bd32fb4dd0dc85b7b85ae94b2e2b4943476bbea5?s=96&d=blank&r=g","contentUrl":"https:\/\/secure.gravatar.com\/avatar\/05c9a17bc973052ee5d91549bd32fb4dd0dc85b7b85ae94b2e2b4943476bbea5?s=96&d=blank&r=g","caption":"Leinewelle"},"sameAs":["http:\/\/localhost\/radio%20leinewelle\/wordpress","https:\/\/www.facebook.com\/radioleinewelle","https:\/\/www.instagram.com\/radioleinewelle","https:\/\/x.com\/https:\/\/twitter.com\/RLeinewelle?ref_src=twsrcgoogletwcampserptwgrauthor","https:\/\/soundcloud.com\/foerderverein-lokalradio?utm_source=clipboard&utm_medium=text&utm_campaign=social_sharing"],"url":"https:\/\/radioleinewelle.de\/index.php\/author\/leinewelle\/"}]}},"_links":{"self":[{"href":"https:\/\/radioleinewelle.de\/index.php\/wp-json\/wp\/v2\/posts\/3774","targetHints":{"allow":["GET"]}}],"collection":[{"href":"https:\/\/radioleinewelle.de\/index.php\/wp-json\/wp\/v2\/posts"}],"about":[{"href":"https:\/\/radioleinewelle.de\/index.php\/wp-json\/wp\/v2\/types\/post"}],"author":[{"embeddable":true,"href":"https:\/\/radioleinewelle.de\/index.php\/wp-json\/wp\/v2\/users\/1"}],"replies":[{"embeddable":true,"href":"https:\/\/radioleinewelle.de\/index.php\/wp-json\/wp\/v2\/comments?post=3774"}],"version-history":[{"count":0,"href":"https:\/\/radioleinewelle.de\/index.php\/wp-json\/wp\/v2\/posts\/3774\/revisions"}],"wp:featuredmedia":[{"embeddable":true,"href":"https:\/\/radioleinewelle.de\/index.php\/wp-json\/wp\/v2\/media\/3778"}],"wp:attachment":[{"href":"https:\/\/radioleinewelle.de\/index.php\/wp-json\/wp\/v2\/media?parent=3774"}],"wp:term":[{"taxonomy":"category","embeddable":true,"href":"https:\/\/radioleinewelle.de\/index.php\/wp-json\/wp\/v2\/categories?post=3774"},{"taxonomy":"post_tag","embeddable":true,"href":"https:\/\/radioleinewelle.de\/index.php\/wp-json\/wp\/v2\/tags?post=3774"}],"curies":[{"name":"wp","href":"https:\/\/api.w.org\/{rel}","templated":true}]}}