{"id":3790,"date":"2020-12-29T05:00:13","date_gmt":"2020-12-29T04:00:13","guid":{"rendered":"https:\/\/radioleinewelle.de\/?p=3790"},"modified":"2020-12-29T05:00:13","modified_gmt":"2020-12-29T04:00:13","slug":"niedersaechsische-radverkehrsinfrastruktur-wird-beschleunigt-ausgebaut","status":"publish","type":"post","link":"https:\/\/radioleinewelle.de\/index.php\/2020\/12\/29\/niedersaechsische-radverkehrsinfrastruktur-wird-beschleunigt-ausgebaut\/","title":{"rendered":"Nieders\u00e4chsische Radverkehrsinfrastruktur wird beschleunigt ausgebaut"},"content":{"rendered":"<p>Das Bundesministerium f\u00fcr Verkehr und digitale Infrastruktur stellt im Rahmen des Sonderf\u00f6rderprogramms \u201eStadt und Land\u201c insgesamt 657 Millionen Euro bis Ende 2023 zur St\u00e4rkung des Radverkehrs bereit. Rund 65 Millionen Euro werden davon auf Niedersachsen entfallen. Davon werden die Radverkehrsprojekte im Land erheblich profitieren. Die entsprechende Verwaltungsvereinbarung wurde k\u00fcrzlich von Niedersachsens Verkehrsminister Dr. Bernd Althusmann unterzeichnet.\u00a0Dr. Althusmann: \u201eEs freut mich, dass der Bund die St\u00e4rkung des Radverkehrs als seine Aufgabe betrachtet und umfassende finanzielle Mittel bereitstellt. Mit dem Geld k\u00f6nnen wir Niedersachsen noch fahrradfreundlicher gestalten. Die Kommunen sind aufgerufen, Projekte f\u00fcr dieses Sonderprogramm vorzubereiten. Den hohen F\u00f6rdersatz von 80 Prozent (ab 2022: 75 Prozent) im Regelfall und von sogar 90 Prozent f\u00fcr finanzschwache Kommunen begr\u00fc\u00dfe ich ausdr\u00fccklich. Das zeigt, dass es dem Bund ernst ist und er in der Fl\u00e4che zu echten Verbesserungen kommen will.\u201c<\/p>\n<p>Ziel des Programms ist der Aufbau eines sicheren, m\u00f6glichst l\u00fcckenlosen Radnetzes mit schnellen Verbindungen. Dazu sind beispielsweise der Neu-, Um- und Ausbau von Radwegen einschlie\u00dflich der Planungsleistungen und des Grunderwerbes f\u00f6rderf\u00e4hig. Auch vergleichsweise z\u00fcgig umsetzbare Ma\u00dfnahmen, wie die Schaffung von Abstellanlagen, werden gef\u00f6rdert. Das Programm wird in erster Linie den Alltagsradverkehr verbessern.\u00a0Althusmann: \u201eEine gro\u00dfe Herausforderung bei diesem Programm ist der enge Zeitraum bis Ende 2023. Daher appelliere ich erneut an den Bund, pragmatische L\u00f6sungen zu finden, sodass die Mittel auch nach 2023 noch zur Verf\u00fcgung stehen. Ich hoffe, dass es gemeinsam mit den Kommunen gelingen wird, die gesamten 65 Millionen Euro zur Verbesserung des Radverkehrs in Niedersachsen umzusetzen.\u201c\u00a0Details zur Abwicklung und der genauen Ausgestaltung der F\u00f6rderung in Niedersachsen werden in den kommenden Wochen und Monaten auf der folgenden Seite zur Verf\u00fcgung gestellt: <a href=\"https:\/\/www.mw.niedersachsen.de\/startseite\/themen\/verkehr\/radverkehr\">https:\/\/www.mw.niedersachsen.de\/startseite\/themen\/verkehr\/radverkehr<\/a>.<\/p>\n<p>Hintergrund:<\/p>\n<p>Im Rahmen des Klimaschutzprogramms 2030 stellt das Bundesministerium f\u00fcr Verkehr und digitale Infrastruktur insgesamt 900 Millionen Euro f\u00fcr den Radverkehr zur Verf\u00fcgung. Mit 657 Millionen Euro wird der Gro\u00dfteil davon im Rahmen des oben genannten Sonderprogramms \u201eStadt und Land\u201c bereitgestellt. Weitere 125 Millionen Euro sind f\u00fcr die F\u00f6rderung von Modellvorhaben vorgesehen. Mit zus\u00e4tzlichen 73 Millionen Euro wird der Ausbau von Radschnellwegen weiter forciert. 45 Millionen Euro sind f\u00fcr Zusch\u00fcsse in den touristischen Radverkehr f\u00fcr den Ausbau und die Erweiterung des \u201eRadnetzes Deutschland\u201c vorgesehen (die Unterzeichnung der entsprechenden Verwaltungsvereinbarung steht hier aber noch aus).<\/p>\n<p>Bild von <a href=\"https:\/\/pixabay.com\/de\/users\/antranias-50356\/?utm_source=link-attribution&amp;utm_medium=referral&amp;utm_campaign=image&amp;utm_content=1782947\">Manfred Antranias Zimmer<\/a> auf <a href=\"https:\/\/pixabay.com\/de\/?utm_source=link-attribution&amp;utm_medium=referral&amp;utm_campaign=image&amp;utm_content=1782947\">Pixabay<\/a><\/p>\n","protected":false},"excerpt":{"rendered":"<p>Das Bundesministerium f\u00fcr Verkehr und digitale Infrastruktur stellt im Rahmen des Sonderf\u00f6rderprogramms \u201eStadt und Land\u201c insgesamt 657 Millionen Euro bis Ende 2023 zur St\u00e4rkung des Radverkehrs bereit. Rund 65 Millionen Euro werden davon auf Niedersachsen entfallen. Davon werden die Radverkehrsprojekte im Land erheblich profitieren. Die entsprechende Verwaltungsvereinbarung wurde k\u00fcrzlich von Niedersachsens Verkehrsminister Dr. Bernd Althusmann [&hellip;]<\/p>\n","protected":false},"author":1,"featured_media":0,"comment_status":"closed","ping_status":"closed","sticky":false,"template":"","format":"standard","meta":{"saved_in_kubio":false,"footnotes":""},"categories":[32],"tags":[],"class_list":["post-3790","post","type-post","status-publish","format-standard","hentry","category-natur-umwelt"],"yoast_head":"<!-- This site is optimized with the Yoast SEO plugin v27.5 - https:\/\/yoast.com\/product\/yoast-seo-wordpress\/ -->\n<title>Nieders\u00e4chsische Radverkehrsinfrastruktur wird beschleunigt ausgebaut - Radio Leinewelle<\/title>\n<meta name=\"robots\" content=\"index, follow, max-snippet:-1, max-image-preview:large, max-video-preview:-1\" \/>\n<link rel=\"canonical\" href=\"https:\/\/radioleinewelle.de\/index.php\/2020\/12\/29\/niedersaechsische-radverkehrsinfrastruktur-wird-beschleunigt-ausgebaut\/\" \/>\n<meta property=\"og:locale\" content=\"de_DE\" \/>\n<meta property=\"og:type\" content=\"article\" \/>\n<meta property=\"og:title\" content=\"Nieders\u00e4chsische Radverkehrsinfrastruktur wird beschleunigt ausgebaut - Radio Leinewelle\" \/>\n<meta property=\"og:description\" content=\"Das Bundesministerium f\u00fcr Verkehr und digitale Infrastruktur stellt im Rahmen des Sonderf\u00f6rderprogramms \u201eStadt und Land\u201c insgesamt 657 Millionen Euro bis Ende 2023 zur St\u00e4rkung des Radverkehrs bereit. Rund 65 Millionen Euro werden davon auf Niedersachsen entfallen. Davon werden die Radverkehrsprojekte im Land erheblich profitieren. Die entsprechende Verwaltungsvereinbarung wurde k\u00fcrzlich von Niedersachsens Verkehrsminister Dr. Bernd Althusmann [&hellip;]\" \/>\n<meta property=\"og:url\" content=\"https:\/\/radioleinewelle.de\/index.php\/2020\/12\/29\/niedersaechsische-radverkehrsinfrastruktur-wird-beschleunigt-ausgebaut\/\" \/>\n<meta property=\"og:site_name\" content=\"Radio Leinewelle\" \/>\n<meta property=\"article:publisher\" content=\"https:\/\/www.facebook.com\/radioleinewelle\" \/>\n<meta property=\"article:author\" content=\"https:\/\/www.facebook.com\/radioleinewelle\" \/>\n<meta property=\"article:published_time\" content=\"2020-12-29T04:00:13+00:00\" \/>\n<meta name=\"author\" content=\"Leinewelle\" \/>\n<meta name=\"twitter:card\" content=\"summary_large_image\" \/>\n<meta name=\"twitter:creator\" content=\"@https:\/\/twitter.com\/RLeinewelle?ref_src=twsrcgoogletwcampserptwgrauthor\" \/>\n<meta name=\"twitter:site\" content=\"@RLeinewelle\" \/>\n<meta name=\"twitter:label1\" content=\"Verfasst von\" \/>\n\t<meta name=\"twitter:data1\" content=\"Leinewelle\" \/>\n\t<meta name=\"twitter:label2\" content=\"Gesch\u00e4tzte Lesezeit\" \/>\n\t<meta name=\"twitter:data2\" content=\"2\u00a0Minuten\" \/>\n<script type=\"application\/ld+json\" class=\"yoast-schema-graph\">{\"@context\":\"https:\\\/\\\/schema.org\",\"@graph\":[{\"@type\":\"Article\",\"@id\":\"https:\\\/\\\/radioleinewelle.de\\\/index.php\\\/2020\\\/12\\\/29\\\/niedersaechsische-radverkehrsinfrastruktur-wird-beschleunigt-ausgebaut\\\/#article\",\"isPartOf\":{\"@id\":\"https:\\\/\\\/radioleinewelle.de\\\/index.php\\\/2020\\\/12\\\/29\\\/niedersaechsische-radverkehrsinfrastruktur-wird-beschleunigt-ausgebaut\\\/\"},\"author\":{\"name\":\"Leinewelle\",\"@id\":\"https:\\\/\\\/radioleinewelle.de\\\/#\\\/schema\\\/person\\\/45606f348637df637192dc1b68399a63\"},\"headline\":\"Nieders\u00e4chsische Radverkehrsinfrastruktur wird beschleunigt ausgebaut\",\"datePublished\":\"2020-12-29T04:00:13+00:00\",\"mainEntityOfPage\":{\"@id\":\"https:\\\/\\\/radioleinewelle.de\\\/index.php\\\/2020\\\/12\\\/29\\\/niedersaechsische-radverkehrsinfrastruktur-wird-beschleunigt-ausgebaut\\\/\"},\"wordCount\":405,\"publisher\":{\"@id\":\"https:\\\/\\\/radioleinewelle.de\\\/#organization\"},\"articleSection\":[\"Natur &amp; Umwelt\"],\"inLanguage\":\"de\"},{\"@type\":\"WebPage\",\"@id\":\"https:\\\/\\\/radioleinewelle.de\\\/index.php\\\/2020\\\/12\\\/29\\\/niedersaechsische-radverkehrsinfrastruktur-wird-beschleunigt-ausgebaut\\\/\",\"url\":\"https:\\\/\\\/radioleinewelle.de\\\/index.php\\\/2020\\\/12\\\/29\\\/niedersaechsische-radverkehrsinfrastruktur-wird-beschleunigt-ausgebaut\\\/\",\"name\":\"Nieders\u00e4chsische Radverkehrsinfrastruktur wird beschleunigt ausgebaut - Radio Leinewelle\",\"isPartOf\":{\"@id\":\"https:\\\/\\\/radioleinewelle.de\\\/#website\"},\"datePublished\":\"2020-12-29T04:00:13+00:00\",\"breadcrumb\":{\"@id\":\"https:\\\/\\\/radioleinewelle.de\\\/index.php\\\/2020\\\/12\\\/29\\\/niedersaechsische-radverkehrsinfrastruktur-wird-beschleunigt-ausgebaut\\\/#breadcrumb\"},\"inLanguage\":\"de\",\"potentialAction\":[{\"@type\":\"ReadAction\",\"target\":[\"https:\\\/\\\/radioleinewelle.de\\\/index.php\\\/2020\\\/12\\\/29\\\/niedersaechsische-radverkehrsinfrastruktur-wird-beschleunigt-ausgebaut\\\/\"]}]},{\"@type\":\"BreadcrumbList\",\"@id\":\"https:\\\/\\\/radioleinewelle.de\\\/index.php\\\/2020\\\/12\\\/29\\\/niedersaechsische-radverkehrsinfrastruktur-wird-beschleunigt-ausgebaut\\\/#breadcrumb\",\"itemListElement\":[{\"@type\":\"ListItem\",\"position\":1,\"name\":\"Startseite\",\"item\":\"https:\\\/\\\/radioleinewelle.de\\\/\"},{\"@type\":\"ListItem\",\"position\":2,\"name\":\"Nieders\u00e4chsische Radverkehrsinfrastruktur wird beschleunigt ausgebaut\"}]},{\"@type\":\"WebSite\",\"@id\":\"https:\\\/\\\/radioleinewelle.de\\\/#website\",\"url\":\"https:\\\/\\\/radioleinewelle.de\\\/\",\"name\":\"Radio Leinewelle\",\"description\":\"\",\"publisher\":{\"@id\":\"https:\\\/\\\/radioleinewelle.de\\\/#organization\"},\"potentialAction\":[{\"@type\":\"SearchAction\",\"target\":{\"@type\":\"EntryPoint\",\"urlTemplate\":\"https:\\\/\\\/radioleinewelle.de\\\/?s={search_term_string}\"},\"query-input\":{\"@type\":\"PropertyValueSpecification\",\"valueRequired\":true,\"valueName\":\"search_term_string\"}}],\"inLanguage\":\"de\"},{\"@type\":\"Organization\",\"@id\":\"https:\\\/\\\/radioleinewelle.de\\\/#organization\",\"name\":\"Radio Leinewelle\",\"alternateName\":\"Mein Radio f\u00fcr S\u00fcdniedersachsen\",\"url\":\"https:\\\/\\\/radioleinewelle.de\\\/\",\"logo\":{\"@type\":\"ImageObject\",\"inLanguage\":\"de\",\"@id\":\"https:\\\/\\\/radioleinewelle.de\\\/#\\\/schema\\\/logo\\\/image\\\/\",\"url\":\"https:\\\/\\\/radioleinewelle.de\\\/wp-content\\\/uploads\\\/2023\\\/11\\\/cropped-Leinewelle_Logo_weiss.png\",\"contentUrl\":\"https:\\\/\\\/radioleinewelle.de\\\/wp-content\\\/uploads\\\/2023\\\/11\\\/cropped-Leinewelle_Logo_weiss.png\",\"width\":854,\"height\":260,\"caption\":\"Radio Leinewelle\"},\"image\":{\"@id\":\"https:\\\/\\\/radioleinewelle.de\\\/#\\\/schema\\\/logo\\\/image\\\/\"},\"sameAs\":[\"https:\\\/\\\/www.facebook.com\\\/radioleinewelle\",\"https:\\\/\\\/x.com\\\/RLeinewelle\",\"https:\\\/\\\/www.instagram.com\\\/radioleinewelle\\\/?hl=de\"]},{\"@type\":\"Person\",\"@id\":\"https:\\\/\\\/radioleinewelle.de\\\/#\\\/schema\\\/person\\\/45606f348637df637192dc1b68399a63\",\"name\":\"Leinewelle\",\"image\":{\"@type\":\"ImageObject\",\"inLanguage\":\"de\",\"@id\":\"https:\\\/\\\/secure.gravatar.com\\\/avatar\\\/05c9a17bc973052ee5d91549bd32fb4dd0dc85b7b85ae94b2e2b4943476bbea5?s=96&d=blank&r=g\",\"url\":\"https:\\\/\\\/secure.gravatar.com\\\/avatar\\\/05c9a17bc973052ee5d91549bd32fb4dd0dc85b7b85ae94b2e2b4943476bbea5?s=96&d=blank&r=g\",\"contentUrl\":\"https:\\\/\\\/secure.gravatar.com\\\/avatar\\\/05c9a17bc973052ee5d91549bd32fb4dd0dc85b7b85ae94b2e2b4943476bbea5?s=96&d=blank&r=g\",\"caption\":\"Leinewelle\"},\"sameAs\":[\"http:\\\/\\\/localhost\\\/radio%20leinewelle\\\/wordpress\",\"https:\\\/\\\/www.facebook.com\\\/radioleinewelle\",\"https:\\\/\\\/www.instagram.com\\\/radioleinewelle\",\"https:\\\/\\\/x.com\\\/https:\\\/\\\/twitter.com\\\/RLeinewelle?ref_src=twsrcgoogletwcampserptwgrauthor\",\"https:\\\/\\\/soundcloud.com\\\/foerderverein-lokalradio?utm_source=clipboard&utm_medium=text&utm_campaign=social_sharing\"],\"url\":\"https:\\\/\\\/radioleinewelle.de\\\/index.php\\\/author\\\/leinewelle\\\/\"}]}<\/script>\n<!-- \/ Yoast SEO plugin. -->","yoast_head_json":{"title":"Nieders\u00e4chsische Radverkehrsinfrastruktur wird beschleunigt ausgebaut - Radio Leinewelle","robots":{"index":"index","follow":"follow","max-snippet":"max-snippet:-1","max-image-preview":"max-image-preview:large","max-video-preview":"max-video-preview:-1"},"canonical":"https:\/\/radioleinewelle.de\/index.php\/2020\/12\/29\/niedersaechsische-radverkehrsinfrastruktur-wird-beschleunigt-ausgebaut\/","og_locale":"de_DE","og_type":"article","og_title":"Nieders\u00e4chsische Radverkehrsinfrastruktur wird beschleunigt ausgebaut - Radio Leinewelle","og_description":"Das Bundesministerium f\u00fcr Verkehr und digitale Infrastruktur stellt im Rahmen des Sonderf\u00f6rderprogramms \u201eStadt und Land\u201c insgesamt 657 Millionen Euro bis Ende 2023 zur St\u00e4rkung des Radverkehrs bereit. Rund 65 Millionen Euro werden davon auf Niedersachsen entfallen. Davon werden die Radverkehrsprojekte im Land erheblich profitieren. Die entsprechende Verwaltungsvereinbarung wurde k\u00fcrzlich von Niedersachsens Verkehrsminister Dr. Bernd Althusmann [&hellip;]","og_url":"https:\/\/radioleinewelle.de\/index.php\/2020\/12\/29\/niedersaechsische-radverkehrsinfrastruktur-wird-beschleunigt-ausgebaut\/","og_site_name":"Radio Leinewelle","article_publisher":"https:\/\/www.facebook.com\/radioleinewelle","article_author":"https:\/\/www.facebook.com\/radioleinewelle","article_published_time":"2020-12-29T04:00:13+00:00","author":"Leinewelle","twitter_card":"summary_large_image","twitter_creator":"@https:\/\/twitter.com\/RLeinewelle?ref_src=twsrcgoogletwcampserptwgrauthor","twitter_site":"@RLeinewelle","twitter_misc":{"Verfasst von":"Leinewelle","Gesch\u00e4tzte Lesezeit":"2\u00a0Minuten"},"schema":{"@context":"https:\/\/schema.org","@graph":[{"@type":"Article","@id":"https:\/\/radioleinewelle.de\/index.php\/2020\/12\/29\/niedersaechsische-radverkehrsinfrastruktur-wird-beschleunigt-ausgebaut\/#article","isPartOf":{"@id":"https:\/\/radioleinewelle.de\/index.php\/2020\/12\/29\/niedersaechsische-radverkehrsinfrastruktur-wird-beschleunigt-ausgebaut\/"},"author":{"name":"Leinewelle","@id":"https:\/\/radioleinewelle.de\/#\/schema\/person\/45606f348637df637192dc1b68399a63"},"headline":"Nieders\u00e4chsische Radverkehrsinfrastruktur wird beschleunigt ausgebaut","datePublished":"2020-12-29T04:00:13+00:00","mainEntityOfPage":{"@id":"https:\/\/radioleinewelle.de\/index.php\/2020\/12\/29\/niedersaechsische-radverkehrsinfrastruktur-wird-beschleunigt-ausgebaut\/"},"wordCount":405,"publisher":{"@id":"https:\/\/radioleinewelle.de\/#organization"},"articleSection":["Natur &amp; Umwelt"],"inLanguage":"de"},{"@type":"WebPage","@id":"https:\/\/radioleinewelle.de\/index.php\/2020\/12\/29\/niedersaechsische-radverkehrsinfrastruktur-wird-beschleunigt-ausgebaut\/","url":"https:\/\/radioleinewelle.de\/index.php\/2020\/12\/29\/niedersaechsische-radverkehrsinfrastruktur-wird-beschleunigt-ausgebaut\/","name":"Nieders\u00e4chsische Radverkehrsinfrastruktur wird beschleunigt ausgebaut - Radio Leinewelle","isPartOf":{"@id":"https:\/\/radioleinewelle.de\/#website"},"datePublished":"2020-12-29T04:00:13+00:00","breadcrumb":{"@id":"https:\/\/radioleinewelle.de\/index.php\/2020\/12\/29\/niedersaechsische-radverkehrsinfrastruktur-wird-beschleunigt-ausgebaut\/#breadcrumb"},"inLanguage":"de","potentialAction":[{"@type":"ReadAction","target":["https:\/\/radioleinewelle.de\/index.php\/2020\/12\/29\/niedersaechsische-radverkehrsinfrastruktur-wird-beschleunigt-ausgebaut\/"]}]},{"@type":"BreadcrumbList","@id":"https:\/\/radioleinewelle.de\/index.php\/2020\/12\/29\/niedersaechsische-radverkehrsinfrastruktur-wird-beschleunigt-ausgebaut\/#breadcrumb","itemListElement":[{"@type":"ListItem","position":1,"name":"Startseite","item":"https:\/\/radioleinewelle.de\/"},{"@type":"ListItem","position":2,"name":"Nieders\u00e4chsische Radverkehrsinfrastruktur wird beschleunigt ausgebaut"}]},{"@type":"WebSite","@id":"https:\/\/radioleinewelle.de\/#website","url":"https:\/\/radioleinewelle.de\/","name":"Radio Leinewelle","description":"","publisher":{"@id":"https:\/\/radioleinewelle.de\/#organization"},"potentialAction":[{"@type":"SearchAction","target":{"@type":"EntryPoint","urlTemplate":"https:\/\/radioleinewelle.de\/?s={search_term_string}"},"query-input":{"@type":"PropertyValueSpecification","valueRequired":true,"valueName":"search_term_string"}}],"inLanguage":"de"},{"@type":"Organization","@id":"https:\/\/radioleinewelle.de\/#organization","name":"Radio Leinewelle","alternateName":"Mein Radio f\u00fcr S\u00fcdniedersachsen","url":"https:\/\/radioleinewelle.de\/","logo":{"@type":"ImageObject","inLanguage":"de","@id":"https:\/\/radioleinewelle.de\/#\/schema\/logo\/image\/","url":"https:\/\/radioleinewelle.de\/wp-content\/uploads\/2023\/11\/cropped-Leinewelle_Logo_weiss.png","contentUrl":"https:\/\/radioleinewelle.de\/wp-content\/uploads\/2023\/11\/cropped-Leinewelle_Logo_weiss.png","width":854,"height":260,"caption":"Radio Leinewelle"},"image":{"@id":"https:\/\/radioleinewelle.de\/#\/schema\/logo\/image\/"},"sameAs":["https:\/\/www.facebook.com\/radioleinewelle","https:\/\/x.com\/RLeinewelle","https:\/\/www.instagram.com\/radioleinewelle\/?hl=de"]},{"@type":"Person","@id":"https:\/\/radioleinewelle.de\/#\/schema\/person\/45606f348637df637192dc1b68399a63","name":"Leinewelle","image":{"@type":"ImageObject","inLanguage":"de","@id":"https:\/\/secure.gravatar.com\/avatar\/05c9a17bc973052ee5d91549bd32fb4dd0dc85b7b85ae94b2e2b4943476bbea5?s=96&d=blank&r=g","url":"https:\/\/secure.gravatar.com\/avatar\/05c9a17bc973052ee5d91549bd32fb4dd0dc85b7b85ae94b2e2b4943476bbea5?s=96&d=blank&r=g","contentUrl":"https:\/\/secure.gravatar.com\/avatar\/05c9a17bc973052ee5d91549bd32fb4dd0dc85b7b85ae94b2e2b4943476bbea5?s=96&d=blank&r=g","caption":"Leinewelle"},"sameAs":["http:\/\/localhost\/radio%20leinewelle\/wordpress","https:\/\/www.facebook.com\/radioleinewelle","https:\/\/www.instagram.com\/radioleinewelle","https:\/\/x.com\/https:\/\/twitter.com\/RLeinewelle?ref_src=twsrcgoogletwcampserptwgrauthor","https:\/\/soundcloud.com\/foerderverein-lokalradio?utm_source=clipboard&utm_medium=text&utm_campaign=social_sharing"],"url":"https:\/\/radioleinewelle.de\/index.php\/author\/leinewelle\/"}]}},"_links":{"self":[{"href":"https:\/\/radioleinewelle.de\/index.php\/wp-json\/wp\/v2\/posts\/3790","targetHints":{"allow":["GET"]}}],"collection":[{"href":"https:\/\/radioleinewelle.de\/index.php\/wp-json\/wp\/v2\/posts"}],"about":[{"href":"https:\/\/radioleinewelle.de\/index.php\/wp-json\/wp\/v2\/types\/post"}],"author":[{"embeddable":true,"href":"https:\/\/radioleinewelle.de\/index.php\/wp-json\/wp\/v2\/users\/1"}],"replies":[{"embeddable":true,"href":"https:\/\/radioleinewelle.de\/index.php\/wp-json\/wp\/v2\/comments?post=3790"}],"version-history":[{"count":0,"href":"https:\/\/radioleinewelle.de\/index.php\/wp-json\/wp\/v2\/posts\/3790\/revisions"}],"wp:attachment":[{"href":"https:\/\/radioleinewelle.de\/index.php\/wp-json\/wp\/v2\/media?parent=3790"}],"wp:term":[{"taxonomy":"category","embeddable":true,"href":"https:\/\/radioleinewelle.de\/index.php\/wp-json\/wp\/v2\/categories?post=3790"},{"taxonomy":"post_tag","embeddable":true,"href":"https:\/\/radioleinewelle.de\/index.php\/wp-json\/wp\/v2\/tags?post=3790"}],"curies":[{"name":"wp","href":"https:\/\/api.w.org\/{rel}","templated":true}]}}