{"id":3794,"date":"2020-12-29T06:16:01","date_gmt":"2020-12-29T05:16:01","guid":{"rendered":"https:\/\/radioleinewelle.de\/?p=3794"},"modified":"2020-12-29T06:16:01","modified_gmt":"2020-12-29T05:16:01","slug":"die-coronalage-am-29-12-in-suedniedersachsen","status":"publish","type":"post","link":"https:\/\/radioleinewelle.de\/index.php\/2020\/12\/29\/die-coronalage-am-29-12-in-suedniedersachsen\/","title":{"rendered":"Die Coronalage am 29.12. in S\u00fcdniedersachsen"},"content":{"rendered":"<p>Die Inzidenzzahlen in S\u00fcdniedersachsen bleiben im Vergleich zur Vorwoche in den einzelnen Landkreisen weiterhin hoch, d.h. am oder \u00fcber dem Grenzwert von 50. Die aktuellen Zahlen im Detail:<br \/>\n<strong>Die Landkreise:<\/strong><br \/>\nG\u00f6ttingen 91,7, Northeim 55,2, Goslar 51,2, Holzminden 53,9, H\u00f6xter 157,6.<\/p>\n<p>Der Durchschnitt in Niedersachsen liegt bei 87,2, der Bundesdurchschnitt 149,2, die bundesweite Zahl der Corona Neuinfektionen steigt um 12892, die Sterbef\u00e4lle steigen bundesweit um 852Tote zum Vortag. \u00a0Der Anteil der COVID-19 Patienten an der Gesamtzahl der Intensivbetten in Niedersachsen liegt bei 12,4 %<\/p>\n<p><strong>Beunruhigend sind die Zahlen im Eichsfeld, der Inzidenzwert liegt hier bei aktuell 352,0. Damit geh\u00f6rt das Eichsfeld zu den\u00a020 Landkreisen mit den h\u00f6chsten Infektionszahlen in Deutschland.<\/strong> Der Landkreis Eichsfeld teilt mit: die Gesamtzahl der aktuell noch Infizierten: 695 (Stand 28.12.).\u00a0Die tagesaktuelle Zuordnung der Neuinfektionen auf Orte ist derzeit nicht m\u00f6glich, weshalb bis auf weiteres von dieser Darstellung abgesehen wird.\u00a0Aufgrund der hohen Fallzahlen der Neuinfektionen kann es aktuell bis zu drei Tage dauern bis das Gesundheitsamt Kontaktpersonen positiv getesteter Personen telefonisch kontaktiert. Deshalb werden alle B\u00fcrgerinnen und B\u00fcrger dringend aufgefordert, sich in Quarant\u00e4ne zu begeben, wenn sie Kontakt (mindestens 15 Minuten, weniger als 1,5 m Abstand ohne Mund-Nasen-Bedeckung) zu einer positiv getesteten Person hatten.<br \/>\nAktuelle Meldungen auf der Seite des <a href=\"https:\/\/www.kreis-eic.de\/informationen-zum-coronavirus.html\">Landkreises Eichsfeld<\/a><\/p>\n<p><strong>Die Stadt Heiligenstadt<\/strong> warnt vor Falschinformationen rund um Corona und ruft dazu auf, nur offizielle Quellen zu nutzen.<\/p>\n<p>\u00dcber 21.000 Personen sind laut RKI bisher geimpft.<\/p>\n<p><strong>Landkreis G\u00f6ttingen: Lage in St\u00e4dten und Gemeinden (Stand 28.12. Gesamtzahl F\u00e4lle \/ akut Infizierte)<\/strong><\/p>\n<ul>\n<li>Flecken Adelebsen (47 \/9)<\/li>\n<li>Gemeinde Bad Grund (Harz) (81 \/ 4)<\/li>\n<li>Stadt Bad Lauterberg im Harz (138 \/ 9)<\/li>\n<li>Stadt Bad Sachsa (113 \/ 3)<\/li>\n<li>Flecken Bovenden (70 \/ 8)<\/li>\n<li>Samtgemeinde Dransfeld (50 \/ 10)<\/li>\n<li>Stadt Duderstadt (438 \/ 166)<\/li>\n<li>Gemeinde Friedland (80 \/ 2)<\/li>\n<li>Samtgemeinde Gieboldehausen (120 \/ 15)<\/li>\n<li>Gemeinde Gleichen (71 \/ 6)<\/li>\n<li>Stadt G\u00f6ttingen (1.171 \/ 114)<\/li>\n<li>Stadt Hann. M\u00fcnden (401 \/ 76)<\/li>\n<li>Samtgemeinde Hattorf am Harz (97 \/ 6)<\/li>\n<li>Stadt Herzberg am Harz (316 \/ 17)<\/li>\n<li>Stadt Osterode am Harz (194 \/ 13)<\/li>\n<li>Samtgemeinde Radolfshausen (31 \/ 6)<\/li>\n<li>Gemeinde Rosdorf (96 \/ 5)<\/li>\n<li>Gemeinde Staufenberg (63 \/ 17)<\/li>\n<li>Gemeinde Walkenried (50 \/ 33)<\/li>\n<\/ul>\n<p>&nbsp;<\/p>\n","protected":false},"excerpt":{"rendered":"<p>Die Inzidenzzahlen in S\u00fcdniedersachsen bleiben im Vergleich zur Vorwoche in den einzelnen Landkreisen weiterhin hoch, d.h. am oder \u00fcber dem Grenzwert von 50. Die aktuellen Zahlen im Detail: Die Landkreise: G\u00f6ttingen 91,7, Northeim 55,2, Goslar 51,2, Holzminden 53,9, H\u00f6xter 157,6. Der Durchschnitt in Niedersachsen liegt bei 87,2, der Bundesdurchschnitt 149,2, die bundesweite Zahl der Corona [&hellip;]<\/p>\n","protected":false},"author":1,"featured_media":2613,"comment_status":"closed","ping_status":"closed","sticky":false,"template":"","format":"standard","meta":{"saved_in_kubio":false,"footnotes":""},"categories":[23],"tags":[],"class_list":["post-3794","post","type-post","status-publish","format-standard","has-post-thumbnail","hentry","category-corona"],"yoast_head":"<!-- This site is optimized with the Yoast SEO plugin v27.5 - https:\/\/yoast.com\/product\/yoast-seo-wordpress\/ -->\n<title>Die Coronalage am 29.12. in S\u00fcdniedersachsen - Radio Leinewelle<\/title>\n<meta name=\"robots\" content=\"index, follow, max-snippet:-1, max-image-preview:large, max-video-preview:-1\" \/>\n<link rel=\"canonical\" href=\"https:\/\/radioleinewelle.de\/index.php\/2020\/12\/29\/die-coronalage-am-29-12-in-suedniedersachsen\/\" \/>\n<meta property=\"og:locale\" content=\"de_DE\" \/>\n<meta property=\"og:type\" content=\"article\" \/>\n<meta property=\"og:title\" content=\"Die Coronalage am 29.12. in S\u00fcdniedersachsen - Radio Leinewelle\" \/>\n<meta property=\"og:description\" content=\"Die Inzidenzzahlen in S\u00fcdniedersachsen bleiben im Vergleich zur Vorwoche in den einzelnen Landkreisen weiterhin hoch, d.h. am oder \u00fcber dem Grenzwert von 50. Die aktuellen Zahlen im Detail: Die Landkreise: G\u00f6ttingen 91,7, Northeim 55,2, Goslar 51,2, Holzminden 53,9, H\u00f6xter 157,6. Der Durchschnitt in Niedersachsen liegt bei 87,2, der Bundesdurchschnitt 149,2, die bundesweite Zahl der Corona [&hellip;]\" \/>\n<meta property=\"og:url\" content=\"https:\/\/radioleinewelle.de\/index.php\/2020\/12\/29\/die-coronalage-am-29-12-in-suedniedersachsen\/\" \/>\n<meta property=\"og:site_name\" content=\"Radio Leinewelle\" \/>\n<meta property=\"article:publisher\" content=\"https:\/\/www.facebook.com\/radioleinewelle\" \/>\n<meta property=\"article:author\" content=\"https:\/\/www.facebook.com\/radioleinewelle\" \/>\n<meta property=\"article:published_time\" content=\"2020-12-29T05:16:01+00:00\" \/>\n<meta property=\"og:image\" content=\"https:\/\/radioleinewelle.de\/wp-content\/uploads\/2020\/10\/coronavirus-4914028_640-1.jpg\" \/>\n\t<meta property=\"og:image:width\" content=\"640\" \/>\n\t<meta property=\"og:image:height\" content=\"363\" \/>\n\t<meta property=\"og:image:type\" content=\"image\/jpeg\" \/>\n<meta name=\"author\" content=\"Leinewelle\" \/>\n<meta name=\"twitter:card\" content=\"summary_large_image\" \/>\n<meta name=\"twitter:creator\" content=\"@https:\/\/twitter.com\/RLeinewelle?ref_src=twsrcgoogletwcampserptwgrauthor\" \/>\n<meta name=\"twitter:site\" content=\"@RLeinewelle\" \/>\n<meta name=\"twitter:label1\" content=\"Verfasst von\" \/>\n\t<meta name=\"twitter:data1\" content=\"Leinewelle\" \/>\n\t<meta name=\"twitter:label2\" content=\"Gesch\u00e4tzte Lesezeit\" \/>\n\t<meta name=\"twitter:data2\" content=\"1\u00a0Minute\" \/>\n<script type=\"application\/ld+json\" class=\"yoast-schema-graph\">{\"@context\":\"https:\\\/\\\/schema.org\",\"@graph\":[{\"@type\":\"Article\",\"@id\":\"https:\\\/\\\/radioleinewelle.de\\\/index.php\\\/2020\\\/12\\\/29\\\/die-coronalage-am-29-12-in-suedniedersachsen\\\/#article\",\"isPartOf\":{\"@id\":\"https:\\\/\\\/radioleinewelle.de\\\/index.php\\\/2020\\\/12\\\/29\\\/die-coronalage-am-29-12-in-suedniedersachsen\\\/\"},\"author\":{\"name\":\"Leinewelle\",\"@id\":\"https:\\\/\\\/radioleinewelle.de\\\/#\\\/schema\\\/person\\\/45606f348637df637192dc1b68399a63\"},\"headline\":\"Die Coronalage am 29.12. in S\u00fcdniedersachsen\",\"datePublished\":\"2020-12-29T05:16:01+00:00\",\"mainEntityOfPage\":{\"@id\":\"https:\\\/\\\/radioleinewelle.de\\\/index.php\\\/2020\\\/12\\\/29\\\/die-coronalage-am-29-12-in-suedniedersachsen\\\/\"},\"wordCount\":301,\"publisher\":{\"@id\":\"https:\\\/\\\/radioleinewelle.de\\\/#organization\"},\"image\":{\"@id\":\"https:\\\/\\\/radioleinewelle.de\\\/index.php\\\/2020\\\/12\\\/29\\\/die-coronalage-am-29-12-in-suedniedersachsen\\\/#primaryimage\"},\"thumbnailUrl\":\"https:\\\/\\\/radioleinewelle.de\\\/wp-content\\\/uploads\\\/2020\\\/10\\\/coronavirus-4914028_640-1.jpg\",\"articleSection\":[\"Corona\"],\"inLanguage\":\"de\"},{\"@type\":\"WebPage\",\"@id\":\"https:\\\/\\\/radioleinewelle.de\\\/index.php\\\/2020\\\/12\\\/29\\\/die-coronalage-am-29-12-in-suedniedersachsen\\\/\",\"url\":\"https:\\\/\\\/radioleinewelle.de\\\/index.php\\\/2020\\\/12\\\/29\\\/die-coronalage-am-29-12-in-suedniedersachsen\\\/\",\"name\":\"Die Coronalage am 29.12. in S\u00fcdniedersachsen - Radio Leinewelle\",\"isPartOf\":{\"@id\":\"https:\\\/\\\/radioleinewelle.de\\\/#website\"},\"primaryImageOfPage\":{\"@id\":\"https:\\\/\\\/radioleinewelle.de\\\/index.php\\\/2020\\\/12\\\/29\\\/die-coronalage-am-29-12-in-suedniedersachsen\\\/#primaryimage\"},\"image\":{\"@id\":\"https:\\\/\\\/radioleinewelle.de\\\/index.php\\\/2020\\\/12\\\/29\\\/die-coronalage-am-29-12-in-suedniedersachsen\\\/#primaryimage\"},\"thumbnailUrl\":\"https:\\\/\\\/radioleinewelle.de\\\/wp-content\\\/uploads\\\/2020\\\/10\\\/coronavirus-4914028_640-1.jpg\",\"datePublished\":\"2020-12-29T05:16:01+00:00\",\"breadcrumb\":{\"@id\":\"https:\\\/\\\/radioleinewelle.de\\\/index.php\\\/2020\\\/12\\\/29\\\/die-coronalage-am-29-12-in-suedniedersachsen\\\/#breadcrumb\"},\"inLanguage\":\"de\",\"potentialAction\":[{\"@type\":\"ReadAction\",\"target\":[\"https:\\\/\\\/radioleinewelle.de\\\/index.php\\\/2020\\\/12\\\/29\\\/die-coronalage-am-29-12-in-suedniedersachsen\\\/\"]}]},{\"@type\":\"ImageObject\",\"inLanguage\":\"de\",\"@id\":\"https:\\\/\\\/radioleinewelle.de\\\/index.php\\\/2020\\\/12\\\/29\\\/die-coronalage-am-29-12-in-suedniedersachsen\\\/#primaryimage\",\"url\":\"https:\\\/\\\/radioleinewelle.de\\\/wp-content\\\/uploads\\\/2020\\\/10\\\/coronavirus-4914028_640-1.jpg\",\"contentUrl\":\"https:\\\/\\\/radioleinewelle.de\\\/wp-content\\\/uploads\\\/2020\\\/10\\\/coronavirus-4914028_640-1.jpg\",\"width\":640,\"height\":363},{\"@type\":\"BreadcrumbList\",\"@id\":\"https:\\\/\\\/radioleinewelle.de\\\/index.php\\\/2020\\\/12\\\/29\\\/die-coronalage-am-29-12-in-suedniedersachsen\\\/#breadcrumb\",\"itemListElement\":[{\"@type\":\"ListItem\",\"position\":1,\"name\":\"Startseite\",\"item\":\"https:\\\/\\\/radioleinewelle.de\\\/\"},{\"@type\":\"ListItem\",\"position\":2,\"name\":\"Die Coronalage am 29.12. in S\u00fcdniedersachsen\"}]},{\"@type\":\"WebSite\",\"@id\":\"https:\\\/\\\/radioleinewelle.de\\\/#website\",\"url\":\"https:\\\/\\\/radioleinewelle.de\\\/\",\"name\":\"Radio Leinewelle\",\"description\":\"\",\"publisher\":{\"@id\":\"https:\\\/\\\/radioleinewelle.de\\\/#organization\"},\"potentialAction\":[{\"@type\":\"SearchAction\",\"target\":{\"@type\":\"EntryPoint\",\"urlTemplate\":\"https:\\\/\\\/radioleinewelle.de\\\/?s={search_term_string}\"},\"query-input\":{\"@type\":\"PropertyValueSpecification\",\"valueRequired\":true,\"valueName\":\"search_term_string\"}}],\"inLanguage\":\"de\"},{\"@type\":\"Organization\",\"@id\":\"https:\\\/\\\/radioleinewelle.de\\\/#organization\",\"name\":\"Radio Leinewelle\",\"alternateName\":\"Mein Radio f\u00fcr S\u00fcdniedersachsen\",\"url\":\"https:\\\/\\\/radioleinewelle.de\\\/\",\"logo\":{\"@type\":\"ImageObject\",\"inLanguage\":\"de\",\"@id\":\"https:\\\/\\\/radioleinewelle.de\\\/#\\\/schema\\\/logo\\\/image\\\/\",\"url\":\"https:\\\/\\\/radioleinewelle.de\\\/wp-content\\\/uploads\\\/2023\\\/11\\\/cropped-Leinewelle_Logo_weiss.png\",\"contentUrl\":\"https:\\\/\\\/radioleinewelle.de\\\/wp-content\\\/uploads\\\/2023\\\/11\\\/cropped-Leinewelle_Logo_weiss.png\",\"width\":854,\"height\":260,\"caption\":\"Radio Leinewelle\"},\"image\":{\"@id\":\"https:\\\/\\\/radioleinewelle.de\\\/#\\\/schema\\\/logo\\\/image\\\/\"},\"sameAs\":[\"https:\\\/\\\/www.facebook.com\\\/radioleinewelle\",\"https:\\\/\\\/x.com\\\/RLeinewelle\",\"https:\\\/\\\/www.instagram.com\\\/radioleinewelle\\\/?hl=de\"]},{\"@type\":\"Person\",\"@id\":\"https:\\\/\\\/radioleinewelle.de\\\/#\\\/schema\\\/person\\\/45606f348637df637192dc1b68399a63\",\"name\":\"Leinewelle\",\"image\":{\"@type\":\"ImageObject\",\"inLanguage\":\"de\",\"@id\":\"https:\\\/\\\/secure.gravatar.com\\\/avatar\\\/05c9a17bc973052ee5d91549bd32fb4dd0dc85b7b85ae94b2e2b4943476bbea5?s=96&d=blank&r=g\",\"url\":\"https:\\\/\\\/secure.gravatar.com\\\/avatar\\\/05c9a17bc973052ee5d91549bd32fb4dd0dc85b7b85ae94b2e2b4943476bbea5?s=96&d=blank&r=g\",\"contentUrl\":\"https:\\\/\\\/secure.gravatar.com\\\/avatar\\\/05c9a17bc973052ee5d91549bd32fb4dd0dc85b7b85ae94b2e2b4943476bbea5?s=96&d=blank&r=g\",\"caption\":\"Leinewelle\"},\"sameAs\":[\"http:\\\/\\\/localhost\\\/radio%20leinewelle\\\/wordpress\",\"https:\\\/\\\/www.facebook.com\\\/radioleinewelle\",\"https:\\\/\\\/www.instagram.com\\\/radioleinewelle\",\"https:\\\/\\\/x.com\\\/https:\\\/\\\/twitter.com\\\/RLeinewelle?ref_src=twsrcgoogletwcampserptwgrauthor\",\"https:\\\/\\\/soundcloud.com\\\/foerderverein-lokalradio?utm_source=clipboard&utm_medium=text&utm_campaign=social_sharing\"],\"url\":\"https:\\\/\\\/radioleinewelle.de\\\/index.php\\\/author\\\/leinewelle\\\/\"}]}<\/script>\n<!-- \/ Yoast SEO plugin. -->","yoast_head_json":{"title":"Die Coronalage am 29.12. in S\u00fcdniedersachsen - Radio Leinewelle","robots":{"index":"index","follow":"follow","max-snippet":"max-snippet:-1","max-image-preview":"max-image-preview:large","max-video-preview":"max-video-preview:-1"},"canonical":"https:\/\/radioleinewelle.de\/index.php\/2020\/12\/29\/die-coronalage-am-29-12-in-suedniedersachsen\/","og_locale":"de_DE","og_type":"article","og_title":"Die Coronalage am 29.12. in S\u00fcdniedersachsen - Radio Leinewelle","og_description":"Die Inzidenzzahlen in S\u00fcdniedersachsen bleiben im Vergleich zur Vorwoche in den einzelnen Landkreisen weiterhin hoch, d.h. am oder \u00fcber dem Grenzwert von 50. Die aktuellen Zahlen im Detail: Die Landkreise: G\u00f6ttingen 91,7, Northeim 55,2, Goslar 51,2, Holzminden 53,9, H\u00f6xter 157,6. Der Durchschnitt in Niedersachsen liegt bei 87,2, der Bundesdurchschnitt 149,2, die bundesweite Zahl der Corona [&hellip;]","og_url":"https:\/\/radioleinewelle.de\/index.php\/2020\/12\/29\/die-coronalage-am-29-12-in-suedniedersachsen\/","og_site_name":"Radio Leinewelle","article_publisher":"https:\/\/www.facebook.com\/radioleinewelle","article_author":"https:\/\/www.facebook.com\/radioleinewelle","article_published_time":"2020-12-29T05:16:01+00:00","og_image":[{"width":640,"height":363,"url":"https:\/\/radioleinewelle.de\/wp-content\/uploads\/2020\/10\/coronavirus-4914028_640-1.jpg","type":"image\/jpeg"}],"author":"Leinewelle","twitter_card":"summary_large_image","twitter_creator":"@https:\/\/twitter.com\/RLeinewelle?ref_src=twsrcgoogletwcampserptwgrauthor","twitter_site":"@RLeinewelle","twitter_misc":{"Verfasst von":"Leinewelle","Gesch\u00e4tzte Lesezeit":"1\u00a0Minute"},"schema":{"@context":"https:\/\/schema.org","@graph":[{"@type":"Article","@id":"https:\/\/radioleinewelle.de\/index.php\/2020\/12\/29\/die-coronalage-am-29-12-in-suedniedersachsen\/#article","isPartOf":{"@id":"https:\/\/radioleinewelle.de\/index.php\/2020\/12\/29\/die-coronalage-am-29-12-in-suedniedersachsen\/"},"author":{"name":"Leinewelle","@id":"https:\/\/radioleinewelle.de\/#\/schema\/person\/45606f348637df637192dc1b68399a63"},"headline":"Die Coronalage am 29.12. in S\u00fcdniedersachsen","datePublished":"2020-12-29T05:16:01+00:00","mainEntityOfPage":{"@id":"https:\/\/radioleinewelle.de\/index.php\/2020\/12\/29\/die-coronalage-am-29-12-in-suedniedersachsen\/"},"wordCount":301,"publisher":{"@id":"https:\/\/radioleinewelle.de\/#organization"},"image":{"@id":"https:\/\/radioleinewelle.de\/index.php\/2020\/12\/29\/die-coronalage-am-29-12-in-suedniedersachsen\/#primaryimage"},"thumbnailUrl":"https:\/\/radioleinewelle.de\/wp-content\/uploads\/2020\/10\/coronavirus-4914028_640-1.jpg","articleSection":["Corona"],"inLanguage":"de"},{"@type":"WebPage","@id":"https:\/\/radioleinewelle.de\/index.php\/2020\/12\/29\/die-coronalage-am-29-12-in-suedniedersachsen\/","url":"https:\/\/radioleinewelle.de\/index.php\/2020\/12\/29\/die-coronalage-am-29-12-in-suedniedersachsen\/","name":"Die Coronalage am 29.12. in S\u00fcdniedersachsen - Radio Leinewelle","isPartOf":{"@id":"https:\/\/radioleinewelle.de\/#website"},"primaryImageOfPage":{"@id":"https:\/\/radioleinewelle.de\/index.php\/2020\/12\/29\/die-coronalage-am-29-12-in-suedniedersachsen\/#primaryimage"},"image":{"@id":"https:\/\/radioleinewelle.de\/index.php\/2020\/12\/29\/die-coronalage-am-29-12-in-suedniedersachsen\/#primaryimage"},"thumbnailUrl":"https:\/\/radioleinewelle.de\/wp-content\/uploads\/2020\/10\/coronavirus-4914028_640-1.jpg","datePublished":"2020-12-29T05:16:01+00:00","breadcrumb":{"@id":"https:\/\/radioleinewelle.de\/index.php\/2020\/12\/29\/die-coronalage-am-29-12-in-suedniedersachsen\/#breadcrumb"},"inLanguage":"de","potentialAction":[{"@type":"ReadAction","target":["https:\/\/radioleinewelle.de\/index.php\/2020\/12\/29\/die-coronalage-am-29-12-in-suedniedersachsen\/"]}]},{"@type":"ImageObject","inLanguage":"de","@id":"https:\/\/radioleinewelle.de\/index.php\/2020\/12\/29\/die-coronalage-am-29-12-in-suedniedersachsen\/#primaryimage","url":"https:\/\/radioleinewelle.de\/wp-content\/uploads\/2020\/10\/coronavirus-4914028_640-1.jpg","contentUrl":"https:\/\/radioleinewelle.de\/wp-content\/uploads\/2020\/10\/coronavirus-4914028_640-1.jpg","width":640,"height":363},{"@type":"BreadcrumbList","@id":"https:\/\/radioleinewelle.de\/index.php\/2020\/12\/29\/die-coronalage-am-29-12-in-suedniedersachsen\/#breadcrumb","itemListElement":[{"@type":"ListItem","position":1,"name":"Startseite","item":"https:\/\/radioleinewelle.de\/"},{"@type":"ListItem","position":2,"name":"Die Coronalage am 29.12. in S\u00fcdniedersachsen"}]},{"@type":"WebSite","@id":"https:\/\/radioleinewelle.de\/#website","url":"https:\/\/radioleinewelle.de\/","name":"Radio Leinewelle","description":"","publisher":{"@id":"https:\/\/radioleinewelle.de\/#organization"},"potentialAction":[{"@type":"SearchAction","target":{"@type":"EntryPoint","urlTemplate":"https:\/\/radioleinewelle.de\/?s={search_term_string}"},"query-input":{"@type":"PropertyValueSpecification","valueRequired":true,"valueName":"search_term_string"}}],"inLanguage":"de"},{"@type":"Organization","@id":"https:\/\/radioleinewelle.de\/#organization","name":"Radio Leinewelle","alternateName":"Mein Radio f\u00fcr S\u00fcdniedersachsen","url":"https:\/\/radioleinewelle.de\/","logo":{"@type":"ImageObject","inLanguage":"de","@id":"https:\/\/radioleinewelle.de\/#\/schema\/logo\/image\/","url":"https:\/\/radioleinewelle.de\/wp-content\/uploads\/2023\/11\/cropped-Leinewelle_Logo_weiss.png","contentUrl":"https:\/\/radioleinewelle.de\/wp-content\/uploads\/2023\/11\/cropped-Leinewelle_Logo_weiss.png","width":854,"height":260,"caption":"Radio Leinewelle"},"image":{"@id":"https:\/\/radioleinewelle.de\/#\/schema\/logo\/image\/"},"sameAs":["https:\/\/www.facebook.com\/radioleinewelle","https:\/\/x.com\/RLeinewelle","https:\/\/www.instagram.com\/radioleinewelle\/?hl=de"]},{"@type":"Person","@id":"https:\/\/radioleinewelle.de\/#\/schema\/person\/45606f348637df637192dc1b68399a63","name":"Leinewelle","image":{"@type":"ImageObject","inLanguage":"de","@id":"https:\/\/secure.gravatar.com\/avatar\/05c9a17bc973052ee5d91549bd32fb4dd0dc85b7b85ae94b2e2b4943476bbea5?s=96&d=blank&r=g","url":"https:\/\/secure.gravatar.com\/avatar\/05c9a17bc973052ee5d91549bd32fb4dd0dc85b7b85ae94b2e2b4943476bbea5?s=96&d=blank&r=g","contentUrl":"https:\/\/secure.gravatar.com\/avatar\/05c9a17bc973052ee5d91549bd32fb4dd0dc85b7b85ae94b2e2b4943476bbea5?s=96&d=blank&r=g","caption":"Leinewelle"},"sameAs":["http:\/\/localhost\/radio%20leinewelle\/wordpress","https:\/\/www.facebook.com\/radioleinewelle","https:\/\/www.instagram.com\/radioleinewelle","https:\/\/x.com\/https:\/\/twitter.com\/RLeinewelle?ref_src=twsrcgoogletwcampserptwgrauthor","https:\/\/soundcloud.com\/foerderverein-lokalradio?utm_source=clipboard&utm_medium=text&utm_campaign=social_sharing"],"url":"https:\/\/radioleinewelle.de\/index.php\/author\/leinewelle\/"}]}},"_links":{"self":[{"href":"https:\/\/radioleinewelle.de\/index.php\/wp-json\/wp\/v2\/posts\/3794","targetHints":{"allow":["GET"]}}],"collection":[{"href":"https:\/\/radioleinewelle.de\/index.php\/wp-json\/wp\/v2\/posts"}],"about":[{"href":"https:\/\/radioleinewelle.de\/index.php\/wp-json\/wp\/v2\/types\/post"}],"author":[{"embeddable":true,"href":"https:\/\/radioleinewelle.de\/index.php\/wp-json\/wp\/v2\/users\/1"}],"replies":[{"embeddable":true,"href":"https:\/\/radioleinewelle.de\/index.php\/wp-json\/wp\/v2\/comments?post=3794"}],"version-history":[{"count":0,"href":"https:\/\/radioleinewelle.de\/index.php\/wp-json\/wp\/v2\/posts\/3794\/revisions"}],"wp:featuredmedia":[{"embeddable":true,"href":"https:\/\/radioleinewelle.de\/index.php\/wp-json\/wp\/v2\/media\/2613"}],"wp:attachment":[{"href":"https:\/\/radioleinewelle.de\/index.php\/wp-json\/wp\/v2\/media?parent=3794"}],"wp:term":[{"taxonomy":"category","embeddable":true,"href":"https:\/\/radioleinewelle.de\/index.php\/wp-json\/wp\/v2\/categories?post=3794"},{"taxonomy":"post_tag","embeddable":true,"href":"https:\/\/radioleinewelle.de\/index.php\/wp-json\/wp\/v2\/tags?post=3794"}],"curies":[{"name":"wp","href":"https:\/\/api.w.org\/{rel}","templated":true}]}}