{"id":3811,"date":"2020-12-30T05:30:04","date_gmt":"2020-12-30T04:30:04","guid":{"rendered":"https:\/\/radioleinewelle.de\/?p=3811"},"modified":"2020-12-30T05:30:04","modified_gmt":"2020-12-30T04:30:04","slug":"goettinger-kreative-kritisieren-staatsschutz-einsatz-gegen-graffiti","status":"publish","type":"post","link":"https:\/\/radioleinewelle.de\/index.php\/2020\/12\/30\/goettinger-kreative-kritisieren-staatsschutz-einsatz-gegen-graffiti\/","title":{"rendered":"G\u00f6ttinger Kreative kritisieren Staatsschutz-Einsatz gegen Graffiti"},"content":{"rendered":"<p>Eine Reihe gro\u00dffl\u00e4chiger und k\u00fcnstlerisch gestalteter Graffiti am Rande der Innenstadt hat vor Weihnachten die Polizei auf den Plan gerufen. Und obwohl die Graffiti \u00fcberwiegend das Leid der Gefl\u00fcchteten und Gewalt gegen Frauen thematisieren, hat das Kommissariat f\u00fcr Staatsschutz die Ermittlungen \u00fcbernommen.&nbsp;Das \u201eStellwerk\u201c, das Netzwerk G\u00f6ttinger Kreativwirtschaft mit derzeit 85 Mitgliedern, hat nun das Vorgehen der Polizei hinterfragt und die k\u00fcnstlerische Qualit\u00e4t der Graffiti hervorgehoben. \u201eMuss angesichts solcher Arbeiten heute noch ernsthaft dar\u00fcber diskutiert werden, ob Graffiti Kunst sein k\u00f6nnen? Oder ob Kunst politisch sein darf?\u201c wird in einer Stellungnahme auf Facebook gefragt und vermutet, dass hier \u201emit Kanonen auf Spatzen geschossen\u201c wird. Dar\u00fcber hinaus fordert das \u201eStellwerk\u201c eine Aufnahme der Graffiti-Fotos ins G\u00f6ttinger Stadtarchiv.<br \/>\nAuf der Homepage der Fotografin Katrin Raabe sind die Graffiti dokumentiert:<br \/>\n<a href=\"https:\/\/www.katrin-raabe.de\/component\/igallery\/unterwegs\/graffiti\">https:\/\/www.katrin-raabe.de\/component\/igallery\/unterwegs\/graffiti<\/a><br \/>\nVerwendung von Fotos ist ausdr\u00fccklich erlaubt.<\/p>\n<p>Foto: \u00a9Katrin Raabe<\/p>\n","protected":false},"excerpt":{"rendered":"<p>Eine Reihe gro\u00dffl\u00e4chiger und k\u00fcnstlerisch gestalteter Graffiti am Rande der Innenstadt hat vor Weihnachten die Polizei auf den Plan gerufen. Und obwohl die Graffiti \u00fcberwiegend das Leid der Gefl\u00fcchteten und Gewalt gegen Frauen thematisieren, hat das Kommissariat f\u00fcr Staatsschutz die Ermittlungen \u00fcbernommen.&nbsp;Das \u201eStellwerk\u201c, das Netzwerk G\u00f6ttinger Kreativwirtschaft mit derzeit 85 Mitgliedern, hat nun das Vorgehen [&hellip;]<\/p>\n","protected":false},"author":1,"featured_media":0,"comment_status":"closed","ping_status":"closed","sticky":false,"template":"","format":"standard","meta":{"saved_in_kubio":false,"footnotes":""},"categories":[24],"tags":[],"class_list":["post-3811","post","type-post","status-publish","format-standard","hentry","category-news"],"yoast_head":"<!-- This site is optimized with the Yoast SEO plugin v27.5 - https:\/\/yoast.com\/product\/yoast-seo-wordpress\/ -->\n<title>G\u00f6ttinger Kreative kritisieren Staatsschutz-Einsatz gegen Graffiti - Radio Leinewelle<\/title>\n<meta name=\"robots\" content=\"index, follow, max-snippet:-1, max-image-preview:large, max-video-preview:-1\" \/>\n<link rel=\"canonical\" href=\"https:\/\/radioleinewelle.de\/index.php\/2020\/12\/30\/goettinger-kreative-kritisieren-staatsschutz-einsatz-gegen-graffiti\/\" \/>\n<meta property=\"og:locale\" content=\"de_DE\" \/>\n<meta property=\"og:type\" content=\"article\" \/>\n<meta property=\"og:title\" content=\"G\u00f6ttinger Kreative kritisieren Staatsschutz-Einsatz gegen Graffiti - Radio Leinewelle\" \/>\n<meta property=\"og:description\" content=\"Eine Reihe gro\u00dffl\u00e4chiger und k\u00fcnstlerisch gestalteter Graffiti am Rande der Innenstadt hat vor Weihnachten die Polizei auf den Plan gerufen. Und obwohl die Graffiti \u00fcberwiegend das Leid der Gefl\u00fcchteten und Gewalt gegen Frauen thematisieren, hat das Kommissariat f\u00fcr Staatsschutz die Ermittlungen \u00fcbernommen.&nbsp;Das \u201eStellwerk\u201c, das Netzwerk G\u00f6ttinger Kreativwirtschaft mit derzeit 85 Mitgliedern, hat nun das Vorgehen [&hellip;]\" \/>\n<meta property=\"og:url\" content=\"https:\/\/radioleinewelle.de\/index.php\/2020\/12\/30\/goettinger-kreative-kritisieren-staatsschutz-einsatz-gegen-graffiti\/\" \/>\n<meta property=\"og:site_name\" content=\"Radio Leinewelle\" \/>\n<meta property=\"article:publisher\" content=\"https:\/\/www.facebook.com\/radioleinewelle\" \/>\n<meta property=\"article:author\" content=\"https:\/\/www.facebook.com\/radioleinewelle\" \/>\n<meta property=\"article:published_time\" content=\"2020-12-30T04:30:04+00:00\" \/>\n<meta name=\"author\" content=\"Leinewelle\" \/>\n<meta name=\"twitter:card\" content=\"summary_large_image\" \/>\n<meta name=\"twitter:creator\" content=\"@https:\/\/twitter.com\/RLeinewelle?ref_src=twsrcgoogletwcampserptwgrauthor\" \/>\n<meta name=\"twitter:site\" content=\"@RLeinewelle\" \/>\n<meta name=\"twitter:label1\" content=\"Verfasst von\" \/>\n\t<meta name=\"twitter:data1\" content=\"Leinewelle\" \/>\n\t<meta name=\"twitter:label2\" content=\"Gesch\u00e4tzte Lesezeit\" \/>\n\t<meta name=\"twitter:data2\" content=\"1\u00a0Minute\" \/>\n<script type=\"application\/ld+json\" class=\"yoast-schema-graph\">{\"@context\":\"https:\\\/\\\/schema.org\",\"@graph\":[{\"@type\":\"Article\",\"@id\":\"https:\\\/\\\/radioleinewelle.de\\\/index.php\\\/2020\\\/12\\\/30\\\/goettinger-kreative-kritisieren-staatsschutz-einsatz-gegen-graffiti\\\/#article\",\"isPartOf\":{\"@id\":\"https:\\\/\\\/radioleinewelle.de\\\/index.php\\\/2020\\\/12\\\/30\\\/goettinger-kreative-kritisieren-staatsschutz-einsatz-gegen-graffiti\\\/\"},\"author\":{\"name\":\"Leinewelle\",\"@id\":\"https:\\\/\\\/radioleinewelle.de\\\/#\\\/schema\\\/person\\\/45606f348637df637192dc1b68399a63\"},\"headline\":\"G\u00f6ttinger Kreative kritisieren Staatsschutz-Einsatz gegen Graffiti\",\"datePublished\":\"2020-12-30T04:30:04+00:00\",\"mainEntityOfPage\":{\"@id\":\"https:\\\/\\\/radioleinewelle.de\\\/index.php\\\/2020\\\/12\\\/30\\\/goettinger-kreative-kritisieren-staatsschutz-einsatz-gegen-graffiti\\\/\"},\"wordCount\":164,\"publisher\":{\"@id\":\"https:\\\/\\\/radioleinewelle.de\\\/#organization\"},\"articleSection\":[\"Aktuelle Nachrichten\"],\"inLanguage\":\"de\"},{\"@type\":\"WebPage\",\"@id\":\"https:\\\/\\\/radioleinewelle.de\\\/index.php\\\/2020\\\/12\\\/30\\\/goettinger-kreative-kritisieren-staatsschutz-einsatz-gegen-graffiti\\\/\",\"url\":\"https:\\\/\\\/radioleinewelle.de\\\/index.php\\\/2020\\\/12\\\/30\\\/goettinger-kreative-kritisieren-staatsschutz-einsatz-gegen-graffiti\\\/\",\"name\":\"G\u00f6ttinger Kreative kritisieren Staatsschutz-Einsatz gegen Graffiti - Radio Leinewelle\",\"isPartOf\":{\"@id\":\"https:\\\/\\\/radioleinewelle.de\\\/#website\"},\"datePublished\":\"2020-12-30T04:30:04+00:00\",\"breadcrumb\":{\"@id\":\"https:\\\/\\\/radioleinewelle.de\\\/index.php\\\/2020\\\/12\\\/30\\\/goettinger-kreative-kritisieren-staatsschutz-einsatz-gegen-graffiti\\\/#breadcrumb\"},\"inLanguage\":\"de\",\"potentialAction\":[{\"@type\":\"ReadAction\",\"target\":[\"https:\\\/\\\/radioleinewelle.de\\\/index.php\\\/2020\\\/12\\\/30\\\/goettinger-kreative-kritisieren-staatsschutz-einsatz-gegen-graffiti\\\/\"]}]},{\"@type\":\"BreadcrumbList\",\"@id\":\"https:\\\/\\\/radioleinewelle.de\\\/index.php\\\/2020\\\/12\\\/30\\\/goettinger-kreative-kritisieren-staatsschutz-einsatz-gegen-graffiti\\\/#breadcrumb\",\"itemListElement\":[{\"@type\":\"ListItem\",\"position\":1,\"name\":\"Startseite\",\"item\":\"https:\\\/\\\/radioleinewelle.de\\\/\"},{\"@type\":\"ListItem\",\"position\":2,\"name\":\"G\u00f6ttinger Kreative kritisieren Staatsschutz-Einsatz gegen Graffiti\"}]},{\"@type\":\"WebSite\",\"@id\":\"https:\\\/\\\/radioleinewelle.de\\\/#website\",\"url\":\"https:\\\/\\\/radioleinewelle.de\\\/\",\"name\":\"Radio Leinewelle\",\"description\":\"\",\"publisher\":{\"@id\":\"https:\\\/\\\/radioleinewelle.de\\\/#organization\"},\"potentialAction\":[{\"@type\":\"SearchAction\",\"target\":{\"@type\":\"EntryPoint\",\"urlTemplate\":\"https:\\\/\\\/radioleinewelle.de\\\/?s={search_term_string}\"},\"query-input\":{\"@type\":\"PropertyValueSpecification\",\"valueRequired\":true,\"valueName\":\"search_term_string\"}}],\"inLanguage\":\"de\"},{\"@type\":\"Organization\",\"@id\":\"https:\\\/\\\/radioleinewelle.de\\\/#organization\",\"name\":\"Radio Leinewelle\",\"alternateName\":\"Mein Radio f\u00fcr S\u00fcdniedersachsen\",\"url\":\"https:\\\/\\\/radioleinewelle.de\\\/\",\"logo\":{\"@type\":\"ImageObject\",\"inLanguage\":\"de\",\"@id\":\"https:\\\/\\\/radioleinewelle.de\\\/#\\\/schema\\\/logo\\\/image\\\/\",\"url\":\"https:\\\/\\\/radioleinewelle.de\\\/wp-content\\\/uploads\\\/2023\\\/11\\\/cropped-Leinewelle_Logo_weiss.png\",\"contentUrl\":\"https:\\\/\\\/radioleinewelle.de\\\/wp-content\\\/uploads\\\/2023\\\/11\\\/cropped-Leinewelle_Logo_weiss.png\",\"width\":854,\"height\":260,\"caption\":\"Radio Leinewelle\"},\"image\":{\"@id\":\"https:\\\/\\\/radioleinewelle.de\\\/#\\\/schema\\\/logo\\\/image\\\/\"},\"sameAs\":[\"https:\\\/\\\/www.facebook.com\\\/radioleinewelle\",\"https:\\\/\\\/x.com\\\/RLeinewelle\",\"https:\\\/\\\/www.instagram.com\\\/radioleinewelle\\\/?hl=de\"]},{\"@type\":\"Person\",\"@id\":\"https:\\\/\\\/radioleinewelle.de\\\/#\\\/schema\\\/person\\\/45606f348637df637192dc1b68399a63\",\"name\":\"Leinewelle\",\"image\":{\"@type\":\"ImageObject\",\"inLanguage\":\"de\",\"@id\":\"https:\\\/\\\/secure.gravatar.com\\\/avatar\\\/05c9a17bc973052ee5d91549bd32fb4dd0dc85b7b85ae94b2e2b4943476bbea5?s=96&d=blank&r=g\",\"url\":\"https:\\\/\\\/secure.gravatar.com\\\/avatar\\\/05c9a17bc973052ee5d91549bd32fb4dd0dc85b7b85ae94b2e2b4943476bbea5?s=96&d=blank&r=g\",\"contentUrl\":\"https:\\\/\\\/secure.gravatar.com\\\/avatar\\\/05c9a17bc973052ee5d91549bd32fb4dd0dc85b7b85ae94b2e2b4943476bbea5?s=96&d=blank&r=g\",\"caption\":\"Leinewelle\"},\"sameAs\":[\"http:\\\/\\\/localhost\\\/radio%20leinewelle\\\/wordpress\",\"https:\\\/\\\/www.facebook.com\\\/radioleinewelle\",\"https:\\\/\\\/www.instagram.com\\\/radioleinewelle\",\"https:\\\/\\\/x.com\\\/https:\\\/\\\/twitter.com\\\/RLeinewelle?ref_src=twsrcgoogletwcampserptwgrauthor\",\"https:\\\/\\\/soundcloud.com\\\/foerderverein-lokalradio?utm_source=clipboard&utm_medium=text&utm_campaign=social_sharing\"],\"url\":\"https:\\\/\\\/radioleinewelle.de\\\/index.php\\\/author\\\/leinewelle\\\/\"}]}<\/script>\n<!-- \/ Yoast SEO plugin. -->","yoast_head_json":{"title":"G\u00f6ttinger Kreative kritisieren Staatsschutz-Einsatz gegen Graffiti - Radio Leinewelle","robots":{"index":"index","follow":"follow","max-snippet":"max-snippet:-1","max-image-preview":"max-image-preview:large","max-video-preview":"max-video-preview:-1"},"canonical":"https:\/\/radioleinewelle.de\/index.php\/2020\/12\/30\/goettinger-kreative-kritisieren-staatsschutz-einsatz-gegen-graffiti\/","og_locale":"de_DE","og_type":"article","og_title":"G\u00f6ttinger Kreative kritisieren Staatsschutz-Einsatz gegen Graffiti - Radio Leinewelle","og_description":"Eine Reihe gro\u00dffl\u00e4chiger und k\u00fcnstlerisch gestalteter Graffiti am Rande der Innenstadt hat vor Weihnachten die Polizei auf den Plan gerufen. Und obwohl die Graffiti \u00fcberwiegend das Leid der Gefl\u00fcchteten und Gewalt gegen Frauen thematisieren, hat das Kommissariat f\u00fcr Staatsschutz die Ermittlungen \u00fcbernommen.&nbsp;Das \u201eStellwerk\u201c, das Netzwerk G\u00f6ttinger Kreativwirtschaft mit derzeit 85 Mitgliedern, hat nun das Vorgehen [&hellip;]","og_url":"https:\/\/radioleinewelle.de\/index.php\/2020\/12\/30\/goettinger-kreative-kritisieren-staatsschutz-einsatz-gegen-graffiti\/","og_site_name":"Radio Leinewelle","article_publisher":"https:\/\/www.facebook.com\/radioleinewelle","article_author":"https:\/\/www.facebook.com\/radioleinewelle","article_published_time":"2020-12-30T04:30:04+00:00","author":"Leinewelle","twitter_card":"summary_large_image","twitter_creator":"@https:\/\/twitter.com\/RLeinewelle?ref_src=twsrcgoogletwcampserptwgrauthor","twitter_site":"@RLeinewelle","twitter_misc":{"Verfasst von":"Leinewelle","Gesch\u00e4tzte Lesezeit":"1\u00a0Minute"},"schema":{"@context":"https:\/\/schema.org","@graph":[{"@type":"Article","@id":"https:\/\/radioleinewelle.de\/index.php\/2020\/12\/30\/goettinger-kreative-kritisieren-staatsschutz-einsatz-gegen-graffiti\/#article","isPartOf":{"@id":"https:\/\/radioleinewelle.de\/index.php\/2020\/12\/30\/goettinger-kreative-kritisieren-staatsschutz-einsatz-gegen-graffiti\/"},"author":{"name":"Leinewelle","@id":"https:\/\/radioleinewelle.de\/#\/schema\/person\/45606f348637df637192dc1b68399a63"},"headline":"G\u00f6ttinger Kreative kritisieren Staatsschutz-Einsatz gegen Graffiti","datePublished":"2020-12-30T04:30:04+00:00","mainEntityOfPage":{"@id":"https:\/\/radioleinewelle.de\/index.php\/2020\/12\/30\/goettinger-kreative-kritisieren-staatsschutz-einsatz-gegen-graffiti\/"},"wordCount":164,"publisher":{"@id":"https:\/\/radioleinewelle.de\/#organization"},"articleSection":["Aktuelle Nachrichten"],"inLanguage":"de"},{"@type":"WebPage","@id":"https:\/\/radioleinewelle.de\/index.php\/2020\/12\/30\/goettinger-kreative-kritisieren-staatsschutz-einsatz-gegen-graffiti\/","url":"https:\/\/radioleinewelle.de\/index.php\/2020\/12\/30\/goettinger-kreative-kritisieren-staatsschutz-einsatz-gegen-graffiti\/","name":"G\u00f6ttinger Kreative kritisieren Staatsschutz-Einsatz gegen Graffiti - Radio Leinewelle","isPartOf":{"@id":"https:\/\/radioleinewelle.de\/#website"},"datePublished":"2020-12-30T04:30:04+00:00","breadcrumb":{"@id":"https:\/\/radioleinewelle.de\/index.php\/2020\/12\/30\/goettinger-kreative-kritisieren-staatsschutz-einsatz-gegen-graffiti\/#breadcrumb"},"inLanguage":"de","potentialAction":[{"@type":"ReadAction","target":["https:\/\/radioleinewelle.de\/index.php\/2020\/12\/30\/goettinger-kreative-kritisieren-staatsschutz-einsatz-gegen-graffiti\/"]}]},{"@type":"BreadcrumbList","@id":"https:\/\/radioleinewelle.de\/index.php\/2020\/12\/30\/goettinger-kreative-kritisieren-staatsschutz-einsatz-gegen-graffiti\/#breadcrumb","itemListElement":[{"@type":"ListItem","position":1,"name":"Startseite","item":"https:\/\/radioleinewelle.de\/"},{"@type":"ListItem","position":2,"name":"G\u00f6ttinger Kreative kritisieren Staatsschutz-Einsatz gegen Graffiti"}]},{"@type":"WebSite","@id":"https:\/\/radioleinewelle.de\/#website","url":"https:\/\/radioleinewelle.de\/","name":"Radio Leinewelle","description":"","publisher":{"@id":"https:\/\/radioleinewelle.de\/#organization"},"potentialAction":[{"@type":"SearchAction","target":{"@type":"EntryPoint","urlTemplate":"https:\/\/radioleinewelle.de\/?s={search_term_string}"},"query-input":{"@type":"PropertyValueSpecification","valueRequired":true,"valueName":"search_term_string"}}],"inLanguage":"de"},{"@type":"Organization","@id":"https:\/\/radioleinewelle.de\/#organization","name":"Radio Leinewelle","alternateName":"Mein Radio f\u00fcr S\u00fcdniedersachsen","url":"https:\/\/radioleinewelle.de\/","logo":{"@type":"ImageObject","inLanguage":"de","@id":"https:\/\/radioleinewelle.de\/#\/schema\/logo\/image\/","url":"https:\/\/radioleinewelle.de\/wp-content\/uploads\/2023\/11\/cropped-Leinewelle_Logo_weiss.png","contentUrl":"https:\/\/radioleinewelle.de\/wp-content\/uploads\/2023\/11\/cropped-Leinewelle_Logo_weiss.png","width":854,"height":260,"caption":"Radio Leinewelle"},"image":{"@id":"https:\/\/radioleinewelle.de\/#\/schema\/logo\/image\/"},"sameAs":["https:\/\/www.facebook.com\/radioleinewelle","https:\/\/x.com\/RLeinewelle","https:\/\/www.instagram.com\/radioleinewelle\/?hl=de"]},{"@type":"Person","@id":"https:\/\/radioleinewelle.de\/#\/schema\/person\/45606f348637df637192dc1b68399a63","name":"Leinewelle","image":{"@type":"ImageObject","inLanguage":"de","@id":"https:\/\/secure.gravatar.com\/avatar\/05c9a17bc973052ee5d91549bd32fb4dd0dc85b7b85ae94b2e2b4943476bbea5?s=96&d=blank&r=g","url":"https:\/\/secure.gravatar.com\/avatar\/05c9a17bc973052ee5d91549bd32fb4dd0dc85b7b85ae94b2e2b4943476bbea5?s=96&d=blank&r=g","contentUrl":"https:\/\/secure.gravatar.com\/avatar\/05c9a17bc973052ee5d91549bd32fb4dd0dc85b7b85ae94b2e2b4943476bbea5?s=96&d=blank&r=g","caption":"Leinewelle"},"sameAs":["http:\/\/localhost\/radio%20leinewelle\/wordpress","https:\/\/www.facebook.com\/radioleinewelle","https:\/\/www.instagram.com\/radioleinewelle","https:\/\/x.com\/https:\/\/twitter.com\/RLeinewelle?ref_src=twsrcgoogletwcampserptwgrauthor","https:\/\/soundcloud.com\/foerderverein-lokalradio?utm_source=clipboard&utm_medium=text&utm_campaign=social_sharing"],"url":"https:\/\/radioleinewelle.de\/index.php\/author\/leinewelle\/"}]}},"_links":{"self":[{"href":"https:\/\/radioleinewelle.de\/index.php\/wp-json\/wp\/v2\/posts\/3811","targetHints":{"allow":["GET"]}}],"collection":[{"href":"https:\/\/radioleinewelle.de\/index.php\/wp-json\/wp\/v2\/posts"}],"about":[{"href":"https:\/\/radioleinewelle.de\/index.php\/wp-json\/wp\/v2\/types\/post"}],"author":[{"embeddable":true,"href":"https:\/\/radioleinewelle.de\/index.php\/wp-json\/wp\/v2\/users\/1"}],"replies":[{"embeddable":true,"href":"https:\/\/radioleinewelle.de\/index.php\/wp-json\/wp\/v2\/comments?post=3811"}],"version-history":[{"count":0,"href":"https:\/\/radioleinewelle.de\/index.php\/wp-json\/wp\/v2\/posts\/3811\/revisions"}],"wp:attachment":[{"href":"https:\/\/radioleinewelle.de\/index.php\/wp-json\/wp\/v2\/media?parent=3811"}],"wp:term":[{"taxonomy":"category","embeddable":true,"href":"https:\/\/radioleinewelle.de\/index.php\/wp-json\/wp\/v2\/categories?post=3811"},{"taxonomy":"post_tag","embeddable":true,"href":"https:\/\/radioleinewelle.de\/index.php\/wp-json\/wp\/v2\/tags?post=3811"}],"curies":[{"name":"wp","href":"https:\/\/api.w.org\/{rel}","templated":true}]}}