{"id":3817,"date":"2020-12-30T05:00:28","date_gmt":"2020-12-30T04:00:28","guid":{"rendered":"https:\/\/radioleinewelle.de\/?p=3817"},"modified":"2020-12-30T05:00:28","modified_gmt":"2020-12-30T04:00:28","slug":"sars-cov-2-mit-natuerlichen-killerzellen-bekaempfen","status":"publish","type":"post","link":"https:\/\/radioleinewelle.de\/index.php\/2020\/12\/30\/sars-cov-2-mit-natuerlichen-killerzellen-bekaempfen\/","title":{"rendered":"SARS-CoV-2 mit Nat\u00fcrlichen Killerzellen bek\u00e4mpfen"},"content":{"rendered":"<p>Lippenherpes, Windpocken, G\u00fcrtelrose \u2013 Dies sind nur drei besonders bekannte Beispiele f\u00fcr Krankheiten, die durch Herpesviren ausgel\u00f6st werden. Die Infektion mit Herpesviren verl\u00e4uft meistens chronisch, das hei\u00dft man wird diese Viren nicht los und tr\u00e4gt sie ein Leben lang in sich. Ein in der \u00d6ffentlichkeit weniger bekanntes Mitglied der Herpesvirusfamilie ist das Zytomegalievirus (CMV), welches bei Menschen mit funktionst\u00fcchtigem Immunsystem in der Regel unauff\u00e4llig ist. Die CMV-Infektion ist weltweit stark verbreitet, je nach Region sind zwischen 30 und 100 Prozent der Bev\u00f6lkerung befallen. Bei einem Drittel der infizierten Personen hinterlassen die CMV-Viren einen \u201eFingerabdruck&#8220; im Immunsystem. Dieser Einfluss zeigt sich insbesondere bei den Nat\u00fcrlichen Killer (NK)-Zellen, die Lymphozyten sind und dem angeborenen Immunsystem angeh\u00f6ren. Die NK-Zellen k\u00f6nnen virus-infizierte Zellen erkennen und gezielt abt\u00f6ten und somit einer bestehenden Infektion entgegenwirken. Der durch die CMV-Viren ausgel\u00f6ste Fingerabdruck im Immunsystem bewirkt, dass sogenannte adaptive, also angepasste NK-Zellen gebildet werden, die langlebig sind und schneller auf ein Wiederaufflammen der im K\u00f6rper schlummernden CMV-Viren reagieren k\u00f6nnen. Diese adaptiven Eigenschaften findet man sonst eher bei den antik\u00f6rperproduzierenden B-Lymphozyten und bei den T-Lymphozyten, wo sie als immunologisches Ged\u00e4chtnis bezeichnet werden.<\/p>\n<p>Lutz Walter, Leiter der Abteilung Primatengenetik am Deutschen Primatenzentrum \u2013 Leibniz-Institut f\u00fcr Primatenforschung, und Markus Uhrberg vom Institut f\u00fcr Transplantationsdiagnostik und Zelltherapeutika der Universit\u00e4t D\u00fcsseldorf, wollen die adaptiven NK-Zellen n\u00e4her untersuchen. Die beiden Forscher m\u00f6chten herausfinden, ob die durch die CMV-Infektion hervorgerufenen adaptiven NK-Zellen eine positive oder negative Rolle im Krankheitsverlauf bei COVID-19 haben. Dazu werden adaptive NK-Zellen aus Blutproben von SARS-CoV-2 Patienten mit mildem beziehungsweise mit schwerem Krankheitsverlauf gewonnen und funktionell untersucht. Parallel dazu werden adaptive NK-Zellen aus Blutproben von Rhesusaffen analysiert. Diese Blutproben stammen von SARS-CoV-2 Infektionsversuchen mit Rhesusaffen im Rahmen anderer Forschungsvorhaben am DPZ. \u201eWir hoffen, dass wir mit unseren Ergebnissen nicht nur mehr \u00fcber adaptive NK-Zellen lernen, sondern auch eine Methode erhalten, mit der man relativ leicht eine Prognose f\u00fcr den Krankheitsverlauf bei COVID-19 in CMV-positiven Patienten erstellen kann\u201c, sagt Lutz Walter. Dieses Tandem-Projekt wird im Rahmen der DFG-Fokusf\u00f6rderung COVID-19 \u201eImmunit\u00e4t, Wirtssuszeptibilit\u00e4t und Pathomechanismen der Infektion mit SARS-CoV-2&#8243; gef\u00f6rdert.<\/p>\n<hr \/>\n<p>Foto:\u00a0Eine Infektion mit Zytomegalie-Viren (CMV) bewirkt bei einem Drittel der befallenen Menschen, dass der K\u00f6rper langlebige, adaptive Nat\u00fcrliche Killerzellen (NK-Zellen) bildet. Wie diese Zellen eine Infektion mit SARS-CoV-2 bek\u00e4mpfen, wird in einem Gemeinschaftsprojekt von Deutschem Primatenzentrum und Universit\u00e4t D\u00fcsseldorf untersucht. Abbildung: Lutz Walter<\/p>\n","protected":false},"excerpt":{"rendered":"<p>Lippenherpes, Windpocken, G\u00fcrtelrose \u2013 Dies sind nur drei besonders bekannte Beispiele f\u00fcr Krankheiten, die durch Herpesviren ausgel\u00f6st werden. Die Infektion mit Herpesviren verl\u00e4uft meistens chronisch, das hei\u00dft man wird diese Viren nicht los und tr\u00e4gt sie ein Leben lang in sich. Ein in der \u00d6ffentlichkeit weniger bekanntes Mitglied der Herpesvirusfamilie ist das Zytomegalievirus (CMV), welches [&hellip;]<\/p>\n","protected":false},"author":1,"featured_media":0,"comment_status":"closed","ping_status":"closed","sticky":false,"template":"","format":"standard","meta":{"saved_in_kubio":false,"footnotes":""},"categories":[23,44],"tags":[],"class_list":["post-3817","post","type-post","status-publish","format-standard","hentry","category-corona","category-wissenschaft"],"yoast_head":"<!-- This site is optimized with the Yoast SEO plugin v27.5 - https:\/\/yoast.com\/product\/yoast-seo-wordpress\/ -->\n<title>SARS-CoV-2 mit Nat\u00fcrlichen Killerzellen bek\u00e4mpfen - Radio Leinewelle<\/title>\n<meta name=\"robots\" content=\"index, follow, max-snippet:-1, max-image-preview:large, max-video-preview:-1\" \/>\n<link rel=\"canonical\" href=\"https:\/\/radioleinewelle.de\/index.php\/2020\/12\/30\/sars-cov-2-mit-natuerlichen-killerzellen-bekaempfen\/\" \/>\n<meta property=\"og:locale\" content=\"de_DE\" \/>\n<meta property=\"og:type\" content=\"article\" \/>\n<meta property=\"og:title\" content=\"SARS-CoV-2 mit Nat\u00fcrlichen Killerzellen bek\u00e4mpfen - Radio Leinewelle\" \/>\n<meta property=\"og:description\" content=\"Lippenherpes, Windpocken, G\u00fcrtelrose \u2013 Dies sind nur drei besonders bekannte Beispiele f\u00fcr Krankheiten, die durch Herpesviren ausgel\u00f6st werden. Die Infektion mit Herpesviren verl\u00e4uft meistens chronisch, das hei\u00dft man wird diese Viren nicht los und tr\u00e4gt sie ein Leben lang in sich. Ein in der \u00d6ffentlichkeit weniger bekanntes Mitglied der Herpesvirusfamilie ist das Zytomegalievirus (CMV), welches [&hellip;]\" \/>\n<meta property=\"og:url\" content=\"https:\/\/radioleinewelle.de\/index.php\/2020\/12\/30\/sars-cov-2-mit-natuerlichen-killerzellen-bekaempfen\/\" \/>\n<meta property=\"og:site_name\" content=\"Radio Leinewelle\" \/>\n<meta property=\"article:publisher\" content=\"https:\/\/www.facebook.com\/radioleinewelle\" \/>\n<meta property=\"article:author\" content=\"https:\/\/www.facebook.com\/radioleinewelle\" \/>\n<meta property=\"article:published_time\" content=\"2020-12-30T04:00:28+00:00\" \/>\n<meta name=\"author\" content=\"Leinewelle\" \/>\n<meta name=\"twitter:card\" content=\"summary_large_image\" \/>\n<meta name=\"twitter:creator\" content=\"@https:\/\/twitter.com\/RLeinewelle?ref_src=twsrcgoogletwcampserptwgrauthor\" \/>\n<meta name=\"twitter:site\" content=\"@RLeinewelle\" \/>\n<meta name=\"twitter:label1\" content=\"Verfasst von\" \/>\n\t<meta name=\"twitter:data1\" content=\"Leinewelle\" \/>\n\t<meta name=\"twitter:label2\" content=\"Gesch\u00e4tzte Lesezeit\" \/>\n\t<meta name=\"twitter:data2\" content=\"2\u00a0Minuten\" \/>\n<script type=\"application\/ld+json\" class=\"yoast-schema-graph\">{\"@context\":\"https:\\\/\\\/schema.org\",\"@graph\":[{\"@type\":\"Article\",\"@id\":\"https:\\\/\\\/radioleinewelle.de\\\/index.php\\\/2020\\\/12\\\/30\\\/sars-cov-2-mit-natuerlichen-killerzellen-bekaempfen\\\/#article\",\"isPartOf\":{\"@id\":\"https:\\\/\\\/radioleinewelle.de\\\/index.php\\\/2020\\\/12\\\/30\\\/sars-cov-2-mit-natuerlichen-killerzellen-bekaempfen\\\/\"},\"author\":{\"name\":\"Leinewelle\",\"@id\":\"https:\\\/\\\/radioleinewelle.de\\\/#\\\/schema\\\/person\\\/45606f348637df637192dc1b68399a63\"},\"headline\":\"SARS-CoV-2 mit Nat\u00fcrlichen Killerzellen bek\u00e4mpfen\",\"datePublished\":\"2020-12-30T04:00:28+00:00\",\"mainEntityOfPage\":{\"@id\":\"https:\\\/\\\/radioleinewelle.de\\\/index.php\\\/2020\\\/12\\\/30\\\/sars-cov-2-mit-natuerlichen-killerzellen-bekaempfen\\\/\"},\"wordCount\":418,\"publisher\":{\"@id\":\"https:\\\/\\\/radioleinewelle.de\\\/#organization\"},\"articleSection\":[\"Corona\",\"Wissenschaft\"],\"inLanguage\":\"de\"},{\"@type\":\"WebPage\",\"@id\":\"https:\\\/\\\/radioleinewelle.de\\\/index.php\\\/2020\\\/12\\\/30\\\/sars-cov-2-mit-natuerlichen-killerzellen-bekaempfen\\\/\",\"url\":\"https:\\\/\\\/radioleinewelle.de\\\/index.php\\\/2020\\\/12\\\/30\\\/sars-cov-2-mit-natuerlichen-killerzellen-bekaempfen\\\/\",\"name\":\"SARS-CoV-2 mit Nat\u00fcrlichen Killerzellen bek\u00e4mpfen - Radio Leinewelle\",\"isPartOf\":{\"@id\":\"https:\\\/\\\/radioleinewelle.de\\\/#website\"},\"datePublished\":\"2020-12-30T04:00:28+00:00\",\"breadcrumb\":{\"@id\":\"https:\\\/\\\/radioleinewelle.de\\\/index.php\\\/2020\\\/12\\\/30\\\/sars-cov-2-mit-natuerlichen-killerzellen-bekaempfen\\\/#breadcrumb\"},\"inLanguage\":\"de\",\"potentialAction\":[{\"@type\":\"ReadAction\",\"target\":[\"https:\\\/\\\/radioleinewelle.de\\\/index.php\\\/2020\\\/12\\\/30\\\/sars-cov-2-mit-natuerlichen-killerzellen-bekaempfen\\\/\"]}]},{\"@type\":\"BreadcrumbList\",\"@id\":\"https:\\\/\\\/radioleinewelle.de\\\/index.php\\\/2020\\\/12\\\/30\\\/sars-cov-2-mit-natuerlichen-killerzellen-bekaempfen\\\/#breadcrumb\",\"itemListElement\":[{\"@type\":\"ListItem\",\"position\":1,\"name\":\"Startseite\",\"item\":\"https:\\\/\\\/radioleinewelle.de\\\/\"},{\"@type\":\"ListItem\",\"position\":2,\"name\":\"SARS-CoV-2 mit Nat\u00fcrlichen Killerzellen bek\u00e4mpfen\"}]},{\"@type\":\"WebSite\",\"@id\":\"https:\\\/\\\/radioleinewelle.de\\\/#website\",\"url\":\"https:\\\/\\\/radioleinewelle.de\\\/\",\"name\":\"Radio Leinewelle\",\"description\":\"\",\"publisher\":{\"@id\":\"https:\\\/\\\/radioleinewelle.de\\\/#organization\"},\"potentialAction\":[{\"@type\":\"SearchAction\",\"target\":{\"@type\":\"EntryPoint\",\"urlTemplate\":\"https:\\\/\\\/radioleinewelle.de\\\/?s={search_term_string}\"},\"query-input\":{\"@type\":\"PropertyValueSpecification\",\"valueRequired\":true,\"valueName\":\"search_term_string\"}}],\"inLanguage\":\"de\"},{\"@type\":\"Organization\",\"@id\":\"https:\\\/\\\/radioleinewelle.de\\\/#organization\",\"name\":\"Radio Leinewelle\",\"alternateName\":\"Mein Radio f\u00fcr S\u00fcdniedersachsen\",\"url\":\"https:\\\/\\\/radioleinewelle.de\\\/\",\"logo\":{\"@type\":\"ImageObject\",\"inLanguage\":\"de\",\"@id\":\"https:\\\/\\\/radioleinewelle.de\\\/#\\\/schema\\\/logo\\\/image\\\/\",\"url\":\"https:\\\/\\\/radioleinewelle.de\\\/wp-content\\\/uploads\\\/2023\\\/11\\\/cropped-Leinewelle_Logo_weiss.png\",\"contentUrl\":\"https:\\\/\\\/radioleinewelle.de\\\/wp-content\\\/uploads\\\/2023\\\/11\\\/cropped-Leinewelle_Logo_weiss.png\",\"width\":854,\"height\":260,\"caption\":\"Radio Leinewelle\"},\"image\":{\"@id\":\"https:\\\/\\\/radioleinewelle.de\\\/#\\\/schema\\\/logo\\\/image\\\/\"},\"sameAs\":[\"https:\\\/\\\/www.facebook.com\\\/radioleinewelle\",\"https:\\\/\\\/x.com\\\/RLeinewelle\",\"https:\\\/\\\/www.instagram.com\\\/radioleinewelle\\\/?hl=de\"]},{\"@type\":\"Person\",\"@id\":\"https:\\\/\\\/radioleinewelle.de\\\/#\\\/schema\\\/person\\\/45606f348637df637192dc1b68399a63\",\"name\":\"Leinewelle\",\"image\":{\"@type\":\"ImageObject\",\"inLanguage\":\"de\",\"@id\":\"https:\\\/\\\/secure.gravatar.com\\\/avatar\\\/05c9a17bc973052ee5d91549bd32fb4dd0dc85b7b85ae94b2e2b4943476bbea5?s=96&d=blank&r=g\",\"url\":\"https:\\\/\\\/secure.gravatar.com\\\/avatar\\\/05c9a17bc973052ee5d91549bd32fb4dd0dc85b7b85ae94b2e2b4943476bbea5?s=96&d=blank&r=g\",\"contentUrl\":\"https:\\\/\\\/secure.gravatar.com\\\/avatar\\\/05c9a17bc973052ee5d91549bd32fb4dd0dc85b7b85ae94b2e2b4943476bbea5?s=96&d=blank&r=g\",\"caption\":\"Leinewelle\"},\"sameAs\":[\"http:\\\/\\\/localhost\\\/radio%20leinewelle\\\/wordpress\",\"https:\\\/\\\/www.facebook.com\\\/radioleinewelle\",\"https:\\\/\\\/www.instagram.com\\\/radioleinewelle\",\"https:\\\/\\\/x.com\\\/https:\\\/\\\/twitter.com\\\/RLeinewelle?ref_src=twsrcgoogletwcampserptwgrauthor\",\"https:\\\/\\\/soundcloud.com\\\/foerderverein-lokalradio?utm_source=clipboard&utm_medium=text&utm_campaign=social_sharing\"],\"url\":\"https:\\\/\\\/radioleinewelle.de\\\/index.php\\\/author\\\/leinewelle\\\/\"}]}<\/script>\n<!-- \/ Yoast SEO plugin. -->","yoast_head_json":{"title":"SARS-CoV-2 mit Nat\u00fcrlichen Killerzellen bek\u00e4mpfen - Radio Leinewelle","robots":{"index":"index","follow":"follow","max-snippet":"max-snippet:-1","max-image-preview":"max-image-preview:large","max-video-preview":"max-video-preview:-1"},"canonical":"https:\/\/radioleinewelle.de\/index.php\/2020\/12\/30\/sars-cov-2-mit-natuerlichen-killerzellen-bekaempfen\/","og_locale":"de_DE","og_type":"article","og_title":"SARS-CoV-2 mit Nat\u00fcrlichen Killerzellen bek\u00e4mpfen - Radio Leinewelle","og_description":"Lippenherpes, Windpocken, G\u00fcrtelrose \u2013 Dies sind nur drei besonders bekannte Beispiele f\u00fcr Krankheiten, die durch Herpesviren ausgel\u00f6st werden. Die Infektion mit Herpesviren verl\u00e4uft meistens chronisch, das hei\u00dft man wird diese Viren nicht los und tr\u00e4gt sie ein Leben lang in sich. Ein in der \u00d6ffentlichkeit weniger bekanntes Mitglied der Herpesvirusfamilie ist das Zytomegalievirus (CMV), welches [&hellip;]","og_url":"https:\/\/radioleinewelle.de\/index.php\/2020\/12\/30\/sars-cov-2-mit-natuerlichen-killerzellen-bekaempfen\/","og_site_name":"Radio Leinewelle","article_publisher":"https:\/\/www.facebook.com\/radioleinewelle","article_author":"https:\/\/www.facebook.com\/radioleinewelle","article_published_time":"2020-12-30T04:00:28+00:00","author":"Leinewelle","twitter_card":"summary_large_image","twitter_creator":"@https:\/\/twitter.com\/RLeinewelle?ref_src=twsrcgoogletwcampserptwgrauthor","twitter_site":"@RLeinewelle","twitter_misc":{"Verfasst von":"Leinewelle","Gesch\u00e4tzte Lesezeit":"2\u00a0Minuten"},"schema":{"@context":"https:\/\/schema.org","@graph":[{"@type":"Article","@id":"https:\/\/radioleinewelle.de\/index.php\/2020\/12\/30\/sars-cov-2-mit-natuerlichen-killerzellen-bekaempfen\/#article","isPartOf":{"@id":"https:\/\/radioleinewelle.de\/index.php\/2020\/12\/30\/sars-cov-2-mit-natuerlichen-killerzellen-bekaempfen\/"},"author":{"name":"Leinewelle","@id":"https:\/\/radioleinewelle.de\/#\/schema\/person\/45606f348637df637192dc1b68399a63"},"headline":"SARS-CoV-2 mit Nat\u00fcrlichen Killerzellen bek\u00e4mpfen","datePublished":"2020-12-30T04:00:28+00:00","mainEntityOfPage":{"@id":"https:\/\/radioleinewelle.de\/index.php\/2020\/12\/30\/sars-cov-2-mit-natuerlichen-killerzellen-bekaempfen\/"},"wordCount":418,"publisher":{"@id":"https:\/\/radioleinewelle.de\/#organization"},"articleSection":["Corona","Wissenschaft"],"inLanguage":"de"},{"@type":"WebPage","@id":"https:\/\/radioleinewelle.de\/index.php\/2020\/12\/30\/sars-cov-2-mit-natuerlichen-killerzellen-bekaempfen\/","url":"https:\/\/radioleinewelle.de\/index.php\/2020\/12\/30\/sars-cov-2-mit-natuerlichen-killerzellen-bekaempfen\/","name":"SARS-CoV-2 mit Nat\u00fcrlichen Killerzellen bek\u00e4mpfen - Radio Leinewelle","isPartOf":{"@id":"https:\/\/radioleinewelle.de\/#website"},"datePublished":"2020-12-30T04:00:28+00:00","breadcrumb":{"@id":"https:\/\/radioleinewelle.de\/index.php\/2020\/12\/30\/sars-cov-2-mit-natuerlichen-killerzellen-bekaempfen\/#breadcrumb"},"inLanguage":"de","potentialAction":[{"@type":"ReadAction","target":["https:\/\/radioleinewelle.de\/index.php\/2020\/12\/30\/sars-cov-2-mit-natuerlichen-killerzellen-bekaempfen\/"]}]},{"@type":"BreadcrumbList","@id":"https:\/\/radioleinewelle.de\/index.php\/2020\/12\/30\/sars-cov-2-mit-natuerlichen-killerzellen-bekaempfen\/#breadcrumb","itemListElement":[{"@type":"ListItem","position":1,"name":"Startseite","item":"https:\/\/radioleinewelle.de\/"},{"@type":"ListItem","position":2,"name":"SARS-CoV-2 mit Nat\u00fcrlichen Killerzellen bek\u00e4mpfen"}]},{"@type":"WebSite","@id":"https:\/\/radioleinewelle.de\/#website","url":"https:\/\/radioleinewelle.de\/","name":"Radio Leinewelle","description":"","publisher":{"@id":"https:\/\/radioleinewelle.de\/#organization"},"potentialAction":[{"@type":"SearchAction","target":{"@type":"EntryPoint","urlTemplate":"https:\/\/radioleinewelle.de\/?s={search_term_string}"},"query-input":{"@type":"PropertyValueSpecification","valueRequired":true,"valueName":"search_term_string"}}],"inLanguage":"de"},{"@type":"Organization","@id":"https:\/\/radioleinewelle.de\/#organization","name":"Radio Leinewelle","alternateName":"Mein Radio f\u00fcr S\u00fcdniedersachsen","url":"https:\/\/radioleinewelle.de\/","logo":{"@type":"ImageObject","inLanguage":"de","@id":"https:\/\/radioleinewelle.de\/#\/schema\/logo\/image\/","url":"https:\/\/radioleinewelle.de\/wp-content\/uploads\/2023\/11\/cropped-Leinewelle_Logo_weiss.png","contentUrl":"https:\/\/radioleinewelle.de\/wp-content\/uploads\/2023\/11\/cropped-Leinewelle_Logo_weiss.png","width":854,"height":260,"caption":"Radio Leinewelle"},"image":{"@id":"https:\/\/radioleinewelle.de\/#\/schema\/logo\/image\/"},"sameAs":["https:\/\/www.facebook.com\/radioleinewelle","https:\/\/x.com\/RLeinewelle","https:\/\/www.instagram.com\/radioleinewelle\/?hl=de"]},{"@type":"Person","@id":"https:\/\/radioleinewelle.de\/#\/schema\/person\/45606f348637df637192dc1b68399a63","name":"Leinewelle","image":{"@type":"ImageObject","inLanguage":"de","@id":"https:\/\/secure.gravatar.com\/avatar\/05c9a17bc973052ee5d91549bd32fb4dd0dc85b7b85ae94b2e2b4943476bbea5?s=96&d=blank&r=g","url":"https:\/\/secure.gravatar.com\/avatar\/05c9a17bc973052ee5d91549bd32fb4dd0dc85b7b85ae94b2e2b4943476bbea5?s=96&d=blank&r=g","contentUrl":"https:\/\/secure.gravatar.com\/avatar\/05c9a17bc973052ee5d91549bd32fb4dd0dc85b7b85ae94b2e2b4943476bbea5?s=96&d=blank&r=g","caption":"Leinewelle"},"sameAs":["http:\/\/localhost\/radio%20leinewelle\/wordpress","https:\/\/www.facebook.com\/radioleinewelle","https:\/\/www.instagram.com\/radioleinewelle","https:\/\/x.com\/https:\/\/twitter.com\/RLeinewelle?ref_src=twsrcgoogletwcampserptwgrauthor","https:\/\/soundcloud.com\/foerderverein-lokalradio?utm_source=clipboard&utm_medium=text&utm_campaign=social_sharing"],"url":"https:\/\/radioleinewelle.de\/index.php\/author\/leinewelle\/"}]}},"_links":{"self":[{"href":"https:\/\/radioleinewelle.de\/index.php\/wp-json\/wp\/v2\/posts\/3817","targetHints":{"allow":["GET"]}}],"collection":[{"href":"https:\/\/radioleinewelle.de\/index.php\/wp-json\/wp\/v2\/posts"}],"about":[{"href":"https:\/\/radioleinewelle.de\/index.php\/wp-json\/wp\/v2\/types\/post"}],"author":[{"embeddable":true,"href":"https:\/\/radioleinewelle.de\/index.php\/wp-json\/wp\/v2\/users\/1"}],"replies":[{"embeddable":true,"href":"https:\/\/radioleinewelle.de\/index.php\/wp-json\/wp\/v2\/comments?post=3817"}],"version-history":[{"count":0,"href":"https:\/\/radioleinewelle.de\/index.php\/wp-json\/wp\/v2\/posts\/3817\/revisions"}],"wp:attachment":[{"href":"https:\/\/radioleinewelle.de\/index.php\/wp-json\/wp\/v2\/media?parent=3817"}],"wp:term":[{"taxonomy":"category","embeddable":true,"href":"https:\/\/radioleinewelle.de\/index.php\/wp-json\/wp\/v2\/categories?post=3817"},{"taxonomy":"post_tag","embeddable":true,"href":"https:\/\/radioleinewelle.de\/index.php\/wp-json\/wp\/v2\/tags?post=3817"}],"curies":[{"name":"wp","href":"https:\/\/api.w.org\/{rel}","templated":true}]}}