{"id":3865,"date":"2021-01-03T05:20:50","date_gmt":"2021-01-03T04:20:50","guid":{"rendered":"https:\/\/radioleinewelle.de\/?p=3865"},"modified":"2021-01-03T05:20:50","modified_gmt":"2021-01-03T04:20:50","slug":"neujahrsspaziergang-2021-muss-klimapolitisch-die-wende-bringen","status":"publish","type":"post","link":"https:\/\/radioleinewelle.de\/index.php\/2021\/01\/03\/neujahrsspaziergang-2021-muss-klimapolitisch-die-wende-bringen\/","title":{"rendered":"Neujahrsspaziergang: 2021 muss klimapolitisch die Wende bringen"},"content":{"rendered":"<p>Wegen der Coronapandemie wird es in diesem Jahr keine Neujahrsempf\u00e4nge geben. Deswegen ver\u00f6ffentlichen wir an dieser Stelle Gru\u00dfworte und Stellungnahmen von Pers\u00f6nlichkeiten aus dem Raum S\u00fcdniedersachsen zum neuen Jahr. Den Auftakt macht&nbsp;Doreen Fragel als parteilose Kandidatin der Gr\u00fcnen f\u00fcr die Oberb\u00fcrgermeisterwahl in G\u00f6ttingen.<\/p>\n<p>Auch wenn Corona beinahe alles auf den Kopf gestellt hat, so hat sich doch vieles nicht ge\u00e4ndert. Der Klimawandel und die Anpassung an die Folgen der globalen Erw\u00e4rmung sind und bleiben auch 2021 die entscheidenden Herausforderungen f\u00fcr unsere Gegenwart und unsere Zukunft. Das zeigt ein Blick auf die vorl\u00e4ufige Auswertung der Wetterdaten aus dem vergangenen Jahr: Es war zu trocken und zu hei\u00df in Deutschland, sagt der Deutsche Wetterdienst (DWD). Die Durchschnittstemperatur lag bei 10,4 Grad. Damit war 2021 das zweitw\u00e4rmste Jahr seit Beginn der Wetteraufzeichnungen \u2013 nur 2018 war es im Durchschnitt noch 0,1 Grad w\u00e4rmer. \u201eAlarmierend\u201c nennt das der DWD. Zu Recht!<\/p>\n<p>Am augenf\u00e4lligsten sind die Folgen in den fr\u00fcher dichten Fichtenw\u00e4ldern der Region, wo die durch Hitze und Trockenheit massiv geschw\u00e4chten Nadelb\u00e4ume keinen Widerstand mehr gegen den Borkenk\u00e4fer leisten k\u00f6nnen und abgestorben sind. Das zeigt mir, dass wir auch bei uns in G\u00f6ttingen alles und schneller tun m\u00fcssen, um unseren Beitrag gegen den Klimawandel zu leisten und uns an die Folgen anzupassen.<\/p>\n<p>Das neue Jahr muss klimapolitisch ein Neuanfang sein! Ich werde mich daf\u00fcr stark machen, dass wir in G\u00f6ttingen sp\u00e4testens 2035 klimaneutral sind. Auf allen Ebenen m\u00fcssen wir enorme Anstrengungen unternehmen, um CO2 einzusparen und um CO2 zu ersetzen: Daher werde ich mich f\u00fcr bezahlbaren und&nbsp; gleichzeitig nachhaltigen Wohnungsbau einsetzen. Ein emissionsarmes Verkehrskonzept, dass ich im Dialog mit Handel, Wirtschaft und B\u00fcrger*innen entwickeln werde, geh\u00f6rt auch dazu. In Gewerbegebieten werde ich mich daf\u00fcr einsetzen, sie \u00f6kologischer und nachhaltiger zu gestalten. Weiterer wichtiger Baustein ist die Nutzung von erneuerbaren Energien \u2013 insbesondere Solarenergie \u2013 in unserer Stadt. Den Bau dieser Anlagen werde ich vorantreiben. Entscheidend bei all unseren notwendigen Klimaschutzprojekten ist der Dialog mit und unter B\u00fcrger*innen &#8211; so werde ich zum Beispiel die G\u00f6ttinger*innen an der Entwicklung ihrer Quartiere einflussreich beteiligen.<\/p>\n<p>Wir haben keine Zeit mehr! Die Erderw\u00e4rmung schreitet nachweislich voran \u2013 wir m\u00fcssen mutig vorangehen, um unsere Stadt \u00f6kologisch, nachhaltig und sozial zu gestalten! Wenn uns die Corona-Pandemie eins gezeigt hat, dann, dass Politik und Verwaltung nicht nur entschlossen und schnell handeln, sondern auch dass sie ihre Entscheidungen auf den Rat und die Expertise von Wissenschaftler*innen hin treffen k\u00f6nnen. Auch Klimaschutz braucht diese Entschlossenheit! Ich bringe diese mit.<\/p>\n<p><strong>Falls sie noch einen guten Vorsatz f\u00fcrs neue Jahr brauchen: einfach mal h\u00e4ufiger mit dem Bus nach und durch G\u00f6ttingen fahren. Mit der \u201cFAIRTIQ\u201d-App der G\u00f6VB auf dem Smartphone geht das unkompliziert und g\u00fcnstig.<\/strong><\/p>\n<p><strong>Zur Person:<br \/>\n<\/strong>Die Mitglieder des Stadtverbands G\u00f6ttingen von B\u00fcndnis90 \/ Die Gr\u00fcnen haben Doreen Fragel als parteilose Kandidatin f\u00fcr die Oberb\u00fcrgermeisterwahl am 12. September 2021 aufgestellt. Die Volljuristin leitet seit 2010 die Energieagentur Region G\u00f6ttingen als Gesch\u00e4ftsf\u00fchrerin und setzt Klimaschutz mit sozialen Projekten und B\u00fcrgerbeteiligung um.<\/p>\n<p>Foto: Gr\u00fcne G\u00f6ttingen<\/p>\n<p>&nbsp;<\/p>\n<p>&nbsp;<\/p>\n","protected":false},"excerpt":{"rendered":"<p>Wegen der Coronapandemie wird es in diesem Jahr keine Neujahrsempf\u00e4nge geben. Deswegen ver\u00f6ffentlichen wir an dieser Stelle Gru\u00dfworte und Stellungnahmen von Pers\u00f6nlichkeiten aus dem Raum S\u00fcdniedersachsen zum neuen Jahr. Den Auftakt macht&nbsp;Doreen Fragel als parteilose Kandidatin der Gr\u00fcnen f\u00fcr die Oberb\u00fcrgermeisterwahl in G\u00f6ttingen. Auch wenn Corona beinahe alles auf den Kopf gestellt hat, so hat [&hellip;]<\/p>\n","protected":false},"author":1,"featured_media":0,"comment_status":"closed","ping_status":"closed","sticky":false,"template":"","format":"standard","meta":{"saved_in_kubio":false,"footnotes":""},"categories":[24],"tags":[],"class_list":["post-3865","post","type-post","status-publish","format-standard","hentry","category-news"],"yoast_head":"<!-- This site is optimized with the Yoast SEO plugin v27.5 - https:\/\/yoast.com\/product\/yoast-seo-wordpress\/ -->\n<title>Neujahrsspaziergang: 2021 muss klimapolitisch die Wende bringen - Radio Leinewelle<\/title>\n<meta name=\"robots\" content=\"index, follow, max-snippet:-1, max-image-preview:large, max-video-preview:-1\" \/>\n<link rel=\"canonical\" href=\"https:\/\/radioleinewelle.de\/index.php\/2021\/01\/03\/neujahrsspaziergang-2021-muss-klimapolitisch-die-wende-bringen\/\" \/>\n<meta property=\"og:locale\" content=\"de_DE\" \/>\n<meta property=\"og:type\" content=\"article\" \/>\n<meta property=\"og:title\" content=\"Neujahrsspaziergang: 2021 muss klimapolitisch die Wende bringen - Radio Leinewelle\" \/>\n<meta property=\"og:description\" content=\"Wegen der Coronapandemie wird es in diesem Jahr keine Neujahrsempf\u00e4nge geben. Deswegen ver\u00f6ffentlichen wir an dieser Stelle Gru\u00dfworte und Stellungnahmen von Pers\u00f6nlichkeiten aus dem Raum S\u00fcdniedersachsen zum neuen Jahr. Den Auftakt macht&nbsp;Doreen Fragel als parteilose Kandidatin der Gr\u00fcnen f\u00fcr die Oberb\u00fcrgermeisterwahl in G\u00f6ttingen. Auch wenn Corona beinahe alles auf den Kopf gestellt hat, so hat [&hellip;]\" \/>\n<meta property=\"og:url\" content=\"https:\/\/radioleinewelle.de\/index.php\/2021\/01\/03\/neujahrsspaziergang-2021-muss-klimapolitisch-die-wende-bringen\/\" \/>\n<meta property=\"og:site_name\" content=\"Radio Leinewelle\" \/>\n<meta property=\"article:publisher\" content=\"https:\/\/www.facebook.com\/radioleinewelle\" \/>\n<meta property=\"article:author\" content=\"https:\/\/www.facebook.com\/radioleinewelle\" \/>\n<meta property=\"article:published_time\" content=\"2021-01-03T04:20:50+00:00\" \/>\n<meta name=\"author\" content=\"Leinewelle\" \/>\n<meta name=\"twitter:card\" content=\"summary_large_image\" \/>\n<meta name=\"twitter:creator\" content=\"@https:\/\/twitter.com\/RLeinewelle?ref_src=twsrcgoogletwcampserptwgrauthor\" \/>\n<meta name=\"twitter:site\" content=\"@RLeinewelle\" \/>\n<meta name=\"twitter:label1\" content=\"Verfasst von\" \/>\n\t<meta name=\"twitter:data1\" content=\"Leinewelle\" \/>\n\t<meta name=\"twitter:label2\" content=\"Gesch\u00e4tzte Lesezeit\" \/>\n\t<meta name=\"twitter:data2\" content=\"3\u00a0Minuten\" \/>\n<script type=\"application\/ld+json\" class=\"yoast-schema-graph\">{\"@context\":\"https:\\\/\\\/schema.org\",\"@graph\":[{\"@type\":\"Article\",\"@id\":\"https:\\\/\\\/radioleinewelle.de\\\/index.php\\\/2021\\\/01\\\/03\\\/neujahrsspaziergang-2021-muss-klimapolitisch-die-wende-bringen\\\/#article\",\"isPartOf\":{\"@id\":\"https:\\\/\\\/radioleinewelle.de\\\/index.php\\\/2021\\\/01\\\/03\\\/neujahrsspaziergang-2021-muss-klimapolitisch-die-wende-bringen\\\/\"},\"author\":{\"name\":\"Leinewelle\",\"@id\":\"https:\\\/\\\/radioleinewelle.de\\\/#\\\/schema\\\/person\\\/45606f348637df637192dc1b68399a63\"},\"headline\":\"Neujahrsspaziergang: 2021 muss klimapolitisch die Wende bringen\",\"datePublished\":\"2021-01-03T04:20:50+00:00\",\"mainEntityOfPage\":{\"@id\":\"https:\\\/\\\/radioleinewelle.de\\\/index.php\\\/2021\\\/01\\\/03\\\/neujahrsspaziergang-2021-muss-klimapolitisch-die-wende-bringen\\\/\"},\"wordCount\":544,\"publisher\":{\"@id\":\"https:\\\/\\\/radioleinewelle.de\\\/#organization\"},\"articleSection\":[\"Aktuelle Nachrichten\"],\"inLanguage\":\"de\"},{\"@type\":\"WebPage\",\"@id\":\"https:\\\/\\\/radioleinewelle.de\\\/index.php\\\/2021\\\/01\\\/03\\\/neujahrsspaziergang-2021-muss-klimapolitisch-die-wende-bringen\\\/\",\"url\":\"https:\\\/\\\/radioleinewelle.de\\\/index.php\\\/2021\\\/01\\\/03\\\/neujahrsspaziergang-2021-muss-klimapolitisch-die-wende-bringen\\\/\",\"name\":\"Neujahrsspaziergang: 2021 muss klimapolitisch die Wende bringen - Radio Leinewelle\",\"isPartOf\":{\"@id\":\"https:\\\/\\\/radioleinewelle.de\\\/#website\"},\"datePublished\":\"2021-01-03T04:20:50+00:00\",\"breadcrumb\":{\"@id\":\"https:\\\/\\\/radioleinewelle.de\\\/index.php\\\/2021\\\/01\\\/03\\\/neujahrsspaziergang-2021-muss-klimapolitisch-die-wende-bringen\\\/#breadcrumb\"},\"inLanguage\":\"de\",\"potentialAction\":[{\"@type\":\"ReadAction\",\"target\":[\"https:\\\/\\\/radioleinewelle.de\\\/index.php\\\/2021\\\/01\\\/03\\\/neujahrsspaziergang-2021-muss-klimapolitisch-die-wende-bringen\\\/\"]}]},{\"@type\":\"BreadcrumbList\",\"@id\":\"https:\\\/\\\/radioleinewelle.de\\\/index.php\\\/2021\\\/01\\\/03\\\/neujahrsspaziergang-2021-muss-klimapolitisch-die-wende-bringen\\\/#breadcrumb\",\"itemListElement\":[{\"@type\":\"ListItem\",\"position\":1,\"name\":\"Startseite\",\"item\":\"https:\\\/\\\/radioleinewelle.de\\\/\"},{\"@type\":\"ListItem\",\"position\":2,\"name\":\"Neujahrsspaziergang: 2021 muss klimapolitisch die Wende bringen\"}]},{\"@type\":\"WebSite\",\"@id\":\"https:\\\/\\\/radioleinewelle.de\\\/#website\",\"url\":\"https:\\\/\\\/radioleinewelle.de\\\/\",\"name\":\"Radio Leinewelle\",\"description\":\"\",\"publisher\":{\"@id\":\"https:\\\/\\\/radioleinewelle.de\\\/#organization\"},\"potentialAction\":[{\"@type\":\"SearchAction\",\"target\":{\"@type\":\"EntryPoint\",\"urlTemplate\":\"https:\\\/\\\/radioleinewelle.de\\\/?s={search_term_string}\"},\"query-input\":{\"@type\":\"PropertyValueSpecification\",\"valueRequired\":true,\"valueName\":\"search_term_string\"}}],\"inLanguage\":\"de\"},{\"@type\":\"Organization\",\"@id\":\"https:\\\/\\\/radioleinewelle.de\\\/#organization\",\"name\":\"Radio Leinewelle\",\"alternateName\":\"Mein Radio f\u00fcr S\u00fcdniedersachsen\",\"url\":\"https:\\\/\\\/radioleinewelle.de\\\/\",\"logo\":{\"@type\":\"ImageObject\",\"inLanguage\":\"de\",\"@id\":\"https:\\\/\\\/radioleinewelle.de\\\/#\\\/schema\\\/logo\\\/image\\\/\",\"url\":\"https:\\\/\\\/radioleinewelle.de\\\/wp-content\\\/uploads\\\/2023\\\/11\\\/cropped-Leinewelle_Logo_weiss.png\",\"contentUrl\":\"https:\\\/\\\/radioleinewelle.de\\\/wp-content\\\/uploads\\\/2023\\\/11\\\/cropped-Leinewelle_Logo_weiss.png\",\"width\":854,\"height\":260,\"caption\":\"Radio Leinewelle\"},\"image\":{\"@id\":\"https:\\\/\\\/radioleinewelle.de\\\/#\\\/schema\\\/logo\\\/image\\\/\"},\"sameAs\":[\"https:\\\/\\\/www.facebook.com\\\/radioleinewelle\",\"https:\\\/\\\/x.com\\\/RLeinewelle\",\"https:\\\/\\\/www.instagram.com\\\/radioleinewelle\\\/?hl=de\"]},{\"@type\":\"Person\",\"@id\":\"https:\\\/\\\/radioleinewelle.de\\\/#\\\/schema\\\/person\\\/45606f348637df637192dc1b68399a63\",\"name\":\"Leinewelle\",\"image\":{\"@type\":\"ImageObject\",\"inLanguage\":\"de\",\"@id\":\"https:\\\/\\\/secure.gravatar.com\\\/avatar\\\/05c9a17bc973052ee5d91549bd32fb4dd0dc85b7b85ae94b2e2b4943476bbea5?s=96&d=blank&r=g\",\"url\":\"https:\\\/\\\/secure.gravatar.com\\\/avatar\\\/05c9a17bc973052ee5d91549bd32fb4dd0dc85b7b85ae94b2e2b4943476bbea5?s=96&d=blank&r=g\",\"contentUrl\":\"https:\\\/\\\/secure.gravatar.com\\\/avatar\\\/05c9a17bc973052ee5d91549bd32fb4dd0dc85b7b85ae94b2e2b4943476bbea5?s=96&d=blank&r=g\",\"caption\":\"Leinewelle\"},\"sameAs\":[\"http:\\\/\\\/localhost\\\/radio%20leinewelle\\\/wordpress\",\"https:\\\/\\\/www.facebook.com\\\/radioleinewelle\",\"https:\\\/\\\/www.instagram.com\\\/radioleinewelle\",\"https:\\\/\\\/x.com\\\/https:\\\/\\\/twitter.com\\\/RLeinewelle?ref_src=twsrcgoogletwcampserptwgrauthor\",\"https:\\\/\\\/soundcloud.com\\\/foerderverein-lokalradio?utm_source=clipboard&utm_medium=text&utm_campaign=social_sharing\"],\"url\":\"https:\\\/\\\/radioleinewelle.de\\\/index.php\\\/author\\\/leinewelle\\\/\"}]}<\/script>\n<!-- \/ Yoast SEO plugin. -->","yoast_head_json":{"title":"Neujahrsspaziergang: 2021 muss klimapolitisch die Wende bringen - Radio Leinewelle","robots":{"index":"index","follow":"follow","max-snippet":"max-snippet:-1","max-image-preview":"max-image-preview:large","max-video-preview":"max-video-preview:-1"},"canonical":"https:\/\/radioleinewelle.de\/index.php\/2021\/01\/03\/neujahrsspaziergang-2021-muss-klimapolitisch-die-wende-bringen\/","og_locale":"de_DE","og_type":"article","og_title":"Neujahrsspaziergang: 2021 muss klimapolitisch die Wende bringen - Radio Leinewelle","og_description":"Wegen der Coronapandemie wird es in diesem Jahr keine Neujahrsempf\u00e4nge geben. Deswegen ver\u00f6ffentlichen wir an dieser Stelle Gru\u00dfworte und Stellungnahmen von Pers\u00f6nlichkeiten aus dem Raum S\u00fcdniedersachsen zum neuen Jahr. Den Auftakt macht&nbsp;Doreen Fragel als parteilose Kandidatin der Gr\u00fcnen f\u00fcr die Oberb\u00fcrgermeisterwahl in G\u00f6ttingen. Auch wenn Corona beinahe alles auf den Kopf gestellt hat, so hat [&hellip;]","og_url":"https:\/\/radioleinewelle.de\/index.php\/2021\/01\/03\/neujahrsspaziergang-2021-muss-klimapolitisch-die-wende-bringen\/","og_site_name":"Radio Leinewelle","article_publisher":"https:\/\/www.facebook.com\/radioleinewelle","article_author":"https:\/\/www.facebook.com\/radioleinewelle","article_published_time":"2021-01-03T04:20:50+00:00","author":"Leinewelle","twitter_card":"summary_large_image","twitter_creator":"@https:\/\/twitter.com\/RLeinewelle?ref_src=twsrcgoogletwcampserptwgrauthor","twitter_site":"@RLeinewelle","twitter_misc":{"Verfasst von":"Leinewelle","Gesch\u00e4tzte Lesezeit":"3\u00a0Minuten"},"schema":{"@context":"https:\/\/schema.org","@graph":[{"@type":"Article","@id":"https:\/\/radioleinewelle.de\/index.php\/2021\/01\/03\/neujahrsspaziergang-2021-muss-klimapolitisch-die-wende-bringen\/#article","isPartOf":{"@id":"https:\/\/radioleinewelle.de\/index.php\/2021\/01\/03\/neujahrsspaziergang-2021-muss-klimapolitisch-die-wende-bringen\/"},"author":{"name":"Leinewelle","@id":"https:\/\/radioleinewelle.de\/#\/schema\/person\/45606f348637df637192dc1b68399a63"},"headline":"Neujahrsspaziergang: 2021 muss klimapolitisch die Wende bringen","datePublished":"2021-01-03T04:20:50+00:00","mainEntityOfPage":{"@id":"https:\/\/radioleinewelle.de\/index.php\/2021\/01\/03\/neujahrsspaziergang-2021-muss-klimapolitisch-die-wende-bringen\/"},"wordCount":544,"publisher":{"@id":"https:\/\/radioleinewelle.de\/#organization"},"articleSection":["Aktuelle Nachrichten"],"inLanguage":"de"},{"@type":"WebPage","@id":"https:\/\/radioleinewelle.de\/index.php\/2021\/01\/03\/neujahrsspaziergang-2021-muss-klimapolitisch-die-wende-bringen\/","url":"https:\/\/radioleinewelle.de\/index.php\/2021\/01\/03\/neujahrsspaziergang-2021-muss-klimapolitisch-die-wende-bringen\/","name":"Neujahrsspaziergang: 2021 muss klimapolitisch die Wende bringen - Radio Leinewelle","isPartOf":{"@id":"https:\/\/radioleinewelle.de\/#website"},"datePublished":"2021-01-03T04:20:50+00:00","breadcrumb":{"@id":"https:\/\/radioleinewelle.de\/index.php\/2021\/01\/03\/neujahrsspaziergang-2021-muss-klimapolitisch-die-wende-bringen\/#breadcrumb"},"inLanguage":"de","potentialAction":[{"@type":"ReadAction","target":["https:\/\/radioleinewelle.de\/index.php\/2021\/01\/03\/neujahrsspaziergang-2021-muss-klimapolitisch-die-wende-bringen\/"]}]},{"@type":"BreadcrumbList","@id":"https:\/\/radioleinewelle.de\/index.php\/2021\/01\/03\/neujahrsspaziergang-2021-muss-klimapolitisch-die-wende-bringen\/#breadcrumb","itemListElement":[{"@type":"ListItem","position":1,"name":"Startseite","item":"https:\/\/radioleinewelle.de\/"},{"@type":"ListItem","position":2,"name":"Neujahrsspaziergang: 2021 muss klimapolitisch die Wende bringen"}]},{"@type":"WebSite","@id":"https:\/\/radioleinewelle.de\/#website","url":"https:\/\/radioleinewelle.de\/","name":"Radio Leinewelle","description":"","publisher":{"@id":"https:\/\/radioleinewelle.de\/#organization"},"potentialAction":[{"@type":"SearchAction","target":{"@type":"EntryPoint","urlTemplate":"https:\/\/radioleinewelle.de\/?s={search_term_string}"},"query-input":{"@type":"PropertyValueSpecification","valueRequired":true,"valueName":"search_term_string"}}],"inLanguage":"de"},{"@type":"Organization","@id":"https:\/\/radioleinewelle.de\/#organization","name":"Radio Leinewelle","alternateName":"Mein Radio f\u00fcr S\u00fcdniedersachsen","url":"https:\/\/radioleinewelle.de\/","logo":{"@type":"ImageObject","inLanguage":"de","@id":"https:\/\/radioleinewelle.de\/#\/schema\/logo\/image\/","url":"https:\/\/radioleinewelle.de\/wp-content\/uploads\/2023\/11\/cropped-Leinewelle_Logo_weiss.png","contentUrl":"https:\/\/radioleinewelle.de\/wp-content\/uploads\/2023\/11\/cropped-Leinewelle_Logo_weiss.png","width":854,"height":260,"caption":"Radio Leinewelle"},"image":{"@id":"https:\/\/radioleinewelle.de\/#\/schema\/logo\/image\/"},"sameAs":["https:\/\/www.facebook.com\/radioleinewelle","https:\/\/x.com\/RLeinewelle","https:\/\/www.instagram.com\/radioleinewelle\/?hl=de"]},{"@type":"Person","@id":"https:\/\/radioleinewelle.de\/#\/schema\/person\/45606f348637df637192dc1b68399a63","name":"Leinewelle","image":{"@type":"ImageObject","inLanguage":"de","@id":"https:\/\/secure.gravatar.com\/avatar\/05c9a17bc973052ee5d91549bd32fb4dd0dc85b7b85ae94b2e2b4943476bbea5?s=96&d=blank&r=g","url":"https:\/\/secure.gravatar.com\/avatar\/05c9a17bc973052ee5d91549bd32fb4dd0dc85b7b85ae94b2e2b4943476bbea5?s=96&d=blank&r=g","contentUrl":"https:\/\/secure.gravatar.com\/avatar\/05c9a17bc973052ee5d91549bd32fb4dd0dc85b7b85ae94b2e2b4943476bbea5?s=96&d=blank&r=g","caption":"Leinewelle"},"sameAs":["http:\/\/localhost\/radio%20leinewelle\/wordpress","https:\/\/www.facebook.com\/radioleinewelle","https:\/\/www.instagram.com\/radioleinewelle","https:\/\/x.com\/https:\/\/twitter.com\/RLeinewelle?ref_src=twsrcgoogletwcampserptwgrauthor","https:\/\/soundcloud.com\/foerderverein-lokalradio?utm_source=clipboard&utm_medium=text&utm_campaign=social_sharing"],"url":"https:\/\/radioleinewelle.de\/index.php\/author\/leinewelle\/"}]}},"_links":{"self":[{"href":"https:\/\/radioleinewelle.de\/index.php\/wp-json\/wp\/v2\/posts\/3865","targetHints":{"allow":["GET"]}}],"collection":[{"href":"https:\/\/radioleinewelle.de\/index.php\/wp-json\/wp\/v2\/posts"}],"about":[{"href":"https:\/\/radioleinewelle.de\/index.php\/wp-json\/wp\/v2\/types\/post"}],"author":[{"embeddable":true,"href":"https:\/\/radioleinewelle.de\/index.php\/wp-json\/wp\/v2\/users\/1"}],"replies":[{"embeddable":true,"href":"https:\/\/radioleinewelle.de\/index.php\/wp-json\/wp\/v2\/comments?post=3865"}],"version-history":[{"count":0,"href":"https:\/\/radioleinewelle.de\/index.php\/wp-json\/wp\/v2\/posts\/3865\/revisions"}],"wp:attachment":[{"href":"https:\/\/radioleinewelle.de\/index.php\/wp-json\/wp\/v2\/media?parent=3865"}],"wp:term":[{"taxonomy":"category","embeddable":true,"href":"https:\/\/radioleinewelle.de\/index.php\/wp-json\/wp\/v2\/categories?post=3865"},{"taxonomy":"post_tag","embeddable":true,"href":"https:\/\/radioleinewelle.de\/index.php\/wp-json\/wp\/v2\/tags?post=3865"}],"curies":[{"name":"wp","href":"https:\/\/api.w.org\/{rel}","templated":true}]}}