{"id":3877,"date":"2021-01-04T05:11:56","date_gmt":"2021-01-04T04:11:56","guid":{"rendered":"https:\/\/radioleinewelle.de\/?p=3877"},"modified":"2021-01-04T05:11:56","modified_gmt":"2021-01-04T04:11:56","slug":"lehrerverband-und-deutsche-kinderaerzte-fordern-eine-verbesserung-der-sicherheit-und-betreuungskonzepte-an-den-schulen","status":"publish","type":"post","link":"https:\/\/radioleinewelle.de\/index.php\/2021\/01\/04\/lehrerverband-und-deutsche-kinderaerzte-fordern-eine-verbesserung-der-sicherheit-und-betreuungskonzepte-an-den-schulen\/","title":{"rendered":"Lehrerverband und deutsche Kinder\u00e4rzte fordern eine Verbesserung der Sicherheit- und Betreuungskonzepte an den Schulen"},"content":{"rendered":"<p>Im Hinblick auf das Treffen der Ministerpr\u00e4sidentinnen und -pr\u00e4sidenten mit der Bundeskanzlerin am 5. Januar 2021 appellieren die Deutsche Akademie f\u00fcr Kinder- und Jugendmedizin (DAKJ) und der Deutsche Lehrerverband (DL) gemeinsam an die Politik, alles daf\u00fcr zu tun, damit Unterricht im neuen Jahr wieder unter verantwortbaren Bedingungen stattfinden kann, obwohl die SARS-CoV-2 Pandemie zun\u00e4chst fortbestehen wird.&nbsp;Den Vorschlag, die Weihnachtsferien bis Ende Januar zu verl\u00e4ngern und daf\u00fcr die Sommerferien zu verk\u00fcrzen, lehnen beide Dachverb\u00e4nde ab.<\/p>\n<p>Beide Organisationen sind sich einig, dass Pr\u00e4senzunterricht sowohl zur Erf\u00fcllung des Bildungsauftrages als auch unter psychosozialen Gesichtspunkten das Beste f\u00fcr Kinder und Jugendliche ist. Dazu sagte der Generalsekret\u00e4r der DAKJ Hans-Iko Huppertz: \u201eSchule und Bildung geh\u00f6ren zu den Grundbed\u00fcrfnissen der Kinder. Schulschlie\u00dfung bedeutet auch nachteilige Auswirkungen auf die psychosoziale und motorische Entwicklung, Kindeswohlgef\u00e4hrdung, Benachteiligung sozial Schw\u00e4cherer, Gef\u00e4hrdung von Kindern mit besonderen Bedarfen und aktuelle Beeintr\u00e4chtigung der Gesundheit der Kinder und Jugendlichen.\u201c<\/p>\n<p><strong>Zu den dringlich zu ergreifenden Ma\u00dfnahmen z\u00e4hlen<\/strong>:<\/p>\n<ol>\n<li><u>Es muss ein bundesweiter Hygienestufenplan etabliert werden<\/u>, der abh\u00e4ngig vom Infektionsgeschehen und der Altersstufe klar festlegt, welche Gesundheitsschutzma\u00dfnahmen notwendig sind und welche schulorganisatorischen Konsequenzen daraus folgen: Pr\u00e4senzunterricht mit oder ohne Maskenpflicht, Wiederherstellung des Mindestabstands mit Wechselunterricht oder phasenweiser Distanzunterricht. Nochmalige komplette Schulschlie\u00dfungen bzw. Ferienverl\u00e4ngerungen sollen dadurch vermieden werden. F\u00fcr einen solchen Hygienestufenplan hat die DAKJ zusammen mit der Deutschen Gesellschaft f\u00fcr Krankenhaushygiene bereits Vorschl\u00e4ge erarbeitet.<\/li>\n<\/ol>\n<ol start=\"2\">\n<li><u>Der Infektionsschutz an Schulen ist deutlich zu verbessern.&nbsp;<\/u>Dazu z\u00e4hlen insbesondere die Vorhaltung von&nbsp;Schnelltesten auf Infektionen mit SARS-CoV-2 an den Schulen, sowie die Zuverf\u00fcgungstellung von ausreichend Atemschutzmasken f\u00fcr die Lehrkr\u00e4fte.<\/li>\n<\/ol>\n<p>Das Recht von Kindern und Jugendlichen auf Bildung und Betreuung sowie ausreichender Gesundheitsschutz f\u00fcr Lehrkr\u00e4fte und Sch\u00fcler m\u00fcssen gleicherma\u00dfen ber\u00fccksichtigt und gew\u00e4hrleistet werden.<\/p>\n<p>Bild von <a href=\"https:\/\/pixabay.com\/de\/users\/geralt-9301\/?utm_source=link-attribution&amp;utm_medium=referral&amp;utm_campaign=image&amp;utm_content=5348210\">Gerd Altmann<\/a> auf <a href=\"https:\/\/pixabay.com\/de\/?utm_source=link-attribution&amp;utm_medium=referral&amp;utm_campaign=image&amp;utm_content=5348210\">Pixabay<\/a><\/p>\n","protected":false},"excerpt":{"rendered":"<p>Im Hinblick auf das Treffen der Ministerpr\u00e4sidentinnen und -pr\u00e4sidenten mit der Bundeskanzlerin am 5. Januar 2021 appellieren die Deutsche Akademie f\u00fcr Kinder- und Jugendmedizin (DAKJ) und der Deutsche Lehrerverband (DL) gemeinsam an die Politik, alles daf\u00fcr zu tun, damit Unterricht im neuen Jahr wieder unter verantwortbaren Bedingungen stattfinden kann, obwohl die SARS-CoV-2 Pandemie zun\u00e4chst fortbestehen [&hellip;]<\/p>\n","protected":false},"author":1,"featured_media":0,"comment_status":"closed","ping_status":"closed","sticky":false,"template":"","format":"standard","meta":{"saved_in_kubio":false,"footnotes":""},"categories":[23],"tags":[],"class_list":["post-3877","post","type-post","status-publish","format-standard","hentry","category-corona"],"yoast_head":"<!-- This site is optimized with the Yoast SEO plugin v27.5 - https:\/\/yoast.com\/product\/yoast-seo-wordpress\/ -->\n<title>Lehrerverband und deutsche Kinder\u00e4rzte fordern eine Verbesserung der Sicherheit- und Betreuungskonzepte an den Schulen - Radio Leinewelle<\/title>\n<meta name=\"robots\" content=\"index, follow, max-snippet:-1, max-image-preview:large, max-video-preview:-1\" \/>\n<link rel=\"canonical\" href=\"https:\/\/radioleinewelle.de\/index.php\/2021\/01\/04\/lehrerverband-und-deutsche-kinderaerzte-fordern-eine-verbesserung-der-sicherheit-und-betreuungskonzepte-an-den-schulen\/\" \/>\n<meta property=\"og:locale\" content=\"de_DE\" \/>\n<meta property=\"og:type\" content=\"article\" \/>\n<meta property=\"og:title\" content=\"Lehrerverband und deutsche Kinder\u00e4rzte fordern eine Verbesserung der Sicherheit- und Betreuungskonzepte an den Schulen - Radio Leinewelle\" \/>\n<meta property=\"og:description\" content=\"Im Hinblick auf das Treffen der Ministerpr\u00e4sidentinnen und -pr\u00e4sidenten mit der Bundeskanzlerin am 5. Januar 2021 appellieren die Deutsche Akademie f\u00fcr Kinder- und Jugendmedizin (DAKJ) und der Deutsche Lehrerverband (DL) gemeinsam an die Politik, alles daf\u00fcr zu tun, damit Unterricht im neuen Jahr wieder unter verantwortbaren Bedingungen stattfinden kann, obwohl die SARS-CoV-2 Pandemie zun\u00e4chst fortbestehen [&hellip;]\" \/>\n<meta property=\"og:url\" content=\"https:\/\/radioleinewelle.de\/index.php\/2021\/01\/04\/lehrerverband-und-deutsche-kinderaerzte-fordern-eine-verbesserung-der-sicherheit-und-betreuungskonzepte-an-den-schulen\/\" \/>\n<meta property=\"og:site_name\" content=\"Radio Leinewelle\" \/>\n<meta property=\"article:publisher\" content=\"https:\/\/www.facebook.com\/radioleinewelle\" \/>\n<meta property=\"article:author\" content=\"https:\/\/www.facebook.com\/radioleinewelle\" \/>\n<meta property=\"article:published_time\" content=\"2021-01-04T04:11:56+00:00\" \/>\n<meta name=\"author\" content=\"Leinewelle\" \/>\n<meta name=\"twitter:card\" content=\"summary_large_image\" \/>\n<meta name=\"twitter:creator\" content=\"@https:\/\/twitter.com\/RLeinewelle?ref_src=twsrcgoogletwcampserptwgrauthor\" \/>\n<meta name=\"twitter:site\" content=\"@RLeinewelle\" \/>\n<meta name=\"twitter:label1\" content=\"Verfasst von\" \/>\n\t<meta name=\"twitter:data1\" content=\"Leinewelle\" \/>\n\t<meta name=\"twitter:label2\" content=\"Gesch\u00e4tzte Lesezeit\" \/>\n\t<meta name=\"twitter:data2\" content=\"2\u00a0Minuten\" \/>\n<script type=\"application\/ld+json\" class=\"yoast-schema-graph\">{\"@context\":\"https:\\\/\\\/schema.org\",\"@graph\":[{\"@type\":\"Article\",\"@id\":\"https:\\\/\\\/radioleinewelle.de\\\/index.php\\\/2021\\\/01\\\/04\\\/lehrerverband-und-deutsche-kinderaerzte-fordern-eine-verbesserung-der-sicherheit-und-betreuungskonzepte-an-den-schulen\\\/#article\",\"isPartOf\":{\"@id\":\"https:\\\/\\\/radioleinewelle.de\\\/index.php\\\/2021\\\/01\\\/04\\\/lehrerverband-und-deutsche-kinderaerzte-fordern-eine-verbesserung-der-sicherheit-und-betreuungskonzepte-an-den-schulen\\\/\"},\"author\":{\"name\":\"Leinewelle\",\"@id\":\"https:\\\/\\\/radioleinewelle.de\\\/#\\\/schema\\\/person\\\/45606f348637df637192dc1b68399a63\"},\"headline\":\"Lehrerverband und deutsche Kinder\u00e4rzte fordern eine Verbesserung der Sicherheit- und Betreuungskonzepte an den Schulen\",\"datePublished\":\"2021-01-04T04:11:56+00:00\",\"mainEntityOfPage\":{\"@id\":\"https:\\\/\\\/radioleinewelle.de\\\/index.php\\\/2021\\\/01\\\/04\\\/lehrerverband-und-deutsche-kinderaerzte-fordern-eine-verbesserung-der-sicherheit-und-betreuungskonzepte-an-den-schulen\\\/\"},\"wordCount\":335,\"publisher\":{\"@id\":\"https:\\\/\\\/radioleinewelle.de\\\/#organization\"},\"articleSection\":[\"Corona\"],\"inLanguage\":\"de\"},{\"@type\":\"WebPage\",\"@id\":\"https:\\\/\\\/radioleinewelle.de\\\/index.php\\\/2021\\\/01\\\/04\\\/lehrerverband-und-deutsche-kinderaerzte-fordern-eine-verbesserung-der-sicherheit-und-betreuungskonzepte-an-den-schulen\\\/\",\"url\":\"https:\\\/\\\/radioleinewelle.de\\\/index.php\\\/2021\\\/01\\\/04\\\/lehrerverband-und-deutsche-kinderaerzte-fordern-eine-verbesserung-der-sicherheit-und-betreuungskonzepte-an-den-schulen\\\/\",\"name\":\"Lehrerverband und deutsche Kinder\u00e4rzte fordern eine Verbesserung der Sicherheit- und Betreuungskonzepte an den Schulen - Radio Leinewelle\",\"isPartOf\":{\"@id\":\"https:\\\/\\\/radioleinewelle.de\\\/#website\"},\"datePublished\":\"2021-01-04T04:11:56+00:00\",\"breadcrumb\":{\"@id\":\"https:\\\/\\\/radioleinewelle.de\\\/index.php\\\/2021\\\/01\\\/04\\\/lehrerverband-und-deutsche-kinderaerzte-fordern-eine-verbesserung-der-sicherheit-und-betreuungskonzepte-an-den-schulen\\\/#breadcrumb\"},\"inLanguage\":\"de\",\"potentialAction\":[{\"@type\":\"ReadAction\",\"target\":[\"https:\\\/\\\/radioleinewelle.de\\\/index.php\\\/2021\\\/01\\\/04\\\/lehrerverband-und-deutsche-kinderaerzte-fordern-eine-verbesserung-der-sicherheit-und-betreuungskonzepte-an-den-schulen\\\/\"]}]},{\"@type\":\"BreadcrumbList\",\"@id\":\"https:\\\/\\\/radioleinewelle.de\\\/index.php\\\/2021\\\/01\\\/04\\\/lehrerverband-und-deutsche-kinderaerzte-fordern-eine-verbesserung-der-sicherheit-und-betreuungskonzepte-an-den-schulen\\\/#breadcrumb\",\"itemListElement\":[{\"@type\":\"ListItem\",\"position\":1,\"name\":\"Startseite\",\"item\":\"https:\\\/\\\/radioleinewelle.de\\\/\"},{\"@type\":\"ListItem\",\"position\":2,\"name\":\"Lehrerverband und deutsche Kinder\u00e4rzte fordern eine Verbesserung der Sicherheit- und Betreuungskonzepte an den Schulen\"}]},{\"@type\":\"WebSite\",\"@id\":\"https:\\\/\\\/radioleinewelle.de\\\/#website\",\"url\":\"https:\\\/\\\/radioleinewelle.de\\\/\",\"name\":\"Radio Leinewelle\",\"description\":\"\",\"publisher\":{\"@id\":\"https:\\\/\\\/radioleinewelle.de\\\/#organization\"},\"potentialAction\":[{\"@type\":\"SearchAction\",\"target\":{\"@type\":\"EntryPoint\",\"urlTemplate\":\"https:\\\/\\\/radioleinewelle.de\\\/?s={search_term_string}\"},\"query-input\":{\"@type\":\"PropertyValueSpecification\",\"valueRequired\":true,\"valueName\":\"search_term_string\"}}],\"inLanguage\":\"de\"},{\"@type\":\"Organization\",\"@id\":\"https:\\\/\\\/radioleinewelle.de\\\/#organization\",\"name\":\"Radio Leinewelle\",\"alternateName\":\"Mein Radio f\u00fcr S\u00fcdniedersachsen\",\"url\":\"https:\\\/\\\/radioleinewelle.de\\\/\",\"logo\":{\"@type\":\"ImageObject\",\"inLanguage\":\"de\",\"@id\":\"https:\\\/\\\/radioleinewelle.de\\\/#\\\/schema\\\/logo\\\/image\\\/\",\"url\":\"https:\\\/\\\/radioleinewelle.de\\\/wp-content\\\/uploads\\\/2023\\\/11\\\/cropped-Leinewelle_Logo_weiss.png\",\"contentUrl\":\"https:\\\/\\\/radioleinewelle.de\\\/wp-content\\\/uploads\\\/2023\\\/11\\\/cropped-Leinewelle_Logo_weiss.png\",\"width\":854,\"height\":260,\"caption\":\"Radio Leinewelle\"},\"image\":{\"@id\":\"https:\\\/\\\/radioleinewelle.de\\\/#\\\/schema\\\/logo\\\/image\\\/\"},\"sameAs\":[\"https:\\\/\\\/www.facebook.com\\\/radioleinewelle\",\"https:\\\/\\\/x.com\\\/RLeinewelle\",\"https:\\\/\\\/www.instagram.com\\\/radioleinewelle\\\/?hl=de\"]},{\"@type\":\"Person\",\"@id\":\"https:\\\/\\\/radioleinewelle.de\\\/#\\\/schema\\\/person\\\/45606f348637df637192dc1b68399a63\",\"name\":\"Leinewelle\",\"image\":{\"@type\":\"ImageObject\",\"inLanguage\":\"de\",\"@id\":\"https:\\\/\\\/secure.gravatar.com\\\/avatar\\\/05c9a17bc973052ee5d91549bd32fb4dd0dc85b7b85ae94b2e2b4943476bbea5?s=96&d=blank&r=g\",\"url\":\"https:\\\/\\\/secure.gravatar.com\\\/avatar\\\/05c9a17bc973052ee5d91549bd32fb4dd0dc85b7b85ae94b2e2b4943476bbea5?s=96&d=blank&r=g\",\"contentUrl\":\"https:\\\/\\\/secure.gravatar.com\\\/avatar\\\/05c9a17bc973052ee5d91549bd32fb4dd0dc85b7b85ae94b2e2b4943476bbea5?s=96&d=blank&r=g\",\"caption\":\"Leinewelle\"},\"sameAs\":[\"http:\\\/\\\/localhost\\\/radio%20leinewelle\\\/wordpress\",\"https:\\\/\\\/www.facebook.com\\\/radioleinewelle\",\"https:\\\/\\\/www.instagram.com\\\/radioleinewelle\",\"https:\\\/\\\/x.com\\\/https:\\\/\\\/twitter.com\\\/RLeinewelle?ref_src=twsrcgoogletwcampserptwgrauthor\",\"https:\\\/\\\/soundcloud.com\\\/foerderverein-lokalradio?utm_source=clipboard&utm_medium=text&utm_campaign=social_sharing\"],\"url\":\"https:\\\/\\\/radioleinewelle.de\\\/index.php\\\/author\\\/leinewelle\\\/\"}]}<\/script>\n<!-- \/ Yoast SEO plugin. -->","yoast_head_json":{"title":"Lehrerverband und deutsche Kinder\u00e4rzte fordern eine Verbesserung der Sicherheit- und Betreuungskonzepte an den Schulen - Radio Leinewelle","robots":{"index":"index","follow":"follow","max-snippet":"max-snippet:-1","max-image-preview":"max-image-preview:large","max-video-preview":"max-video-preview:-1"},"canonical":"https:\/\/radioleinewelle.de\/index.php\/2021\/01\/04\/lehrerverband-und-deutsche-kinderaerzte-fordern-eine-verbesserung-der-sicherheit-und-betreuungskonzepte-an-den-schulen\/","og_locale":"de_DE","og_type":"article","og_title":"Lehrerverband und deutsche Kinder\u00e4rzte fordern eine Verbesserung der Sicherheit- und Betreuungskonzepte an den Schulen - Radio Leinewelle","og_description":"Im Hinblick auf das Treffen der Ministerpr\u00e4sidentinnen und -pr\u00e4sidenten mit der Bundeskanzlerin am 5. Januar 2021 appellieren die Deutsche Akademie f\u00fcr Kinder- und Jugendmedizin (DAKJ) und der Deutsche Lehrerverband (DL) gemeinsam an die Politik, alles daf\u00fcr zu tun, damit Unterricht im neuen Jahr wieder unter verantwortbaren Bedingungen stattfinden kann, obwohl die SARS-CoV-2 Pandemie zun\u00e4chst fortbestehen [&hellip;]","og_url":"https:\/\/radioleinewelle.de\/index.php\/2021\/01\/04\/lehrerverband-und-deutsche-kinderaerzte-fordern-eine-verbesserung-der-sicherheit-und-betreuungskonzepte-an-den-schulen\/","og_site_name":"Radio Leinewelle","article_publisher":"https:\/\/www.facebook.com\/radioleinewelle","article_author":"https:\/\/www.facebook.com\/radioleinewelle","article_published_time":"2021-01-04T04:11:56+00:00","author":"Leinewelle","twitter_card":"summary_large_image","twitter_creator":"@https:\/\/twitter.com\/RLeinewelle?ref_src=twsrcgoogletwcampserptwgrauthor","twitter_site":"@RLeinewelle","twitter_misc":{"Verfasst von":"Leinewelle","Gesch\u00e4tzte Lesezeit":"2\u00a0Minuten"},"schema":{"@context":"https:\/\/schema.org","@graph":[{"@type":"Article","@id":"https:\/\/radioleinewelle.de\/index.php\/2021\/01\/04\/lehrerverband-und-deutsche-kinderaerzte-fordern-eine-verbesserung-der-sicherheit-und-betreuungskonzepte-an-den-schulen\/#article","isPartOf":{"@id":"https:\/\/radioleinewelle.de\/index.php\/2021\/01\/04\/lehrerverband-und-deutsche-kinderaerzte-fordern-eine-verbesserung-der-sicherheit-und-betreuungskonzepte-an-den-schulen\/"},"author":{"name":"Leinewelle","@id":"https:\/\/radioleinewelle.de\/#\/schema\/person\/45606f348637df637192dc1b68399a63"},"headline":"Lehrerverband und deutsche Kinder\u00e4rzte fordern eine Verbesserung der Sicherheit- und Betreuungskonzepte an den Schulen","datePublished":"2021-01-04T04:11:56+00:00","mainEntityOfPage":{"@id":"https:\/\/radioleinewelle.de\/index.php\/2021\/01\/04\/lehrerverband-und-deutsche-kinderaerzte-fordern-eine-verbesserung-der-sicherheit-und-betreuungskonzepte-an-den-schulen\/"},"wordCount":335,"publisher":{"@id":"https:\/\/radioleinewelle.de\/#organization"},"articleSection":["Corona"],"inLanguage":"de"},{"@type":"WebPage","@id":"https:\/\/radioleinewelle.de\/index.php\/2021\/01\/04\/lehrerverband-und-deutsche-kinderaerzte-fordern-eine-verbesserung-der-sicherheit-und-betreuungskonzepte-an-den-schulen\/","url":"https:\/\/radioleinewelle.de\/index.php\/2021\/01\/04\/lehrerverband-und-deutsche-kinderaerzte-fordern-eine-verbesserung-der-sicherheit-und-betreuungskonzepte-an-den-schulen\/","name":"Lehrerverband und deutsche Kinder\u00e4rzte fordern eine Verbesserung der Sicherheit- und Betreuungskonzepte an den Schulen - Radio Leinewelle","isPartOf":{"@id":"https:\/\/radioleinewelle.de\/#website"},"datePublished":"2021-01-04T04:11:56+00:00","breadcrumb":{"@id":"https:\/\/radioleinewelle.de\/index.php\/2021\/01\/04\/lehrerverband-und-deutsche-kinderaerzte-fordern-eine-verbesserung-der-sicherheit-und-betreuungskonzepte-an-den-schulen\/#breadcrumb"},"inLanguage":"de","potentialAction":[{"@type":"ReadAction","target":["https:\/\/radioleinewelle.de\/index.php\/2021\/01\/04\/lehrerverband-und-deutsche-kinderaerzte-fordern-eine-verbesserung-der-sicherheit-und-betreuungskonzepte-an-den-schulen\/"]}]},{"@type":"BreadcrumbList","@id":"https:\/\/radioleinewelle.de\/index.php\/2021\/01\/04\/lehrerverband-und-deutsche-kinderaerzte-fordern-eine-verbesserung-der-sicherheit-und-betreuungskonzepte-an-den-schulen\/#breadcrumb","itemListElement":[{"@type":"ListItem","position":1,"name":"Startseite","item":"https:\/\/radioleinewelle.de\/"},{"@type":"ListItem","position":2,"name":"Lehrerverband und deutsche Kinder\u00e4rzte fordern eine Verbesserung der Sicherheit- und Betreuungskonzepte an den Schulen"}]},{"@type":"WebSite","@id":"https:\/\/radioleinewelle.de\/#website","url":"https:\/\/radioleinewelle.de\/","name":"Radio Leinewelle","description":"","publisher":{"@id":"https:\/\/radioleinewelle.de\/#organization"},"potentialAction":[{"@type":"SearchAction","target":{"@type":"EntryPoint","urlTemplate":"https:\/\/radioleinewelle.de\/?s={search_term_string}"},"query-input":{"@type":"PropertyValueSpecification","valueRequired":true,"valueName":"search_term_string"}}],"inLanguage":"de"},{"@type":"Organization","@id":"https:\/\/radioleinewelle.de\/#organization","name":"Radio Leinewelle","alternateName":"Mein Radio f\u00fcr S\u00fcdniedersachsen","url":"https:\/\/radioleinewelle.de\/","logo":{"@type":"ImageObject","inLanguage":"de","@id":"https:\/\/radioleinewelle.de\/#\/schema\/logo\/image\/","url":"https:\/\/radioleinewelle.de\/wp-content\/uploads\/2023\/11\/cropped-Leinewelle_Logo_weiss.png","contentUrl":"https:\/\/radioleinewelle.de\/wp-content\/uploads\/2023\/11\/cropped-Leinewelle_Logo_weiss.png","width":854,"height":260,"caption":"Radio Leinewelle"},"image":{"@id":"https:\/\/radioleinewelle.de\/#\/schema\/logo\/image\/"},"sameAs":["https:\/\/www.facebook.com\/radioleinewelle","https:\/\/x.com\/RLeinewelle","https:\/\/www.instagram.com\/radioleinewelle\/?hl=de"]},{"@type":"Person","@id":"https:\/\/radioleinewelle.de\/#\/schema\/person\/45606f348637df637192dc1b68399a63","name":"Leinewelle","image":{"@type":"ImageObject","inLanguage":"de","@id":"https:\/\/secure.gravatar.com\/avatar\/05c9a17bc973052ee5d91549bd32fb4dd0dc85b7b85ae94b2e2b4943476bbea5?s=96&d=blank&r=g","url":"https:\/\/secure.gravatar.com\/avatar\/05c9a17bc973052ee5d91549bd32fb4dd0dc85b7b85ae94b2e2b4943476bbea5?s=96&d=blank&r=g","contentUrl":"https:\/\/secure.gravatar.com\/avatar\/05c9a17bc973052ee5d91549bd32fb4dd0dc85b7b85ae94b2e2b4943476bbea5?s=96&d=blank&r=g","caption":"Leinewelle"},"sameAs":["http:\/\/localhost\/radio%20leinewelle\/wordpress","https:\/\/www.facebook.com\/radioleinewelle","https:\/\/www.instagram.com\/radioleinewelle","https:\/\/x.com\/https:\/\/twitter.com\/RLeinewelle?ref_src=twsrcgoogletwcampserptwgrauthor","https:\/\/soundcloud.com\/foerderverein-lokalradio?utm_source=clipboard&utm_medium=text&utm_campaign=social_sharing"],"url":"https:\/\/radioleinewelle.de\/index.php\/author\/leinewelle\/"}]}},"_links":{"self":[{"href":"https:\/\/radioleinewelle.de\/index.php\/wp-json\/wp\/v2\/posts\/3877","targetHints":{"allow":["GET"]}}],"collection":[{"href":"https:\/\/radioleinewelle.de\/index.php\/wp-json\/wp\/v2\/posts"}],"about":[{"href":"https:\/\/radioleinewelle.de\/index.php\/wp-json\/wp\/v2\/types\/post"}],"author":[{"embeddable":true,"href":"https:\/\/radioleinewelle.de\/index.php\/wp-json\/wp\/v2\/users\/1"}],"replies":[{"embeddable":true,"href":"https:\/\/radioleinewelle.de\/index.php\/wp-json\/wp\/v2\/comments?post=3877"}],"version-history":[{"count":0,"href":"https:\/\/radioleinewelle.de\/index.php\/wp-json\/wp\/v2\/posts\/3877\/revisions"}],"wp:attachment":[{"href":"https:\/\/radioleinewelle.de\/index.php\/wp-json\/wp\/v2\/media?parent=3877"}],"wp:term":[{"taxonomy":"category","embeddable":true,"href":"https:\/\/radioleinewelle.de\/index.php\/wp-json\/wp\/v2\/categories?post=3877"},{"taxonomy":"post_tag","embeddable":true,"href":"https:\/\/radioleinewelle.de\/index.php\/wp-json\/wp\/v2\/tags?post=3877"}],"curies":[{"name":"wp","href":"https:\/\/api.w.org\/{rel}","templated":true}]}}