{"id":3888,"date":"2021-01-05T05:20:30","date_gmt":"2021-01-05T04:20:30","guid":{"rendered":"https:\/\/radioleinewelle.de\/?p=3888"},"modified":"2021-01-05T05:20:30","modified_gmt":"2021-01-05T04:20:30","slug":"erste-impfstoffe-in-goettingen-angekommen-ab-heute-kann-mit-den-impfungen-begonnen-werden","status":"publish","type":"post","link":"https:\/\/radioleinewelle.de\/index.php\/2021\/01\/05\/erste-impfstoffe-in-goettingen-angekommen-ab-heute-kann-mit-den-impfungen-begonnen-werden\/","title":{"rendered":"Erste Impfstoffe in G\u00f6ttingen angekommen &#8211; ab heute kann mit den Impfungen begonnen werden."},"content":{"rendered":"<div class=\"magazinetext\">\n<div class=\"magazineshorttext\">\n<p>Die Stadt G\u00f6ttingen hat knapp 1.000 Impfdosen vom Land erhalten. Mit der Lieferung am Montag, 4. Januar 2021, hat das Land seine urspr\u00fcngliche Ank\u00fcndigung eingehalten und die Stadt mit 975 Dosen versorgt. Mobile Impfteams werden ab Dienstag, 5. Januar 2021, entsprechend der vorgesehenen Priorit\u00e4t damit beginnen, Bewohner*innen und Mitarbeiter*innen von Altenpflegeeinrichtungen zu impfen. Geliefert wurde der Impfstoff der Firma Biontech\/Pfizer.&nbsp;Petra Broistedt, Leiterin des Corona-Einsatzstabs und Sozialdezernentin der Stadt G\u00f6ttingen, freut sich \u00fcber die gute Nachricht: \u201eWir k\u00f6nnen jetzt planm\u00e4\u00dfig am 5. Januar mit dem Impfen beginnen. Das ist ein gutes Signal f\u00fcr G\u00f6ttingen.\u201c Zuk\u00fcnftig werden w\u00f6chentlich ca. 1.000 Impfstoffdosen vom Land an das Impfzentrum Siekh\u00f6he ausgegeben.&nbsp;In der Stadt G\u00f6ttingen gibt es 14 Pflegeeinrichtung mit 1.571 vollstation\u00e4ren Pflegepl\u00e4tzen sowie mit 55 Pl\u00e4tzen in der Tagespflege. Die Einrichtungen melden die Zahl der zu impfenden Personen, die Impfung erfolgt dann in Abstimmung mit den jeweiligen Einrichtungen. B\u00fcrgerinnen und B\u00fcrger, die nicht zu den priorisierten Gruppen geh\u00f6ren, erhalten beim Land Niedersachsen Auskunft \u00fcber das weitere Vorgehen. Daf\u00fcr hat das Land die Hotline 0800 9988665 eingerichtet.<\/p>\n<hr \/>\n<p>Jens Windwehe von der G\u00f6ttinger Berufsfeuerwehr (links) und Stephan Siebold von der Johanniter-Unfall-Hilfe haben am Montag, 4. Januar 2021, die erste Impfstofflieferung f\u00fcr die Stadt G\u00f6ttingen am Impfzentrum Siekh\u00f6he in Empfang genommen. Foto: Stadt G\u00f6ttingen<\/p>\n<p>&nbsp;<\/p>\n<\/div>\n<\/div>\n","protected":false},"excerpt":{"rendered":"<p>Die Stadt G\u00f6ttingen hat knapp 1.000 Impfdosen vom Land erhalten. Mit der Lieferung am Montag, 4. Januar 2021, hat das Land seine urspr\u00fcngliche Ank\u00fcndigung eingehalten und die Stadt mit 975 Dosen versorgt. Mobile Impfteams werden ab Dienstag, 5. Januar 2021, entsprechend der vorgesehenen Priorit\u00e4t damit beginnen, Bewohner*innen und Mitarbeiter*innen von Altenpflegeeinrichtungen zu impfen. Geliefert wurde [&hellip;]<\/p>\n","protected":false},"author":1,"featured_media":0,"comment_status":"closed","ping_status":"closed","sticky":false,"template":"","format":"standard","meta":{"saved_in_kubio":false,"footnotes":""},"categories":[23],"tags":[],"class_list":["post-3888","post","type-post","status-publish","format-standard","hentry","category-corona"],"yoast_head":"<!-- This site is optimized with the Yoast SEO plugin v27.5 - https:\/\/yoast.com\/product\/yoast-seo-wordpress\/ -->\n<title>Erste Impfstoffe in G\u00f6ttingen angekommen - ab heute kann mit den Impfungen begonnen werden. - Radio Leinewelle<\/title>\n<meta name=\"robots\" content=\"index, follow, max-snippet:-1, max-image-preview:large, max-video-preview:-1\" \/>\n<link rel=\"canonical\" href=\"https:\/\/radioleinewelle.de\/index.php\/2021\/01\/05\/erste-impfstoffe-in-goettingen-angekommen-ab-heute-kann-mit-den-impfungen-begonnen-werden\/\" \/>\n<meta property=\"og:locale\" content=\"de_DE\" \/>\n<meta property=\"og:type\" content=\"article\" \/>\n<meta property=\"og:title\" content=\"Erste Impfstoffe in G\u00f6ttingen angekommen - ab heute kann mit den Impfungen begonnen werden. - Radio Leinewelle\" \/>\n<meta property=\"og:description\" content=\"Die Stadt G\u00f6ttingen hat knapp 1.000 Impfdosen vom Land erhalten. Mit der Lieferung am Montag, 4. Januar 2021, hat das Land seine urspr\u00fcngliche Ank\u00fcndigung eingehalten und die Stadt mit 975 Dosen versorgt. Mobile Impfteams werden ab Dienstag, 5. Januar 2021, entsprechend der vorgesehenen Priorit\u00e4t damit beginnen, Bewohner*innen und Mitarbeiter*innen von Altenpflegeeinrichtungen zu impfen. Geliefert wurde [&hellip;]\" \/>\n<meta property=\"og:url\" content=\"https:\/\/radioleinewelle.de\/index.php\/2021\/01\/05\/erste-impfstoffe-in-goettingen-angekommen-ab-heute-kann-mit-den-impfungen-begonnen-werden\/\" \/>\n<meta property=\"og:site_name\" content=\"Radio Leinewelle\" \/>\n<meta property=\"article:publisher\" content=\"https:\/\/www.facebook.com\/radioleinewelle\" \/>\n<meta property=\"article:author\" content=\"https:\/\/www.facebook.com\/radioleinewelle\" \/>\n<meta property=\"article:published_time\" content=\"2021-01-05T04:20:30+00:00\" \/>\n<meta name=\"author\" content=\"Leinewelle\" \/>\n<meta name=\"twitter:card\" content=\"summary_large_image\" \/>\n<meta name=\"twitter:creator\" content=\"@https:\/\/twitter.com\/RLeinewelle?ref_src=twsrcgoogletwcampserptwgrauthor\" \/>\n<meta name=\"twitter:site\" content=\"@RLeinewelle\" \/>\n<meta name=\"twitter:label1\" content=\"Verfasst von\" \/>\n\t<meta name=\"twitter:data1\" content=\"Leinewelle\" \/>\n\t<meta name=\"twitter:label2\" content=\"Gesch\u00e4tzte Lesezeit\" \/>\n\t<meta name=\"twitter:data2\" content=\"1\u00a0Minute\" \/>\n<script type=\"application\/ld+json\" class=\"yoast-schema-graph\">{\"@context\":\"https:\\\/\\\/schema.org\",\"@graph\":[{\"@type\":\"Article\",\"@id\":\"https:\\\/\\\/radioleinewelle.de\\\/index.php\\\/2021\\\/01\\\/05\\\/erste-impfstoffe-in-goettingen-angekommen-ab-heute-kann-mit-den-impfungen-begonnen-werden\\\/#article\",\"isPartOf\":{\"@id\":\"https:\\\/\\\/radioleinewelle.de\\\/index.php\\\/2021\\\/01\\\/05\\\/erste-impfstoffe-in-goettingen-angekommen-ab-heute-kann-mit-den-impfungen-begonnen-werden\\\/\"},\"author\":{\"name\":\"Leinewelle\",\"@id\":\"https:\\\/\\\/radioleinewelle.de\\\/#\\\/schema\\\/person\\\/45606f348637df637192dc1b68399a63\"},\"headline\":\"Erste Impfstoffe in G\u00f6ttingen angekommen &#8211; ab heute kann mit den Impfungen begonnen werden.\",\"datePublished\":\"2021-01-05T04:20:30+00:00\",\"mainEntityOfPage\":{\"@id\":\"https:\\\/\\\/radioleinewelle.de\\\/index.php\\\/2021\\\/01\\\/05\\\/erste-impfstoffe-in-goettingen-angekommen-ab-heute-kann-mit-den-impfungen-begonnen-werden\\\/\"},\"wordCount\":239,\"publisher\":{\"@id\":\"https:\\\/\\\/radioleinewelle.de\\\/#organization\"},\"articleSection\":[\"Corona\"],\"inLanguage\":\"de\"},{\"@type\":\"WebPage\",\"@id\":\"https:\\\/\\\/radioleinewelle.de\\\/index.php\\\/2021\\\/01\\\/05\\\/erste-impfstoffe-in-goettingen-angekommen-ab-heute-kann-mit-den-impfungen-begonnen-werden\\\/\",\"url\":\"https:\\\/\\\/radioleinewelle.de\\\/index.php\\\/2021\\\/01\\\/05\\\/erste-impfstoffe-in-goettingen-angekommen-ab-heute-kann-mit-den-impfungen-begonnen-werden\\\/\",\"name\":\"Erste Impfstoffe in G\u00f6ttingen angekommen - ab heute kann mit den Impfungen begonnen werden. - Radio Leinewelle\",\"isPartOf\":{\"@id\":\"https:\\\/\\\/radioleinewelle.de\\\/#website\"},\"datePublished\":\"2021-01-05T04:20:30+00:00\",\"breadcrumb\":{\"@id\":\"https:\\\/\\\/radioleinewelle.de\\\/index.php\\\/2021\\\/01\\\/05\\\/erste-impfstoffe-in-goettingen-angekommen-ab-heute-kann-mit-den-impfungen-begonnen-werden\\\/#breadcrumb\"},\"inLanguage\":\"de\",\"potentialAction\":[{\"@type\":\"ReadAction\",\"target\":[\"https:\\\/\\\/radioleinewelle.de\\\/index.php\\\/2021\\\/01\\\/05\\\/erste-impfstoffe-in-goettingen-angekommen-ab-heute-kann-mit-den-impfungen-begonnen-werden\\\/\"]}]},{\"@type\":\"BreadcrumbList\",\"@id\":\"https:\\\/\\\/radioleinewelle.de\\\/index.php\\\/2021\\\/01\\\/05\\\/erste-impfstoffe-in-goettingen-angekommen-ab-heute-kann-mit-den-impfungen-begonnen-werden\\\/#breadcrumb\",\"itemListElement\":[{\"@type\":\"ListItem\",\"position\":1,\"name\":\"Startseite\",\"item\":\"https:\\\/\\\/radioleinewelle.de\\\/\"},{\"@type\":\"ListItem\",\"position\":2,\"name\":\"Erste Impfstoffe in G\u00f6ttingen angekommen &#8211; ab heute kann mit den Impfungen begonnen werden.\"}]},{\"@type\":\"WebSite\",\"@id\":\"https:\\\/\\\/radioleinewelle.de\\\/#website\",\"url\":\"https:\\\/\\\/radioleinewelle.de\\\/\",\"name\":\"Radio Leinewelle\",\"description\":\"\",\"publisher\":{\"@id\":\"https:\\\/\\\/radioleinewelle.de\\\/#organization\"},\"potentialAction\":[{\"@type\":\"SearchAction\",\"target\":{\"@type\":\"EntryPoint\",\"urlTemplate\":\"https:\\\/\\\/radioleinewelle.de\\\/?s={search_term_string}\"},\"query-input\":{\"@type\":\"PropertyValueSpecification\",\"valueRequired\":true,\"valueName\":\"search_term_string\"}}],\"inLanguage\":\"de\"},{\"@type\":\"Organization\",\"@id\":\"https:\\\/\\\/radioleinewelle.de\\\/#organization\",\"name\":\"Radio Leinewelle\",\"alternateName\":\"Mein Radio f\u00fcr S\u00fcdniedersachsen\",\"url\":\"https:\\\/\\\/radioleinewelle.de\\\/\",\"logo\":{\"@type\":\"ImageObject\",\"inLanguage\":\"de\",\"@id\":\"https:\\\/\\\/radioleinewelle.de\\\/#\\\/schema\\\/logo\\\/image\\\/\",\"url\":\"https:\\\/\\\/radioleinewelle.de\\\/wp-content\\\/uploads\\\/2023\\\/11\\\/cropped-Leinewelle_Logo_weiss.png\",\"contentUrl\":\"https:\\\/\\\/radioleinewelle.de\\\/wp-content\\\/uploads\\\/2023\\\/11\\\/cropped-Leinewelle_Logo_weiss.png\",\"width\":854,\"height\":260,\"caption\":\"Radio Leinewelle\"},\"image\":{\"@id\":\"https:\\\/\\\/radioleinewelle.de\\\/#\\\/schema\\\/logo\\\/image\\\/\"},\"sameAs\":[\"https:\\\/\\\/www.facebook.com\\\/radioleinewelle\",\"https:\\\/\\\/x.com\\\/RLeinewelle\",\"https:\\\/\\\/www.instagram.com\\\/radioleinewelle\\\/?hl=de\"]},{\"@type\":\"Person\",\"@id\":\"https:\\\/\\\/radioleinewelle.de\\\/#\\\/schema\\\/person\\\/45606f348637df637192dc1b68399a63\",\"name\":\"Leinewelle\",\"image\":{\"@type\":\"ImageObject\",\"inLanguage\":\"de\",\"@id\":\"https:\\\/\\\/secure.gravatar.com\\\/avatar\\\/05c9a17bc973052ee5d91549bd32fb4dd0dc85b7b85ae94b2e2b4943476bbea5?s=96&d=blank&r=g\",\"url\":\"https:\\\/\\\/secure.gravatar.com\\\/avatar\\\/05c9a17bc973052ee5d91549bd32fb4dd0dc85b7b85ae94b2e2b4943476bbea5?s=96&d=blank&r=g\",\"contentUrl\":\"https:\\\/\\\/secure.gravatar.com\\\/avatar\\\/05c9a17bc973052ee5d91549bd32fb4dd0dc85b7b85ae94b2e2b4943476bbea5?s=96&d=blank&r=g\",\"caption\":\"Leinewelle\"},\"sameAs\":[\"http:\\\/\\\/localhost\\\/radio%20leinewelle\\\/wordpress\",\"https:\\\/\\\/www.facebook.com\\\/radioleinewelle\",\"https:\\\/\\\/www.instagram.com\\\/radioleinewelle\",\"https:\\\/\\\/x.com\\\/https:\\\/\\\/twitter.com\\\/RLeinewelle?ref_src=twsrcgoogletwcampserptwgrauthor\",\"https:\\\/\\\/soundcloud.com\\\/foerderverein-lokalradio?utm_source=clipboard&utm_medium=text&utm_campaign=social_sharing\"],\"url\":\"https:\\\/\\\/radioleinewelle.de\\\/index.php\\\/author\\\/leinewelle\\\/\"}]}<\/script>\n<!-- \/ Yoast SEO plugin. -->","yoast_head_json":{"title":"Erste Impfstoffe in G\u00f6ttingen angekommen - ab heute kann mit den Impfungen begonnen werden. - Radio Leinewelle","robots":{"index":"index","follow":"follow","max-snippet":"max-snippet:-1","max-image-preview":"max-image-preview:large","max-video-preview":"max-video-preview:-1"},"canonical":"https:\/\/radioleinewelle.de\/index.php\/2021\/01\/05\/erste-impfstoffe-in-goettingen-angekommen-ab-heute-kann-mit-den-impfungen-begonnen-werden\/","og_locale":"de_DE","og_type":"article","og_title":"Erste Impfstoffe in G\u00f6ttingen angekommen - ab heute kann mit den Impfungen begonnen werden. - Radio Leinewelle","og_description":"Die Stadt G\u00f6ttingen hat knapp 1.000 Impfdosen vom Land erhalten. Mit der Lieferung am Montag, 4. Januar 2021, hat das Land seine urspr\u00fcngliche Ank\u00fcndigung eingehalten und die Stadt mit 975 Dosen versorgt. Mobile Impfteams werden ab Dienstag, 5. Januar 2021, entsprechend der vorgesehenen Priorit\u00e4t damit beginnen, Bewohner*innen und Mitarbeiter*innen von Altenpflegeeinrichtungen zu impfen. Geliefert wurde [&hellip;]","og_url":"https:\/\/radioleinewelle.de\/index.php\/2021\/01\/05\/erste-impfstoffe-in-goettingen-angekommen-ab-heute-kann-mit-den-impfungen-begonnen-werden\/","og_site_name":"Radio Leinewelle","article_publisher":"https:\/\/www.facebook.com\/radioleinewelle","article_author":"https:\/\/www.facebook.com\/radioleinewelle","article_published_time":"2021-01-05T04:20:30+00:00","author":"Leinewelle","twitter_card":"summary_large_image","twitter_creator":"@https:\/\/twitter.com\/RLeinewelle?ref_src=twsrcgoogletwcampserptwgrauthor","twitter_site":"@RLeinewelle","twitter_misc":{"Verfasst von":"Leinewelle","Gesch\u00e4tzte Lesezeit":"1\u00a0Minute"},"schema":{"@context":"https:\/\/schema.org","@graph":[{"@type":"Article","@id":"https:\/\/radioleinewelle.de\/index.php\/2021\/01\/05\/erste-impfstoffe-in-goettingen-angekommen-ab-heute-kann-mit-den-impfungen-begonnen-werden\/#article","isPartOf":{"@id":"https:\/\/radioleinewelle.de\/index.php\/2021\/01\/05\/erste-impfstoffe-in-goettingen-angekommen-ab-heute-kann-mit-den-impfungen-begonnen-werden\/"},"author":{"name":"Leinewelle","@id":"https:\/\/radioleinewelle.de\/#\/schema\/person\/45606f348637df637192dc1b68399a63"},"headline":"Erste Impfstoffe in G\u00f6ttingen angekommen &#8211; ab heute kann mit den Impfungen begonnen werden.","datePublished":"2021-01-05T04:20:30+00:00","mainEntityOfPage":{"@id":"https:\/\/radioleinewelle.de\/index.php\/2021\/01\/05\/erste-impfstoffe-in-goettingen-angekommen-ab-heute-kann-mit-den-impfungen-begonnen-werden\/"},"wordCount":239,"publisher":{"@id":"https:\/\/radioleinewelle.de\/#organization"},"articleSection":["Corona"],"inLanguage":"de"},{"@type":"WebPage","@id":"https:\/\/radioleinewelle.de\/index.php\/2021\/01\/05\/erste-impfstoffe-in-goettingen-angekommen-ab-heute-kann-mit-den-impfungen-begonnen-werden\/","url":"https:\/\/radioleinewelle.de\/index.php\/2021\/01\/05\/erste-impfstoffe-in-goettingen-angekommen-ab-heute-kann-mit-den-impfungen-begonnen-werden\/","name":"Erste Impfstoffe in G\u00f6ttingen angekommen - ab heute kann mit den Impfungen begonnen werden. - Radio Leinewelle","isPartOf":{"@id":"https:\/\/radioleinewelle.de\/#website"},"datePublished":"2021-01-05T04:20:30+00:00","breadcrumb":{"@id":"https:\/\/radioleinewelle.de\/index.php\/2021\/01\/05\/erste-impfstoffe-in-goettingen-angekommen-ab-heute-kann-mit-den-impfungen-begonnen-werden\/#breadcrumb"},"inLanguage":"de","potentialAction":[{"@type":"ReadAction","target":["https:\/\/radioleinewelle.de\/index.php\/2021\/01\/05\/erste-impfstoffe-in-goettingen-angekommen-ab-heute-kann-mit-den-impfungen-begonnen-werden\/"]}]},{"@type":"BreadcrumbList","@id":"https:\/\/radioleinewelle.de\/index.php\/2021\/01\/05\/erste-impfstoffe-in-goettingen-angekommen-ab-heute-kann-mit-den-impfungen-begonnen-werden\/#breadcrumb","itemListElement":[{"@type":"ListItem","position":1,"name":"Startseite","item":"https:\/\/radioleinewelle.de\/"},{"@type":"ListItem","position":2,"name":"Erste Impfstoffe in G\u00f6ttingen angekommen &#8211; ab heute kann mit den Impfungen begonnen werden."}]},{"@type":"WebSite","@id":"https:\/\/radioleinewelle.de\/#website","url":"https:\/\/radioleinewelle.de\/","name":"Radio Leinewelle","description":"","publisher":{"@id":"https:\/\/radioleinewelle.de\/#organization"},"potentialAction":[{"@type":"SearchAction","target":{"@type":"EntryPoint","urlTemplate":"https:\/\/radioleinewelle.de\/?s={search_term_string}"},"query-input":{"@type":"PropertyValueSpecification","valueRequired":true,"valueName":"search_term_string"}}],"inLanguage":"de"},{"@type":"Organization","@id":"https:\/\/radioleinewelle.de\/#organization","name":"Radio Leinewelle","alternateName":"Mein Radio f\u00fcr S\u00fcdniedersachsen","url":"https:\/\/radioleinewelle.de\/","logo":{"@type":"ImageObject","inLanguage":"de","@id":"https:\/\/radioleinewelle.de\/#\/schema\/logo\/image\/","url":"https:\/\/radioleinewelle.de\/wp-content\/uploads\/2023\/11\/cropped-Leinewelle_Logo_weiss.png","contentUrl":"https:\/\/radioleinewelle.de\/wp-content\/uploads\/2023\/11\/cropped-Leinewelle_Logo_weiss.png","width":854,"height":260,"caption":"Radio Leinewelle"},"image":{"@id":"https:\/\/radioleinewelle.de\/#\/schema\/logo\/image\/"},"sameAs":["https:\/\/www.facebook.com\/radioleinewelle","https:\/\/x.com\/RLeinewelle","https:\/\/www.instagram.com\/radioleinewelle\/?hl=de"]},{"@type":"Person","@id":"https:\/\/radioleinewelle.de\/#\/schema\/person\/45606f348637df637192dc1b68399a63","name":"Leinewelle","image":{"@type":"ImageObject","inLanguage":"de","@id":"https:\/\/secure.gravatar.com\/avatar\/05c9a17bc973052ee5d91549bd32fb4dd0dc85b7b85ae94b2e2b4943476bbea5?s=96&d=blank&r=g","url":"https:\/\/secure.gravatar.com\/avatar\/05c9a17bc973052ee5d91549bd32fb4dd0dc85b7b85ae94b2e2b4943476bbea5?s=96&d=blank&r=g","contentUrl":"https:\/\/secure.gravatar.com\/avatar\/05c9a17bc973052ee5d91549bd32fb4dd0dc85b7b85ae94b2e2b4943476bbea5?s=96&d=blank&r=g","caption":"Leinewelle"},"sameAs":["http:\/\/localhost\/radio%20leinewelle\/wordpress","https:\/\/www.facebook.com\/radioleinewelle","https:\/\/www.instagram.com\/radioleinewelle","https:\/\/x.com\/https:\/\/twitter.com\/RLeinewelle?ref_src=twsrcgoogletwcampserptwgrauthor","https:\/\/soundcloud.com\/foerderverein-lokalradio?utm_source=clipboard&utm_medium=text&utm_campaign=social_sharing"],"url":"https:\/\/radioleinewelle.de\/index.php\/author\/leinewelle\/"}]}},"_links":{"self":[{"href":"https:\/\/radioleinewelle.de\/index.php\/wp-json\/wp\/v2\/posts\/3888","targetHints":{"allow":["GET"]}}],"collection":[{"href":"https:\/\/radioleinewelle.de\/index.php\/wp-json\/wp\/v2\/posts"}],"about":[{"href":"https:\/\/radioleinewelle.de\/index.php\/wp-json\/wp\/v2\/types\/post"}],"author":[{"embeddable":true,"href":"https:\/\/radioleinewelle.de\/index.php\/wp-json\/wp\/v2\/users\/1"}],"replies":[{"embeddable":true,"href":"https:\/\/radioleinewelle.de\/index.php\/wp-json\/wp\/v2\/comments?post=3888"}],"version-history":[{"count":0,"href":"https:\/\/radioleinewelle.de\/index.php\/wp-json\/wp\/v2\/posts\/3888\/revisions"}],"wp:attachment":[{"href":"https:\/\/radioleinewelle.de\/index.php\/wp-json\/wp\/v2\/media?parent=3888"}],"wp:term":[{"taxonomy":"category","embeddable":true,"href":"https:\/\/radioleinewelle.de\/index.php\/wp-json\/wp\/v2\/categories?post=3888"},{"taxonomy":"post_tag","embeddable":true,"href":"https:\/\/radioleinewelle.de\/index.php\/wp-json\/wp\/v2\/tags?post=3888"}],"curies":[{"name":"wp","href":"https:\/\/api.w.org\/{rel}","templated":true}]}}