{"id":3892,"date":"2021-01-05T05:25:46","date_gmt":"2021-01-05T04:25:46","guid":{"rendered":"https:\/\/radioleinewelle.de\/?p=3892"},"modified":"2021-01-05T05:25:46","modified_gmt":"2021-01-05T04:25:46","slug":"land-niedersachsen-raeumt-lieferengpaesse-beim-coronaimpfstoff-ein","status":"publish","type":"post","link":"https:\/\/radioleinewelle.de\/index.php\/2021\/01\/05\/land-niedersachsen-raeumt-lieferengpaesse-beim-coronaimpfstoff-ein\/","title":{"rendered":"Niedersachsen impfbereit &#8211; Land r\u00e4umt aber Lieferengp\u00e4sse beim Coronaimpfstoff ein"},"content":{"rendered":"<p>Seit gestern sind alle Landkreise und kreisfreien St\u00e4dte in Niedersachsen bereit, um mit den Impfungen gegen Covid-19 zu beginnen. Auch die Impfzentren, die dem Land in der letzten Woche noch nicht gemeldet hatten, dass sie startbereit sind, werden im Laufe des Tages mit jeweils 975 Dosen des Impfstoffs beliefert.&nbsp;\u201eEs ist wichtig, dass jetzt alle Landkreise und kreisfreien St\u00e4dte mit den Impfungen in den Pflegeeinrichtungen und Krankenh\u00e4usern beginnen. Die Impfungen werden uns allen den Weg aus der Pandemie ebnen, daf\u00fcr sind aber noch deutlich mehr Impfdosen n\u00f6tig, als bisher zur Verf\u00fcgung stehen\u201c, so Gesundheitsministerin Dr. Carola Reimann.<\/p>\n<p>Insgesamt sind damit landesseitig mehr als 50.000 Dosen an die Impfzentren ausgeliefert, rund 10.000 stehen in dieser Woche noch f\u00fcr Nachlieferungen bereit. Zudem erhalten die drei gro\u00dfen Krankenh\u00e4user der Maximalversorgung (MHH, UMG und Klinikum Braunschweig) am Mittwoch eine erste Lieferung des Impfstoffs, um das besonders gef\u00e4hrdete Personal vor Ort zu impfen. \u201eAlle anderen Krankenh\u00e4user in Niedersachsen werden \u00fcber die Impfzentren vor Ort mit mobilen Teams angesteuert. Die Priorisierung des Bundes auf Grundlage der STIKO-Empfehlung erlaubt die Impfung zun\u00e4chst nur f\u00fcr das Krankenhauspersonal auf den Intensivstationen, in den Notaufnahmen und im Rettungsdienst\u201c, erl\u00e4utert Ministerin Reimann das Vorgehen.<\/p>\n<p>\u201eIn dieser Woche werden dann alle in Niedersachsen f\u00fcr die Erstimpfung zur Verf\u00fcgung stehenden Dosen verimpft sein\u201c, so die Ministerin. <strong>\u201eEs gibt bundes- und europaweit ein Problem mit der verf\u00fcgbaren Menge des Impfstoffs, nicht mit der Impfstruktur.<\/strong> Mit der Infrastruktur, die im Land aufgebaut wurde, k\u00f6nnen wir noch deutlich mehr verimpfen. Niedersachsen steht aber ausdr\u00fccklich hinter der gemeinsamen Beschaffung des Impfstoffs durch die EU. Ein Wettbewerb unter den EU-L\u00e4ndern w\u00e4re mit den Grundgedanken europ\u00e4ischer Solidarit\u00e4t nicht vereinbar gewesen.\u201c<\/p>\n<p><strong>Schon am 30.12. hatte Niedersachsen 15.000 Dosen weniger als angek\u00fcndigt erhalten, eine Lieferung \u00fcber 63.000 Dosen entfiel sogar komplett. Die n\u00e4chste Impfstofflieferung f\u00fcr Niedersachsen \u00fcber 63.000 Dosen wurde vom Bund f\u00fcr den 8. Januar angek\u00fcndigt. Diese Lieferung war urspr\u00fcnglich f\u00fcr den 11. Januar avisiert, sie ist jetzt vorgezogen worden. Danach soll erst wieder am 18. Januar Impfstoff eintreffen.<\/strong><\/p>\n<p>Auch vor diesem Hintergrund ist es nicht vertretbar\u201c, so Reimann, \u201ealle gelieferten Impfdosen sofort zu verimpfen und auf die R\u00fccklage f\u00fcr die Zweitimpfung zu verzichten. Der Impfstoff bietet erst nach einer zweiten Impfung, drei bis vier Wochen nach der ersten, den vollst\u00e4ndigen Schutz vor Covid-19. Alle medizinischen Studien und auch die Zulassung des Impfstoffs beruhen auf diesen zwei Impfungen pro Person. Wir werden weder eine Wette auf zuk\u00fcnftige Lieferungen des Impfstoffs abschlie\u00dfen, noch werden wir uns in Niedersachsen einfach \u00fcber die Zulassungsbedingungen hinwegsetzen. \u201c<\/p>\n<p>Die Ministerin bittet vor allem die hochbetagten Menschen, die nicht in einem Alten- oder Pflegeheim leben, noch um Geduld: \u201eIch habe gro\u00dfes Verst\u00e4ndnis f\u00fcr den Wunsch nach einer z\u00fcgigen Impfung. Allein in Niedersachsen leben 800.000 Menschen, die nach der Priorisierung schon heute impfberechtigt sind. Knapp die H\u00e4lfte aller Todesf\u00e4lle in Zusammenhang mit dem Virus sind jedoch in den Alten- und Pflegeheimen zu beklagen. Angesichts der massiven Knappheit des Impfstoffs legen wir unseren Schwerpunkt deshalb ganz bewusst auf die Bewohnerinnen und Bewohner sowie die Besch\u00e4ftigten in diesen Einrichtungen. Dazu sind in allen Landkreisen und St\u00e4dten mobile Impfteams im Einsatz.\u201c Der limitierende Faktor bleibt der Impfstoff.<\/p>\n","protected":false},"excerpt":{"rendered":"<p>Seit gestern sind alle Landkreise und kreisfreien St\u00e4dte in Niedersachsen bereit, um mit den Impfungen gegen Covid-19 zu beginnen. Auch die Impfzentren, die dem Land in der letzten Woche noch nicht gemeldet hatten, dass sie startbereit sind, werden im Laufe des Tages mit jeweils 975 Dosen des Impfstoffs beliefert.&nbsp;\u201eEs ist wichtig, dass jetzt alle Landkreise [&hellip;]<\/p>\n","protected":false},"author":1,"featured_media":0,"comment_status":"closed","ping_status":"closed","sticky":false,"template":"","format":"standard","meta":{"saved_in_kubio":false,"footnotes":""},"categories":[23],"tags":[],"class_list":["post-3892","post","type-post","status-publish","format-standard","hentry","category-corona"],"yoast_head":"<!-- This site is optimized with the Yoast SEO plugin v27.5 - https:\/\/yoast.com\/product\/yoast-seo-wordpress\/ -->\n<title>Niedersachsen impfbereit - Land r\u00e4umt aber Lieferengp\u00e4sse beim Coronaimpfstoff ein - Radio Leinewelle<\/title>\n<meta name=\"robots\" content=\"index, follow, max-snippet:-1, max-image-preview:large, max-video-preview:-1\" \/>\n<link rel=\"canonical\" href=\"https:\/\/radioleinewelle.de\/index.php\/2021\/01\/05\/land-niedersachsen-raeumt-lieferengpaesse-beim-coronaimpfstoff-ein\/\" \/>\n<meta property=\"og:locale\" content=\"de_DE\" \/>\n<meta property=\"og:type\" content=\"article\" \/>\n<meta property=\"og:title\" content=\"Niedersachsen impfbereit - Land r\u00e4umt aber Lieferengp\u00e4sse beim Coronaimpfstoff ein - Radio Leinewelle\" \/>\n<meta property=\"og:description\" content=\"Seit gestern sind alle Landkreise und kreisfreien St\u00e4dte in Niedersachsen bereit, um mit den Impfungen gegen Covid-19 zu beginnen. Auch die Impfzentren, die dem Land in der letzten Woche noch nicht gemeldet hatten, dass sie startbereit sind, werden im Laufe des Tages mit jeweils 975 Dosen des Impfstoffs beliefert.&nbsp;\u201eEs ist wichtig, dass jetzt alle Landkreise [&hellip;]\" \/>\n<meta property=\"og:url\" content=\"https:\/\/radioleinewelle.de\/index.php\/2021\/01\/05\/land-niedersachsen-raeumt-lieferengpaesse-beim-coronaimpfstoff-ein\/\" \/>\n<meta property=\"og:site_name\" content=\"Radio Leinewelle\" \/>\n<meta property=\"article:publisher\" content=\"https:\/\/www.facebook.com\/radioleinewelle\" \/>\n<meta property=\"article:author\" content=\"https:\/\/www.facebook.com\/radioleinewelle\" \/>\n<meta property=\"article:published_time\" content=\"2021-01-05T04:25:46+00:00\" \/>\n<meta name=\"author\" content=\"Leinewelle\" \/>\n<meta name=\"twitter:card\" content=\"summary_large_image\" \/>\n<meta name=\"twitter:creator\" content=\"@https:\/\/twitter.com\/RLeinewelle?ref_src=twsrcgoogletwcampserptwgrauthor\" \/>\n<meta name=\"twitter:site\" content=\"@RLeinewelle\" \/>\n<meta name=\"twitter:label1\" content=\"Verfasst von\" \/>\n\t<meta name=\"twitter:data1\" content=\"Leinewelle\" \/>\n\t<meta name=\"twitter:label2\" content=\"Gesch\u00e4tzte Lesezeit\" \/>\n\t<meta name=\"twitter:data2\" content=\"3\u00a0Minuten\" \/>\n<script type=\"application\/ld+json\" class=\"yoast-schema-graph\">{\"@context\":\"https:\\\/\\\/schema.org\",\"@graph\":[{\"@type\":\"Article\",\"@id\":\"https:\\\/\\\/radioleinewelle.de\\\/index.php\\\/2021\\\/01\\\/05\\\/land-niedersachsen-raeumt-lieferengpaesse-beim-coronaimpfstoff-ein\\\/#article\",\"isPartOf\":{\"@id\":\"https:\\\/\\\/radioleinewelle.de\\\/index.php\\\/2021\\\/01\\\/05\\\/land-niedersachsen-raeumt-lieferengpaesse-beim-coronaimpfstoff-ein\\\/\"},\"author\":{\"name\":\"Leinewelle\",\"@id\":\"https:\\\/\\\/radioleinewelle.de\\\/#\\\/schema\\\/person\\\/45606f348637df637192dc1b68399a63\"},\"headline\":\"Niedersachsen impfbereit &#8211; Land r\u00e4umt aber Lieferengp\u00e4sse beim Coronaimpfstoff ein\",\"datePublished\":\"2021-01-05T04:25:46+00:00\",\"mainEntityOfPage\":{\"@id\":\"https:\\\/\\\/radioleinewelle.de\\\/index.php\\\/2021\\\/01\\\/05\\\/land-niedersachsen-raeumt-lieferengpaesse-beim-coronaimpfstoff-ein\\\/\"},\"wordCount\":561,\"publisher\":{\"@id\":\"https:\\\/\\\/radioleinewelle.de\\\/#organization\"},\"articleSection\":[\"Corona\"],\"inLanguage\":\"de\"},{\"@type\":\"WebPage\",\"@id\":\"https:\\\/\\\/radioleinewelle.de\\\/index.php\\\/2021\\\/01\\\/05\\\/land-niedersachsen-raeumt-lieferengpaesse-beim-coronaimpfstoff-ein\\\/\",\"url\":\"https:\\\/\\\/radioleinewelle.de\\\/index.php\\\/2021\\\/01\\\/05\\\/land-niedersachsen-raeumt-lieferengpaesse-beim-coronaimpfstoff-ein\\\/\",\"name\":\"Niedersachsen impfbereit - Land r\u00e4umt aber Lieferengp\u00e4sse beim Coronaimpfstoff ein - Radio Leinewelle\",\"isPartOf\":{\"@id\":\"https:\\\/\\\/radioleinewelle.de\\\/#website\"},\"datePublished\":\"2021-01-05T04:25:46+00:00\",\"breadcrumb\":{\"@id\":\"https:\\\/\\\/radioleinewelle.de\\\/index.php\\\/2021\\\/01\\\/05\\\/land-niedersachsen-raeumt-lieferengpaesse-beim-coronaimpfstoff-ein\\\/#breadcrumb\"},\"inLanguage\":\"de\",\"potentialAction\":[{\"@type\":\"ReadAction\",\"target\":[\"https:\\\/\\\/radioleinewelle.de\\\/index.php\\\/2021\\\/01\\\/05\\\/land-niedersachsen-raeumt-lieferengpaesse-beim-coronaimpfstoff-ein\\\/\"]}]},{\"@type\":\"BreadcrumbList\",\"@id\":\"https:\\\/\\\/radioleinewelle.de\\\/index.php\\\/2021\\\/01\\\/05\\\/land-niedersachsen-raeumt-lieferengpaesse-beim-coronaimpfstoff-ein\\\/#breadcrumb\",\"itemListElement\":[{\"@type\":\"ListItem\",\"position\":1,\"name\":\"Startseite\",\"item\":\"https:\\\/\\\/radioleinewelle.de\\\/\"},{\"@type\":\"ListItem\",\"position\":2,\"name\":\"Niedersachsen impfbereit &#8211; Land r\u00e4umt aber Lieferengp\u00e4sse beim Coronaimpfstoff ein\"}]},{\"@type\":\"WebSite\",\"@id\":\"https:\\\/\\\/radioleinewelle.de\\\/#website\",\"url\":\"https:\\\/\\\/radioleinewelle.de\\\/\",\"name\":\"Radio Leinewelle\",\"description\":\"\",\"publisher\":{\"@id\":\"https:\\\/\\\/radioleinewelle.de\\\/#organization\"},\"potentialAction\":[{\"@type\":\"SearchAction\",\"target\":{\"@type\":\"EntryPoint\",\"urlTemplate\":\"https:\\\/\\\/radioleinewelle.de\\\/?s={search_term_string}\"},\"query-input\":{\"@type\":\"PropertyValueSpecification\",\"valueRequired\":true,\"valueName\":\"search_term_string\"}}],\"inLanguage\":\"de\"},{\"@type\":\"Organization\",\"@id\":\"https:\\\/\\\/radioleinewelle.de\\\/#organization\",\"name\":\"Radio Leinewelle\",\"alternateName\":\"Mein Radio f\u00fcr S\u00fcdniedersachsen\",\"url\":\"https:\\\/\\\/radioleinewelle.de\\\/\",\"logo\":{\"@type\":\"ImageObject\",\"inLanguage\":\"de\",\"@id\":\"https:\\\/\\\/radioleinewelle.de\\\/#\\\/schema\\\/logo\\\/image\\\/\",\"url\":\"https:\\\/\\\/radioleinewelle.de\\\/wp-content\\\/uploads\\\/2023\\\/11\\\/cropped-Leinewelle_Logo_weiss.png\",\"contentUrl\":\"https:\\\/\\\/radioleinewelle.de\\\/wp-content\\\/uploads\\\/2023\\\/11\\\/cropped-Leinewelle_Logo_weiss.png\",\"width\":854,\"height\":260,\"caption\":\"Radio Leinewelle\"},\"image\":{\"@id\":\"https:\\\/\\\/radioleinewelle.de\\\/#\\\/schema\\\/logo\\\/image\\\/\"},\"sameAs\":[\"https:\\\/\\\/www.facebook.com\\\/radioleinewelle\",\"https:\\\/\\\/x.com\\\/RLeinewelle\",\"https:\\\/\\\/www.instagram.com\\\/radioleinewelle\\\/?hl=de\"]},{\"@type\":\"Person\",\"@id\":\"https:\\\/\\\/radioleinewelle.de\\\/#\\\/schema\\\/person\\\/45606f348637df637192dc1b68399a63\",\"name\":\"Leinewelle\",\"image\":{\"@type\":\"ImageObject\",\"inLanguage\":\"de\",\"@id\":\"https:\\\/\\\/secure.gravatar.com\\\/avatar\\\/05c9a17bc973052ee5d91549bd32fb4dd0dc85b7b85ae94b2e2b4943476bbea5?s=96&d=blank&r=g\",\"url\":\"https:\\\/\\\/secure.gravatar.com\\\/avatar\\\/05c9a17bc973052ee5d91549bd32fb4dd0dc85b7b85ae94b2e2b4943476bbea5?s=96&d=blank&r=g\",\"contentUrl\":\"https:\\\/\\\/secure.gravatar.com\\\/avatar\\\/05c9a17bc973052ee5d91549bd32fb4dd0dc85b7b85ae94b2e2b4943476bbea5?s=96&d=blank&r=g\",\"caption\":\"Leinewelle\"},\"sameAs\":[\"http:\\\/\\\/localhost\\\/radio%20leinewelle\\\/wordpress\",\"https:\\\/\\\/www.facebook.com\\\/radioleinewelle\",\"https:\\\/\\\/www.instagram.com\\\/radioleinewelle\",\"https:\\\/\\\/x.com\\\/https:\\\/\\\/twitter.com\\\/RLeinewelle?ref_src=twsrcgoogletwcampserptwgrauthor\",\"https:\\\/\\\/soundcloud.com\\\/foerderverein-lokalradio?utm_source=clipboard&utm_medium=text&utm_campaign=social_sharing\"],\"url\":\"https:\\\/\\\/radioleinewelle.de\\\/index.php\\\/author\\\/leinewelle\\\/\"}]}<\/script>\n<!-- \/ Yoast SEO plugin. -->","yoast_head_json":{"title":"Niedersachsen impfbereit - Land r\u00e4umt aber Lieferengp\u00e4sse beim Coronaimpfstoff ein - Radio Leinewelle","robots":{"index":"index","follow":"follow","max-snippet":"max-snippet:-1","max-image-preview":"max-image-preview:large","max-video-preview":"max-video-preview:-1"},"canonical":"https:\/\/radioleinewelle.de\/index.php\/2021\/01\/05\/land-niedersachsen-raeumt-lieferengpaesse-beim-coronaimpfstoff-ein\/","og_locale":"de_DE","og_type":"article","og_title":"Niedersachsen impfbereit - Land r\u00e4umt aber Lieferengp\u00e4sse beim Coronaimpfstoff ein - Radio Leinewelle","og_description":"Seit gestern sind alle Landkreise und kreisfreien St\u00e4dte in Niedersachsen bereit, um mit den Impfungen gegen Covid-19 zu beginnen. Auch die Impfzentren, die dem Land in der letzten Woche noch nicht gemeldet hatten, dass sie startbereit sind, werden im Laufe des Tages mit jeweils 975 Dosen des Impfstoffs beliefert.&nbsp;\u201eEs ist wichtig, dass jetzt alle Landkreise [&hellip;]","og_url":"https:\/\/radioleinewelle.de\/index.php\/2021\/01\/05\/land-niedersachsen-raeumt-lieferengpaesse-beim-coronaimpfstoff-ein\/","og_site_name":"Radio Leinewelle","article_publisher":"https:\/\/www.facebook.com\/radioleinewelle","article_author":"https:\/\/www.facebook.com\/radioleinewelle","article_published_time":"2021-01-05T04:25:46+00:00","author":"Leinewelle","twitter_card":"summary_large_image","twitter_creator":"@https:\/\/twitter.com\/RLeinewelle?ref_src=twsrcgoogletwcampserptwgrauthor","twitter_site":"@RLeinewelle","twitter_misc":{"Verfasst von":"Leinewelle","Gesch\u00e4tzte Lesezeit":"3\u00a0Minuten"},"schema":{"@context":"https:\/\/schema.org","@graph":[{"@type":"Article","@id":"https:\/\/radioleinewelle.de\/index.php\/2021\/01\/05\/land-niedersachsen-raeumt-lieferengpaesse-beim-coronaimpfstoff-ein\/#article","isPartOf":{"@id":"https:\/\/radioleinewelle.de\/index.php\/2021\/01\/05\/land-niedersachsen-raeumt-lieferengpaesse-beim-coronaimpfstoff-ein\/"},"author":{"name":"Leinewelle","@id":"https:\/\/radioleinewelle.de\/#\/schema\/person\/45606f348637df637192dc1b68399a63"},"headline":"Niedersachsen impfbereit &#8211; Land r\u00e4umt aber Lieferengp\u00e4sse beim Coronaimpfstoff ein","datePublished":"2021-01-05T04:25:46+00:00","mainEntityOfPage":{"@id":"https:\/\/radioleinewelle.de\/index.php\/2021\/01\/05\/land-niedersachsen-raeumt-lieferengpaesse-beim-coronaimpfstoff-ein\/"},"wordCount":561,"publisher":{"@id":"https:\/\/radioleinewelle.de\/#organization"},"articleSection":["Corona"],"inLanguage":"de"},{"@type":"WebPage","@id":"https:\/\/radioleinewelle.de\/index.php\/2021\/01\/05\/land-niedersachsen-raeumt-lieferengpaesse-beim-coronaimpfstoff-ein\/","url":"https:\/\/radioleinewelle.de\/index.php\/2021\/01\/05\/land-niedersachsen-raeumt-lieferengpaesse-beim-coronaimpfstoff-ein\/","name":"Niedersachsen impfbereit - Land r\u00e4umt aber Lieferengp\u00e4sse beim Coronaimpfstoff ein - Radio Leinewelle","isPartOf":{"@id":"https:\/\/radioleinewelle.de\/#website"},"datePublished":"2021-01-05T04:25:46+00:00","breadcrumb":{"@id":"https:\/\/radioleinewelle.de\/index.php\/2021\/01\/05\/land-niedersachsen-raeumt-lieferengpaesse-beim-coronaimpfstoff-ein\/#breadcrumb"},"inLanguage":"de","potentialAction":[{"@type":"ReadAction","target":["https:\/\/radioleinewelle.de\/index.php\/2021\/01\/05\/land-niedersachsen-raeumt-lieferengpaesse-beim-coronaimpfstoff-ein\/"]}]},{"@type":"BreadcrumbList","@id":"https:\/\/radioleinewelle.de\/index.php\/2021\/01\/05\/land-niedersachsen-raeumt-lieferengpaesse-beim-coronaimpfstoff-ein\/#breadcrumb","itemListElement":[{"@type":"ListItem","position":1,"name":"Startseite","item":"https:\/\/radioleinewelle.de\/"},{"@type":"ListItem","position":2,"name":"Niedersachsen impfbereit &#8211; Land r\u00e4umt aber Lieferengp\u00e4sse beim Coronaimpfstoff ein"}]},{"@type":"WebSite","@id":"https:\/\/radioleinewelle.de\/#website","url":"https:\/\/radioleinewelle.de\/","name":"Radio Leinewelle","description":"","publisher":{"@id":"https:\/\/radioleinewelle.de\/#organization"},"potentialAction":[{"@type":"SearchAction","target":{"@type":"EntryPoint","urlTemplate":"https:\/\/radioleinewelle.de\/?s={search_term_string}"},"query-input":{"@type":"PropertyValueSpecification","valueRequired":true,"valueName":"search_term_string"}}],"inLanguage":"de"},{"@type":"Organization","@id":"https:\/\/radioleinewelle.de\/#organization","name":"Radio Leinewelle","alternateName":"Mein Radio f\u00fcr S\u00fcdniedersachsen","url":"https:\/\/radioleinewelle.de\/","logo":{"@type":"ImageObject","inLanguage":"de","@id":"https:\/\/radioleinewelle.de\/#\/schema\/logo\/image\/","url":"https:\/\/radioleinewelle.de\/wp-content\/uploads\/2023\/11\/cropped-Leinewelle_Logo_weiss.png","contentUrl":"https:\/\/radioleinewelle.de\/wp-content\/uploads\/2023\/11\/cropped-Leinewelle_Logo_weiss.png","width":854,"height":260,"caption":"Radio Leinewelle"},"image":{"@id":"https:\/\/radioleinewelle.de\/#\/schema\/logo\/image\/"},"sameAs":["https:\/\/www.facebook.com\/radioleinewelle","https:\/\/x.com\/RLeinewelle","https:\/\/www.instagram.com\/radioleinewelle\/?hl=de"]},{"@type":"Person","@id":"https:\/\/radioleinewelle.de\/#\/schema\/person\/45606f348637df637192dc1b68399a63","name":"Leinewelle","image":{"@type":"ImageObject","inLanguage":"de","@id":"https:\/\/secure.gravatar.com\/avatar\/05c9a17bc973052ee5d91549bd32fb4dd0dc85b7b85ae94b2e2b4943476bbea5?s=96&d=blank&r=g","url":"https:\/\/secure.gravatar.com\/avatar\/05c9a17bc973052ee5d91549bd32fb4dd0dc85b7b85ae94b2e2b4943476bbea5?s=96&d=blank&r=g","contentUrl":"https:\/\/secure.gravatar.com\/avatar\/05c9a17bc973052ee5d91549bd32fb4dd0dc85b7b85ae94b2e2b4943476bbea5?s=96&d=blank&r=g","caption":"Leinewelle"},"sameAs":["http:\/\/localhost\/radio%20leinewelle\/wordpress","https:\/\/www.facebook.com\/radioleinewelle","https:\/\/www.instagram.com\/radioleinewelle","https:\/\/x.com\/https:\/\/twitter.com\/RLeinewelle?ref_src=twsrcgoogletwcampserptwgrauthor","https:\/\/soundcloud.com\/foerderverein-lokalradio?utm_source=clipboard&utm_medium=text&utm_campaign=social_sharing"],"url":"https:\/\/radioleinewelle.de\/index.php\/author\/leinewelle\/"}]}},"_links":{"self":[{"href":"https:\/\/radioleinewelle.de\/index.php\/wp-json\/wp\/v2\/posts\/3892","targetHints":{"allow":["GET"]}}],"collection":[{"href":"https:\/\/radioleinewelle.de\/index.php\/wp-json\/wp\/v2\/posts"}],"about":[{"href":"https:\/\/radioleinewelle.de\/index.php\/wp-json\/wp\/v2\/types\/post"}],"author":[{"embeddable":true,"href":"https:\/\/radioleinewelle.de\/index.php\/wp-json\/wp\/v2\/users\/1"}],"replies":[{"embeddable":true,"href":"https:\/\/radioleinewelle.de\/index.php\/wp-json\/wp\/v2\/comments?post=3892"}],"version-history":[{"count":0,"href":"https:\/\/radioleinewelle.de\/index.php\/wp-json\/wp\/v2\/posts\/3892\/revisions"}],"wp:attachment":[{"href":"https:\/\/radioleinewelle.de\/index.php\/wp-json\/wp\/v2\/media?parent=3892"}],"wp:term":[{"taxonomy":"category","embeddable":true,"href":"https:\/\/radioleinewelle.de\/index.php\/wp-json\/wp\/v2\/categories?post=3892"},{"taxonomy":"post_tag","embeddable":true,"href":"https:\/\/radioleinewelle.de\/index.php\/wp-json\/wp\/v2\/tags?post=3892"}],"curies":[{"name":"wp","href":"https:\/\/api.w.org\/{rel}","templated":true}]}}