{"id":3897,"date":"2021-01-05T05:52:27","date_gmt":"2021-01-05T04:52:27","guid":{"rendered":"https:\/\/radioleinewelle.de\/?p=3897"},"modified":"2021-01-05T05:52:27","modified_gmt":"2021-01-05T04:52:27","slug":"coronalage-in-suedniedersachsen-und-im-eichsfeld-am-05-01-21","status":"publish","type":"post","link":"https:\/\/radioleinewelle.de\/index.php\/2021\/01\/05\/coronalage-in-suedniedersachsen-und-im-eichsfeld-am-05-01-21\/","title":{"rendered":"Coronalage in S\u00fcdniedersachsen und im Eichsfeld am 05.01.21"},"content":{"rendered":"<p>Die Inzidenzzahlen in S\u00fcdniedersachsen sind im Vergleich zur Vorwoche in den einzelnen Landkreisen r\u00fcckl\u00e4ufig, d.h. am oder \u00fcber dem Grenzwert von 50. Die aktuellen Zahlen im Detail:<br \/>\n<strong>Die Landkreise:<\/strong><br \/>\nG\u00f6ttingen 77,3, Northeim 34,0, Goslar 33,8, Holzminden 46,8, H\u00f6xter 163,3.\u00a0Der Durchschnitt in Niedersachsen liegt bei 88,3, der Bundesdurchschnitt 134,7 die bundesweite Zahl der Corona Neuinfektionen steigt um 11897, die Sterbef\u00e4lle steigen bundesweit um 944Tote zum Vortag.<br \/>\nDer Anteil der COVID-19 Patienten an der Gesamtzahl der Intensivbetten in Niedersachsen liegt bei 13,4 %. Dies sagt nichts \u00fcber die aktuelle lokale Situation aus, die abh\u00e4ngig vom Infektionsgeschehen und der Verf\u00fcgbarkeit von Fachpersonal ist. In G\u00f6ttingen sind die Verf\u00fcgbarkeiten von Intensivbetten an der UMG \u00a0ausreichend und im Evangelischen Krankenhaus Lenglern im Low und High Care Bereich laut Intensivregister begrenzt. Es gibt erste \u00dcbernahmen von Patienten aus anderen Bundesl\u00e4ndern.<\/p>\n<p><strong>Die Zahlen im Eichsfeld: der Inzidenzwert liegt hier bei aktuell 273,0. <\/strong>\u00a0Der Landkreis Eichsfeld teilt mit: die Gesamtzahl der aktuell Infizierten 672, Verstorbene 77 \u00a0(Stand 04.01.).\u00a0Die tagesaktuelle Zuordnung der Neuinfektionen auf Orte ist derzeit nicht m\u00f6glich, weshalb bis auf weiteres von dieser Darstellung abgesehen wird.\u00a0Aufgrund der hohen Fallzahlen der Neuinfektionen kann es aktuell bis zu drei Tage dauern bis das Gesundheitsamt Kontaktpersonen positiv getesteter Personen telefonisch kontaktiert. Deshalb werden alle B\u00fcrgerinnen und B\u00fcrger dringend aufgefordert, sich in Quarant\u00e4ne zu begeben, wenn sie Kontakt (mindestens 15 Minuten, weniger als 1,5 m Abstand ohne Mund-Nasen-Bedeckung) zu einer positiv getesteten Person hatten.<br \/>\nAktuelle Meldungen auf der Seite des <a href=\"https:\/\/www.kreis-eic.de\/informationen-zum-coronavirus.html\">Landkreises Eichsfeld<\/a><\/p>\n<p><strong>Die Stadt Heiligenstadt<\/strong> warnt vor Falschinformationen rund um Corona und ruft dazu auf, nur offizielle Quellen zu nutzen.<\/p>\n<p><strong>Landkreis G\u00f6ttingen (04.01.):\u00a0<\/strong>543 Menschen im Landkreis G\u00f6ttingen sind akut mit dem SARS-CoV-2-Virus infiziert. Der Inzidenzwert liegt laut ma\u00dfgeblichem Lagebericht des Landesheute bei 76,4. Die Gesamtzahl bislang best\u00e4tigter Covid-19 F\u00e4lle im Landkreis G\u00f6ttingen steigt auf 3.897. Davon gelten 3.241 Personen als von der Infektion genesen, 113 Menschen sind in Verbindung mit Covid-19 gestorben.<\/p>\n<div class=\"page\" title=\"Page 1\">\n<div class=\"layoutArea\">\n<div class=\"column\">\n<p>Lage in St\u00e4dten und Gemeinden (Gesamtzahl F\u00e4lle \/ akut Infizierte)<\/p>\n<p>Flecken Adelebsen (60 \/ 14)<br \/>\nGemeinde Bad Grund (Harz) (81 \/ 4)<br \/>\nStadt Bad Lauterberg im Harz (144 \/ 11)<br \/>\nStadt Bad Sachsa (114 \/ 3)<br \/>\nFlecken Bovenden (78 \/ 9)<br \/>\nSamtgemeinde Dransfeld (55 \/ 8)<br \/>\nStadt Duderstadt (502 \/ 163)<br \/>\nGemeinde Friedland (78 \/ 1)<br \/>\nSamtgemeinde Gieboldehausen (138 \/ 24)<br \/>\nGemeinde Gleichen (75 \/ 5)<br \/>\nStadt G\u00f6ttingen (1.267 \/ 139)<br \/>\nStadt Hann. M\u00fcnden (423 \/ 69)<br \/>\nSamtgemeinde Hattorf am Harz (98 \/ 6)<br \/>\nStadt Herzberg am Harz (315 \/ 10)<\/p>\n<\/div>\n<\/div>\n<\/div>\n<div class=\"page\" title=\"Page 1\">\n<div class=\"layoutArea\">\n<div class=\"column\">\n<p>&nbsp;<\/p>\n<\/div>\n<\/div>\n<\/div>\n","protected":false},"excerpt":{"rendered":"<p>Die Inzidenzzahlen in S\u00fcdniedersachsen sind im Vergleich zur Vorwoche in den einzelnen Landkreisen r\u00fcckl\u00e4ufig, d.h. am oder \u00fcber dem Grenzwert von 50. Die aktuellen Zahlen im Detail: Die Landkreise: G\u00f6ttingen 77,3, Northeim 34,0, Goslar 33,8, Holzminden 46,8, H\u00f6xter 163,3.\u00a0Der Durchschnitt in Niedersachsen liegt bei 88,3, der Bundesdurchschnitt 134,7 die bundesweite Zahl der Corona Neuinfektionen steigt [&hellip;]<\/p>\n","protected":false},"author":1,"featured_media":3262,"comment_status":"closed","ping_status":"closed","sticky":false,"template":"","format":"standard","meta":{"saved_in_kubio":false,"footnotes":""},"categories":[23],"tags":[],"class_list":["post-3897","post","type-post","status-publish","format-standard","has-post-thumbnail","hentry","category-corona"],"yoast_head":"<!-- This site is optimized with the Yoast SEO plugin v27.5 - https:\/\/yoast.com\/product\/yoast-seo-wordpress\/ -->\n<title>Coronalage in S\u00fcdniedersachsen und im Eichsfeld am 05.01.21 - Radio Leinewelle<\/title>\n<meta name=\"robots\" content=\"index, follow, max-snippet:-1, max-image-preview:large, max-video-preview:-1\" \/>\n<link rel=\"canonical\" href=\"https:\/\/radioleinewelle.de\/index.php\/2021\/01\/05\/coronalage-in-suedniedersachsen-und-im-eichsfeld-am-05-01-21\/\" \/>\n<meta property=\"og:locale\" content=\"de_DE\" \/>\n<meta property=\"og:type\" content=\"article\" \/>\n<meta property=\"og:title\" content=\"Coronalage in S\u00fcdniedersachsen und im Eichsfeld am 05.01.21 - Radio Leinewelle\" \/>\n<meta property=\"og:description\" content=\"Die Inzidenzzahlen in S\u00fcdniedersachsen sind im Vergleich zur Vorwoche in den einzelnen Landkreisen r\u00fcckl\u00e4ufig, d.h. am oder \u00fcber dem Grenzwert von 50. Die aktuellen Zahlen im Detail: Die Landkreise: G\u00f6ttingen 77,3, Northeim 34,0, Goslar 33,8, Holzminden 46,8, H\u00f6xter 163,3.\u00a0Der Durchschnitt in Niedersachsen liegt bei 88,3, der Bundesdurchschnitt 134,7 die bundesweite Zahl der Corona Neuinfektionen steigt [&hellip;]\" \/>\n<meta property=\"og:url\" content=\"https:\/\/radioleinewelle.de\/index.php\/2021\/01\/05\/coronalage-in-suedniedersachsen-und-im-eichsfeld-am-05-01-21\/\" \/>\n<meta property=\"og:site_name\" content=\"Radio Leinewelle\" \/>\n<meta property=\"article:publisher\" content=\"https:\/\/www.facebook.com\/radioleinewelle\" \/>\n<meta property=\"article:author\" content=\"https:\/\/www.facebook.com\/radioleinewelle\" \/>\n<meta property=\"article:published_time\" content=\"2021-01-05T04:52:27+00:00\" \/>\n<meta property=\"og:image\" content=\"https:\/\/radioleinewelle.de\/wp-content\/uploads\/2020\/12\/corona-4970836_640.jpg\" \/>\n\t<meta property=\"og:image:width\" content=\"640\" \/>\n\t<meta property=\"og:image:height\" content=\"427\" \/>\n\t<meta property=\"og:image:type\" content=\"image\/jpeg\" \/>\n<meta name=\"author\" content=\"Leinewelle\" \/>\n<meta name=\"twitter:card\" content=\"summary_large_image\" \/>\n<meta name=\"twitter:creator\" content=\"@https:\/\/twitter.com\/RLeinewelle?ref_src=twsrcgoogletwcampserptwgrauthor\" \/>\n<meta name=\"twitter:site\" content=\"@RLeinewelle\" \/>\n<meta name=\"twitter:label1\" content=\"Verfasst von\" \/>\n\t<meta name=\"twitter:data1\" content=\"Leinewelle\" \/>\n\t<meta name=\"twitter:label2\" content=\"Gesch\u00e4tzte Lesezeit\" \/>\n\t<meta name=\"twitter:data2\" content=\"2\u00a0Minuten\" \/>\n<script type=\"application\/ld+json\" class=\"yoast-schema-graph\">{\"@context\":\"https:\\\/\\\/schema.org\",\"@graph\":[{\"@type\":\"Article\",\"@id\":\"https:\\\/\\\/radioleinewelle.de\\\/index.php\\\/2021\\\/01\\\/05\\\/coronalage-in-suedniedersachsen-und-im-eichsfeld-am-05-01-21\\\/#article\",\"isPartOf\":{\"@id\":\"https:\\\/\\\/radioleinewelle.de\\\/index.php\\\/2021\\\/01\\\/05\\\/coronalage-in-suedniedersachsen-und-im-eichsfeld-am-05-01-21\\\/\"},\"author\":{\"name\":\"Leinewelle\",\"@id\":\"https:\\\/\\\/radioleinewelle.de\\\/#\\\/schema\\\/person\\\/45606f348637df637192dc1b68399a63\"},\"headline\":\"Coronalage in S\u00fcdniedersachsen und im Eichsfeld am 05.01.21\",\"datePublished\":\"2021-01-05T04:52:27+00:00\",\"mainEntityOfPage\":{\"@id\":\"https:\\\/\\\/radioleinewelle.de\\\/index.php\\\/2021\\\/01\\\/05\\\/coronalage-in-suedniedersachsen-und-im-eichsfeld-am-05-01-21\\\/\"},\"wordCount\":376,\"publisher\":{\"@id\":\"https:\\\/\\\/radioleinewelle.de\\\/#organization\"},\"image\":{\"@id\":\"https:\\\/\\\/radioleinewelle.de\\\/index.php\\\/2021\\\/01\\\/05\\\/coronalage-in-suedniedersachsen-und-im-eichsfeld-am-05-01-21\\\/#primaryimage\"},\"thumbnailUrl\":\"https:\\\/\\\/radioleinewelle.de\\\/wp-content\\\/uploads\\\/2020\\\/12\\\/corona-4970836_640.jpg\",\"articleSection\":[\"Corona\"],\"inLanguage\":\"de\"},{\"@type\":\"WebPage\",\"@id\":\"https:\\\/\\\/radioleinewelle.de\\\/index.php\\\/2021\\\/01\\\/05\\\/coronalage-in-suedniedersachsen-und-im-eichsfeld-am-05-01-21\\\/\",\"url\":\"https:\\\/\\\/radioleinewelle.de\\\/index.php\\\/2021\\\/01\\\/05\\\/coronalage-in-suedniedersachsen-und-im-eichsfeld-am-05-01-21\\\/\",\"name\":\"Coronalage in S\u00fcdniedersachsen und im Eichsfeld am 05.01.21 - Radio Leinewelle\",\"isPartOf\":{\"@id\":\"https:\\\/\\\/radioleinewelle.de\\\/#website\"},\"primaryImageOfPage\":{\"@id\":\"https:\\\/\\\/radioleinewelle.de\\\/index.php\\\/2021\\\/01\\\/05\\\/coronalage-in-suedniedersachsen-und-im-eichsfeld-am-05-01-21\\\/#primaryimage\"},\"image\":{\"@id\":\"https:\\\/\\\/radioleinewelle.de\\\/index.php\\\/2021\\\/01\\\/05\\\/coronalage-in-suedniedersachsen-und-im-eichsfeld-am-05-01-21\\\/#primaryimage\"},\"thumbnailUrl\":\"https:\\\/\\\/radioleinewelle.de\\\/wp-content\\\/uploads\\\/2020\\\/12\\\/corona-4970836_640.jpg\",\"datePublished\":\"2021-01-05T04:52:27+00:00\",\"breadcrumb\":{\"@id\":\"https:\\\/\\\/radioleinewelle.de\\\/index.php\\\/2021\\\/01\\\/05\\\/coronalage-in-suedniedersachsen-und-im-eichsfeld-am-05-01-21\\\/#breadcrumb\"},\"inLanguage\":\"de\",\"potentialAction\":[{\"@type\":\"ReadAction\",\"target\":[\"https:\\\/\\\/radioleinewelle.de\\\/index.php\\\/2021\\\/01\\\/05\\\/coronalage-in-suedniedersachsen-und-im-eichsfeld-am-05-01-21\\\/\"]}]},{\"@type\":\"ImageObject\",\"inLanguage\":\"de\",\"@id\":\"https:\\\/\\\/radioleinewelle.de\\\/index.php\\\/2021\\\/01\\\/05\\\/coronalage-in-suedniedersachsen-und-im-eichsfeld-am-05-01-21\\\/#primaryimage\",\"url\":\"https:\\\/\\\/radioleinewelle.de\\\/wp-content\\\/uploads\\\/2020\\\/12\\\/corona-4970836_640.jpg\",\"contentUrl\":\"https:\\\/\\\/radioleinewelle.de\\\/wp-content\\\/uploads\\\/2020\\\/12\\\/corona-4970836_640.jpg\",\"width\":640,\"height\":427},{\"@type\":\"BreadcrumbList\",\"@id\":\"https:\\\/\\\/radioleinewelle.de\\\/index.php\\\/2021\\\/01\\\/05\\\/coronalage-in-suedniedersachsen-und-im-eichsfeld-am-05-01-21\\\/#breadcrumb\",\"itemListElement\":[{\"@type\":\"ListItem\",\"position\":1,\"name\":\"Startseite\",\"item\":\"https:\\\/\\\/radioleinewelle.de\\\/\"},{\"@type\":\"ListItem\",\"position\":2,\"name\":\"Coronalage in S\u00fcdniedersachsen und im Eichsfeld am 05.01.21\"}]},{\"@type\":\"WebSite\",\"@id\":\"https:\\\/\\\/radioleinewelle.de\\\/#website\",\"url\":\"https:\\\/\\\/radioleinewelle.de\\\/\",\"name\":\"Radio Leinewelle\",\"description\":\"\",\"publisher\":{\"@id\":\"https:\\\/\\\/radioleinewelle.de\\\/#organization\"},\"potentialAction\":[{\"@type\":\"SearchAction\",\"target\":{\"@type\":\"EntryPoint\",\"urlTemplate\":\"https:\\\/\\\/radioleinewelle.de\\\/?s={search_term_string}\"},\"query-input\":{\"@type\":\"PropertyValueSpecification\",\"valueRequired\":true,\"valueName\":\"search_term_string\"}}],\"inLanguage\":\"de\"},{\"@type\":\"Organization\",\"@id\":\"https:\\\/\\\/radioleinewelle.de\\\/#organization\",\"name\":\"Radio Leinewelle\",\"alternateName\":\"Mein Radio f\u00fcr S\u00fcdniedersachsen\",\"url\":\"https:\\\/\\\/radioleinewelle.de\\\/\",\"logo\":{\"@type\":\"ImageObject\",\"inLanguage\":\"de\",\"@id\":\"https:\\\/\\\/radioleinewelle.de\\\/#\\\/schema\\\/logo\\\/image\\\/\",\"url\":\"https:\\\/\\\/radioleinewelle.de\\\/wp-content\\\/uploads\\\/2023\\\/11\\\/cropped-Leinewelle_Logo_weiss.png\",\"contentUrl\":\"https:\\\/\\\/radioleinewelle.de\\\/wp-content\\\/uploads\\\/2023\\\/11\\\/cropped-Leinewelle_Logo_weiss.png\",\"width\":854,\"height\":260,\"caption\":\"Radio Leinewelle\"},\"image\":{\"@id\":\"https:\\\/\\\/radioleinewelle.de\\\/#\\\/schema\\\/logo\\\/image\\\/\"},\"sameAs\":[\"https:\\\/\\\/www.facebook.com\\\/radioleinewelle\",\"https:\\\/\\\/x.com\\\/RLeinewelle\",\"https:\\\/\\\/www.instagram.com\\\/radioleinewelle\\\/?hl=de\"]},{\"@type\":\"Person\",\"@id\":\"https:\\\/\\\/radioleinewelle.de\\\/#\\\/schema\\\/person\\\/45606f348637df637192dc1b68399a63\",\"name\":\"Leinewelle\",\"image\":{\"@type\":\"ImageObject\",\"inLanguage\":\"de\",\"@id\":\"https:\\\/\\\/secure.gravatar.com\\\/avatar\\\/05c9a17bc973052ee5d91549bd32fb4dd0dc85b7b85ae94b2e2b4943476bbea5?s=96&d=blank&r=g\",\"url\":\"https:\\\/\\\/secure.gravatar.com\\\/avatar\\\/05c9a17bc973052ee5d91549bd32fb4dd0dc85b7b85ae94b2e2b4943476bbea5?s=96&d=blank&r=g\",\"contentUrl\":\"https:\\\/\\\/secure.gravatar.com\\\/avatar\\\/05c9a17bc973052ee5d91549bd32fb4dd0dc85b7b85ae94b2e2b4943476bbea5?s=96&d=blank&r=g\",\"caption\":\"Leinewelle\"},\"sameAs\":[\"http:\\\/\\\/localhost\\\/radio%20leinewelle\\\/wordpress\",\"https:\\\/\\\/www.facebook.com\\\/radioleinewelle\",\"https:\\\/\\\/www.instagram.com\\\/radioleinewelle\",\"https:\\\/\\\/x.com\\\/https:\\\/\\\/twitter.com\\\/RLeinewelle?ref_src=twsrcgoogletwcampserptwgrauthor\",\"https:\\\/\\\/soundcloud.com\\\/foerderverein-lokalradio?utm_source=clipboard&utm_medium=text&utm_campaign=social_sharing\"],\"url\":\"https:\\\/\\\/radioleinewelle.de\\\/index.php\\\/author\\\/leinewelle\\\/\"}]}<\/script>\n<!-- \/ Yoast SEO plugin. -->","yoast_head_json":{"title":"Coronalage in S\u00fcdniedersachsen und im Eichsfeld am 05.01.21 - Radio Leinewelle","robots":{"index":"index","follow":"follow","max-snippet":"max-snippet:-1","max-image-preview":"max-image-preview:large","max-video-preview":"max-video-preview:-1"},"canonical":"https:\/\/radioleinewelle.de\/index.php\/2021\/01\/05\/coronalage-in-suedniedersachsen-und-im-eichsfeld-am-05-01-21\/","og_locale":"de_DE","og_type":"article","og_title":"Coronalage in S\u00fcdniedersachsen und im Eichsfeld am 05.01.21 - Radio Leinewelle","og_description":"Die Inzidenzzahlen in S\u00fcdniedersachsen sind im Vergleich zur Vorwoche in den einzelnen Landkreisen r\u00fcckl\u00e4ufig, d.h. am oder \u00fcber dem Grenzwert von 50. Die aktuellen Zahlen im Detail: Die Landkreise: G\u00f6ttingen 77,3, Northeim 34,0, Goslar 33,8, Holzminden 46,8, H\u00f6xter 163,3.\u00a0Der Durchschnitt in Niedersachsen liegt bei 88,3, der Bundesdurchschnitt 134,7 die bundesweite Zahl der Corona Neuinfektionen steigt [&hellip;]","og_url":"https:\/\/radioleinewelle.de\/index.php\/2021\/01\/05\/coronalage-in-suedniedersachsen-und-im-eichsfeld-am-05-01-21\/","og_site_name":"Radio Leinewelle","article_publisher":"https:\/\/www.facebook.com\/radioleinewelle","article_author":"https:\/\/www.facebook.com\/radioleinewelle","article_published_time":"2021-01-05T04:52:27+00:00","og_image":[{"width":640,"height":427,"url":"https:\/\/radioleinewelle.de\/wp-content\/uploads\/2020\/12\/corona-4970836_640.jpg","type":"image\/jpeg"}],"author":"Leinewelle","twitter_card":"summary_large_image","twitter_creator":"@https:\/\/twitter.com\/RLeinewelle?ref_src=twsrcgoogletwcampserptwgrauthor","twitter_site":"@RLeinewelle","twitter_misc":{"Verfasst von":"Leinewelle","Gesch\u00e4tzte Lesezeit":"2\u00a0Minuten"},"schema":{"@context":"https:\/\/schema.org","@graph":[{"@type":"Article","@id":"https:\/\/radioleinewelle.de\/index.php\/2021\/01\/05\/coronalage-in-suedniedersachsen-und-im-eichsfeld-am-05-01-21\/#article","isPartOf":{"@id":"https:\/\/radioleinewelle.de\/index.php\/2021\/01\/05\/coronalage-in-suedniedersachsen-und-im-eichsfeld-am-05-01-21\/"},"author":{"name":"Leinewelle","@id":"https:\/\/radioleinewelle.de\/#\/schema\/person\/45606f348637df637192dc1b68399a63"},"headline":"Coronalage in S\u00fcdniedersachsen und im Eichsfeld am 05.01.21","datePublished":"2021-01-05T04:52:27+00:00","mainEntityOfPage":{"@id":"https:\/\/radioleinewelle.de\/index.php\/2021\/01\/05\/coronalage-in-suedniedersachsen-und-im-eichsfeld-am-05-01-21\/"},"wordCount":376,"publisher":{"@id":"https:\/\/radioleinewelle.de\/#organization"},"image":{"@id":"https:\/\/radioleinewelle.de\/index.php\/2021\/01\/05\/coronalage-in-suedniedersachsen-und-im-eichsfeld-am-05-01-21\/#primaryimage"},"thumbnailUrl":"https:\/\/radioleinewelle.de\/wp-content\/uploads\/2020\/12\/corona-4970836_640.jpg","articleSection":["Corona"],"inLanguage":"de"},{"@type":"WebPage","@id":"https:\/\/radioleinewelle.de\/index.php\/2021\/01\/05\/coronalage-in-suedniedersachsen-und-im-eichsfeld-am-05-01-21\/","url":"https:\/\/radioleinewelle.de\/index.php\/2021\/01\/05\/coronalage-in-suedniedersachsen-und-im-eichsfeld-am-05-01-21\/","name":"Coronalage in S\u00fcdniedersachsen und im Eichsfeld am 05.01.21 - Radio Leinewelle","isPartOf":{"@id":"https:\/\/radioleinewelle.de\/#website"},"primaryImageOfPage":{"@id":"https:\/\/radioleinewelle.de\/index.php\/2021\/01\/05\/coronalage-in-suedniedersachsen-und-im-eichsfeld-am-05-01-21\/#primaryimage"},"image":{"@id":"https:\/\/radioleinewelle.de\/index.php\/2021\/01\/05\/coronalage-in-suedniedersachsen-und-im-eichsfeld-am-05-01-21\/#primaryimage"},"thumbnailUrl":"https:\/\/radioleinewelle.de\/wp-content\/uploads\/2020\/12\/corona-4970836_640.jpg","datePublished":"2021-01-05T04:52:27+00:00","breadcrumb":{"@id":"https:\/\/radioleinewelle.de\/index.php\/2021\/01\/05\/coronalage-in-suedniedersachsen-und-im-eichsfeld-am-05-01-21\/#breadcrumb"},"inLanguage":"de","potentialAction":[{"@type":"ReadAction","target":["https:\/\/radioleinewelle.de\/index.php\/2021\/01\/05\/coronalage-in-suedniedersachsen-und-im-eichsfeld-am-05-01-21\/"]}]},{"@type":"ImageObject","inLanguage":"de","@id":"https:\/\/radioleinewelle.de\/index.php\/2021\/01\/05\/coronalage-in-suedniedersachsen-und-im-eichsfeld-am-05-01-21\/#primaryimage","url":"https:\/\/radioleinewelle.de\/wp-content\/uploads\/2020\/12\/corona-4970836_640.jpg","contentUrl":"https:\/\/radioleinewelle.de\/wp-content\/uploads\/2020\/12\/corona-4970836_640.jpg","width":640,"height":427},{"@type":"BreadcrumbList","@id":"https:\/\/radioleinewelle.de\/index.php\/2021\/01\/05\/coronalage-in-suedniedersachsen-und-im-eichsfeld-am-05-01-21\/#breadcrumb","itemListElement":[{"@type":"ListItem","position":1,"name":"Startseite","item":"https:\/\/radioleinewelle.de\/"},{"@type":"ListItem","position":2,"name":"Coronalage in S\u00fcdniedersachsen und im Eichsfeld am 05.01.21"}]},{"@type":"WebSite","@id":"https:\/\/radioleinewelle.de\/#website","url":"https:\/\/radioleinewelle.de\/","name":"Radio Leinewelle","description":"","publisher":{"@id":"https:\/\/radioleinewelle.de\/#organization"},"potentialAction":[{"@type":"SearchAction","target":{"@type":"EntryPoint","urlTemplate":"https:\/\/radioleinewelle.de\/?s={search_term_string}"},"query-input":{"@type":"PropertyValueSpecification","valueRequired":true,"valueName":"search_term_string"}}],"inLanguage":"de"},{"@type":"Organization","@id":"https:\/\/radioleinewelle.de\/#organization","name":"Radio Leinewelle","alternateName":"Mein Radio f\u00fcr S\u00fcdniedersachsen","url":"https:\/\/radioleinewelle.de\/","logo":{"@type":"ImageObject","inLanguage":"de","@id":"https:\/\/radioleinewelle.de\/#\/schema\/logo\/image\/","url":"https:\/\/radioleinewelle.de\/wp-content\/uploads\/2023\/11\/cropped-Leinewelle_Logo_weiss.png","contentUrl":"https:\/\/radioleinewelle.de\/wp-content\/uploads\/2023\/11\/cropped-Leinewelle_Logo_weiss.png","width":854,"height":260,"caption":"Radio Leinewelle"},"image":{"@id":"https:\/\/radioleinewelle.de\/#\/schema\/logo\/image\/"},"sameAs":["https:\/\/www.facebook.com\/radioleinewelle","https:\/\/x.com\/RLeinewelle","https:\/\/www.instagram.com\/radioleinewelle\/?hl=de"]},{"@type":"Person","@id":"https:\/\/radioleinewelle.de\/#\/schema\/person\/45606f348637df637192dc1b68399a63","name":"Leinewelle","image":{"@type":"ImageObject","inLanguage":"de","@id":"https:\/\/secure.gravatar.com\/avatar\/05c9a17bc973052ee5d91549bd32fb4dd0dc85b7b85ae94b2e2b4943476bbea5?s=96&d=blank&r=g","url":"https:\/\/secure.gravatar.com\/avatar\/05c9a17bc973052ee5d91549bd32fb4dd0dc85b7b85ae94b2e2b4943476bbea5?s=96&d=blank&r=g","contentUrl":"https:\/\/secure.gravatar.com\/avatar\/05c9a17bc973052ee5d91549bd32fb4dd0dc85b7b85ae94b2e2b4943476bbea5?s=96&d=blank&r=g","caption":"Leinewelle"},"sameAs":["http:\/\/localhost\/radio%20leinewelle\/wordpress","https:\/\/www.facebook.com\/radioleinewelle","https:\/\/www.instagram.com\/radioleinewelle","https:\/\/x.com\/https:\/\/twitter.com\/RLeinewelle?ref_src=twsrcgoogletwcampserptwgrauthor","https:\/\/soundcloud.com\/foerderverein-lokalradio?utm_source=clipboard&utm_medium=text&utm_campaign=social_sharing"],"url":"https:\/\/radioleinewelle.de\/index.php\/author\/leinewelle\/"}]}},"_links":{"self":[{"href":"https:\/\/radioleinewelle.de\/index.php\/wp-json\/wp\/v2\/posts\/3897","targetHints":{"allow":["GET"]}}],"collection":[{"href":"https:\/\/radioleinewelle.de\/index.php\/wp-json\/wp\/v2\/posts"}],"about":[{"href":"https:\/\/radioleinewelle.de\/index.php\/wp-json\/wp\/v2\/types\/post"}],"author":[{"embeddable":true,"href":"https:\/\/radioleinewelle.de\/index.php\/wp-json\/wp\/v2\/users\/1"}],"replies":[{"embeddable":true,"href":"https:\/\/radioleinewelle.de\/index.php\/wp-json\/wp\/v2\/comments?post=3897"}],"version-history":[{"count":0,"href":"https:\/\/radioleinewelle.de\/index.php\/wp-json\/wp\/v2\/posts\/3897\/revisions"}],"wp:featuredmedia":[{"embeddable":true,"href":"https:\/\/radioleinewelle.de\/index.php\/wp-json\/wp\/v2\/media\/3262"}],"wp:attachment":[{"href":"https:\/\/radioleinewelle.de\/index.php\/wp-json\/wp\/v2\/media?parent=3897"}],"wp:term":[{"taxonomy":"category","embeddable":true,"href":"https:\/\/radioleinewelle.de\/index.php\/wp-json\/wp\/v2\/categories?post=3897"},{"taxonomy":"post_tag","embeddable":true,"href":"https:\/\/radioleinewelle.de\/index.php\/wp-json\/wp\/v2\/tags?post=3897"}],"curies":[{"name":"wp","href":"https:\/\/api.w.org\/{rel}","templated":true}]}}