{"id":3903,"date":"2021-01-05T05:10:49","date_gmt":"2021-01-05T04:10:49","guid":{"rendered":"https:\/\/radioleinewelle.de\/?p=3903"},"modified":"2021-01-05T05:10:49","modified_gmt":"2021-01-05T04:10:49","slug":"harzregion-warnt-vor-erneutem-ansturm-auf-die-tourismusschwerpunkte","status":"publish","type":"post","link":"https:\/\/radioleinewelle.de\/index.php\/2021\/01\/05\/harzregion-warnt-vor-erneutem-ansturm-auf-die-tourismusschwerpunkte\/","title":{"rendered":"Harzregion warnt vor erneutem Ansturm auf die Tourismusschwerpunkte"},"content":{"rendered":"<p>Der Besucheransturm im Harz am letzten Wochenende hat Auswirkungen. In einem deutlichen Appell wenden sich zahlreiche B\u00fcrgermeister und regionale Vertreter im Harz an die Besucher. Die Erkl\u00e4rung im Wortlaut:<\/p>\n<p><em>&#8222;Der Harz als Tourismus- und Naherholungsregion und seine Kommunen im und um den Oberharz freuen sich immer \u00fcber G\u00e4ste. Doch in Zeiten einer Pandemie und mit den Erfahrungen der letzten Tage in Bezug auf das gegenw\u00e4rtige Besucheraufkommen treibt uns die Sorge um die Sicherheit der G\u00e4ste und der einheimischen Bev\u00f6lkerung um.&nbsp;Wir bitten Sie daher inst\u00e4ndig, aktuell von einem Ausflug in den Harz abzusehen. Wir alle lieben den Harz und das ist wunderbar, bitte handeln Sie jedoch besonnen und vern\u00fcnftig. Sehr gut k\u00f6nnen wir Ihre Sehnsucht nach einem Spaziergang in der Natur verstehen, nach einem Ausflug in die Harzer Winterlandschaft. Leider haben zu viele Menschen jedoch gerade die gleiche Idee und es machen sich so viele G\u00e4ste auf den Weg zu uns, dass es vielerorts unter den aktuellen Bedingungen zu besorgniserregenden Zust\u00e4nden kommt.&nbsp;Schon bei der Anreise bilden sich kilometerlange Staus, gefolgt von einer nahezu aussichtslosen Parkplatzsuche vor Ort. Seilbahnen, Ski- und Rodellifte sowie Hotels, Gastst\u00e4tten und Caf\u00e9s sind geschlossen. Es gibt keine Einkehr- oder Aufw\u00e4rmm\u00f6glichkeiten und es sind nur wenige \u00f6ffentliche Toiletten in den Ortslagen vorhanden. Menschen dr\u00e4ngen sich auf stark belebten Rodelfl\u00e4chen und touristischen Pl\u00e4tzen, vollen Parkpl\u00e4tzen und Wanderwegen &#8211; man kommt sich gef\u00e4hrlich nah und der so wichtige Abstand zu einander kann ggf. nicht mehr eingehalten werden.&nbsp;Mit Ihrem solidarischen Verhalten unterst\u00fctzen Sie den Kampf gegen die CoronaPandemie und damit auch die Entwicklung zu einem hoffentlich baldigen entspannteren Wiedersehen im Harz.&#8220;<\/em><\/p>\n<p>B\u00fcrgermeister Stadt Bad Harzburg Ralph Abrahms<br \/>\nB\u00fcrgermeister Stadt Braunlage Wolfgang Langer<br \/>\nB\u00fcrgermeisterin der Stadt Clausthal-Zellerfeld Britta Schweigel<br \/>\nOberb\u00fcrgermeister der Stadt Goslar Dr. Oliver Jung<br \/>\nOberb\u00fcrgermeister der Stadt Wernigerode Peter Gaffert<br \/>\nLandrat des Landkreises Goslar&nbsp;Thomas Brych<br \/>\nPolizeiinspektion Goslar<br \/>\nHarzer Tourismusverband<\/p>\n<p>Bild von <a href=\"https:\/\/pixabay.com\/de\/users\/pixaline-1569622\/?utm_source=link-attribution&amp;utm_medium=referral&amp;utm_campaign=image&amp;utm_content=1150138\">Pixaline<\/a> auf <a href=\"https:\/\/pixabay.com\/de\/?utm_source=link-attribution&amp;utm_medium=referral&amp;utm_campaign=image&amp;utm_content=1150138\">Pixabay<\/a><\/p>\n","protected":false},"excerpt":{"rendered":"<p>Der Besucheransturm im Harz am letzten Wochenende hat Auswirkungen. In einem deutlichen Appell wenden sich zahlreiche B\u00fcrgermeister und regionale Vertreter im Harz an die Besucher. Die Erkl\u00e4rung im Wortlaut: &#8222;Der Harz als Tourismus- und Naherholungsregion und seine Kommunen im und um den Oberharz freuen sich immer \u00fcber G\u00e4ste. Doch in Zeiten einer Pandemie und mit [&hellip;]<\/p>\n","protected":false},"author":1,"featured_media":3907,"comment_status":"closed","ping_status":"closed","sticky":false,"template":"","format":"standard","meta":{"saved_in_kubio":false,"footnotes":""},"categories":[42],"tags":[],"class_list":["post-3903","post","type-post","status-publish","format-standard","has-post-thumbnail","hentry","category-regionaler-tourismus"],"yoast_head":"<!-- This site is optimized with the Yoast SEO plugin v27.5 - https:\/\/yoast.com\/product\/yoast-seo-wordpress\/ -->\n<title>Harzregion warnt vor erneutem Ansturm auf die Tourismusschwerpunkte - Radio Leinewelle<\/title>\n<meta name=\"robots\" content=\"index, follow, max-snippet:-1, max-image-preview:large, max-video-preview:-1\" \/>\n<link rel=\"canonical\" href=\"https:\/\/radioleinewelle.de\/index.php\/2021\/01\/05\/harzregion-warnt-vor-erneutem-ansturm-auf-die-tourismusschwerpunkte\/\" \/>\n<meta property=\"og:locale\" content=\"de_DE\" \/>\n<meta property=\"og:type\" content=\"article\" \/>\n<meta property=\"og:title\" content=\"Harzregion warnt vor erneutem Ansturm auf die Tourismusschwerpunkte - Radio Leinewelle\" \/>\n<meta property=\"og:description\" content=\"Der Besucheransturm im Harz am letzten Wochenende hat Auswirkungen. In einem deutlichen Appell wenden sich zahlreiche B\u00fcrgermeister und regionale Vertreter im Harz an die Besucher. Die Erkl\u00e4rung im Wortlaut: &#8222;Der Harz als Tourismus- und Naherholungsregion und seine Kommunen im und um den Oberharz freuen sich immer \u00fcber G\u00e4ste. Doch in Zeiten einer Pandemie und mit [&hellip;]\" \/>\n<meta property=\"og:url\" content=\"https:\/\/radioleinewelle.de\/index.php\/2021\/01\/05\/harzregion-warnt-vor-erneutem-ansturm-auf-die-tourismusschwerpunkte\/\" \/>\n<meta property=\"og:site_name\" content=\"Radio Leinewelle\" \/>\n<meta property=\"article:publisher\" content=\"https:\/\/www.facebook.com\/radioleinewelle\" \/>\n<meta property=\"article:author\" content=\"https:\/\/www.facebook.com\/radioleinewelle\" \/>\n<meta property=\"article:published_time\" content=\"2021-01-05T04:10:49+00:00\" \/>\n<meta property=\"og:image\" content=\"https:\/\/radioleinewelle.de\/wp-content\/uploads\/2021\/01\/boulder-1150138_640.jpg\" \/>\n\t<meta property=\"og:image:width\" content=\"640\" \/>\n\t<meta property=\"og:image:height\" content=\"423\" \/>\n\t<meta property=\"og:image:type\" content=\"image\/jpeg\" \/>\n<meta name=\"author\" content=\"Leinewelle\" \/>\n<meta name=\"twitter:card\" content=\"summary_large_image\" \/>\n<meta name=\"twitter:creator\" content=\"@https:\/\/twitter.com\/RLeinewelle?ref_src=twsrcgoogletwcampserptwgrauthor\" \/>\n<meta name=\"twitter:site\" content=\"@RLeinewelle\" \/>\n<meta name=\"twitter:label1\" content=\"Verfasst von\" \/>\n\t<meta name=\"twitter:data1\" content=\"Leinewelle\" \/>\n\t<meta name=\"twitter:label2\" content=\"Gesch\u00e4tzte Lesezeit\" \/>\n\t<meta name=\"twitter:data2\" content=\"2\u00a0Minuten\" \/>\n<script type=\"application\/ld+json\" class=\"yoast-schema-graph\">{\"@context\":\"https:\\\/\\\/schema.org\",\"@graph\":[{\"@type\":\"Article\",\"@id\":\"https:\\\/\\\/radioleinewelle.de\\\/index.php\\\/2021\\\/01\\\/05\\\/harzregion-warnt-vor-erneutem-ansturm-auf-die-tourismusschwerpunkte\\\/#article\",\"isPartOf\":{\"@id\":\"https:\\\/\\\/radioleinewelle.de\\\/index.php\\\/2021\\\/01\\\/05\\\/harzregion-warnt-vor-erneutem-ansturm-auf-die-tourismusschwerpunkte\\\/\"},\"author\":{\"name\":\"Leinewelle\",\"@id\":\"https:\\\/\\\/radioleinewelle.de\\\/#\\\/schema\\\/person\\\/45606f348637df637192dc1b68399a63\"},\"headline\":\"Harzregion warnt vor erneutem Ansturm auf die Tourismusschwerpunkte\",\"datePublished\":\"2021-01-05T04:10:49+00:00\",\"mainEntityOfPage\":{\"@id\":\"https:\\\/\\\/radioleinewelle.de\\\/index.php\\\/2021\\\/01\\\/05\\\/harzregion-warnt-vor-erneutem-ansturm-auf-die-tourismusschwerpunkte\\\/\"},\"wordCount\":346,\"publisher\":{\"@id\":\"https:\\\/\\\/radioleinewelle.de\\\/#organization\"},\"image\":{\"@id\":\"https:\\\/\\\/radioleinewelle.de\\\/index.php\\\/2021\\\/01\\\/05\\\/harzregion-warnt-vor-erneutem-ansturm-auf-die-tourismusschwerpunkte\\\/#primaryimage\"},\"thumbnailUrl\":\"https:\\\/\\\/radioleinewelle.de\\\/wp-content\\\/uploads\\\/2021\\\/01\\\/boulder-1150138_640.jpg\",\"articleSection\":[\"Regionaler Tourismus\"],\"inLanguage\":\"de\"},{\"@type\":\"WebPage\",\"@id\":\"https:\\\/\\\/radioleinewelle.de\\\/index.php\\\/2021\\\/01\\\/05\\\/harzregion-warnt-vor-erneutem-ansturm-auf-die-tourismusschwerpunkte\\\/\",\"url\":\"https:\\\/\\\/radioleinewelle.de\\\/index.php\\\/2021\\\/01\\\/05\\\/harzregion-warnt-vor-erneutem-ansturm-auf-die-tourismusschwerpunkte\\\/\",\"name\":\"Harzregion warnt vor erneutem Ansturm auf die Tourismusschwerpunkte - Radio Leinewelle\",\"isPartOf\":{\"@id\":\"https:\\\/\\\/radioleinewelle.de\\\/#website\"},\"primaryImageOfPage\":{\"@id\":\"https:\\\/\\\/radioleinewelle.de\\\/index.php\\\/2021\\\/01\\\/05\\\/harzregion-warnt-vor-erneutem-ansturm-auf-die-tourismusschwerpunkte\\\/#primaryimage\"},\"image\":{\"@id\":\"https:\\\/\\\/radioleinewelle.de\\\/index.php\\\/2021\\\/01\\\/05\\\/harzregion-warnt-vor-erneutem-ansturm-auf-die-tourismusschwerpunkte\\\/#primaryimage\"},\"thumbnailUrl\":\"https:\\\/\\\/radioleinewelle.de\\\/wp-content\\\/uploads\\\/2021\\\/01\\\/boulder-1150138_640.jpg\",\"datePublished\":\"2021-01-05T04:10:49+00:00\",\"breadcrumb\":{\"@id\":\"https:\\\/\\\/radioleinewelle.de\\\/index.php\\\/2021\\\/01\\\/05\\\/harzregion-warnt-vor-erneutem-ansturm-auf-die-tourismusschwerpunkte\\\/#breadcrumb\"},\"inLanguage\":\"de\",\"potentialAction\":[{\"@type\":\"ReadAction\",\"target\":[\"https:\\\/\\\/radioleinewelle.de\\\/index.php\\\/2021\\\/01\\\/05\\\/harzregion-warnt-vor-erneutem-ansturm-auf-die-tourismusschwerpunkte\\\/\"]}]},{\"@type\":\"ImageObject\",\"inLanguage\":\"de\",\"@id\":\"https:\\\/\\\/radioleinewelle.de\\\/index.php\\\/2021\\\/01\\\/05\\\/harzregion-warnt-vor-erneutem-ansturm-auf-die-tourismusschwerpunkte\\\/#primaryimage\",\"url\":\"https:\\\/\\\/radioleinewelle.de\\\/wp-content\\\/uploads\\\/2021\\\/01\\\/boulder-1150138_640.jpg\",\"contentUrl\":\"https:\\\/\\\/radioleinewelle.de\\\/wp-content\\\/uploads\\\/2021\\\/01\\\/boulder-1150138_640.jpg\",\"width\":640,\"height\":423},{\"@type\":\"BreadcrumbList\",\"@id\":\"https:\\\/\\\/radioleinewelle.de\\\/index.php\\\/2021\\\/01\\\/05\\\/harzregion-warnt-vor-erneutem-ansturm-auf-die-tourismusschwerpunkte\\\/#breadcrumb\",\"itemListElement\":[{\"@type\":\"ListItem\",\"position\":1,\"name\":\"Startseite\",\"item\":\"https:\\\/\\\/radioleinewelle.de\\\/\"},{\"@type\":\"ListItem\",\"position\":2,\"name\":\"Harzregion warnt vor erneutem Ansturm auf die Tourismusschwerpunkte\"}]},{\"@type\":\"WebSite\",\"@id\":\"https:\\\/\\\/radioleinewelle.de\\\/#website\",\"url\":\"https:\\\/\\\/radioleinewelle.de\\\/\",\"name\":\"Radio Leinewelle\",\"description\":\"\",\"publisher\":{\"@id\":\"https:\\\/\\\/radioleinewelle.de\\\/#organization\"},\"potentialAction\":[{\"@type\":\"SearchAction\",\"target\":{\"@type\":\"EntryPoint\",\"urlTemplate\":\"https:\\\/\\\/radioleinewelle.de\\\/?s={search_term_string}\"},\"query-input\":{\"@type\":\"PropertyValueSpecification\",\"valueRequired\":true,\"valueName\":\"search_term_string\"}}],\"inLanguage\":\"de\"},{\"@type\":\"Organization\",\"@id\":\"https:\\\/\\\/radioleinewelle.de\\\/#organization\",\"name\":\"Radio Leinewelle\",\"alternateName\":\"Mein Radio f\u00fcr S\u00fcdniedersachsen\",\"url\":\"https:\\\/\\\/radioleinewelle.de\\\/\",\"logo\":{\"@type\":\"ImageObject\",\"inLanguage\":\"de\",\"@id\":\"https:\\\/\\\/radioleinewelle.de\\\/#\\\/schema\\\/logo\\\/image\\\/\",\"url\":\"https:\\\/\\\/radioleinewelle.de\\\/wp-content\\\/uploads\\\/2023\\\/11\\\/cropped-Leinewelle_Logo_weiss.png\",\"contentUrl\":\"https:\\\/\\\/radioleinewelle.de\\\/wp-content\\\/uploads\\\/2023\\\/11\\\/cropped-Leinewelle_Logo_weiss.png\",\"width\":854,\"height\":260,\"caption\":\"Radio Leinewelle\"},\"image\":{\"@id\":\"https:\\\/\\\/radioleinewelle.de\\\/#\\\/schema\\\/logo\\\/image\\\/\"},\"sameAs\":[\"https:\\\/\\\/www.facebook.com\\\/radioleinewelle\",\"https:\\\/\\\/x.com\\\/RLeinewelle\",\"https:\\\/\\\/www.instagram.com\\\/radioleinewelle\\\/?hl=de\"]},{\"@type\":\"Person\",\"@id\":\"https:\\\/\\\/radioleinewelle.de\\\/#\\\/schema\\\/person\\\/45606f348637df637192dc1b68399a63\",\"name\":\"Leinewelle\",\"image\":{\"@type\":\"ImageObject\",\"inLanguage\":\"de\",\"@id\":\"https:\\\/\\\/secure.gravatar.com\\\/avatar\\\/05c9a17bc973052ee5d91549bd32fb4dd0dc85b7b85ae94b2e2b4943476bbea5?s=96&d=blank&r=g\",\"url\":\"https:\\\/\\\/secure.gravatar.com\\\/avatar\\\/05c9a17bc973052ee5d91549bd32fb4dd0dc85b7b85ae94b2e2b4943476bbea5?s=96&d=blank&r=g\",\"contentUrl\":\"https:\\\/\\\/secure.gravatar.com\\\/avatar\\\/05c9a17bc973052ee5d91549bd32fb4dd0dc85b7b85ae94b2e2b4943476bbea5?s=96&d=blank&r=g\",\"caption\":\"Leinewelle\"},\"sameAs\":[\"http:\\\/\\\/localhost\\\/radio%20leinewelle\\\/wordpress\",\"https:\\\/\\\/www.facebook.com\\\/radioleinewelle\",\"https:\\\/\\\/www.instagram.com\\\/radioleinewelle\",\"https:\\\/\\\/x.com\\\/https:\\\/\\\/twitter.com\\\/RLeinewelle?ref_src=twsrcgoogletwcampserptwgrauthor\",\"https:\\\/\\\/soundcloud.com\\\/foerderverein-lokalradio?utm_source=clipboard&utm_medium=text&utm_campaign=social_sharing\"],\"url\":\"https:\\\/\\\/radioleinewelle.de\\\/index.php\\\/author\\\/leinewelle\\\/\"}]}<\/script>\n<!-- \/ Yoast SEO plugin. -->","yoast_head_json":{"title":"Harzregion warnt vor erneutem Ansturm auf die Tourismusschwerpunkte - Radio Leinewelle","robots":{"index":"index","follow":"follow","max-snippet":"max-snippet:-1","max-image-preview":"max-image-preview:large","max-video-preview":"max-video-preview:-1"},"canonical":"https:\/\/radioleinewelle.de\/index.php\/2021\/01\/05\/harzregion-warnt-vor-erneutem-ansturm-auf-die-tourismusschwerpunkte\/","og_locale":"de_DE","og_type":"article","og_title":"Harzregion warnt vor erneutem Ansturm auf die Tourismusschwerpunkte - Radio Leinewelle","og_description":"Der Besucheransturm im Harz am letzten Wochenende hat Auswirkungen. In einem deutlichen Appell wenden sich zahlreiche B\u00fcrgermeister und regionale Vertreter im Harz an die Besucher. Die Erkl\u00e4rung im Wortlaut: &#8222;Der Harz als Tourismus- und Naherholungsregion und seine Kommunen im und um den Oberharz freuen sich immer \u00fcber G\u00e4ste. Doch in Zeiten einer Pandemie und mit [&hellip;]","og_url":"https:\/\/radioleinewelle.de\/index.php\/2021\/01\/05\/harzregion-warnt-vor-erneutem-ansturm-auf-die-tourismusschwerpunkte\/","og_site_name":"Radio Leinewelle","article_publisher":"https:\/\/www.facebook.com\/radioleinewelle","article_author":"https:\/\/www.facebook.com\/radioleinewelle","article_published_time":"2021-01-05T04:10:49+00:00","og_image":[{"width":640,"height":423,"url":"https:\/\/radioleinewelle.de\/wp-content\/uploads\/2021\/01\/boulder-1150138_640.jpg","type":"image\/jpeg"}],"author":"Leinewelle","twitter_card":"summary_large_image","twitter_creator":"@https:\/\/twitter.com\/RLeinewelle?ref_src=twsrcgoogletwcampserptwgrauthor","twitter_site":"@RLeinewelle","twitter_misc":{"Verfasst von":"Leinewelle","Gesch\u00e4tzte Lesezeit":"2\u00a0Minuten"},"schema":{"@context":"https:\/\/schema.org","@graph":[{"@type":"Article","@id":"https:\/\/radioleinewelle.de\/index.php\/2021\/01\/05\/harzregion-warnt-vor-erneutem-ansturm-auf-die-tourismusschwerpunkte\/#article","isPartOf":{"@id":"https:\/\/radioleinewelle.de\/index.php\/2021\/01\/05\/harzregion-warnt-vor-erneutem-ansturm-auf-die-tourismusschwerpunkte\/"},"author":{"name":"Leinewelle","@id":"https:\/\/radioleinewelle.de\/#\/schema\/person\/45606f348637df637192dc1b68399a63"},"headline":"Harzregion warnt vor erneutem Ansturm auf die Tourismusschwerpunkte","datePublished":"2021-01-05T04:10:49+00:00","mainEntityOfPage":{"@id":"https:\/\/radioleinewelle.de\/index.php\/2021\/01\/05\/harzregion-warnt-vor-erneutem-ansturm-auf-die-tourismusschwerpunkte\/"},"wordCount":346,"publisher":{"@id":"https:\/\/radioleinewelle.de\/#organization"},"image":{"@id":"https:\/\/radioleinewelle.de\/index.php\/2021\/01\/05\/harzregion-warnt-vor-erneutem-ansturm-auf-die-tourismusschwerpunkte\/#primaryimage"},"thumbnailUrl":"https:\/\/radioleinewelle.de\/wp-content\/uploads\/2021\/01\/boulder-1150138_640.jpg","articleSection":["Regionaler Tourismus"],"inLanguage":"de"},{"@type":"WebPage","@id":"https:\/\/radioleinewelle.de\/index.php\/2021\/01\/05\/harzregion-warnt-vor-erneutem-ansturm-auf-die-tourismusschwerpunkte\/","url":"https:\/\/radioleinewelle.de\/index.php\/2021\/01\/05\/harzregion-warnt-vor-erneutem-ansturm-auf-die-tourismusschwerpunkte\/","name":"Harzregion warnt vor erneutem Ansturm auf die Tourismusschwerpunkte - Radio Leinewelle","isPartOf":{"@id":"https:\/\/radioleinewelle.de\/#website"},"primaryImageOfPage":{"@id":"https:\/\/radioleinewelle.de\/index.php\/2021\/01\/05\/harzregion-warnt-vor-erneutem-ansturm-auf-die-tourismusschwerpunkte\/#primaryimage"},"image":{"@id":"https:\/\/radioleinewelle.de\/index.php\/2021\/01\/05\/harzregion-warnt-vor-erneutem-ansturm-auf-die-tourismusschwerpunkte\/#primaryimage"},"thumbnailUrl":"https:\/\/radioleinewelle.de\/wp-content\/uploads\/2021\/01\/boulder-1150138_640.jpg","datePublished":"2021-01-05T04:10:49+00:00","breadcrumb":{"@id":"https:\/\/radioleinewelle.de\/index.php\/2021\/01\/05\/harzregion-warnt-vor-erneutem-ansturm-auf-die-tourismusschwerpunkte\/#breadcrumb"},"inLanguage":"de","potentialAction":[{"@type":"ReadAction","target":["https:\/\/radioleinewelle.de\/index.php\/2021\/01\/05\/harzregion-warnt-vor-erneutem-ansturm-auf-die-tourismusschwerpunkte\/"]}]},{"@type":"ImageObject","inLanguage":"de","@id":"https:\/\/radioleinewelle.de\/index.php\/2021\/01\/05\/harzregion-warnt-vor-erneutem-ansturm-auf-die-tourismusschwerpunkte\/#primaryimage","url":"https:\/\/radioleinewelle.de\/wp-content\/uploads\/2021\/01\/boulder-1150138_640.jpg","contentUrl":"https:\/\/radioleinewelle.de\/wp-content\/uploads\/2021\/01\/boulder-1150138_640.jpg","width":640,"height":423},{"@type":"BreadcrumbList","@id":"https:\/\/radioleinewelle.de\/index.php\/2021\/01\/05\/harzregion-warnt-vor-erneutem-ansturm-auf-die-tourismusschwerpunkte\/#breadcrumb","itemListElement":[{"@type":"ListItem","position":1,"name":"Startseite","item":"https:\/\/radioleinewelle.de\/"},{"@type":"ListItem","position":2,"name":"Harzregion warnt vor erneutem Ansturm auf die Tourismusschwerpunkte"}]},{"@type":"WebSite","@id":"https:\/\/radioleinewelle.de\/#website","url":"https:\/\/radioleinewelle.de\/","name":"Radio Leinewelle","description":"","publisher":{"@id":"https:\/\/radioleinewelle.de\/#organization"},"potentialAction":[{"@type":"SearchAction","target":{"@type":"EntryPoint","urlTemplate":"https:\/\/radioleinewelle.de\/?s={search_term_string}"},"query-input":{"@type":"PropertyValueSpecification","valueRequired":true,"valueName":"search_term_string"}}],"inLanguage":"de"},{"@type":"Organization","@id":"https:\/\/radioleinewelle.de\/#organization","name":"Radio Leinewelle","alternateName":"Mein Radio f\u00fcr S\u00fcdniedersachsen","url":"https:\/\/radioleinewelle.de\/","logo":{"@type":"ImageObject","inLanguage":"de","@id":"https:\/\/radioleinewelle.de\/#\/schema\/logo\/image\/","url":"https:\/\/radioleinewelle.de\/wp-content\/uploads\/2023\/11\/cropped-Leinewelle_Logo_weiss.png","contentUrl":"https:\/\/radioleinewelle.de\/wp-content\/uploads\/2023\/11\/cropped-Leinewelle_Logo_weiss.png","width":854,"height":260,"caption":"Radio Leinewelle"},"image":{"@id":"https:\/\/radioleinewelle.de\/#\/schema\/logo\/image\/"},"sameAs":["https:\/\/www.facebook.com\/radioleinewelle","https:\/\/x.com\/RLeinewelle","https:\/\/www.instagram.com\/radioleinewelle\/?hl=de"]},{"@type":"Person","@id":"https:\/\/radioleinewelle.de\/#\/schema\/person\/45606f348637df637192dc1b68399a63","name":"Leinewelle","image":{"@type":"ImageObject","inLanguage":"de","@id":"https:\/\/secure.gravatar.com\/avatar\/05c9a17bc973052ee5d91549bd32fb4dd0dc85b7b85ae94b2e2b4943476bbea5?s=96&d=blank&r=g","url":"https:\/\/secure.gravatar.com\/avatar\/05c9a17bc973052ee5d91549bd32fb4dd0dc85b7b85ae94b2e2b4943476bbea5?s=96&d=blank&r=g","contentUrl":"https:\/\/secure.gravatar.com\/avatar\/05c9a17bc973052ee5d91549bd32fb4dd0dc85b7b85ae94b2e2b4943476bbea5?s=96&d=blank&r=g","caption":"Leinewelle"},"sameAs":["http:\/\/localhost\/radio%20leinewelle\/wordpress","https:\/\/www.facebook.com\/radioleinewelle","https:\/\/www.instagram.com\/radioleinewelle","https:\/\/x.com\/https:\/\/twitter.com\/RLeinewelle?ref_src=twsrcgoogletwcampserptwgrauthor","https:\/\/soundcloud.com\/foerderverein-lokalradio?utm_source=clipboard&utm_medium=text&utm_campaign=social_sharing"],"url":"https:\/\/radioleinewelle.de\/index.php\/author\/leinewelle\/"}]}},"_links":{"self":[{"href":"https:\/\/radioleinewelle.de\/index.php\/wp-json\/wp\/v2\/posts\/3903","targetHints":{"allow":["GET"]}}],"collection":[{"href":"https:\/\/radioleinewelle.de\/index.php\/wp-json\/wp\/v2\/posts"}],"about":[{"href":"https:\/\/radioleinewelle.de\/index.php\/wp-json\/wp\/v2\/types\/post"}],"author":[{"embeddable":true,"href":"https:\/\/radioleinewelle.de\/index.php\/wp-json\/wp\/v2\/users\/1"}],"replies":[{"embeddable":true,"href":"https:\/\/radioleinewelle.de\/index.php\/wp-json\/wp\/v2\/comments?post=3903"}],"version-history":[{"count":0,"href":"https:\/\/radioleinewelle.de\/index.php\/wp-json\/wp\/v2\/posts\/3903\/revisions"}],"wp:featuredmedia":[{"embeddable":true,"href":"https:\/\/radioleinewelle.de\/index.php\/wp-json\/wp\/v2\/media\/3907"}],"wp:attachment":[{"href":"https:\/\/radioleinewelle.de\/index.php\/wp-json\/wp\/v2\/media?parent=3903"}],"wp:term":[{"taxonomy":"category","embeddable":true,"href":"https:\/\/radioleinewelle.de\/index.php\/wp-json\/wp\/v2\/categories?post=3903"},{"taxonomy":"post_tag","embeddable":true,"href":"https:\/\/radioleinewelle.de\/index.php\/wp-json\/wp\/v2\/tags?post=3903"}],"curies":[{"name":"wp","href":"https:\/\/api.w.org\/{rel}","templated":true}]}}