{"id":3910,"date":"2021-01-06T05:00:31","date_gmt":"2021-01-06T04:00:31","guid":{"rendered":"https:\/\/radioleinewelle.de\/?p=3910"},"modified":"2021-01-06T05:00:31","modified_gmt":"2021-01-06T04:00:31","slug":"planmaessigen-impfungen-haben-in-goettingen-begonnen-mobile-impfteams-starten-in-altersheimen","status":"publish","type":"post","link":"https:\/\/radioleinewelle.de\/index.php\/2021\/01\/06\/planmaessigen-impfungen-haben-in-goettingen-begonnen-mobile-impfteams-starten-in-altersheimen\/","title":{"rendered":"Planm\u00e4\u00dfigen Impfungen haben in G\u00f6ttingen begonnen &#8211; Mobile Impfteams starten in Altersheimen"},"content":{"rendered":"<div class=\"magazinetext\">\n<div class=\"magazineshorttext\">Dienstag war Starttermin f\u00fcr die ersten Coronaimpfungen in G\u00f6ttingen. Dazu teilt die Stadt G\u00f6ttingen mit:<\/div>\n<div class=\"magazineshorttext\">Mobile Impfteams des G\u00f6ttinger Impfzentrums haben am Dienstag, 5. Januar 2021, damit begonnen, G\u00f6ttinger*innen gegen SARS-CoV-2 zu impfen. Im Laufe des Tages haben 120 Menschen die erste von insgesamt zwei erforderlichen Impfungen mit dem Impfstoff der Firma Biontech\/Pfizer erhalten. Die Aktion hat in der Altenpflegeeinrichtung Pro Seniore Residenz am Posthof stattgefunden, geimpft wurden Bewohner*innen sowie Mitarbeiter*innen. Weitere Impfungen werden in den n\u00e4chsten Tagen erfolgen. Mit dieser ersten Ausstattung k\u00f6nnen voraussichtlich drei Altenpflegeheime durchgeimpft werden. Auf dem Plan stehen als n\u00e4chstes die Pro Seniore Residenz im Friedl\u00e4nder Weg, das SenVital Senioren- und Pflegezentrum G\u00f6ttingen Luisenhof in Weende und das Seniorenzentrum G\u00f6ttingen am Ingeborg-Nahnsen-Platz. Weitere zehn Einrichtungen stehen dann noch aus.&nbsp;<a class=\"intern\" title=\"Insgesamt hat die Stadt bislang 975 Impfdosen vom Land erhalten.\" href=\"https:\/\/www.goettingen.de\/aktuelles\/erste-impfstoffe-in-goettingen-angekommen-2021-01-04.html\" target=\"_blank\" rel=\"noopener\">Insgesamt hat die Stadt bislang 975 Impfdosen vom Land erhalten.<\/a><\/div>\n<\/div>\n<div class=\"magazinetext\">\n<div class=\"internerlinkouter\">&nbsp;\u201eDer erste Impftag in G\u00f6ttingen verlief vorbildlich, alles hat wie am Schn\u00fcrchen geklappt\u201c, berichtet Petra Broistedt, Sozialdezernentin und Leiterin des Corona-Einsatzstabs der Stadt G\u00f6ttingen. Die mobilen Teams seien gut vorbereitet gewesen, es habe keine Komplikationen im Ablauf oder bei den Impfungen gegeben. \u201eWir bauen darauf, ab jetzt verl\u00e4ssliche Lieferungen vom Land zu erhalten, um wenigstens dem dringendsten Bedarf in G\u00f6ttingen gerecht zu werden\u201c, unterstreicht Petra Broistedt. \u201eDas habe ich heute noch einmal deutlich gegen\u00fcber dem Landesgesundheitsministerium zum Ausdruck gebracht.\u201c<br \/>\nOberste Priorit\u00e4t haben derzeit Menschen und Besch\u00e4ftigte in Altenpflegeeinrichtungen sowie Besch\u00e4ftigte in Krankenh\u00e4usern, die einem besonderen Infektionsrisiko ausgesetzt sind. Die Universit\u00e4tsmedizin G\u00f6ttingen wird kurzfristig ebenfalls 975 Impfdosen erhalten und damit eigene Mitarbeiter*innen sowie Mitarbeiter*innen des Evangelischen Krankenhauses Weende impfen k\u00f6nnen, die unter erh\u00f6hten Infektionsbedingungen arbeiten, beispielsweise auf einer Corona-Station. Wie allen Kommunen in Niedersachsen steht auch in G\u00f6ttingen nur der vom Land zugeteilte Impfstoff zur Verf\u00fcgung. F\u00fcr die Impfung der Allgemeinbev\u00f6lkerung ist daher Geduld gefragt. \u201eWir hoffen daher sehr, dass der Moderna-Impfstoff zeitnah zugelassen wird. Niedersachsen soll davon bis Ende des ersten Quartals 200.000 Impfdosen erhalten; damit k\u00f6nnten 100.000 Menschen geimpft werden\u201c, so Broistedt.<br \/>\n<a class=\"intern\" title=\"Fragen und Antworten zur Impfung in G\u00f6ttingen gibt es hier.&nbsp;\" href=\"https:\/\/www.goettingen.de\/aktuelles\/fragen-und-antworten-zur-impfung-in-goettingen-2021-01-05.html\" target=\"_blank\" rel=\"noopener\">Fragen und Antworten zur Impfung in G\u00f6ttingen gibt es hier.&nbsp;<\/a><\/div>\n<div class=\"internerlinkouter\"><\/div>\n<\/div>\n<div class=\"internerlinkouter\">Bild von <a href=\"https:\/\/pixabay.com\/de\/users\/wir_sind_zwei-11762968\/?utm_source=link-attribution&amp;utm_medium=referral&amp;utm_campaign=image&amp;utm_content=5873159\">Wilfried Pohnke<\/a> auf <a href=\"https:\/\/pixabay.com\/de\/?utm_source=link-attribution&amp;utm_medium=referral&amp;utm_campaign=image&amp;utm_content=5873159\">Pixabay<\/a><\/div>\n","protected":false},"excerpt":{"rendered":"<p>Dienstag war Starttermin f\u00fcr die ersten Coronaimpfungen in G\u00f6ttingen. Dazu teilt die Stadt G\u00f6ttingen mit: Mobile Impfteams des G\u00f6ttinger Impfzentrums haben am Dienstag, 5. Januar 2021, damit begonnen, G\u00f6ttinger*innen gegen SARS-CoV-2 zu impfen. Im Laufe des Tages haben 120 Menschen die erste von insgesamt zwei erforderlichen Impfungen mit dem Impfstoff der Firma Biontech\/Pfizer erhalten. Die [&hellip;]<\/p>\n","protected":false},"author":1,"featured_media":0,"comment_status":"closed","ping_status":"closed","sticky":false,"template":"","format":"standard","meta":{"saved_in_kubio":false,"footnotes":""},"categories":[23],"tags":[],"class_list":["post-3910","post","type-post","status-publish","format-standard","hentry","category-corona"],"yoast_head":"<!-- This site is optimized with the Yoast SEO plugin v27.5 - https:\/\/yoast.com\/product\/yoast-seo-wordpress\/ -->\n<title>Planm\u00e4\u00dfigen Impfungen haben in G\u00f6ttingen begonnen - Mobile Impfteams starten in Altersheimen - Radio Leinewelle<\/title>\n<meta name=\"robots\" content=\"index, follow, max-snippet:-1, max-image-preview:large, max-video-preview:-1\" \/>\n<link rel=\"canonical\" href=\"https:\/\/radioleinewelle.de\/index.php\/2021\/01\/06\/planmaessigen-impfungen-haben-in-goettingen-begonnen-mobile-impfteams-starten-in-altersheimen\/\" \/>\n<meta property=\"og:locale\" content=\"de_DE\" \/>\n<meta property=\"og:type\" content=\"article\" \/>\n<meta property=\"og:title\" content=\"Planm\u00e4\u00dfigen Impfungen haben in G\u00f6ttingen begonnen - Mobile Impfteams starten in Altersheimen - Radio Leinewelle\" \/>\n<meta property=\"og:description\" content=\"Dienstag war Starttermin f\u00fcr die ersten Coronaimpfungen in G\u00f6ttingen. Dazu teilt die Stadt G\u00f6ttingen mit: Mobile Impfteams des G\u00f6ttinger Impfzentrums haben am Dienstag, 5. Januar 2021, damit begonnen, G\u00f6ttinger*innen gegen SARS-CoV-2 zu impfen. Im Laufe des Tages haben 120 Menschen die erste von insgesamt zwei erforderlichen Impfungen mit dem Impfstoff der Firma Biontech\/Pfizer erhalten. Die [&hellip;]\" \/>\n<meta property=\"og:url\" content=\"https:\/\/radioleinewelle.de\/index.php\/2021\/01\/06\/planmaessigen-impfungen-haben-in-goettingen-begonnen-mobile-impfteams-starten-in-altersheimen\/\" \/>\n<meta property=\"og:site_name\" content=\"Radio Leinewelle\" \/>\n<meta property=\"article:publisher\" content=\"https:\/\/www.facebook.com\/radioleinewelle\" \/>\n<meta property=\"article:author\" content=\"https:\/\/www.facebook.com\/radioleinewelle\" \/>\n<meta property=\"article:published_time\" content=\"2021-01-06T04:00:31+00:00\" \/>\n<meta name=\"author\" content=\"Leinewelle\" \/>\n<meta name=\"twitter:card\" content=\"summary_large_image\" \/>\n<meta name=\"twitter:creator\" content=\"@https:\/\/twitter.com\/RLeinewelle?ref_src=twsrcgoogletwcampserptwgrauthor\" \/>\n<meta name=\"twitter:site\" content=\"@RLeinewelle\" \/>\n<meta name=\"twitter:label1\" content=\"Verfasst von\" \/>\n\t<meta name=\"twitter:data1\" content=\"Leinewelle\" \/>\n\t<meta name=\"twitter:label2\" content=\"Gesch\u00e4tzte Lesezeit\" \/>\n\t<meta name=\"twitter:data2\" content=\"2\u00a0Minuten\" \/>\n<script type=\"application\/ld+json\" class=\"yoast-schema-graph\">{\"@context\":\"https:\\\/\\\/schema.org\",\"@graph\":[{\"@type\":\"Article\",\"@id\":\"https:\\\/\\\/radioleinewelle.de\\\/index.php\\\/2021\\\/01\\\/06\\\/planmaessigen-impfungen-haben-in-goettingen-begonnen-mobile-impfteams-starten-in-altersheimen\\\/#article\",\"isPartOf\":{\"@id\":\"https:\\\/\\\/radioleinewelle.de\\\/index.php\\\/2021\\\/01\\\/06\\\/planmaessigen-impfungen-haben-in-goettingen-begonnen-mobile-impfteams-starten-in-altersheimen\\\/\"},\"author\":{\"name\":\"Leinewelle\",\"@id\":\"https:\\\/\\\/radioleinewelle.de\\\/#\\\/schema\\\/person\\\/45606f348637df637192dc1b68399a63\"},\"headline\":\"Planm\u00e4\u00dfigen Impfungen haben in G\u00f6ttingen begonnen &#8211; Mobile Impfteams starten in Altersheimen\",\"datePublished\":\"2021-01-06T04:00:31+00:00\",\"mainEntityOfPage\":{\"@id\":\"https:\\\/\\\/radioleinewelle.de\\\/index.php\\\/2021\\\/01\\\/06\\\/planmaessigen-impfungen-haben-in-goettingen-begonnen-mobile-impfteams-starten-in-altersheimen\\\/\"},\"wordCount\":380,\"publisher\":{\"@id\":\"https:\\\/\\\/radioleinewelle.de\\\/#organization\"},\"articleSection\":[\"Corona\"],\"inLanguage\":\"de\"},{\"@type\":\"WebPage\",\"@id\":\"https:\\\/\\\/radioleinewelle.de\\\/index.php\\\/2021\\\/01\\\/06\\\/planmaessigen-impfungen-haben-in-goettingen-begonnen-mobile-impfteams-starten-in-altersheimen\\\/\",\"url\":\"https:\\\/\\\/radioleinewelle.de\\\/index.php\\\/2021\\\/01\\\/06\\\/planmaessigen-impfungen-haben-in-goettingen-begonnen-mobile-impfteams-starten-in-altersheimen\\\/\",\"name\":\"Planm\u00e4\u00dfigen Impfungen haben in G\u00f6ttingen begonnen - Mobile Impfteams starten in Altersheimen - Radio Leinewelle\",\"isPartOf\":{\"@id\":\"https:\\\/\\\/radioleinewelle.de\\\/#website\"},\"datePublished\":\"2021-01-06T04:00:31+00:00\",\"breadcrumb\":{\"@id\":\"https:\\\/\\\/radioleinewelle.de\\\/index.php\\\/2021\\\/01\\\/06\\\/planmaessigen-impfungen-haben-in-goettingen-begonnen-mobile-impfteams-starten-in-altersheimen\\\/#breadcrumb\"},\"inLanguage\":\"de\",\"potentialAction\":[{\"@type\":\"ReadAction\",\"target\":[\"https:\\\/\\\/radioleinewelle.de\\\/index.php\\\/2021\\\/01\\\/06\\\/planmaessigen-impfungen-haben-in-goettingen-begonnen-mobile-impfteams-starten-in-altersheimen\\\/\"]}]},{\"@type\":\"BreadcrumbList\",\"@id\":\"https:\\\/\\\/radioleinewelle.de\\\/index.php\\\/2021\\\/01\\\/06\\\/planmaessigen-impfungen-haben-in-goettingen-begonnen-mobile-impfteams-starten-in-altersheimen\\\/#breadcrumb\",\"itemListElement\":[{\"@type\":\"ListItem\",\"position\":1,\"name\":\"Startseite\",\"item\":\"https:\\\/\\\/radioleinewelle.de\\\/\"},{\"@type\":\"ListItem\",\"position\":2,\"name\":\"Planm\u00e4\u00dfigen Impfungen haben in G\u00f6ttingen begonnen &#8211; Mobile Impfteams starten in Altersheimen\"}]},{\"@type\":\"WebSite\",\"@id\":\"https:\\\/\\\/radioleinewelle.de\\\/#website\",\"url\":\"https:\\\/\\\/radioleinewelle.de\\\/\",\"name\":\"Radio Leinewelle\",\"description\":\"\",\"publisher\":{\"@id\":\"https:\\\/\\\/radioleinewelle.de\\\/#organization\"},\"potentialAction\":[{\"@type\":\"SearchAction\",\"target\":{\"@type\":\"EntryPoint\",\"urlTemplate\":\"https:\\\/\\\/radioleinewelle.de\\\/?s={search_term_string}\"},\"query-input\":{\"@type\":\"PropertyValueSpecification\",\"valueRequired\":true,\"valueName\":\"search_term_string\"}}],\"inLanguage\":\"de\"},{\"@type\":\"Organization\",\"@id\":\"https:\\\/\\\/radioleinewelle.de\\\/#organization\",\"name\":\"Radio Leinewelle\",\"alternateName\":\"Mein Radio f\u00fcr S\u00fcdniedersachsen\",\"url\":\"https:\\\/\\\/radioleinewelle.de\\\/\",\"logo\":{\"@type\":\"ImageObject\",\"inLanguage\":\"de\",\"@id\":\"https:\\\/\\\/radioleinewelle.de\\\/#\\\/schema\\\/logo\\\/image\\\/\",\"url\":\"https:\\\/\\\/radioleinewelle.de\\\/wp-content\\\/uploads\\\/2023\\\/11\\\/cropped-Leinewelle_Logo_weiss.png\",\"contentUrl\":\"https:\\\/\\\/radioleinewelle.de\\\/wp-content\\\/uploads\\\/2023\\\/11\\\/cropped-Leinewelle_Logo_weiss.png\",\"width\":854,\"height\":260,\"caption\":\"Radio Leinewelle\"},\"image\":{\"@id\":\"https:\\\/\\\/radioleinewelle.de\\\/#\\\/schema\\\/logo\\\/image\\\/\"},\"sameAs\":[\"https:\\\/\\\/www.facebook.com\\\/radioleinewelle\",\"https:\\\/\\\/x.com\\\/RLeinewelle\",\"https:\\\/\\\/www.instagram.com\\\/radioleinewelle\\\/?hl=de\"]},{\"@type\":\"Person\",\"@id\":\"https:\\\/\\\/radioleinewelle.de\\\/#\\\/schema\\\/person\\\/45606f348637df637192dc1b68399a63\",\"name\":\"Leinewelle\",\"image\":{\"@type\":\"ImageObject\",\"inLanguage\":\"de\",\"@id\":\"https:\\\/\\\/secure.gravatar.com\\\/avatar\\\/05c9a17bc973052ee5d91549bd32fb4dd0dc85b7b85ae94b2e2b4943476bbea5?s=96&d=blank&r=g\",\"url\":\"https:\\\/\\\/secure.gravatar.com\\\/avatar\\\/05c9a17bc973052ee5d91549bd32fb4dd0dc85b7b85ae94b2e2b4943476bbea5?s=96&d=blank&r=g\",\"contentUrl\":\"https:\\\/\\\/secure.gravatar.com\\\/avatar\\\/05c9a17bc973052ee5d91549bd32fb4dd0dc85b7b85ae94b2e2b4943476bbea5?s=96&d=blank&r=g\",\"caption\":\"Leinewelle\"},\"sameAs\":[\"http:\\\/\\\/localhost\\\/radio%20leinewelle\\\/wordpress\",\"https:\\\/\\\/www.facebook.com\\\/radioleinewelle\",\"https:\\\/\\\/www.instagram.com\\\/radioleinewelle\",\"https:\\\/\\\/x.com\\\/https:\\\/\\\/twitter.com\\\/RLeinewelle?ref_src=twsrcgoogletwcampserptwgrauthor\",\"https:\\\/\\\/soundcloud.com\\\/foerderverein-lokalradio?utm_source=clipboard&utm_medium=text&utm_campaign=social_sharing\"],\"url\":\"https:\\\/\\\/radioleinewelle.de\\\/index.php\\\/author\\\/leinewelle\\\/\"}]}<\/script>\n<!-- \/ Yoast SEO plugin. -->","yoast_head_json":{"title":"Planm\u00e4\u00dfigen Impfungen haben in G\u00f6ttingen begonnen - Mobile Impfteams starten in Altersheimen - Radio Leinewelle","robots":{"index":"index","follow":"follow","max-snippet":"max-snippet:-1","max-image-preview":"max-image-preview:large","max-video-preview":"max-video-preview:-1"},"canonical":"https:\/\/radioleinewelle.de\/index.php\/2021\/01\/06\/planmaessigen-impfungen-haben-in-goettingen-begonnen-mobile-impfteams-starten-in-altersheimen\/","og_locale":"de_DE","og_type":"article","og_title":"Planm\u00e4\u00dfigen Impfungen haben in G\u00f6ttingen begonnen - Mobile Impfteams starten in Altersheimen - Radio Leinewelle","og_description":"Dienstag war Starttermin f\u00fcr die ersten Coronaimpfungen in G\u00f6ttingen. Dazu teilt die Stadt G\u00f6ttingen mit: Mobile Impfteams des G\u00f6ttinger Impfzentrums haben am Dienstag, 5. Januar 2021, damit begonnen, G\u00f6ttinger*innen gegen SARS-CoV-2 zu impfen. Im Laufe des Tages haben 120 Menschen die erste von insgesamt zwei erforderlichen Impfungen mit dem Impfstoff der Firma Biontech\/Pfizer erhalten. Die [&hellip;]","og_url":"https:\/\/radioleinewelle.de\/index.php\/2021\/01\/06\/planmaessigen-impfungen-haben-in-goettingen-begonnen-mobile-impfteams-starten-in-altersheimen\/","og_site_name":"Radio Leinewelle","article_publisher":"https:\/\/www.facebook.com\/radioleinewelle","article_author":"https:\/\/www.facebook.com\/radioleinewelle","article_published_time":"2021-01-06T04:00:31+00:00","author":"Leinewelle","twitter_card":"summary_large_image","twitter_creator":"@https:\/\/twitter.com\/RLeinewelle?ref_src=twsrcgoogletwcampserptwgrauthor","twitter_site":"@RLeinewelle","twitter_misc":{"Verfasst von":"Leinewelle","Gesch\u00e4tzte Lesezeit":"2\u00a0Minuten"},"schema":{"@context":"https:\/\/schema.org","@graph":[{"@type":"Article","@id":"https:\/\/radioleinewelle.de\/index.php\/2021\/01\/06\/planmaessigen-impfungen-haben-in-goettingen-begonnen-mobile-impfteams-starten-in-altersheimen\/#article","isPartOf":{"@id":"https:\/\/radioleinewelle.de\/index.php\/2021\/01\/06\/planmaessigen-impfungen-haben-in-goettingen-begonnen-mobile-impfteams-starten-in-altersheimen\/"},"author":{"name":"Leinewelle","@id":"https:\/\/radioleinewelle.de\/#\/schema\/person\/45606f348637df637192dc1b68399a63"},"headline":"Planm\u00e4\u00dfigen Impfungen haben in G\u00f6ttingen begonnen &#8211; Mobile Impfteams starten in Altersheimen","datePublished":"2021-01-06T04:00:31+00:00","mainEntityOfPage":{"@id":"https:\/\/radioleinewelle.de\/index.php\/2021\/01\/06\/planmaessigen-impfungen-haben-in-goettingen-begonnen-mobile-impfteams-starten-in-altersheimen\/"},"wordCount":380,"publisher":{"@id":"https:\/\/radioleinewelle.de\/#organization"},"articleSection":["Corona"],"inLanguage":"de"},{"@type":"WebPage","@id":"https:\/\/radioleinewelle.de\/index.php\/2021\/01\/06\/planmaessigen-impfungen-haben-in-goettingen-begonnen-mobile-impfteams-starten-in-altersheimen\/","url":"https:\/\/radioleinewelle.de\/index.php\/2021\/01\/06\/planmaessigen-impfungen-haben-in-goettingen-begonnen-mobile-impfteams-starten-in-altersheimen\/","name":"Planm\u00e4\u00dfigen Impfungen haben in G\u00f6ttingen begonnen - Mobile Impfteams starten in Altersheimen - Radio Leinewelle","isPartOf":{"@id":"https:\/\/radioleinewelle.de\/#website"},"datePublished":"2021-01-06T04:00:31+00:00","breadcrumb":{"@id":"https:\/\/radioleinewelle.de\/index.php\/2021\/01\/06\/planmaessigen-impfungen-haben-in-goettingen-begonnen-mobile-impfteams-starten-in-altersheimen\/#breadcrumb"},"inLanguage":"de","potentialAction":[{"@type":"ReadAction","target":["https:\/\/radioleinewelle.de\/index.php\/2021\/01\/06\/planmaessigen-impfungen-haben-in-goettingen-begonnen-mobile-impfteams-starten-in-altersheimen\/"]}]},{"@type":"BreadcrumbList","@id":"https:\/\/radioleinewelle.de\/index.php\/2021\/01\/06\/planmaessigen-impfungen-haben-in-goettingen-begonnen-mobile-impfteams-starten-in-altersheimen\/#breadcrumb","itemListElement":[{"@type":"ListItem","position":1,"name":"Startseite","item":"https:\/\/radioleinewelle.de\/"},{"@type":"ListItem","position":2,"name":"Planm\u00e4\u00dfigen Impfungen haben in G\u00f6ttingen begonnen &#8211; Mobile Impfteams starten in Altersheimen"}]},{"@type":"WebSite","@id":"https:\/\/radioleinewelle.de\/#website","url":"https:\/\/radioleinewelle.de\/","name":"Radio Leinewelle","description":"","publisher":{"@id":"https:\/\/radioleinewelle.de\/#organization"},"potentialAction":[{"@type":"SearchAction","target":{"@type":"EntryPoint","urlTemplate":"https:\/\/radioleinewelle.de\/?s={search_term_string}"},"query-input":{"@type":"PropertyValueSpecification","valueRequired":true,"valueName":"search_term_string"}}],"inLanguage":"de"},{"@type":"Organization","@id":"https:\/\/radioleinewelle.de\/#organization","name":"Radio Leinewelle","alternateName":"Mein Radio f\u00fcr S\u00fcdniedersachsen","url":"https:\/\/radioleinewelle.de\/","logo":{"@type":"ImageObject","inLanguage":"de","@id":"https:\/\/radioleinewelle.de\/#\/schema\/logo\/image\/","url":"https:\/\/radioleinewelle.de\/wp-content\/uploads\/2023\/11\/cropped-Leinewelle_Logo_weiss.png","contentUrl":"https:\/\/radioleinewelle.de\/wp-content\/uploads\/2023\/11\/cropped-Leinewelle_Logo_weiss.png","width":854,"height":260,"caption":"Radio Leinewelle"},"image":{"@id":"https:\/\/radioleinewelle.de\/#\/schema\/logo\/image\/"},"sameAs":["https:\/\/www.facebook.com\/radioleinewelle","https:\/\/x.com\/RLeinewelle","https:\/\/www.instagram.com\/radioleinewelle\/?hl=de"]},{"@type":"Person","@id":"https:\/\/radioleinewelle.de\/#\/schema\/person\/45606f348637df637192dc1b68399a63","name":"Leinewelle","image":{"@type":"ImageObject","inLanguage":"de","@id":"https:\/\/secure.gravatar.com\/avatar\/05c9a17bc973052ee5d91549bd32fb4dd0dc85b7b85ae94b2e2b4943476bbea5?s=96&d=blank&r=g","url":"https:\/\/secure.gravatar.com\/avatar\/05c9a17bc973052ee5d91549bd32fb4dd0dc85b7b85ae94b2e2b4943476bbea5?s=96&d=blank&r=g","contentUrl":"https:\/\/secure.gravatar.com\/avatar\/05c9a17bc973052ee5d91549bd32fb4dd0dc85b7b85ae94b2e2b4943476bbea5?s=96&d=blank&r=g","caption":"Leinewelle"},"sameAs":["http:\/\/localhost\/radio%20leinewelle\/wordpress","https:\/\/www.facebook.com\/radioleinewelle","https:\/\/www.instagram.com\/radioleinewelle","https:\/\/x.com\/https:\/\/twitter.com\/RLeinewelle?ref_src=twsrcgoogletwcampserptwgrauthor","https:\/\/soundcloud.com\/foerderverein-lokalradio?utm_source=clipboard&utm_medium=text&utm_campaign=social_sharing"],"url":"https:\/\/radioleinewelle.de\/index.php\/author\/leinewelle\/"}]}},"_links":{"self":[{"href":"https:\/\/radioleinewelle.de\/index.php\/wp-json\/wp\/v2\/posts\/3910","targetHints":{"allow":["GET"]}}],"collection":[{"href":"https:\/\/radioleinewelle.de\/index.php\/wp-json\/wp\/v2\/posts"}],"about":[{"href":"https:\/\/radioleinewelle.de\/index.php\/wp-json\/wp\/v2\/types\/post"}],"author":[{"embeddable":true,"href":"https:\/\/radioleinewelle.de\/index.php\/wp-json\/wp\/v2\/users\/1"}],"replies":[{"embeddable":true,"href":"https:\/\/radioleinewelle.de\/index.php\/wp-json\/wp\/v2\/comments?post=3910"}],"version-history":[{"count":0,"href":"https:\/\/radioleinewelle.de\/index.php\/wp-json\/wp\/v2\/posts\/3910\/revisions"}],"wp:attachment":[{"href":"https:\/\/radioleinewelle.de\/index.php\/wp-json\/wp\/v2\/media?parent=3910"}],"wp:term":[{"taxonomy":"category","embeddable":true,"href":"https:\/\/radioleinewelle.de\/index.php\/wp-json\/wp\/v2\/categories?post=3910"},{"taxonomy":"post_tag","embeddable":true,"href":"https:\/\/radioleinewelle.de\/index.php\/wp-json\/wp\/v2\/tags?post=3910"}],"curies":[{"name":"wp","href":"https:\/\/api.w.org\/{rel}","templated":true}]}}