{"id":3918,"date":"2021-01-06T05:06:47","date_gmt":"2021-01-06T04:06:47","guid":{"rendered":"https:\/\/radioleinewelle.de\/?p=3918"},"modified":"2021-01-06T05:06:47","modified_gmt":"2021-01-06T04:06:47","slug":"schul-und-kitabetrieb-im-lockdown-distanzlernen-wechselunterricht-und-notbetreuung","status":"publish","type":"post","link":"https:\/\/radioleinewelle.de\/index.php\/2021\/01\/06\/schul-und-kitabetrieb-im-lockdown-distanzlernen-wechselunterricht-und-notbetreuung\/","title":{"rendered":"Schul- und Kitabetrieb im Lockdown: Distanzlernen, Wechselunterricht und Notbetreuung"},"content":{"rendered":"<p>Mit Blick auf die bundesweit verl\u00e4ngerten und versch\u00e4rften Lockdown-Ma\u00dfnahmen zur Eind\u00e4mmung der Corona-Pandemie stehen auch im Bereich Bildung und Betreuung Ver\u00e4nderungen an. Niedersachsens Kultusminister Grant Hendrik Tonne erkl\u00e4rte nach den Bund-L\u00e4nder-Beratungen am Dienstag, Niedersachsen werde nach dem Ende der Weihnachtsferien am 11. Januar 2021 bis zum Ende des Schulhalbjahres am 29. Januar 2021 Wechselunterricht und Distanzlernen und die Notbetreuung als Eckpfeiler f\u00fcr ein Bildungs- und Betreuungsangebot im Corona-Lockdown einziehen.<\/p>\n<p>Im Primarbereich soll fl\u00e4chendeckend eine Woche (11.01.2021 -15.01.2021) in Distanzunterricht (\u201eSzenario C\u201c) beschult und anschlie\u00dfend bis Schulhalbjahresende zwei Wochen im Wechselmodell in geteilten Lerngruppen (\u201eSzenario B\u201c) unterrichtet werden, so der Kultusminister.&nbsp;Die Klassen der Sekundarbereiche I und II, in denen keine Abschl\u00fcsse anstehen, wechseln vollumf\u00e4nglich in das Distanzlernen (\u201eSzenario C\u201c). Das gilt auch f\u00fcr die berufsbildendenden Schulen.&nbsp;F\u00fcr Sch\u00fclerinnen und Sch\u00fcler der Schuljahrg\u00e4nge 1-6 in den Szenarien B und C, die nicht in der Pr\u00e4senzlerngruppe sind, ist eine Notbetreuung vorzuhalten.&nbsp;F\u00fcr Kindertageseinrichtungen wird das \u201eSzenario C\u201c mit einer Notbetreuung bis zu 50 Prozent der Gruppengr\u00f6\u00dfe eingesetzt.<\/p>\n<p>\u201eNiemand muss sich Sorgen um den Abschluss machen\u201c, so Tonne: \u201eAlle Pr\u00fcfungen f\u00fcr Haupt-, Real-, und F\u00f6rderschulabschluss werden stattfinden. Ebenso das Abitur. Hier arbeiten wir intensiv an der Sicherstellung der zentralen Abiturpr\u00fcfung. Als Notfalloption k\u00f6nnen auch dezentrale Pr\u00fcfungen durchgef\u00fchrt werden, was wir aber grunds\u00e4tzlich vermeiden m\u00f6chten.\u201c<\/p>\n<p><strong>Die Ma\u00dfnahmen f\u00fcr die Zeit ab dem 11. Januar 2021 bis zum Ende des Schulhalbjahres am 29. Januar 2021 im \u00dcberblick:<\/strong><\/p>\n<p class=\"c1\">Szenario C mit Notbetreuung in Kindertageseinrichtungen:<\/p>\n<p>Die Kindertageseinrichtungen wechseln in das Szenario C und sind damit im Grundsatz geschlossen. Notbetreuung wird bis zu 50 Prozent der Gruppengr\u00f6\u00dfe angeboten.<\/p>\n<p><i>Grundschulen<\/i>:<\/p>\n<p>\u00d8 11.01.-15.01.2021 <b>Szenario C<\/b> (Distanzlernen mit Notbetreuung)<\/p>\n<p>\u00d8 18.01.-29.01.2021 <b>Szenario B<\/b> (Wechselmodell mit Notbetreuung)<\/p>\n<p>Abitur- und Abschlussklassen:<\/p>\n<p>\u00d8 11.01.-29.01.2021 <b>Szenario B<\/b> (Wechselmodell)<\/p>\n<p>Alle weiteren Jahrg\u00e4nge:<\/p>\n<p>\u00d8 11.01.-29.01.2021 <b>Szenario C<\/b> (Distanzlernen)<\/p>\n<p class=\"c1\"><strong>Notbetreuung Schule:<br \/>\n<\/strong>Notbetreuung wird angeboten f\u00fcr die Kinder der Schuljahrg\u00e4nge 1-6 in den Szenarien B und C, in der Regel zwischen 08:00 Uhr und 13:00 Uhr. Die Notbetreuung dient dazu, Kinder aufzunehmen, bei denen mindestens eine Erziehungsberechtigte oder ein Erziehungsberechtigter in betriebsnotwendiger Stellung in einem Berufszweig von allgemeinem \u00f6ffentlichem Interesse t\u00e4tig ist. Zul\u00e4ssig ist auch die Betreuung in besonderen H\u00e4rtef\u00e4llen wie etwa f\u00fcr Kinder, deren Betreuung aufgrund einer Entscheidung des Jugendamtes zur Sicherung des Kindeswohls erforderlich ist, sowie bei drohender K\u00fcndigung oder erheblichem Verdienstausfall f\u00fcr mindestens eine Erziehungsberechtigte oder einen Erziehungsberechtigten.<\/p>\n","protected":false},"excerpt":{"rendered":"<p>Mit Blick auf die bundesweit verl\u00e4ngerten und versch\u00e4rften Lockdown-Ma\u00dfnahmen zur Eind\u00e4mmung der Corona-Pandemie stehen auch im Bereich Bildung und Betreuung Ver\u00e4nderungen an. Niedersachsens Kultusminister Grant Hendrik Tonne erkl\u00e4rte nach den Bund-L\u00e4nder-Beratungen am Dienstag, Niedersachsen werde nach dem Ende der Weihnachtsferien am 11. Januar 2021 bis zum Ende des Schulhalbjahres am 29. Januar 2021 Wechselunterricht und [&hellip;]<\/p>\n","protected":false},"author":1,"featured_media":3920,"comment_status":"closed","ping_status":"closed","sticky":false,"template":"","format":"standard","meta":{"saved_in_kubio":false,"footnotes":""},"categories":[23],"tags":[],"class_list":["post-3918","post","type-post","status-publish","format-standard","has-post-thumbnail","hentry","category-corona"],"yoast_head":"<!-- This site is optimized with the Yoast SEO plugin v27.5 - https:\/\/yoast.com\/product\/yoast-seo-wordpress\/ -->\n<title>Schul- und Kitabetrieb im Lockdown: Distanzlernen, Wechselunterricht und Notbetreuung - Radio Leinewelle<\/title>\n<meta name=\"robots\" content=\"index, follow, max-snippet:-1, max-image-preview:large, max-video-preview:-1\" \/>\n<link rel=\"canonical\" href=\"https:\/\/radioleinewelle.de\/index.php\/2021\/01\/06\/schul-und-kitabetrieb-im-lockdown-distanzlernen-wechselunterricht-und-notbetreuung\/\" \/>\n<meta property=\"og:locale\" content=\"de_DE\" \/>\n<meta property=\"og:type\" content=\"article\" \/>\n<meta property=\"og:title\" content=\"Schul- und Kitabetrieb im Lockdown: Distanzlernen, Wechselunterricht und Notbetreuung - Radio Leinewelle\" \/>\n<meta property=\"og:description\" content=\"Mit Blick auf die bundesweit verl\u00e4ngerten und versch\u00e4rften Lockdown-Ma\u00dfnahmen zur Eind\u00e4mmung der Corona-Pandemie stehen auch im Bereich Bildung und Betreuung Ver\u00e4nderungen an. Niedersachsens Kultusminister Grant Hendrik Tonne erkl\u00e4rte nach den Bund-L\u00e4nder-Beratungen am Dienstag, Niedersachsen werde nach dem Ende der Weihnachtsferien am 11. Januar 2021 bis zum Ende des Schulhalbjahres am 29. Januar 2021 Wechselunterricht und [&hellip;]\" \/>\n<meta property=\"og:url\" content=\"https:\/\/radioleinewelle.de\/index.php\/2021\/01\/06\/schul-und-kitabetrieb-im-lockdown-distanzlernen-wechselunterricht-und-notbetreuung\/\" \/>\n<meta property=\"og:site_name\" content=\"Radio Leinewelle\" \/>\n<meta property=\"article:publisher\" content=\"https:\/\/www.facebook.com\/radioleinewelle\" \/>\n<meta property=\"article:author\" content=\"https:\/\/www.facebook.com\/radioleinewelle\" \/>\n<meta property=\"article:published_time\" content=\"2021-01-06T04:06:47+00:00\" \/>\n<meta property=\"og:image\" content=\"https:\/\/radioleinewelle.de\/wp-content\/uploads\/2021\/01\/class-5120376_640.jpg\" \/>\n\t<meta property=\"og:image:width\" content=\"640\" \/>\n\t<meta property=\"og:image:height\" content=\"380\" \/>\n\t<meta property=\"og:image:type\" content=\"image\/jpeg\" \/>\n<meta name=\"author\" content=\"Leinewelle\" \/>\n<meta name=\"twitter:card\" content=\"summary_large_image\" \/>\n<meta name=\"twitter:creator\" content=\"@https:\/\/twitter.com\/RLeinewelle?ref_src=twsrcgoogletwcampserptwgrauthor\" \/>\n<meta name=\"twitter:site\" content=\"@RLeinewelle\" \/>\n<meta name=\"twitter:label1\" content=\"Verfasst von\" \/>\n\t<meta name=\"twitter:data1\" content=\"Leinewelle\" \/>\n\t<meta name=\"twitter:label2\" content=\"Gesch\u00e4tzte Lesezeit\" \/>\n\t<meta name=\"twitter:data2\" content=\"2\u00a0Minuten\" \/>\n<script type=\"application\/ld+json\" class=\"yoast-schema-graph\">{\"@context\":\"https:\\\/\\\/schema.org\",\"@graph\":[{\"@type\":\"Article\",\"@id\":\"https:\\\/\\\/radioleinewelle.de\\\/index.php\\\/2021\\\/01\\\/06\\\/schul-und-kitabetrieb-im-lockdown-distanzlernen-wechselunterricht-und-notbetreuung\\\/#article\",\"isPartOf\":{\"@id\":\"https:\\\/\\\/radioleinewelle.de\\\/index.php\\\/2021\\\/01\\\/06\\\/schul-und-kitabetrieb-im-lockdown-distanzlernen-wechselunterricht-und-notbetreuung\\\/\"},\"author\":{\"name\":\"Leinewelle\",\"@id\":\"https:\\\/\\\/radioleinewelle.de\\\/#\\\/schema\\\/person\\\/45606f348637df637192dc1b68399a63\"},\"headline\":\"Schul- und Kitabetrieb im Lockdown: Distanzlernen, Wechselunterricht und Notbetreuung\",\"datePublished\":\"2021-01-06T04:06:47+00:00\",\"mainEntityOfPage\":{\"@id\":\"https:\\\/\\\/radioleinewelle.de\\\/index.php\\\/2021\\\/01\\\/06\\\/schul-und-kitabetrieb-im-lockdown-distanzlernen-wechselunterricht-und-notbetreuung\\\/\"},\"wordCount\":419,\"publisher\":{\"@id\":\"https:\\\/\\\/radioleinewelle.de\\\/#organization\"},\"image\":{\"@id\":\"https:\\\/\\\/radioleinewelle.de\\\/index.php\\\/2021\\\/01\\\/06\\\/schul-und-kitabetrieb-im-lockdown-distanzlernen-wechselunterricht-und-notbetreuung\\\/#primaryimage\"},\"thumbnailUrl\":\"https:\\\/\\\/radioleinewelle.de\\\/wp-content\\\/uploads\\\/2021\\\/01\\\/class-5120376_640.jpg\",\"articleSection\":[\"Corona\"],\"inLanguage\":\"de\"},{\"@type\":\"WebPage\",\"@id\":\"https:\\\/\\\/radioleinewelle.de\\\/index.php\\\/2021\\\/01\\\/06\\\/schul-und-kitabetrieb-im-lockdown-distanzlernen-wechselunterricht-und-notbetreuung\\\/\",\"url\":\"https:\\\/\\\/radioleinewelle.de\\\/index.php\\\/2021\\\/01\\\/06\\\/schul-und-kitabetrieb-im-lockdown-distanzlernen-wechselunterricht-und-notbetreuung\\\/\",\"name\":\"Schul- und Kitabetrieb im Lockdown: Distanzlernen, Wechselunterricht und Notbetreuung - Radio Leinewelle\",\"isPartOf\":{\"@id\":\"https:\\\/\\\/radioleinewelle.de\\\/#website\"},\"primaryImageOfPage\":{\"@id\":\"https:\\\/\\\/radioleinewelle.de\\\/index.php\\\/2021\\\/01\\\/06\\\/schul-und-kitabetrieb-im-lockdown-distanzlernen-wechselunterricht-und-notbetreuung\\\/#primaryimage\"},\"image\":{\"@id\":\"https:\\\/\\\/radioleinewelle.de\\\/index.php\\\/2021\\\/01\\\/06\\\/schul-und-kitabetrieb-im-lockdown-distanzlernen-wechselunterricht-und-notbetreuung\\\/#primaryimage\"},\"thumbnailUrl\":\"https:\\\/\\\/radioleinewelle.de\\\/wp-content\\\/uploads\\\/2021\\\/01\\\/class-5120376_640.jpg\",\"datePublished\":\"2021-01-06T04:06:47+00:00\",\"breadcrumb\":{\"@id\":\"https:\\\/\\\/radioleinewelle.de\\\/index.php\\\/2021\\\/01\\\/06\\\/schul-und-kitabetrieb-im-lockdown-distanzlernen-wechselunterricht-und-notbetreuung\\\/#breadcrumb\"},\"inLanguage\":\"de\",\"potentialAction\":[{\"@type\":\"ReadAction\",\"target\":[\"https:\\\/\\\/radioleinewelle.de\\\/index.php\\\/2021\\\/01\\\/06\\\/schul-und-kitabetrieb-im-lockdown-distanzlernen-wechselunterricht-und-notbetreuung\\\/\"]}]},{\"@type\":\"ImageObject\",\"inLanguage\":\"de\",\"@id\":\"https:\\\/\\\/radioleinewelle.de\\\/index.php\\\/2021\\\/01\\\/06\\\/schul-und-kitabetrieb-im-lockdown-distanzlernen-wechselunterricht-und-notbetreuung\\\/#primaryimage\",\"url\":\"https:\\\/\\\/radioleinewelle.de\\\/wp-content\\\/uploads\\\/2021\\\/01\\\/class-5120376_640.jpg\",\"contentUrl\":\"https:\\\/\\\/radioleinewelle.de\\\/wp-content\\\/uploads\\\/2021\\\/01\\\/class-5120376_640.jpg\",\"width\":640,\"height\":380},{\"@type\":\"BreadcrumbList\",\"@id\":\"https:\\\/\\\/radioleinewelle.de\\\/index.php\\\/2021\\\/01\\\/06\\\/schul-und-kitabetrieb-im-lockdown-distanzlernen-wechselunterricht-und-notbetreuung\\\/#breadcrumb\",\"itemListElement\":[{\"@type\":\"ListItem\",\"position\":1,\"name\":\"Startseite\",\"item\":\"https:\\\/\\\/radioleinewelle.de\\\/\"},{\"@type\":\"ListItem\",\"position\":2,\"name\":\"Schul- und Kitabetrieb im Lockdown: Distanzlernen, Wechselunterricht und Notbetreuung\"}]},{\"@type\":\"WebSite\",\"@id\":\"https:\\\/\\\/radioleinewelle.de\\\/#website\",\"url\":\"https:\\\/\\\/radioleinewelle.de\\\/\",\"name\":\"Radio Leinewelle\",\"description\":\"\",\"publisher\":{\"@id\":\"https:\\\/\\\/radioleinewelle.de\\\/#organization\"},\"potentialAction\":[{\"@type\":\"SearchAction\",\"target\":{\"@type\":\"EntryPoint\",\"urlTemplate\":\"https:\\\/\\\/radioleinewelle.de\\\/?s={search_term_string}\"},\"query-input\":{\"@type\":\"PropertyValueSpecification\",\"valueRequired\":true,\"valueName\":\"search_term_string\"}}],\"inLanguage\":\"de\"},{\"@type\":\"Organization\",\"@id\":\"https:\\\/\\\/radioleinewelle.de\\\/#organization\",\"name\":\"Radio Leinewelle\",\"alternateName\":\"Mein Radio f\u00fcr S\u00fcdniedersachsen\",\"url\":\"https:\\\/\\\/radioleinewelle.de\\\/\",\"logo\":{\"@type\":\"ImageObject\",\"inLanguage\":\"de\",\"@id\":\"https:\\\/\\\/radioleinewelle.de\\\/#\\\/schema\\\/logo\\\/image\\\/\",\"url\":\"https:\\\/\\\/radioleinewelle.de\\\/wp-content\\\/uploads\\\/2023\\\/11\\\/cropped-Leinewelle_Logo_weiss.png\",\"contentUrl\":\"https:\\\/\\\/radioleinewelle.de\\\/wp-content\\\/uploads\\\/2023\\\/11\\\/cropped-Leinewelle_Logo_weiss.png\",\"width\":854,\"height\":260,\"caption\":\"Radio Leinewelle\"},\"image\":{\"@id\":\"https:\\\/\\\/radioleinewelle.de\\\/#\\\/schema\\\/logo\\\/image\\\/\"},\"sameAs\":[\"https:\\\/\\\/www.facebook.com\\\/radioleinewelle\",\"https:\\\/\\\/x.com\\\/RLeinewelle\",\"https:\\\/\\\/www.instagram.com\\\/radioleinewelle\\\/?hl=de\"]},{\"@type\":\"Person\",\"@id\":\"https:\\\/\\\/radioleinewelle.de\\\/#\\\/schema\\\/person\\\/45606f348637df637192dc1b68399a63\",\"name\":\"Leinewelle\",\"image\":{\"@type\":\"ImageObject\",\"inLanguage\":\"de\",\"@id\":\"https:\\\/\\\/secure.gravatar.com\\\/avatar\\\/05c9a17bc973052ee5d91549bd32fb4dd0dc85b7b85ae94b2e2b4943476bbea5?s=96&d=blank&r=g\",\"url\":\"https:\\\/\\\/secure.gravatar.com\\\/avatar\\\/05c9a17bc973052ee5d91549bd32fb4dd0dc85b7b85ae94b2e2b4943476bbea5?s=96&d=blank&r=g\",\"contentUrl\":\"https:\\\/\\\/secure.gravatar.com\\\/avatar\\\/05c9a17bc973052ee5d91549bd32fb4dd0dc85b7b85ae94b2e2b4943476bbea5?s=96&d=blank&r=g\",\"caption\":\"Leinewelle\"},\"sameAs\":[\"http:\\\/\\\/localhost\\\/radio%20leinewelle\\\/wordpress\",\"https:\\\/\\\/www.facebook.com\\\/radioleinewelle\",\"https:\\\/\\\/www.instagram.com\\\/radioleinewelle\",\"https:\\\/\\\/x.com\\\/https:\\\/\\\/twitter.com\\\/RLeinewelle?ref_src=twsrcgoogletwcampserptwgrauthor\",\"https:\\\/\\\/soundcloud.com\\\/foerderverein-lokalradio?utm_source=clipboard&utm_medium=text&utm_campaign=social_sharing\"],\"url\":\"https:\\\/\\\/radioleinewelle.de\\\/index.php\\\/author\\\/leinewelle\\\/\"}]}<\/script>\n<!-- \/ Yoast SEO plugin. -->","yoast_head_json":{"title":"Schul- und Kitabetrieb im Lockdown: Distanzlernen, Wechselunterricht und Notbetreuung - Radio Leinewelle","robots":{"index":"index","follow":"follow","max-snippet":"max-snippet:-1","max-image-preview":"max-image-preview:large","max-video-preview":"max-video-preview:-1"},"canonical":"https:\/\/radioleinewelle.de\/index.php\/2021\/01\/06\/schul-und-kitabetrieb-im-lockdown-distanzlernen-wechselunterricht-und-notbetreuung\/","og_locale":"de_DE","og_type":"article","og_title":"Schul- und Kitabetrieb im Lockdown: Distanzlernen, Wechselunterricht und Notbetreuung - Radio Leinewelle","og_description":"Mit Blick auf die bundesweit verl\u00e4ngerten und versch\u00e4rften Lockdown-Ma\u00dfnahmen zur Eind\u00e4mmung der Corona-Pandemie stehen auch im Bereich Bildung und Betreuung Ver\u00e4nderungen an. Niedersachsens Kultusminister Grant Hendrik Tonne erkl\u00e4rte nach den Bund-L\u00e4nder-Beratungen am Dienstag, Niedersachsen werde nach dem Ende der Weihnachtsferien am 11. Januar 2021 bis zum Ende des Schulhalbjahres am 29. Januar 2021 Wechselunterricht und [&hellip;]","og_url":"https:\/\/radioleinewelle.de\/index.php\/2021\/01\/06\/schul-und-kitabetrieb-im-lockdown-distanzlernen-wechselunterricht-und-notbetreuung\/","og_site_name":"Radio Leinewelle","article_publisher":"https:\/\/www.facebook.com\/radioleinewelle","article_author":"https:\/\/www.facebook.com\/radioleinewelle","article_published_time":"2021-01-06T04:06:47+00:00","og_image":[{"width":640,"height":380,"url":"https:\/\/radioleinewelle.de\/wp-content\/uploads\/2021\/01\/class-5120376_640.jpg","type":"image\/jpeg"}],"author":"Leinewelle","twitter_card":"summary_large_image","twitter_creator":"@https:\/\/twitter.com\/RLeinewelle?ref_src=twsrcgoogletwcampserptwgrauthor","twitter_site":"@RLeinewelle","twitter_misc":{"Verfasst von":"Leinewelle","Gesch\u00e4tzte Lesezeit":"2\u00a0Minuten"},"schema":{"@context":"https:\/\/schema.org","@graph":[{"@type":"Article","@id":"https:\/\/radioleinewelle.de\/index.php\/2021\/01\/06\/schul-und-kitabetrieb-im-lockdown-distanzlernen-wechselunterricht-und-notbetreuung\/#article","isPartOf":{"@id":"https:\/\/radioleinewelle.de\/index.php\/2021\/01\/06\/schul-und-kitabetrieb-im-lockdown-distanzlernen-wechselunterricht-und-notbetreuung\/"},"author":{"name":"Leinewelle","@id":"https:\/\/radioleinewelle.de\/#\/schema\/person\/45606f348637df637192dc1b68399a63"},"headline":"Schul- und Kitabetrieb im Lockdown: Distanzlernen, Wechselunterricht und Notbetreuung","datePublished":"2021-01-06T04:06:47+00:00","mainEntityOfPage":{"@id":"https:\/\/radioleinewelle.de\/index.php\/2021\/01\/06\/schul-und-kitabetrieb-im-lockdown-distanzlernen-wechselunterricht-und-notbetreuung\/"},"wordCount":419,"publisher":{"@id":"https:\/\/radioleinewelle.de\/#organization"},"image":{"@id":"https:\/\/radioleinewelle.de\/index.php\/2021\/01\/06\/schul-und-kitabetrieb-im-lockdown-distanzlernen-wechselunterricht-und-notbetreuung\/#primaryimage"},"thumbnailUrl":"https:\/\/radioleinewelle.de\/wp-content\/uploads\/2021\/01\/class-5120376_640.jpg","articleSection":["Corona"],"inLanguage":"de"},{"@type":"WebPage","@id":"https:\/\/radioleinewelle.de\/index.php\/2021\/01\/06\/schul-und-kitabetrieb-im-lockdown-distanzlernen-wechselunterricht-und-notbetreuung\/","url":"https:\/\/radioleinewelle.de\/index.php\/2021\/01\/06\/schul-und-kitabetrieb-im-lockdown-distanzlernen-wechselunterricht-und-notbetreuung\/","name":"Schul- und Kitabetrieb im Lockdown: Distanzlernen, Wechselunterricht und Notbetreuung - Radio Leinewelle","isPartOf":{"@id":"https:\/\/radioleinewelle.de\/#website"},"primaryImageOfPage":{"@id":"https:\/\/radioleinewelle.de\/index.php\/2021\/01\/06\/schul-und-kitabetrieb-im-lockdown-distanzlernen-wechselunterricht-und-notbetreuung\/#primaryimage"},"image":{"@id":"https:\/\/radioleinewelle.de\/index.php\/2021\/01\/06\/schul-und-kitabetrieb-im-lockdown-distanzlernen-wechselunterricht-und-notbetreuung\/#primaryimage"},"thumbnailUrl":"https:\/\/radioleinewelle.de\/wp-content\/uploads\/2021\/01\/class-5120376_640.jpg","datePublished":"2021-01-06T04:06:47+00:00","breadcrumb":{"@id":"https:\/\/radioleinewelle.de\/index.php\/2021\/01\/06\/schul-und-kitabetrieb-im-lockdown-distanzlernen-wechselunterricht-und-notbetreuung\/#breadcrumb"},"inLanguage":"de","potentialAction":[{"@type":"ReadAction","target":["https:\/\/radioleinewelle.de\/index.php\/2021\/01\/06\/schul-und-kitabetrieb-im-lockdown-distanzlernen-wechselunterricht-und-notbetreuung\/"]}]},{"@type":"ImageObject","inLanguage":"de","@id":"https:\/\/radioleinewelle.de\/index.php\/2021\/01\/06\/schul-und-kitabetrieb-im-lockdown-distanzlernen-wechselunterricht-und-notbetreuung\/#primaryimage","url":"https:\/\/radioleinewelle.de\/wp-content\/uploads\/2021\/01\/class-5120376_640.jpg","contentUrl":"https:\/\/radioleinewelle.de\/wp-content\/uploads\/2021\/01\/class-5120376_640.jpg","width":640,"height":380},{"@type":"BreadcrumbList","@id":"https:\/\/radioleinewelle.de\/index.php\/2021\/01\/06\/schul-und-kitabetrieb-im-lockdown-distanzlernen-wechselunterricht-und-notbetreuung\/#breadcrumb","itemListElement":[{"@type":"ListItem","position":1,"name":"Startseite","item":"https:\/\/radioleinewelle.de\/"},{"@type":"ListItem","position":2,"name":"Schul- und Kitabetrieb im Lockdown: Distanzlernen, Wechselunterricht und Notbetreuung"}]},{"@type":"WebSite","@id":"https:\/\/radioleinewelle.de\/#website","url":"https:\/\/radioleinewelle.de\/","name":"Radio Leinewelle","description":"","publisher":{"@id":"https:\/\/radioleinewelle.de\/#organization"},"potentialAction":[{"@type":"SearchAction","target":{"@type":"EntryPoint","urlTemplate":"https:\/\/radioleinewelle.de\/?s={search_term_string}"},"query-input":{"@type":"PropertyValueSpecification","valueRequired":true,"valueName":"search_term_string"}}],"inLanguage":"de"},{"@type":"Organization","@id":"https:\/\/radioleinewelle.de\/#organization","name":"Radio Leinewelle","alternateName":"Mein Radio f\u00fcr S\u00fcdniedersachsen","url":"https:\/\/radioleinewelle.de\/","logo":{"@type":"ImageObject","inLanguage":"de","@id":"https:\/\/radioleinewelle.de\/#\/schema\/logo\/image\/","url":"https:\/\/radioleinewelle.de\/wp-content\/uploads\/2023\/11\/cropped-Leinewelle_Logo_weiss.png","contentUrl":"https:\/\/radioleinewelle.de\/wp-content\/uploads\/2023\/11\/cropped-Leinewelle_Logo_weiss.png","width":854,"height":260,"caption":"Radio Leinewelle"},"image":{"@id":"https:\/\/radioleinewelle.de\/#\/schema\/logo\/image\/"},"sameAs":["https:\/\/www.facebook.com\/radioleinewelle","https:\/\/x.com\/RLeinewelle","https:\/\/www.instagram.com\/radioleinewelle\/?hl=de"]},{"@type":"Person","@id":"https:\/\/radioleinewelle.de\/#\/schema\/person\/45606f348637df637192dc1b68399a63","name":"Leinewelle","image":{"@type":"ImageObject","inLanguage":"de","@id":"https:\/\/secure.gravatar.com\/avatar\/05c9a17bc973052ee5d91549bd32fb4dd0dc85b7b85ae94b2e2b4943476bbea5?s=96&d=blank&r=g","url":"https:\/\/secure.gravatar.com\/avatar\/05c9a17bc973052ee5d91549bd32fb4dd0dc85b7b85ae94b2e2b4943476bbea5?s=96&d=blank&r=g","contentUrl":"https:\/\/secure.gravatar.com\/avatar\/05c9a17bc973052ee5d91549bd32fb4dd0dc85b7b85ae94b2e2b4943476bbea5?s=96&d=blank&r=g","caption":"Leinewelle"},"sameAs":["http:\/\/localhost\/radio%20leinewelle\/wordpress","https:\/\/www.facebook.com\/radioleinewelle","https:\/\/www.instagram.com\/radioleinewelle","https:\/\/x.com\/https:\/\/twitter.com\/RLeinewelle?ref_src=twsrcgoogletwcampserptwgrauthor","https:\/\/soundcloud.com\/foerderverein-lokalradio?utm_source=clipboard&utm_medium=text&utm_campaign=social_sharing"],"url":"https:\/\/radioleinewelle.de\/index.php\/author\/leinewelle\/"}]}},"_links":{"self":[{"href":"https:\/\/radioleinewelle.de\/index.php\/wp-json\/wp\/v2\/posts\/3918","targetHints":{"allow":["GET"]}}],"collection":[{"href":"https:\/\/radioleinewelle.de\/index.php\/wp-json\/wp\/v2\/posts"}],"about":[{"href":"https:\/\/radioleinewelle.de\/index.php\/wp-json\/wp\/v2\/types\/post"}],"author":[{"embeddable":true,"href":"https:\/\/radioleinewelle.de\/index.php\/wp-json\/wp\/v2\/users\/1"}],"replies":[{"embeddable":true,"href":"https:\/\/radioleinewelle.de\/index.php\/wp-json\/wp\/v2\/comments?post=3918"}],"version-history":[{"count":0,"href":"https:\/\/radioleinewelle.de\/index.php\/wp-json\/wp\/v2\/posts\/3918\/revisions"}],"wp:featuredmedia":[{"embeddable":true,"href":"https:\/\/radioleinewelle.de\/index.php\/wp-json\/wp\/v2\/media\/3920"}],"wp:attachment":[{"href":"https:\/\/radioleinewelle.de\/index.php\/wp-json\/wp\/v2\/media?parent=3918"}],"wp:term":[{"taxonomy":"category","embeddable":true,"href":"https:\/\/radioleinewelle.de\/index.php\/wp-json\/wp\/v2\/categories?post=3918"},{"taxonomy":"post_tag","embeddable":true,"href":"https:\/\/radioleinewelle.de\/index.php\/wp-json\/wp\/v2\/tags?post=3918"}],"curies":[{"name":"wp","href":"https:\/\/api.w.org\/{rel}","templated":true}]}}