{"id":3921,"date":"2021-01-06T06:18:53","date_gmt":"2021-01-06T05:18:53","guid":{"rendered":"https:\/\/radioleinewelle.de\/?p=3921"},"modified":"2021-01-06T06:18:53","modified_gmt":"2021-01-06T05:18:53","slug":"coronalage-in-suedniedersachsen-und-im-eichsfeld-am-06-01-21","status":"publish","type":"post","link":"https:\/\/radioleinewelle.de\/index.php\/2021\/01\/06\/coronalage-in-suedniedersachsen-und-im-eichsfeld-am-06-01-21\/","title":{"rendered":"Coronalage in S\u00fcdniedersachsen und im Eichsfeld am 06.01.21"},"content":{"rendered":"<p>Neu in der t\u00e4glichen \u00dcbersicht ist die l\u00e4nderbezogene Impfquote. Zur Zeit ist Niedersachsen bei den durchgef\u00fchrte COVID-19-Impfungen auf Bundeslandebene pro 1.000 Einwohnern mit 1,1 % das Schlusslicht. Th\u00fcringen liegt bei 1,3 %, Hessen bei 6,0 %.<\/p>\n<p>Die Inzidenzzahlen in S\u00fcdniedersachsen sind im Vergleich zur Vorwoche in den einzelnen Landkreisen konstant , bzw. leicht r\u00fcckl\u00e4ufig, d.h. am oder \u00fcber dem Grenzwert von 50. Die aktuellen Zahlen im Detail:<br \/>\n<strong>Die Landkreise:<\/strong><br \/>\nG\u00f6ttingen 82,2, Northeim 43,1, Goslar 32,3, Holzminden 41,2, H\u00f6xter 179,0.&nbsp;Der Durchschnitt in Niedersachsen liegt bei 76,9, der Bundesdurchschnitt 127,3, die bundesweite Zahl der Corona Neuinfektionen steigt um 21237, die Sterbef\u00e4lle steigen bundesweit um 1019 Tote zum Vortag.<br \/>\nDer Anteil der COVID-19 Patienten an der Gesamtzahl der Intensivbetten in Niedersachsen liegt bei 13,4 %. Dies sagt nichts \u00fcber die aktuelle lokale Situation aus, die abh\u00e4ngig vom Infektionsgeschehen und der Verf\u00fcgbarkeit von Fachpersonal ist. In G\u00f6ttingen sind die Verf\u00fcgbarkeiten von Intensivbetten an der UMG &nbsp;ausreichend und im Evangelischen Krankenhaus Lenglern im Low und High Care Bereich laut Intensivregister begrenzt. Es gibt erste \u00dcbernahmen von Patienten aus anderen Bundesl\u00e4ndern.<\/p>\n<p><strong>Die Zahlen im Eichsfeld: der Inzidenzwert liegt hier bei aktuell 261,0. <\/strong>&nbsp;Der Landkreis Eichsfeld teilt mit: die Gesamtzahl der aktuell Infizierten 644, Verstorbene 78 &nbsp;(Stand 05..01.).&nbsp;Die tagesaktuelle Zuordnung der Neuinfektionen auf Orte ist derzeit nicht m\u00f6glich, weshalb bis auf weiteres von dieser Darstellung abgesehen wird.&nbsp;Aufgrund der hohen Fallzahlen der Neuinfektionen kann es aktuell bis zu drei Tage dauern bis das Gesundheitsamt Kontaktpersonen positiv getesteter Personen telefonisch kontaktiert. Deshalb werden alle B\u00fcrgerinnen und B\u00fcrger dringend aufgefordert, sich in Quarant\u00e4ne zu begeben, wenn sie Kontakt (mindestens 15 Minuten, weniger als 1,5 m Abstand ohne Mund-Nasen-Bedeckung) zu einer positiv getesteten Person hatten.<br \/>\nAktuelle Meldungen auf der Seite des <a href=\"https:\/\/www.kreis-eic.de\/informationen-zum-coronavirus.html\">Landkreises Eichsfeld<\/a><\/p>\n<p><strong>Die Stadt Heiligenstadt<\/strong> warnt vor Falschinformationen rund um Corona und ruft dazu auf, nur offizielle Quellen zu nutzen.<\/p>\n<p><strong>Landkreis G\u00f6ttingen (05.01.):<\/strong> Die Gesamtzahl bislang best\u00e4tigter Covid-19 F\u00e4lle im Landkreis G\u00f6ttingen steigt auf 3.927. Davon gelten 3.270 Personen als von der Infektion genesen, 120 Menschen sind in Verbindung mit Covid-19 gestorben.<\/p>\n<h3>Lage in St\u00e4dten und Gemeinden (Gesamtzahl F\u00e4lle \/ akut Infizierte)<\/h3>\n<ul>\n<li>Flecken Adelebsen (60 \/ 14)<\/li>\n<li>Gemeinde Bad Grund (Harz) (81 \/ 4)<\/li>\n<li>Stadt Bad Lauterberg im Harz (145 \/ 12)<\/li>\n<li>Stadt Bad Sachsa (114 \/ 3)<\/li>\n<li>Flecken Bovenden (79 \/ 9)<\/li>\n<li>Samtgemeinde Dransfeld (55 \/ 8)<\/li>\n<li>Stadt Duderstadt (510 \/ 156)<\/li>\n<li>Gemeinde Friedland (78 \/ 1)<\/li>\n<li>Samtgemeinde Gieboldehausen (138 \/ 24)<\/li>\n<li>Gemeinde Gleichen (75 \/ 4)<\/li>\n<li>Stadt G\u00f6ttingen (1.282 \/ 144)<\/li>\n<li>Stadt Hann. M\u00fcnden (425 \/ 66)<\/li>\n<li>Samtgemeinde Hattorf am Harz (98 \/ 6)<\/li>\n<li>Stadt Herzberg am Harz (315 \/ 10)<\/li>\n<li>Stadt Osterode am Harz (208 \/ 21)<\/li>\n<li>Samtgemeinde Radolfshausen (31 \/ 3)<\/li>\n<li>Gemeinde Rosdorf (101 \/ 7)<\/li>\n<li>Gemeinde Staufenberg (71 \/ 13)<\/li>\n<li>Gemeinde Walkenried (61 \/ 32)<\/li>\n<\/ul>\n<p>Bild von <a href=\"https:\/\/pixabay.com\/de\/users\/geralt-9301\/?utm_source=link-attribution&amp;utm_medium=referral&amp;utm_campaign=image&amp;utm_content=4947692\">Gerd Altmann<\/a> auf <a href=\"https:\/\/pixabay.com\/de\/?utm_source=link-attribution&amp;utm_medium=referral&amp;utm_campaign=image&amp;utm_content=4947692\">Pixabay<\/a><\/p>\n","protected":false},"excerpt":{"rendered":"<p>Neu in der t\u00e4glichen \u00dcbersicht ist die l\u00e4nderbezogene Impfquote. Zur Zeit ist Niedersachsen bei den durchgef\u00fchrte COVID-19-Impfungen auf Bundeslandebene pro 1.000 Einwohnern mit 1,1 % das Schlusslicht. Th\u00fcringen liegt bei 1,3 %, Hessen bei 6,0 %. Die Inzidenzzahlen in S\u00fcdniedersachsen sind im Vergleich zur Vorwoche in den einzelnen Landkreisen konstant , bzw. leicht r\u00fcckl\u00e4ufig, d.h. [&hellip;]<\/p>\n","protected":false},"author":1,"featured_media":0,"comment_status":"closed","ping_status":"closed","sticky":false,"template":"","format":"standard","meta":{"saved_in_kubio":false,"footnotes":""},"categories":[23],"tags":[],"class_list":["post-3921","post","type-post","status-publish","format-standard","hentry","category-corona"],"yoast_head":"<!-- This site is optimized with the Yoast SEO plugin v27.5 - https:\/\/yoast.com\/product\/yoast-seo-wordpress\/ -->\n<title>Coronalage in S\u00fcdniedersachsen und im Eichsfeld am 06.01.21 - Radio Leinewelle<\/title>\n<meta name=\"robots\" content=\"index, follow, max-snippet:-1, max-image-preview:large, max-video-preview:-1\" \/>\n<link rel=\"canonical\" href=\"https:\/\/radioleinewelle.de\/index.php\/2021\/01\/06\/coronalage-in-suedniedersachsen-und-im-eichsfeld-am-06-01-21\/\" \/>\n<meta property=\"og:locale\" content=\"de_DE\" \/>\n<meta property=\"og:type\" content=\"article\" \/>\n<meta property=\"og:title\" content=\"Coronalage in S\u00fcdniedersachsen und im Eichsfeld am 06.01.21 - Radio Leinewelle\" \/>\n<meta property=\"og:description\" content=\"Neu in der t\u00e4glichen \u00dcbersicht ist die l\u00e4nderbezogene Impfquote. Zur Zeit ist Niedersachsen bei den durchgef\u00fchrte COVID-19-Impfungen auf Bundeslandebene pro 1.000 Einwohnern mit 1,1 % das Schlusslicht. Th\u00fcringen liegt bei 1,3 %, Hessen bei 6,0 %. Die Inzidenzzahlen in S\u00fcdniedersachsen sind im Vergleich zur Vorwoche in den einzelnen Landkreisen konstant , bzw. leicht r\u00fcckl\u00e4ufig, d.h. [&hellip;]\" \/>\n<meta property=\"og:url\" content=\"https:\/\/radioleinewelle.de\/index.php\/2021\/01\/06\/coronalage-in-suedniedersachsen-und-im-eichsfeld-am-06-01-21\/\" \/>\n<meta property=\"og:site_name\" content=\"Radio Leinewelle\" \/>\n<meta property=\"article:publisher\" content=\"https:\/\/www.facebook.com\/radioleinewelle\" \/>\n<meta property=\"article:author\" content=\"https:\/\/www.facebook.com\/radioleinewelle\" \/>\n<meta property=\"article:published_time\" content=\"2021-01-06T05:18:53+00:00\" \/>\n<meta name=\"author\" content=\"Leinewelle\" \/>\n<meta name=\"twitter:card\" content=\"summary_large_image\" \/>\n<meta name=\"twitter:creator\" content=\"@https:\/\/twitter.com\/RLeinewelle?ref_src=twsrcgoogletwcampserptwgrauthor\" \/>\n<meta name=\"twitter:site\" content=\"@RLeinewelle\" \/>\n<meta name=\"twitter:label1\" content=\"Verfasst von\" \/>\n\t<meta name=\"twitter:data1\" content=\"Leinewelle\" \/>\n\t<meta name=\"twitter:label2\" content=\"Gesch\u00e4tzte Lesezeit\" \/>\n\t<meta name=\"twitter:data2\" content=\"2\u00a0Minuten\" \/>\n<script type=\"application\/ld+json\" class=\"yoast-schema-graph\">{\"@context\":\"https:\\\/\\\/schema.org\",\"@graph\":[{\"@type\":\"Article\",\"@id\":\"https:\\\/\\\/radioleinewelle.de\\\/index.php\\\/2021\\\/01\\\/06\\\/coronalage-in-suedniedersachsen-und-im-eichsfeld-am-06-01-21\\\/#article\",\"isPartOf\":{\"@id\":\"https:\\\/\\\/radioleinewelle.de\\\/index.php\\\/2021\\\/01\\\/06\\\/coronalage-in-suedniedersachsen-und-im-eichsfeld-am-06-01-21\\\/\"},\"author\":{\"name\":\"Leinewelle\",\"@id\":\"https:\\\/\\\/radioleinewelle.de\\\/#\\\/schema\\\/person\\\/45606f348637df637192dc1b68399a63\"},\"headline\":\"Coronalage in S\u00fcdniedersachsen und im Eichsfeld am 06.01.21\",\"datePublished\":\"2021-01-06T05:18:53+00:00\",\"mainEntityOfPage\":{\"@id\":\"https:\\\/\\\/radioleinewelle.de\\\/index.php\\\/2021\\\/01\\\/06\\\/coronalage-in-suedniedersachsen-und-im-eichsfeld-am-06-01-21\\\/\"},\"wordCount\":414,\"publisher\":{\"@id\":\"https:\\\/\\\/radioleinewelle.de\\\/#organization\"},\"articleSection\":[\"Corona\"],\"inLanguage\":\"de\"},{\"@type\":\"WebPage\",\"@id\":\"https:\\\/\\\/radioleinewelle.de\\\/index.php\\\/2021\\\/01\\\/06\\\/coronalage-in-suedniedersachsen-und-im-eichsfeld-am-06-01-21\\\/\",\"url\":\"https:\\\/\\\/radioleinewelle.de\\\/index.php\\\/2021\\\/01\\\/06\\\/coronalage-in-suedniedersachsen-und-im-eichsfeld-am-06-01-21\\\/\",\"name\":\"Coronalage in S\u00fcdniedersachsen und im Eichsfeld am 06.01.21 - Radio Leinewelle\",\"isPartOf\":{\"@id\":\"https:\\\/\\\/radioleinewelle.de\\\/#website\"},\"datePublished\":\"2021-01-06T05:18:53+00:00\",\"breadcrumb\":{\"@id\":\"https:\\\/\\\/radioleinewelle.de\\\/index.php\\\/2021\\\/01\\\/06\\\/coronalage-in-suedniedersachsen-und-im-eichsfeld-am-06-01-21\\\/#breadcrumb\"},\"inLanguage\":\"de\",\"potentialAction\":[{\"@type\":\"ReadAction\",\"target\":[\"https:\\\/\\\/radioleinewelle.de\\\/index.php\\\/2021\\\/01\\\/06\\\/coronalage-in-suedniedersachsen-und-im-eichsfeld-am-06-01-21\\\/\"]}]},{\"@type\":\"BreadcrumbList\",\"@id\":\"https:\\\/\\\/radioleinewelle.de\\\/index.php\\\/2021\\\/01\\\/06\\\/coronalage-in-suedniedersachsen-und-im-eichsfeld-am-06-01-21\\\/#breadcrumb\",\"itemListElement\":[{\"@type\":\"ListItem\",\"position\":1,\"name\":\"Startseite\",\"item\":\"https:\\\/\\\/radioleinewelle.de\\\/\"},{\"@type\":\"ListItem\",\"position\":2,\"name\":\"Coronalage in S\u00fcdniedersachsen und im Eichsfeld am 06.01.21\"}]},{\"@type\":\"WebSite\",\"@id\":\"https:\\\/\\\/radioleinewelle.de\\\/#website\",\"url\":\"https:\\\/\\\/radioleinewelle.de\\\/\",\"name\":\"Radio Leinewelle\",\"description\":\"\",\"publisher\":{\"@id\":\"https:\\\/\\\/radioleinewelle.de\\\/#organization\"},\"potentialAction\":[{\"@type\":\"SearchAction\",\"target\":{\"@type\":\"EntryPoint\",\"urlTemplate\":\"https:\\\/\\\/radioleinewelle.de\\\/?s={search_term_string}\"},\"query-input\":{\"@type\":\"PropertyValueSpecification\",\"valueRequired\":true,\"valueName\":\"search_term_string\"}}],\"inLanguage\":\"de\"},{\"@type\":\"Organization\",\"@id\":\"https:\\\/\\\/radioleinewelle.de\\\/#organization\",\"name\":\"Radio Leinewelle\",\"alternateName\":\"Mein Radio f\u00fcr S\u00fcdniedersachsen\",\"url\":\"https:\\\/\\\/radioleinewelle.de\\\/\",\"logo\":{\"@type\":\"ImageObject\",\"inLanguage\":\"de\",\"@id\":\"https:\\\/\\\/radioleinewelle.de\\\/#\\\/schema\\\/logo\\\/image\\\/\",\"url\":\"https:\\\/\\\/radioleinewelle.de\\\/wp-content\\\/uploads\\\/2023\\\/11\\\/cropped-Leinewelle_Logo_weiss.png\",\"contentUrl\":\"https:\\\/\\\/radioleinewelle.de\\\/wp-content\\\/uploads\\\/2023\\\/11\\\/cropped-Leinewelle_Logo_weiss.png\",\"width\":854,\"height\":260,\"caption\":\"Radio Leinewelle\"},\"image\":{\"@id\":\"https:\\\/\\\/radioleinewelle.de\\\/#\\\/schema\\\/logo\\\/image\\\/\"},\"sameAs\":[\"https:\\\/\\\/www.facebook.com\\\/radioleinewelle\",\"https:\\\/\\\/x.com\\\/RLeinewelle\",\"https:\\\/\\\/www.instagram.com\\\/radioleinewelle\\\/?hl=de\"]},{\"@type\":\"Person\",\"@id\":\"https:\\\/\\\/radioleinewelle.de\\\/#\\\/schema\\\/person\\\/45606f348637df637192dc1b68399a63\",\"name\":\"Leinewelle\",\"image\":{\"@type\":\"ImageObject\",\"inLanguage\":\"de\",\"@id\":\"https:\\\/\\\/secure.gravatar.com\\\/avatar\\\/05c9a17bc973052ee5d91549bd32fb4dd0dc85b7b85ae94b2e2b4943476bbea5?s=96&d=blank&r=g\",\"url\":\"https:\\\/\\\/secure.gravatar.com\\\/avatar\\\/05c9a17bc973052ee5d91549bd32fb4dd0dc85b7b85ae94b2e2b4943476bbea5?s=96&d=blank&r=g\",\"contentUrl\":\"https:\\\/\\\/secure.gravatar.com\\\/avatar\\\/05c9a17bc973052ee5d91549bd32fb4dd0dc85b7b85ae94b2e2b4943476bbea5?s=96&d=blank&r=g\",\"caption\":\"Leinewelle\"},\"sameAs\":[\"http:\\\/\\\/localhost\\\/radio%20leinewelle\\\/wordpress\",\"https:\\\/\\\/www.facebook.com\\\/radioleinewelle\",\"https:\\\/\\\/www.instagram.com\\\/radioleinewelle\",\"https:\\\/\\\/x.com\\\/https:\\\/\\\/twitter.com\\\/RLeinewelle?ref_src=twsrcgoogletwcampserptwgrauthor\",\"https:\\\/\\\/soundcloud.com\\\/foerderverein-lokalradio?utm_source=clipboard&utm_medium=text&utm_campaign=social_sharing\"],\"url\":\"https:\\\/\\\/radioleinewelle.de\\\/index.php\\\/author\\\/leinewelle\\\/\"}]}<\/script>\n<!-- \/ Yoast SEO plugin. -->","yoast_head_json":{"title":"Coronalage in S\u00fcdniedersachsen und im Eichsfeld am 06.01.21 - Radio Leinewelle","robots":{"index":"index","follow":"follow","max-snippet":"max-snippet:-1","max-image-preview":"max-image-preview:large","max-video-preview":"max-video-preview:-1"},"canonical":"https:\/\/radioleinewelle.de\/index.php\/2021\/01\/06\/coronalage-in-suedniedersachsen-und-im-eichsfeld-am-06-01-21\/","og_locale":"de_DE","og_type":"article","og_title":"Coronalage in S\u00fcdniedersachsen und im Eichsfeld am 06.01.21 - Radio Leinewelle","og_description":"Neu in der t\u00e4glichen \u00dcbersicht ist die l\u00e4nderbezogene Impfquote. Zur Zeit ist Niedersachsen bei den durchgef\u00fchrte COVID-19-Impfungen auf Bundeslandebene pro 1.000 Einwohnern mit 1,1 % das Schlusslicht. Th\u00fcringen liegt bei 1,3 %, Hessen bei 6,0 %. Die Inzidenzzahlen in S\u00fcdniedersachsen sind im Vergleich zur Vorwoche in den einzelnen Landkreisen konstant , bzw. leicht r\u00fcckl\u00e4ufig, d.h. [&hellip;]","og_url":"https:\/\/radioleinewelle.de\/index.php\/2021\/01\/06\/coronalage-in-suedniedersachsen-und-im-eichsfeld-am-06-01-21\/","og_site_name":"Radio Leinewelle","article_publisher":"https:\/\/www.facebook.com\/radioleinewelle","article_author":"https:\/\/www.facebook.com\/radioleinewelle","article_published_time":"2021-01-06T05:18:53+00:00","author":"Leinewelle","twitter_card":"summary_large_image","twitter_creator":"@https:\/\/twitter.com\/RLeinewelle?ref_src=twsrcgoogletwcampserptwgrauthor","twitter_site":"@RLeinewelle","twitter_misc":{"Verfasst von":"Leinewelle","Gesch\u00e4tzte Lesezeit":"2\u00a0Minuten"},"schema":{"@context":"https:\/\/schema.org","@graph":[{"@type":"Article","@id":"https:\/\/radioleinewelle.de\/index.php\/2021\/01\/06\/coronalage-in-suedniedersachsen-und-im-eichsfeld-am-06-01-21\/#article","isPartOf":{"@id":"https:\/\/radioleinewelle.de\/index.php\/2021\/01\/06\/coronalage-in-suedniedersachsen-und-im-eichsfeld-am-06-01-21\/"},"author":{"name":"Leinewelle","@id":"https:\/\/radioleinewelle.de\/#\/schema\/person\/45606f348637df637192dc1b68399a63"},"headline":"Coronalage in S\u00fcdniedersachsen und im Eichsfeld am 06.01.21","datePublished":"2021-01-06T05:18:53+00:00","mainEntityOfPage":{"@id":"https:\/\/radioleinewelle.de\/index.php\/2021\/01\/06\/coronalage-in-suedniedersachsen-und-im-eichsfeld-am-06-01-21\/"},"wordCount":414,"publisher":{"@id":"https:\/\/radioleinewelle.de\/#organization"},"articleSection":["Corona"],"inLanguage":"de"},{"@type":"WebPage","@id":"https:\/\/radioleinewelle.de\/index.php\/2021\/01\/06\/coronalage-in-suedniedersachsen-und-im-eichsfeld-am-06-01-21\/","url":"https:\/\/radioleinewelle.de\/index.php\/2021\/01\/06\/coronalage-in-suedniedersachsen-und-im-eichsfeld-am-06-01-21\/","name":"Coronalage in S\u00fcdniedersachsen und im Eichsfeld am 06.01.21 - Radio Leinewelle","isPartOf":{"@id":"https:\/\/radioleinewelle.de\/#website"},"datePublished":"2021-01-06T05:18:53+00:00","breadcrumb":{"@id":"https:\/\/radioleinewelle.de\/index.php\/2021\/01\/06\/coronalage-in-suedniedersachsen-und-im-eichsfeld-am-06-01-21\/#breadcrumb"},"inLanguage":"de","potentialAction":[{"@type":"ReadAction","target":["https:\/\/radioleinewelle.de\/index.php\/2021\/01\/06\/coronalage-in-suedniedersachsen-und-im-eichsfeld-am-06-01-21\/"]}]},{"@type":"BreadcrumbList","@id":"https:\/\/radioleinewelle.de\/index.php\/2021\/01\/06\/coronalage-in-suedniedersachsen-und-im-eichsfeld-am-06-01-21\/#breadcrumb","itemListElement":[{"@type":"ListItem","position":1,"name":"Startseite","item":"https:\/\/radioleinewelle.de\/"},{"@type":"ListItem","position":2,"name":"Coronalage in S\u00fcdniedersachsen und im Eichsfeld am 06.01.21"}]},{"@type":"WebSite","@id":"https:\/\/radioleinewelle.de\/#website","url":"https:\/\/radioleinewelle.de\/","name":"Radio Leinewelle","description":"","publisher":{"@id":"https:\/\/radioleinewelle.de\/#organization"},"potentialAction":[{"@type":"SearchAction","target":{"@type":"EntryPoint","urlTemplate":"https:\/\/radioleinewelle.de\/?s={search_term_string}"},"query-input":{"@type":"PropertyValueSpecification","valueRequired":true,"valueName":"search_term_string"}}],"inLanguage":"de"},{"@type":"Organization","@id":"https:\/\/radioleinewelle.de\/#organization","name":"Radio Leinewelle","alternateName":"Mein Radio f\u00fcr S\u00fcdniedersachsen","url":"https:\/\/radioleinewelle.de\/","logo":{"@type":"ImageObject","inLanguage":"de","@id":"https:\/\/radioleinewelle.de\/#\/schema\/logo\/image\/","url":"https:\/\/radioleinewelle.de\/wp-content\/uploads\/2023\/11\/cropped-Leinewelle_Logo_weiss.png","contentUrl":"https:\/\/radioleinewelle.de\/wp-content\/uploads\/2023\/11\/cropped-Leinewelle_Logo_weiss.png","width":854,"height":260,"caption":"Radio Leinewelle"},"image":{"@id":"https:\/\/radioleinewelle.de\/#\/schema\/logo\/image\/"},"sameAs":["https:\/\/www.facebook.com\/radioleinewelle","https:\/\/x.com\/RLeinewelle","https:\/\/www.instagram.com\/radioleinewelle\/?hl=de"]},{"@type":"Person","@id":"https:\/\/radioleinewelle.de\/#\/schema\/person\/45606f348637df637192dc1b68399a63","name":"Leinewelle","image":{"@type":"ImageObject","inLanguage":"de","@id":"https:\/\/secure.gravatar.com\/avatar\/05c9a17bc973052ee5d91549bd32fb4dd0dc85b7b85ae94b2e2b4943476bbea5?s=96&d=blank&r=g","url":"https:\/\/secure.gravatar.com\/avatar\/05c9a17bc973052ee5d91549bd32fb4dd0dc85b7b85ae94b2e2b4943476bbea5?s=96&d=blank&r=g","contentUrl":"https:\/\/secure.gravatar.com\/avatar\/05c9a17bc973052ee5d91549bd32fb4dd0dc85b7b85ae94b2e2b4943476bbea5?s=96&d=blank&r=g","caption":"Leinewelle"},"sameAs":["http:\/\/localhost\/radio%20leinewelle\/wordpress","https:\/\/www.facebook.com\/radioleinewelle","https:\/\/www.instagram.com\/radioleinewelle","https:\/\/x.com\/https:\/\/twitter.com\/RLeinewelle?ref_src=twsrcgoogletwcampserptwgrauthor","https:\/\/soundcloud.com\/foerderverein-lokalradio?utm_source=clipboard&utm_medium=text&utm_campaign=social_sharing"],"url":"https:\/\/radioleinewelle.de\/index.php\/author\/leinewelle\/"}]}},"_links":{"self":[{"href":"https:\/\/radioleinewelle.de\/index.php\/wp-json\/wp\/v2\/posts\/3921","targetHints":{"allow":["GET"]}}],"collection":[{"href":"https:\/\/radioleinewelle.de\/index.php\/wp-json\/wp\/v2\/posts"}],"about":[{"href":"https:\/\/radioleinewelle.de\/index.php\/wp-json\/wp\/v2\/types\/post"}],"author":[{"embeddable":true,"href":"https:\/\/radioleinewelle.de\/index.php\/wp-json\/wp\/v2\/users\/1"}],"replies":[{"embeddable":true,"href":"https:\/\/radioleinewelle.de\/index.php\/wp-json\/wp\/v2\/comments?post=3921"}],"version-history":[{"count":0,"href":"https:\/\/radioleinewelle.de\/index.php\/wp-json\/wp\/v2\/posts\/3921\/revisions"}],"wp:attachment":[{"href":"https:\/\/radioleinewelle.de\/index.php\/wp-json\/wp\/v2\/media?parent=3921"}],"wp:term":[{"taxonomy":"category","embeddable":true,"href":"https:\/\/radioleinewelle.de\/index.php\/wp-json\/wp\/v2\/categories?post=3921"},{"taxonomy":"post_tag","embeddable":true,"href":"https:\/\/radioleinewelle.de\/index.php\/wp-json\/wp\/v2\/tags?post=3921"}],"curies":[{"name":"wp","href":"https:\/\/api.w.org\/{rel}","templated":true}]}}