{"id":3934,"date":"2021-01-07T05:20:00","date_gmt":"2021-01-07T04:20:00","guid":{"rendered":"https:\/\/radioleinewelle.de\/?p=3934"},"modified":"2021-01-07T05:20:00","modified_gmt":"2021-01-07T04:20:00","slug":"massnahmenkatalog-gegen-erneuten-publikumsansturm-im-harz-beschlossen","status":"publish","type":"post","link":"https:\/\/radioleinewelle.de\/index.php\/2021\/01\/07\/massnahmenkatalog-gegen-erneuten-publikumsansturm-im-harz-beschlossen\/","title":{"rendered":"Ma\u00dfnahmenkatalog gegen erneuten Publikumsansturm im Harz beschlossen"},"content":{"rendered":"\n<p>Mit einem umfassenden Ma\u00dfnahmenb\u00fcndel wollen Kommunen, die Polizeiinspektion, der Harzer Tourismusverband und die Kreisverwaltung Goslar in den kommenden Tagen und vor allem am nahenden Wochenende auf einen m\u00f6glichen Besucherandrang im Oberharz reagieren. Dies ist das Ergebnis eines \u201eRunden Tisches\u201c der heute auf Einladung von Landrat Thomas Brych im Kreishaus tagte.<\/p>\n\n\n\n<p>An erster Stelle appellieren alle Beteiligten jedoch zun\u00e4chst weiter an die Vernunft und bitten alle potentiellen Ausfl\u00fcgler von einer Reise in den Harz abzusehen. \u201eWir freuen uns grunds\u00e4tzlich \u00fcber jeden Besucher. Aktuell befinden wir uns jedoch in einem Ausnahmezustand, daher ist es nicht angezeigt und unverantwortlich, umfangreiche Tagesausfl\u00fcge zu unternehmen. Wir bitten daher mit Nachdruck darum, von einer Reise in den Harz abzusehen. Bleiben Sie zu Hause\u201c, betont der Chef der Goslarer Kreisverwaltung.<\/p>\n\n\n\n<p>Alle, die sich nicht an diese dringende Bitte halten, m\u00fcssen sich auf ein erhebliches Aufgebot von Polizei und Ordnungskr\u00e4ften, damit einhergehenden Kontrollen, situationsabh\u00e4ngigen Stra\u00dfensperrungen sowie Abschleppaktionen einstellen.<\/p>\n\n\n\n<p>Petra Krischker, Leiterin der Polizeiinspektion Goslar, macht dazu deutlich: \u201eBevor es zu einer \u00dcberf\u00fcllung im Oberharz kommen sollte, vor allem im Bereich der Ortslage Torfhaus, werden wir von Stra\u00dfensperrungen Gebrauch machen und den Verkehr umlenken. Davon d\u00fcrfte vor allem die Bundesstra\u00dfe 4 betroffen sein, die als Hauptzufahrt in den Oberharz genutzt wird. Aber auch weitere Sperrungen sind je nach Lage m\u00f6glich.\u201c \u201eSolche Ma\u00dfnahmen\u201c, so Krischker weiter, \u201eergreifen wir \u00fcbrigens nicht, um die Menschen zu \u00e4rgern, sondern unser oberstes Ziel zu erf\u00fcllen, die Sicherheit der Besucher und B\u00fcrger zu gew\u00e4hrleisten. Bei einem Verkehrsaufkommen wie am vergangenen Wochenende, wo Rettungswege versperrt und Parkpl\u00e4tze \u00fcberf\u00fcllt waren und sich \u00fcberdies zahlreiche wetterbedingte Unf\u00e4lle ereigneten, ist das nicht m\u00f6glich.\u201c Und auch Falschparker m\u00fcssen sich laut Aussage der Polizeichefin auf unangenehme Situationen einstellen: \u201eFalschparker werden wir bei Gefahrenstellen konsequent abschleppen lassen. Darauf haben wir uns heute einstimmig verst\u00e4ndigt.\u201c<\/p>\n\n\n\n<p>Die Einhaltung der Corona-Regeln wird ebenfalls nochmals st\u00e4rker in den Fokus ger\u00fcckt. Gemischte Teams, bestehend aus Kr\u00e4ften von Ordnungs\u00e4mtern und der Polizei, sollen an stark frequentierten Rodelh\u00e4ngen, Wanderwegen oder Parkpl\u00e4tzen das Tragen von Mund-Nasen-Bedeckungen sowie die Abstandregelungen kontrollieren. \u201eAuf dem Gro\u00dfparkplatz in Torfhaus sowie in zahlreichen Startbereichen von beliebten Rodelh\u00e4ngen im Bereich des Stadt Braunlage besteht Maskenpflicht. Leider haben sich viele Besucher nicht an diese Vorgaben gehalten. Darauf werden wir unser verst\u00e4rktes Augenmerk legen und gegebenenfalls auch mit entsprechenden Bu\u00dfgeldern reagieren\u201c, sagt Landrat Thomas Brych.<\/p>\n\n\n\n<p>Der Landkreis wird \u00fcberdies eine Allgemeinverf\u00fcgung auf den Weg bringen, die den Verleih von Rodelger\u00e4ten und Skiern an den Wochenenden verbietet. Die Verf\u00fcgung soll ferner den Au\u00dfer-Haus-Verkauf von Getr\u00e4nken und Snacks im Bereich Torfhaus einschr\u00e4nken, wenn die Beachtung von Abstands- und Hygieneregeln nicht mehr gew\u00e4hrleistet werden kann.<\/p>\n\n\n\n<p>Die heutige Runde macht ferner darauf aufmerksam, dass aufgrund des bundesweiten Corona-Lockdowns und der damit verbundenen Schlie\u00dfung der Gastronomie, fast keine Toiletten zur Verf\u00fcgung stehen. Dies d\u00fcrfte angesichts von mitunter langen Anreisen zu sehr unangenehmen aber eigentlich vermeidbaren Situationen f\u00fchren.<\/p>\n\n\n\n<p>In der kommenden Woche will sich die Runde erneut zusammensetzen, um die Erfahrungen der n\u00e4chsten Tage auszuwerten und gegebenenfalls nachzusteuern. Dies muss nat\u00fcrlich auch immer in Abh\u00e4ngigkeit der in Aussicht stehenden Verl\u00e4ngerung des Corona-Lockdowns erfolgen.<\/p>\n","protected":false},"excerpt":{"rendered":"<p>Mit einem umfassenden Ma\u00dfnahmenb\u00fcndel wollen Kommunen, die Polizeiinspektion, der Harzer Tourismusverband und die Kreisverwaltung Goslar in den kommenden Tagen und vor allem am nahenden Wochenende auf einen m\u00f6glichen Besucherandrang im Oberharz reagieren. Dies ist das Ergebnis eines \u201eRunden Tisches\u201c der heute auf Einladung von Landrat Thomas Brych im Kreishaus tagte. An erster Stelle appellieren alle [&hellip;]<\/p>\n","protected":false},"author":1,"featured_media":3936,"comment_status":"closed","ping_status":"closed","sticky":false,"template":"","format":"standard","meta":{"saved_in_kubio":false,"footnotes":""},"categories":[1],"tags":[],"class_list":["post-3934","post","type-post","status-publish","format-standard","has-post-thumbnail","hentry","category-allgemein"],"yoast_head":"<!-- This site is optimized with the Yoast SEO plugin v27.5 - https:\/\/yoast.com\/product\/yoast-seo-wordpress\/ -->\n<title>Ma\u00dfnahmenkatalog gegen erneuten Publikumsansturm im Harz beschlossen - Radio Leinewelle<\/title>\n<meta name=\"robots\" content=\"index, follow, max-snippet:-1, max-image-preview:large, max-video-preview:-1\" \/>\n<link rel=\"canonical\" href=\"https:\/\/radioleinewelle.de\/index.php\/2021\/01\/07\/massnahmenkatalog-gegen-erneuten-publikumsansturm-im-harz-beschlossen\/\" \/>\n<meta property=\"og:locale\" content=\"de_DE\" \/>\n<meta property=\"og:type\" content=\"article\" \/>\n<meta property=\"og:title\" content=\"Ma\u00dfnahmenkatalog gegen erneuten Publikumsansturm im Harz beschlossen - Radio Leinewelle\" \/>\n<meta property=\"og:description\" content=\"Mit einem umfassenden Ma\u00dfnahmenb\u00fcndel wollen Kommunen, die Polizeiinspektion, der Harzer Tourismusverband und die Kreisverwaltung Goslar in den kommenden Tagen und vor allem am nahenden Wochenende auf einen m\u00f6glichen Besucherandrang im Oberharz reagieren. Dies ist das Ergebnis eines \u201eRunden Tisches\u201c der heute auf Einladung von Landrat Thomas Brych im Kreishaus tagte. An erster Stelle appellieren alle [&hellip;]\" \/>\n<meta property=\"og:url\" content=\"https:\/\/radioleinewelle.de\/index.php\/2021\/01\/07\/massnahmenkatalog-gegen-erneuten-publikumsansturm-im-harz-beschlossen\/\" \/>\n<meta property=\"og:site_name\" content=\"Radio Leinewelle\" \/>\n<meta property=\"article:publisher\" content=\"https:\/\/www.facebook.com\/radioleinewelle\" \/>\n<meta property=\"article:author\" content=\"https:\/\/www.facebook.com\/radioleinewelle\" \/>\n<meta property=\"article:published_time\" content=\"2021-01-07T04:20:00+00:00\" \/>\n<meta property=\"og:image\" content=\"https:\/\/radioleinewelle.de\/wp-content\/uploads\/2021\/01\/landscape-242873_640.jpg\" \/>\n\t<meta property=\"og:image:width\" content=\"640\" \/>\n\t<meta property=\"og:image:height\" content=\"480\" \/>\n\t<meta property=\"og:image:type\" content=\"image\/jpeg\" \/>\n<meta name=\"author\" content=\"Leinewelle\" \/>\n<meta name=\"twitter:card\" content=\"summary_large_image\" \/>\n<meta name=\"twitter:creator\" content=\"@https:\/\/twitter.com\/RLeinewelle?ref_src=twsrcgoogletwcampserptwgrauthor\" \/>\n<meta name=\"twitter:site\" content=\"@RLeinewelle\" \/>\n<meta name=\"twitter:label1\" content=\"Verfasst von\" \/>\n\t<meta name=\"twitter:data1\" content=\"Leinewelle\" \/>\n\t<meta name=\"twitter:label2\" content=\"Gesch\u00e4tzte Lesezeit\" \/>\n\t<meta name=\"twitter:data2\" content=\"3\u00a0Minuten\" \/>\n<script type=\"application\/ld+json\" class=\"yoast-schema-graph\">{\"@context\":\"https:\\\/\\\/schema.org\",\"@graph\":[{\"@type\":\"Article\",\"@id\":\"https:\\\/\\\/radioleinewelle.de\\\/index.php\\\/2021\\\/01\\\/07\\\/massnahmenkatalog-gegen-erneuten-publikumsansturm-im-harz-beschlossen\\\/#article\",\"isPartOf\":{\"@id\":\"https:\\\/\\\/radioleinewelle.de\\\/index.php\\\/2021\\\/01\\\/07\\\/massnahmenkatalog-gegen-erneuten-publikumsansturm-im-harz-beschlossen\\\/\"},\"author\":{\"name\":\"Leinewelle\",\"@id\":\"https:\\\/\\\/radioleinewelle.de\\\/#\\\/schema\\\/person\\\/45606f348637df637192dc1b68399a63\"},\"headline\":\"Ma\u00dfnahmenkatalog gegen erneuten Publikumsansturm im Harz beschlossen\",\"datePublished\":\"2021-01-07T04:20:00+00:00\",\"mainEntityOfPage\":{\"@id\":\"https:\\\/\\\/radioleinewelle.de\\\/index.php\\\/2021\\\/01\\\/07\\\/massnahmenkatalog-gegen-erneuten-publikumsansturm-im-harz-beschlossen\\\/\"},\"wordCount\":557,\"publisher\":{\"@id\":\"https:\\\/\\\/radioleinewelle.de\\\/#organization\"},\"image\":{\"@id\":\"https:\\\/\\\/radioleinewelle.de\\\/index.php\\\/2021\\\/01\\\/07\\\/massnahmenkatalog-gegen-erneuten-publikumsansturm-im-harz-beschlossen\\\/#primaryimage\"},\"thumbnailUrl\":\"https:\\\/\\\/radioleinewelle.de\\\/wp-content\\\/uploads\\\/2021\\\/01\\\/landscape-242873_640.jpg\",\"inLanguage\":\"de\"},{\"@type\":\"WebPage\",\"@id\":\"https:\\\/\\\/radioleinewelle.de\\\/index.php\\\/2021\\\/01\\\/07\\\/massnahmenkatalog-gegen-erneuten-publikumsansturm-im-harz-beschlossen\\\/\",\"url\":\"https:\\\/\\\/radioleinewelle.de\\\/index.php\\\/2021\\\/01\\\/07\\\/massnahmenkatalog-gegen-erneuten-publikumsansturm-im-harz-beschlossen\\\/\",\"name\":\"Ma\u00dfnahmenkatalog gegen erneuten Publikumsansturm im Harz beschlossen - Radio Leinewelle\",\"isPartOf\":{\"@id\":\"https:\\\/\\\/radioleinewelle.de\\\/#website\"},\"primaryImageOfPage\":{\"@id\":\"https:\\\/\\\/radioleinewelle.de\\\/index.php\\\/2021\\\/01\\\/07\\\/massnahmenkatalog-gegen-erneuten-publikumsansturm-im-harz-beschlossen\\\/#primaryimage\"},\"image\":{\"@id\":\"https:\\\/\\\/radioleinewelle.de\\\/index.php\\\/2021\\\/01\\\/07\\\/massnahmenkatalog-gegen-erneuten-publikumsansturm-im-harz-beschlossen\\\/#primaryimage\"},\"thumbnailUrl\":\"https:\\\/\\\/radioleinewelle.de\\\/wp-content\\\/uploads\\\/2021\\\/01\\\/landscape-242873_640.jpg\",\"datePublished\":\"2021-01-07T04:20:00+00:00\",\"breadcrumb\":{\"@id\":\"https:\\\/\\\/radioleinewelle.de\\\/index.php\\\/2021\\\/01\\\/07\\\/massnahmenkatalog-gegen-erneuten-publikumsansturm-im-harz-beschlossen\\\/#breadcrumb\"},\"inLanguage\":\"de\",\"potentialAction\":[{\"@type\":\"ReadAction\",\"target\":[\"https:\\\/\\\/radioleinewelle.de\\\/index.php\\\/2021\\\/01\\\/07\\\/massnahmenkatalog-gegen-erneuten-publikumsansturm-im-harz-beschlossen\\\/\"]}]},{\"@type\":\"ImageObject\",\"inLanguage\":\"de\",\"@id\":\"https:\\\/\\\/radioleinewelle.de\\\/index.php\\\/2021\\\/01\\\/07\\\/massnahmenkatalog-gegen-erneuten-publikumsansturm-im-harz-beschlossen\\\/#primaryimage\",\"url\":\"https:\\\/\\\/radioleinewelle.de\\\/wp-content\\\/uploads\\\/2021\\\/01\\\/landscape-242873_640.jpg\",\"contentUrl\":\"https:\\\/\\\/radioleinewelle.de\\\/wp-content\\\/uploads\\\/2021\\\/01\\\/landscape-242873_640.jpg\",\"width\":640,\"height\":480},{\"@type\":\"BreadcrumbList\",\"@id\":\"https:\\\/\\\/radioleinewelle.de\\\/index.php\\\/2021\\\/01\\\/07\\\/massnahmenkatalog-gegen-erneuten-publikumsansturm-im-harz-beschlossen\\\/#breadcrumb\",\"itemListElement\":[{\"@type\":\"ListItem\",\"position\":1,\"name\":\"Startseite\",\"item\":\"https:\\\/\\\/radioleinewelle.de\\\/\"},{\"@type\":\"ListItem\",\"position\":2,\"name\":\"Ma\u00dfnahmenkatalog gegen erneuten Publikumsansturm im Harz beschlossen\"}]},{\"@type\":\"WebSite\",\"@id\":\"https:\\\/\\\/radioleinewelle.de\\\/#website\",\"url\":\"https:\\\/\\\/radioleinewelle.de\\\/\",\"name\":\"Radio Leinewelle\",\"description\":\"\",\"publisher\":{\"@id\":\"https:\\\/\\\/radioleinewelle.de\\\/#organization\"},\"potentialAction\":[{\"@type\":\"SearchAction\",\"target\":{\"@type\":\"EntryPoint\",\"urlTemplate\":\"https:\\\/\\\/radioleinewelle.de\\\/?s={search_term_string}\"},\"query-input\":{\"@type\":\"PropertyValueSpecification\",\"valueRequired\":true,\"valueName\":\"search_term_string\"}}],\"inLanguage\":\"de\"},{\"@type\":\"Organization\",\"@id\":\"https:\\\/\\\/radioleinewelle.de\\\/#organization\",\"name\":\"Radio Leinewelle\",\"alternateName\":\"Mein Radio f\u00fcr S\u00fcdniedersachsen\",\"url\":\"https:\\\/\\\/radioleinewelle.de\\\/\",\"logo\":{\"@type\":\"ImageObject\",\"inLanguage\":\"de\",\"@id\":\"https:\\\/\\\/radioleinewelle.de\\\/#\\\/schema\\\/logo\\\/image\\\/\",\"url\":\"https:\\\/\\\/radioleinewelle.de\\\/wp-content\\\/uploads\\\/2023\\\/11\\\/cropped-Leinewelle_Logo_weiss.png\",\"contentUrl\":\"https:\\\/\\\/radioleinewelle.de\\\/wp-content\\\/uploads\\\/2023\\\/11\\\/cropped-Leinewelle_Logo_weiss.png\",\"width\":854,\"height\":260,\"caption\":\"Radio Leinewelle\"},\"image\":{\"@id\":\"https:\\\/\\\/radioleinewelle.de\\\/#\\\/schema\\\/logo\\\/image\\\/\"},\"sameAs\":[\"https:\\\/\\\/www.facebook.com\\\/radioleinewelle\",\"https:\\\/\\\/x.com\\\/RLeinewelle\",\"https:\\\/\\\/www.instagram.com\\\/radioleinewelle\\\/?hl=de\"]},{\"@type\":\"Person\",\"@id\":\"https:\\\/\\\/radioleinewelle.de\\\/#\\\/schema\\\/person\\\/45606f348637df637192dc1b68399a63\",\"name\":\"Leinewelle\",\"image\":{\"@type\":\"ImageObject\",\"inLanguage\":\"de\",\"@id\":\"https:\\\/\\\/secure.gravatar.com\\\/avatar\\\/05c9a17bc973052ee5d91549bd32fb4dd0dc85b7b85ae94b2e2b4943476bbea5?s=96&d=blank&r=g\",\"url\":\"https:\\\/\\\/secure.gravatar.com\\\/avatar\\\/05c9a17bc973052ee5d91549bd32fb4dd0dc85b7b85ae94b2e2b4943476bbea5?s=96&d=blank&r=g\",\"contentUrl\":\"https:\\\/\\\/secure.gravatar.com\\\/avatar\\\/05c9a17bc973052ee5d91549bd32fb4dd0dc85b7b85ae94b2e2b4943476bbea5?s=96&d=blank&r=g\",\"caption\":\"Leinewelle\"},\"sameAs\":[\"http:\\\/\\\/localhost\\\/radio%20leinewelle\\\/wordpress\",\"https:\\\/\\\/www.facebook.com\\\/radioleinewelle\",\"https:\\\/\\\/www.instagram.com\\\/radioleinewelle\",\"https:\\\/\\\/x.com\\\/https:\\\/\\\/twitter.com\\\/RLeinewelle?ref_src=twsrcgoogletwcampserptwgrauthor\",\"https:\\\/\\\/soundcloud.com\\\/foerderverein-lokalradio?utm_source=clipboard&utm_medium=text&utm_campaign=social_sharing\"],\"url\":\"https:\\\/\\\/radioleinewelle.de\\\/index.php\\\/author\\\/leinewelle\\\/\"}]}<\/script>\n<!-- \/ Yoast SEO plugin. -->","yoast_head_json":{"title":"Ma\u00dfnahmenkatalog gegen erneuten Publikumsansturm im Harz beschlossen - Radio Leinewelle","robots":{"index":"index","follow":"follow","max-snippet":"max-snippet:-1","max-image-preview":"max-image-preview:large","max-video-preview":"max-video-preview:-1"},"canonical":"https:\/\/radioleinewelle.de\/index.php\/2021\/01\/07\/massnahmenkatalog-gegen-erneuten-publikumsansturm-im-harz-beschlossen\/","og_locale":"de_DE","og_type":"article","og_title":"Ma\u00dfnahmenkatalog gegen erneuten Publikumsansturm im Harz beschlossen - Radio Leinewelle","og_description":"Mit einem umfassenden Ma\u00dfnahmenb\u00fcndel wollen Kommunen, die Polizeiinspektion, der Harzer Tourismusverband und die Kreisverwaltung Goslar in den kommenden Tagen und vor allem am nahenden Wochenende auf einen m\u00f6glichen Besucherandrang im Oberharz reagieren. Dies ist das Ergebnis eines \u201eRunden Tisches\u201c der heute auf Einladung von Landrat Thomas Brych im Kreishaus tagte. An erster Stelle appellieren alle [&hellip;]","og_url":"https:\/\/radioleinewelle.de\/index.php\/2021\/01\/07\/massnahmenkatalog-gegen-erneuten-publikumsansturm-im-harz-beschlossen\/","og_site_name":"Radio Leinewelle","article_publisher":"https:\/\/www.facebook.com\/radioleinewelle","article_author":"https:\/\/www.facebook.com\/radioleinewelle","article_published_time":"2021-01-07T04:20:00+00:00","og_image":[{"width":640,"height":480,"url":"https:\/\/radioleinewelle.de\/wp-content\/uploads\/2021\/01\/landscape-242873_640.jpg","type":"image\/jpeg"}],"author":"Leinewelle","twitter_card":"summary_large_image","twitter_creator":"@https:\/\/twitter.com\/RLeinewelle?ref_src=twsrcgoogletwcampserptwgrauthor","twitter_site":"@RLeinewelle","twitter_misc":{"Verfasst von":"Leinewelle","Gesch\u00e4tzte Lesezeit":"3\u00a0Minuten"},"schema":{"@context":"https:\/\/schema.org","@graph":[{"@type":"Article","@id":"https:\/\/radioleinewelle.de\/index.php\/2021\/01\/07\/massnahmenkatalog-gegen-erneuten-publikumsansturm-im-harz-beschlossen\/#article","isPartOf":{"@id":"https:\/\/radioleinewelle.de\/index.php\/2021\/01\/07\/massnahmenkatalog-gegen-erneuten-publikumsansturm-im-harz-beschlossen\/"},"author":{"name":"Leinewelle","@id":"https:\/\/radioleinewelle.de\/#\/schema\/person\/45606f348637df637192dc1b68399a63"},"headline":"Ma\u00dfnahmenkatalog gegen erneuten Publikumsansturm im Harz beschlossen","datePublished":"2021-01-07T04:20:00+00:00","mainEntityOfPage":{"@id":"https:\/\/radioleinewelle.de\/index.php\/2021\/01\/07\/massnahmenkatalog-gegen-erneuten-publikumsansturm-im-harz-beschlossen\/"},"wordCount":557,"publisher":{"@id":"https:\/\/radioleinewelle.de\/#organization"},"image":{"@id":"https:\/\/radioleinewelle.de\/index.php\/2021\/01\/07\/massnahmenkatalog-gegen-erneuten-publikumsansturm-im-harz-beschlossen\/#primaryimage"},"thumbnailUrl":"https:\/\/radioleinewelle.de\/wp-content\/uploads\/2021\/01\/landscape-242873_640.jpg","inLanguage":"de"},{"@type":"WebPage","@id":"https:\/\/radioleinewelle.de\/index.php\/2021\/01\/07\/massnahmenkatalog-gegen-erneuten-publikumsansturm-im-harz-beschlossen\/","url":"https:\/\/radioleinewelle.de\/index.php\/2021\/01\/07\/massnahmenkatalog-gegen-erneuten-publikumsansturm-im-harz-beschlossen\/","name":"Ma\u00dfnahmenkatalog gegen erneuten Publikumsansturm im Harz beschlossen - Radio Leinewelle","isPartOf":{"@id":"https:\/\/radioleinewelle.de\/#website"},"primaryImageOfPage":{"@id":"https:\/\/radioleinewelle.de\/index.php\/2021\/01\/07\/massnahmenkatalog-gegen-erneuten-publikumsansturm-im-harz-beschlossen\/#primaryimage"},"image":{"@id":"https:\/\/radioleinewelle.de\/index.php\/2021\/01\/07\/massnahmenkatalog-gegen-erneuten-publikumsansturm-im-harz-beschlossen\/#primaryimage"},"thumbnailUrl":"https:\/\/radioleinewelle.de\/wp-content\/uploads\/2021\/01\/landscape-242873_640.jpg","datePublished":"2021-01-07T04:20:00+00:00","breadcrumb":{"@id":"https:\/\/radioleinewelle.de\/index.php\/2021\/01\/07\/massnahmenkatalog-gegen-erneuten-publikumsansturm-im-harz-beschlossen\/#breadcrumb"},"inLanguage":"de","potentialAction":[{"@type":"ReadAction","target":["https:\/\/radioleinewelle.de\/index.php\/2021\/01\/07\/massnahmenkatalog-gegen-erneuten-publikumsansturm-im-harz-beschlossen\/"]}]},{"@type":"ImageObject","inLanguage":"de","@id":"https:\/\/radioleinewelle.de\/index.php\/2021\/01\/07\/massnahmenkatalog-gegen-erneuten-publikumsansturm-im-harz-beschlossen\/#primaryimage","url":"https:\/\/radioleinewelle.de\/wp-content\/uploads\/2021\/01\/landscape-242873_640.jpg","contentUrl":"https:\/\/radioleinewelle.de\/wp-content\/uploads\/2021\/01\/landscape-242873_640.jpg","width":640,"height":480},{"@type":"BreadcrumbList","@id":"https:\/\/radioleinewelle.de\/index.php\/2021\/01\/07\/massnahmenkatalog-gegen-erneuten-publikumsansturm-im-harz-beschlossen\/#breadcrumb","itemListElement":[{"@type":"ListItem","position":1,"name":"Startseite","item":"https:\/\/radioleinewelle.de\/"},{"@type":"ListItem","position":2,"name":"Ma\u00dfnahmenkatalog gegen erneuten Publikumsansturm im Harz beschlossen"}]},{"@type":"WebSite","@id":"https:\/\/radioleinewelle.de\/#website","url":"https:\/\/radioleinewelle.de\/","name":"Radio Leinewelle","description":"","publisher":{"@id":"https:\/\/radioleinewelle.de\/#organization"},"potentialAction":[{"@type":"SearchAction","target":{"@type":"EntryPoint","urlTemplate":"https:\/\/radioleinewelle.de\/?s={search_term_string}"},"query-input":{"@type":"PropertyValueSpecification","valueRequired":true,"valueName":"search_term_string"}}],"inLanguage":"de"},{"@type":"Organization","@id":"https:\/\/radioleinewelle.de\/#organization","name":"Radio Leinewelle","alternateName":"Mein Radio f\u00fcr S\u00fcdniedersachsen","url":"https:\/\/radioleinewelle.de\/","logo":{"@type":"ImageObject","inLanguage":"de","@id":"https:\/\/radioleinewelle.de\/#\/schema\/logo\/image\/","url":"https:\/\/radioleinewelle.de\/wp-content\/uploads\/2023\/11\/cropped-Leinewelle_Logo_weiss.png","contentUrl":"https:\/\/radioleinewelle.de\/wp-content\/uploads\/2023\/11\/cropped-Leinewelle_Logo_weiss.png","width":854,"height":260,"caption":"Radio Leinewelle"},"image":{"@id":"https:\/\/radioleinewelle.de\/#\/schema\/logo\/image\/"},"sameAs":["https:\/\/www.facebook.com\/radioleinewelle","https:\/\/x.com\/RLeinewelle","https:\/\/www.instagram.com\/radioleinewelle\/?hl=de"]},{"@type":"Person","@id":"https:\/\/radioleinewelle.de\/#\/schema\/person\/45606f348637df637192dc1b68399a63","name":"Leinewelle","image":{"@type":"ImageObject","inLanguage":"de","@id":"https:\/\/secure.gravatar.com\/avatar\/05c9a17bc973052ee5d91549bd32fb4dd0dc85b7b85ae94b2e2b4943476bbea5?s=96&d=blank&r=g","url":"https:\/\/secure.gravatar.com\/avatar\/05c9a17bc973052ee5d91549bd32fb4dd0dc85b7b85ae94b2e2b4943476bbea5?s=96&d=blank&r=g","contentUrl":"https:\/\/secure.gravatar.com\/avatar\/05c9a17bc973052ee5d91549bd32fb4dd0dc85b7b85ae94b2e2b4943476bbea5?s=96&d=blank&r=g","caption":"Leinewelle"},"sameAs":["http:\/\/localhost\/radio%20leinewelle\/wordpress","https:\/\/www.facebook.com\/radioleinewelle","https:\/\/www.instagram.com\/radioleinewelle","https:\/\/x.com\/https:\/\/twitter.com\/RLeinewelle?ref_src=twsrcgoogletwcampserptwgrauthor","https:\/\/soundcloud.com\/foerderverein-lokalradio?utm_source=clipboard&utm_medium=text&utm_campaign=social_sharing"],"url":"https:\/\/radioleinewelle.de\/index.php\/author\/leinewelle\/"}]}},"_links":{"self":[{"href":"https:\/\/radioleinewelle.de\/index.php\/wp-json\/wp\/v2\/posts\/3934","targetHints":{"allow":["GET"]}}],"collection":[{"href":"https:\/\/radioleinewelle.de\/index.php\/wp-json\/wp\/v2\/posts"}],"about":[{"href":"https:\/\/radioleinewelle.de\/index.php\/wp-json\/wp\/v2\/types\/post"}],"author":[{"embeddable":true,"href":"https:\/\/radioleinewelle.de\/index.php\/wp-json\/wp\/v2\/users\/1"}],"replies":[{"embeddable":true,"href":"https:\/\/radioleinewelle.de\/index.php\/wp-json\/wp\/v2\/comments?post=3934"}],"version-history":[{"count":0,"href":"https:\/\/radioleinewelle.de\/index.php\/wp-json\/wp\/v2\/posts\/3934\/revisions"}],"wp:featuredmedia":[{"embeddable":true,"href":"https:\/\/radioleinewelle.de\/index.php\/wp-json\/wp\/v2\/media\/3936"}],"wp:attachment":[{"href":"https:\/\/radioleinewelle.de\/index.php\/wp-json\/wp\/v2\/media?parent=3934"}],"wp:term":[{"taxonomy":"category","embeddable":true,"href":"https:\/\/radioleinewelle.de\/index.php\/wp-json\/wp\/v2\/categories?post=3934"},{"taxonomy":"post_tag","embeddable":true,"href":"https:\/\/radioleinewelle.de\/index.php\/wp-json\/wp\/v2\/tags?post=3934"}],"curies":[{"name":"wp","href":"https:\/\/api.w.org\/{rel}","templated":true}]}}