{"id":3937,"date":"2021-01-07T06:00:23","date_gmt":"2021-01-07T05:00:23","guid":{"rendered":"https:\/\/radioleinewelle.de\/?p=3937"},"modified":"2021-01-07T06:00:23","modified_gmt":"2021-01-07T05:00:23","slug":"coronalage-in-suedniedersachsen-und-im-eichsfeld-am-07-01-21","status":"publish","type":"post","link":"https:\/\/radioleinewelle.de\/index.php\/2021\/01\/07\/coronalage-in-suedniedersachsen-und-im-eichsfeld-am-07-01-21\/","title":{"rendered":"Coronalage in S\u00fcdniedersachsen und im Eichsfeld am 07.01.21"},"content":{"rendered":"\n<p>Neu in der t\u00e4glichen \u00dcbersicht ist die l\u00e4nderbezogene Impfquote. Zur Zeit ist Niedersachsen bei den durchgef\u00fchrte COVID-19-Impfungen auf Bundeslandebene pro 1.000 Einwohnern mit 1,9 %. Th\u00fcringen liegt bei 1,7 %, Hessen bei 6,6 %.<\/p>\n\n\n\n<p>Die Inzidenzzahlen (Quelle RKI) in S\u00fcdniedersachsen sind im Vergleich zur Vorwoche in den einzelnen Landkreisen konstant , bzw. leicht r\u00fcckl\u00e4ufig, d.h. am oder \u00fcber dem Grenzwert von 50, die Ausnahme ist der LK H\u00f6xter. Die aktuellen Zahlen im Detail:<br \/><strong>Die Landkreise:<\/strong><br \/>G\u00f6ttingen 65,6, Northeim 31,0, Goslar 55,8, Holzminden 51,1, <strong>H\u00f6xter 201,8<\/strong>.&nbsp;Der Durchschnitt in Niedersachsen liegt bei 75,7, der Bundesdurchschnitt bei 121.8, die <strong>bundesweite Zahl der Corona Neuinfektionen steigt um 26391, die Sterbef\u00e4lle steigen bundesweit um 1070 Tote<\/strong> zum Vortag.<br \/>Der Anteil der COVID-19 Patienten an der Gesamtzahl der Intensivbetten in Niedersachsen liegt bei 13,4 %. Dies sagt nichts \u00fcber die aktuelle lokale Situation aus, die abh\u00e4ngig vom Infektionsgeschehen und der Verf\u00fcgbarkeit von Fachpersonal ist. In G\u00f6ttingen sind die Verf\u00fcgbarkeiten von Intensivbetten an der UMG &nbsp;ausreichend und im Evangelischen Krankenhaus Lenglern im Low und High Care Bereich laut Intensivregister begrenzt. Es gibt erste \u00dcbernahmen von Patienten aus anderen Bundesl\u00e4ndern.<\/p>\n\n\n\n<p><strong>Die Zahlen im Eichsfeld: der Inzidenzwert liegt hier bei aktuell 300,0. <\/strong>&nbsp;<strong>Der Landkreis Eichsfeld teilt mit: die Gesamtzahl der aktuell Infizierten 705, Verstorbene 80 &nbsp;(Stand 06.01.).&nbsp;<\/strong>Die tagesaktuelle Zuordnung der Neuinfektionen auf Orte ist derzeit nicht m\u00f6glich, weshalb bis auf weiteres von dieser Darstellung abgesehen wird.&nbsp;Aufgrund der hohen Fallzahlen der Neuinfektionen kann es aktuell bis zu drei Tage dauern bis das Gesundheitsamt Kontaktpersonen positiv getesteter Personen telefonisch kontaktiert. Deshalb werden alle B\u00fcrgerinnen und B\u00fcrger dringend aufgefordert, sich in Quarant\u00e4ne zu begeben, wenn sie Kontakt (mindestens 15 Minuten, weniger als 1,5 m Abstand ohne Mund-Nasen-Bedeckung) zu einer positiv getesteten Person hatten.<br \/>Aktuelle Meldungen auf der Seite des <a href=\"https:\/\/www.kreis-eic.de\/informationen-zum-coronavirus.html\">Landkreises Eichsfeld<\/a><\/p>\n\n\n\n<p><strong>Die Stadt Heiligenstadt<\/strong> warnt vor Falschinformationen rund um Corona und ruft dazu auf, nur offizielle Quellen zu nutzen.<\/p>\n\n\n\n<p><strong>Die Stadt Duderstadt teilt mit (06.01.):<\/strong><br \/>Seit heute ist eine Allgemeinverf\u00fcgung des Gesundheitsamtes f\u00fcr die Stadt und den Landkreis G\u00f6ttingen in Kraft getreten. Danach d\u00fcrfen die im Folgenden genannten Einrichtungen von den Bewohnerinnen und Bewohnern nur noch nach einem negativen Antigen-Testergebnis auf das Corona-Virus SARS-CoV-2 verlassen werden: <br \/>a) Altenpflege- und Senioren-Wohnheim Am Park GmbH, L\u00f6wengasse 2, 37115 Duderstadt <br \/>b) Hollenbach-Stiftung, Adenauerring 2, 37115 Duderstadt <br \/>Die Testungen werden vor Ort durch geschultes Personal der jeweiligen Einrichtungen vorgenommen.<br \/>Die Regelungen gelten zun\u00e4chst bis zum 19.01.2021. Eine Verl\u00e4ngerung beh\u00e4lt sich das Gesundheitsamt vor. Die vollst\u00e4ndige Allgemeinverf\u00fcgung finden Sie&nbsp;<a rel=\"noreferrer noopener\" href=\"https:\/\/www.duderstadt.de\/downloads\/datei\/OTAwMDAxMzUwOy07L3Vzci9sb2NhbC9odHRwZC92aHRkb2NzL2xrZ29ldHRpbmdlbi9kdWRlcnN0YWR0L21lZGllbi9kb2t1bWVudGUvMjAyMV8wMV8wNV9hbXRzYmxhdHRfbGFuZGtyZWlzX2dvZXR0aW5nZW5fbnIuXzFfdm9tXzA1LjAxLjIwMjEucGRm\" target=\"_blank\">hier.<\/a><\/p>\n\n\n\n<p><strong>Landkreis G\u00f6ttingen (06.01.):<\/strong> <br \/>518 Menschen in Stadt und Landkreis G\u00f6ttingen sind aktuell mit dem SARS-CoV-2-Virus infiziert. Der Inzidenzwert liegt laut ma\u00dfgeblichem Lagebericht des Landes heute (Mittwoch, 6. Januar 2021) bei 82,2 <br \/>Die Gesamtzahl bislang best\u00e4tigter Covid-19 F\u00e4lle im Landkreis G\u00f6ttingen steigt auf 3.967. Davon gelten 3.327 Personen als von der Infektion genesen, 122 Menschen sind in Verbindung mit Covid-19 gestorben.<\/p>\n\n\n\n<p><\/p>\n\n\n\n<h5 class=\"wp-block-heading\">Lage in St\u00e4dten und Gemeinden (Gesamtzahl F\u00e4lle \/ akut Infizierte)<\/h5>\n\n\n\n<ul class=\"wp-block-list\"><li>Flecken Adelebsen (61 \/ 15)<\/li><li>Gemeinde Bad Grund (Harz) (83 \/ 5)<\/li><li>Stadt Bad Lauterberg im Harz (146 \/ 13)<\/li><li>Stadt Bad Sachsa (114 \/ 3)<\/li><li>Flecken Bovenden (83 \/ 12)<\/li><li>Samtgemeinde Dransfeld (55 \/ 7)<\/li><li><strong>Stadt Duderstadt (514 \/ 149)<\/strong><\/li><li>Gemeinde Friedland (79 \/ 2)<\/li><li>Samtgemeinde Gieboldehausen (140 \/ 26)<\/li><li>Gemeinde Gleichen (75 \/ 4)<\/li><li>Stadt G\u00f6ttingen (1.296 \/ 145)<\/li><li>Stadt Hann. M\u00fcnden (431 \/ 45)<\/li><li>Samtgemeinde Hattorf am Harz (98 \/ 6)<\/li><li>Stadt Herzberg am Harz (317 \/ 12)<\/li><li>Stadt Osterode am Harz (210 \/ 23)<\/li><li>Samtgemeinde Radolfshausen (31 \/ 3)<\/li><li>Gemeinde Rosdorf (101 \/ 7)<\/li><li>Gemeinde Staufenberg (72 \/ 11)<\/li><li>Gemeinde Walkenried (61 \/ 30)<\/li><\/ul>\n\n\n\n<p><\/p>\n","protected":false},"excerpt":{"rendered":"<p>Neu in der t\u00e4glichen \u00dcbersicht ist die l\u00e4nderbezogene Impfquote. Zur Zeit ist Niedersachsen bei den durchgef\u00fchrte COVID-19-Impfungen auf Bundeslandebene pro 1.000 Einwohnern mit 1,9 %. Th\u00fcringen liegt bei 1,7 %, Hessen bei 6,6 %. Die Inzidenzzahlen (Quelle RKI) in S\u00fcdniedersachsen sind im Vergleich zur Vorwoche in den einzelnen Landkreisen konstant , bzw. leicht r\u00fcckl\u00e4ufig, d.h. [&hellip;]<\/p>\n","protected":false},"author":1,"featured_media":3445,"comment_status":"closed","ping_status":"closed","sticky":false,"template":"","format":"standard","meta":{"saved_in_kubio":false,"footnotes":""},"categories":[1],"tags":[],"class_list":["post-3937","post","type-post","status-publish","format-standard","has-post-thumbnail","hentry","category-allgemein"],"yoast_head":"<!-- This site is optimized with the Yoast SEO plugin v27.5 - https:\/\/yoast.com\/product\/yoast-seo-wordpress\/ -->\n<title>Coronalage in S\u00fcdniedersachsen und im Eichsfeld am 07.01.21 - Radio Leinewelle<\/title>\n<meta name=\"robots\" content=\"index, follow, max-snippet:-1, max-image-preview:large, max-video-preview:-1\" \/>\n<link rel=\"canonical\" href=\"https:\/\/radioleinewelle.de\/index.php\/2021\/01\/07\/coronalage-in-suedniedersachsen-und-im-eichsfeld-am-07-01-21\/\" \/>\n<meta property=\"og:locale\" content=\"de_DE\" \/>\n<meta property=\"og:type\" content=\"article\" \/>\n<meta property=\"og:title\" content=\"Coronalage in S\u00fcdniedersachsen und im Eichsfeld am 07.01.21 - Radio Leinewelle\" \/>\n<meta property=\"og:description\" content=\"Neu in der t\u00e4glichen \u00dcbersicht ist die l\u00e4nderbezogene Impfquote. Zur Zeit ist Niedersachsen bei den durchgef\u00fchrte COVID-19-Impfungen auf Bundeslandebene pro 1.000 Einwohnern mit 1,9 %. Th\u00fcringen liegt bei 1,7 %, Hessen bei 6,6 %. Die Inzidenzzahlen (Quelle RKI) in S\u00fcdniedersachsen sind im Vergleich zur Vorwoche in den einzelnen Landkreisen konstant , bzw. leicht r\u00fcckl\u00e4ufig, d.h. [&hellip;]\" \/>\n<meta property=\"og:url\" content=\"https:\/\/radioleinewelle.de\/index.php\/2021\/01\/07\/coronalage-in-suedniedersachsen-und-im-eichsfeld-am-07-01-21\/\" \/>\n<meta property=\"og:site_name\" content=\"Radio Leinewelle\" \/>\n<meta property=\"article:publisher\" content=\"https:\/\/www.facebook.com\/radioleinewelle\" \/>\n<meta property=\"article:author\" content=\"https:\/\/www.facebook.com\/radioleinewelle\" \/>\n<meta property=\"article:published_time\" content=\"2021-01-07T05:00:23+00:00\" \/>\n<meta property=\"og:image\" content=\"https:\/\/radioleinewelle.de\/wp-content\/uploads\/2020\/12\/coronavirus-4914026_640.jpg\" \/>\n\t<meta property=\"og:image:width\" content=\"640\" \/>\n\t<meta property=\"og:image:height\" content=\"360\" \/>\n\t<meta property=\"og:image:type\" content=\"image\/jpeg\" \/>\n<meta name=\"author\" content=\"Leinewelle\" \/>\n<meta name=\"twitter:card\" content=\"summary_large_image\" \/>\n<meta name=\"twitter:creator\" content=\"@https:\/\/twitter.com\/RLeinewelle?ref_src=twsrcgoogletwcampserptwgrauthor\" \/>\n<meta name=\"twitter:site\" content=\"@RLeinewelle\" \/>\n<meta name=\"twitter:label1\" content=\"Verfasst von\" \/>\n\t<meta name=\"twitter:data1\" content=\"Leinewelle\" \/>\n\t<meta name=\"twitter:label2\" content=\"Gesch\u00e4tzte Lesezeit\" \/>\n\t<meta name=\"twitter:data2\" content=\"3\u00a0Minuten\" \/>\n<script type=\"application\/ld+json\" class=\"yoast-schema-graph\">{\"@context\":\"https:\\\/\\\/schema.org\",\"@graph\":[{\"@type\":\"Article\",\"@id\":\"https:\\\/\\\/radioleinewelle.de\\\/index.php\\\/2021\\\/01\\\/07\\\/coronalage-in-suedniedersachsen-und-im-eichsfeld-am-07-01-21\\\/#article\",\"isPartOf\":{\"@id\":\"https:\\\/\\\/radioleinewelle.de\\\/index.php\\\/2021\\\/01\\\/07\\\/coronalage-in-suedniedersachsen-und-im-eichsfeld-am-07-01-21\\\/\"},\"author\":{\"name\":\"Leinewelle\",\"@id\":\"https:\\\/\\\/radioleinewelle.de\\\/#\\\/schema\\\/person\\\/45606f348637df637192dc1b68399a63\"},\"headline\":\"Coronalage in S\u00fcdniedersachsen und im Eichsfeld am 07.01.21\",\"datePublished\":\"2021-01-07T05:00:23+00:00\",\"mainEntityOfPage\":{\"@id\":\"https:\\\/\\\/radioleinewelle.de\\\/index.php\\\/2021\\\/01\\\/07\\\/coronalage-in-suedniedersachsen-und-im-eichsfeld-am-07-01-21\\\/\"},\"wordCount\":544,\"publisher\":{\"@id\":\"https:\\\/\\\/radioleinewelle.de\\\/#organization\"},\"image\":{\"@id\":\"https:\\\/\\\/radioleinewelle.de\\\/index.php\\\/2021\\\/01\\\/07\\\/coronalage-in-suedniedersachsen-und-im-eichsfeld-am-07-01-21\\\/#primaryimage\"},\"thumbnailUrl\":\"https:\\\/\\\/radioleinewelle.de\\\/wp-content\\\/uploads\\\/2020\\\/12\\\/coronavirus-4914026_640.jpg\",\"inLanguage\":\"de\"},{\"@type\":\"WebPage\",\"@id\":\"https:\\\/\\\/radioleinewelle.de\\\/index.php\\\/2021\\\/01\\\/07\\\/coronalage-in-suedniedersachsen-und-im-eichsfeld-am-07-01-21\\\/\",\"url\":\"https:\\\/\\\/radioleinewelle.de\\\/index.php\\\/2021\\\/01\\\/07\\\/coronalage-in-suedniedersachsen-und-im-eichsfeld-am-07-01-21\\\/\",\"name\":\"Coronalage in S\u00fcdniedersachsen und im Eichsfeld am 07.01.21 - Radio Leinewelle\",\"isPartOf\":{\"@id\":\"https:\\\/\\\/radioleinewelle.de\\\/#website\"},\"primaryImageOfPage\":{\"@id\":\"https:\\\/\\\/radioleinewelle.de\\\/index.php\\\/2021\\\/01\\\/07\\\/coronalage-in-suedniedersachsen-und-im-eichsfeld-am-07-01-21\\\/#primaryimage\"},\"image\":{\"@id\":\"https:\\\/\\\/radioleinewelle.de\\\/index.php\\\/2021\\\/01\\\/07\\\/coronalage-in-suedniedersachsen-und-im-eichsfeld-am-07-01-21\\\/#primaryimage\"},\"thumbnailUrl\":\"https:\\\/\\\/radioleinewelle.de\\\/wp-content\\\/uploads\\\/2020\\\/12\\\/coronavirus-4914026_640.jpg\",\"datePublished\":\"2021-01-07T05:00:23+00:00\",\"breadcrumb\":{\"@id\":\"https:\\\/\\\/radioleinewelle.de\\\/index.php\\\/2021\\\/01\\\/07\\\/coronalage-in-suedniedersachsen-und-im-eichsfeld-am-07-01-21\\\/#breadcrumb\"},\"inLanguage\":\"de\",\"potentialAction\":[{\"@type\":\"ReadAction\",\"target\":[\"https:\\\/\\\/radioleinewelle.de\\\/index.php\\\/2021\\\/01\\\/07\\\/coronalage-in-suedniedersachsen-und-im-eichsfeld-am-07-01-21\\\/\"]}]},{\"@type\":\"ImageObject\",\"inLanguage\":\"de\",\"@id\":\"https:\\\/\\\/radioleinewelle.de\\\/index.php\\\/2021\\\/01\\\/07\\\/coronalage-in-suedniedersachsen-und-im-eichsfeld-am-07-01-21\\\/#primaryimage\",\"url\":\"https:\\\/\\\/radioleinewelle.de\\\/wp-content\\\/uploads\\\/2020\\\/12\\\/coronavirus-4914026_640.jpg\",\"contentUrl\":\"https:\\\/\\\/radioleinewelle.de\\\/wp-content\\\/uploads\\\/2020\\\/12\\\/coronavirus-4914026_640.jpg\",\"width\":640,\"height\":360},{\"@type\":\"BreadcrumbList\",\"@id\":\"https:\\\/\\\/radioleinewelle.de\\\/index.php\\\/2021\\\/01\\\/07\\\/coronalage-in-suedniedersachsen-und-im-eichsfeld-am-07-01-21\\\/#breadcrumb\",\"itemListElement\":[{\"@type\":\"ListItem\",\"position\":1,\"name\":\"Startseite\",\"item\":\"https:\\\/\\\/radioleinewelle.de\\\/\"},{\"@type\":\"ListItem\",\"position\":2,\"name\":\"Coronalage in S\u00fcdniedersachsen und im Eichsfeld am 07.01.21\"}]},{\"@type\":\"WebSite\",\"@id\":\"https:\\\/\\\/radioleinewelle.de\\\/#website\",\"url\":\"https:\\\/\\\/radioleinewelle.de\\\/\",\"name\":\"Radio Leinewelle\",\"description\":\"\",\"publisher\":{\"@id\":\"https:\\\/\\\/radioleinewelle.de\\\/#organization\"},\"potentialAction\":[{\"@type\":\"SearchAction\",\"target\":{\"@type\":\"EntryPoint\",\"urlTemplate\":\"https:\\\/\\\/radioleinewelle.de\\\/?s={search_term_string}\"},\"query-input\":{\"@type\":\"PropertyValueSpecification\",\"valueRequired\":true,\"valueName\":\"search_term_string\"}}],\"inLanguage\":\"de\"},{\"@type\":\"Organization\",\"@id\":\"https:\\\/\\\/radioleinewelle.de\\\/#organization\",\"name\":\"Radio Leinewelle\",\"alternateName\":\"Mein Radio f\u00fcr S\u00fcdniedersachsen\",\"url\":\"https:\\\/\\\/radioleinewelle.de\\\/\",\"logo\":{\"@type\":\"ImageObject\",\"inLanguage\":\"de\",\"@id\":\"https:\\\/\\\/radioleinewelle.de\\\/#\\\/schema\\\/logo\\\/image\\\/\",\"url\":\"https:\\\/\\\/radioleinewelle.de\\\/wp-content\\\/uploads\\\/2023\\\/11\\\/cropped-Leinewelle_Logo_weiss.png\",\"contentUrl\":\"https:\\\/\\\/radioleinewelle.de\\\/wp-content\\\/uploads\\\/2023\\\/11\\\/cropped-Leinewelle_Logo_weiss.png\",\"width\":854,\"height\":260,\"caption\":\"Radio Leinewelle\"},\"image\":{\"@id\":\"https:\\\/\\\/radioleinewelle.de\\\/#\\\/schema\\\/logo\\\/image\\\/\"},\"sameAs\":[\"https:\\\/\\\/www.facebook.com\\\/radioleinewelle\",\"https:\\\/\\\/x.com\\\/RLeinewelle\",\"https:\\\/\\\/www.instagram.com\\\/radioleinewelle\\\/?hl=de\"]},{\"@type\":\"Person\",\"@id\":\"https:\\\/\\\/radioleinewelle.de\\\/#\\\/schema\\\/person\\\/45606f348637df637192dc1b68399a63\",\"name\":\"Leinewelle\",\"image\":{\"@type\":\"ImageObject\",\"inLanguage\":\"de\",\"@id\":\"https:\\\/\\\/secure.gravatar.com\\\/avatar\\\/05c9a17bc973052ee5d91549bd32fb4dd0dc85b7b85ae94b2e2b4943476bbea5?s=96&d=blank&r=g\",\"url\":\"https:\\\/\\\/secure.gravatar.com\\\/avatar\\\/05c9a17bc973052ee5d91549bd32fb4dd0dc85b7b85ae94b2e2b4943476bbea5?s=96&d=blank&r=g\",\"contentUrl\":\"https:\\\/\\\/secure.gravatar.com\\\/avatar\\\/05c9a17bc973052ee5d91549bd32fb4dd0dc85b7b85ae94b2e2b4943476bbea5?s=96&d=blank&r=g\",\"caption\":\"Leinewelle\"},\"sameAs\":[\"http:\\\/\\\/localhost\\\/radio%20leinewelle\\\/wordpress\",\"https:\\\/\\\/www.facebook.com\\\/radioleinewelle\",\"https:\\\/\\\/www.instagram.com\\\/radioleinewelle\",\"https:\\\/\\\/x.com\\\/https:\\\/\\\/twitter.com\\\/RLeinewelle?ref_src=twsrcgoogletwcampserptwgrauthor\",\"https:\\\/\\\/soundcloud.com\\\/foerderverein-lokalradio?utm_source=clipboard&utm_medium=text&utm_campaign=social_sharing\"],\"url\":\"https:\\\/\\\/radioleinewelle.de\\\/index.php\\\/author\\\/leinewelle\\\/\"}]}<\/script>\n<!-- \/ Yoast SEO plugin. -->","yoast_head_json":{"title":"Coronalage in S\u00fcdniedersachsen und im Eichsfeld am 07.01.21 - Radio Leinewelle","robots":{"index":"index","follow":"follow","max-snippet":"max-snippet:-1","max-image-preview":"max-image-preview:large","max-video-preview":"max-video-preview:-1"},"canonical":"https:\/\/radioleinewelle.de\/index.php\/2021\/01\/07\/coronalage-in-suedniedersachsen-und-im-eichsfeld-am-07-01-21\/","og_locale":"de_DE","og_type":"article","og_title":"Coronalage in S\u00fcdniedersachsen und im Eichsfeld am 07.01.21 - Radio Leinewelle","og_description":"Neu in der t\u00e4glichen \u00dcbersicht ist die l\u00e4nderbezogene Impfquote. Zur Zeit ist Niedersachsen bei den durchgef\u00fchrte COVID-19-Impfungen auf Bundeslandebene pro 1.000 Einwohnern mit 1,9 %. Th\u00fcringen liegt bei 1,7 %, Hessen bei 6,6 %. Die Inzidenzzahlen (Quelle RKI) in S\u00fcdniedersachsen sind im Vergleich zur Vorwoche in den einzelnen Landkreisen konstant , bzw. leicht r\u00fcckl\u00e4ufig, d.h. [&hellip;]","og_url":"https:\/\/radioleinewelle.de\/index.php\/2021\/01\/07\/coronalage-in-suedniedersachsen-und-im-eichsfeld-am-07-01-21\/","og_site_name":"Radio Leinewelle","article_publisher":"https:\/\/www.facebook.com\/radioleinewelle","article_author":"https:\/\/www.facebook.com\/radioleinewelle","article_published_time":"2021-01-07T05:00:23+00:00","og_image":[{"width":640,"height":360,"url":"https:\/\/radioleinewelle.de\/wp-content\/uploads\/2020\/12\/coronavirus-4914026_640.jpg","type":"image\/jpeg"}],"author":"Leinewelle","twitter_card":"summary_large_image","twitter_creator":"@https:\/\/twitter.com\/RLeinewelle?ref_src=twsrcgoogletwcampserptwgrauthor","twitter_site":"@RLeinewelle","twitter_misc":{"Verfasst von":"Leinewelle","Gesch\u00e4tzte Lesezeit":"3\u00a0Minuten"},"schema":{"@context":"https:\/\/schema.org","@graph":[{"@type":"Article","@id":"https:\/\/radioleinewelle.de\/index.php\/2021\/01\/07\/coronalage-in-suedniedersachsen-und-im-eichsfeld-am-07-01-21\/#article","isPartOf":{"@id":"https:\/\/radioleinewelle.de\/index.php\/2021\/01\/07\/coronalage-in-suedniedersachsen-und-im-eichsfeld-am-07-01-21\/"},"author":{"name":"Leinewelle","@id":"https:\/\/radioleinewelle.de\/#\/schema\/person\/45606f348637df637192dc1b68399a63"},"headline":"Coronalage in S\u00fcdniedersachsen und im Eichsfeld am 07.01.21","datePublished":"2021-01-07T05:00:23+00:00","mainEntityOfPage":{"@id":"https:\/\/radioleinewelle.de\/index.php\/2021\/01\/07\/coronalage-in-suedniedersachsen-und-im-eichsfeld-am-07-01-21\/"},"wordCount":544,"publisher":{"@id":"https:\/\/radioleinewelle.de\/#organization"},"image":{"@id":"https:\/\/radioleinewelle.de\/index.php\/2021\/01\/07\/coronalage-in-suedniedersachsen-und-im-eichsfeld-am-07-01-21\/#primaryimage"},"thumbnailUrl":"https:\/\/radioleinewelle.de\/wp-content\/uploads\/2020\/12\/coronavirus-4914026_640.jpg","inLanguage":"de"},{"@type":"WebPage","@id":"https:\/\/radioleinewelle.de\/index.php\/2021\/01\/07\/coronalage-in-suedniedersachsen-und-im-eichsfeld-am-07-01-21\/","url":"https:\/\/radioleinewelle.de\/index.php\/2021\/01\/07\/coronalage-in-suedniedersachsen-und-im-eichsfeld-am-07-01-21\/","name":"Coronalage in S\u00fcdniedersachsen und im Eichsfeld am 07.01.21 - Radio Leinewelle","isPartOf":{"@id":"https:\/\/radioleinewelle.de\/#website"},"primaryImageOfPage":{"@id":"https:\/\/radioleinewelle.de\/index.php\/2021\/01\/07\/coronalage-in-suedniedersachsen-und-im-eichsfeld-am-07-01-21\/#primaryimage"},"image":{"@id":"https:\/\/radioleinewelle.de\/index.php\/2021\/01\/07\/coronalage-in-suedniedersachsen-und-im-eichsfeld-am-07-01-21\/#primaryimage"},"thumbnailUrl":"https:\/\/radioleinewelle.de\/wp-content\/uploads\/2020\/12\/coronavirus-4914026_640.jpg","datePublished":"2021-01-07T05:00:23+00:00","breadcrumb":{"@id":"https:\/\/radioleinewelle.de\/index.php\/2021\/01\/07\/coronalage-in-suedniedersachsen-und-im-eichsfeld-am-07-01-21\/#breadcrumb"},"inLanguage":"de","potentialAction":[{"@type":"ReadAction","target":["https:\/\/radioleinewelle.de\/index.php\/2021\/01\/07\/coronalage-in-suedniedersachsen-und-im-eichsfeld-am-07-01-21\/"]}]},{"@type":"ImageObject","inLanguage":"de","@id":"https:\/\/radioleinewelle.de\/index.php\/2021\/01\/07\/coronalage-in-suedniedersachsen-und-im-eichsfeld-am-07-01-21\/#primaryimage","url":"https:\/\/radioleinewelle.de\/wp-content\/uploads\/2020\/12\/coronavirus-4914026_640.jpg","contentUrl":"https:\/\/radioleinewelle.de\/wp-content\/uploads\/2020\/12\/coronavirus-4914026_640.jpg","width":640,"height":360},{"@type":"BreadcrumbList","@id":"https:\/\/radioleinewelle.de\/index.php\/2021\/01\/07\/coronalage-in-suedniedersachsen-und-im-eichsfeld-am-07-01-21\/#breadcrumb","itemListElement":[{"@type":"ListItem","position":1,"name":"Startseite","item":"https:\/\/radioleinewelle.de\/"},{"@type":"ListItem","position":2,"name":"Coronalage in S\u00fcdniedersachsen und im Eichsfeld am 07.01.21"}]},{"@type":"WebSite","@id":"https:\/\/radioleinewelle.de\/#website","url":"https:\/\/radioleinewelle.de\/","name":"Radio Leinewelle","description":"","publisher":{"@id":"https:\/\/radioleinewelle.de\/#organization"},"potentialAction":[{"@type":"SearchAction","target":{"@type":"EntryPoint","urlTemplate":"https:\/\/radioleinewelle.de\/?s={search_term_string}"},"query-input":{"@type":"PropertyValueSpecification","valueRequired":true,"valueName":"search_term_string"}}],"inLanguage":"de"},{"@type":"Organization","@id":"https:\/\/radioleinewelle.de\/#organization","name":"Radio Leinewelle","alternateName":"Mein Radio f\u00fcr S\u00fcdniedersachsen","url":"https:\/\/radioleinewelle.de\/","logo":{"@type":"ImageObject","inLanguage":"de","@id":"https:\/\/radioleinewelle.de\/#\/schema\/logo\/image\/","url":"https:\/\/radioleinewelle.de\/wp-content\/uploads\/2023\/11\/cropped-Leinewelle_Logo_weiss.png","contentUrl":"https:\/\/radioleinewelle.de\/wp-content\/uploads\/2023\/11\/cropped-Leinewelle_Logo_weiss.png","width":854,"height":260,"caption":"Radio Leinewelle"},"image":{"@id":"https:\/\/radioleinewelle.de\/#\/schema\/logo\/image\/"},"sameAs":["https:\/\/www.facebook.com\/radioleinewelle","https:\/\/x.com\/RLeinewelle","https:\/\/www.instagram.com\/radioleinewelle\/?hl=de"]},{"@type":"Person","@id":"https:\/\/radioleinewelle.de\/#\/schema\/person\/45606f348637df637192dc1b68399a63","name":"Leinewelle","image":{"@type":"ImageObject","inLanguage":"de","@id":"https:\/\/secure.gravatar.com\/avatar\/05c9a17bc973052ee5d91549bd32fb4dd0dc85b7b85ae94b2e2b4943476bbea5?s=96&d=blank&r=g","url":"https:\/\/secure.gravatar.com\/avatar\/05c9a17bc973052ee5d91549bd32fb4dd0dc85b7b85ae94b2e2b4943476bbea5?s=96&d=blank&r=g","contentUrl":"https:\/\/secure.gravatar.com\/avatar\/05c9a17bc973052ee5d91549bd32fb4dd0dc85b7b85ae94b2e2b4943476bbea5?s=96&d=blank&r=g","caption":"Leinewelle"},"sameAs":["http:\/\/localhost\/radio%20leinewelle\/wordpress","https:\/\/www.facebook.com\/radioleinewelle","https:\/\/www.instagram.com\/radioleinewelle","https:\/\/x.com\/https:\/\/twitter.com\/RLeinewelle?ref_src=twsrcgoogletwcampserptwgrauthor","https:\/\/soundcloud.com\/foerderverein-lokalradio?utm_source=clipboard&utm_medium=text&utm_campaign=social_sharing"],"url":"https:\/\/radioleinewelle.de\/index.php\/author\/leinewelle\/"}]}},"_links":{"self":[{"href":"https:\/\/radioleinewelle.de\/index.php\/wp-json\/wp\/v2\/posts\/3937","targetHints":{"allow":["GET"]}}],"collection":[{"href":"https:\/\/radioleinewelle.de\/index.php\/wp-json\/wp\/v2\/posts"}],"about":[{"href":"https:\/\/radioleinewelle.de\/index.php\/wp-json\/wp\/v2\/types\/post"}],"author":[{"embeddable":true,"href":"https:\/\/radioleinewelle.de\/index.php\/wp-json\/wp\/v2\/users\/1"}],"replies":[{"embeddable":true,"href":"https:\/\/radioleinewelle.de\/index.php\/wp-json\/wp\/v2\/comments?post=3937"}],"version-history":[{"count":0,"href":"https:\/\/radioleinewelle.de\/index.php\/wp-json\/wp\/v2\/posts\/3937\/revisions"}],"wp:featuredmedia":[{"embeddable":true,"href":"https:\/\/radioleinewelle.de\/index.php\/wp-json\/wp\/v2\/media\/3445"}],"wp:attachment":[{"href":"https:\/\/radioleinewelle.de\/index.php\/wp-json\/wp\/v2\/media?parent=3937"}],"wp:term":[{"taxonomy":"category","embeddable":true,"href":"https:\/\/radioleinewelle.de\/index.php\/wp-json\/wp\/v2\/categories?post=3937"},{"taxonomy":"post_tag","embeddable":true,"href":"https:\/\/radioleinewelle.de\/index.php\/wp-json\/wp\/v2\/tags?post=3937"}],"curies":[{"name":"wp","href":"https:\/\/api.w.org\/{rel}","templated":true}]}}