{"id":3963,"date":"2021-01-08T05:10:00","date_gmt":"2021-01-08T04:10:00","guid":{"rendered":"https:\/\/radioleinewelle.de\/?p=3963"},"modified":"2021-01-08T05:10:00","modified_gmt":"2021-01-08T04:10:00","slug":"rebecca-siemoneit-barum-ergaenzt-das-team-im-bereich-veranstaltungsmanagement-der-landesgartenschau-bad-gandersheim-2022","status":"publish","type":"post","link":"https:\/\/radioleinewelle.de\/index.php\/2021\/01\/08\/rebecca-siemoneit-barum-ergaenzt-das-team-im-bereich-veranstaltungsmanagement-der-landesgartenschau-bad-gandersheim-2022\/","title":{"rendered":"Rebecca Siemoneit-Barum erg\u00e4nzt das Team im Bereich Veranstaltungsmanagement der Landesgartenschau Bad Gandersheim 2022"},"content":{"rendered":"\n<p>Die aus Einbeck stammende und als Schauspielerin (\u201eLindenstra\u00dfe\u201c) und Moderatorin bekannte Rebecca Siemoneit-Barum erg\u00e4nzt das Team der Veranstaltungsplanung und -organisation seit Anfang des Jahres.&nbsp;&nbsp;\u201eEs ist ein Gl\u00fccksfall, dass wir Frau Siemoneit-Barum f\u00fcr das Team der LAGA gewinnen konnten. Mit ihren vielf\u00e4ltigen Erfahrungen vor und hinter der B\u00fchne und insbesondere als Veranstaltungsproduzentin erweitert sie das LAGA-Team perfekt.\u201c, freut sich Gesch\u00e4ftsf\u00fchrer Thomas Hellingrath.&nbsp;Als Regisseurin und Organisatorin von Live Events rund um Familien-Unterhaltung und nicht zuletzt als Produzentin arbeitet Rebecca Siemoneit-Barum seit 20 Jahren in der Konzeption und Durchf\u00fchrung von Veranstaltungen. Zwischen 1990 und 2020 geh\u00f6rte sie zum Ensemble der TV-Serie \u201eLindenstra\u00dfe\u201c, in der sie in \u00fcber 600 Folgen die Iffi Zenker verk\u00f6rperte.&nbsp;Rebecca Siemoneit-Barum, ist aufgrund der Corona Pandemie wieder nach Einbeck gezogen, um ihren Eltern in dieser besonderen Situation nahe sein zu k\u00f6nnen.&nbsp;\u201eAls ich von der Ausschreibung h\u00f6rte, musste ich mich sofort bewerben. Es ist mir eine Herzensangelegenheit Bad Gandersheim und diese, meine Heimatregion bei der so wichtigen Durchf\u00fchrung der LAGA 2022 zu unterst\u00fctzen. Nicht zuletzt durch meine Arbeit an den Domfestspielen in 2013 und 2014 sind mir Bad Gandersheim und die Menschen die hier leben, ans Herz gewachsen. Bad Gandersheim und die Region auch f\u00fcr zuk\u00fcnftige Generationen lebens- und liebenswert zu erhalten muss ein Ziel sein, dass wir mit und durch die Landesgartenschau erreichen k\u00f6nnen. Nun f\u00fcr die n\u00e4chsten zwei Jahre nicht nur \u201ezuhause\u201c sein zu k\u00f6nnen, sondern an einem so spannenden Projekt arbeiten zu d\u00fcrfen, macht mich sehr gl\u00fccklich.\u201c so Rebecca Siemoneit-Barum.<br \/><strong>Die Landesgartenschau Bad Gandersheim 2022 wird vom 14. April bis 9. Oktober 2022 unter dem Motto GARTEN.FEST.SPIELE. stattfinden und erwartet insgesamt mindestens 450.000 Besuche.<\/strong>Die Roswitha Stadt l\u00e4dt mit vier von Wasser durchzogenen Parkbereichen, pr\u00e4chtigen, farbenfrohen Pflanzungen, kreativen Themeng\u00e4rten und wilder Auenlandschaft dazu ein, das \u201eblaue Band\u201c durch die Stadt zu entdecken. Ein 1 km langes Blumenband verbindet das Gel\u00e4nde mit der Altstadt, die durch traditionsreiches Fachwerk und die imposante romanische Stiftskirche besticht.<\/p>\n","protected":false},"excerpt":{"rendered":"<p>Die aus Einbeck stammende und als Schauspielerin (\u201eLindenstra\u00dfe\u201c) und Moderatorin bekannte Rebecca Siemoneit-Barum erg\u00e4nzt das Team der Veranstaltungsplanung und -organisation seit Anfang des Jahres.&nbsp;&nbsp;\u201eEs ist ein Gl\u00fccksfall, dass wir Frau Siemoneit-Barum f\u00fcr das Team der LAGA gewinnen konnten. Mit ihren vielf\u00e4ltigen Erfahrungen vor und hinter der B\u00fchne und insbesondere als Veranstaltungsproduzentin erweitert sie das LAGA-Team [&hellip;]<\/p>\n","protected":false},"author":1,"featured_media":0,"comment_status":"closed","ping_status":"closed","sticky":false,"template":"","format":"standard","meta":{"saved_in_kubio":false,"footnotes":""},"categories":[42],"tags":[],"class_list":["post-3963","post","type-post","status-publish","format-standard","hentry","category-regionaler-tourismus"],"yoast_head":"<!-- This site is optimized with the Yoast SEO plugin v27.5 - https:\/\/yoast.com\/product\/yoast-seo-wordpress\/ -->\n<title>Rebecca Siemoneit-Barum erg\u00e4nzt das Team im Bereich Veranstaltungsmanagement der Landesgartenschau Bad Gandersheim 2022 - Radio Leinewelle<\/title>\n<meta name=\"robots\" content=\"index, follow, max-snippet:-1, max-image-preview:large, max-video-preview:-1\" \/>\n<link rel=\"canonical\" href=\"https:\/\/radioleinewelle.de\/index.php\/2021\/01\/08\/rebecca-siemoneit-barum-ergaenzt-das-team-im-bereich-veranstaltungsmanagement-der-landesgartenschau-bad-gandersheim-2022\/\" \/>\n<meta property=\"og:locale\" content=\"de_DE\" \/>\n<meta property=\"og:type\" content=\"article\" \/>\n<meta property=\"og:title\" content=\"Rebecca Siemoneit-Barum erg\u00e4nzt das Team im Bereich Veranstaltungsmanagement der Landesgartenschau Bad Gandersheim 2022 - Radio Leinewelle\" \/>\n<meta property=\"og:description\" content=\"Die aus Einbeck stammende und als Schauspielerin (\u201eLindenstra\u00dfe\u201c) und Moderatorin bekannte Rebecca Siemoneit-Barum erg\u00e4nzt das Team der Veranstaltungsplanung und -organisation seit Anfang des Jahres.&nbsp;&nbsp;\u201eEs ist ein Gl\u00fccksfall, dass wir Frau Siemoneit-Barum f\u00fcr das Team der LAGA gewinnen konnten. Mit ihren vielf\u00e4ltigen Erfahrungen vor und hinter der B\u00fchne und insbesondere als Veranstaltungsproduzentin erweitert sie das LAGA-Team [&hellip;]\" \/>\n<meta property=\"og:url\" content=\"https:\/\/radioleinewelle.de\/index.php\/2021\/01\/08\/rebecca-siemoneit-barum-ergaenzt-das-team-im-bereich-veranstaltungsmanagement-der-landesgartenschau-bad-gandersheim-2022\/\" \/>\n<meta property=\"og:site_name\" content=\"Radio Leinewelle\" \/>\n<meta property=\"article:publisher\" content=\"https:\/\/www.facebook.com\/radioleinewelle\" \/>\n<meta property=\"article:author\" content=\"https:\/\/www.facebook.com\/radioleinewelle\" \/>\n<meta property=\"article:published_time\" content=\"2021-01-08T04:10:00+00:00\" \/>\n<meta name=\"author\" content=\"Leinewelle\" \/>\n<meta name=\"twitter:card\" content=\"summary_large_image\" \/>\n<meta name=\"twitter:creator\" content=\"@https:\/\/twitter.com\/RLeinewelle?ref_src=twsrcgoogletwcampserptwgrauthor\" \/>\n<meta name=\"twitter:site\" content=\"@RLeinewelle\" \/>\n<meta name=\"twitter:label1\" content=\"Verfasst von\" \/>\n\t<meta name=\"twitter:data1\" content=\"Leinewelle\" \/>\n\t<meta name=\"twitter:label2\" content=\"Gesch\u00e4tzte Lesezeit\" \/>\n\t<meta name=\"twitter:data2\" content=\"2\u00a0Minuten\" \/>\n<script type=\"application\/ld+json\" class=\"yoast-schema-graph\">{\"@context\":\"https:\\\/\\\/schema.org\",\"@graph\":[{\"@type\":\"Article\",\"@id\":\"https:\\\/\\\/radioleinewelle.de\\\/index.php\\\/2021\\\/01\\\/08\\\/rebecca-siemoneit-barum-ergaenzt-das-team-im-bereich-veranstaltungsmanagement-der-landesgartenschau-bad-gandersheim-2022\\\/#article\",\"isPartOf\":{\"@id\":\"https:\\\/\\\/radioleinewelle.de\\\/index.php\\\/2021\\\/01\\\/08\\\/rebecca-siemoneit-barum-ergaenzt-das-team-im-bereich-veranstaltungsmanagement-der-landesgartenschau-bad-gandersheim-2022\\\/\"},\"author\":{\"name\":\"Leinewelle\",\"@id\":\"https:\\\/\\\/radioleinewelle.de\\\/#\\\/schema\\\/person\\\/45606f348637df637192dc1b68399a63\"},\"headline\":\"Rebecca Siemoneit-Barum erg\u00e4nzt das Team im Bereich Veranstaltungsmanagement der Landesgartenschau Bad Gandersheim 2022\",\"datePublished\":\"2021-01-08T04:10:00+00:00\",\"mainEntityOfPage\":{\"@id\":\"https:\\\/\\\/radioleinewelle.de\\\/index.php\\\/2021\\\/01\\\/08\\\/rebecca-siemoneit-barum-ergaenzt-das-team-im-bereich-veranstaltungsmanagement-der-landesgartenschau-bad-gandersheim-2022\\\/\"},\"wordCount\":354,\"publisher\":{\"@id\":\"https:\\\/\\\/radioleinewelle.de\\\/#organization\"},\"articleSection\":[\"Regionaler Tourismus\"],\"inLanguage\":\"de\"},{\"@type\":\"WebPage\",\"@id\":\"https:\\\/\\\/radioleinewelle.de\\\/index.php\\\/2021\\\/01\\\/08\\\/rebecca-siemoneit-barum-ergaenzt-das-team-im-bereich-veranstaltungsmanagement-der-landesgartenschau-bad-gandersheim-2022\\\/\",\"url\":\"https:\\\/\\\/radioleinewelle.de\\\/index.php\\\/2021\\\/01\\\/08\\\/rebecca-siemoneit-barum-ergaenzt-das-team-im-bereich-veranstaltungsmanagement-der-landesgartenschau-bad-gandersheim-2022\\\/\",\"name\":\"Rebecca Siemoneit-Barum erg\u00e4nzt das Team im Bereich Veranstaltungsmanagement der Landesgartenschau Bad Gandersheim 2022 - Radio Leinewelle\",\"isPartOf\":{\"@id\":\"https:\\\/\\\/radioleinewelle.de\\\/#website\"},\"datePublished\":\"2021-01-08T04:10:00+00:00\",\"breadcrumb\":{\"@id\":\"https:\\\/\\\/radioleinewelle.de\\\/index.php\\\/2021\\\/01\\\/08\\\/rebecca-siemoneit-barum-ergaenzt-das-team-im-bereich-veranstaltungsmanagement-der-landesgartenschau-bad-gandersheim-2022\\\/#breadcrumb\"},\"inLanguage\":\"de\",\"potentialAction\":[{\"@type\":\"ReadAction\",\"target\":[\"https:\\\/\\\/radioleinewelle.de\\\/index.php\\\/2021\\\/01\\\/08\\\/rebecca-siemoneit-barum-ergaenzt-das-team-im-bereich-veranstaltungsmanagement-der-landesgartenschau-bad-gandersheim-2022\\\/\"]}]},{\"@type\":\"BreadcrumbList\",\"@id\":\"https:\\\/\\\/radioleinewelle.de\\\/index.php\\\/2021\\\/01\\\/08\\\/rebecca-siemoneit-barum-ergaenzt-das-team-im-bereich-veranstaltungsmanagement-der-landesgartenschau-bad-gandersheim-2022\\\/#breadcrumb\",\"itemListElement\":[{\"@type\":\"ListItem\",\"position\":1,\"name\":\"Startseite\",\"item\":\"https:\\\/\\\/radioleinewelle.de\\\/\"},{\"@type\":\"ListItem\",\"position\":2,\"name\":\"Rebecca Siemoneit-Barum erg\u00e4nzt das Team im Bereich Veranstaltungsmanagement der Landesgartenschau Bad Gandersheim 2022\"}]},{\"@type\":\"WebSite\",\"@id\":\"https:\\\/\\\/radioleinewelle.de\\\/#website\",\"url\":\"https:\\\/\\\/radioleinewelle.de\\\/\",\"name\":\"Radio Leinewelle\",\"description\":\"\",\"publisher\":{\"@id\":\"https:\\\/\\\/radioleinewelle.de\\\/#organization\"},\"potentialAction\":[{\"@type\":\"SearchAction\",\"target\":{\"@type\":\"EntryPoint\",\"urlTemplate\":\"https:\\\/\\\/radioleinewelle.de\\\/?s={search_term_string}\"},\"query-input\":{\"@type\":\"PropertyValueSpecification\",\"valueRequired\":true,\"valueName\":\"search_term_string\"}}],\"inLanguage\":\"de\"},{\"@type\":\"Organization\",\"@id\":\"https:\\\/\\\/radioleinewelle.de\\\/#organization\",\"name\":\"Radio Leinewelle\",\"alternateName\":\"Mein Radio f\u00fcr S\u00fcdniedersachsen\",\"url\":\"https:\\\/\\\/radioleinewelle.de\\\/\",\"logo\":{\"@type\":\"ImageObject\",\"inLanguage\":\"de\",\"@id\":\"https:\\\/\\\/radioleinewelle.de\\\/#\\\/schema\\\/logo\\\/image\\\/\",\"url\":\"https:\\\/\\\/radioleinewelle.de\\\/wp-content\\\/uploads\\\/2023\\\/11\\\/cropped-Leinewelle_Logo_weiss.png\",\"contentUrl\":\"https:\\\/\\\/radioleinewelle.de\\\/wp-content\\\/uploads\\\/2023\\\/11\\\/cropped-Leinewelle_Logo_weiss.png\",\"width\":854,\"height\":260,\"caption\":\"Radio Leinewelle\"},\"image\":{\"@id\":\"https:\\\/\\\/radioleinewelle.de\\\/#\\\/schema\\\/logo\\\/image\\\/\"},\"sameAs\":[\"https:\\\/\\\/www.facebook.com\\\/radioleinewelle\",\"https:\\\/\\\/x.com\\\/RLeinewelle\",\"https:\\\/\\\/www.instagram.com\\\/radioleinewelle\\\/?hl=de\"]},{\"@type\":\"Person\",\"@id\":\"https:\\\/\\\/radioleinewelle.de\\\/#\\\/schema\\\/person\\\/45606f348637df637192dc1b68399a63\",\"name\":\"Leinewelle\",\"image\":{\"@type\":\"ImageObject\",\"inLanguage\":\"de\",\"@id\":\"https:\\\/\\\/secure.gravatar.com\\\/avatar\\\/05c9a17bc973052ee5d91549bd32fb4dd0dc85b7b85ae94b2e2b4943476bbea5?s=96&d=blank&r=g\",\"url\":\"https:\\\/\\\/secure.gravatar.com\\\/avatar\\\/05c9a17bc973052ee5d91549bd32fb4dd0dc85b7b85ae94b2e2b4943476bbea5?s=96&d=blank&r=g\",\"contentUrl\":\"https:\\\/\\\/secure.gravatar.com\\\/avatar\\\/05c9a17bc973052ee5d91549bd32fb4dd0dc85b7b85ae94b2e2b4943476bbea5?s=96&d=blank&r=g\",\"caption\":\"Leinewelle\"},\"sameAs\":[\"http:\\\/\\\/localhost\\\/radio%20leinewelle\\\/wordpress\",\"https:\\\/\\\/www.facebook.com\\\/radioleinewelle\",\"https:\\\/\\\/www.instagram.com\\\/radioleinewelle\",\"https:\\\/\\\/x.com\\\/https:\\\/\\\/twitter.com\\\/RLeinewelle?ref_src=twsrcgoogletwcampserptwgrauthor\",\"https:\\\/\\\/soundcloud.com\\\/foerderverein-lokalradio?utm_source=clipboard&utm_medium=text&utm_campaign=social_sharing\"],\"url\":\"https:\\\/\\\/radioleinewelle.de\\\/index.php\\\/author\\\/leinewelle\\\/\"}]}<\/script>\n<!-- \/ Yoast SEO plugin. -->","yoast_head_json":{"title":"Rebecca Siemoneit-Barum erg\u00e4nzt das Team im Bereich Veranstaltungsmanagement der Landesgartenschau Bad Gandersheim 2022 - Radio Leinewelle","robots":{"index":"index","follow":"follow","max-snippet":"max-snippet:-1","max-image-preview":"max-image-preview:large","max-video-preview":"max-video-preview:-1"},"canonical":"https:\/\/radioleinewelle.de\/index.php\/2021\/01\/08\/rebecca-siemoneit-barum-ergaenzt-das-team-im-bereich-veranstaltungsmanagement-der-landesgartenschau-bad-gandersheim-2022\/","og_locale":"de_DE","og_type":"article","og_title":"Rebecca Siemoneit-Barum erg\u00e4nzt das Team im Bereich Veranstaltungsmanagement der Landesgartenschau Bad Gandersheim 2022 - Radio Leinewelle","og_description":"Die aus Einbeck stammende und als Schauspielerin (\u201eLindenstra\u00dfe\u201c) und Moderatorin bekannte Rebecca Siemoneit-Barum erg\u00e4nzt das Team der Veranstaltungsplanung und -organisation seit Anfang des Jahres.&nbsp;&nbsp;\u201eEs ist ein Gl\u00fccksfall, dass wir Frau Siemoneit-Barum f\u00fcr das Team der LAGA gewinnen konnten. Mit ihren vielf\u00e4ltigen Erfahrungen vor und hinter der B\u00fchne und insbesondere als Veranstaltungsproduzentin erweitert sie das LAGA-Team [&hellip;]","og_url":"https:\/\/radioleinewelle.de\/index.php\/2021\/01\/08\/rebecca-siemoneit-barum-ergaenzt-das-team-im-bereich-veranstaltungsmanagement-der-landesgartenschau-bad-gandersheim-2022\/","og_site_name":"Radio Leinewelle","article_publisher":"https:\/\/www.facebook.com\/radioleinewelle","article_author":"https:\/\/www.facebook.com\/radioleinewelle","article_published_time":"2021-01-08T04:10:00+00:00","author":"Leinewelle","twitter_card":"summary_large_image","twitter_creator":"@https:\/\/twitter.com\/RLeinewelle?ref_src=twsrcgoogletwcampserptwgrauthor","twitter_site":"@RLeinewelle","twitter_misc":{"Verfasst von":"Leinewelle","Gesch\u00e4tzte Lesezeit":"2\u00a0Minuten"},"schema":{"@context":"https:\/\/schema.org","@graph":[{"@type":"Article","@id":"https:\/\/radioleinewelle.de\/index.php\/2021\/01\/08\/rebecca-siemoneit-barum-ergaenzt-das-team-im-bereich-veranstaltungsmanagement-der-landesgartenschau-bad-gandersheim-2022\/#article","isPartOf":{"@id":"https:\/\/radioleinewelle.de\/index.php\/2021\/01\/08\/rebecca-siemoneit-barum-ergaenzt-das-team-im-bereich-veranstaltungsmanagement-der-landesgartenschau-bad-gandersheim-2022\/"},"author":{"name":"Leinewelle","@id":"https:\/\/radioleinewelle.de\/#\/schema\/person\/45606f348637df637192dc1b68399a63"},"headline":"Rebecca Siemoneit-Barum erg\u00e4nzt das Team im Bereich Veranstaltungsmanagement der Landesgartenschau Bad Gandersheim 2022","datePublished":"2021-01-08T04:10:00+00:00","mainEntityOfPage":{"@id":"https:\/\/radioleinewelle.de\/index.php\/2021\/01\/08\/rebecca-siemoneit-barum-ergaenzt-das-team-im-bereich-veranstaltungsmanagement-der-landesgartenschau-bad-gandersheim-2022\/"},"wordCount":354,"publisher":{"@id":"https:\/\/radioleinewelle.de\/#organization"},"articleSection":["Regionaler Tourismus"],"inLanguage":"de"},{"@type":"WebPage","@id":"https:\/\/radioleinewelle.de\/index.php\/2021\/01\/08\/rebecca-siemoneit-barum-ergaenzt-das-team-im-bereich-veranstaltungsmanagement-der-landesgartenschau-bad-gandersheim-2022\/","url":"https:\/\/radioleinewelle.de\/index.php\/2021\/01\/08\/rebecca-siemoneit-barum-ergaenzt-das-team-im-bereich-veranstaltungsmanagement-der-landesgartenschau-bad-gandersheim-2022\/","name":"Rebecca Siemoneit-Barum erg\u00e4nzt das Team im Bereich Veranstaltungsmanagement der Landesgartenschau Bad Gandersheim 2022 - Radio Leinewelle","isPartOf":{"@id":"https:\/\/radioleinewelle.de\/#website"},"datePublished":"2021-01-08T04:10:00+00:00","breadcrumb":{"@id":"https:\/\/radioleinewelle.de\/index.php\/2021\/01\/08\/rebecca-siemoneit-barum-ergaenzt-das-team-im-bereich-veranstaltungsmanagement-der-landesgartenschau-bad-gandersheim-2022\/#breadcrumb"},"inLanguage":"de","potentialAction":[{"@type":"ReadAction","target":["https:\/\/radioleinewelle.de\/index.php\/2021\/01\/08\/rebecca-siemoneit-barum-ergaenzt-das-team-im-bereich-veranstaltungsmanagement-der-landesgartenschau-bad-gandersheim-2022\/"]}]},{"@type":"BreadcrumbList","@id":"https:\/\/radioleinewelle.de\/index.php\/2021\/01\/08\/rebecca-siemoneit-barum-ergaenzt-das-team-im-bereich-veranstaltungsmanagement-der-landesgartenschau-bad-gandersheim-2022\/#breadcrumb","itemListElement":[{"@type":"ListItem","position":1,"name":"Startseite","item":"https:\/\/radioleinewelle.de\/"},{"@type":"ListItem","position":2,"name":"Rebecca Siemoneit-Barum erg\u00e4nzt das Team im Bereich Veranstaltungsmanagement der Landesgartenschau Bad Gandersheim 2022"}]},{"@type":"WebSite","@id":"https:\/\/radioleinewelle.de\/#website","url":"https:\/\/radioleinewelle.de\/","name":"Radio Leinewelle","description":"","publisher":{"@id":"https:\/\/radioleinewelle.de\/#organization"},"potentialAction":[{"@type":"SearchAction","target":{"@type":"EntryPoint","urlTemplate":"https:\/\/radioleinewelle.de\/?s={search_term_string}"},"query-input":{"@type":"PropertyValueSpecification","valueRequired":true,"valueName":"search_term_string"}}],"inLanguage":"de"},{"@type":"Organization","@id":"https:\/\/radioleinewelle.de\/#organization","name":"Radio Leinewelle","alternateName":"Mein Radio f\u00fcr S\u00fcdniedersachsen","url":"https:\/\/radioleinewelle.de\/","logo":{"@type":"ImageObject","inLanguage":"de","@id":"https:\/\/radioleinewelle.de\/#\/schema\/logo\/image\/","url":"https:\/\/radioleinewelle.de\/wp-content\/uploads\/2023\/11\/cropped-Leinewelle_Logo_weiss.png","contentUrl":"https:\/\/radioleinewelle.de\/wp-content\/uploads\/2023\/11\/cropped-Leinewelle_Logo_weiss.png","width":854,"height":260,"caption":"Radio Leinewelle"},"image":{"@id":"https:\/\/radioleinewelle.de\/#\/schema\/logo\/image\/"},"sameAs":["https:\/\/www.facebook.com\/radioleinewelle","https:\/\/x.com\/RLeinewelle","https:\/\/www.instagram.com\/radioleinewelle\/?hl=de"]},{"@type":"Person","@id":"https:\/\/radioleinewelle.de\/#\/schema\/person\/45606f348637df637192dc1b68399a63","name":"Leinewelle","image":{"@type":"ImageObject","inLanguage":"de","@id":"https:\/\/secure.gravatar.com\/avatar\/05c9a17bc973052ee5d91549bd32fb4dd0dc85b7b85ae94b2e2b4943476bbea5?s=96&d=blank&r=g","url":"https:\/\/secure.gravatar.com\/avatar\/05c9a17bc973052ee5d91549bd32fb4dd0dc85b7b85ae94b2e2b4943476bbea5?s=96&d=blank&r=g","contentUrl":"https:\/\/secure.gravatar.com\/avatar\/05c9a17bc973052ee5d91549bd32fb4dd0dc85b7b85ae94b2e2b4943476bbea5?s=96&d=blank&r=g","caption":"Leinewelle"},"sameAs":["http:\/\/localhost\/radio%20leinewelle\/wordpress","https:\/\/www.facebook.com\/radioleinewelle","https:\/\/www.instagram.com\/radioleinewelle","https:\/\/x.com\/https:\/\/twitter.com\/RLeinewelle?ref_src=twsrcgoogletwcampserptwgrauthor","https:\/\/soundcloud.com\/foerderverein-lokalradio?utm_source=clipboard&utm_medium=text&utm_campaign=social_sharing"],"url":"https:\/\/radioleinewelle.de\/index.php\/author\/leinewelle\/"}]}},"_links":{"self":[{"href":"https:\/\/radioleinewelle.de\/index.php\/wp-json\/wp\/v2\/posts\/3963","targetHints":{"allow":["GET"]}}],"collection":[{"href":"https:\/\/radioleinewelle.de\/index.php\/wp-json\/wp\/v2\/posts"}],"about":[{"href":"https:\/\/radioleinewelle.de\/index.php\/wp-json\/wp\/v2\/types\/post"}],"author":[{"embeddable":true,"href":"https:\/\/radioleinewelle.de\/index.php\/wp-json\/wp\/v2\/users\/1"}],"replies":[{"embeddable":true,"href":"https:\/\/radioleinewelle.de\/index.php\/wp-json\/wp\/v2\/comments?post=3963"}],"version-history":[{"count":0,"href":"https:\/\/radioleinewelle.de\/index.php\/wp-json\/wp\/v2\/posts\/3963\/revisions"}],"wp:attachment":[{"href":"https:\/\/radioleinewelle.de\/index.php\/wp-json\/wp\/v2\/media?parent=3963"}],"wp:term":[{"taxonomy":"category","embeddable":true,"href":"https:\/\/radioleinewelle.de\/index.php\/wp-json\/wp\/v2\/categories?post=3963"},{"taxonomy":"post_tag","embeddable":true,"href":"https:\/\/radioleinewelle.de\/index.php\/wp-json\/wp\/v2\/tags?post=3963"}],"curies":[{"name":"wp","href":"https:\/\/api.w.org\/{rel}","templated":true}]}}