{"id":3966,"date":"2021-01-08T05:00:00","date_gmt":"2021-01-08T04:00:00","guid":{"rendered":"https:\/\/radioleinewelle.de\/?p=3966"},"modified":"2021-01-08T05:00:00","modified_gmt":"2021-01-08T04:00:00","slug":"corona-pandemie-starker-mobilitaetsrueckgang-an-weihnachten-und-silvester-2020","status":"publish","type":"post","link":"https:\/\/radioleinewelle.de\/index.php\/2021\/01\/08\/corona-pandemie-starker-mobilitaetsrueckgang-an-weihnachten-und-silvester-2020\/","title":{"rendered":"Corona-Pandemie: Starker Mobilit\u00e4tsr\u00fcckgang an Weihnachten und Silvester 2020"},"content":{"rendered":"\n<p>Aufgrund der Corona-Pandemie und den geltenden Beschr\u00e4nkungsma\u00dfnahmen zur Eind\u00e4mmung von Neuinfektionen liefen die Weihnachtsfeiertage und Silvester 2020 f\u00fcr viele Menschen in Deutschland anders ab als gew\u00f6hnlich. Wie eine Sonderauswertung experimenteller Mobilit\u00e4tsdaten des Statistischen Bundesamtes (Destatis) zeigt, haben die Regelungen und Empfehlungen zur Kontaktreduzierung das Verhalten der Bev\u00f6lkerung an Weihnachten und Silvester ma\u00dfgeblich ver\u00e4ndert.&nbsp;<\/p>\n\n\n\n<p>Vom 24. bis 26. Dezember 2020 waren den Haushalten in den meisten Bundesl\u00e4ndern (je nach Infektionsgeschehen) Treffen mit vier weiteren Personen aus dem engsten Familienkreis &#8211; zuz\u00fcglich Kindern bis 14 Jahre &#8211; erlaubt. Dies f\u00fchrte dazu, dass die Mobilit\u00e4t an den Weihnachtstagen 2020 deutschlandweit durchschnittlich um 14,6 % gegen\u00fcber dem jeweiligen Tag des Vorjahres zur\u00fcckging. Der R\u00fcckgang fiel am ersten Weihnachtsfeiertag mit -14,3 % und am zweiten Weihnachtsfeiertag mit -18,5 % st\u00e4rker aus als an Heiligabend mit -11,1 %.&nbsp;<\/p>\n\n\n\n<p>Die Anzahl von l\u00e4ngeren Reisen an den beiden Weihnachtsfeiertagen sank dabei besonders stark: Reisen mit einer Distanz von 50 bis unter 100 Kilometern gingen am 25. und 26. Dezember um gut ein Drittel, Reisen mit einer Distanz von 100 Kilometern oder mehr sogar um etwa die H\u00e4lfte zur\u00fcck. Dies deutet darauf hin, dass viele Menschen insbesondere auf Besuche von weiter entfernt lebenden Familienmitgliedern und Urlaubsreisen \u00fcber gr\u00f6\u00dfere Entfernungen verzichtet haben.&nbsp;<\/p>\n\n\n\n<p>Auch regional gab es Unterschiede in der Mobilit\u00e4tsver\u00e4nderung an den Weihnachtstagen. Am st\u00e4rksten ging die Mobilit\u00e4t in Berlin (-20 %) sowie in Bayern (-18 %) und Nordrhein-Westfalen (-17 %) zur\u00fcck. Am geringsten fiel der R\u00fcckgang in Mecklenburg-Vorpommern (-7 %) und Brandenburg (-1 %) aus.&nbsp;<\/p>\n\n\n\n<p><strong>Deutlicher Mobilit\u00e4tsr\u00fcckgang in der Silvesternacht<\/strong><\/p>\n\n\n\n<p>Zu Silvester und Neujahr gab es, anders als an Weihnachten, keine Ausnahmen von den seit dem 16. Dezember 2020 geltenden Kontaktbeschr\u00e4nkungen. Bundesweit wurde ein An- und Versammlungsverbot erlassen, Feuerwerk auf publikumstr\u00e4chtigen Pl\u00e4tzen war verboten und vielerorts galten n\u00e4chtliche Ausgangssperren. Folglich war in Deutschland in der Silvesternacht (22 bis 6 Uhr) ein erheblicher R\u00fcckgang der Mobilit\u00e4t um 57 % gegen\u00fcber Silvester des Vorjahres zu beobachten. Lediglich zwischen 0 und 1 Uhr war der Mobilit\u00e4tsr\u00fcckgang etwas geringer als in den angrenzenden Nachtstunden, aber dennoch deutlich unter dem Vorjahresniveau.&nbsp;<\/p>\n\n\n\n<p>Eine Betrachtung der zehn gr\u00f6\u00dften deutschen St\u00e4dte zeigt zudem bedeutende regionale Unterschiede: So fiel der Mobilit\u00e4tsr\u00fcckgang in Stuttgart und M\u00fcnchen zwischen 22 und 6 Uhr mit durchschnittlich -80 % beziehungsweise -83 % noch deutlich st\u00e4rker aus als in den anderen Gro\u00dfst\u00e4dten. Dies ist vermutlich auf die auch in der Silvesternacht in Baden-W\u00fcrttemberg und Bayern geltenden Ausgangssperren zur\u00fcckzuf\u00fchren.<\/p>\n","protected":false},"excerpt":{"rendered":"<p>Aufgrund der Corona-Pandemie und den geltenden Beschr\u00e4nkungsma\u00dfnahmen zur Eind\u00e4mmung von Neuinfektionen liefen die Weihnachtsfeiertage und Silvester 2020 f\u00fcr viele Menschen in Deutschland anders ab als gew\u00f6hnlich. Wie eine Sonderauswertung experimenteller Mobilit\u00e4tsdaten des Statistischen Bundesamtes (Destatis) zeigt, haben die Regelungen und Empfehlungen zur Kontaktreduzierung das Verhalten der Bev\u00f6lkerung an Weihnachten und Silvester ma\u00dfgeblich ver\u00e4ndert.&nbsp; Vom 24. [&hellip;]<\/p>\n","protected":false},"author":1,"featured_media":3262,"comment_status":"closed","ping_status":"closed","sticky":false,"template":"","format":"standard","meta":{"saved_in_kubio":false,"footnotes":""},"categories":[23],"tags":[],"class_list":["post-3966","post","type-post","status-publish","format-standard","has-post-thumbnail","hentry","category-corona"],"yoast_head":"<!-- This site is optimized with the Yoast SEO plugin v27.5 - https:\/\/yoast.com\/product\/yoast-seo-wordpress\/ -->\n<title>Corona-Pandemie: Starker Mobilit\u00e4tsr\u00fcckgang an Weihnachten und Silvester 2020 - Radio Leinewelle<\/title>\n<meta name=\"robots\" content=\"index, follow, max-snippet:-1, max-image-preview:large, max-video-preview:-1\" \/>\n<link rel=\"canonical\" href=\"https:\/\/radioleinewelle.de\/index.php\/2021\/01\/08\/corona-pandemie-starker-mobilitaetsrueckgang-an-weihnachten-und-silvester-2020\/\" \/>\n<meta property=\"og:locale\" content=\"de_DE\" \/>\n<meta property=\"og:type\" content=\"article\" \/>\n<meta property=\"og:title\" content=\"Corona-Pandemie: Starker Mobilit\u00e4tsr\u00fcckgang an Weihnachten und Silvester 2020 - Radio Leinewelle\" \/>\n<meta property=\"og:description\" content=\"Aufgrund der Corona-Pandemie und den geltenden Beschr\u00e4nkungsma\u00dfnahmen zur Eind\u00e4mmung von Neuinfektionen liefen die Weihnachtsfeiertage und Silvester 2020 f\u00fcr viele Menschen in Deutschland anders ab als gew\u00f6hnlich. Wie eine Sonderauswertung experimenteller Mobilit\u00e4tsdaten des Statistischen Bundesamtes (Destatis) zeigt, haben die Regelungen und Empfehlungen zur Kontaktreduzierung das Verhalten der Bev\u00f6lkerung an Weihnachten und Silvester ma\u00dfgeblich ver\u00e4ndert.&nbsp; Vom 24. [&hellip;]\" \/>\n<meta property=\"og:url\" content=\"https:\/\/radioleinewelle.de\/index.php\/2021\/01\/08\/corona-pandemie-starker-mobilitaetsrueckgang-an-weihnachten-und-silvester-2020\/\" \/>\n<meta property=\"og:site_name\" content=\"Radio Leinewelle\" \/>\n<meta property=\"article:publisher\" content=\"https:\/\/www.facebook.com\/radioleinewelle\" \/>\n<meta property=\"article:author\" content=\"https:\/\/www.facebook.com\/radioleinewelle\" \/>\n<meta property=\"article:published_time\" content=\"2021-01-08T04:00:00+00:00\" \/>\n<meta property=\"og:image\" content=\"https:\/\/radioleinewelle.de\/wp-content\/uploads\/2020\/12\/corona-4970836_640.jpg\" \/>\n\t<meta property=\"og:image:width\" content=\"640\" \/>\n\t<meta property=\"og:image:height\" content=\"427\" \/>\n\t<meta property=\"og:image:type\" content=\"image\/jpeg\" \/>\n<meta name=\"author\" content=\"Leinewelle\" \/>\n<meta name=\"twitter:card\" content=\"summary_large_image\" \/>\n<meta name=\"twitter:creator\" content=\"@https:\/\/twitter.com\/RLeinewelle?ref_src=twsrcgoogletwcampserptwgrauthor\" \/>\n<meta name=\"twitter:site\" content=\"@RLeinewelle\" \/>\n<meta name=\"twitter:label1\" content=\"Verfasst von\" \/>\n\t<meta name=\"twitter:data1\" content=\"Leinewelle\" \/>\n\t<meta name=\"twitter:label2\" content=\"Gesch\u00e4tzte Lesezeit\" \/>\n\t<meta name=\"twitter:data2\" content=\"2\u00a0Minuten\" \/>\n<script type=\"application\/ld+json\" class=\"yoast-schema-graph\">{\"@context\":\"https:\\\/\\\/schema.org\",\"@graph\":[{\"@type\":\"Article\",\"@id\":\"https:\\\/\\\/radioleinewelle.de\\\/index.php\\\/2021\\\/01\\\/08\\\/corona-pandemie-starker-mobilitaetsrueckgang-an-weihnachten-und-silvester-2020\\\/#article\",\"isPartOf\":{\"@id\":\"https:\\\/\\\/radioleinewelle.de\\\/index.php\\\/2021\\\/01\\\/08\\\/corona-pandemie-starker-mobilitaetsrueckgang-an-weihnachten-und-silvester-2020\\\/\"},\"author\":{\"name\":\"Leinewelle\",\"@id\":\"https:\\\/\\\/radioleinewelle.de\\\/#\\\/schema\\\/person\\\/45606f348637df637192dc1b68399a63\"},\"headline\":\"Corona-Pandemie: Starker Mobilit\u00e4tsr\u00fcckgang an Weihnachten und Silvester 2020\",\"datePublished\":\"2021-01-08T04:00:00+00:00\",\"mainEntityOfPage\":{\"@id\":\"https:\\\/\\\/radioleinewelle.de\\\/index.php\\\/2021\\\/01\\\/08\\\/corona-pandemie-starker-mobilitaetsrueckgang-an-weihnachten-und-silvester-2020\\\/\"},\"wordCount\":424,\"publisher\":{\"@id\":\"https:\\\/\\\/radioleinewelle.de\\\/#organization\"},\"image\":{\"@id\":\"https:\\\/\\\/radioleinewelle.de\\\/index.php\\\/2021\\\/01\\\/08\\\/corona-pandemie-starker-mobilitaetsrueckgang-an-weihnachten-und-silvester-2020\\\/#primaryimage\"},\"thumbnailUrl\":\"https:\\\/\\\/radioleinewelle.de\\\/wp-content\\\/uploads\\\/2020\\\/12\\\/corona-4970836_640.jpg\",\"articleSection\":[\"Corona\"],\"inLanguage\":\"de\"},{\"@type\":\"WebPage\",\"@id\":\"https:\\\/\\\/radioleinewelle.de\\\/index.php\\\/2021\\\/01\\\/08\\\/corona-pandemie-starker-mobilitaetsrueckgang-an-weihnachten-und-silvester-2020\\\/\",\"url\":\"https:\\\/\\\/radioleinewelle.de\\\/index.php\\\/2021\\\/01\\\/08\\\/corona-pandemie-starker-mobilitaetsrueckgang-an-weihnachten-und-silvester-2020\\\/\",\"name\":\"Corona-Pandemie: Starker Mobilit\u00e4tsr\u00fcckgang an Weihnachten und Silvester 2020 - Radio Leinewelle\",\"isPartOf\":{\"@id\":\"https:\\\/\\\/radioleinewelle.de\\\/#website\"},\"primaryImageOfPage\":{\"@id\":\"https:\\\/\\\/radioleinewelle.de\\\/index.php\\\/2021\\\/01\\\/08\\\/corona-pandemie-starker-mobilitaetsrueckgang-an-weihnachten-und-silvester-2020\\\/#primaryimage\"},\"image\":{\"@id\":\"https:\\\/\\\/radioleinewelle.de\\\/index.php\\\/2021\\\/01\\\/08\\\/corona-pandemie-starker-mobilitaetsrueckgang-an-weihnachten-und-silvester-2020\\\/#primaryimage\"},\"thumbnailUrl\":\"https:\\\/\\\/radioleinewelle.de\\\/wp-content\\\/uploads\\\/2020\\\/12\\\/corona-4970836_640.jpg\",\"datePublished\":\"2021-01-08T04:00:00+00:00\",\"breadcrumb\":{\"@id\":\"https:\\\/\\\/radioleinewelle.de\\\/index.php\\\/2021\\\/01\\\/08\\\/corona-pandemie-starker-mobilitaetsrueckgang-an-weihnachten-und-silvester-2020\\\/#breadcrumb\"},\"inLanguage\":\"de\",\"potentialAction\":[{\"@type\":\"ReadAction\",\"target\":[\"https:\\\/\\\/radioleinewelle.de\\\/index.php\\\/2021\\\/01\\\/08\\\/corona-pandemie-starker-mobilitaetsrueckgang-an-weihnachten-und-silvester-2020\\\/\"]}]},{\"@type\":\"ImageObject\",\"inLanguage\":\"de\",\"@id\":\"https:\\\/\\\/radioleinewelle.de\\\/index.php\\\/2021\\\/01\\\/08\\\/corona-pandemie-starker-mobilitaetsrueckgang-an-weihnachten-und-silvester-2020\\\/#primaryimage\",\"url\":\"https:\\\/\\\/radioleinewelle.de\\\/wp-content\\\/uploads\\\/2020\\\/12\\\/corona-4970836_640.jpg\",\"contentUrl\":\"https:\\\/\\\/radioleinewelle.de\\\/wp-content\\\/uploads\\\/2020\\\/12\\\/corona-4970836_640.jpg\",\"width\":640,\"height\":427},{\"@type\":\"BreadcrumbList\",\"@id\":\"https:\\\/\\\/radioleinewelle.de\\\/index.php\\\/2021\\\/01\\\/08\\\/corona-pandemie-starker-mobilitaetsrueckgang-an-weihnachten-und-silvester-2020\\\/#breadcrumb\",\"itemListElement\":[{\"@type\":\"ListItem\",\"position\":1,\"name\":\"Startseite\",\"item\":\"https:\\\/\\\/radioleinewelle.de\\\/\"},{\"@type\":\"ListItem\",\"position\":2,\"name\":\"Corona-Pandemie: Starker Mobilit\u00e4tsr\u00fcckgang an Weihnachten und Silvester 2020\"}]},{\"@type\":\"WebSite\",\"@id\":\"https:\\\/\\\/radioleinewelle.de\\\/#website\",\"url\":\"https:\\\/\\\/radioleinewelle.de\\\/\",\"name\":\"Radio Leinewelle\",\"description\":\"\",\"publisher\":{\"@id\":\"https:\\\/\\\/radioleinewelle.de\\\/#organization\"},\"potentialAction\":[{\"@type\":\"SearchAction\",\"target\":{\"@type\":\"EntryPoint\",\"urlTemplate\":\"https:\\\/\\\/radioleinewelle.de\\\/?s={search_term_string}\"},\"query-input\":{\"@type\":\"PropertyValueSpecification\",\"valueRequired\":true,\"valueName\":\"search_term_string\"}}],\"inLanguage\":\"de\"},{\"@type\":\"Organization\",\"@id\":\"https:\\\/\\\/radioleinewelle.de\\\/#organization\",\"name\":\"Radio Leinewelle\",\"alternateName\":\"Mein Radio f\u00fcr S\u00fcdniedersachsen\",\"url\":\"https:\\\/\\\/radioleinewelle.de\\\/\",\"logo\":{\"@type\":\"ImageObject\",\"inLanguage\":\"de\",\"@id\":\"https:\\\/\\\/radioleinewelle.de\\\/#\\\/schema\\\/logo\\\/image\\\/\",\"url\":\"https:\\\/\\\/radioleinewelle.de\\\/wp-content\\\/uploads\\\/2023\\\/11\\\/cropped-Leinewelle_Logo_weiss.png\",\"contentUrl\":\"https:\\\/\\\/radioleinewelle.de\\\/wp-content\\\/uploads\\\/2023\\\/11\\\/cropped-Leinewelle_Logo_weiss.png\",\"width\":854,\"height\":260,\"caption\":\"Radio Leinewelle\"},\"image\":{\"@id\":\"https:\\\/\\\/radioleinewelle.de\\\/#\\\/schema\\\/logo\\\/image\\\/\"},\"sameAs\":[\"https:\\\/\\\/www.facebook.com\\\/radioleinewelle\",\"https:\\\/\\\/x.com\\\/RLeinewelle\",\"https:\\\/\\\/www.instagram.com\\\/radioleinewelle\\\/?hl=de\"]},{\"@type\":\"Person\",\"@id\":\"https:\\\/\\\/radioleinewelle.de\\\/#\\\/schema\\\/person\\\/45606f348637df637192dc1b68399a63\",\"name\":\"Leinewelle\",\"image\":{\"@type\":\"ImageObject\",\"inLanguage\":\"de\",\"@id\":\"https:\\\/\\\/secure.gravatar.com\\\/avatar\\\/05c9a17bc973052ee5d91549bd32fb4dd0dc85b7b85ae94b2e2b4943476bbea5?s=96&d=blank&r=g\",\"url\":\"https:\\\/\\\/secure.gravatar.com\\\/avatar\\\/05c9a17bc973052ee5d91549bd32fb4dd0dc85b7b85ae94b2e2b4943476bbea5?s=96&d=blank&r=g\",\"contentUrl\":\"https:\\\/\\\/secure.gravatar.com\\\/avatar\\\/05c9a17bc973052ee5d91549bd32fb4dd0dc85b7b85ae94b2e2b4943476bbea5?s=96&d=blank&r=g\",\"caption\":\"Leinewelle\"},\"sameAs\":[\"http:\\\/\\\/localhost\\\/radio%20leinewelle\\\/wordpress\",\"https:\\\/\\\/www.facebook.com\\\/radioleinewelle\",\"https:\\\/\\\/www.instagram.com\\\/radioleinewelle\",\"https:\\\/\\\/x.com\\\/https:\\\/\\\/twitter.com\\\/RLeinewelle?ref_src=twsrcgoogletwcampserptwgrauthor\",\"https:\\\/\\\/soundcloud.com\\\/foerderverein-lokalradio?utm_source=clipboard&utm_medium=text&utm_campaign=social_sharing\"],\"url\":\"https:\\\/\\\/radioleinewelle.de\\\/index.php\\\/author\\\/leinewelle\\\/\"}]}<\/script>\n<!-- \/ Yoast SEO plugin. -->","yoast_head_json":{"title":"Corona-Pandemie: Starker Mobilit\u00e4tsr\u00fcckgang an Weihnachten und Silvester 2020 - Radio Leinewelle","robots":{"index":"index","follow":"follow","max-snippet":"max-snippet:-1","max-image-preview":"max-image-preview:large","max-video-preview":"max-video-preview:-1"},"canonical":"https:\/\/radioleinewelle.de\/index.php\/2021\/01\/08\/corona-pandemie-starker-mobilitaetsrueckgang-an-weihnachten-und-silvester-2020\/","og_locale":"de_DE","og_type":"article","og_title":"Corona-Pandemie: Starker Mobilit\u00e4tsr\u00fcckgang an Weihnachten und Silvester 2020 - Radio Leinewelle","og_description":"Aufgrund der Corona-Pandemie und den geltenden Beschr\u00e4nkungsma\u00dfnahmen zur Eind\u00e4mmung von Neuinfektionen liefen die Weihnachtsfeiertage und Silvester 2020 f\u00fcr viele Menschen in Deutschland anders ab als gew\u00f6hnlich. Wie eine Sonderauswertung experimenteller Mobilit\u00e4tsdaten des Statistischen Bundesamtes (Destatis) zeigt, haben die Regelungen und Empfehlungen zur Kontaktreduzierung das Verhalten der Bev\u00f6lkerung an Weihnachten und Silvester ma\u00dfgeblich ver\u00e4ndert.&nbsp; Vom 24. [&hellip;]","og_url":"https:\/\/radioleinewelle.de\/index.php\/2021\/01\/08\/corona-pandemie-starker-mobilitaetsrueckgang-an-weihnachten-und-silvester-2020\/","og_site_name":"Radio Leinewelle","article_publisher":"https:\/\/www.facebook.com\/radioleinewelle","article_author":"https:\/\/www.facebook.com\/radioleinewelle","article_published_time":"2021-01-08T04:00:00+00:00","og_image":[{"width":640,"height":427,"url":"https:\/\/radioleinewelle.de\/wp-content\/uploads\/2020\/12\/corona-4970836_640.jpg","type":"image\/jpeg"}],"author":"Leinewelle","twitter_card":"summary_large_image","twitter_creator":"@https:\/\/twitter.com\/RLeinewelle?ref_src=twsrcgoogletwcampserptwgrauthor","twitter_site":"@RLeinewelle","twitter_misc":{"Verfasst von":"Leinewelle","Gesch\u00e4tzte Lesezeit":"2\u00a0Minuten"},"schema":{"@context":"https:\/\/schema.org","@graph":[{"@type":"Article","@id":"https:\/\/radioleinewelle.de\/index.php\/2021\/01\/08\/corona-pandemie-starker-mobilitaetsrueckgang-an-weihnachten-und-silvester-2020\/#article","isPartOf":{"@id":"https:\/\/radioleinewelle.de\/index.php\/2021\/01\/08\/corona-pandemie-starker-mobilitaetsrueckgang-an-weihnachten-und-silvester-2020\/"},"author":{"name":"Leinewelle","@id":"https:\/\/radioleinewelle.de\/#\/schema\/person\/45606f348637df637192dc1b68399a63"},"headline":"Corona-Pandemie: Starker Mobilit\u00e4tsr\u00fcckgang an Weihnachten und Silvester 2020","datePublished":"2021-01-08T04:00:00+00:00","mainEntityOfPage":{"@id":"https:\/\/radioleinewelle.de\/index.php\/2021\/01\/08\/corona-pandemie-starker-mobilitaetsrueckgang-an-weihnachten-und-silvester-2020\/"},"wordCount":424,"publisher":{"@id":"https:\/\/radioleinewelle.de\/#organization"},"image":{"@id":"https:\/\/radioleinewelle.de\/index.php\/2021\/01\/08\/corona-pandemie-starker-mobilitaetsrueckgang-an-weihnachten-und-silvester-2020\/#primaryimage"},"thumbnailUrl":"https:\/\/radioleinewelle.de\/wp-content\/uploads\/2020\/12\/corona-4970836_640.jpg","articleSection":["Corona"],"inLanguage":"de"},{"@type":"WebPage","@id":"https:\/\/radioleinewelle.de\/index.php\/2021\/01\/08\/corona-pandemie-starker-mobilitaetsrueckgang-an-weihnachten-und-silvester-2020\/","url":"https:\/\/radioleinewelle.de\/index.php\/2021\/01\/08\/corona-pandemie-starker-mobilitaetsrueckgang-an-weihnachten-und-silvester-2020\/","name":"Corona-Pandemie: Starker Mobilit\u00e4tsr\u00fcckgang an Weihnachten und Silvester 2020 - Radio Leinewelle","isPartOf":{"@id":"https:\/\/radioleinewelle.de\/#website"},"primaryImageOfPage":{"@id":"https:\/\/radioleinewelle.de\/index.php\/2021\/01\/08\/corona-pandemie-starker-mobilitaetsrueckgang-an-weihnachten-und-silvester-2020\/#primaryimage"},"image":{"@id":"https:\/\/radioleinewelle.de\/index.php\/2021\/01\/08\/corona-pandemie-starker-mobilitaetsrueckgang-an-weihnachten-und-silvester-2020\/#primaryimage"},"thumbnailUrl":"https:\/\/radioleinewelle.de\/wp-content\/uploads\/2020\/12\/corona-4970836_640.jpg","datePublished":"2021-01-08T04:00:00+00:00","breadcrumb":{"@id":"https:\/\/radioleinewelle.de\/index.php\/2021\/01\/08\/corona-pandemie-starker-mobilitaetsrueckgang-an-weihnachten-und-silvester-2020\/#breadcrumb"},"inLanguage":"de","potentialAction":[{"@type":"ReadAction","target":["https:\/\/radioleinewelle.de\/index.php\/2021\/01\/08\/corona-pandemie-starker-mobilitaetsrueckgang-an-weihnachten-und-silvester-2020\/"]}]},{"@type":"ImageObject","inLanguage":"de","@id":"https:\/\/radioleinewelle.de\/index.php\/2021\/01\/08\/corona-pandemie-starker-mobilitaetsrueckgang-an-weihnachten-und-silvester-2020\/#primaryimage","url":"https:\/\/radioleinewelle.de\/wp-content\/uploads\/2020\/12\/corona-4970836_640.jpg","contentUrl":"https:\/\/radioleinewelle.de\/wp-content\/uploads\/2020\/12\/corona-4970836_640.jpg","width":640,"height":427},{"@type":"BreadcrumbList","@id":"https:\/\/radioleinewelle.de\/index.php\/2021\/01\/08\/corona-pandemie-starker-mobilitaetsrueckgang-an-weihnachten-und-silvester-2020\/#breadcrumb","itemListElement":[{"@type":"ListItem","position":1,"name":"Startseite","item":"https:\/\/radioleinewelle.de\/"},{"@type":"ListItem","position":2,"name":"Corona-Pandemie: Starker Mobilit\u00e4tsr\u00fcckgang an Weihnachten und Silvester 2020"}]},{"@type":"WebSite","@id":"https:\/\/radioleinewelle.de\/#website","url":"https:\/\/radioleinewelle.de\/","name":"Radio Leinewelle","description":"","publisher":{"@id":"https:\/\/radioleinewelle.de\/#organization"},"potentialAction":[{"@type":"SearchAction","target":{"@type":"EntryPoint","urlTemplate":"https:\/\/radioleinewelle.de\/?s={search_term_string}"},"query-input":{"@type":"PropertyValueSpecification","valueRequired":true,"valueName":"search_term_string"}}],"inLanguage":"de"},{"@type":"Organization","@id":"https:\/\/radioleinewelle.de\/#organization","name":"Radio Leinewelle","alternateName":"Mein Radio f\u00fcr S\u00fcdniedersachsen","url":"https:\/\/radioleinewelle.de\/","logo":{"@type":"ImageObject","inLanguage":"de","@id":"https:\/\/radioleinewelle.de\/#\/schema\/logo\/image\/","url":"https:\/\/radioleinewelle.de\/wp-content\/uploads\/2023\/11\/cropped-Leinewelle_Logo_weiss.png","contentUrl":"https:\/\/radioleinewelle.de\/wp-content\/uploads\/2023\/11\/cropped-Leinewelle_Logo_weiss.png","width":854,"height":260,"caption":"Radio Leinewelle"},"image":{"@id":"https:\/\/radioleinewelle.de\/#\/schema\/logo\/image\/"},"sameAs":["https:\/\/www.facebook.com\/radioleinewelle","https:\/\/x.com\/RLeinewelle","https:\/\/www.instagram.com\/radioleinewelle\/?hl=de"]},{"@type":"Person","@id":"https:\/\/radioleinewelle.de\/#\/schema\/person\/45606f348637df637192dc1b68399a63","name":"Leinewelle","image":{"@type":"ImageObject","inLanguage":"de","@id":"https:\/\/secure.gravatar.com\/avatar\/05c9a17bc973052ee5d91549bd32fb4dd0dc85b7b85ae94b2e2b4943476bbea5?s=96&d=blank&r=g","url":"https:\/\/secure.gravatar.com\/avatar\/05c9a17bc973052ee5d91549bd32fb4dd0dc85b7b85ae94b2e2b4943476bbea5?s=96&d=blank&r=g","contentUrl":"https:\/\/secure.gravatar.com\/avatar\/05c9a17bc973052ee5d91549bd32fb4dd0dc85b7b85ae94b2e2b4943476bbea5?s=96&d=blank&r=g","caption":"Leinewelle"},"sameAs":["http:\/\/localhost\/radio%20leinewelle\/wordpress","https:\/\/www.facebook.com\/radioleinewelle","https:\/\/www.instagram.com\/radioleinewelle","https:\/\/x.com\/https:\/\/twitter.com\/RLeinewelle?ref_src=twsrcgoogletwcampserptwgrauthor","https:\/\/soundcloud.com\/foerderverein-lokalradio?utm_source=clipboard&utm_medium=text&utm_campaign=social_sharing"],"url":"https:\/\/radioleinewelle.de\/index.php\/author\/leinewelle\/"}]}},"_links":{"self":[{"href":"https:\/\/radioleinewelle.de\/index.php\/wp-json\/wp\/v2\/posts\/3966","targetHints":{"allow":["GET"]}}],"collection":[{"href":"https:\/\/radioleinewelle.de\/index.php\/wp-json\/wp\/v2\/posts"}],"about":[{"href":"https:\/\/radioleinewelle.de\/index.php\/wp-json\/wp\/v2\/types\/post"}],"author":[{"embeddable":true,"href":"https:\/\/radioleinewelle.de\/index.php\/wp-json\/wp\/v2\/users\/1"}],"replies":[{"embeddable":true,"href":"https:\/\/radioleinewelle.de\/index.php\/wp-json\/wp\/v2\/comments?post=3966"}],"version-history":[{"count":0,"href":"https:\/\/radioleinewelle.de\/index.php\/wp-json\/wp\/v2\/posts\/3966\/revisions"}],"wp:featuredmedia":[{"embeddable":true,"href":"https:\/\/radioleinewelle.de\/index.php\/wp-json\/wp\/v2\/media\/3262"}],"wp:attachment":[{"href":"https:\/\/radioleinewelle.de\/index.php\/wp-json\/wp\/v2\/media?parent=3966"}],"wp:term":[{"taxonomy":"category","embeddable":true,"href":"https:\/\/radioleinewelle.de\/index.php\/wp-json\/wp\/v2\/categories?post=3966"},{"taxonomy":"post_tag","embeddable":true,"href":"https:\/\/radioleinewelle.de\/index.php\/wp-json\/wp\/v2\/tags?post=3966"}],"curies":[{"name":"wp","href":"https:\/\/api.w.org\/{rel}","templated":true}]}}