{"id":3998,"date":"2021-01-08T14:41:21","date_gmt":"2021-01-08T13:41:21","guid":{"rendered":"https:\/\/radioleinewelle.de\/?p=3998"},"modified":"2021-01-08T14:41:21","modified_gmt":"2021-01-08T13:41:21","slug":"goettingen-bombenraeumung-in-der-godehardtstr-ist-fuer-samstag-den-30-01-vorgesehen","status":"publish","type":"post","link":"https:\/\/radioleinewelle.de\/index.php\/2021\/01\/08\/goettingen-bombenraeumung-in-der-godehardtstr-ist-fuer-samstag-den-30-01-vorgesehen\/","title":{"rendered":"G\u00f6ttingen: Bombenr\u00e4umung in der Godehardtstr. ist f\u00fcr Samstag den 30.01. vorgesehen"},"content":{"rendered":"\n<p>In der Godehardstra\u00dfe in G\u00f6ttingen sind bei Sondierungsarbeiten mehrere verd\u00e4chtige Objekte im Boden gefunden worden. Mit gro\u00dfer Wahrscheinlichkeit handelt es sich nach Angaben des Kampfmittelr\u00e4umdienstes um Blindg\u00e4nger aus dem Zweiten Weltkrieg. Die Entsch\u00e4rfung ist f\u00fcr Samstag, 30. Januar 2021, vorgesehen. Anwohner*innen in einem Umkreis von 1000 Metern um die Fundstelle m\u00fcssen an diesem Tag ihre Wohnungen verlassen. Informationen \u00fcber die betroffenen Stra\u00dfen und weitere Details finden sich auf den Seiten der <a href=\"https:\/\/www.goettingen.de\/aktuelles\/alle-infos-zur-sondierung-2020-10-12.html\">Stadt G\u00f6ttingen<\/a><\/p>\n","protected":false},"excerpt":{"rendered":"<p>In der Godehardstra\u00dfe in G\u00f6ttingen sind bei Sondierungsarbeiten mehrere verd\u00e4chtige Objekte im Boden gefunden worden. Mit gro\u00dfer Wahrscheinlichkeit handelt es sich nach Angaben des Kampfmittelr\u00e4umdienstes um Blindg\u00e4nger aus dem Zweiten Weltkrieg. Die Entsch\u00e4rfung ist f\u00fcr Samstag, 30. Januar 2021, vorgesehen. Anwohner*innen in einem Umkreis von 1000 Metern um die Fundstelle m\u00fcssen an diesem Tag ihre [&hellip;]<\/p>\n","protected":false},"author":1,"featured_media":4001,"comment_status":"closed","ping_status":"closed","sticky":false,"template":"","format":"standard","meta":{"saved_in_kubio":false,"footnotes":""},"categories":[24],"tags":[],"class_list":["post-3998","post","type-post","status-publish","format-standard","has-post-thumbnail","hentry","category-news"],"yoast_head":"<!-- This site is optimized with the Yoast SEO plugin v27.5 - https:\/\/yoast.com\/product\/yoast-seo-wordpress\/ -->\n<title>G\u00f6ttingen: Bombenr\u00e4umung in der Godehardtstr. ist f\u00fcr Samstag den 30.01. vorgesehen - Radio Leinewelle<\/title>\n<meta name=\"robots\" content=\"index, follow, max-snippet:-1, max-image-preview:large, max-video-preview:-1\" \/>\n<link rel=\"canonical\" href=\"https:\/\/radioleinewelle.de\/index.php\/2021\/01\/08\/goettingen-bombenraeumung-in-der-godehardtstr-ist-fuer-samstag-den-30-01-vorgesehen\/\" \/>\n<meta property=\"og:locale\" content=\"de_DE\" \/>\n<meta property=\"og:type\" content=\"article\" \/>\n<meta property=\"og:title\" content=\"G\u00f6ttingen: Bombenr\u00e4umung in der Godehardtstr. ist f\u00fcr Samstag den 30.01. vorgesehen - Radio Leinewelle\" \/>\n<meta property=\"og:description\" content=\"In der Godehardstra\u00dfe in G\u00f6ttingen sind bei Sondierungsarbeiten mehrere verd\u00e4chtige Objekte im Boden gefunden worden. Mit gro\u00dfer Wahrscheinlichkeit handelt es sich nach Angaben des Kampfmittelr\u00e4umdienstes um Blindg\u00e4nger aus dem Zweiten Weltkrieg. Die Entsch\u00e4rfung ist f\u00fcr Samstag, 30. Januar 2021, vorgesehen. Anwohner*innen in einem Umkreis von 1000 Metern um die Fundstelle m\u00fcssen an diesem Tag ihre [&hellip;]\" \/>\n<meta property=\"og:url\" content=\"https:\/\/radioleinewelle.de\/index.php\/2021\/01\/08\/goettingen-bombenraeumung-in-der-godehardtstr-ist-fuer-samstag-den-30-01-vorgesehen\/\" \/>\n<meta property=\"og:site_name\" content=\"Radio Leinewelle\" \/>\n<meta property=\"article:publisher\" content=\"https:\/\/www.facebook.com\/radioleinewelle\" \/>\n<meta property=\"article:author\" content=\"https:\/\/www.facebook.com\/radioleinewelle\" \/>\n<meta property=\"article:published_time\" content=\"2021-01-08T13:41:21+00:00\" \/>\n<meta property=\"og:image\" content=\"https:\/\/radioleinewelle.de\/wp-content\/uploads\/2021\/01\/evacuation-sign-1738375_640.jpg\" \/>\n\t<meta property=\"og:image:width\" content=\"640\" \/>\n\t<meta property=\"og:image:height\" content=\"428\" \/>\n\t<meta property=\"og:image:type\" content=\"image\/jpeg\" \/>\n<meta name=\"author\" content=\"Leinewelle\" \/>\n<meta name=\"twitter:card\" content=\"summary_large_image\" \/>\n<meta name=\"twitter:creator\" content=\"@https:\/\/twitter.com\/RLeinewelle?ref_src=twsrcgoogletwcampserptwgrauthor\" \/>\n<meta name=\"twitter:site\" content=\"@RLeinewelle\" \/>\n<meta name=\"twitter:label1\" content=\"Verfasst von\" \/>\n\t<meta name=\"twitter:data1\" content=\"Leinewelle\" \/>\n<script type=\"application\/ld+json\" class=\"yoast-schema-graph\">{\"@context\":\"https:\\\/\\\/schema.org\",\"@graph\":[{\"@type\":\"Article\",\"@id\":\"https:\\\/\\\/radioleinewelle.de\\\/index.php\\\/2021\\\/01\\\/08\\\/goettingen-bombenraeumung-in-der-godehardtstr-ist-fuer-samstag-den-30-01-vorgesehen\\\/#article\",\"isPartOf\":{\"@id\":\"https:\\\/\\\/radioleinewelle.de\\\/index.php\\\/2021\\\/01\\\/08\\\/goettingen-bombenraeumung-in-der-godehardtstr-ist-fuer-samstag-den-30-01-vorgesehen\\\/\"},\"author\":{\"name\":\"Leinewelle\",\"@id\":\"https:\\\/\\\/radioleinewelle.de\\\/#\\\/schema\\\/person\\\/45606f348637df637192dc1b68399a63\"},\"headline\":\"G\u00f6ttingen: Bombenr\u00e4umung in der Godehardtstr. ist f\u00fcr Samstag den 30.01. vorgesehen\",\"datePublished\":\"2021-01-08T13:41:21+00:00\",\"mainEntityOfPage\":{\"@id\":\"https:\\\/\\\/radioleinewelle.de\\\/index.php\\\/2021\\\/01\\\/08\\\/goettingen-bombenraeumung-in-der-godehardtstr-ist-fuer-samstag-den-30-01-vorgesehen\\\/\"},\"wordCount\":95,\"publisher\":{\"@id\":\"https:\\\/\\\/radioleinewelle.de\\\/#organization\"},\"image\":{\"@id\":\"https:\\\/\\\/radioleinewelle.de\\\/index.php\\\/2021\\\/01\\\/08\\\/goettingen-bombenraeumung-in-der-godehardtstr-ist-fuer-samstag-den-30-01-vorgesehen\\\/#primaryimage\"},\"thumbnailUrl\":\"https:\\\/\\\/radioleinewelle.de\\\/wp-content\\\/uploads\\\/2021\\\/01\\\/evacuation-sign-1738375_640.jpg\",\"articleSection\":[\"Aktuelle Nachrichten\"],\"inLanguage\":\"de\"},{\"@type\":\"WebPage\",\"@id\":\"https:\\\/\\\/radioleinewelle.de\\\/index.php\\\/2021\\\/01\\\/08\\\/goettingen-bombenraeumung-in-der-godehardtstr-ist-fuer-samstag-den-30-01-vorgesehen\\\/\",\"url\":\"https:\\\/\\\/radioleinewelle.de\\\/index.php\\\/2021\\\/01\\\/08\\\/goettingen-bombenraeumung-in-der-godehardtstr-ist-fuer-samstag-den-30-01-vorgesehen\\\/\",\"name\":\"G\u00f6ttingen: Bombenr\u00e4umung in der Godehardtstr. ist f\u00fcr Samstag den 30.01. vorgesehen - Radio Leinewelle\",\"isPartOf\":{\"@id\":\"https:\\\/\\\/radioleinewelle.de\\\/#website\"},\"primaryImageOfPage\":{\"@id\":\"https:\\\/\\\/radioleinewelle.de\\\/index.php\\\/2021\\\/01\\\/08\\\/goettingen-bombenraeumung-in-der-godehardtstr-ist-fuer-samstag-den-30-01-vorgesehen\\\/#primaryimage\"},\"image\":{\"@id\":\"https:\\\/\\\/radioleinewelle.de\\\/index.php\\\/2021\\\/01\\\/08\\\/goettingen-bombenraeumung-in-der-godehardtstr-ist-fuer-samstag-den-30-01-vorgesehen\\\/#primaryimage\"},\"thumbnailUrl\":\"https:\\\/\\\/radioleinewelle.de\\\/wp-content\\\/uploads\\\/2021\\\/01\\\/evacuation-sign-1738375_640.jpg\",\"datePublished\":\"2021-01-08T13:41:21+00:00\",\"breadcrumb\":{\"@id\":\"https:\\\/\\\/radioleinewelle.de\\\/index.php\\\/2021\\\/01\\\/08\\\/goettingen-bombenraeumung-in-der-godehardtstr-ist-fuer-samstag-den-30-01-vorgesehen\\\/#breadcrumb\"},\"inLanguage\":\"de\",\"potentialAction\":[{\"@type\":\"ReadAction\",\"target\":[\"https:\\\/\\\/radioleinewelle.de\\\/index.php\\\/2021\\\/01\\\/08\\\/goettingen-bombenraeumung-in-der-godehardtstr-ist-fuer-samstag-den-30-01-vorgesehen\\\/\"]}]},{\"@type\":\"ImageObject\",\"inLanguage\":\"de\",\"@id\":\"https:\\\/\\\/radioleinewelle.de\\\/index.php\\\/2021\\\/01\\\/08\\\/goettingen-bombenraeumung-in-der-godehardtstr-ist-fuer-samstag-den-30-01-vorgesehen\\\/#primaryimage\",\"url\":\"https:\\\/\\\/radioleinewelle.de\\\/wp-content\\\/uploads\\\/2021\\\/01\\\/evacuation-sign-1738375_640.jpg\",\"contentUrl\":\"https:\\\/\\\/radioleinewelle.de\\\/wp-content\\\/uploads\\\/2021\\\/01\\\/evacuation-sign-1738375_640.jpg\",\"width\":640,\"height\":428},{\"@type\":\"BreadcrumbList\",\"@id\":\"https:\\\/\\\/radioleinewelle.de\\\/index.php\\\/2021\\\/01\\\/08\\\/goettingen-bombenraeumung-in-der-godehardtstr-ist-fuer-samstag-den-30-01-vorgesehen\\\/#breadcrumb\",\"itemListElement\":[{\"@type\":\"ListItem\",\"position\":1,\"name\":\"Startseite\",\"item\":\"https:\\\/\\\/radioleinewelle.de\\\/\"},{\"@type\":\"ListItem\",\"position\":2,\"name\":\"G\u00f6ttingen: Bombenr\u00e4umung in der Godehardtstr. ist f\u00fcr Samstag den 30.01. vorgesehen\"}]},{\"@type\":\"WebSite\",\"@id\":\"https:\\\/\\\/radioleinewelle.de\\\/#website\",\"url\":\"https:\\\/\\\/radioleinewelle.de\\\/\",\"name\":\"Radio Leinewelle\",\"description\":\"\",\"publisher\":{\"@id\":\"https:\\\/\\\/radioleinewelle.de\\\/#organization\"},\"potentialAction\":[{\"@type\":\"SearchAction\",\"target\":{\"@type\":\"EntryPoint\",\"urlTemplate\":\"https:\\\/\\\/radioleinewelle.de\\\/?s={search_term_string}\"},\"query-input\":{\"@type\":\"PropertyValueSpecification\",\"valueRequired\":true,\"valueName\":\"search_term_string\"}}],\"inLanguage\":\"de\"},{\"@type\":\"Organization\",\"@id\":\"https:\\\/\\\/radioleinewelle.de\\\/#organization\",\"name\":\"Radio Leinewelle\",\"alternateName\":\"Mein Radio f\u00fcr S\u00fcdniedersachsen\",\"url\":\"https:\\\/\\\/radioleinewelle.de\\\/\",\"logo\":{\"@type\":\"ImageObject\",\"inLanguage\":\"de\",\"@id\":\"https:\\\/\\\/radioleinewelle.de\\\/#\\\/schema\\\/logo\\\/image\\\/\",\"url\":\"https:\\\/\\\/radioleinewelle.de\\\/wp-content\\\/uploads\\\/2023\\\/11\\\/cropped-Leinewelle_Logo_weiss.png\",\"contentUrl\":\"https:\\\/\\\/radioleinewelle.de\\\/wp-content\\\/uploads\\\/2023\\\/11\\\/cropped-Leinewelle_Logo_weiss.png\",\"width\":854,\"height\":260,\"caption\":\"Radio Leinewelle\"},\"image\":{\"@id\":\"https:\\\/\\\/radioleinewelle.de\\\/#\\\/schema\\\/logo\\\/image\\\/\"},\"sameAs\":[\"https:\\\/\\\/www.facebook.com\\\/radioleinewelle\",\"https:\\\/\\\/x.com\\\/RLeinewelle\",\"https:\\\/\\\/www.instagram.com\\\/radioleinewelle\\\/?hl=de\"]},{\"@type\":\"Person\",\"@id\":\"https:\\\/\\\/radioleinewelle.de\\\/#\\\/schema\\\/person\\\/45606f348637df637192dc1b68399a63\",\"name\":\"Leinewelle\",\"image\":{\"@type\":\"ImageObject\",\"inLanguage\":\"de\",\"@id\":\"https:\\\/\\\/secure.gravatar.com\\\/avatar\\\/05c9a17bc973052ee5d91549bd32fb4dd0dc85b7b85ae94b2e2b4943476bbea5?s=96&d=blank&r=g\",\"url\":\"https:\\\/\\\/secure.gravatar.com\\\/avatar\\\/05c9a17bc973052ee5d91549bd32fb4dd0dc85b7b85ae94b2e2b4943476bbea5?s=96&d=blank&r=g\",\"contentUrl\":\"https:\\\/\\\/secure.gravatar.com\\\/avatar\\\/05c9a17bc973052ee5d91549bd32fb4dd0dc85b7b85ae94b2e2b4943476bbea5?s=96&d=blank&r=g\",\"caption\":\"Leinewelle\"},\"sameAs\":[\"http:\\\/\\\/localhost\\\/radio%20leinewelle\\\/wordpress\",\"https:\\\/\\\/www.facebook.com\\\/radioleinewelle\",\"https:\\\/\\\/www.instagram.com\\\/radioleinewelle\",\"https:\\\/\\\/x.com\\\/https:\\\/\\\/twitter.com\\\/RLeinewelle?ref_src=twsrcgoogletwcampserptwgrauthor\",\"https:\\\/\\\/soundcloud.com\\\/foerderverein-lokalradio?utm_source=clipboard&utm_medium=text&utm_campaign=social_sharing\"],\"url\":\"https:\\\/\\\/radioleinewelle.de\\\/index.php\\\/author\\\/leinewelle\\\/\"}]}<\/script>\n<!-- \/ Yoast SEO plugin. -->","yoast_head_json":{"title":"G\u00f6ttingen: Bombenr\u00e4umung in der Godehardtstr. ist f\u00fcr Samstag den 30.01. vorgesehen - Radio Leinewelle","robots":{"index":"index","follow":"follow","max-snippet":"max-snippet:-1","max-image-preview":"max-image-preview:large","max-video-preview":"max-video-preview:-1"},"canonical":"https:\/\/radioleinewelle.de\/index.php\/2021\/01\/08\/goettingen-bombenraeumung-in-der-godehardtstr-ist-fuer-samstag-den-30-01-vorgesehen\/","og_locale":"de_DE","og_type":"article","og_title":"G\u00f6ttingen: Bombenr\u00e4umung in der Godehardtstr. ist f\u00fcr Samstag den 30.01. vorgesehen - Radio Leinewelle","og_description":"In der Godehardstra\u00dfe in G\u00f6ttingen sind bei Sondierungsarbeiten mehrere verd\u00e4chtige Objekte im Boden gefunden worden. Mit gro\u00dfer Wahrscheinlichkeit handelt es sich nach Angaben des Kampfmittelr\u00e4umdienstes um Blindg\u00e4nger aus dem Zweiten Weltkrieg. Die Entsch\u00e4rfung ist f\u00fcr Samstag, 30. Januar 2021, vorgesehen. Anwohner*innen in einem Umkreis von 1000 Metern um die Fundstelle m\u00fcssen an diesem Tag ihre [&hellip;]","og_url":"https:\/\/radioleinewelle.de\/index.php\/2021\/01\/08\/goettingen-bombenraeumung-in-der-godehardtstr-ist-fuer-samstag-den-30-01-vorgesehen\/","og_site_name":"Radio Leinewelle","article_publisher":"https:\/\/www.facebook.com\/radioleinewelle","article_author":"https:\/\/www.facebook.com\/radioleinewelle","article_published_time":"2021-01-08T13:41:21+00:00","og_image":[{"width":640,"height":428,"url":"https:\/\/radioleinewelle.de\/wp-content\/uploads\/2021\/01\/evacuation-sign-1738375_640.jpg","type":"image\/jpeg"}],"author":"Leinewelle","twitter_card":"summary_large_image","twitter_creator":"@https:\/\/twitter.com\/RLeinewelle?ref_src=twsrcgoogletwcampserptwgrauthor","twitter_site":"@RLeinewelle","twitter_misc":{"Verfasst von":"Leinewelle"},"schema":{"@context":"https:\/\/schema.org","@graph":[{"@type":"Article","@id":"https:\/\/radioleinewelle.de\/index.php\/2021\/01\/08\/goettingen-bombenraeumung-in-der-godehardtstr-ist-fuer-samstag-den-30-01-vorgesehen\/#article","isPartOf":{"@id":"https:\/\/radioleinewelle.de\/index.php\/2021\/01\/08\/goettingen-bombenraeumung-in-der-godehardtstr-ist-fuer-samstag-den-30-01-vorgesehen\/"},"author":{"name":"Leinewelle","@id":"https:\/\/radioleinewelle.de\/#\/schema\/person\/45606f348637df637192dc1b68399a63"},"headline":"G\u00f6ttingen: Bombenr\u00e4umung in der Godehardtstr. ist f\u00fcr Samstag den 30.01. vorgesehen","datePublished":"2021-01-08T13:41:21+00:00","mainEntityOfPage":{"@id":"https:\/\/radioleinewelle.de\/index.php\/2021\/01\/08\/goettingen-bombenraeumung-in-der-godehardtstr-ist-fuer-samstag-den-30-01-vorgesehen\/"},"wordCount":95,"publisher":{"@id":"https:\/\/radioleinewelle.de\/#organization"},"image":{"@id":"https:\/\/radioleinewelle.de\/index.php\/2021\/01\/08\/goettingen-bombenraeumung-in-der-godehardtstr-ist-fuer-samstag-den-30-01-vorgesehen\/#primaryimage"},"thumbnailUrl":"https:\/\/radioleinewelle.de\/wp-content\/uploads\/2021\/01\/evacuation-sign-1738375_640.jpg","articleSection":["Aktuelle Nachrichten"],"inLanguage":"de"},{"@type":"WebPage","@id":"https:\/\/radioleinewelle.de\/index.php\/2021\/01\/08\/goettingen-bombenraeumung-in-der-godehardtstr-ist-fuer-samstag-den-30-01-vorgesehen\/","url":"https:\/\/radioleinewelle.de\/index.php\/2021\/01\/08\/goettingen-bombenraeumung-in-der-godehardtstr-ist-fuer-samstag-den-30-01-vorgesehen\/","name":"G\u00f6ttingen: Bombenr\u00e4umung in der Godehardtstr. ist f\u00fcr Samstag den 30.01. vorgesehen - Radio Leinewelle","isPartOf":{"@id":"https:\/\/radioleinewelle.de\/#website"},"primaryImageOfPage":{"@id":"https:\/\/radioleinewelle.de\/index.php\/2021\/01\/08\/goettingen-bombenraeumung-in-der-godehardtstr-ist-fuer-samstag-den-30-01-vorgesehen\/#primaryimage"},"image":{"@id":"https:\/\/radioleinewelle.de\/index.php\/2021\/01\/08\/goettingen-bombenraeumung-in-der-godehardtstr-ist-fuer-samstag-den-30-01-vorgesehen\/#primaryimage"},"thumbnailUrl":"https:\/\/radioleinewelle.de\/wp-content\/uploads\/2021\/01\/evacuation-sign-1738375_640.jpg","datePublished":"2021-01-08T13:41:21+00:00","breadcrumb":{"@id":"https:\/\/radioleinewelle.de\/index.php\/2021\/01\/08\/goettingen-bombenraeumung-in-der-godehardtstr-ist-fuer-samstag-den-30-01-vorgesehen\/#breadcrumb"},"inLanguage":"de","potentialAction":[{"@type":"ReadAction","target":["https:\/\/radioleinewelle.de\/index.php\/2021\/01\/08\/goettingen-bombenraeumung-in-der-godehardtstr-ist-fuer-samstag-den-30-01-vorgesehen\/"]}]},{"@type":"ImageObject","inLanguage":"de","@id":"https:\/\/radioleinewelle.de\/index.php\/2021\/01\/08\/goettingen-bombenraeumung-in-der-godehardtstr-ist-fuer-samstag-den-30-01-vorgesehen\/#primaryimage","url":"https:\/\/radioleinewelle.de\/wp-content\/uploads\/2021\/01\/evacuation-sign-1738375_640.jpg","contentUrl":"https:\/\/radioleinewelle.de\/wp-content\/uploads\/2021\/01\/evacuation-sign-1738375_640.jpg","width":640,"height":428},{"@type":"BreadcrumbList","@id":"https:\/\/radioleinewelle.de\/index.php\/2021\/01\/08\/goettingen-bombenraeumung-in-der-godehardtstr-ist-fuer-samstag-den-30-01-vorgesehen\/#breadcrumb","itemListElement":[{"@type":"ListItem","position":1,"name":"Startseite","item":"https:\/\/radioleinewelle.de\/"},{"@type":"ListItem","position":2,"name":"G\u00f6ttingen: Bombenr\u00e4umung in der Godehardtstr. ist f\u00fcr Samstag den 30.01. vorgesehen"}]},{"@type":"WebSite","@id":"https:\/\/radioleinewelle.de\/#website","url":"https:\/\/radioleinewelle.de\/","name":"Radio Leinewelle","description":"","publisher":{"@id":"https:\/\/radioleinewelle.de\/#organization"},"potentialAction":[{"@type":"SearchAction","target":{"@type":"EntryPoint","urlTemplate":"https:\/\/radioleinewelle.de\/?s={search_term_string}"},"query-input":{"@type":"PropertyValueSpecification","valueRequired":true,"valueName":"search_term_string"}}],"inLanguage":"de"},{"@type":"Organization","@id":"https:\/\/radioleinewelle.de\/#organization","name":"Radio Leinewelle","alternateName":"Mein Radio f\u00fcr S\u00fcdniedersachsen","url":"https:\/\/radioleinewelle.de\/","logo":{"@type":"ImageObject","inLanguage":"de","@id":"https:\/\/radioleinewelle.de\/#\/schema\/logo\/image\/","url":"https:\/\/radioleinewelle.de\/wp-content\/uploads\/2023\/11\/cropped-Leinewelle_Logo_weiss.png","contentUrl":"https:\/\/radioleinewelle.de\/wp-content\/uploads\/2023\/11\/cropped-Leinewelle_Logo_weiss.png","width":854,"height":260,"caption":"Radio Leinewelle"},"image":{"@id":"https:\/\/radioleinewelle.de\/#\/schema\/logo\/image\/"},"sameAs":["https:\/\/www.facebook.com\/radioleinewelle","https:\/\/x.com\/RLeinewelle","https:\/\/www.instagram.com\/radioleinewelle\/?hl=de"]},{"@type":"Person","@id":"https:\/\/radioleinewelle.de\/#\/schema\/person\/45606f348637df637192dc1b68399a63","name":"Leinewelle","image":{"@type":"ImageObject","inLanguage":"de","@id":"https:\/\/secure.gravatar.com\/avatar\/05c9a17bc973052ee5d91549bd32fb4dd0dc85b7b85ae94b2e2b4943476bbea5?s=96&d=blank&r=g","url":"https:\/\/secure.gravatar.com\/avatar\/05c9a17bc973052ee5d91549bd32fb4dd0dc85b7b85ae94b2e2b4943476bbea5?s=96&d=blank&r=g","contentUrl":"https:\/\/secure.gravatar.com\/avatar\/05c9a17bc973052ee5d91549bd32fb4dd0dc85b7b85ae94b2e2b4943476bbea5?s=96&d=blank&r=g","caption":"Leinewelle"},"sameAs":["http:\/\/localhost\/radio%20leinewelle\/wordpress","https:\/\/www.facebook.com\/radioleinewelle","https:\/\/www.instagram.com\/radioleinewelle","https:\/\/x.com\/https:\/\/twitter.com\/RLeinewelle?ref_src=twsrcgoogletwcampserptwgrauthor","https:\/\/soundcloud.com\/foerderverein-lokalradio?utm_source=clipboard&utm_medium=text&utm_campaign=social_sharing"],"url":"https:\/\/radioleinewelle.de\/index.php\/author\/leinewelle\/"}]}},"_links":{"self":[{"href":"https:\/\/radioleinewelle.de\/index.php\/wp-json\/wp\/v2\/posts\/3998","targetHints":{"allow":["GET"]}}],"collection":[{"href":"https:\/\/radioleinewelle.de\/index.php\/wp-json\/wp\/v2\/posts"}],"about":[{"href":"https:\/\/radioleinewelle.de\/index.php\/wp-json\/wp\/v2\/types\/post"}],"author":[{"embeddable":true,"href":"https:\/\/radioleinewelle.de\/index.php\/wp-json\/wp\/v2\/users\/1"}],"replies":[{"embeddable":true,"href":"https:\/\/radioleinewelle.de\/index.php\/wp-json\/wp\/v2\/comments?post=3998"}],"version-history":[{"count":0,"href":"https:\/\/radioleinewelle.de\/index.php\/wp-json\/wp\/v2\/posts\/3998\/revisions"}],"wp:featuredmedia":[{"embeddable":true,"href":"https:\/\/radioleinewelle.de\/index.php\/wp-json\/wp\/v2\/media\/4001"}],"wp:attachment":[{"href":"https:\/\/radioleinewelle.de\/index.php\/wp-json\/wp\/v2\/media?parent=3998"}],"wp:term":[{"taxonomy":"category","embeddable":true,"href":"https:\/\/radioleinewelle.de\/index.php\/wp-json\/wp\/v2\/categories?post=3998"},{"taxonomy":"post_tag","embeddable":true,"href":"https:\/\/radioleinewelle.de\/index.php\/wp-json\/wp\/v2\/tags?post=3998"}],"curies":[{"name":"wp","href":"https:\/\/api.w.org\/{rel}","templated":true}]}}