{"id":4003,"date":"2021-01-09T05:15:00","date_gmt":"2021-01-09T04:15:00","guid":{"rendered":"https:\/\/radioleinewelle.de\/?p=4003"},"modified":"2021-01-09T05:15:00","modified_gmt":"2021-01-09T04:15:00","slug":"distanzlernen-und-wechselmodell-cdu-fordert-schnelles-handeln","status":"publish","type":"post","link":"https:\/\/radioleinewelle.de\/index.php\/2021\/01\/09\/distanzlernen-und-wechselmodell-cdu-fordert-schnelles-handeln\/","title":{"rendered":"Distanzlernen und Wechselmodell \u2013 CDU fordert schnelles Handeln"},"content":{"rendered":"\n<p><\/p>\n\n\n\n<p>Die CDU Kreistagsfraktion des Landkreises G\u00f6ttingen begr\u00fc\u00dft die getroffenen Ma\u00dfnahmen f\u00fcr die Schulen und Kindertagesst\u00e4tten, h\u00e4lt sie aber vor dem Hintergrund  des anhaltend hohen Covid-19- Infektionsgeschehens f\u00fcr nicht ausreichend. Die Fraktion teilt dazu mit:<br \/>Gerade junge Menschen durchleben mitunter eine Coronainfektion nahezu symptomfrei. Die Gefahr ist nicht zu untersch\u00e4tzen, dass diese jungen Menschen unbemerkt das Virus weitergeben.<\/p>\n\n\n\n<p>Gleichzeitig fordert die CDU-Fraktion die Kreisleitung und das Land dazu auf, die kommenden drei Wochen daf\u00fcr zu nutzen, alle erforderlichen Ma\u00dfnahmen f\u00fcr den Gesundheitsschutz in den Schulen des Landkreises endlich umzusetzen:<\/p>\n\n\n\n<p>\u2022 Bereits im November hat die Landesregierung angek\u00fcndigt, 45 Millionen Euro zus\u00e4tzlich f\u00fcr personelle Unterst\u00fctzung und Schutzausstattung zur Verf\u00fcgung zu stellen. Von den vollmundig angek\u00fcndigten Plexiglasschutzw\u00e4nden f\u00fcr die Unterrichtsr\u00e4ume und FFP-2-Masken f\u00fcr Lehrkr\u00e4fte ist bis heute nichts in den Schulen angekommen. Hier m\u00fcssen Landrat Reuter und Kreisrat Riethig bei ihren SPD-Parteifreunden in Hannover Druck aus\u00fcben, damit endlich die dringend notwendige Schutzausstattung angeschafft werden kann!<\/p>\n\n\n\n<p>\u2022 Die ebenfalls ab Dezember an die Schulen ausgelieferten I-Pads, die die Schulen im Rahmen des Sofortausstattungsprogramms erhalten haben, sind vom Landkreis G\u00f6ttingen ohne Schutzh\u00fcllen an die Schulen geliefert worden. Der Landkreis als Schultr\u00e4ger muss z\u00fcgig die Schutzh\u00fcllen an die Schulen ausliefern, so dass die Ger\u00e4te an die anspruchsberechtigten Sch\u00fclerinnen und Sch\u00fcler verliehen werden k\u00f6nnen. Wir gehen erneut in eine l\u00e4ngere Phase des Homeschoolings und die daf\u00fcr angeschafften Endger\u00e4te k\u00f6nnen nicht ohne die Schutzh\u00fcllen an die Sch\u00fclerinnen und Sch\u00fcler herausgeben werden.&nbsp;<\/p>\n\n\n\n<p>\u2022 Dar\u00fcber hinaus muss der Landkreis G\u00f6ttingen mit Nachdruck den Breitbandausbau vorantreiben und zeitnah abschlie\u00dfen. Schulen m\u00fcssen endlich an das Glasfasernetz angeschlossen werden und den Zugang zu ad\u00e4quaten Bandbreiten erhalten, um hybride Unterrichtsszenarien wie Szenario B zu erm\u00f6glichen. Noch immer sind auch viele Ortschaften nicht mit schnellen Breitbandanschl\u00fcssen versorgt, sodass w\u00e4hrend des Homeschoolings etliche Sch\u00fclerinnen und Sch\u00fcler abh\u00e4ngt sind. Wenn nur 2 Mbit im Haus ankommen und zwei oder drei Kinder eine Videokonferenz haben, funktioniert nichts mehr. Eine Teilnahme am online-Unterricht ist schlichtweg unm\u00f6glich. Bildungsgerechtigkeit, das zeigt die Coronakrise, h\u00e4ngt auch mit dem verf\u00fcgbaren Internetbandbbreiten zusammen!<\/p>\n\n\n\n<p>\u2022 In der Stadt Duderstadt sind aufgrund der gro\u00dfz\u00fcgigen Initiative des Otto-Bock-Inhabers, Hans-Georg N\u00e4der, 162 Raumluftfilterger\u00e4te f\u00fcr die Schulen angeschafft worden. Diese Initiative ist sehr zu begr\u00fc\u00dfen und lobenswert, darf aber nicht dar\u00fcber hinwegt\u00e4uschen, dass es nicht die Aufgabe der Privatwirtschaft ist, die staatlichen Schulen auszustatten. Hier sind das Land und der Schultr\u00e4ger in der Pflicht, die notwendigen Voraussetzungen f\u00fcr den Gesundheitsschutz zu schaffen.<\/p>\n","protected":false},"excerpt":{"rendered":"<p>Die CDU Kreistagsfraktion des Landkreises G\u00f6ttingen begr\u00fc\u00dft die getroffenen Ma\u00dfnahmen f\u00fcr die Schulen und Kindertagesst\u00e4tten, h\u00e4lt sie aber vor dem Hintergrund des anhaltend hohen Covid-19- Infektionsgeschehens f\u00fcr nicht ausreichend. Die Fraktion teilt dazu mit:Gerade junge Menschen durchleben mitunter eine Coronainfektion nahezu symptomfrei. Die Gefahr ist nicht zu untersch\u00e4tzen, dass diese jungen Menschen unbemerkt das Virus [&hellip;]<\/p>\n","protected":false},"author":1,"featured_media":0,"comment_status":"closed","ping_status":"closed","sticky":false,"template":"","format":"standard","meta":{"saved_in_kubio":false,"footnotes":""},"categories":[23],"tags":[],"class_list":["post-4003","post","type-post","status-publish","format-standard","hentry","category-corona"],"yoast_head":"<!-- This site is optimized with the Yoast SEO plugin v27.5 - https:\/\/yoast.com\/product\/yoast-seo-wordpress\/ -->\n<title>Distanzlernen und Wechselmodell \u2013 CDU fordert schnelles Handeln - Radio Leinewelle<\/title>\n<meta name=\"robots\" content=\"index, follow, max-snippet:-1, max-image-preview:large, max-video-preview:-1\" \/>\n<link rel=\"canonical\" href=\"https:\/\/radioleinewelle.de\/index.php\/2021\/01\/09\/distanzlernen-und-wechselmodell-cdu-fordert-schnelles-handeln\/\" \/>\n<meta property=\"og:locale\" content=\"de_DE\" \/>\n<meta property=\"og:type\" content=\"article\" \/>\n<meta property=\"og:title\" content=\"Distanzlernen und Wechselmodell \u2013 CDU fordert schnelles Handeln - Radio Leinewelle\" \/>\n<meta property=\"og:description\" content=\"Die CDU Kreistagsfraktion des Landkreises G\u00f6ttingen begr\u00fc\u00dft die getroffenen Ma\u00dfnahmen f\u00fcr die Schulen und Kindertagesst\u00e4tten, h\u00e4lt sie aber vor dem Hintergrund des anhaltend hohen Covid-19- Infektionsgeschehens f\u00fcr nicht ausreichend. Die Fraktion teilt dazu mit:Gerade junge Menschen durchleben mitunter eine Coronainfektion nahezu symptomfrei. Die Gefahr ist nicht zu untersch\u00e4tzen, dass diese jungen Menschen unbemerkt das Virus [&hellip;]\" \/>\n<meta property=\"og:url\" content=\"https:\/\/radioleinewelle.de\/index.php\/2021\/01\/09\/distanzlernen-und-wechselmodell-cdu-fordert-schnelles-handeln\/\" \/>\n<meta property=\"og:site_name\" content=\"Radio Leinewelle\" \/>\n<meta property=\"article:publisher\" content=\"https:\/\/www.facebook.com\/radioleinewelle\" \/>\n<meta property=\"article:author\" content=\"https:\/\/www.facebook.com\/radioleinewelle\" \/>\n<meta property=\"article:published_time\" content=\"2021-01-09T04:15:00+00:00\" \/>\n<meta name=\"author\" content=\"Leinewelle\" \/>\n<meta name=\"twitter:card\" content=\"summary_large_image\" \/>\n<meta name=\"twitter:creator\" content=\"@https:\/\/twitter.com\/RLeinewelle?ref_src=twsrcgoogletwcampserptwgrauthor\" \/>\n<meta name=\"twitter:site\" content=\"@RLeinewelle\" \/>\n<meta name=\"twitter:label1\" content=\"Verfasst von\" \/>\n\t<meta name=\"twitter:data1\" content=\"Leinewelle\" \/>\n\t<meta name=\"twitter:label2\" content=\"Gesch\u00e4tzte Lesezeit\" \/>\n\t<meta name=\"twitter:data2\" content=\"2\u00a0Minuten\" \/>\n<script type=\"application\/ld+json\" class=\"yoast-schema-graph\">{\"@context\":\"https:\\\/\\\/schema.org\",\"@graph\":[{\"@type\":\"Article\",\"@id\":\"https:\\\/\\\/radioleinewelle.de\\\/index.php\\\/2021\\\/01\\\/09\\\/distanzlernen-und-wechselmodell-cdu-fordert-schnelles-handeln\\\/#article\",\"isPartOf\":{\"@id\":\"https:\\\/\\\/radioleinewelle.de\\\/index.php\\\/2021\\\/01\\\/09\\\/distanzlernen-und-wechselmodell-cdu-fordert-schnelles-handeln\\\/\"},\"author\":{\"name\":\"Leinewelle\",\"@id\":\"https:\\\/\\\/radioleinewelle.de\\\/#\\\/schema\\\/person\\\/45606f348637df637192dc1b68399a63\"},\"headline\":\"Distanzlernen und Wechselmodell \u2013 CDU fordert schnelles Handeln\",\"datePublished\":\"2021-01-09T04:15:00+00:00\",\"mainEntityOfPage\":{\"@id\":\"https:\\\/\\\/radioleinewelle.de\\\/index.php\\\/2021\\\/01\\\/09\\\/distanzlernen-und-wechselmodell-cdu-fordert-schnelles-handeln\\\/\"},\"wordCount\":460,\"publisher\":{\"@id\":\"https:\\\/\\\/radioleinewelle.de\\\/#organization\"},\"articleSection\":[\"Corona\"],\"inLanguage\":\"de\"},{\"@type\":\"WebPage\",\"@id\":\"https:\\\/\\\/radioleinewelle.de\\\/index.php\\\/2021\\\/01\\\/09\\\/distanzlernen-und-wechselmodell-cdu-fordert-schnelles-handeln\\\/\",\"url\":\"https:\\\/\\\/radioleinewelle.de\\\/index.php\\\/2021\\\/01\\\/09\\\/distanzlernen-und-wechselmodell-cdu-fordert-schnelles-handeln\\\/\",\"name\":\"Distanzlernen und Wechselmodell \u2013 CDU fordert schnelles Handeln - Radio Leinewelle\",\"isPartOf\":{\"@id\":\"https:\\\/\\\/radioleinewelle.de\\\/#website\"},\"datePublished\":\"2021-01-09T04:15:00+00:00\",\"breadcrumb\":{\"@id\":\"https:\\\/\\\/radioleinewelle.de\\\/index.php\\\/2021\\\/01\\\/09\\\/distanzlernen-und-wechselmodell-cdu-fordert-schnelles-handeln\\\/#breadcrumb\"},\"inLanguage\":\"de\",\"potentialAction\":[{\"@type\":\"ReadAction\",\"target\":[\"https:\\\/\\\/radioleinewelle.de\\\/index.php\\\/2021\\\/01\\\/09\\\/distanzlernen-und-wechselmodell-cdu-fordert-schnelles-handeln\\\/\"]}]},{\"@type\":\"BreadcrumbList\",\"@id\":\"https:\\\/\\\/radioleinewelle.de\\\/index.php\\\/2021\\\/01\\\/09\\\/distanzlernen-und-wechselmodell-cdu-fordert-schnelles-handeln\\\/#breadcrumb\",\"itemListElement\":[{\"@type\":\"ListItem\",\"position\":1,\"name\":\"Startseite\",\"item\":\"https:\\\/\\\/radioleinewelle.de\\\/\"},{\"@type\":\"ListItem\",\"position\":2,\"name\":\"Distanzlernen und Wechselmodell \u2013 CDU fordert schnelles Handeln\"}]},{\"@type\":\"WebSite\",\"@id\":\"https:\\\/\\\/radioleinewelle.de\\\/#website\",\"url\":\"https:\\\/\\\/radioleinewelle.de\\\/\",\"name\":\"Radio Leinewelle\",\"description\":\"\",\"publisher\":{\"@id\":\"https:\\\/\\\/radioleinewelle.de\\\/#organization\"},\"potentialAction\":[{\"@type\":\"SearchAction\",\"target\":{\"@type\":\"EntryPoint\",\"urlTemplate\":\"https:\\\/\\\/radioleinewelle.de\\\/?s={search_term_string}\"},\"query-input\":{\"@type\":\"PropertyValueSpecification\",\"valueRequired\":true,\"valueName\":\"search_term_string\"}}],\"inLanguage\":\"de\"},{\"@type\":\"Organization\",\"@id\":\"https:\\\/\\\/radioleinewelle.de\\\/#organization\",\"name\":\"Radio Leinewelle\",\"alternateName\":\"Mein Radio f\u00fcr S\u00fcdniedersachsen\",\"url\":\"https:\\\/\\\/radioleinewelle.de\\\/\",\"logo\":{\"@type\":\"ImageObject\",\"inLanguage\":\"de\",\"@id\":\"https:\\\/\\\/radioleinewelle.de\\\/#\\\/schema\\\/logo\\\/image\\\/\",\"url\":\"https:\\\/\\\/radioleinewelle.de\\\/wp-content\\\/uploads\\\/2023\\\/11\\\/cropped-Leinewelle_Logo_weiss.png\",\"contentUrl\":\"https:\\\/\\\/radioleinewelle.de\\\/wp-content\\\/uploads\\\/2023\\\/11\\\/cropped-Leinewelle_Logo_weiss.png\",\"width\":854,\"height\":260,\"caption\":\"Radio Leinewelle\"},\"image\":{\"@id\":\"https:\\\/\\\/radioleinewelle.de\\\/#\\\/schema\\\/logo\\\/image\\\/\"},\"sameAs\":[\"https:\\\/\\\/www.facebook.com\\\/radioleinewelle\",\"https:\\\/\\\/x.com\\\/RLeinewelle\",\"https:\\\/\\\/www.instagram.com\\\/radioleinewelle\\\/?hl=de\"]},{\"@type\":\"Person\",\"@id\":\"https:\\\/\\\/radioleinewelle.de\\\/#\\\/schema\\\/person\\\/45606f348637df637192dc1b68399a63\",\"name\":\"Leinewelle\",\"image\":{\"@type\":\"ImageObject\",\"inLanguage\":\"de\",\"@id\":\"https:\\\/\\\/secure.gravatar.com\\\/avatar\\\/05c9a17bc973052ee5d91549bd32fb4dd0dc85b7b85ae94b2e2b4943476bbea5?s=96&d=blank&r=g\",\"url\":\"https:\\\/\\\/secure.gravatar.com\\\/avatar\\\/05c9a17bc973052ee5d91549bd32fb4dd0dc85b7b85ae94b2e2b4943476bbea5?s=96&d=blank&r=g\",\"contentUrl\":\"https:\\\/\\\/secure.gravatar.com\\\/avatar\\\/05c9a17bc973052ee5d91549bd32fb4dd0dc85b7b85ae94b2e2b4943476bbea5?s=96&d=blank&r=g\",\"caption\":\"Leinewelle\"},\"sameAs\":[\"http:\\\/\\\/localhost\\\/radio%20leinewelle\\\/wordpress\",\"https:\\\/\\\/www.facebook.com\\\/radioleinewelle\",\"https:\\\/\\\/www.instagram.com\\\/radioleinewelle\",\"https:\\\/\\\/x.com\\\/https:\\\/\\\/twitter.com\\\/RLeinewelle?ref_src=twsrcgoogletwcampserptwgrauthor\",\"https:\\\/\\\/soundcloud.com\\\/foerderverein-lokalradio?utm_source=clipboard&utm_medium=text&utm_campaign=social_sharing\"],\"url\":\"https:\\\/\\\/radioleinewelle.de\\\/index.php\\\/author\\\/leinewelle\\\/\"}]}<\/script>\n<!-- \/ Yoast SEO plugin. -->","yoast_head_json":{"title":"Distanzlernen und Wechselmodell \u2013 CDU fordert schnelles Handeln - Radio Leinewelle","robots":{"index":"index","follow":"follow","max-snippet":"max-snippet:-1","max-image-preview":"max-image-preview:large","max-video-preview":"max-video-preview:-1"},"canonical":"https:\/\/radioleinewelle.de\/index.php\/2021\/01\/09\/distanzlernen-und-wechselmodell-cdu-fordert-schnelles-handeln\/","og_locale":"de_DE","og_type":"article","og_title":"Distanzlernen und Wechselmodell \u2013 CDU fordert schnelles Handeln - Radio Leinewelle","og_description":"Die CDU Kreistagsfraktion des Landkreises G\u00f6ttingen begr\u00fc\u00dft die getroffenen Ma\u00dfnahmen f\u00fcr die Schulen und Kindertagesst\u00e4tten, h\u00e4lt sie aber vor dem Hintergrund des anhaltend hohen Covid-19- Infektionsgeschehens f\u00fcr nicht ausreichend. Die Fraktion teilt dazu mit:Gerade junge Menschen durchleben mitunter eine Coronainfektion nahezu symptomfrei. Die Gefahr ist nicht zu untersch\u00e4tzen, dass diese jungen Menschen unbemerkt das Virus [&hellip;]","og_url":"https:\/\/radioleinewelle.de\/index.php\/2021\/01\/09\/distanzlernen-und-wechselmodell-cdu-fordert-schnelles-handeln\/","og_site_name":"Radio Leinewelle","article_publisher":"https:\/\/www.facebook.com\/radioleinewelle","article_author":"https:\/\/www.facebook.com\/radioleinewelle","article_published_time":"2021-01-09T04:15:00+00:00","author":"Leinewelle","twitter_card":"summary_large_image","twitter_creator":"@https:\/\/twitter.com\/RLeinewelle?ref_src=twsrcgoogletwcampserptwgrauthor","twitter_site":"@RLeinewelle","twitter_misc":{"Verfasst von":"Leinewelle","Gesch\u00e4tzte Lesezeit":"2\u00a0Minuten"},"schema":{"@context":"https:\/\/schema.org","@graph":[{"@type":"Article","@id":"https:\/\/radioleinewelle.de\/index.php\/2021\/01\/09\/distanzlernen-und-wechselmodell-cdu-fordert-schnelles-handeln\/#article","isPartOf":{"@id":"https:\/\/radioleinewelle.de\/index.php\/2021\/01\/09\/distanzlernen-und-wechselmodell-cdu-fordert-schnelles-handeln\/"},"author":{"name":"Leinewelle","@id":"https:\/\/radioleinewelle.de\/#\/schema\/person\/45606f348637df637192dc1b68399a63"},"headline":"Distanzlernen und Wechselmodell \u2013 CDU fordert schnelles Handeln","datePublished":"2021-01-09T04:15:00+00:00","mainEntityOfPage":{"@id":"https:\/\/radioleinewelle.de\/index.php\/2021\/01\/09\/distanzlernen-und-wechselmodell-cdu-fordert-schnelles-handeln\/"},"wordCount":460,"publisher":{"@id":"https:\/\/radioleinewelle.de\/#organization"},"articleSection":["Corona"],"inLanguage":"de"},{"@type":"WebPage","@id":"https:\/\/radioleinewelle.de\/index.php\/2021\/01\/09\/distanzlernen-und-wechselmodell-cdu-fordert-schnelles-handeln\/","url":"https:\/\/radioleinewelle.de\/index.php\/2021\/01\/09\/distanzlernen-und-wechselmodell-cdu-fordert-schnelles-handeln\/","name":"Distanzlernen und Wechselmodell \u2013 CDU fordert schnelles Handeln - Radio Leinewelle","isPartOf":{"@id":"https:\/\/radioleinewelle.de\/#website"},"datePublished":"2021-01-09T04:15:00+00:00","breadcrumb":{"@id":"https:\/\/radioleinewelle.de\/index.php\/2021\/01\/09\/distanzlernen-und-wechselmodell-cdu-fordert-schnelles-handeln\/#breadcrumb"},"inLanguage":"de","potentialAction":[{"@type":"ReadAction","target":["https:\/\/radioleinewelle.de\/index.php\/2021\/01\/09\/distanzlernen-und-wechselmodell-cdu-fordert-schnelles-handeln\/"]}]},{"@type":"BreadcrumbList","@id":"https:\/\/radioleinewelle.de\/index.php\/2021\/01\/09\/distanzlernen-und-wechselmodell-cdu-fordert-schnelles-handeln\/#breadcrumb","itemListElement":[{"@type":"ListItem","position":1,"name":"Startseite","item":"https:\/\/radioleinewelle.de\/"},{"@type":"ListItem","position":2,"name":"Distanzlernen und Wechselmodell \u2013 CDU fordert schnelles Handeln"}]},{"@type":"WebSite","@id":"https:\/\/radioleinewelle.de\/#website","url":"https:\/\/radioleinewelle.de\/","name":"Radio Leinewelle","description":"","publisher":{"@id":"https:\/\/radioleinewelle.de\/#organization"},"potentialAction":[{"@type":"SearchAction","target":{"@type":"EntryPoint","urlTemplate":"https:\/\/radioleinewelle.de\/?s={search_term_string}"},"query-input":{"@type":"PropertyValueSpecification","valueRequired":true,"valueName":"search_term_string"}}],"inLanguage":"de"},{"@type":"Organization","@id":"https:\/\/radioleinewelle.de\/#organization","name":"Radio Leinewelle","alternateName":"Mein Radio f\u00fcr S\u00fcdniedersachsen","url":"https:\/\/radioleinewelle.de\/","logo":{"@type":"ImageObject","inLanguage":"de","@id":"https:\/\/radioleinewelle.de\/#\/schema\/logo\/image\/","url":"https:\/\/radioleinewelle.de\/wp-content\/uploads\/2023\/11\/cropped-Leinewelle_Logo_weiss.png","contentUrl":"https:\/\/radioleinewelle.de\/wp-content\/uploads\/2023\/11\/cropped-Leinewelle_Logo_weiss.png","width":854,"height":260,"caption":"Radio Leinewelle"},"image":{"@id":"https:\/\/radioleinewelle.de\/#\/schema\/logo\/image\/"},"sameAs":["https:\/\/www.facebook.com\/radioleinewelle","https:\/\/x.com\/RLeinewelle","https:\/\/www.instagram.com\/radioleinewelle\/?hl=de"]},{"@type":"Person","@id":"https:\/\/radioleinewelle.de\/#\/schema\/person\/45606f348637df637192dc1b68399a63","name":"Leinewelle","image":{"@type":"ImageObject","inLanguage":"de","@id":"https:\/\/secure.gravatar.com\/avatar\/05c9a17bc973052ee5d91549bd32fb4dd0dc85b7b85ae94b2e2b4943476bbea5?s=96&d=blank&r=g","url":"https:\/\/secure.gravatar.com\/avatar\/05c9a17bc973052ee5d91549bd32fb4dd0dc85b7b85ae94b2e2b4943476bbea5?s=96&d=blank&r=g","contentUrl":"https:\/\/secure.gravatar.com\/avatar\/05c9a17bc973052ee5d91549bd32fb4dd0dc85b7b85ae94b2e2b4943476bbea5?s=96&d=blank&r=g","caption":"Leinewelle"},"sameAs":["http:\/\/localhost\/radio%20leinewelle\/wordpress","https:\/\/www.facebook.com\/radioleinewelle","https:\/\/www.instagram.com\/radioleinewelle","https:\/\/x.com\/https:\/\/twitter.com\/RLeinewelle?ref_src=twsrcgoogletwcampserptwgrauthor","https:\/\/soundcloud.com\/foerderverein-lokalradio?utm_source=clipboard&utm_medium=text&utm_campaign=social_sharing"],"url":"https:\/\/radioleinewelle.de\/index.php\/author\/leinewelle\/"}]}},"_links":{"self":[{"href":"https:\/\/radioleinewelle.de\/index.php\/wp-json\/wp\/v2\/posts\/4003","targetHints":{"allow":["GET"]}}],"collection":[{"href":"https:\/\/radioleinewelle.de\/index.php\/wp-json\/wp\/v2\/posts"}],"about":[{"href":"https:\/\/radioleinewelle.de\/index.php\/wp-json\/wp\/v2\/types\/post"}],"author":[{"embeddable":true,"href":"https:\/\/radioleinewelle.de\/index.php\/wp-json\/wp\/v2\/users\/1"}],"replies":[{"embeddable":true,"href":"https:\/\/radioleinewelle.de\/index.php\/wp-json\/wp\/v2\/comments?post=4003"}],"version-history":[{"count":0,"href":"https:\/\/radioleinewelle.de\/index.php\/wp-json\/wp\/v2\/posts\/4003\/revisions"}],"wp:attachment":[{"href":"https:\/\/radioleinewelle.de\/index.php\/wp-json\/wp\/v2\/media?parent=4003"}],"wp:term":[{"taxonomy":"category","embeddable":true,"href":"https:\/\/radioleinewelle.de\/index.php\/wp-json\/wp\/v2\/categories?post=4003"},{"taxonomy":"post_tag","embeddable":true,"href":"https:\/\/radioleinewelle.de\/index.php\/wp-json\/wp\/v2\/tags?post=4003"}],"curies":[{"name":"wp","href":"https:\/\/api.w.org\/{rel}","templated":true}]}}