{"id":4014,"date":"2021-01-09T05:18:52","date_gmt":"2021-01-09T04:18:52","guid":{"rendered":"https:\/\/radioleinewelle.de\/?p=4014"},"modified":"2021-01-09T05:18:52","modified_gmt":"2021-01-09T04:18:52","slug":"coronalage-in-suedniedersachsen-und-im-eichsfeld-am-09-01-21","status":"publish","type":"post","link":"https:\/\/radioleinewelle.de\/index.php\/2021\/01\/09\/coronalage-in-suedniedersachsen-und-im-eichsfeld-am-09-01-21\/","title":{"rendered":"Coronalage in S\u00fcdniedersachsen und im Eichsfeld am 09.01.21"},"content":{"rendered":"\n<p id=\"block-47382d5b-fef8-4216-890b-e26dbd8ef084\">Neu in der t\u00e4glichen \u00dcbersicht ist die l\u00e4nderbezogene Impfquote. Zur Zeit ist Niedersachsen bei den durchgef\u00fchrte COVID-19-Impfungen auf Bundeslandebene pro 1.000 Einwohnern mit 4,0 %. Th\u00fcringen liegt bei 3,7 %, Hessen bei 7,3 %.<\/p>\n\n\n\n<p id=\"block-78bab253-44c7-4943-a254-4e78cb026125\">Die Inzidenzzahlen (Quelle RKI) in S\u00fcdniedersachsen sind im Vergleich zur Vorwoche in den einzelnen Landkreisen deutlich h\u00f6her, d.h. \u00fcber dem Grenzwert von 50. Die aktuellen Zahlen im Detail:<br \/><strong>Die Landkreise:<\/strong><br \/>G\u00f6ttingen 70,5, Northeim 66,5, Goslar 76,3, Holzminden 83,7, <strong>H\u00f6xter<\/strong> <strong>240,3.<\/strong>&nbsp;Der Durchschnitt in Niedersachsen liegt bei 101,5, der Bundesdurchschnitt steigt auf 153,9, die <strong>bundesweite Zahl der Corona Neuinfektionen steigt um 24694, die Sterbef\u00e4lle steigen bundesweit um 1083 Tote<\/strong> zum Vortag.<br \/>Der Anteil der COVID-19 Patienten an der Gesamtzahl der Intensivbetten in Niedersachsen liegt bei 13,8 %. Dies sagt nichts \u00fcber die aktuelle lokale Situation aus, die abh\u00e4ngig vom Infektionsgeschehen und der Verf\u00fcgbarkeit von Fachpersonal ist. In G\u00f6ttingen sind die Verf\u00fcgbarkeiten von Intensivbetten an der UMG &nbsp;ausreichend und im Evangelischen Krankenhaus Lenglern im High Care Bereich laut Intensivregister begrenzt. Es gibt erste \u00dcbernahmen von Patienten aus anderen Bundesl\u00e4ndern.<\/p>\n\n\n\n<p id=\"block-fa531dcf-ec9a-4e2e-abc3-9e11258621d9\"><strong>Die Zahlen im Eichsfeld: der Inzidenzwert liegt hier bei aktuell 374,0. <\/strong>&nbsp;<strong>Der Landkreis Eichsfeld teilt mit: die Gesamtzahl der aktuell Infizierten 765, Verstorbene 85 &nbsp;(Stand 08.01.).&nbsp;<\/strong>Die tagesaktuelle Zuordnung der Neuinfektionen auf Orte ist derzeit nicht m\u00f6glich, weshalb bis auf weiteres von dieser Darstellung abgesehen wird.&nbsp;Aufgrund der hohen Fallzahlen der Neuinfektionen kann es aktuell bis zu drei Tage dauern bis das Gesundheitsamt Kontaktpersonen positiv getesteter Personen telefonisch kontaktiert. Deshalb werden alle B\u00fcrgerinnen und B\u00fcrger dringend aufgefordert, sich in Quarant\u00e4ne zu begeben, wenn sie Kontakt (mindestens 15 Minuten, weniger als 1,5 m Abstand ohne Mund-Nasen-Bedeckung) zu einer positiv getesteten Person hatten.<br \/>Aktuelle Meldungen auf der Seite des <a href=\"https:\/\/www.kreis-eic.de\/informationen-zum-coronavirus.html\">Landkreises Eichsfeld<\/a><\/p>\n\n\n\n<p id=\"block-90104256-a2a8-456f-9f5e-f05657dcb54d\"><strong>Die Stadt Heiligenstadt<\/strong> warnt vor Falschinformationen rund um Corona und ruft dazu auf, nur offizielle Quellen zu nutzen.<\/p>\n\n\n\n<p id=\"block-4fe5d83c-61b2-4517-ba11-12f89faf994e\"><strong>Die Stadt Duderstadt teilt mit (06.01.):<\/strong><br \/>Seit heute ist eine Allgemeinverf\u00fcgung des Gesundheitsamtes f\u00fcr die Stadt und den Landkreis G\u00f6ttingen in Kraft getreten. Danach d\u00fcrfen die im Folgenden genannten Einrichtungen von den Bewohnerinnen und Bewohnern nur noch nach einem negativen Antigen-Testergebnis auf das Corona-Virus SARS-CoV-2 verlassen werden:<br \/>a) Altenpflege- und Senioren-Wohnheim Am Park GmbH, L\u00f6wengasse 2, 37115 Duderstadt<br \/>b) Hollenbach-Stiftung, Adenauerring 2, 37115 Duderstadt<br \/>Die Testungen werden vor Ort durch geschultes Personal der jeweiligen Einrichtungen vorgenommen.<br \/>Die Regelungen gelten zun\u00e4chst bis zum 19.01.2021. Eine Verl\u00e4ngerung beh\u00e4lt sich das Gesundheitsamt vor. Die vollst\u00e4ndige Allgemeinverf\u00fcgung finden Sie&nbsp;<a rel=\"noreferrer noopener\" href=\"https:\/\/www.duderstadt.de\/downloads\/datei\/OTAwMDAxMzUwOy07L3Vzci9sb2NhbC9odHRwZC92aHRkb2NzL2xrZ29ldHRpbmdlbi9kdWRlcnN0YWR0L21lZGllbi9kb2t1bWVudGUvMjAyMV8wMV8wNV9hbXRzYmxhdHRfbGFuZGtyZWlzX2dvZXR0aW5nZW5fbnIuXzFfdm9tXzA1LjAxLjIwMjEucGRm\" target=\"_blank\">hier.<\/a><br \/><strong>Es liegen neue Informationen zur Kindernotbetreuung ab dem 11.01. vor.<\/strong> <a href=\"https:\/\/www.duderstadt.de\/portal\/seiten\/liveticker-zum-coronavirus-900000219-25420.html?rubrik=900000003\">hier<\/a><\/p>\n\n\n\n<p><\/p>\n\n\n\n<p><strong>(08.01.)<\/strong> 561 Menschen in <strong>Stadt und Landkreis G\u00f6ttingen<\/strong> sind aktuell mit dem SARS-CoV-2-Virus infiziert. Der Inzidenzwert liegt laut ma\u00dfgeblichem Lagebericht des Landes heute bei 64,7. Die Gesamtzahl bislang best\u00e4tigter Covid-19 F\u00e4lle im Landkreis G\u00f6ttingen steigt auf 4.096. Davon gelten 3.409 Personen als von der Infektion genesen, 126 Menschen sind in Verbindung mit Covid-19 gestorben.<\/p>\n\n\n\n<h5 class=\"wp-block-heading\">Lage in St\u00e4dten und Gemeinden (Gesamtzahl F\u00e4lle \/ akut Infizierte)<\/h5>\n\n\n\n<ul class=\"wp-block-list\"><li>Flecken Adelebsen (63 \/ 14)<\/li><li>Gemeinde Bad Grund (Harz) (85 \/ 7)<\/li><li>Stadt Bad Lauterberg im Harz (149 \/ 15)<\/li><li>Stadt Bad Sachsa (115 \/ 4)<\/li><li>Flecken Bovenden (86 \/ 14)<\/li><li>Samtgemeinde Dransfeld (58 \/ 8)<\/li><li><strong>Stadt Duderstadt (530 \/ 150)<\/strong><\/li><li>Gemeinde Friedland (86 \/ 9)<\/li><li>Samtgemeinde Gieboldehausen (159 \/ 40)<\/li><li>Gemeinde Gleichen (75 \/ 3)<\/li><li>Stadt G\u00f6ttingen (1.327 \/ 140)<\/li><li>Stadt Hann. M\u00fcnden (443 \/ 52)<\/li><li>Samtgemeinde Hattorf am Harz (100 \/ 8)<\/li><li>Stadt Herzberg am Harz (324 \/ 16)<\/li><li>Stadt Osterode am Harz (215 \/ 19)<\/li><li>Samtgemeinde Radolfshausen (33 \/ 5)<\/li><li>Gemeinde Rosdorf (108 \/ 13)<\/li><li>Gemeinde Staufenberg (81 \/ 18)<\/li><li>Gemeinde Walkenried (59 \/ 26)<\/li><\/ul>\n\n\n\n<p><\/p>\n","protected":false},"excerpt":{"rendered":"<p>Neu in der t\u00e4glichen \u00dcbersicht ist die l\u00e4nderbezogene Impfquote. Zur Zeit ist Niedersachsen bei den durchgef\u00fchrte COVID-19-Impfungen auf Bundeslandebene pro 1.000 Einwohnern mit 4,0 %. Th\u00fcringen liegt bei 3,7 %, Hessen bei 7,3 %. Die Inzidenzzahlen (Quelle RKI) in S\u00fcdniedersachsen sind im Vergleich zur Vorwoche in den einzelnen Landkreisen deutlich h\u00f6her, d.h. \u00fcber dem Grenzwert [&hellip;]<\/p>\n","protected":false},"author":1,"featured_media":3778,"comment_status":"closed","ping_status":"closed","sticky":false,"template":"","format":"standard","meta":{"saved_in_kubio":false,"footnotes":""},"categories":[23],"tags":[],"class_list":["post-4014","post","type-post","status-publish","format-standard","has-post-thumbnail","hentry","category-corona"],"yoast_head":"<!-- This site is optimized with the Yoast SEO plugin v27.5 - https:\/\/yoast.com\/product\/yoast-seo-wordpress\/ -->\n<title>Coronalage in S\u00fcdniedersachsen und im Eichsfeld am 09.01.21 - Radio Leinewelle<\/title>\n<meta name=\"robots\" content=\"index, follow, max-snippet:-1, max-image-preview:large, max-video-preview:-1\" \/>\n<link rel=\"canonical\" href=\"https:\/\/radioleinewelle.de\/index.php\/2021\/01\/09\/coronalage-in-suedniedersachsen-und-im-eichsfeld-am-09-01-21\/\" \/>\n<meta property=\"og:locale\" content=\"de_DE\" \/>\n<meta property=\"og:type\" content=\"article\" \/>\n<meta property=\"og:title\" content=\"Coronalage in S\u00fcdniedersachsen und im Eichsfeld am 09.01.21 - Radio Leinewelle\" \/>\n<meta property=\"og:description\" content=\"Neu in der t\u00e4glichen \u00dcbersicht ist die l\u00e4nderbezogene Impfquote. Zur Zeit ist Niedersachsen bei den durchgef\u00fchrte COVID-19-Impfungen auf Bundeslandebene pro 1.000 Einwohnern mit 4,0 %. Th\u00fcringen liegt bei 3,7 %, Hessen bei 7,3 %. Die Inzidenzzahlen (Quelle RKI) in S\u00fcdniedersachsen sind im Vergleich zur Vorwoche in den einzelnen Landkreisen deutlich h\u00f6her, d.h. \u00fcber dem Grenzwert [&hellip;]\" \/>\n<meta property=\"og:url\" content=\"https:\/\/radioleinewelle.de\/index.php\/2021\/01\/09\/coronalage-in-suedniedersachsen-und-im-eichsfeld-am-09-01-21\/\" \/>\n<meta property=\"og:site_name\" content=\"Radio Leinewelle\" \/>\n<meta property=\"article:publisher\" content=\"https:\/\/www.facebook.com\/radioleinewelle\" \/>\n<meta property=\"article:author\" content=\"https:\/\/www.facebook.com\/radioleinewelle\" \/>\n<meta property=\"article:published_time\" content=\"2021-01-09T04:18:52+00:00\" \/>\n<meta property=\"og:image\" content=\"https:\/\/radioleinewelle.de\/wp-content\/uploads\/2020\/12\/coronavirus-4833754_640.jpg\" \/>\n\t<meta property=\"og:image:width\" content=\"640\" \/>\n\t<meta property=\"og:image:height\" content=\"320\" \/>\n\t<meta property=\"og:image:type\" content=\"image\/jpeg\" \/>\n<meta name=\"author\" content=\"Leinewelle\" \/>\n<meta name=\"twitter:card\" content=\"summary_large_image\" \/>\n<meta name=\"twitter:creator\" content=\"@https:\/\/twitter.com\/RLeinewelle?ref_src=twsrcgoogletwcampserptwgrauthor\" \/>\n<meta name=\"twitter:site\" content=\"@RLeinewelle\" \/>\n<meta name=\"twitter:label1\" content=\"Verfasst von\" \/>\n\t<meta name=\"twitter:data1\" content=\"Leinewelle\" \/>\n\t<meta name=\"twitter:label2\" content=\"Gesch\u00e4tzte Lesezeit\" \/>\n\t<meta name=\"twitter:data2\" content=\"3\u00a0Minuten\" \/>\n<script type=\"application\/ld+json\" class=\"yoast-schema-graph\">{\"@context\":\"https:\\\/\\\/schema.org\",\"@graph\":[{\"@type\":\"Article\",\"@id\":\"https:\\\/\\\/radioleinewelle.de\\\/index.php\\\/2021\\\/01\\\/09\\\/coronalage-in-suedniedersachsen-und-im-eichsfeld-am-09-01-21\\\/#article\",\"isPartOf\":{\"@id\":\"https:\\\/\\\/radioleinewelle.de\\\/index.php\\\/2021\\\/01\\\/09\\\/coronalage-in-suedniedersachsen-und-im-eichsfeld-am-09-01-21\\\/\"},\"author\":{\"name\":\"Leinewelle\",\"@id\":\"https:\\\/\\\/radioleinewelle.de\\\/#\\\/schema\\\/person\\\/45606f348637df637192dc1b68399a63\"},\"headline\":\"Coronalage in S\u00fcdniedersachsen und im Eichsfeld am 09.01.21\",\"datePublished\":\"2021-01-09T04:18:52+00:00\",\"mainEntityOfPage\":{\"@id\":\"https:\\\/\\\/radioleinewelle.de\\\/index.php\\\/2021\\\/01\\\/09\\\/coronalage-in-suedniedersachsen-und-im-eichsfeld-am-09-01-21\\\/\"},\"wordCount\":534,\"publisher\":{\"@id\":\"https:\\\/\\\/radioleinewelle.de\\\/#organization\"},\"image\":{\"@id\":\"https:\\\/\\\/radioleinewelle.de\\\/index.php\\\/2021\\\/01\\\/09\\\/coronalage-in-suedniedersachsen-und-im-eichsfeld-am-09-01-21\\\/#primaryimage\"},\"thumbnailUrl\":\"https:\\\/\\\/radioleinewelle.de\\\/wp-content\\\/uploads\\\/2020\\\/12\\\/coronavirus-4833754_640.jpg\",\"articleSection\":[\"Corona\"],\"inLanguage\":\"de\"},{\"@type\":\"WebPage\",\"@id\":\"https:\\\/\\\/radioleinewelle.de\\\/index.php\\\/2021\\\/01\\\/09\\\/coronalage-in-suedniedersachsen-und-im-eichsfeld-am-09-01-21\\\/\",\"url\":\"https:\\\/\\\/radioleinewelle.de\\\/index.php\\\/2021\\\/01\\\/09\\\/coronalage-in-suedniedersachsen-und-im-eichsfeld-am-09-01-21\\\/\",\"name\":\"Coronalage in S\u00fcdniedersachsen und im Eichsfeld am 09.01.21 - Radio Leinewelle\",\"isPartOf\":{\"@id\":\"https:\\\/\\\/radioleinewelle.de\\\/#website\"},\"primaryImageOfPage\":{\"@id\":\"https:\\\/\\\/radioleinewelle.de\\\/index.php\\\/2021\\\/01\\\/09\\\/coronalage-in-suedniedersachsen-und-im-eichsfeld-am-09-01-21\\\/#primaryimage\"},\"image\":{\"@id\":\"https:\\\/\\\/radioleinewelle.de\\\/index.php\\\/2021\\\/01\\\/09\\\/coronalage-in-suedniedersachsen-und-im-eichsfeld-am-09-01-21\\\/#primaryimage\"},\"thumbnailUrl\":\"https:\\\/\\\/radioleinewelle.de\\\/wp-content\\\/uploads\\\/2020\\\/12\\\/coronavirus-4833754_640.jpg\",\"datePublished\":\"2021-01-09T04:18:52+00:00\",\"breadcrumb\":{\"@id\":\"https:\\\/\\\/radioleinewelle.de\\\/index.php\\\/2021\\\/01\\\/09\\\/coronalage-in-suedniedersachsen-und-im-eichsfeld-am-09-01-21\\\/#breadcrumb\"},\"inLanguage\":\"de\",\"potentialAction\":[{\"@type\":\"ReadAction\",\"target\":[\"https:\\\/\\\/radioleinewelle.de\\\/index.php\\\/2021\\\/01\\\/09\\\/coronalage-in-suedniedersachsen-und-im-eichsfeld-am-09-01-21\\\/\"]}]},{\"@type\":\"ImageObject\",\"inLanguage\":\"de\",\"@id\":\"https:\\\/\\\/radioleinewelle.de\\\/index.php\\\/2021\\\/01\\\/09\\\/coronalage-in-suedniedersachsen-und-im-eichsfeld-am-09-01-21\\\/#primaryimage\",\"url\":\"https:\\\/\\\/radioleinewelle.de\\\/wp-content\\\/uploads\\\/2020\\\/12\\\/coronavirus-4833754_640.jpg\",\"contentUrl\":\"https:\\\/\\\/radioleinewelle.de\\\/wp-content\\\/uploads\\\/2020\\\/12\\\/coronavirus-4833754_640.jpg\",\"width\":640,\"height\":320},{\"@type\":\"BreadcrumbList\",\"@id\":\"https:\\\/\\\/radioleinewelle.de\\\/index.php\\\/2021\\\/01\\\/09\\\/coronalage-in-suedniedersachsen-und-im-eichsfeld-am-09-01-21\\\/#breadcrumb\",\"itemListElement\":[{\"@type\":\"ListItem\",\"position\":1,\"name\":\"Startseite\",\"item\":\"https:\\\/\\\/radioleinewelle.de\\\/\"},{\"@type\":\"ListItem\",\"position\":2,\"name\":\"Coronalage in S\u00fcdniedersachsen und im Eichsfeld am 09.01.21\"}]},{\"@type\":\"WebSite\",\"@id\":\"https:\\\/\\\/radioleinewelle.de\\\/#website\",\"url\":\"https:\\\/\\\/radioleinewelle.de\\\/\",\"name\":\"Radio Leinewelle\",\"description\":\"\",\"publisher\":{\"@id\":\"https:\\\/\\\/radioleinewelle.de\\\/#organization\"},\"potentialAction\":[{\"@type\":\"SearchAction\",\"target\":{\"@type\":\"EntryPoint\",\"urlTemplate\":\"https:\\\/\\\/radioleinewelle.de\\\/?s={search_term_string}\"},\"query-input\":{\"@type\":\"PropertyValueSpecification\",\"valueRequired\":true,\"valueName\":\"search_term_string\"}}],\"inLanguage\":\"de\"},{\"@type\":\"Organization\",\"@id\":\"https:\\\/\\\/radioleinewelle.de\\\/#organization\",\"name\":\"Radio Leinewelle\",\"alternateName\":\"Mein Radio f\u00fcr S\u00fcdniedersachsen\",\"url\":\"https:\\\/\\\/radioleinewelle.de\\\/\",\"logo\":{\"@type\":\"ImageObject\",\"inLanguage\":\"de\",\"@id\":\"https:\\\/\\\/radioleinewelle.de\\\/#\\\/schema\\\/logo\\\/image\\\/\",\"url\":\"https:\\\/\\\/radioleinewelle.de\\\/wp-content\\\/uploads\\\/2023\\\/11\\\/cropped-Leinewelle_Logo_weiss.png\",\"contentUrl\":\"https:\\\/\\\/radioleinewelle.de\\\/wp-content\\\/uploads\\\/2023\\\/11\\\/cropped-Leinewelle_Logo_weiss.png\",\"width\":854,\"height\":260,\"caption\":\"Radio Leinewelle\"},\"image\":{\"@id\":\"https:\\\/\\\/radioleinewelle.de\\\/#\\\/schema\\\/logo\\\/image\\\/\"},\"sameAs\":[\"https:\\\/\\\/www.facebook.com\\\/radioleinewelle\",\"https:\\\/\\\/x.com\\\/RLeinewelle\",\"https:\\\/\\\/www.instagram.com\\\/radioleinewelle\\\/?hl=de\"]},{\"@type\":\"Person\",\"@id\":\"https:\\\/\\\/radioleinewelle.de\\\/#\\\/schema\\\/person\\\/45606f348637df637192dc1b68399a63\",\"name\":\"Leinewelle\",\"image\":{\"@type\":\"ImageObject\",\"inLanguage\":\"de\",\"@id\":\"https:\\\/\\\/secure.gravatar.com\\\/avatar\\\/05c9a17bc973052ee5d91549bd32fb4dd0dc85b7b85ae94b2e2b4943476bbea5?s=96&d=blank&r=g\",\"url\":\"https:\\\/\\\/secure.gravatar.com\\\/avatar\\\/05c9a17bc973052ee5d91549bd32fb4dd0dc85b7b85ae94b2e2b4943476bbea5?s=96&d=blank&r=g\",\"contentUrl\":\"https:\\\/\\\/secure.gravatar.com\\\/avatar\\\/05c9a17bc973052ee5d91549bd32fb4dd0dc85b7b85ae94b2e2b4943476bbea5?s=96&d=blank&r=g\",\"caption\":\"Leinewelle\"},\"sameAs\":[\"http:\\\/\\\/localhost\\\/radio%20leinewelle\\\/wordpress\",\"https:\\\/\\\/www.facebook.com\\\/radioleinewelle\",\"https:\\\/\\\/www.instagram.com\\\/radioleinewelle\",\"https:\\\/\\\/x.com\\\/https:\\\/\\\/twitter.com\\\/RLeinewelle?ref_src=twsrcgoogletwcampserptwgrauthor\",\"https:\\\/\\\/soundcloud.com\\\/foerderverein-lokalradio?utm_source=clipboard&utm_medium=text&utm_campaign=social_sharing\"],\"url\":\"https:\\\/\\\/radioleinewelle.de\\\/index.php\\\/author\\\/leinewelle\\\/\"}]}<\/script>\n<!-- \/ Yoast SEO plugin. -->","yoast_head_json":{"title":"Coronalage in S\u00fcdniedersachsen und im Eichsfeld am 09.01.21 - Radio Leinewelle","robots":{"index":"index","follow":"follow","max-snippet":"max-snippet:-1","max-image-preview":"max-image-preview:large","max-video-preview":"max-video-preview:-1"},"canonical":"https:\/\/radioleinewelle.de\/index.php\/2021\/01\/09\/coronalage-in-suedniedersachsen-und-im-eichsfeld-am-09-01-21\/","og_locale":"de_DE","og_type":"article","og_title":"Coronalage in S\u00fcdniedersachsen und im Eichsfeld am 09.01.21 - Radio Leinewelle","og_description":"Neu in der t\u00e4glichen \u00dcbersicht ist die l\u00e4nderbezogene Impfquote. Zur Zeit ist Niedersachsen bei den durchgef\u00fchrte COVID-19-Impfungen auf Bundeslandebene pro 1.000 Einwohnern mit 4,0 %. Th\u00fcringen liegt bei 3,7 %, Hessen bei 7,3 %. Die Inzidenzzahlen (Quelle RKI) in S\u00fcdniedersachsen sind im Vergleich zur Vorwoche in den einzelnen Landkreisen deutlich h\u00f6her, d.h. \u00fcber dem Grenzwert [&hellip;]","og_url":"https:\/\/radioleinewelle.de\/index.php\/2021\/01\/09\/coronalage-in-suedniedersachsen-und-im-eichsfeld-am-09-01-21\/","og_site_name":"Radio Leinewelle","article_publisher":"https:\/\/www.facebook.com\/radioleinewelle","article_author":"https:\/\/www.facebook.com\/radioleinewelle","article_published_time":"2021-01-09T04:18:52+00:00","og_image":[{"width":640,"height":320,"url":"https:\/\/radioleinewelle.de\/wp-content\/uploads\/2020\/12\/coronavirus-4833754_640.jpg","type":"image\/jpeg"}],"author":"Leinewelle","twitter_card":"summary_large_image","twitter_creator":"@https:\/\/twitter.com\/RLeinewelle?ref_src=twsrcgoogletwcampserptwgrauthor","twitter_site":"@RLeinewelle","twitter_misc":{"Verfasst von":"Leinewelle","Gesch\u00e4tzte Lesezeit":"3\u00a0Minuten"},"schema":{"@context":"https:\/\/schema.org","@graph":[{"@type":"Article","@id":"https:\/\/radioleinewelle.de\/index.php\/2021\/01\/09\/coronalage-in-suedniedersachsen-und-im-eichsfeld-am-09-01-21\/#article","isPartOf":{"@id":"https:\/\/radioleinewelle.de\/index.php\/2021\/01\/09\/coronalage-in-suedniedersachsen-und-im-eichsfeld-am-09-01-21\/"},"author":{"name":"Leinewelle","@id":"https:\/\/radioleinewelle.de\/#\/schema\/person\/45606f348637df637192dc1b68399a63"},"headline":"Coronalage in S\u00fcdniedersachsen und im Eichsfeld am 09.01.21","datePublished":"2021-01-09T04:18:52+00:00","mainEntityOfPage":{"@id":"https:\/\/radioleinewelle.de\/index.php\/2021\/01\/09\/coronalage-in-suedniedersachsen-und-im-eichsfeld-am-09-01-21\/"},"wordCount":534,"publisher":{"@id":"https:\/\/radioleinewelle.de\/#organization"},"image":{"@id":"https:\/\/radioleinewelle.de\/index.php\/2021\/01\/09\/coronalage-in-suedniedersachsen-und-im-eichsfeld-am-09-01-21\/#primaryimage"},"thumbnailUrl":"https:\/\/radioleinewelle.de\/wp-content\/uploads\/2020\/12\/coronavirus-4833754_640.jpg","articleSection":["Corona"],"inLanguage":"de"},{"@type":"WebPage","@id":"https:\/\/radioleinewelle.de\/index.php\/2021\/01\/09\/coronalage-in-suedniedersachsen-und-im-eichsfeld-am-09-01-21\/","url":"https:\/\/radioleinewelle.de\/index.php\/2021\/01\/09\/coronalage-in-suedniedersachsen-und-im-eichsfeld-am-09-01-21\/","name":"Coronalage in S\u00fcdniedersachsen und im Eichsfeld am 09.01.21 - Radio Leinewelle","isPartOf":{"@id":"https:\/\/radioleinewelle.de\/#website"},"primaryImageOfPage":{"@id":"https:\/\/radioleinewelle.de\/index.php\/2021\/01\/09\/coronalage-in-suedniedersachsen-und-im-eichsfeld-am-09-01-21\/#primaryimage"},"image":{"@id":"https:\/\/radioleinewelle.de\/index.php\/2021\/01\/09\/coronalage-in-suedniedersachsen-und-im-eichsfeld-am-09-01-21\/#primaryimage"},"thumbnailUrl":"https:\/\/radioleinewelle.de\/wp-content\/uploads\/2020\/12\/coronavirus-4833754_640.jpg","datePublished":"2021-01-09T04:18:52+00:00","breadcrumb":{"@id":"https:\/\/radioleinewelle.de\/index.php\/2021\/01\/09\/coronalage-in-suedniedersachsen-und-im-eichsfeld-am-09-01-21\/#breadcrumb"},"inLanguage":"de","potentialAction":[{"@type":"ReadAction","target":["https:\/\/radioleinewelle.de\/index.php\/2021\/01\/09\/coronalage-in-suedniedersachsen-und-im-eichsfeld-am-09-01-21\/"]}]},{"@type":"ImageObject","inLanguage":"de","@id":"https:\/\/radioleinewelle.de\/index.php\/2021\/01\/09\/coronalage-in-suedniedersachsen-und-im-eichsfeld-am-09-01-21\/#primaryimage","url":"https:\/\/radioleinewelle.de\/wp-content\/uploads\/2020\/12\/coronavirus-4833754_640.jpg","contentUrl":"https:\/\/radioleinewelle.de\/wp-content\/uploads\/2020\/12\/coronavirus-4833754_640.jpg","width":640,"height":320},{"@type":"BreadcrumbList","@id":"https:\/\/radioleinewelle.de\/index.php\/2021\/01\/09\/coronalage-in-suedniedersachsen-und-im-eichsfeld-am-09-01-21\/#breadcrumb","itemListElement":[{"@type":"ListItem","position":1,"name":"Startseite","item":"https:\/\/radioleinewelle.de\/"},{"@type":"ListItem","position":2,"name":"Coronalage in S\u00fcdniedersachsen und im Eichsfeld am 09.01.21"}]},{"@type":"WebSite","@id":"https:\/\/radioleinewelle.de\/#website","url":"https:\/\/radioleinewelle.de\/","name":"Radio Leinewelle","description":"","publisher":{"@id":"https:\/\/radioleinewelle.de\/#organization"},"potentialAction":[{"@type":"SearchAction","target":{"@type":"EntryPoint","urlTemplate":"https:\/\/radioleinewelle.de\/?s={search_term_string}"},"query-input":{"@type":"PropertyValueSpecification","valueRequired":true,"valueName":"search_term_string"}}],"inLanguage":"de"},{"@type":"Organization","@id":"https:\/\/radioleinewelle.de\/#organization","name":"Radio Leinewelle","alternateName":"Mein Radio f\u00fcr S\u00fcdniedersachsen","url":"https:\/\/radioleinewelle.de\/","logo":{"@type":"ImageObject","inLanguage":"de","@id":"https:\/\/radioleinewelle.de\/#\/schema\/logo\/image\/","url":"https:\/\/radioleinewelle.de\/wp-content\/uploads\/2023\/11\/cropped-Leinewelle_Logo_weiss.png","contentUrl":"https:\/\/radioleinewelle.de\/wp-content\/uploads\/2023\/11\/cropped-Leinewelle_Logo_weiss.png","width":854,"height":260,"caption":"Radio Leinewelle"},"image":{"@id":"https:\/\/radioleinewelle.de\/#\/schema\/logo\/image\/"},"sameAs":["https:\/\/www.facebook.com\/radioleinewelle","https:\/\/x.com\/RLeinewelle","https:\/\/www.instagram.com\/radioleinewelle\/?hl=de"]},{"@type":"Person","@id":"https:\/\/radioleinewelle.de\/#\/schema\/person\/45606f348637df637192dc1b68399a63","name":"Leinewelle","image":{"@type":"ImageObject","inLanguage":"de","@id":"https:\/\/secure.gravatar.com\/avatar\/05c9a17bc973052ee5d91549bd32fb4dd0dc85b7b85ae94b2e2b4943476bbea5?s=96&d=blank&r=g","url":"https:\/\/secure.gravatar.com\/avatar\/05c9a17bc973052ee5d91549bd32fb4dd0dc85b7b85ae94b2e2b4943476bbea5?s=96&d=blank&r=g","contentUrl":"https:\/\/secure.gravatar.com\/avatar\/05c9a17bc973052ee5d91549bd32fb4dd0dc85b7b85ae94b2e2b4943476bbea5?s=96&d=blank&r=g","caption":"Leinewelle"},"sameAs":["http:\/\/localhost\/radio%20leinewelle\/wordpress","https:\/\/www.facebook.com\/radioleinewelle","https:\/\/www.instagram.com\/radioleinewelle","https:\/\/x.com\/https:\/\/twitter.com\/RLeinewelle?ref_src=twsrcgoogletwcampserptwgrauthor","https:\/\/soundcloud.com\/foerderverein-lokalradio?utm_source=clipboard&utm_medium=text&utm_campaign=social_sharing"],"url":"https:\/\/radioleinewelle.de\/index.php\/author\/leinewelle\/"}]}},"_links":{"self":[{"href":"https:\/\/radioleinewelle.de\/index.php\/wp-json\/wp\/v2\/posts\/4014","targetHints":{"allow":["GET"]}}],"collection":[{"href":"https:\/\/radioleinewelle.de\/index.php\/wp-json\/wp\/v2\/posts"}],"about":[{"href":"https:\/\/radioleinewelle.de\/index.php\/wp-json\/wp\/v2\/types\/post"}],"author":[{"embeddable":true,"href":"https:\/\/radioleinewelle.de\/index.php\/wp-json\/wp\/v2\/users\/1"}],"replies":[{"embeddable":true,"href":"https:\/\/radioleinewelle.de\/index.php\/wp-json\/wp\/v2\/comments?post=4014"}],"version-history":[{"count":0,"href":"https:\/\/radioleinewelle.de\/index.php\/wp-json\/wp\/v2\/posts\/4014\/revisions"}],"wp:featuredmedia":[{"embeddable":true,"href":"https:\/\/radioleinewelle.de\/index.php\/wp-json\/wp\/v2\/media\/3778"}],"wp:attachment":[{"href":"https:\/\/radioleinewelle.de\/index.php\/wp-json\/wp\/v2\/media?parent=4014"}],"wp:term":[{"taxonomy":"category","embeddable":true,"href":"https:\/\/radioleinewelle.de\/index.php\/wp-json\/wp\/v2\/categories?post=4014"},{"taxonomy":"post_tag","embeddable":true,"href":"https:\/\/radioleinewelle.de\/index.php\/wp-json\/wp\/v2\/tags?post=4014"}],"curies":[{"name":"wp","href":"https:\/\/api.w.org\/{rel}","templated":true}]}}