{"id":4028,"date":"2021-01-10T11:57:52","date_gmt":"2021-01-10T10:57:52","guid":{"rendered":"https:\/\/radioleinewelle.de\/?p=4028"},"modified":"2021-01-10T11:57:52","modified_gmt":"2021-01-10T10:57:52","slug":"polizei-goslar-und-des-landkreises-goslar-zur-aktuellen-situation-des-winterreiseverkehrs-im-harz","status":"publish","type":"post","link":"https:\/\/radioleinewelle.de\/index.php\/2021\/01\/10\/polizei-goslar-und-des-landkreises-goslar-zur-aktuellen-situation-des-winterreiseverkehrs-im-harz\/","title":{"rendered":"Polizei Goslar und des Landkreises Goslar zur aktuellen Situation des Winterreiseverkehrs im Harz."},"content":{"rendered":"\n<p>Die Polizei nimmt bislang haupts\u00e4chlich Verkehrsma\u00dfnahmen wahr und unterst\u00fctzt den Landkreis sowie die St\u00e4dte und Gemeinden bei den Kontrollen zur Einhaltung der Corona-Regeln.&nbsp;<\/p>\n\n\n\n<p>&#8222;Wir konnten am Samstagvormittag Anreiseverkehr, zum Teil auch Fahrzeuge mit \u00fcber\u00f6rtlichen Kennzeichen in den Harz feststellen. Unser Verkehrskonzept mit verst\u00e4rktem Personalansatz greift. Die Besucherinnen und Besucher verteilen sich an den verschiedenen \u00d6rtlichkeiten und an den klassischen touristischen Zielen mussten bislang nur wenige Verkehrsma\u00dfnahmen im Sinne von Absperrungen oder Abschleppvorg\u00e4ngen getroffen werden&#8220;, so Sven J\u00fcrgensen, Leiter Einsatz der Polizeiinspektion Goslar.&nbsp;<\/p>\n\n\n\n<p>Vereinzelt mussten durch die kommunalen Kr\u00e4fte Verst\u00f6\u00dfe gegen die geltende Corona-Verordnung geahndet werden. Hierbei handelte es sich vor allem um Verst\u00f6\u00dfe gegen die Maskenpflicht an den Ski- und Rodelh\u00e4ngen sowie in Teilen gegen das Abstandsgebot.&nbsp;<\/p>\n\n\n\n<p>&#8222;Die \u00fcberwiegende Mehrheit der Besucherinnen und Besucher des Harzes halten sich an die angeordneten Regeln. Auf die Pflicht zum Tragen einer Mund-Nase-Bedeckung in den Skigebieten mussten wir jedoch mehrfach hinweisen. Unseren Aufforderungen und den Aufforderungen der Polizei wurde gefolgt&#8220;, so Frank-Michael Kruckow, Leiter des Fachbereichs Ordnung in der Goslarer Kreisverwaltung.&nbsp;<\/p>\n\n\n\n<p>Polizei sowie Landkreis und Kommunen werden auch am  Sonntag im Harz Pr\u00e4senz zeigen und bei erh\u00f6htem Besucheraufkommen entsprechende Ma\u00dfnahmen zur Sicherstellung des Verkehrsflusses und des Infektionsschutzes treffen.<\/p>\n\n\n\n<p>Bild von&nbsp;<a href=\"https:\/\/pixabay.com\/de\/users\/pauline_17-5377239\/?utm_source=link-attribution&amp;utm_medium=referral&amp;utm_campaign=image&amp;utm_content=2820610\">Hans Hansen<\/a>&nbsp;auf&nbsp;<a href=\"https:\/\/pixabay.com\/de\/?utm_source=link-attribution&amp;utm_medium=referral&amp;utm_campaign=image&amp;utm_content=2820610\">Pixabay<\/a><\/p>\n","protected":false},"excerpt":{"rendered":"<p>Die Polizei nimmt bislang haupts\u00e4chlich Verkehrsma\u00dfnahmen wahr und unterst\u00fctzt den Landkreis sowie die St\u00e4dte und Gemeinden bei den Kontrollen zur Einhaltung der Corona-Regeln.&nbsp; &#8222;Wir konnten am Samstagvormittag Anreiseverkehr, zum Teil auch Fahrzeuge mit \u00fcber\u00f6rtlichen Kennzeichen in den Harz feststellen. Unser Verkehrskonzept mit verst\u00e4rktem Personalansatz greift. Die Besucherinnen und Besucher verteilen sich an den verschiedenen \u00d6rtlichkeiten [&hellip;]<\/p>\n","protected":false},"author":1,"featured_media":4030,"comment_status":"closed","ping_status":"closed","sticky":false,"template":"","format":"standard","meta":{"saved_in_kubio":false,"footnotes":""},"categories":[24,1],"tags":[],"class_list":["post-4028","post","type-post","status-publish","format-standard","has-post-thumbnail","hentry","category-news","category-allgemein"],"yoast_head":"<!-- This site is optimized with the Yoast SEO plugin v27.5 - https:\/\/yoast.com\/product\/yoast-seo-wordpress\/ -->\n<title>Polizei Goslar und des Landkreises Goslar zur aktuellen Situation des Winterreiseverkehrs im Harz. - Radio Leinewelle<\/title>\n<meta name=\"robots\" content=\"index, follow, max-snippet:-1, max-image-preview:large, max-video-preview:-1\" \/>\n<link rel=\"canonical\" href=\"https:\/\/radioleinewelle.de\/index.php\/2021\/01\/10\/polizei-goslar-und-des-landkreises-goslar-zur-aktuellen-situation-des-winterreiseverkehrs-im-harz\/\" \/>\n<meta property=\"og:locale\" content=\"de_DE\" \/>\n<meta property=\"og:type\" content=\"article\" \/>\n<meta property=\"og:title\" content=\"Polizei Goslar und des Landkreises Goslar zur aktuellen Situation des Winterreiseverkehrs im Harz. - Radio Leinewelle\" \/>\n<meta property=\"og:description\" content=\"Die Polizei nimmt bislang haupts\u00e4chlich Verkehrsma\u00dfnahmen wahr und unterst\u00fctzt den Landkreis sowie die St\u00e4dte und Gemeinden bei den Kontrollen zur Einhaltung der Corona-Regeln.&nbsp; &#8222;Wir konnten am Samstagvormittag Anreiseverkehr, zum Teil auch Fahrzeuge mit \u00fcber\u00f6rtlichen Kennzeichen in den Harz feststellen. Unser Verkehrskonzept mit verst\u00e4rktem Personalansatz greift. Die Besucherinnen und Besucher verteilen sich an den verschiedenen \u00d6rtlichkeiten [&hellip;]\" \/>\n<meta property=\"og:url\" content=\"https:\/\/radioleinewelle.de\/index.php\/2021\/01\/10\/polizei-goslar-und-des-landkreises-goslar-zur-aktuellen-situation-des-winterreiseverkehrs-im-harz\/\" \/>\n<meta property=\"og:site_name\" content=\"Radio Leinewelle\" \/>\n<meta property=\"article:publisher\" content=\"https:\/\/www.facebook.com\/radioleinewelle\" \/>\n<meta property=\"article:author\" content=\"https:\/\/www.facebook.com\/radioleinewelle\" \/>\n<meta property=\"article:published_time\" content=\"2021-01-10T10:57:52+00:00\" \/>\n<meta property=\"og:image\" content=\"https:\/\/radioleinewelle.de\/wp-content\/uploads\/2021\/01\/goslar-2820610_640.jpg\" \/>\n\t<meta property=\"og:image:width\" content=\"640\" \/>\n\t<meta property=\"og:image:height\" content=\"480\" \/>\n\t<meta property=\"og:image:type\" content=\"image\/jpeg\" \/>\n<meta name=\"author\" content=\"Leinewelle\" \/>\n<meta name=\"twitter:card\" content=\"summary_large_image\" \/>\n<meta name=\"twitter:creator\" content=\"@https:\/\/twitter.com\/RLeinewelle?ref_src=twsrcgoogletwcampserptwgrauthor\" \/>\n<meta name=\"twitter:site\" content=\"@RLeinewelle\" \/>\n<meta name=\"twitter:label1\" content=\"Verfasst von\" \/>\n\t<meta name=\"twitter:data1\" content=\"Leinewelle\" \/>\n\t<meta name=\"twitter:label2\" content=\"Gesch\u00e4tzte Lesezeit\" \/>\n\t<meta name=\"twitter:data2\" content=\"1\u00a0Minute\" \/>\n<script type=\"application\/ld+json\" class=\"yoast-schema-graph\">{\"@context\":\"https:\\\/\\\/schema.org\",\"@graph\":[{\"@type\":\"Article\",\"@id\":\"https:\\\/\\\/radioleinewelle.de\\\/index.php\\\/2021\\\/01\\\/10\\\/polizei-goslar-und-des-landkreises-goslar-zur-aktuellen-situation-des-winterreiseverkehrs-im-harz\\\/#article\",\"isPartOf\":{\"@id\":\"https:\\\/\\\/radioleinewelle.de\\\/index.php\\\/2021\\\/01\\\/10\\\/polizei-goslar-und-des-landkreises-goslar-zur-aktuellen-situation-des-winterreiseverkehrs-im-harz\\\/\"},\"author\":{\"name\":\"Leinewelle\",\"@id\":\"https:\\\/\\\/radioleinewelle.de\\\/#\\\/schema\\\/person\\\/45606f348637df637192dc1b68399a63\"},\"headline\":\"Polizei Goslar und des Landkreises Goslar zur aktuellen Situation des Winterreiseverkehrs im Harz.\",\"datePublished\":\"2021-01-10T10:57:52+00:00\",\"mainEntityOfPage\":{\"@id\":\"https:\\\/\\\/radioleinewelle.de\\\/index.php\\\/2021\\\/01\\\/10\\\/polizei-goslar-und-des-landkreises-goslar-zur-aktuellen-situation-des-winterreiseverkehrs-im-harz\\\/\"},\"wordCount\":236,\"publisher\":{\"@id\":\"https:\\\/\\\/radioleinewelle.de\\\/#organization\"},\"image\":{\"@id\":\"https:\\\/\\\/radioleinewelle.de\\\/index.php\\\/2021\\\/01\\\/10\\\/polizei-goslar-und-des-landkreises-goslar-zur-aktuellen-situation-des-winterreiseverkehrs-im-harz\\\/#primaryimage\"},\"thumbnailUrl\":\"https:\\\/\\\/radioleinewelle.de\\\/wp-content\\\/uploads\\\/2021\\\/01\\\/goslar-2820610_640.jpg\",\"articleSection\":[\"Aktuelle Nachrichten\"],\"inLanguage\":\"de\"},{\"@type\":\"WebPage\",\"@id\":\"https:\\\/\\\/radioleinewelle.de\\\/index.php\\\/2021\\\/01\\\/10\\\/polizei-goslar-und-des-landkreises-goslar-zur-aktuellen-situation-des-winterreiseverkehrs-im-harz\\\/\",\"url\":\"https:\\\/\\\/radioleinewelle.de\\\/index.php\\\/2021\\\/01\\\/10\\\/polizei-goslar-und-des-landkreises-goslar-zur-aktuellen-situation-des-winterreiseverkehrs-im-harz\\\/\",\"name\":\"Polizei Goslar und des Landkreises Goslar zur aktuellen Situation des Winterreiseverkehrs im Harz. - Radio Leinewelle\",\"isPartOf\":{\"@id\":\"https:\\\/\\\/radioleinewelle.de\\\/#website\"},\"primaryImageOfPage\":{\"@id\":\"https:\\\/\\\/radioleinewelle.de\\\/index.php\\\/2021\\\/01\\\/10\\\/polizei-goslar-und-des-landkreises-goslar-zur-aktuellen-situation-des-winterreiseverkehrs-im-harz\\\/#primaryimage\"},\"image\":{\"@id\":\"https:\\\/\\\/radioleinewelle.de\\\/index.php\\\/2021\\\/01\\\/10\\\/polizei-goslar-und-des-landkreises-goslar-zur-aktuellen-situation-des-winterreiseverkehrs-im-harz\\\/#primaryimage\"},\"thumbnailUrl\":\"https:\\\/\\\/radioleinewelle.de\\\/wp-content\\\/uploads\\\/2021\\\/01\\\/goslar-2820610_640.jpg\",\"datePublished\":\"2021-01-10T10:57:52+00:00\",\"breadcrumb\":{\"@id\":\"https:\\\/\\\/radioleinewelle.de\\\/index.php\\\/2021\\\/01\\\/10\\\/polizei-goslar-und-des-landkreises-goslar-zur-aktuellen-situation-des-winterreiseverkehrs-im-harz\\\/#breadcrumb\"},\"inLanguage\":\"de\",\"potentialAction\":[{\"@type\":\"ReadAction\",\"target\":[\"https:\\\/\\\/radioleinewelle.de\\\/index.php\\\/2021\\\/01\\\/10\\\/polizei-goslar-und-des-landkreises-goslar-zur-aktuellen-situation-des-winterreiseverkehrs-im-harz\\\/\"]}]},{\"@type\":\"ImageObject\",\"inLanguage\":\"de\",\"@id\":\"https:\\\/\\\/radioleinewelle.de\\\/index.php\\\/2021\\\/01\\\/10\\\/polizei-goslar-und-des-landkreises-goslar-zur-aktuellen-situation-des-winterreiseverkehrs-im-harz\\\/#primaryimage\",\"url\":\"https:\\\/\\\/radioleinewelle.de\\\/wp-content\\\/uploads\\\/2021\\\/01\\\/goslar-2820610_640.jpg\",\"contentUrl\":\"https:\\\/\\\/radioleinewelle.de\\\/wp-content\\\/uploads\\\/2021\\\/01\\\/goslar-2820610_640.jpg\",\"width\":640,\"height\":480},{\"@type\":\"BreadcrumbList\",\"@id\":\"https:\\\/\\\/radioleinewelle.de\\\/index.php\\\/2021\\\/01\\\/10\\\/polizei-goslar-und-des-landkreises-goslar-zur-aktuellen-situation-des-winterreiseverkehrs-im-harz\\\/#breadcrumb\",\"itemListElement\":[{\"@type\":\"ListItem\",\"position\":1,\"name\":\"Startseite\",\"item\":\"https:\\\/\\\/radioleinewelle.de\\\/\"},{\"@type\":\"ListItem\",\"position\":2,\"name\":\"Polizei Goslar und des Landkreises Goslar zur aktuellen Situation des Winterreiseverkehrs im Harz.\"}]},{\"@type\":\"WebSite\",\"@id\":\"https:\\\/\\\/radioleinewelle.de\\\/#website\",\"url\":\"https:\\\/\\\/radioleinewelle.de\\\/\",\"name\":\"Radio Leinewelle\",\"description\":\"\",\"publisher\":{\"@id\":\"https:\\\/\\\/radioleinewelle.de\\\/#organization\"},\"potentialAction\":[{\"@type\":\"SearchAction\",\"target\":{\"@type\":\"EntryPoint\",\"urlTemplate\":\"https:\\\/\\\/radioleinewelle.de\\\/?s={search_term_string}\"},\"query-input\":{\"@type\":\"PropertyValueSpecification\",\"valueRequired\":true,\"valueName\":\"search_term_string\"}}],\"inLanguage\":\"de\"},{\"@type\":\"Organization\",\"@id\":\"https:\\\/\\\/radioleinewelle.de\\\/#organization\",\"name\":\"Radio Leinewelle\",\"alternateName\":\"Mein Radio f\u00fcr S\u00fcdniedersachsen\",\"url\":\"https:\\\/\\\/radioleinewelle.de\\\/\",\"logo\":{\"@type\":\"ImageObject\",\"inLanguage\":\"de\",\"@id\":\"https:\\\/\\\/radioleinewelle.de\\\/#\\\/schema\\\/logo\\\/image\\\/\",\"url\":\"https:\\\/\\\/radioleinewelle.de\\\/wp-content\\\/uploads\\\/2023\\\/11\\\/cropped-Leinewelle_Logo_weiss.png\",\"contentUrl\":\"https:\\\/\\\/radioleinewelle.de\\\/wp-content\\\/uploads\\\/2023\\\/11\\\/cropped-Leinewelle_Logo_weiss.png\",\"width\":854,\"height\":260,\"caption\":\"Radio Leinewelle\"},\"image\":{\"@id\":\"https:\\\/\\\/radioleinewelle.de\\\/#\\\/schema\\\/logo\\\/image\\\/\"},\"sameAs\":[\"https:\\\/\\\/www.facebook.com\\\/radioleinewelle\",\"https:\\\/\\\/x.com\\\/RLeinewelle\",\"https:\\\/\\\/www.instagram.com\\\/radioleinewelle\\\/?hl=de\"]},{\"@type\":\"Person\",\"@id\":\"https:\\\/\\\/radioleinewelle.de\\\/#\\\/schema\\\/person\\\/45606f348637df637192dc1b68399a63\",\"name\":\"Leinewelle\",\"image\":{\"@type\":\"ImageObject\",\"inLanguage\":\"de\",\"@id\":\"https:\\\/\\\/secure.gravatar.com\\\/avatar\\\/05c9a17bc973052ee5d91549bd32fb4dd0dc85b7b85ae94b2e2b4943476bbea5?s=96&d=blank&r=g\",\"url\":\"https:\\\/\\\/secure.gravatar.com\\\/avatar\\\/05c9a17bc973052ee5d91549bd32fb4dd0dc85b7b85ae94b2e2b4943476bbea5?s=96&d=blank&r=g\",\"contentUrl\":\"https:\\\/\\\/secure.gravatar.com\\\/avatar\\\/05c9a17bc973052ee5d91549bd32fb4dd0dc85b7b85ae94b2e2b4943476bbea5?s=96&d=blank&r=g\",\"caption\":\"Leinewelle\"},\"sameAs\":[\"http:\\\/\\\/localhost\\\/radio%20leinewelle\\\/wordpress\",\"https:\\\/\\\/www.facebook.com\\\/radioleinewelle\",\"https:\\\/\\\/www.instagram.com\\\/radioleinewelle\",\"https:\\\/\\\/x.com\\\/https:\\\/\\\/twitter.com\\\/RLeinewelle?ref_src=twsrcgoogletwcampserptwgrauthor\",\"https:\\\/\\\/soundcloud.com\\\/foerderverein-lokalradio?utm_source=clipboard&utm_medium=text&utm_campaign=social_sharing\"],\"url\":\"https:\\\/\\\/radioleinewelle.de\\\/index.php\\\/author\\\/leinewelle\\\/\"}]}<\/script>\n<!-- \/ Yoast SEO plugin. -->","yoast_head_json":{"title":"Polizei Goslar und des Landkreises Goslar zur aktuellen Situation des Winterreiseverkehrs im Harz. - Radio Leinewelle","robots":{"index":"index","follow":"follow","max-snippet":"max-snippet:-1","max-image-preview":"max-image-preview:large","max-video-preview":"max-video-preview:-1"},"canonical":"https:\/\/radioleinewelle.de\/index.php\/2021\/01\/10\/polizei-goslar-und-des-landkreises-goslar-zur-aktuellen-situation-des-winterreiseverkehrs-im-harz\/","og_locale":"de_DE","og_type":"article","og_title":"Polizei Goslar und des Landkreises Goslar zur aktuellen Situation des Winterreiseverkehrs im Harz. - Radio Leinewelle","og_description":"Die Polizei nimmt bislang haupts\u00e4chlich Verkehrsma\u00dfnahmen wahr und unterst\u00fctzt den Landkreis sowie die St\u00e4dte und Gemeinden bei den Kontrollen zur Einhaltung der Corona-Regeln.&nbsp; &#8222;Wir konnten am Samstagvormittag Anreiseverkehr, zum Teil auch Fahrzeuge mit \u00fcber\u00f6rtlichen Kennzeichen in den Harz feststellen. Unser Verkehrskonzept mit verst\u00e4rktem Personalansatz greift. Die Besucherinnen und Besucher verteilen sich an den verschiedenen \u00d6rtlichkeiten [&hellip;]","og_url":"https:\/\/radioleinewelle.de\/index.php\/2021\/01\/10\/polizei-goslar-und-des-landkreises-goslar-zur-aktuellen-situation-des-winterreiseverkehrs-im-harz\/","og_site_name":"Radio Leinewelle","article_publisher":"https:\/\/www.facebook.com\/radioleinewelle","article_author":"https:\/\/www.facebook.com\/radioleinewelle","article_published_time":"2021-01-10T10:57:52+00:00","og_image":[{"width":640,"height":480,"url":"https:\/\/radioleinewelle.de\/wp-content\/uploads\/2021\/01\/goslar-2820610_640.jpg","type":"image\/jpeg"}],"author":"Leinewelle","twitter_card":"summary_large_image","twitter_creator":"@https:\/\/twitter.com\/RLeinewelle?ref_src=twsrcgoogletwcampserptwgrauthor","twitter_site":"@RLeinewelle","twitter_misc":{"Verfasst von":"Leinewelle","Gesch\u00e4tzte Lesezeit":"1\u00a0Minute"},"schema":{"@context":"https:\/\/schema.org","@graph":[{"@type":"Article","@id":"https:\/\/radioleinewelle.de\/index.php\/2021\/01\/10\/polizei-goslar-und-des-landkreises-goslar-zur-aktuellen-situation-des-winterreiseverkehrs-im-harz\/#article","isPartOf":{"@id":"https:\/\/radioleinewelle.de\/index.php\/2021\/01\/10\/polizei-goslar-und-des-landkreises-goslar-zur-aktuellen-situation-des-winterreiseverkehrs-im-harz\/"},"author":{"name":"Leinewelle","@id":"https:\/\/radioleinewelle.de\/#\/schema\/person\/45606f348637df637192dc1b68399a63"},"headline":"Polizei Goslar und des Landkreises Goslar zur aktuellen Situation des Winterreiseverkehrs im Harz.","datePublished":"2021-01-10T10:57:52+00:00","mainEntityOfPage":{"@id":"https:\/\/radioleinewelle.de\/index.php\/2021\/01\/10\/polizei-goslar-und-des-landkreises-goslar-zur-aktuellen-situation-des-winterreiseverkehrs-im-harz\/"},"wordCount":236,"publisher":{"@id":"https:\/\/radioleinewelle.de\/#organization"},"image":{"@id":"https:\/\/radioleinewelle.de\/index.php\/2021\/01\/10\/polizei-goslar-und-des-landkreises-goslar-zur-aktuellen-situation-des-winterreiseverkehrs-im-harz\/#primaryimage"},"thumbnailUrl":"https:\/\/radioleinewelle.de\/wp-content\/uploads\/2021\/01\/goslar-2820610_640.jpg","articleSection":["Aktuelle Nachrichten"],"inLanguage":"de"},{"@type":"WebPage","@id":"https:\/\/radioleinewelle.de\/index.php\/2021\/01\/10\/polizei-goslar-und-des-landkreises-goslar-zur-aktuellen-situation-des-winterreiseverkehrs-im-harz\/","url":"https:\/\/radioleinewelle.de\/index.php\/2021\/01\/10\/polizei-goslar-und-des-landkreises-goslar-zur-aktuellen-situation-des-winterreiseverkehrs-im-harz\/","name":"Polizei Goslar und des Landkreises Goslar zur aktuellen Situation des Winterreiseverkehrs im Harz. - Radio Leinewelle","isPartOf":{"@id":"https:\/\/radioleinewelle.de\/#website"},"primaryImageOfPage":{"@id":"https:\/\/radioleinewelle.de\/index.php\/2021\/01\/10\/polizei-goslar-und-des-landkreises-goslar-zur-aktuellen-situation-des-winterreiseverkehrs-im-harz\/#primaryimage"},"image":{"@id":"https:\/\/radioleinewelle.de\/index.php\/2021\/01\/10\/polizei-goslar-und-des-landkreises-goslar-zur-aktuellen-situation-des-winterreiseverkehrs-im-harz\/#primaryimage"},"thumbnailUrl":"https:\/\/radioleinewelle.de\/wp-content\/uploads\/2021\/01\/goslar-2820610_640.jpg","datePublished":"2021-01-10T10:57:52+00:00","breadcrumb":{"@id":"https:\/\/radioleinewelle.de\/index.php\/2021\/01\/10\/polizei-goslar-und-des-landkreises-goslar-zur-aktuellen-situation-des-winterreiseverkehrs-im-harz\/#breadcrumb"},"inLanguage":"de","potentialAction":[{"@type":"ReadAction","target":["https:\/\/radioleinewelle.de\/index.php\/2021\/01\/10\/polizei-goslar-und-des-landkreises-goslar-zur-aktuellen-situation-des-winterreiseverkehrs-im-harz\/"]}]},{"@type":"ImageObject","inLanguage":"de","@id":"https:\/\/radioleinewelle.de\/index.php\/2021\/01\/10\/polizei-goslar-und-des-landkreises-goslar-zur-aktuellen-situation-des-winterreiseverkehrs-im-harz\/#primaryimage","url":"https:\/\/radioleinewelle.de\/wp-content\/uploads\/2021\/01\/goslar-2820610_640.jpg","contentUrl":"https:\/\/radioleinewelle.de\/wp-content\/uploads\/2021\/01\/goslar-2820610_640.jpg","width":640,"height":480},{"@type":"BreadcrumbList","@id":"https:\/\/radioleinewelle.de\/index.php\/2021\/01\/10\/polizei-goslar-und-des-landkreises-goslar-zur-aktuellen-situation-des-winterreiseverkehrs-im-harz\/#breadcrumb","itemListElement":[{"@type":"ListItem","position":1,"name":"Startseite","item":"https:\/\/radioleinewelle.de\/"},{"@type":"ListItem","position":2,"name":"Polizei Goslar und des Landkreises Goslar zur aktuellen Situation des Winterreiseverkehrs im Harz."}]},{"@type":"WebSite","@id":"https:\/\/radioleinewelle.de\/#website","url":"https:\/\/radioleinewelle.de\/","name":"Radio Leinewelle","description":"","publisher":{"@id":"https:\/\/radioleinewelle.de\/#organization"},"potentialAction":[{"@type":"SearchAction","target":{"@type":"EntryPoint","urlTemplate":"https:\/\/radioleinewelle.de\/?s={search_term_string}"},"query-input":{"@type":"PropertyValueSpecification","valueRequired":true,"valueName":"search_term_string"}}],"inLanguage":"de"},{"@type":"Organization","@id":"https:\/\/radioleinewelle.de\/#organization","name":"Radio Leinewelle","alternateName":"Mein Radio f\u00fcr S\u00fcdniedersachsen","url":"https:\/\/radioleinewelle.de\/","logo":{"@type":"ImageObject","inLanguage":"de","@id":"https:\/\/radioleinewelle.de\/#\/schema\/logo\/image\/","url":"https:\/\/radioleinewelle.de\/wp-content\/uploads\/2023\/11\/cropped-Leinewelle_Logo_weiss.png","contentUrl":"https:\/\/radioleinewelle.de\/wp-content\/uploads\/2023\/11\/cropped-Leinewelle_Logo_weiss.png","width":854,"height":260,"caption":"Radio Leinewelle"},"image":{"@id":"https:\/\/radioleinewelle.de\/#\/schema\/logo\/image\/"},"sameAs":["https:\/\/www.facebook.com\/radioleinewelle","https:\/\/x.com\/RLeinewelle","https:\/\/www.instagram.com\/radioleinewelle\/?hl=de"]},{"@type":"Person","@id":"https:\/\/radioleinewelle.de\/#\/schema\/person\/45606f348637df637192dc1b68399a63","name":"Leinewelle","image":{"@type":"ImageObject","inLanguage":"de","@id":"https:\/\/secure.gravatar.com\/avatar\/05c9a17bc973052ee5d91549bd32fb4dd0dc85b7b85ae94b2e2b4943476bbea5?s=96&d=blank&r=g","url":"https:\/\/secure.gravatar.com\/avatar\/05c9a17bc973052ee5d91549bd32fb4dd0dc85b7b85ae94b2e2b4943476bbea5?s=96&d=blank&r=g","contentUrl":"https:\/\/secure.gravatar.com\/avatar\/05c9a17bc973052ee5d91549bd32fb4dd0dc85b7b85ae94b2e2b4943476bbea5?s=96&d=blank&r=g","caption":"Leinewelle"},"sameAs":["http:\/\/localhost\/radio%20leinewelle\/wordpress","https:\/\/www.facebook.com\/radioleinewelle","https:\/\/www.instagram.com\/radioleinewelle","https:\/\/x.com\/https:\/\/twitter.com\/RLeinewelle?ref_src=twsrcgoogletwcampserptwgrauthor","https:\/\/soundcloud.com\/foerderverein-lokalradio?utm_source=clipboard&utm_medium=text&utm_campaign=social_sharing"],"url":"https:\/\/radioleinewelle.de\/index.php\/author\/leinewelle\/"}]}},"_links":{"self":[{"href":"https:\/\/radioleinewelle.de\/index.php\/wp-json\/wp\/v2\/posts\/4028","targetHints":{"allow":["GET"]}}],"collection":[{"href":"https:\/\/radioleinewelle.de\/index.php\/wp-json\/wp\/v2\/posts"}],"about":[{"href":"https:\/\/radioleinewelle.de\/index.php\/wp-json\/wp\/v2\/types\/post"}],"author":[{"embeddable":true,"href":"https:\/\/radioleinewelle.de\/index.php\/wp-json\/wp\/v2\/users\/1"}],"replies":[{"embeddable":true,"href":"https:\/\/radioleinewelle.de\/index.php\/wp-json\/wp\/v2\/comments?post=4028"}],"version-history":[{"count":0,"href":"https:\/\/radioleinewelle.de\/index.php\/wp-json\/wp\/v2\/posts\/4028\/revisions"}],"wp:featuredmedia":[{"embeddable":true,"href":"https:\/\/radioleinewelle.de\/index.php\/wp-json\/wp\/v2\/media\/4030"}],"wp:attachment":[{"href":"https:\/\/radioleinewelle.de\/index.php\/wp-json\/wp\/v2\/media?parent=4028"}],"wp:term":[{"taxonomy":"category","embeddable":true,"href":"https:\/\/radioleinewelle.de\/index.php\/wp-json\/wp\/v2\/categories?post=4028"},{"taxonomy":"post_tag","embeddable":true,"href":"https:\/\/radioleinewelle.de\/index.php\/wp-json\/wp\/v2\/tags?post=4028"}],"curies":[{"name":"wp","href":"https:\/\/api.w.org\/{rel}","templated":true}]}}