{"id":4033,"date":"2021-01-10T12:30:52","date_gmt":"2021-01-10T11:30:52","guid":{"rendered":"https:\/\/radioleinewelle.de\/?p=4033"},"modified":"2021-01-10T12:30:52","modified_gmt":"2021-01-10T11:30:52","slug":"inzidenz-im-kreis-hoexter-ueber-200-weitere-einschraenkungen-ab-montag","status":"publish","type":"post","link":"https:\/\/radioleinewelle.de\/index.php\/2021\/01\/10\/inzidenz-im-kreis-hoexter-ueber-200-weitere-einschraenkungen-ab-montag\/","title":{"rendered":"Inzidenz im Kreis H\u00f6xter \u00fcber 200: Weitere Einschr\u00e4nkungen ab Montag"},"content":{"rendered":"\n<p>Der Landkreis H\u00f6xter teilt mit:<br \/>Das Gebot der Stunde lautet: Die pers\u00f6nlichen Kontakte m\u00fcssen auf ein absolutes Minimum reduziert werden. Das muss im \u00f6ffentlichen Raum ebenso gelten wie in den eigenen vier W\u00e4nden\u201c. Angesichts der hohen Corona-Infektionswerte im Kreis H\u00f6xter hat Landrat Michael Stickeln angek\u00fcndigt, dass die Kreisverwaltung in Abstimmung mit dem Gesundheitsministerium des Landes die Beschr\u00e4nkungen der neuen Coronaschutzverordnung auch auf den privaten Bereich ausweiten wird. Eine entsprechende Allgemeinverf\u00fcgung tritt am Montag, 11. Januar 2021, in Kraft.<\/p>\n\n\n\n<p>Am Freitagnachmittag hat das Gesundheitsministerium den vom Krisenstab des Kreises H\u00f6xter geplanten Schutzma\u00dfnahmen zugestimmt, die der Eind\u00e4mmung einer weiteren Ausbreitung des Coronavirus SARS-CoV-2 im Kreis H\u00f6xter dienen sollen. Konkret bedeutet dies, dass sich k\u00fcnftig im gesamten Kreisgebiet auch in privaten Wohnungen die Mitglieder eines Haushaltes nur noch mit maximal einer anderen Person treffen d\u00fcrfen. Hintergrund f\u00fcr diese Entscheidung ist die hohe Inzidenz im Kreis H\u00f6xter, die derzeit \u00fcber 200 liegt.<\/p>\n\n\n\n<p>Der Anstieg der Infektionszahlen im Kreis H\u00f6xter ist \u00fcberwiegend auf Ansteckungen im famili\u00e4ren Bereich zur\u00fcckzuf\u00fchren. \u201eDie Infektionszahlen werden in den n\u00e4chsten Tagen hoch bleiben, weil jetzt nach den Feiertagen auch wieder mehr Tests durchgef\u00fchrt werden\u201c, erkl\u00e4rt der Leiter des Gesundheitsamtes, Dr. Ronald Woltering. \u201eWir gehen davon aus, dass zun\u00e4chst keine Entspannung zu erwarten ist.\u201c<\/p>\n\n\n\n<p>Infektionszahlen besorgniserregend<\/p>\n\n\n\n<p>\u201eWir sehen im Kreis H\u00f6xter sehr deutlich, dass sich viele Infektionen durch private Kontakte verbreiten. Deshalb bitte ich alle B\u00fcrgerinnen und B\u00fcrger nochmals eindringlich: Verzichten sie schon jetzt komplett auf Besuche bei Freunden oder Verwandten, auch wenn es ihnen schwer f\u00e4llt. Die Infektionszahlen sind besorgniserregend hoch. Wir m\u00fcssen diese Pandemie gemeinsam eind\u00e4mmen\u201c, so Landrat Stickeln.<\/p>\n\n\n\n<p>Am kommenden Montag, 11. Januar, tritt die neue Coronaschutzverordnung des Landes in Kraft, die pers\u00f6nliche Kontakte im \u00f6ffentlichen Raum weiter einschr\u00e4nkt. \u201eWir h\u00e4tten uns vom Land jedoch einheitliche Vorgaben erhofft\u201c, sagt Matthias K\u00e4mpfer, Leiter des Krisenstabes des Kreises H\u00f6xter.<br \/>Der Kreis H\u00f6xter weitet daher die geltenden Regelungen per Allgemeinverf\u00fcgung &#8211; die ebenfalls am Montag in Kraft tritt &#8211; auch auf den privaten Wohnbereich aus. Konkret hei\u00dft es darin: \u201ePrivate Zusammenk\u00fcnfte und Ansammlungen sind nur gestattet mit Angeh\u00f6rigen des eigenen Hausstandes sowie zus\u00e4tzlich mit einem Angeh\u00f6rigen eines weiteren Hausstandes, wobei dieser von betreuungsbed\u00fcrftigen Kindern begleitet werden kann.\u201c<\/p>\n\n\n\n<hr class=\"wp-block-separator\"\/>\n\n\n\n<p>Zur Verordnung des Landes NRW zum Schutz vor Neuinfizierungen mit dem Coronavirus SARS-CoV-2 (Corona-Schutzverordnung) &#8211; in der ab 11. Januar 2021 g\u00fcltigen Fassung geht es&nbsp;<a href=\"https:\/\/www.mags.nrw\/coronavirus-rechtlicheregelungen-nrw\" target=\"_blank\" rel=\"noreferrer noopener\">hier<\/a>.<\/p>\n\n\n\n<hr class=\"wp-block-separator\"\/>\n\n\n\n<p>Ebenfalls ab Montag, 11. Januar, gilt die Allgemeinverf\u00fcgung des Kreises H\u00f6xter zur Umsetzung von Schutzma\u00dfnahmen, die der Verh\u00fctung und Bek\u00e4mpfung einer weiteren Ausbreitung des Coronavirus SARS-CoV-2 auf dem Gebiet des Kreises H\u00f6xter dienen.<\/p>\n\n\n\n<p><a href=\"https:\/\/corona.kreis-hoexter.de\/aktuelles\/m_8954\" target=\"_blank\" rel=\"noreferrer noopener\">Zur Allgemeinverf\u00fcgung des Kreises H\u00f6xter<\/a><\/p>\n\n\n\n<hr class=\"wp-block-separator\"\/>\n","protected":false},"excerpt":{"rendered":"<p>Der Landkreis H\u00f6xter teilt mit:Das Gebot der Stunde lautet: Die pers\u00f6nlichen Kontakte m\u00fcssen auf ein absolutes Minimum reduziert werden. Das muss im \u00f6ffentlichen Raum ebenso gelten wie in den eigenen vier W\u00e4nden\u201c. Angesichts der hohen Corona-Infektionswerte im Kreis H\u00f6xter hat Landrat Michael Stickeln angek\u00fcndigt, dass die Kreisverwaltung in Abstimmung mit dem Gesundheitsministerium des Landes die [&hellip;]<\/p>\n","protected":false},"author":1,"featured_media":4036,"comment_status":"closed","ping_status":"closed","sticky":false,"template":"","format":"standard","meta":{"saved_in_kubio":false,"footnotes":""},"categories":[23],"tags":[],"class_list":["post-4033","post","type-post","status-publish","format-standard","has-post-thumbnail","hentry","category-corona"],"yoast_head":"<!-- This site is optimized with the Yoast SEO plugin v27.5 - https:\/\/yoast.com\/product\/yoast-seo-wordpress\/ -->\n<title>Inzidenz im Kreis H\u00f6xter \u00fcber 200: Weitere Einschr\u00e4nkungen ab Montag - Radio Leinewelle<\/title>\n<meta name=\"robots\" content=\"index, follow, max-snippet:-1, max-image-preview:large, max-video-preview:-1\" \/>\n<link rel=\"canonical\" href=\"https:\/\/radioleinewelle.de\/index.php\/2021\/01\/10\/inzidenz-im-kreis-hoexter-ueber-200-weitere-einschraenkungen-ab-montag\/\" \/>\n<meta property=\"og:locale\" content=\"de_DE\" \/>\n<meta property=\"og:type\" content=\"article\" \/>\n<meta property=\"og:title\" content=\"Inzidenz im Kreis H\u00f6xter \u00fcber 200: Weitere Einschr\u00e4nkungen ab Montag - Radio Leinewelle\" \/>\n<meta property=\"og:description\" content=\"Der Landkreis H\u00f6xter teilt mit:Das Gebot der Stunde lautet: Die pers\u00f6nlichen Kontakte m\u00fcssen auf ein absolutes Minimum reduziert werden. Das muss im \u00f6ffentlichen Raum ebenso gelten wie in den eigenen vier W\u00e4nden\u201c. Angesichts der hohen Corona-Infektionswerte im Kreis H\u00f6xter hat Landrat Michael Stickeln angek\u00fcndigt, dass die Kreisverwaltung in Abstimmung mit dem Gesundheitsministerium des Landes die [&hellip;]\" \/>\n<meta property=\"og:url\" content=\"https:\/\/radioleinewelle.de\/index.php\/2021\/01\/10\/inzidenz-im-kreis-hoexter-ueber-200-weitere-einschraenkungen-ab-montag\/\" \/>\n<meta property=\"og:site_name\" content=\"Radio Leinewelle\" \/>\n<meta property=\"article:publisher\" content=\"https:\/\/www.facebook.com\/radioleinewelle\" \/>\n<meta property=\"article:author\" content=\"https:\/\/www.facebook.com\/radioleinewelle\" \/>\n<meta property=\"article:published_time\" content=\"2021-01-10T11:30:52+00:00\" \/>\n<meta property=\"og:image\" content=\"https:\/\/radioleinewelle.de\/wp-content\/uploads\/2021\/01\/church-2485409_640.jpg\" \/>\n\t<meta property=\"og:image:width\" content=\"640\" \/>\n\t<meta property=\"og:image:height\" content=\"480\" \/>\n\t<meta property=\"og:image:type\" content=\"image\/jpeg\" \/>\n<meta name=\"author\" content=\"Leinewelle\" \/>\n<meta name=\"twitter:card\" content=\"summary_large_image\" \/>\n<meta name=\"twitter:creator\" content=\"@https:\/\/twitter.com\/RLeinewelle?ref_src=twsrcgoogletwcampserptwgrauthor\" \/>\n<meta name=\"twitter:site\" content=\"@RLeinewelle\" \/>\n<meta name=\"twitter:label1\" content=\"Verfasst von\" \/>\n\t<meta name=\"twitter:data1\" content=\"Leinewelle\" \/>\n\t<meta name=\"twitter:label2\" content=\"Gesch\u00e4tzte Lesezeit\" \/>\n\t<meta name=\"twitter:data2\" content=\"2\u00a0Minuten\" \/>\n<script type=\"application\/ld+json\" class=\"yoast-schema-graph\">{\"@context\":\"https:\\\/\\\/schema.org\",\"@graph\":[{\"@type\":\"Article\",\"@id\":\"https:\\\/\\\/radioleinewelle.de\\\/index.php\\\/2021\\\/01\\\/10\\\/inzidenz-im-kreis-hoexter-ueber-200-weitere-einschraenkungen-ab-montag\\\/#article\",\"isPartOf\":{\"@id\":\"https:\\\/\\\/radioleinewelle.de\\\/index.php\\\/2021\\\/01\\\/10\\\/inzidenz-im-kreis-hoexter-ueber-200-weitere-einschraenkungen-ab-montag\\\/\"},\"author\":{\"name\":\"Leinewelle\",\"@id\":\"https:\\\/\\\/radioleinewelle.de\\\/#\\\/schema\\\/person\\\/45606f348637df637192dc1b68399a63\"},\"headline\":\"Inzidenz im Kreis H\u00f6xter \u00fcber 200: Weitere Einschr\u00e4nkungen ab Montag\",\"datePublished\":\"2021-01-10T11:30:52+00:00\",\"mainEntityOfPage\":{\"@id\":\"https:\\\/\\\/radioleinewelle.de\\\/index.php\\\/2021\\\/01\\\/10\\\/inzidenz-im-kreis-hoexter-ueber-200-weitere-einschraenkungen-ab-montag\\\/\"},\"wordCount\":476,\"publisher\":{\"@id\":\"https:\\\/\\\/radioleinewelle.de\\\/#organization\"},\"image\":{\"@id\":\"https:\\\/\\\/radioleinewelle.de\\\/index.php\\\/2021\\\/01\\\/10\\\/inzidenz-im-kreis-hoexter-ueber-200-weitere-einschraenkungen-ab-montag\\\/#primaryimage\"},\"thumbnailUrl\":\"https:\\\/\\\/radioleinewelle.de\\\/wp-content\\\/uploads\\\/2021\\\/01\\\/church-2485409_640.jpg\",\"articleSection\":[\"Corona\"],\"inLanguage\":\"de\"},{\"@type\":\"WebPage\",\"@id\":\"https:\\\/\\\/radioleinewelle.de\\\/index.php\\\/2021\\\/01\\\/10\\\/inzidenz-im-kreis-hoexter-ueber-200-weitere-einschraenkungen-ab-montag\\\/\",\"url\":\"https:\\\/\\\/radioleinewelle.de\\\/index.php\\\/2021\\\/01\\\/10\\\/inzidenz-im-kreis-hoexter-ueber-200-weitere-einschraenkungen-ab-montag\\\/\",\"name\":\"Inzidenz im Kreis H\u00f6xter \u00fcber 200: Weitere Einschr\u00e4nkungen ab Montag - Radio Leinewelle\",\"isPartOf\":{\"@id\":\"https:\\\/\\\/radioleinewelle.de\\\/#website\"},\"primaryImageOfPage\":{\"@id\":\"https:\\\/\\\/radioleinewelle.de\\\/index.php\\\/2021\\\/01\\\/10\\\/inzidenz-im-kreis-hoexter-ueber-200-weitere-einschraenkungen-ab-montag\\\/#primaryimage\"},\"image\":{\"@id\":\"https:\\\/\\\/radioleinewelle.de\\\/index.php\\\/2021\\\/01\\\/10\\\/inzidenz-im-kreis-hoexter-ueber-200-weitere-einschraenkungen-ab-montag\\\/#primaryimage\"},\"thumbnailUrl\":\"https:\\\/\\\/radioleinewelle.de\\\/wp-content\\\/uploads\\\/2021\\\/01\\\/church-2485409_640.jpg\",\"datePublished\":\"2021-01-10T11:30:52+00:00\",\"breadcrumb\":{\"@id\":\"https:\\\/\\\/radioleinewelle.de\\\/index.php\\\/2021\\\/01\\\/10\\\/inzidenz-im-kreis-hoexter-ueber-200-weitere-einschraenkungen-ab-montag\\\/#breadcrumb\"},\"inLanguage\":\"de\",\"potentialAction\":[{\"@type\":\"ReadAction\",\"target\":[\"https:\\\/\\\/radioleinewelle.de\\\/index.php\\\/2021\\\/01\\\/10\\\/inzidenz-im-kreis-hoexter-ueber-200-weitere-einschraenkungen-ab-montag\\\/\"]}]},{\"@type\":\"ImageObject\",\"inLanguage\":\"de\",\"@id\":\"https:\\\/\\\/radioleinewelle.de\\\/index.php\\\/2021\\\/01\\\/10\\\/inzidenz-im-kreis-hoexter-ueber-200-weitere-einschraenkungen-ab-montag\\\/#primaryimage\",\"url\":\"https:\\\/\\\/radioleinewelle.de\\\/wp-content\\\/uploads\\\/2021\\\/01\\\/church-2485409_640.jpg\",\"contentUrl\":\"https:\\\/\\\/radioleinewelle.de\\\/wp-content\\\/uploads\\\/2021\\\/01\\\/church-2485409_640.jpg\",\"width\":640,\"height\":480},{\"@type\":\"BreadcrumbList\",\"@id\":\"https:\\\/\\\/radioleinewelle.de\\\/index.php\\\/2021\\\/01\\\/10\\\/inzidenz-im-kreis-hoexter-ueber-200-weitere-einschraenkungen-ab-montag\\\/#breadcrumb\",\"itemListElement\":[{\"@type\":\"ListItem\",\"position\":1,\"name\":\"Startseite\",\"item\":\"https:\\\/\\\/radioleinewelle.de\\\/\"},{\"@type\":\"ListItem\",\"position\":2,\"name\":\"Inzidenz im Kreis H\u00f6xter \u00fcber 200: Weitere Einschr\u00e4nkungen ab Montag\"}]},{\"@type\":\"WebSite\",\"@id\":\"https:\\\/\\\/radioleinewelle.de\\\/#website\",\"url\":\"https:\\\/\\\/radioleinewelle.de\\\/\",\"name\":\"Radio Leinewelle\",\"description\":\"\",\"publisher\":{\"@id\":\"https:\\\/\\\/radioleinewelle.de\\\/#organization\"},\"potentialAction\":[{\"@type\":\"SearchAction\",\"target\":{\"@type\":\"EntryPoint\",\"urlTemplate\":\"https:\\\/\\\/radioleinewelle.de\\\/?s={search_term_string}\"},\"query-input\":{\"@type\":\"PropertyValueSpecification\",\"valueRequired\":true,\"valueName\":\"search_term_string\"}}],\"inLanguage\":\"de\"},{\"@type\":\"Organization\",\"@id\":\"https:\\\/\\\/radioleinewelle.de\\\/#organization\",\"name\":\"Radio Leinewelle\",\"alternateName\":\"Mein Radio f\u00fcr S\u00fcdniedersachsen\",\"url\":\"https:\\\/\\\/radioleinewelle.de\\\/\",\"logo\":{\"@type\":\"ImageObject\",\"inLanguage\":\"de\",\"@id\":\"https:\\\/\\\/radioleinewelle.de\\\/#\\\/schema\\\/logo\\\/image\\\/\",\"url\":\"https:\\\/\\\/radioleinewelle.de\\\/wp-content\\\/uploads\\\/2023\\\/11\\\/cropped-Leinewelle_Logo_weiss.png\",\"contentUrl\":\"https:\\\/\\\/radioleinewelle.de\\\/wp-content\\\/uploads\\\/2023\\\/11\\\/cropped-Leinewelle_Logo_weiss.png\",\"width\":854,\"height\":260,\"caption\":\"Radio Leinewelle\"},\"image\":{\"@id\":\"https:\\\/\\\/radioleinewelle.de\\\/#\\\/schema\\\/logo\\\/image\\\/\"},\"sameAs\":[\"https:\\\/\\\/www.facebook.com\\\/radioleinewelle\",\"https:\\\/\\\/x.com\\\/RLeinewelle\",\"https:\\\/\\\/www.instagram.com\\\/radioleinewelle\\\/?hl=de\"]},{\"@type\":\"Person\",\"@id\":\"https:\\\/\\\/radioleinewelle.de\\\/#\\\/schema\\\/person\\\/45606f348637df637192dc1b68399a63\",\"name\":\"Leinewelle\",\"image\":{\"@type\":\"ImageObject\",\"inLanguage\":\"de\",\"@id\":\"https:\\\/\\\/secure.gravatar.com\\\/avatar\\\/05c9a17bc973052ee5d91549bd32fb4dd0dc85b7b85ae94b2e2b4943476bbea5?s=96&d=blank&r=g\",\"url\":\"https:\\\/\\\/secure.gravatar.com\\\/avatar\\\/05c9a17bc973052ee5d91549bd32fb4dd0dc85b7b85ae94b2e2b4943476bbea5?s=96&d=blank&r=g\",\"contentUrl\":\"https:\\\/\\\/secure.gravatar.com\\\/avatar\\\/05c9a17bc973052ee5d91549bd32fb4dd0dc85b7b85ae94b2e2b4943476bbea5?s=96&d=blank&r=g\",\"caption\":\"Leinewelle\"},\"sameAs\":[\"http:\\\/\\\/localhost\\\/radio%20leinewelle\\\/wordpress\",\"https:\\\/\\\/www.facebook.com\\\/radioleinewelle\",\"https:\\\/\\\/www.instagram.com\\\/radioleinewelle\",\"https:\\\/\\\/x.com\\\/https:\\\/\\\/twitter.com\\\/RLeinewelle?ref_src=twsrcgoogletwcampserptwgrauthor\",\"https:\\\/\\\/soundcloud.com\\\/foerderverein-lokalradio?utm_source=clipboard&utm_medium=text&utm_campaign=social_sharing\"],\"url\":\"https:\\\/\\\/radioleinewelle.de\\\/index.php\\\/author\\\/leinewelle\\\/\"}]}<\/script>\n<!-- \/ Yoast SEO plugin. -->","yoast_head_json":{"title":"Inzidenz im Kreis H\u00f6xter \u00fcber 200: Weitere Einschr\u00e4nkungen ab Montag - Radio Leinewelle","robots":{"index":"index","follow":"follow","max-snippet":"max-snippet:-1","max-image-preview":"max-image-preview:large","max-video-preview":"max-video-preview:-1"},"canonical":"https:\/\/radioleinewelle.de\/index.php\/2021\/01\/10\/inzidenz-im-kreis-hoexter-ueber-200-weitere-einschraenkungen-ab-montag\/","og_locale":"de_DE","og_type":"article","og_title":"Inzidenz im Kreis H\u00f6xter \u00fcber 200: Weitere Einschr\u00e4nkungen ab Montag - Radio Leinewelle","og_description":"Der Landkreis H\u00f6xter teilt mit:Das Gebot der Stunde lautet: Die pers\u00f6nlichen Kontakte m\u00fcssen auf ein absolutes Minimum reduziert werden. Das muss im \u00f6ffentlichen Raum ebenso gelten wie in den eigenen vier W\u00e4nden\u201c. Angesichts der hohen Corona-Infektionswerte im Kreis H\u00f6xter hat Landrat Michael Stickeln angek\u00fcndigt, dass die Kreisverwaltung in Abstimmung mit dem Gesundheitsministerium des Landes die [&hellip;]","og_url":"https:\/\/radioleinewelle.de\/index.php\/2021\/01\/10\/inzidenz-im-kreis-hoexter-ueber-200-weitere-einschraenkungen-ab-montag\/","og_site_name":"Radio Leinewelle","article_publisher":"https:\/\/www.facebook.com\/radioleinewelle","article_author":"https:\/\/www.facebook.com\/radioleinewelle","article_published_time":"2021-01-10T11:30:52+00:00","og_image":[{"width":640,"height":480,"url":"https:\/\/radioleinewelle.de\/wp-content\/uploads\/2021\/01\/church-2485409_640.jpg","type":"image\/jpeg"}],"author":"Leinewelle","twitter_card":"summary_large_image","twitter_creator":"@https:\/\/twitter.com\/RLeinewelle?ref_src=twsrcgoogletwcampserptwgrauthor","twitter_site":"@RLeinewelle","twitter_misc":{"Verfasst von":"Leinewelle","Gesch\u00e4tzte Lesezeit":"2\u00a0Minuten"},"schema":{"@context":"https:\/\/schema.org","@graph":[{"@type":"Article","@id":"https:\/\/radioleinewelle.de\/index.php\/2021\/01\/10\/inzidenz-im-kreis-hoexter-ueber-200-weitere-einschraenkungen-ab-montag\/#article","isPartOf":{"@id":"https:\/\/radioleinewelle.de\/index.php\/2021\/01\/10\/inzidenz-im-kreis-hoexter-ueber-200-weitere-einschraenkungen-ab-montag\/"},"author":{"name":"Leinewelle","@id":"https:\/\/radioleinewelle.de\/#\/schema\/person\/45606f348637df637192dc1b68399a63"},"headline":"Inzidenz im Kreis H\u00f6xter \u00fcber 200: Weitere Einschr\u00e4nkungen ab Montag","datePublished":"2021-01-10T11:30:52+00:00","mainEntityOfPage":{"@id":"https:\/\/radioleinewelle.de\/index.php\/2021\/01\/10\/inzidenz-im-kreis-hoexter-ueber-200-weitere-einschraenkungen-ab-montag\/"},"wordCount":476,"publisher":{"@id":"https:\/\/radioleinewelle.de\/#organization"},"image":{"@id":"https:\/\/radioleinewelle.de\/index.php\/2021\/01\/10\/inzidenz-im-kreis-hoexter-ueber-200-weitere-einschraenkungen-ab-montag\/#primaryimage"},"thumbnailUrl":"https:\/\/radioleinewelle.de\/wp-content\/uploads\/2021\/01\/church-2485409_640.jpg","articleSection":["Corona"],"inLanguage":"de"},{"@type":"WebPage","@id":"https:\/\/radioleinewelle.de\/index.php\/2021\/01\/10\/inzidenz-im-kreis-hoexter-ueber-200-weitere-einschraenkungen-ab-montag\/","url":"https:\/\/radioleinewelle.de\/index.php\/2021\/01\/10\/inzidenz-im-kreis-hoexter-ueber-200-weitere-einschraenkungen-ab-montag\/","name":"Inzidenz im Kreis H\u00f6xter \u00fcber 200: Weitere Einschr\u00e4nkungen ab Montag - Radio Leinewelle","isPartOf":{"@id":"https:\/\/radioleinewelle.de\/#website"},"primaryImageOfPage":{"@id":"https:\/\/radioleinewelle.de\/index.php\/2021\/01\/10\/inzidenz-im-kreis-hoexter-ueber-200-weitere-einschraenkungen-ab-montag\/#primaryimage"},"image":{"@id":"https:\/\/radioleinewelle.de\/index.php\/2021\/01\/10\/inzidenz-im-kreis-hoexter-ueber-200-weitere-einschraenkungen-ab-montag\/#primaryimage"},"thumbnailUrl":"https:\/\/radioleinewelle.de\/wp-content\/uploads\/2021\/01\/church-2485409_640.jpg","datePublished":"2021-01-10T11:30:52+00:00","breadcrumb":{"@id":"https:\/\/radioleinewelle.de\/index.php\/2021\/01\/10\/inzidenz-im-kreis-hoexter-ueber-200-weitere-einschraenkungen-ab-montag\/#breadcrumb"},"inLanguage":"de","potentialAction":[{"@type":"ReadAction","target":["https:\/\/radioleinewelle.de\/index.php\/2021\/01\/10\/inzidenz-im-kreis-hoexter-ueber-200-weitere-einschraenkungen-ab-montag\/"]}]},{"@type":"ImageObject","inLanguage":"de","@id":"https:\/\/radioleinewelle.de\/index.php\/2021\/01\/10\/inzidenz-im-kreis-hoexter-ueber-200-weitere-einschraenkungen-ab-montag\/#primaryimage","url":"https:\/\/radioleinewelle.de\/wp-content\/uploads\/2021\/01\/church-2485409_640.jpg","contentUrl":"https:\/\/radioleinewelle.de\/wp-content\/uploads\/2021\/01\/church-2485409_640.jpg","width":640,"height":480},{"@type":"BreadcrumbList","@id":"https:\/\/radioleinewelle.de\/index.php\/2021\/01\/10\/inzidenz-im-kreis-hoexter-ueber-200-weitere-einschraenkungen-ab-montag\/#breadcrumb","itemListElement":[{"@type":"ListItem","position":1,"name":"Startseite","item":"https:\/\/radioleinewelle.de\/"},{"@type":"ListItem","position":2,"name":"Inzidenz im Kreis H\u00f6xter \u00fcber 200: Weitere Einschr\u00e4nkungen ab Montag"}]},{"@type":"WebSite","@id":"https:\/\/radioleinewelle.de\/#website","url":"https:\/\/radioleinewelle.de\/","name":"Radio Leinewelle","description":"","publisher":{"@id":"https:\/\/radioleinewelle.de\/#organization"},"potentialAction":[{"@type":"SearchAction","target":{"@type":"EntryPoint","urlTemplate":"https:\/\/radioleinewelle.de\/?s={search_term_string}"},"query-input":{"@type":"PropertyValueSpecification","valueRequired":true,"valueName":"search_term_string"}}],"inLanguage":"de"},{"@type":"Organization","@id":"https:\/\/radioleinewelle.de\/#organization","name":"Radio Leinewelle","alternateName":"Mein Radio f\u00fcr S\u00fcdniedersachsen","url":"https:\/\/radioleinewelle.de\/","logo":{"@type":"ImageObject","inLanguage":"de","@id":"https:\/\/radioleinewelle.de\/#\/schema\/logo\/image\/","url":"https:\/\/radioleinewelle.de\/wp-content\/uploads\/2023\/11\/cropped-Leinewelle_Logo_weiss.png","contentUrl":"https:\/\/radioleinewelle.de\/wp-content\/uploads\/2023\/11\/cropped-Leinewelle_Logo_weiss.png","width":854,"height":260,"caption":"Radio Leinewelle"},"image":{"@id":"https:\/\/radioleinewelle.de\/#\/schema\/logo\/image\/"},"sameAs":["https:\/\/www.facebook.com\/radioleinewelle","https:\/\/x.com\/RLeinewelle","https:\/\/www.instagram.com\/radioleinewelle\/?hl=de"]},{"@type":"Person","@id":"https:\/\/radioleinewelle.de\/#\/schema\/person\/45606f348637df637192dc1b68399a63","name":"Leinewelle","image":{"@type":"ImageObject","inLanguage":"de","@id":"https:\/\/secure.gravatar.com\/avatar\/05c9a17bc973052ee5d91549bd32fb4dd0dc85b7b85ae94b2e2b4943476bbea5?s=96&d=blank&r=g","url":"https:\/\/secure.gravatar.com\/avatar\/05c9a17bc973052ee5d91549bd32fb4dd0dc85b7b85ae94b2e2b4943476bbea5?s=96&d=blank&r=g","contentUrl":"https:\/\/secure.gravatar.com\/avatar\/05c9a17bc973052ee5d91549bd32fb4dd0dc85b7b85ae94b2e2b4943476bbea5?s=96&d=blank&r=g","caption":"Leinewelle"},"sameAs":["http:\/\/localhost\/radio%20leinewelle\/wordpress","https:\/\/www.facebook.com\/radioleinewelle","https:\/\/www.instagram.com\/radioleinewelle","https:\/\/x.com\/https:\/\/twitter.com\/RLeinewelle?ref_src=twsrcgoogletwcampserptwgrauthor","https:\/\/soundcloud.com\/foerderverein-lokalradio?utm_source=clipboard&utm_medium=text&utm_campaign=social_sharing"],"url":"https:\/\/radioleinewelle.de\/index.php\/author\/leinewelle\/"}]}},"_links":{"self":[{"href":"https:\/\/radioleinewelle.de\/index.php\/wp-json\/wp\/v2\/posts\/4033","targetHints":{"allow":["GET"]}}],"collection":[{"href":"https:\/\/radioleinewelle.de\/index.php\/wp-json\/wp\/v2\/posts"}],"about":[{"href":"https:\/\/radioleinewelle.de\/index.php\/wp-json\/wp\/v2\/types\/post"}],"author":[{"embeddable":true,"href":"https:\/\/radioleinewelle.de\/index.php\/wp-json\/wp\/v2\/users\/1"}],"replies":[{"embeddable":true,"href":"https:\/\/radioleinewelle.de\/index.php\/wp-json\/wp\/v2\/comments?post=4033"}],"version-history":[{"count":0,"href":"https:\/\/radioleinewelle.de\/index.php\/wp-json\/wp\/v2\/posts\/4033\/revisions"}],"wp:featuredmedia":[{"embeddable":true,"href":"https:\/\/radioleinewelle.de\/index.php\/wp-json\/wp\/v2\/media\/4036"}],"wp:attachment":[{"href":"https:\/\/radioleinewelle.de\/index.php\/wp-json\/wp\/v2\/media?parent=4033"}],"wp:term":[{"taxonomy":"category","embeddable":true,"href":"https:\/\/radioleinewelle.de\/index.php\/wp-json\/wp\/v2\/categories?post=4033"},{"taxonomy":"post_tag","embeddable":true,"href":"https:\/\/radioleinewelle.de\/index.php\/wp-json\/wp\/v2\/tags?post=4033"}],"curies":[{"name":"wp","href":"https:\/\/api.w.org\/{rel}","templated":true}]}}