{"id":4037,"date":"2021-01-11T05:00:00","date_gmt":"2021-01-11T04:00:00","guid":{"rendered":"https:\/\/radioleinewelle.de\/?p=4037"},"modified":"2021-01-11T05:00:00","modified_gmt":"2021-01-11T04:00:00","slug":"thuemler-und-hone-draengen-nach-brexit-und-erasmus-aus-auf-hochschul-austausch","status":"publish","type":"post","link":"https:\/\/radioleinewelle.de\/index.php\/2021\/01\/11\/thuemler-und-hone-draengen-nach-brexit-und-erasmus-aus-auf-hochschul-austausch\/","title":{"rendered":"Th\u00fcmler und Hon\u00e9 dr\u00e4ngen nach Brexit und Erasmus-Aus auf Hochschul-Austausch"},"content":{"rendered":"\n<p>Niedersachsens Landesregierung zeigt sich besorgt \u00fcber das Auslaufen des \u201eErasmus\u201c-Austauschprogramms zwischen der Europ\u00e4ischen Union und dem Vereinigten K\u00f6nigreich. \u201eIch bedauere den geplanten Ausstieg der Briten aus dem Programm sehr\u201c, sagte Niedersachsens Wissenschaftsminister Bj\u00f6rn Th\u00fcmler. \u201eEs ist ein Anachronismus, wenn jungen Menschen in einer Zeit, in der die Welt zusammenw\u00e4chst, beim internationalen Austausch Steine in den Weg gelegt werden\u201c, erg\u00e4nzte Niedersachsens Europaministerin Birgit Hon\u00e9. Hon\u00e9 mahnte, dass nicht ausgerechnet die jungen Menschen zu Hauptleidtragenden der Brexit-Folgen werden d\u00fcrften. Im Vereinigten K\u00f6nigreich h\u00e4tten die J\u00fcngeren \u00fcberwiegend gegen den Austritt gestimmt. Insbesondere die Studierenden aus der EU, also auch aus Niedersachsen, drohten k\u00fcnftig schlechter dazustehen.<\/p>\n\n\n\n<p>Der britische Premierminister Boris Johnson hatte nach der Einigung auf ein Post-Brexit-Abkommen an Heiligabend angek\u00fcndigt, dass Gro\u00dfbritannien das europ\u00e4ische Programm nach drei Jahrzehnten verl\u00e4sst. \u201eWir verlieren ein wichtiges Partnerland in der EU, dass viele renommierte Universit\u00e4ten beheimatet. Der Ausstieg wird dem Austausch der Studierenden h\u00f6here H\u00fcrden in den Weg legen und voraussichtlich neben h\u00f6heren Kosten auch ein Mehr an B\u00fcrokratie bedeuten\u201c, sagte Th\u00fcmler.<\/p>\n\n\n\n<p>Th\u00fcmler und Hon\u00e9 betonten, dass sich Niedersachsen f\u00fcr den weiteren engen Austausch stark machen werde und die bestehenden Kooperationen ausbauen wolle. \u201eWir haben bereits Anfang 2020 einen besonderen Schwerpunkt auf Projekte mit schottischen Hochschulen gelegt\u201c, sagte Th\u00fcmler. Im vergangenen September hatten die Landeshochschulkonferenz und die Hochschulvereinigung Universities Scotland eine Hochschulzusammenarbeit zwischen Niedersachsen und Schottland unterzeichnet. Rund 260 000 Euro hat das Nieders\u00e4chsische Ministerium f\u00fcr Wissenschaft und Kultur seitdem in die St\u00e4rkung gemeinsamer Projekte in Forschung und Lehre investiert. So haben die Universit\u00e4ten L\u00fcneburg und Glasgow mit dem European Centre for Advanced Studies (ECAS) eine gemeinsame Forschungsinstitution gegr\u00fcndet. \u201eWir werden diese Kooperation auch im kommenden Jahr weiter st\u00e4rken\u201c, sagte Th\u00fcmler.<\/p>\n\n\n\n<p>Europaministerin Hon\u00e9 st\u00fctzt diesen Kurs: \u201eNeben dem akademische Gewinn f\u00fchrt Erasmus+ junge Europ\u00e4er und Europ\u00e4erinnen zusammen und l\u00e4sst sie den Mehrwert des internationalen Austauschs erleben\u201c, sagte die Ministerin. Sie werde sich sowohl vor Ort als auch in Berlin und Br\u00fcssel daf\u00fcr stark machen, dass das Studium im Vereinigten K\u00f6nigreich m\u00f6glich bleibt: \u201eEs darf nicht sein, dass unsere eigenen Studierenden nun die Leidtragenden des Brexit werden. Ihnen muss weiterhin ein Studium im Vereinigten K\u00f6nigreich m\u00f6glich sein \u2013 unabh\u00e4ngig vom Geldbeutel der Eltern\u201c, so die Ministerin. Niedersachsen k\u00f6nne sich keinen R\u00fcckschritt bei Internationalit\u00e4t, Fremdsprachenerwerb und interkultureller Kompetenz leisten. Auch m\u00fcssten die historisch engen Beziehungen zwischen Niedersachsen und dem Vereinigten K\u00f6nigreich gest\u00e4rkt werden.<\/p>\n\n\n\n<p>Bild von&nbsp;<a href=\"https:\/\/pixabay.com\/de\/users\/geralt-9301\/?utm_source=link-attribution&amp;utm_medium=referral&amp;utm_campaign=image&amp;utm_content=4126483\">Gerd Altmann<\/a>&nbsp;auf&nbsp;<a href=\"https:\/\/pixabay.com\/de\/?utm_source=link-attribution&amp;utm_medium=referral&amp;utm_campaign=image&amp;utm_content=4126483\">Pixabay<\/a>&nbsp;<\/p>\n","protected":false},"excerpt":{"rendered":"<p>Niedersachsens Landesregierung zeigt sich besorgt \u00fcber das Auslaufen des \u201eErasmus\u201c-Austauschprogramms zwischen der Europ\u00e4ischen Union und dem Vereinigten K\u00f6nigreich. \u201eIch bedauere den geplanten Ausstieg der Briten aus dem Programm sehr\u201c, sagte Niedersachsens Wissenschaftsminister Bj\u00f6rn Th\u00fcmler. \u201eEs ist ein Anachronismus, wenn jungen Menschen in einer Zeit, in der die Welt zusammenw\u00e4chst, beim internationalen Austausch Steine in den [&hellip;]<\/p>\n","protected":false},"author":1,"featured_media":0,"comment_status":"closed","ping_status":"closed","sticky":false,"template":"","format":"standard","meta":{"saved_in_kubio":false,"footnotes":""},"categories":[46],"tags":[],"class_list":["post-4037","post","type-post","status-publish","format-standard","hentry","category-beruf-karriere"],"yoast_head":"<!-- This site is optimized with the Yoast SEO plugin v27.5 - https:\/\/yoast.com\/product\/yoast-seo-wordpress\/ -->\n<title>Th\u00fcmler und Hon\u00e9 dr\u00e4ngen nach Brexit und Erasmus-Aus auf Hochschul-Austausch - Radio Leinewelle<\/title>\n<meta name=\"robots\" content=\"index, follow, max-snippet:-1, max-image-preview:large, max-video-preview:-1\" \/>\n<link rel=\"canonical\" href=\"https:\/\/radioleinewelle.de\/index.php\/2021\/01\/11\/thuemler-und-hone-draengen-nach-brexit-und-erasmus-aus-auf-hochschul-austausch\/\" \/>\n<meta property=\"og:locale\" content=\"de_DE\" \/>\n<meta property=\"og:type\" content=\"article\" \/>\n<meta property=\"og:title\" content=\"Th\u00fcmler und Hon\u00e9 dr\u00e4ngen nach Brexit und Erasmus-Aus auf Hochschul-Austausch - Radio Leinewelle\" \/>\n<meta property=\"og:description\" content=\"Niedersachsens Landesregierung zeigt sich besorgt \u00fcber das Auslaufen des \u201eErasmus\u201c-Austauschprogramms zwischen der Europ\u00e4ischen Union und dem Vereinigten K\u00f6nigreich. \u201eIch bedauere den geplanten Ausstieg der Briten aus dem Programm sehr\u201c, sagte Niedersachsens Wissenschaftsminister Bj\u00f6rn Th\u00fcmler. \u201eEs ist ein Anachronismus, wenn jungen Menschen in einer Zeit, in der die Welt zusammenw\u00e4chst, beim internationalen Austausch Steine in den [&hellip;]\" \/>\n<meta property=\"og:url\" content=\"https:\/\/radioleinewelle.de\/index.php\/2021\/01\/11\/thuemler-und-hone-draengen-nach-brexit-und-erasmus-aus-auf-hochschul-austausch\/\" \/>\n<meta property=\"og:site_name\" content=\"Radio Leinewelle\" \/>\n<meta property=\"article:publisher\" content=\"https:\/\/www.facebook.com\/radioleinewelle\" \/>\n<meta property=\"article:author\" content=\"https:\/\/www.facebook.com\/radioleinewelle\" \/>\n<meta property=\"article:published_time\" content=\"2021-01-11T04:00:00+00:00\" \/>\n<meta name=\"author\" content=\"Leinewelle\" \/>\n<meta name=\"twitter:card\" content=\"summary_large_image\" \/>\n<meta name=\"twitter:creator\" content=\"@https:\/\/twitter.com\/RLeinewelle?ref_src=twsrcgoogletwcampserptwgrauthor\" \/>\n<meta name=\"twitter:site\" content=\"@RLeinewelle\" \/>\n<meta name=\"twitter:label1\" content=\"Verfasst von\" \/>\n\t<meta name=\"twitter:data1\" content=\"Leinewelle\" \/>\n\t<meta name=\"twitter:label2\" content=\"Gesch\u00e4tzte Lesezeit\" \/>\n\t<meta name=\"twitter:data2\" content=\"2\u00a0Minuten\" \/>\n<script type=\"application\/ld+json\" class=\"yoast-schema-graph\">{\"@context\":\"https:\\\/\\\/schema.org\",\"@graph\":[{\"@type\":\"Article\",\"@id\":\"https:\\\/\\\/radioleinewelle.de\\\/index.php\\\/2021\\\/01\\\/11\\\/thuemler-und-hone-draengen-nach-brexit-und-erasmus-aus-auf-hochschul-austausch\\\/#article\",\"isPartOf\":{\"@id\":\"https:\\\/\\\/radioleinewelle.de\\\/index.php\\\/2021\\\/01\\\/11\\\/thuemler-und-hone-draengen-nach-brexit-und-erasmus-aus-auf-hochschul-austausch\\\/\"},\"author\":{\"name\":\"Leinewelle\",\"@id\":\"https:\\\/\\\/radioleinewelle.de\\\/#\\\/schema\\\/person\\\/45606f348637df637192dc1b68399a63\"},\"headline\":\"Th\u00fcmler und Hon\u00e9 dr\u00e4ngen nach Brexit und Erasmus-Aus auf Hochschul-Austausch\",\"datePublished\":\"2021-01-11T04:00:00+00:00\",\"mainEntityOfPage\":{\"@id\":\"https:\\\/\\\/radioleinewelle.de\\\/index.php\\\/2021\\\/01\\\/11\\\/thuemler-und-hone-draengen-nach-brexit-und-erasmus-aus-auf-hochschul-austausch\\\/\"},\"wordCount\":453,\"publisher\":{\"@id\":\"https:\\\/\\\/radioleinewelle.de\\\/#organization\"},\"articleSection\":[\"Beruf &amp; Karriere\"],\"inLanguage\":\"de\"},{\"@type\":\"WebPage\",\"@id\":\"https:\\\/\\\/radioleinewelle.de\\\/index.php\\\/2021\\\/01\\\/11\\\/thuemler-und-hone-draengen-nach-brexit-und-erasmus-aus-auf-hochschul-austausch\\\/\",\"url\":\"https:\\\/\\\/radioleinewelle.de\\\/index.php\\\/2021\\\/01\\\/11\\\/thuemler-und-hone-draengen-nach-brexit-und-erasmus-aus-auf-hochschul-austausch\\\/\",\"name\":\"Th\u00fcmler und Hon\u00e9 dr\u00e4ngen nach Brexit und Erasmus-Aus auf Hochschul-Austausch - Radio Leinewelle\",\"isPartOf\":{\"@id\":\"https:\\\/\\\/radioleinewelle.de\\\/#website\"},\"datePublished\":\"2021-01-11T04:00:00+00:00\",\"breadcrumb\":{\"@id\":\"https:\\\/\\\/radioleinewelle.de\\\/index.php\\\/2021\\\/01\\\/11\\\/thuemler-und-hone-draengen-nach-brexit-und-erasmus-aus-auf-hochschul-austausch\\\/#breadcrumb\"},\"inLanguage\":\"de\",\"potentialAction\":[{\"@type\":\"ReadAction\",\"target\":[\"https:\\\/\\\/radioleinewelle.de\\\/index.php\\\/2021\\\/01\\\/11\\\/thuemler-und-hone-draengen-nach-brexit-und-erasmus-aus-auf-hochschul-austausch\\\/\"]}]},{\"@type\":\"BreadcrumbList\",\"@id\":\"https:\\\/\\\/radioleinewelle.de\\\/index.php\\\/2021\\\/01\\\/11\\\/thuemler-und-hone-draengen-nach-brexit-und-erasmus-aus-auf-hochschul-austausch\\\/#breadcrumb\",\"itemListElement\":[{\"@type\":\"ListItem\",\"position\":1,\"name\":\"Startseite\",\"item\":\"https:\\\/\\\/radioleinewelle.de\\\/\"},{\"@type\":\"ListItem\",\"position\":2,\"name\":\"Th\u00fcmler und Hon\u00e9 dr\u00e4ngen nach Brexit und Erasmus-Aus auf Hochschul-Austausch\"}]},{\"@type\":\"WebSite\",\"@id\":\"https:\\\/\\\/radioleinewelle.de\\\/#website\",\"url\":\"https:\\\/\\\/radioleinewelle.de\\\/\",\"name\":\"Radio Leinewelle\",\"description\":\"\",\"publisher\":{\"@id\":\"https:\\\/\\\/radioleinewelle.de\\\/#organization\"},\"potentialAction\":[{\"@type\":\"SearchAction\",\"target\":{\"@type\":\"EntryPoint\",\"urlTemplate\":\"https:\\\/\\\/radioleinewelle.de\\\/?s={search_term_string}\"},\"query-input\":{\"@type\":\"PropertyValueSpecification\",\"valueRequired\":true,\"valueName\":\"search_term_string\"}}],\"inLanguage\":\"de\"},{\"@type\":\"Organization\",\"@id\":\"https:\\\/\\\/radioleinewelle.de\\\/#organization\",\"name\":\"Radio Leinewelle\",\"alternateName\":\"Mein Radio f\u00fcr S\u00fcdniedersachsen\",\"url\":\"https:\\\/\\\/radioleinewelle.de\\\/\",\"logo\":{\"@type\":\"ImageObject\",\"inLanguage\":\"de\",\"@id\":\"https:\\\/\\\/radioleinewelle.de\\\/#\\\/schema\\\/logo\\\/image\\\/\",\"url\":\"https:\\\/\\\/radioleinewelle.de\\\/wp-content\\\/uploads\\\/2023\\\/11\\\/cropped-Leinewelle_Logo_weiss.png\",\"contentUrl\":\"https:\\\/\\\/radioleinewelle.de\\\/wp-content\\\/uploads\\\/2023\\\/11\\\/cropped-Leinewelle_Logo_weiss.png\",\"width\":854,\"height\":260,\"caption\":\"Radio Leinewelle\"},\"image\":{\"@id\":\"https:\\\/\\\/radioleinewelle.de\\\/#\\\/schema\\\/logo\\\/image\\\/\"},\"sameAs\":[\"https:\\\/\\\/www.facebook.com\\\/radioleinewelle\",\"https:\\\/\\\/x.com\\\/RLeinewelle\",\"https:\\\/\\\/www.instagram.com\\\/radioleinewelle\\\/?hl=de\"]},{\"@type\":\"Person\",\"@id\":\"https:\\\/\\\/radioleinewelle.de\\\/#\\\/schema\\\/person\\\/45606f348637df637192dc1b68399a63\",\"name\":\"Leinewelle\",\"image\":{\"@type\":\"ImageObject\",\"inLanguage\":\"de\",\"@id\":\"https:\\\/\\\/secure.gravatar.com\\\/avatar\\\/05c9a17bc973052ee5d91549bd32fb4dd0dc85b7b85ae94b2e2b4943476bbea5?s=96&d=blank&r=g\",\"url\":\"https:\\\/\\\/secure.gravatar.com\\\/avatar\\\/05c9a17bc973052ee5d91549bd32fb4dd0dc85b7b85ae94b2e2b4943476bbea5?s=96&d=blank&r=g\",\"contentUrl\":\"https:\\\/\\\/secure.gravatar.com\\\/avatar\\\/05c9a17bc973052ee5d91549bd32fb4dd0dc85b7b85ae94b2e2b4943476bbea5?s=96&d=blank&r=g\",\"caption\":\"Leinewelle\"},\"sameAs\":[\"http:\\\/\\\/localhost\\\/radio%20leinewelle\\\/wordpress\",\"https:\\\/\\\/www.facebook.com\\\/radioleinewelle\",\"https:\\\/\\\/www.instagram.com\\\/radioleinewelle\",\"https:\\\/\\\/x.com\\\/https:\\\/\\\/twitter.com\\\/RLeinewelle?ref_src=twsrcgoogletwcampserptwgrauthor\",\"https:\\\/\\\/soundcloud.com\\\/foerderverein-lokalradio?utm_source=clipboard&utm_medium=text&utm_campaign=social_sharing\"],\"url\":\"https:\\\/\\\/radioleinewelle.de\\\/index.php\\\/author\\\/leinewelle\\\/\"}]}<\/script>\n<!-- \/ Yoast SEO plugin. -->","yoast_head_json":{"title":"Th\u00fcmler und Hon\u00e9 dr\u00e4ngen nach Brexit und Erasmus-Aus auf Hochschul-Austausch - Radio Leinewelle","robots":{"index":"index","follow":"follow","max-snippet":"max-snippet:-1","max-image-preview":"max-image-preview:large","max-video-preview":"max-video-preview:-1"},"canonical":"https:\/\/radioleinewelle.de\/index.php\/2021\/01\/11\/thuemler-und-hone-draengen-nach-brexit-und-erasmus-aus-auf-hochschul-austausch\/","og_locale":"de_DE","og_type":"article","og_title":"Th\u00fcmler und Hon\u00e9 dr\u00e4ngen nach Brexit und Erasmus-Aus auf Hochschul-Austausch - Radio Leinewelle","og_description":"Niedersachsens Landesregierung zeigt sich besorgt \u00fcber das Auslaufen des \u201eErasmus\u201c-Austauschprogramms zwischen der Europ\u00e4ischen Union und dem Vereinigten K\u00f6nigreich. \u201eIch bedauere den geplanten Ausstieg der Briten aus dem Programm sehr\u201c, sagte Niedersachsens Wissenschaftsminister Bj\u00f6rn Th\u00fcmler. \u201eEs ist ein Anachronismus, wenn jungen Menschen in einer Zeit, in der die Welt zusammenw\u00e4chst, beim internationalen Austausch Steine in den [&hellip;]","og_url":"https:\/\/radioleinewelle.de\/index.php\/2021\/01\/11\/thuemler-und-hone-draengen-nach-brexit-und-erasmus-aus-auf-hochschul-austausch\/","og_site_name":"Radio Leinewelle","article_publisher":"https:\/\/www.facebook.com\/radioleinewelle","article_author":"https:\/\/www.facebook.com\/radioleinewelle","article_published_time":"2021-01-11T04:00:00+00:00","author":"Leinewelle","twitter_card":"summary_large_image","twitter_creator":"@https:\/\/twitter.com\/RLeinewelle?ref_src=twsrcgoogletwcampserptwgrauthor","twitter_site":"@RLeinewelle","twitter_misc":{"Verfasst von":"Leinewelle","Gesch\u00e4tzte Lesezeit":"2\u00a0Minuten"},"schema":{"@context":"https:\/\/schema.org","@graph":[{"@type":"Article","@id":"https:\/\/radioleinewelle.de\/index.php\/2021\/01\/11\/thuemler-und-hone-draengen-nach-brexit-und-erasmus-aus-auf-hochschul-austausch\/#article","isPartOf":{"@id":"https:\/\/radioleinewelle.de\/index.php\/2021\/01\/11\/thuemler-und-hone-draengen-nach-brexit-und-erasmus-aus-auf-hochschul-austausch\/"},"author":{"name":"Leinewelle","@id":"https:\/\/radioleinewelle.de\/#\/schema\/person\/45606f348637df637192dc1b68399a63"},"headline":"Th\u00fcmler und Hon\u00e9 dr\u00e4ngen nach Brexit und Erasmus-Aus auf Hochschul-Austausch","datePublished":"2021-01-11T04:00:00+00:00","mainEntityOfPage":{"@id":"https:\/\/radioleinewelle.de\/index.php\/2021\/01\/11\/thuemler-und-hone-draengen-nach-brexit-und-erasmus-aus-auf-hochschul-austausch\/"},"wordCount":453,"publisher":{"@id":"https:\/\/radioleinewelle.de\/#organization"},"articleSection":["Beruf &amp; Karriere"],"inLanguage":"de"},{"@type":"WebPage","@id":"https:\/\/radioleinewelle.de\/index.php\/2021\/01\/11\/thuemler-und-hone-draengen-nach-brexit-und-erasmus-aus-auf-hochschul-austausch\/","url":"https:\/\/radioleinewelle.de\/index.php\/2021\/01\/11\/thuemler-und-hone-draengen-nach-brexit-und-erasmus-aus-auf-hochschul-austausch\/","name":"Th\u00fcmler und Hon\u00e9 dr\u00e4ngen nach Brexit und Erasmus-Aus auf Hochschul-Austausch - Radio Leinewelle","isPartOf":{"@id":"https:\/\/radioleinewelle.de\/#website"},"datePublished":"2021-01-11T04:00:00+00:00","breadcrumb":{"@id":"https:\/\/radioleinewelle.de\/index.php\/2021\/01\/11\/thuemler-und-hone-draengen-nach-brexit-und-erasmus-aus-auf-hochschul-austausch\/#breadcrumb"},"inLanguage":"de","potentialAction":[{"@type":"ReadAction","target":["https:\/\/radioleinewelle.de\/index.php\/2021\/01\/11\/thuemler-und-hone-draengen-nach-brexit-und-erasmus-aus-auf-hochschul-austausch\/"]}]},{"@type":"BreadcrumbList","@id":"https:\/\/radioleinewelle.de\/index.php\/2021\/01\/11\/thuemler-und-hone-draengen-nach-brexit-und-erasmus-aus-auf-hochschul-austausch\/#breadcrumb","itemListElement":[{"@type":"ListItem","position":1,"name":"Startseite","item":"https:\/\/radioleinewelle.de\/"},{"@type":"ListItem","position":2,"name":"Th\u00fcmler und Hon\u00e9 dr\u00e4ngen nach Brexit und Erasmus-Aus auf Hochschul-Austausch"}]},{"@type":"WebSite","@id":"https:\/\/radioleinewelle.de\/#website","url":"https:\/\/radioleinewelle.de\/","name":"Radio Leinewelle","description":"","publisher":{"@id":"https:\/\/radioleinewelle.de\/#organization"},"potentialAction":[{"@type":"SearchAction","target":{"@type":"EntryPoint","urlTemplate":"https:\/\/radioleinewelle.de\/?s={search_term_string}"},"query-input":{"@type":"PropertyValueSpecification","valueRequired":true,"valueName":"search_term_string"}}],"inLanguage":"de"},{"@type":"Organization","@id":"https:\/\/radioleinewelle.de\/#organization","name":"Radio Leinewelle","alternateName":"Mein Radio f\u00fcr S\u00fcdniedersachsen","url":"https:\/\/radioleinewelle.de\/","logo":{"@type":"ImageObject","inLanguage":"de","@id":"https:\/\/radioleinewelle.de\/#\/schema\/logo\/image\/","url":"https:\/\/radioleinewelle.de\/wp-content\/uploads\/2023\/11\/cropped-Leinewelle_Logo_weiss.png","contentUrl":"https:\/\/radioleinewelle.de\/wp-content\/uploads\/2023\/11\/cropped-Leinewelle_Logo_weiss.png","width":854,"height":260,"caption":"Radio Leinewelle"},"image":{"@id":"https:\/\/radioleinewelle.de\/#\/schema\/logo\/image\/"},"sameAs":["https:\/\/www.facebook.com\/radioleinewelle","https:\/\/x.com\/RLeinewelle","https:\/\/www.instagram.com\/radioleinewelle\/?hl=de"]},{"@type":"Person","@id":"https:\/\/radioleinewelle.de\/#\/schema\/person\/45606f348637df637192dc1b68399a63","name":"Leinewelle","image":{"@type":"ImageObject","inLanguage":"de","@id":"https:\/\/secure.gravatar.com\/avatar\/05c9a17bc973052ee5d91549bd32fb4dd0dc85b7b85ae94b2e2b4943476bbea5?s=96&d=blank&r=g","url":"https:\/\/secure.gravatar.com\/avatar\/05c9a17bc973052ee5d91549bd32fb4dd0dc85b7b85ae94b2e2b4943476bbea5?s=96&d=blank&r=g","contentUrl":"https:\/\/secure.gravatar.com\/avatar\/05c9a17bc973052ee5d91549bd32fb4dd0dc85b7b85ae94b2e2b4943476bbea5?s=96&d=blank&r=g","caption":"Leinewelle"},"sameAs":["http:\/\/localhost\/radio%20leinewelle\/wordpress","https:\/\/www.facebook.com\/radioleinewelle","https:\/\/www.instagram.com\/radioleinewelle","https:\/\/x.com\/https:\/\/twitter.com\/RLeinewelle?ref_src=twsrcgoogletwcampserptwgrauthor","https:\/\/soundcloud.com\/foerderverein-lokalradio?utm_source=clipboard&utm_medium=text&utm_campaign=social_sharing"],"url":"https:\/\/radioleinewelle.de\/index.php\/author\/leinewelle\/"}]}},"_links":{"self":[{"href":"https:\/\/radioleinewelle.de\/index.php\/wp-json\/wp\/v2\/posts\/4037","targetHints":{"allow":["GET"]}}],"collection":[{"href":"https:\/\/radioleinewelle.de\/index.php\/wp-json\/wp\/v2\/posts"}],"about":[{"href":"https:\/\/radioleinewelle.de\/index.php\/wp-json\/wp\/v2\/types\/post"}],"author":[{"embeddable":true,"href":"https:\/\/radioleinewelle.de\/index.php\/wp-json\/wp\/v2\/users\/1"}],"replies":[{"embeddable":true,"href":"https:\/\/radioleinewelle.de\/index.php\/wp-json\/wp\/v2\/comments?post=4037"}],"version-history":[{"count":0,"href":"https:\/\/radioleinewelle.de\/index.php\/wp-json\/wp\/v2\/posts\/4037\/revisions"}],"wp:attachment":[{"href":"https:\/\/radioleinewelle.de\/index.php\/wp-json\/wp\/v2\/media?parent=4037"}],"wp:term":[{"taxonomy":"category","embeddable":true,"href":"https:\/\/radioleinewelle.de\/index.php\/wp-json\/wp\/v2\/categories?post=4037"},{"taxonomy":"post_tag","embeddable":true,"href":"https:\/\/radioleinewelle.de\/index.php\/wp-json\/wp\/v2\/tags?post=4037"}],"curies":[{"name":"wp","href":"https:\/\/api.w.org\/{rel}","templated":true}]}}