{"id":4047,"date":"2021-01-11T05:10:00","date_gmt":"2021-01-11T04:10:00","guid":{"rendered":"https:\/\/radioleinewelle.de\/?p=4047"},"modified":"2021-01-11T05:10:00","modified_gmt":"2021-01-11T04:10:00","slug":"nach-ueberwachungsskandal-goettinger-polizei-sperrt-sich-gegen-aufarbeitung-und-verliert-dennoch-vor-gericht","status":"publish","type":"post","link":"https:\/\/radioleinewelle.de\/index.php\/2021\/01\/11\/nach-ueberwachungsskandal-goettinger-polizei-sperrt-sich-gegen-aufarbeitung-und-verliert-dennoch-vor-gericht\/","title":{"rendered":"Stellungnahme der Gr\u00fcnen zum G\u00f6ttinger  \u00dcberwachungsskandal"},"content":{"rendered":"\n<p>Im Sommer 2017 wurde eine gro\u00dffl\u00e4chige illegale \u00dcberwachung und Datensammlung durch das Fachkommissariat 4 (Staatsschutz) der G\u00f6ttinger Polizei \u00f6ffentlich. Die Polizei lie\u00df, offenbar ohne konkreten Anlass, Personen in der Stadt verdeckt beschatten, erstellte Pinnw\u00e4nde mit Fotos und legte 5 Aktenordner mit hunderten Eintr\u00e4gen an. Betroffen waren auch Mitglieder der Gr\u00fcnen Jugend und des Kreisvorstands der Gr\u00fcnen G\u00f6ttingen. Von 24 Klagen gegen diese Praxis hat die Polizei G\u00f6ttingen Ende Dezember 2020 bei 7 weiteren, darunter die Klage des Mitglieds des Kreisvorstands, die Rechtswidrigkeit ihres Vorgehens anerkannt. Noch immer sind 6 Verfahren ausstehend.<\/p>\n\n\n\n<p>Dazu Gregor Kreuzer, Sprecher des Kreisvorstands G\u00f6ttingen: &#8222;Es ist wichtig zu betonen, dass die Polizei G\u00f6ttingen die Rechtswidrigkeit rein aus formellen Gr\u00fcnden anerkannt hat, weil keine sogenannte &#8222;Dateibeschreibung&#8220; angelegt wurde. Unsere Kritik richtet sich aber vor allem dagegen, dass die Polizei offenbar anlasslos hunderte Menschen in G\u00f6ttingen im Alltag \u00fcberwacht hat und darin scheinbar immer noch keinerlei Problem sieht. Dass es 3 Jahre dauert, diese Formalie festzustellen, hinterl\u00e4sst zu viele offene Fragen. Es ist ein trauriges Zeugnis \u00fcber den Geist und die Wagenburgmentalit\u00e4t, die bei der G\u00f6ttinger Polizei zu herrschen scheinen.&#8220;<\/p>\n\n\n\n<p>Leonie Engelbert, Sprecherin des Kreisvorstands, erg\u00e4nzt: &#8222;Auch wenn die Akten wirklich zuf\u00e4llig kurz vor dem Bekanntwerden geschreddert worden sein sollten, h\u00e4tten wir uns etwas mehr Problembewusstsein erhofft. Scheinbar will die G\u00f6ttinger Polizei aber an solchem Vorgehen festhalten: In der Reihe des Spudok-Skandals in den 80ern, dessen Wiederauftauchen nach angeblicher L\u00f6schung in den 90ern und den LiMo-Enth\u00fcllungen 2017 muss schon fast damit gerechnet werden, dass in einigen Jahren wieder derartiges an die \u00d6ffentlichkeit kommt. Die Polizei muss diese jeder Rechtsgrundlage zuwiderlaufende Praxis endlich nachhaltig beenden! Nach einigen konstruktiven Gespr\u00e4chen mit der G\u00f6ttinger Polizeif\u00fchrung sind wir entt\u00e4uscht \u00fcber dieses intransparente Vorgehen. Die Polizei muss Bereitschaft zur Aufarbeitung zeigen und endlich anfangen, eine andere Fehlerkultur zu etablieren. Bis dahin bleiben wir bei unserer Kritik an solchem Vorgehen und dessen Vertuschung.&#8220;<\/p>\n\n\n\n<p>Foto: Gr\u00fcnes Zentrum G\u00f6ttingen \u00a9Die Gr\u00fcnen G\u00f6ttingen<\/p>\n","protected":false},"excerpt":{"rendered":"<p>Im Sommer 2017 wurde eine gro\u00dffl\u00e4chige illegale \u00dcberwachung und Datensammlung durch das Fachkommissariat 4 (Staatsschutz) der G\u00f6ttinger Polizei \u00f6ffentlich. Die Polizei lie\u00df, offenbar ohne konkreten Anlass, Personen in der Stadt verdeckt beschatten, erstellte Pinnw\u00e4nde mit Fotos und legte 5 Aktenordner mit hunderten Eintr\u00e4gen an. Betroffen waren auch Mitglieder der Gr\u00fcnen Jugend und des Kreisvorstands der [&hellip;]<\/p>\n","protected":false},"author":1,"featured_media":4050,"comment_status":"closed","ping_status":"closed","sticky":false,"template":"","format":"standard","meta":{"saved_in_kubio":false,"footnotes":""},"categories":[39],"tags":[],"class_list":["post-4047","post","type-post","status-publish","format-standard","has-post-thumbnail","hentry","category-lokalpolitik"],"yoast_head":"<!-- This site is optimized with the Yoast SEO plugin v27.5 - https:\/\/yoast.com\/product\/yoast-seo-wordpress\/ -->\n<title>Stellungnahme der Gr\u00fcnen zum G\u00f6ttinger \u00dcberwachungsskandal - Radio Leinewelle<\/title>\n<meta name=\"robots\" content=\"index, follow, max-snippet:-1, max-image-preview:large, max-video-preview:-1\" \/>\n<link rel=\"canonical\" href=\"https:\/\/radioleinewelle.de\/index.php\/2021\/01\/11\/nach-ueberwachungsskandal-goettinger-polizei-sperrt-sich-gegen-aufarbeitung-und-verliert-dennoch-vor-gericht\/\" \/>\n<meta property=\"og:locale\" content=\"de_DE\" \/>\n<meta property=\"og:type\" content=\"article\" \/>\n<meta property=\"og:title\" content=\"Stellungnahme der Gr\u00fcnen zum G\u00f6ttinger \u00dcberwachungsskandal - Radio Leinewelle\" \/>\n<meta property=\"og:description\" content=\"Im Sommer 2017 wurde eine gro\u00dffl\u00e4chige illegale \u00dcberwachung und Datensammlung durch das Fachkommissariat 4 (Staatsschutz) der G\u00f6ttinger Polizei \u00f6ffentlich. Die Polizei lie\u00df, offenbar ohne konkreten Anlass, Personen in der Stadt verdeckt beschatten, erstellte Pinnw\u00e4nde mit Fotos und legte 5 Aktenordner mit hunderten Eintr\u00e4gen an. Betroffen waren auch Mitglieder der Gr\u00fcnen Jugend und des Kreisvorstands der [&hellip;]\" \/>\n<meta property=\"og:url\" content=\"https:\/\/radioleinewelle.de\/index.php\/2021\/01\/11\/nach-ueberwachungsskandal-goettinger-polizei-sperrt-sich-gegen-aufarbeitung-und-verliert-dennoch-vor-gericht\/\" \/>\n<meta property=\"og:site_name\" content=\"Radio Leinewelle\" \/>\n<meta property=\"article:publisher\" content=\"https:\/\/www.facebook.com\/radioleinewelle\" \/>\n<meta property=\"article:author\" content=\"https:\/\/www.facebook.com\/radioleinewelle\" \/>\n<meta property=\"article:published_time\" content=\"2021-01-11T04:10:00+00:00\" \/>\n<meta property=\"og:image\" content=\"https:\/\/radioleinewelle.de\/wp-content\/uploads\/2021\/01\/csm_Gruenes_Zentrum-2016-_90_4e36713332.jpg\" \/>\n\t<meta property=\"og:image:width\" content=\"800\" \/>\n\t<meta property=\"og:image:height\" content=\"534\" \/>\n\t<meta property=\"og:image:type\" content=\"image\/jpeg\" \/>\n<meta name=\"author\" content=\"Leinewelle\" \/>\n<meta name=\"twitter:card\" content=\"summary_large_image\" \/>\n<meta name=\"twitter:creator\" content=\"@https:\/\/twitter.com\/RLeinewelle?ref_src=twsrcgoogletwcampserptwgrauthor\" \/>\n<meta name=\"twitter:site\" content=\"@RLeinewelle\" \/>\n<meta name=\"twitter:label1\" content=\"Verfasst von\" \/>\n\t<meta name=\"twitter:data1\" content=\"Leinewelle\" \/>\n\t<meta name=\"twitter:label2\" content=\"Gesch\u00e4tzte Lesezeit\" \/>\n\t<meta name=\"twitter:data2\" content=\"2\u00a0Minuten\" \/>\n<script type=\"application\/ld+json\" class=\"yoast-schema-graph\">{\"@context\":\"https:\\\/\\\/schema.org\",\"@graph\":[{\"@type\":\"Article\",\"@id\":\"https:\\\/\\\/radioleinewelle.de\\\/index.php\\\/2021\\\/01\\\/11\\\/nach-ueberwachungsskandal-goettinger-polizei-sperrt-sich-gegen-aufarbeitung-und-verliert-dennoch-vor-gericht\\\/#article\",\"isPartOf\":{\"@id\":\"https:\\\/\\\/radioleinewelle.de\\\/index.php\\\/2021\\\/01\\\/11\\\/nach-ueberwachungsskandal-goettinger-polizei-sperrt-sich-gegen-aufarbeitung-und-verliert-dennoch-vor-gericht\\\/\"},\"author\":{\"name\":\"Leinewelle\",\"@id\":\"https:\\\/\\\/radioleinewelle.de\\\/#\\\/schema\\\/person\\\/45606f348637df637192dc1b68399a63\"},\"headline\":\"Stellungnahme der Gr\u00fcnen zum G\u00f6ttinger \u00dcberwachungsskandal\",\"datePublished\":\"2021-01-11T04:10:00+00:00\",\"mainEntityOfPage\":{\"@id\":\"https:\\\/\\\/radioleinewelle.de\\\/index.php\\\/2021\\\/01\\\/11\\\/nach-ueberwachungsskandal-goettinger-polizei-sperrt-sich-gegen-aufarbeitung-und-verliert-dennoch-vor-gericht\\\/\"},\"wordCount\":345,\"publisher\":{\"@id\":\"https:\\\/\\\/radioleinewelle.de\\\/#organization\"},\"image\":{\"@id\":\"https:\\\/\\\/radioleinewelle.de\\\/index.php\\\/2021\\\/01\\\/11\\\/nach-ueberwachungsskandal-goettinger-polizei-sperrt-sich-gegen-aufarbeitung-und-verliert-dennoch-vor-gericht\\\/#primaryimage\"},\"thumbnailUrl\":\"https:\\\/\\\/radioleinewelle.de\\\/wp-content\\\/uploads\\\/2021\\\/01\\\/csm_Gruenes_Zentrum-2016-_90_4e36713332.jpg\",\"articleSection\":[\"Lokalpolitik\"],\"inLanguage\":\"de\"},{\"@type\":\"WebPage\",\"@id\":\"https:\\\/\\\/radioleinewelle.de\\\/index.php\\\/2021\\\/01\\\/11\\\/nach-ueberwachungsskandal-goettinger-polizei-sperrt-sich-gegen-aufarbeitung-und-verliert-dennoch-vor-gericht\\\/\",\"url\":\"https:\\\/\\\/radioleinewelle.de\\\/index.php\\\/2021\\\/01\\\/11\\\/nach-ueberwachungsskandal-goettinger-polizei-sperrt-sich-gegen-aufarbeitung-und-verliert-dennoch-vor-gericht\\\/\",\"name\":\"Stellungnahme der Gr\u00fcnen zum G\u00f6ttinger \u00dcberwachungsskandal - Radio Leinewelle\",\"isPartOf\":{\"@id\":\"https:\\\/\\\/radioleinewelle.de\\\/#website\"},\"primaryImageOfPage\":{\"@id\":\"https:\\\/\\\/radioleinewelle.de\\\/index.php\\\/2021\\\/01\\\/11\\\/nach-ueberwachungsskandal-goettinger-polizei-sperrt-sich-gegen-aufarbeitung-und-verliert-dennoch-vor-gericht\\\/#primaryimage\"},\"image\":{\"@id\":\"https:\\\/\\\/radioleinewelle.de\\\/index.php\\\/2021\\\/01\\\/11\\\/nach-ueberwachungsskandal-goettinger-polizei-sperrt-sich-gegen-aufarbeitung-und-verliert-dennoch-vor-gericht\\\/#primaryimage\"},\"thumbnailUrl\":\"https:\\\/\\\/radioleinewelle.de\\\/wp-content\\\/uploads\\\/2021\\\/01\\\/csm_Gruenes_Zentrum-2016-_90_4e36713332.jpg\",\"datePublished\":\"2021-01-11T04:10:00+00:00\",\"breadcrumb\":{\"@id\":\"https:\\\/\\\/radioleinewelle.de\\\/index.php\\\/2021\\\/01\\\/11\\\/nach-ueberwachungsskandal-goettinger-polizei-sperrt-sich-gegen-aufarbeitung-und-verliert-dennoch-vor-gericht\\\/#breadcrumb\"},\"inLanguage\":\"de\",\"potentialAction\":[{\"@type\":\"ReadAction\",\"target\":[\"https:\\\/\\\/radioleinewelle.de\\\/index.php\\\/2021\\\/01\\\/11\\\/nach-ueberwachungsskandal-goettinger-polizei-sperrt-sich-gegen-aufarbeitung-und-verliert-dennoch-vor-gericht\\\/\"]}]},{\"@type\":\"ImageObject\",\"inLanguage\":\"de\",\"@id\":\"https:\\\/\\\/radioleinewelle.de\\\/index.php\\\/2021\\\/01\\\/11\\\/nach-ueberwachungsskandal-goettinger-polizei-sperrt-sich-gegen-aufarbeitung-und-verliert-dennoch-vor-gericht\\\/#primaryimage\",\"url\":\"https:\\\/\\\/radioleinewelle.de\\\/wp-content\\\/uploads\\\/2021\\\/01\\\/csm_Gruenes_Zentrum-2016-_90_4e36713332.jpg\",\"contentUrl\":\"https:\\\/\\\/radioleinewelle.de\\\/wp-content\\\/uploads\\\/2021\\\/01\\\/csm_Gruenes_Zentrum-2016-_90_4e36713332.jpg\",\"width\":800,\"height\":534},{\"@type\":\"BreadcrumbList\",\"@id\":\"https:\\\/\\\/radioleinewelle.de\\\/index.php\\\/2021\\\/01\\\/11\\\/nach-ueberwachungsskandal-goettinger-polizei-sperrt-sich-gegen-aufarbeitung-und-verliert-dennoch-vor-gericht\\\/#breadcrumb\",\"itemListElement\":[{\"@type\":\"ListItem\",\"position\":1,\"name\":\"Startseite\",\"item\":\"https:\\\/\\\/radioleinewelle.de\\\/\"},{\"@type\":\"ListItem\",\"position\":2,\"name\":\"Stellungnahme der Gr\u00fcnen zum G\u00f6ttinger \u00dcberwachungsskandal\"}]},{\"@type\":\"WebSite\",\"@id\":\"https:\\\/\\\/radioleinewelle.de\\\/#website\",\"url\":\"https:\\\/\\\/radioleinewelle.de\\\/\",\"name\":\"Radio Leinewelle\",\"description\":\"\",\"publisher\":{\"@id\":\"https:\\\/\\\/radioleinewelle.de\\\/#organization\"},\"potentialAction\":[{\"@type\":\"SearchAction\",\"target\":{\"@type\":\"EntryPoint\",\"urlTemplate\":\"https:\\\/\\\/radioleinewelle.de\\\/?s={search_term_string}\"},\"query-input\":{\"@type\":\"PropertyValueSpecification\",\"valueRequired\":true,\"valueName\":\"search_term_string\"}}],\"inLanguage\":\"de\"},{\"@type\":\"Organization\",\"@id\":\"https:\\\/\\\/radioleinewelle.de\\\/#organization\",\"name\":\"Radio Leinewelle\",\"alternateName\":\"Mein Radio f\u00fcr S\u00fcdniedersachsen\",\"url\":\"https:\\\/\\\/radioleinewelle.de\\\/\",\"logo\":{\"@type\":\"ImageObject\",\"inLanguage\":\"de\",\"@id\":\"https:\\\/\\\/radioleinewelle.de\\\/#\\\/schema\\\/logo\\\/image\\\/\",\"url\":\"https:\\\/\\\/radioleinewelle.de\\\/wp-content\\\/uploads\\\/2023\\\/11\\\/cropped-Leinewelle_Logo_weiss.png\",\"contentUrl\":\"https:\\\/\\\/radioleinewelle.de\\\/wp-content\\\/uploads\\\/2023\\\/11\\\/cropped-Leinewelle_Logo_weiss.png\",\"width\":854,\"height\":260,\"caption\":\"Radio Leinewelle\"},\"image\":{\"@id\":\"https:\\\/\\\/radioleinewelle.de\\\/#\\\/schema\\\/logo\\\/image\\\/\"},\"sameAs\":[\"https:\\\/\\\/www.facebook.com\\\/radioleinewelle\",\"https:\\\/\\\/x.com\\\/RLeinewelle\",\"https:\\\/\\\/www.instagram.com\\\/radioleinewelle\\\/?hl=de\"]},{\"@type\":\"Person\",\"@id\":\"https:\\\/\\\/radioleinewelle.de\\\/#\\\/schema\\\/person\\\/45606f348637df637192dc1b68399a63\",\"name\":\"Leinewelle\",\"image\":{\"@type\":\"ImageObject\",\"inLanguage\":\"de\",\"@id\":\"https:\\\/\\\/secure.gravatar.com\\\/avatar\\\/05c9a17bc973052ee5d91549bd32fb4dd0dc85b7b85ae94b2e2b4943476bbea5?s=96&d=blank&r=g\",\"url\":\"https:\\\/\\\/secure.gravatar.com\\\/avatar\\\/05c9a17bc973052ee5d91549bd32fb4dd0dc85b7b85ae94b2e2b4943476bbea5?s=96&d=blank&r=g\",\"contentUrl\":\"https:\\\/\\\/secure.gravatar.com\\\/avatar\\\/05c9a17bc973052ee5d91549bd32fb4dd0dc85b7b85ae94b2e2b4943476bbea5?s=96&d=blank&r=g\",\"caption\":\"Leinewelle\"},\"sameAs\":[\"http:\\\/\\\/localhost\\\/radio%20leinewelle\\\/wordpress\",\"https:\\\/\\\/www.facebook.com\\\/radioleinewelle\",\"https:\\\/\\\/www.instagram.com\\\/radioleinewelle\",\"https:\\\/\\\/x.com\\\/https:\\\/\\\/twitter.com\\\/RLeinewelle?ref_src=twsrcgoogletwcampserptwgrauthor\",\"https:\\\/\\\/soundcloud.com\\\/foerderverein-lokalradio?utm_source=clipboard&utm_medium=text&utm_campaign=social_sharing\"],\"url\":\"https:\\\/\\\/radioleinewelle.de\\\/index.php\\\/author\\\/leinewelle\\\/\"}]}<\/script>\n<!-- \/ Yoast SEO plugin. -->","yoast_head_json":{"title":"Stellungnahme der Gr\u00fcnen zum G\u00f6ttinger \u00dcberwachungsskandal - Radio Leinewelle","robots":{"index":"index","follow":"follow","max-snippet":"max-snippet:-1","max-image-preview":"max-image-preview:large","max-video-preview":"max-video-preview:-1"},"canonical":"https:\/\/radioleinewelle.de\/index.php\/2021\/01\/11\/nach-ueberwachungsskandal-goettinger-polizei-sperrt-sich-gegen-aufarbeitung-und-verliert-dennoch-vor-gericht\/","og_locale":"de_DE","og_type":"article","og_title":"Stellungnahme der Gr\u00fcnen zum G\u00f6ttinger \u00dcberwachungsskandal - Radio Leinewelle","og_description":"Im Sommer 2017 wurde eine gro\u00dffl\u00e4chige illegale \u00dcberwachung und Datensammlung durch das Fachkommissariat 4 (Staatsschutz) der G\u00f6ttinger Polizei \u00f6ffentlich. Die Polizei lie\u00df, offenbar ohne konkreten Anlass, Personen in der Stadt verdeckt beschatten, erstellte Pinnw\u00e4nde mit Fotos und legte 5 Aktenordner mit hunderten Eintr\u00e4gen an. Betroffen waren auch Mitglieder der Gr\u00fcnen Jugend und des Kreisvorstands der [&hellip;]","og_url":"https:\/\/radioleinewelle.de\/index.php\/2021\/01\/11\/nach-ueberwachungsskandal-goettinger-polizei-sperrt-sich-gegen-aufarbeitung-und-verliert-dennoch-vor-gericht\/","og_site_name":"Radio Leinewelle","article_publisher":"https:\/\/www.facebook.com\/radioleinewelle","article_author":"https:\/\/www.facebook.com\/radioleinewelle","article_published_time":"2021-01-11T04:10:00+00:00","og_image":[{"width":800,"height":534,"url":"https:\/\/radioleinewelle.de\/wp-content\/uploads\/2021\/01\/csm_Gruenes_Zentrum-2016-_90_4e36713332.jpg","type":"image\/jpeg"}],"author":"Leinewelle","twitter_card":"summary_large_image","twitter_creator":"@https:\/\/twitter.com\/RLeinewelle?ref_src=twsrcgoogletwcampserptwgrauthor","twitter_site":"@RLeinewelle","twitter_misc":{"Verfasst von":"Leinewelle","Gesch\u00e4tzte Lesezeit":"2\u00a0Minuten"},"schema":{"@context":"https:\/\/schema.org","@graph":[{"@type":"Article","@id":"https:\/\/radioleinewelle.de\/index.php\/2021\/01\/11\/nach-ueberwachungsskandal-goettinger-polizei-sperrt-sich-gegen-aufarbeitung-und-verliert-dennoch-vor-gericht\/#article","isPartOf":{"@id":"https:\/\/radioleinewelle.de\/index.php\/2021\/01\/11\/nach-ueberwachungsskandal-goettinger-polizei-sperrt-sich-gegen-aufarbeitung-und-verliert-dennoch-vor-gericht\/"},"author":{"name":"Leinewelle","@id":"https:\/\/radioleinewelle.de\/#\/schema\/person\/45606f348637df637192dc1b68399a63"},"headline":"Stellungnahme der Gr\u00fcnen zum G\u00f6ttinger \u00dcberwachungsskandal","datePublished":"2021-01-11T04:10:00+00:00","mainEntityOfPage":{"@id":"https:\/\/radioleinewelle.de\/index.php\/2021\/01\/11\/nach-ueberwachungsskandal-goettinger-polizei-sperrt-sich-gegen-aufarbeitung-und-verliert-dennoch-vor-gericht\/"},"wordCount":345,"publisher":{"@id":"https:\/\/radioleinewelle.de\/#organization"},"image":{"@id":"https:\/\/radioleinewelle.de\/index.php\/2021\/01\/11\/nach-ueberwachungsskandal-goettinger-polizei-sperrt-sich-gegen-aufarbeitung-und-verliert-dennoch-vor-gericht\/#primaryimage"},"thumbnailUrl":"https:\/\/radioleinewelle.de\/wp-content\/uploads\/2021\/01\/csm_Gruenes_Zentrum-2016-_90_4e36713332.jpg","articleSection":["Lokalpolitik"],"inLanguage":"de"},{"@type":"WebPage","@id":"https:\/\/radioleinewelle.de\/index.php\/2021\/01\/11\/nach-ueberwachungsskandal-goettinger-polizei-sperrt-sich-gegen-aufarbeitung-und-verliert-dennoch-vor-gericht\/","url":"https:\/\/radioleinewelle.de\/index.php\/2021\/01\/11\/nach-ueberwachungsskandal-goettinger-polizei-sperrt-sich-gegen-aufarbeitung-und-verliert-dennoch-vor-gericht\/","name":"Stellungnahme der Gr\u00fcnen zum G\u00f6ttinger \u00dcberwachungsskandal - Radio Leinewelle","isPartOf":{"@id":"https:\/\/radioleinewelle.de\/#website"},"primaryImageOfPage":{"@id":"https:\/\/radioleinewelle.de\/index.php\/2021\/01\/11\/nach-ueberwachungsskandal-goettinger-polizei-sperrt-sich-gegen-aufarbeitung-und-verliert-dennoch-vor-gericht\/#primaryimage"},"image":{"@id":"https:\/\/radioleinewelle.de\/index.php\/2021\/01\/11\/nach-ueberwachungsskandal-goettinger-polizei-sperrt-sich-gegen-aufarbeitung-und-verliert-dennoch-vor-gericht\/#primaryimage"},"thumbnailUrl":"https:\/\/radioleinewelle.de\/wp-content\/uploads\/2021\/01\/csm_Gruenes_Zentrum-2016-_90_4e36713332.jpg","datePublished":"2021-01-11T04:10:00+00:00","breadcrumb":{"@id":"https:\/\/radioleinewelle.de\/index.php\/2021\/01\/11\/nach-ueberwachungsskandal-goettinger-polizei-sperrt-sich-gegen-aufarbeitung-und-verliert-dennoch-vor-gericht\/#breadcrumb"},"inLanguage":"de","potentialAction":[{"@type":"ReadAction","target":["https:\/\/radioleinewelle.de\/index.php\/2021\/01\/11\/nach-ueberwachungsskandal-goettinger-polizei-sperrt-sich-gegen-aufarbeitung-und-verliert-dennoch-vor-gericht\/"]}]},{"@type":"ImageObject","inLanguage":"de","@id":"https:\/\/radioleinewelle.de\/index.php\/2021\/01\/11\/nach-ueberwachungsskandal-goettinger-polizei-sperrt-sich-gegen-aufarbeitung-und-verliert-dennoch-vor-gericht\/#primaryimage","url":"https:\/\/radioleinewelle.de\/wp-content\/uploads\/2021\/01\/csm_Gruenes_Zentrum-2016-_90_4e36713332.jpg","contentUrl":"https:\/\/radioleinewelle.de\/wp-content\/uploads\/2021\/01\/csm_Gruenes_Zentrum-2016-_90_4e36713332.jpg","width":800,"height":534},{"@type":"BreadcrumbList","@id":"https:\/\/radioleinewelle.de\/index.php\/2021\/01\/11\/nach-ueberwachungsskandal-goettinger-polizei-sperrt-sich-gegen-aufarbeitung-und-verliert-dennoch-vor-gericht\/#breadcrumb","itemListElement":[{"@type":"ListItem","position":1,"name":"Startseite","item":"https:\/\/radioleinewelle.de\/"},{"@type":"ListItem","position":2,"name":"Stellungnahme der Gr\u00fcnen zum G\u00f6ttinger \u00dcberwachungsskandal"}]},{"@type":"WebSite","@id":"https:\/\/radioleinewelle.de\/#website","url":"https:\/\/radioleinewelle.de\/","name":"Radio Leinewelle","description":"","publisher":{"@id":"https:\/\/radioleinewelle.de\/#organization"},"potentialAction":[{"@type":"SearchAction","target":{"@type":"EntryPoint","urlTemplate":"https:\/\/radioleinewelle.de\/?s={search_term_string}"},"query-input":{"@type":"PropertyValueSpecification","valueRequired":true,"valueName":"search_term_string"}}],"inLanguage":"de"},{"@type":"Organization","@id":"https:\/\/radioleinewelle.de\/#organization","name":"Radio Leinewelle","alternateName":"Mein Radio f\u00fcr S\u00fcdniedersachsen","url":"https:\/\/radioleinewelle.de\/","logo":{"@type":"ImageObject","inLanguage":"de","@id":"https:\/\/radioleinewelle.de\/#\/schema\/logo\/image\/","url":"https:\/\/radioleinewelle.de\/wp-content\/uploads\/2023\/11\/cropped-Leinewelle_Logo_weiss.png","contentUrl":"https:\/\/radioleinewelle.de\/wp-content\/uploads\/2023\/11\/cropped-Leinewelle_Logo_weiss.png","width":854,"height":260,"caption":"Radio Leinewelle"},"image":{"@id":"https:\/\/radioleinewelle.de\/#\/schema\/logo\/image\/"},"sameAs":["https:\/\/www.facebook.com\/radioleinewelle","https:\/\/x.com\/RLeinewelle","https:\/\/www.instagram.com\/radioleinewelle\/?hl=de"]},{"@type":"Person","@id":"https:\/\/radioleinewelle.de\/#\/schema\/person\/45606f348637df637192dc1b68399a63","name":"Leinewelle","image":{"@type":"ImageObject","inLanguage":"de","@id":"https:\/\/secure.gravatar.com\/avatar\/05c9a17bc973052ee5d91549bd32fb4dd0dc85b7b85ae94b2e2b4943476bbea5?s=96&d=blank&r=g","url":"https:\/\/secure.gravatar.com\/avatar\/05c9a17bc973052ee5d91549bd32fb4dd0dc85b7b85ae94b2e2b4943476bbea5?s=96&d=blank&r=g","contentUrl":"https:\/\/secure.gravatar.com\/avatar\/05c9a17bc973052ee5d91549bd32fb4dd0dc85b7b85ae94b2e2b4943476bbea5?s=96&d=blank&r=g","caption":"Leinewelle"},"sameAs":["http:\/\/localhost\/radio%20leinewelle\/wordpress","https:\/\/www.facebook.com\/radioleinewelle","https:\/\/www.instagram.com\/radioleinewelle","https:\/\/x.com\/https:\/\/twitter.com\/RLeinewelle?ref_src=twsrcgoogletwcampserptwgrauthor","https:\/\/soundcloud.com\/foerderverein-lokalradio?utm_source=clipboard&utm_medium=text&utm_campaign=social_sharing"],"url":"https:\/\/radioleinewelle.de\/index.php\/author\/leinewelle\/"}]}},"_links":{"self":[{"href":"https:\/\/radioleinewelle.de\/index.php\/wp-json\/wp\/v2\/posts\/4047","targetHints":{"allow":["GET"]}}],"collection":[{"href":"https:\/\/radioleinewelle.de\/index.php\/wp-json\/wp\/v2\/posts"}],"about":[{"href":"https:\/\/radioleinewelle.de\/index.php\/wp-json\/wp\/v2\/types\/post"}],"author":[{"embeddable":true,"href":"https:\/\/radioleinewelle.de\/index.php\/wp-json\/wp\/v2\/users\/1"}],"replies":[{"embeddable":true,"href":"https:\/\/radioleinewelle.de\/index.php\/wp-json\/wp\/v2\/comments?post=4047"}],"version-history":[{"count":0,"href":"https:\/\/radioleinewelle.de\/index.php\/wp-json\/wp\/v2\/posts\/4047\/revisions"}],"wp:featuredmedia":[{"embeddable":true,"href":"https:\/\/radioleinewelle.de\/index.php\/wp-json\/wp\/v2\/media\/4050"}],"wp:attachment":[{"href":"https:\/\/radioleinewelle.de\/index.php\/wp-json\/wp\/v2\/media?parent=4047"}],"wp:term":[{"taxonomy":"category","embeddable":true,"href":"https:\/\/radioleinewelle.de\/index.php\/wp-json\/wp\/v2\/categories?post=4047"},{"taxonomy":"post_tag","embeddable":true,"href":"https:\/\/radioleinewelle.de\/index.php\/wp-json\/wp\/v2\/tags?post=4047"}],"curies":[{"name":"wp","href":"https:\/\/api.w.org\/{rel}","templated":true}]}}