{"id":4053,"date":"2021-01-11T05:06:00","date_gmt":"2021-01-11T04:06:00","guid":{"rendered":"https:\/\/radioleinewelle.de\/?p=4053"},"modified":"2021-01-11T05:06:00","modified_gmt":"2021-01-11T04:06:00","slug":"erfolgreicher-start-der-personalimpfungen-an-der-umg","status":"publish","type":"post","link":"https:\/\/radioleinewelle.de\/index.php\/2021\/01\/11\/erfolgreicher-start-der-personalimpfungen-an-der-umg\/","title":{"rendered":"Erfolgreicher Start der Personalimpfungen an der UMG"},"content":{"rendered":"\n<p>umg) Angelika Schneegans, Pflegekraft auf der Intensivstation 0119 an der Universit\u00e4tsmedizin G\u00f6ttingen (UMG), war die erste Mitarbeiterin der UMG, die mit dem Impfstoff Biontec\/Pfizer gegen den Coronavirus SARS-CoV-2 geimpft wurde. Um 8:51 Uhr setzte Dieter M\u00fcller, Arzt im Betriebs\u00e4rztlichen Dienst der UMG, der 60-j\u00e4hrigen die Spritze mit der Impfdosis. \u201eF\u00fcr mich ist es \u00fcberhaupt keine Frage, dass ich mich impfen lasse\u201c, sagte Angelika Schneegans, die seit 38 Jahren an der UMG und seit dem Jahr 2009 auf der Station 0119 arbeitet. \u201eIch arbeite auf der Intensivstation und sehe t\u00e4glich das Leid der COVID-19-Patient*innen, die mit schweren Krankheitsverl\u00e4ufen bei uns liegen. Die Impfung ist f\u00fcr mich ein selbstverst\u00e4ndlicher und ganz wichtiger Schritt im Kampf gegen das Coronavirus. Und zum Schutz f\u00fcr uns, die wir jeden Tag mit den Auswirkungen der Infektionen zu tun haben.\u201c In der ersten halben Stunde nach der Impfung sp\u00fcrte Angelika Schneegans auch keinerlei Nebenwirkungen.<\/p>\n\n\n\n<p>Prof. Dr. Wolfgang Br\u00fcck, Sprecher des Vorstandes der UMG, sagte: \u201eDass wir heute an der UMG mit der Impfung unserer Mitarbeiterinnen und Mitarbeiter starten k\u00f6nnen, ist ein ganz wichtiger Schritt. Jetzt k\u00f6nnen wir in den kommenden Wochen Entscheidendes zum Schutz unserer Mitarbeitenden tun. Wir rufen unsere Besch\u00e4ftigten dazu auf, die angebotene Impfung wahrzunehmen, und rechnen mit einer gro\u00dfen Impfbereitschaft an der UMG. Sie sch\u00fctzt und kann Leben retten.\u201c Br\u00fcck weiter: \u201eWir danken auch der Stadt G\u00f6ttingen f\u00fcr die gute Zusammenarbeit in den letzten Tagen . So konnten wir gemeinsam unter Hochdruck den Aufbau eines Impfzentrums f\u00fcr unsere Besch\u00e4ftigten m\u00f6glich machen.\u201c<\/p>\n\n\n\n<p>Petra Broistedt, Sozialdezernentin der Stadt G\u00f6ttingen und Leiterin des Krisenstabes der Stadt, sagte: \u201eEs ist gut und \u00e4u\u00dferst wichtig, dass jetzt auch an der UMG, dem Klinikum mit der zentralen Versorgung der schwersten COVID-19-Erkrankungen in der Region, die Menschen geimpft werden. Sie m\u00fcssen tagt\u00e4glich den Kampf mit den schlimmen Auswirkungen des Coronavirus f\u00fchren. Mit der UMG zusammen konnten wir jetzt eine unkomplizierte und pragmatische L\u00f6sung f\u00fcr ein rasches Impfen im Sinne der Menschen in der Stadt und der Region finden.&#8220;<\/p>\n\n\n\n<p>F\u00fcr den Ablauf der Impfungen und der Priorisierung hat die UMG eine klares Stufenkonzept festgelegt. Dabei wird zun\u00e4chst den Mitarbeiter*innen mit der h\u00f6chsten Priorit\u00e4t die Impfung angeboten, die unmittelbar auf den Intensivstationen mit COVID-19-Patient*innen, in der Notaufnahme und auf den Normal- bzw. Intermediate Care Stationen arbeiten.<\/p>\n\n\n\n<p>Die UMG baut ein eigenes Impfzentrum im Zentralgeb\u00e4ude des Universit\u00e4tsklinikums auf, das Mitte der kommenden Woche seine Arbeit in vollem Umfang aufnehmen wird. Dann wird auch t\u00e4glich eine gr\u00f6\u00dfere Zahl von UMG-Mitarbeitenden geimpft werden.<\/p>\n\n\n\n<h5 class=\"wp-block-heading\"><strong>VIDEOS&nbsp;<\/strong><\/h5>\n\n\n\n<p>\u00dcber ihre A<strong>rbeit auf der Intensivstation 0119 f\u00fcr COVID-19 Patienten<\/strong>&nbsp;berichtet das medizinische Personal in einem eindrucksvollen Video auf youtube unter:&nbsp;<a href=\"https:\/\/www.youtube.com\/watch?v=Ohl4oeWSdBs&amp;feature=emb_logo\" target=\"_blank\" rel=\"noreferrer noopener\">https:\/\/www.youtube.com\/watch?v=Ohl4oeWSdBs&amp;feature=emb_logo<\/a><\/p>\n\n\n\n<p>Ein&nbsp;<strong>Video \u00fcber die Anlieferung des Impfstoffes an die UMG<\/strong>&nbsp;vom 6. Januar 2021 finden Sie auf youtube unter:&nbsp;<a rel=\"noreferrer noopener\" href=\"https:\/\/www.youtube.com\/watch?v=J_BPwWilB6k&amp;feature=youtu.be\" target=\"_blank\">https:\/\/www.youtube.com\/watch?v=J_BPwWilB6k&amp;feature=youtu.be<\/a><\/p>\n\n\n\n<p>&#8212;&#8212;&#8212;&#8212;&#8212;&#8212;&#8212;&#8212;&#8212;&#8212;&#8212;&#8212;&#8212;&#8212;&#8212;&#8212;&#8212;&#8212;&#8212;&#8212;&#8212;&#8212;&#8212;&#8212;&#8212;&#8212;&#8212;&#8212;&#8212;&#8212;&#8212;&#8212;&#8212;&#8212;&#8212;&#8212;&#8212;&#8212;&#8211;<\/p>\n\n\n\n<p>Foto: Erste Impfung an einer UMG-Mitarbeiterin: Angelika Schneegans, Pflegekraft auf der Intensivstation 0119 der UMG erhielt die Impfdosis von Dieter M\u00fcller (r.), Arzt im Betriebs\u00e4rztlichen Dienst der UMG. Prof. Dr. Wolfgang Br\u00fcck, Sprecher des Vorstandes der UMG (l.), begleitete die ersten Impfungen an UMG-Mitarbeiter*innen. Foto: umg\/spf\u00f6rtner<\/p>\n","protected":false},"excerpt":{"rendered":"<p>umg) Angelika Schneegans, Pflegekraft auf der Intensivstation 0119 an der Universit\u00e4tsmedizin G\u00f6ttingen (UMG), war die erste Mitarbeiterin der UMG, die mit dem Impfstoff Biontec\/Pfizer gegen den Coronavirus SARS-CoV-2 geimpft wurde. Um 8:51 Uhr setzte Dieter M\u00fcller, Arzt im Betriebs\u00e4rztlichen Dienst der UMG, der 60-j\u00e4hrigen die Spritze mit der Impfdosis. \u201eF\u00fcr mich ist es \u00fcberhaupt keine [&hellip;]<\/p>\n","protected":false},"author":1,"featured_media":0,"comment_status":"closed","ping_status":"closed","sticky":false,"template":"","format":"standard","meta":{"saved_in_kubio":false,"footnotes":""},"categories":[23],"tags":[],"class_list":["post-4053","post","type-post","status-publish","format-standard","hentry","category-corona"],"yoast_head":"<!-- This site is optimized with the Yoast SEO plugin v27.5 - https:\/\/yoast.com\/product\/yoast-seo-wordpress\/ -->\n<title>Erfolgreicher Start der Personalimpfungen an der UMG - Radio Leinewelle<\/title>\n<meta name=\"robots\" content=\"index, follow, max-snippet:-1, max-image-preview:large, max-video-preview:-1\" \/>\n<link rel=\"canonical\" href=\"https:\/\/radioleinewelle.de\/index.php\/2021\/01\/11\/erfolgreicher-start-der-personalimpfungen-an-der-umg\/\" \/>\n<meta property=\"og:locale\" content=\"de_DE\" \/>\n<meta property=\"og:type\" content=\"article\" \/>\n<meta property=\"og:title\" content=\"Erfolgreicher Start der Personalimpfungen an der UMG - Radio Leinewelle\" \/>\n<meta property=\"og:description\" content=\"umg) Angelika Schneegans, Pflegekraft auf der Intensivstation 0119 an der Universit\u00e4tsmedizin G\u00f6ttingen (UMG), war die erste Mitarbeiterin der UMG, die mit dem Impfstoff Biontec\/Pfizer gegen den Coronavirus SARS-CoV-2 geimpft wurde. Um 8:51 Uhr setzte Dieter M\u00fcller, Arzt im Betriebs\u00e4rztlichen Dienst der UMG, der 60-j\u00e4hrigen die Spritze mit der Impfdosis. \u201eF\u00fcr mich ist es \u00fcberhaupt keine [&hellip;]\" \/>\n<meta property=\"og:url\" content=\"https:\/\/radioleinewelle.de\/index.php\/2021\/01\/11\/erfolgreicher-start-der-personalimpfungen-an-der-umg\/\" \/>\n<meta property=\"og:site_name\" content=\"Radio Leinewelle\" \/>\n<meta property=\"article:publisher\" content=\"https:\/\/www.facebook.com\/radioleinewelle\" \/>\n<meta property=\"article:author\" content=\"https:\/\/www.facebook.com\/radioleinewelle\" \/>\n<meta property=\"article:published_time\" content=\"2021-01-11T04:06:00+00:00\" \/>\n<meta name=\"author\" content=\"Leinewelle\" \/>\n<meta name=\"twitter:card\" content=\"summary_large_image\" \/>\n<meta name=\"twitter:creator\" content=\"@https:\/\/twitter.com\/RLeinewelle?ref_src=twsrcgoogletwcampserptwgrauthor\" \/>\n<meta name=\"twitter:site\" content=\"@RLeinewelle\" \/>\n<meta name=\"twitter:label1\" content=\"Verfasst von\" \/>\n\t<meta name=\"twitter:data1\" content=\"Leinewelle\" \/>\n\t<meta name=\"twitter:label2\" content=\"Gesch\u00e4tzte Lesezeit\" \/>\n\t<meta name=\"twitter:data2\" content=\"3\u00a0Minuten\" \/>\n<script type=\"application\/ld+json\" class=\"yoast-schema-graph\">{\"@context\":\"https:\\\/\\\/schema.org\",\"@graph\":[{\"@type\":\"Article\",\"@id\":\"https:\\\/\\\/radioleinewelle.de\\\/index.php\\\/2021\\\/01\\\/11\\\/erfolgreicher-start-der-personalimpfungen-an-der-umg\\\/#article\",\"isPartOf\":{\"@id\":\"https:\\\/\\\/radioleinewelle.de\\\/index.php\\\/2021\\\/01\\\/11\\\/erfolgreicher-start-der-personalimpfungen-an-der-umg\\\/\"},\"author\":{\"name\":\"Leinewelle\",\"@id\":\"https:\\\/\\\/radioleinewelle.de\\\/#\\\/schema\\\/person\\\/45606f348637df637192dc1b68399a63\"},\"headline\":\"Erfolgreicher Start der Personalimpfungen an der UMG\",\"datePublished\":\"2021-01-11T04:06:00+00:00\",\"mainEntityOfPage\":{\"@id\":\"https:\\\/\\\/radioleinewelle.de\\\/index.php\\\/2021\\\/01\\\/11\\\/erfolgreicher-start-der-personalimpfungen-an-der-umg\\\/\"},\"wordCount\":576,\"publisher\":{\"@id\":\"https:\\\/\\\/radioleinewelle.de\\\/#organization\"},\"articleSection\":[\"Corona\"],\"inLanguage\":\"de\"},{\"@type\":\"WebPage\",\"@id\":\"https:\\\/\\\/radioleinewelle.de\\\/index.php\\\/2021\\\/01\\\/11\\\/erfolgreicher-start-der-personalimpfungen-an-der-umg\\\/\",\"url\":\"https:\\\/\\\/radioleinewelle.de\\\/index.php\\\/2021\\\/01\\\/11\\\/erfolgreicher-start-der-personalimpfungen-an-der-umg\\\/\",\"name\":\"Erfolgreicher Start der Personalimpfungen an der UMG - Radio Leinewelle\",\"isPartOf\":{\"@id\":\"https:\\\/\\\/radioleinewelle.de\\\/#website\"},\"datePublished\":\"2021-01-11T04:06:00+00:00\",\"breadcrumb\":{\"@id\":\"https:\\\/\\\/radioleinewelle.de\\\/index.php\\\/2021\\\/01\\\/11\\\/erfolgreicher-start-der-personalimpfungen-an-der-umg\\\/#breadcrumb\"},\"inLanguage\":\"de\",\"potentialAction\":[{\"@type\":\"ReadAction\",\"target\":[\"https:\\\/\\\/radioleinewelle.de\\\/index.php\\\/2021\\\/01\\\/11\\\/erfolgreicher-start-der-personalimpfungen-an-der-umg\\\/\"]}]},{\"@type\":\"BreadcrumbList\",\"@id\":\"https:\\\/\\\/radioleinewelle.de\\\/index.php\\\/2021\\\/01\\\/11\\\/erfolgreicher-start-der-personalimpfungen-an-der-umg\\\/#breadcrumb\",\"itemListElement\":[{\"@type\":\"ListItem\",\"position\":1,\"name\":\"Startseite\",\"item\":\"https:\\\/\\\/radioleinewelle.de\\\/\"},{\"@type\":\"ListItem\",\"position\":2,\"name\":\"Erfolgreicher Start der Personalimpfungen an der UMG\"}]},{\"@type\":\"WebSite\",\"@id\":\"https:\\\/\\\/radioleinewelle.de\\\/#website\",\"url\":\"https:\\\/\\\/radioleinewelle.de\\\/\",\"name\":\"Radio Leinewelle\",\"description\":\"\",\"publisher\":{\"@id\":\"https:\\\/\\\/radioleinewelle.de\\\/#organization\"},\"potentialAction\":[{\"@type\":\"SearchAction\",\"target\":{\"@type\":\"EntryPoint\",\"urlTemplate\":\"https:\\\/\\\/radioleinewelle.de\\\/?s={search_term_string}\"},\"query-input\":{\"@type\":\"PropertyValueSpecification\",\"valueRequired\":true,\"valueName\":\"search_term_string\"}}],\"inLanguage\":\"de\"},{\"@type\":\"Organization\",\"@id\":\"https:\\\/\\\/radioleinewelle.de\\\/#organization\",\"name\":\"Radio Leinewelle\",\"alternateName\":\"Mein Radio f\u00fcr S\u00fcdniedersachsen\",\"url\":\"https:\\\/\\\/radioleinewelle.de\\\/\",\"logo\":{\"@type\":\"ImageObject\",\"inLanguage\":\"de\",\"@id\":\"https:\\\/\\\/radioleinewelle.de\\\/#\\\/schema\\\/logo\\\/image\\\/\",\"url\":\"https:\\\/\\\/radioleinewelle.de\\\/wp-content\\\/uploads\\\/2023\\\/11\\\/cropped-Leinewelle_Logo_weiss.png\",\"contentUrl\":\"https:\\\/\\\/radioleinewelle.de\\\/wp-content\\\/uploads\\\/2023\\\/11\\\/cropped-Leinewelle_Logo_weiss.png\",\"width\":854,\"height\":260,\"caption\":\"Radio Leinewelle\"},\"image\":{\"@id\":\"https:\\\/\\\/radioleinewelle.de\\\/#\\\/schema\\\/logo\\\/image\\\/\"},\"sameAs\":[\"https:\\\/\\\/www.facebook.com\\\/radioleinewelle\",\"https:\\\/\\\/x.com\\\/RLeinewelle\",\"https:\\\/\\\/www.instagram.com\\\/radioleinewelle\\\/?hl=de\"]},{\"@type\":\"Person\",\"@id\":\"https:\\\/\\\/radioleinewelle.de\\\/#\\\/schema\\\/person\\\/45606f348637df637192dc1b68399a63\",\"name\":\"Leinewelle\",\"image\":{\"@type\":\"ImageObject\",\"inLanguage\":\"de\",\"@id\":\"https:\\\/\\\/secure.gravatar.com\\\/avatar\\\/05c9a17bc973052ee5d91549bd32fb4dd0dc85b7b85ae94b2e2b4943476bbea5?s=96&d=blank&r=g\",\"url\":\"https:\\\/\\\/secure.gravatar.com\\\/avatar\\\/05c9a17bc973052ee5d91549bd32fb4dd0dc85b7b85ae94b2e2b4943476bbea5?s=96&d=blank&r=g\",\"contentUrl\":\"https:\\\/\\\/secure.gravatar.com\\\/avatar\\\/05c9a17bc973052ee5d91549bd32fb4dd0dc85b7b85ae94b2e2b4943476bbea5?s=96&d=blank&r=g\",\"caption\":\"Leinewelle\"},\"sameAs\":[\"http:\\\/\\\/localhost\\\/radio%20leinewelle\\\/wordpress\",\"https:\\\/\\\/www.facebook.com\\\/radioleinewelle\",\"https:\\\/\\\/www.instagram.com\\\/radioleinewelle\",\"https:\\\/\\\/x.com\\\/https:\\\/\\\/twitter.com\\\/RLeinewelle?ref_src=twsrcgoogletwcampserptwgrauthor\",\"https:\\\/\\\/soundcloud.com\\\/foerderverein-lokalradio?utm_source=clipboard&utm_medium=text&utm_campaign=social_sharing\"],\"url\":\"https:\\\/\\\/radioleinewelle.de\\\/index.php\\\/author\\\/leinewelle\\\/\"}]}<\/script>\n<!-- \/ Yoast SEO plugin. -->","yoast_head_json":{"title":"Erfolgreicher Start der Personalimpfungen an der UMG - Radio Leinewelle","robots":{"index":"index","follow":"follow","max-snippet":"max-snippet:-1","max-image-preview":"max-image-preview:large","max-video-preview":"max-video-preview:-1"},"canonical":"https:\/\/radioleinewelle.de\/index.php\/2021\/01\/11\/erfolgreicher-start-der-personalimpfungen-an-der-umg\/","og_locale":"de_DE","og_type":"article","og_title":"Erfolgreicher Start der Personalimpfungen an der UMG - Radio Leinewelle","og_description":"umg) Angelika Schneegans, Pflegekraft auf der Intensivstation 0119 an der Universit\u00e4tsmedizin G\u00f6ttingen (UMG), war die erste Mitarbeiterin der UMG, die mit dem Impfstoff Biontec\/Pfizer gegen den Coronavirus SARS-CoV-2 geimpft wurde. Um 8:51 Uhr setzte Dieter M\u00fcller, Arzt im Betriebs\u00e4rztlichen Dienst der UMG, der 60-j\u00e4hrigen die Spritze mit der Impfdosis. \u201eF\u00fcr mich ist es \u00fcberhaupt keine [&hellip;]","og_url":"https:\/\/radioleinewelle.de\/index.php\/2021\/01\/11\/erfolgreicher-start-der-personalimpfungen-an-der-umg\/","og_site_name":"Radio Leinewelle","article_publisher":"https:\/\/www.facebook.com\/radioleinewelle","article_author":"https:\/\/www.facebook.com\/radioleinewelle","article_published_time":"2021-01-11T04:06:00+00:00","author":"Leinewelle","twitter_card":"summary_large_image","twitter_creator":"@https:\/\/twitter.com\/RLeinewelle?ref_src=twsrcgoogletwcampserptwgrauthor","twitter_site":"@RLeinewelle","twitter_misc":{"Verfasst von":"Leinewelle","Gesch\u00e4tzte Lesezeit":"3\u00a0Minuten"},"schema":{"@context":"https:\/\/schema.org","@graph":[{"@type":"Article","@id":"https:\/\/radioleinewelle.de\/index.php\/2021\/01\/11\/erfolgreicher-start-der-personalimpfungen-an-der-umg\/#article","isPartOf":{"@id":"https:\/\/radioleinewelle.de\/index.php\/2021\/01\/11\/erfolgreicher-start-der-personalimpfungen-an-der-umg\/"},"author":{"name":"Leinewelle","@id":"https:\/\/radioleinewelle.de\/#\/schema\/person\/45606f348637df637192dc1b68399a63"},"headline":"Erfolgreicher Start der Personalimpfungen an der UMG","datePublished":"2021-01-11T04:06:00+00:00","mainEntityOfPage":{"@id":"https:\/\/radioleinewelle.de\/index.php\/2021\/01\/11\/erfolgreicher-start-der-personalimpfungen-an-der-umg\/"},"wordCount":576,"publisher":{"@id":"https:\/\/radioleinewelle.de\/#organization"},"articleSection":["Corona"],"inLanguage":"de"},{"@type":"WebPage","@id":"https:\/\/radioleinewelle.de\/index.php\/2021\/01\/11\/erfolgreicher-start-der-personalimpfungen-an-der-umg\/","url":"https:\/\/radioleinewelle.de\/index.php\/2021\/01\/11\/erfolgreicher-start-der-personalimpfungen-an-der-umg\/","name":"Erfolgreicher Start der Personalimpfungen an der UMG - Radio Leinewelle","isPartOf":{"@id":"https:\/\/radioleinewelle.de\/#website"},"datePublished":"2021-01-11T04:06:00+00:00","breadcrumb":{"@id":"https:\/\/radioleinewelle.de\/index.php\/2021\/01\/11\/erfolgreicher-start-der-personalimpfungen-an-der-umg\/#breadcrumb"},"inLanguage":"de","potentialAction":[{"@type":"ReadAction","target":["https:\/\/radioleinewelle.de\/index.php\/2021\/01\/11\/erfolgreicher-start-der-personalimpfungen-an-der-umg\/"]}]},{"@type":"BreadcrumbList","@id":"https:\/\/radioleinewelle.de\/index.php\/2021\/01\/11\/erfolgreicher-start-der-personalimpfungen-an-der-umg\/#breadcrumb","itemListElement":[{"@type":"ListItem","position":1,"name":"Startseite","item":"https:\/\/radioleinewelle.de\/"},{"@type":"ListItem","position":2,"name":"Erfolgreicher Start der Personalimpfungen an der UMG"}]},{"@type":"WebSite","@id":"https:\/\/radioleinewelle.de\/#website","url":"https:\/\/radioleinewelle.de\/","name":"Radio Leinewelle","description":"","publisher":{"@id":"https:\/\/radioleinewelle.de\/#organization"},"potentialAction":[{"@type":"SearchAction","target":{"@type":"EntryPoint","urlTemplate":"https:\/\/radioleinewelle.de\/?s={search_term_string}"},"query-input":{"@type":"PropertyValueSpecification","valueRequired":true,"valueName":"search_term_string"}}],"inLanguage":"de"},{"@type":"Organization","@id":"https:\/\/radioleinewelle.de\/#organization","name":"Radio Leinewelle","alternateName":"Mein Radio f\u00fcr S\u00fcdniedersachsen","url":"https:\/\/radioleinewelle.de\/","logo":{"@type":"ImageObject","inLanguage":"de","@id":"https:\/\/radioleinewelle.de\/#\/schema\/logo\/image\/","url":"https:\/\/radioleinewelle.de\/wp-content\/uploads\/2023\/11\/cropped-Leinewelle_Logo_weiss.png","contentUrl":"https:\/\/radioleinewelle.de\/wp-content\/uploads\/2023\/11\/cropped-Leinewelle_Logo_weiss.png","width":854,"height":260,"caption":"Radio Leinewelle"},"image":{"@id":"https:\/\/radioleinewelle.de\/#\/schema\/logo\/image\/"},"sameAs":["https:\/\/www.facebook.com\/radioleinewelle","https:\/\/x.com\/RLeinewelle","https:\/\/www.instagram.com\/radioleinewelle\/?hl=de"]},{"@type":"Person","@id":"https:\/\/radioleinewelle.de\/#\/schema\/person\/45606f348637df637192dc1b68399a63","name":"Leinewelle","image":{"@type":"ImageObject","inLanguage":"de","@id":"https:\/\/secure.gravatar.com\/avatar\/05c9a17bc973052ee5d91549bd32fb4dd0dc85b7b85ae94b2e2b4943476bbea5?s=96&d=blank&r=g","url":"https:\/\/secure.gravatar.com\/avatar\/05c9a17bc973052ee5d91549bd32fb4dd0dc85b7b85ae94b2e2b4943476bbea5?s=96&d=blank&r=g","contentUrl":"https:\/\/secure.gravatar.com\/avatar\/05c9a17bc973052ee5d91549bd32fb4dd0dc85b7b85ae94b2e2b4943476bbea5?s=96&d=blank&r=g","caption":"Leinewelle"},"sameAs":["http:\/\/localhost\/radio%20leinewelle\/wordpress","https:\/\/www.facebook.com\/radioleinewelle","https:\/\/www.instagram.com\/radioleinewelle","https:\/\/x.com\/https:\/\/twitter.com\/RLeinewelle?ref_src=twsrcgoogletwcampserptwgrauthor","https:\/\/soundcloud.com\/foerderverein-lokalradio?utm_source=clipboard&utm_medium=text&utm_campaign=social_sharing"],"url":"https:\/\/radioleinewelle.de\/index.php\/author\/leinewelle\/"}]}},"_links":{"self":[{"href":"https:\/\/radioleinewelle.de\/index.php\/wp-json\/wp\/v2\/posts\/4053","targetHints":{"allow":["GET"]}}],"collection":[{"href":"https:\/\/radioleinewelle.de\/index.php\/wp-json\/wp\/v2\/posts"}],"about":[{"href":"https:\/\/radioleinewelle.de\/index.php\/wp-json\/wp\/v2\/types\/post"}],"author":[{"embeddable":true,"href":"https:\/\/radioleinewelle.de\/index.php\/wp-json\/wp\/v2\/users\/1"}],"replies":[{"embeddable":true,"href":"https:\/\/radioleinewelle.de\/index.php\/wp-json\/wp\/v2\/comments?post=4053"}],"version-history":[{"count":0,"href":"https:\/\/radioleinewelle.de\/index.php\/wp-json\/wp\/v2\/posts\/4053\/revisions"}],"wp:attachment":[{"href":"https:\/\/radioleinewelle.de\/index.php\/wp-json\/wp\/v2\/media?parent=4053"}],"wp:term":[{"taxonomy":"category","embeddable":true,"href":"https:\/\/radioleinewelle.de\/index.php\/wp-json\/wp\/v2\/categories?post=4053"},{"taxonomy":"post_tag","embeddable":true,"href":"https:\/\/radioleinewelle.de\/index.php\/wp-json\/wp\/v2\/tags?post=4053"}],"curies":[{"name":"wp","href":"https:\/\/api.w.org\/{rel}","templated":true}]}}